{"id":461927,"date":"2026-06-06T08:26:25","date_gmt":"2026-06-06T11:26:25","guid":{"rendered":"https:\/\/mrnews.com.br\/index.php\/2026\/06\/06\/liderado-por-holanda-grupo-f-pode-entrar-na-rota-do-brasil-na-2a-fase\/"},"modified":"2026-06-06T08:26:25","modified_gmt":"2026-06-06T11:26:25","slug":"liderado-por-holanda-grupo-f-pode-entrar-na-rota-do-brasil-na-2a-fase","status":"publish","type":"post","link":"https:\/\/mrnews.com.br\/index.php\/2026\/06\/06\/liderado-por-holanda-grupo-f-pode-entrar-na-rota-do-brasil-na-2a-fase\/","title":{"rendered":"Liderado por Holanda, Grupo F pode entrar na rota do Brasil na 2\u00aa fase"},"content":{"rendered":"<p>Por EBC, <\/p>\n<div>\n<p>O Grupo F est\u00e1 no radar da sele\u00e7\u00e3o brasileira na Copa do Mundo do Canad\u00e1, M\u00e9xico e Estados Unidos.\u00a0Pelo chaveamento da competi\u00e7\u00e3o, caso a Amarelinha se classifique \u00e0 segunda fase (mata-mata antes das oitavas de final) em primeiro ou segundo lugares do Grupo C, ter\u00e1 como advers\u00e1rio o primeiro ou segundo colocado\u00a0da chave F, composta por Holanda, Jap\u00e3o, Su\u00e9cia e Tun\u00edsia.<\/p>\n<p>Cabe\u00e7a de chave e sem nenhum t\u00edtulo mundial, a sele\u00e7\u00e3o holandesa re\u00fane os principais nomes das ligas europeias, como o zagueiro Virgil Van Dijk e o atacante Cody Gakpo (ambos do Liverpool), o meio-campista Frenkie de Jong (Barcelona) e o lateral Nathan Ak\u00e9 (Manchester City). A Laranja Mec\u00e2nica tamb\u00e9m ter\u00e1 em campo o atacante do Corinthians Memphis Depay, maior artilheiro holand\u00eas.<\/p>\n<p>Esta ser\u00e1 a 12\u00aa participa\u00e7\u00e3o dos holandeses em Copas do Mundo. Comandada pelo t\u00e9cnico Ronaldo Koeman, ex-zagueiro da Holanda nas Copas de 1990 e 1994, a Laranja Mec\u00e2nica quer ir al\u00e9m do resultado obtido no \u00faltimo Mundial, quando parou nas quartas-de-final ap\u00f3s derrota para a Argentina, que mais tarde conquistaria o t\u00edtulo. Em 2024, a Holanda foi semifinalista da Eurocopa.<\/p>\n<blockquote class=\"instagram-media\" data-instgrm-captioned=\"\" data-instgrm-permalink=\"https:\/\/www.instagram.com\/p\/DZJdOQyAZq2\/?utm_source=ig_embed&amp;utm_campaign=loading\" data-instgrm-version=\"14\" style=\" background:#FFF; border:0; border-radius:3px; box-shadow:0 0 1px 0 rgba(0,0,0,0.5),0 1px 10px 0 rgba(0,0,0,0.15); margin: 1px; max-width:540px; min-width:326px; padding:0; width:99.375%; width:-webkit-calc(100% - 2px); width:calc(100% - 2px);\">\n<\/blockquote>\n<p>O Jap\u00e3o tamb\u00e9m chega com moral \u00e0 competi\u00e7\u00e3o. Em sua oitava Copa consecutiva, os Samurais Azuis\u00a0buscam ultrapassar a fase de oitavas de final. No comando da equipe est\u00e1 o t\u00e9cnico Hajime Moriyasu, que j\u00e1 liderava o time na Copa do Catar (2022). Na ocasi\u00e3o, o Jap\u00e3o derrotou a Alemanha e a Espanha.<\/p>\n<p>Nos amistosos de prepara\u00e7\u00e3o, a sele\u00e7\u00e3o asi\u00e1tica cravou vit\u00f3rias hist\u00f3ricas sobre o Brasil e a Inglaterra. Entre os destaques do time, est\u00e3o o meio-campista Wataru Endo (Liverpool), capit\u00e3o do Jap\u00e3o e o meia-atacante Takefusa Kubo (Real Sociedad). Um dos principais nomes do futebol japon\u00eas, o meia-atacante Kaoru Mitoma (Brighton)\u00a0ficou fora da lista de convocados, pois\u00a0sofreu uma les\u00e3o grave em duelo contra o Wolverhampton em maio, pela Premier League.\u00a0<\/p>\n<p>Conhecida pelo apelido de \u00c1guias de Cartago, a sele\u00e7\u00e3o da Tun\u00edsia se classificou com facilidade nas Eliminat\u00f3rias. Em sua s\u00e9tima participa\u00e7\u00e3o na Copa, a equipe africana quer avan\u00e7ar pela primeira vez na hist\u00f3ria \u00e0 fase mata-mata.\u00a0O time trocou de t\u00e9cnico no in\u00edcio do ano, ap\u00f3s a elimina\u00e7\u00e3o nas oitavas de final da Copa Africana de Na\u00e7\u00f5es. O novo treinador \u00e9 o franc\u00eas Sabri Lamouchi, que assumiu o cargo em mar\u00e7o. O melhor desempenho da Tun\u00edsia em Mundiais foi o nono lugar na edi\u00e7\u00e3o de 1978, disputada na Argentina, em meio \u00e0 ditadura militar.<\/p>\n<blockquote class=\"instagram-media\" data-instgrm-captioned=\"\" data-instgrm-permalink=\"https:\/\/www.instagram.com\/p\/DYX6scpx_l7\/?utm_source=ig_embed&amp;utm_campaign=loading\" data-instgrm-version=\"14\" style=\" background:#FFF; border:0; border-radius:3px; box-shadow:0 0 1px 0 rgba(0,0,0,0.5),0 1px 10px 0 rgba(0,0,0,0.15); margin: 1px; max-width:540px; min-width:326px; padding:0; width:99.375%; width:-webkit-calc(100% - 2px); width:calc(100% - 2px);\">\n<\/blockquote>\n<p>J\u00e1 a Su\u00e9cia selou a vaga no Mundial apenas na repescagem europeia, eliminando Ucr\u00e2nia e Pol\u00f4nia. Ap\u00f3s ficarem de fora da \u00faltima edi\u00e7\u00e3o no Catar, os suecos disputar\u00e3o sua 13\u00aa Copa do Mundo. O setor ofensivo \u00e9 a principal aposta do time comandado pelo t\u00e9cnico brit\u00e2nico Graham Potter. No ataque est\u00e3o nomes de peso como Viktor Gy\u00f6keres (Arsenal), Alesander Isak (Liverpool) e Anthony Elanga (Newcastle). \u00a0<\/p>\n<p>      <!-- Relacionada --><\/p>\n<p>            <!-- Relacionada -->\n    <\/div>\n<p><script async src=\"\/\/www.instagram.com\/embed.js\"><\/script><\/p>\n","protected":false},"excerpt":{"rendered":"<p>Por EBC, O Grupo F est\u00e1 no radar da sele\u00e7\u00e3o brasileira na Copa do Mundo do Canad\u00e1, M\u00e9xico e Estados Unidos.\u00a0Pelo chaveamento da competi\u00e7\u00e3o, caso a Amarelinha se classifique \u00e0 segunda fase (mata-mata antes das oitavas de final) em primeiro ou segundo lugares do Grupo C, ter\u00e1 como advers\u00e1rio o primeiro ou segundo colocado\u00a0da chave &hellip;<\/p>\n","protected":false},"author":1,"featured_media":0,"comment_status":"open","ping_status":"open","sticky":false,"template":"","format":"standard","meta":{"_jetpack_newsletter_access":"","_jetpack_dont_email_post_to_subs":false,"_jetpack_newsletter_tier_id":0,"_jetpack_memberships_contains_paywalled_content":false,"_jetpack_feature_clip_id":0,"_jetpack_memberships_contains_paid_content":false,"footnotes":"","jetpack_post_was_ever_published":false},"categories":[2,12225,4],"tags":[],"class_list":["post-461927","post","type-post","status-publish","format-standard","hentry","category-entretenimento","category-noticias","category-servicos"],"yoast_head":"<!-- This site is optimized with the Yoast SEO plugin v28.4 - https:\/\/yoast.com\/product\/yoast-seo-wordpress\/ -->\n<title>Liderado por Holanda, Grupo F pode entrar na rota do Brasil na 2\u00aa fase<\/title>\n<meta name=\"robots\" content=\"index, follow, max-snippet:-1, max-image-preview:large, max-video-preview:-1\" \/>\n<link rel=\"canonical\" href=\"https:\/\/agenciabrasil.ebc.com.br\/esportes\/noticia\/2026-05\/liderado-por-holanda-grupo-f-pode-entrar-na-rota-do-Brasil-na-2a-fase\" \/>\n<meta property=\"og:locale\" content=\"pt_BR\" \/>\n<meta property=\"og:type\" content=\"article\" \/>\n<meta property=\"og:title\" content=\"Liderado por Holanda, Grupo F pode entrar na rota do Brasil na 2\u00aa fase\" \/>\n<meta property=\"og:description\" content=\"Por EBC, O Grupo F est\u00e1 no radar da sele\u00e7\u00e3o brasileira na Copa do Mundo do Canad\u00e1, M\u00e9xico e Estados Unidos.\u00a0Pelo chaveamento da competi\u00e7\u00e3o, caso a Amarelinha se classifique \u00e0 segunda fase (mata-mata antes das oitavas de final) em primeiro ou segundo lugares do Grupo C, ter\u00e1 como advers\u00e1rio o primeiro ou segundo colocado\u00a0da chave &hellip;\" \/>\n<meta property=\"og:url\" content=\"https:\/\/agenciabrasil.ebc.com.br\/esportes\/noticia\/2026-05\/liderado-por-holanda-grupo-f-pode-entrar-na-rota-do-Brasil-na-2a-fase\" \/>\n<meta property=\"og:site_name\" content=\"MRNews\" \/>\n<meta property=\"article:publisher\" content=\"https:\/\/www.facebook.com\/eaipahpah\/?locale2=pt_BR\" \/>\n<meta property=\"article:published_time\" content=\"2026-06-06T11:26:25+00:00\" \/>\n<meta name=\"author\" content=\"MR News\" \/>\n<meta name=\"twitter:card\" content=\"summary_large_image\" \/>\n<meta name=\"twitter:creator\" content=\"@conspirou\" \/>\n<meta name=\"twitter:site\" content=\"@conspirou\" \/>\n<meta name=\"twitter:label1\" content=\"Escrito por\" \/>\n\t<meta name=\"twitter:data1\" content=\"MR News\" \/>\n\t<meta name=\"twitter:label2\" content=\"Est. tempo de leitura\" \/>\n\t<meta name=\"twitter:data2\" content=\"3 minutos\" \/>\n<script type=\"application\/ld+json\" class=\"yoast-schema-graph\">{\"@context\":\"https:\\\/\\\/schema.org\",\"@graph\":[{\"@type\":\"Article\",\"@id\":\"https:\\\/\\\/agenciabrasil.ebc.com.br\\\/esportes\\\/noticia\\\/2026-05\\\/liderado-por-holanda-grupo-f-pode-entrar-na-rota-do-Brasil-na-2a-fase#article\",\"isPartOf\":{\"@id\":\"https:\\\/\\\/mrnews.com.br\\\/index.php\\\/2026\\\/06\\\/06\\\/liderado-por-holanda-grupo-f-pode-entrar-na-rota-do-brasil-na-2a-fase\\\/\"},\"author\":{\"name\":\"MR News\",\"@id\":\"https:\\\/\\\/mrnews.com.br\\\/#\\\/schema\\\/person\\\/be3203154562a9f207407861cef7827b\"},\"headline\":\"Liderado por Holanda, Grupo F pode entrar na rota do Brasil na 2\u00aa fase\",\"datePublished\":\"2026-06-06T11:26:25+00:00\",\"mainEntityOfPage\":{\"@id\":\"https:\\\/\\\/mrnews.com.br\\\/index.php\\\/2026\\\/06\\\/06\\\/liderado-por-holanda-grupo-f-pode-entrar-na-rota-do-brasil-na-2a-fase\\\/\"},\"wordCount\":530,\"commentCount\":0,\"publisher\":{\"@id\":\"https:\\\/\\\/mrnews.com.br\\\/#organization\"},\"articleSection\":[\"ENTRETENIMENTO\",\"NOTICIAS\",\"SERVI\u00c7OS\"],\"inLanguage\":\"pt-BR\",\"potentialAction\":[{\"@type\":\"CommentAction\",\"name\":\"Comment\",\"target\":[\"https:\\\/\\\/agenciabrasil.ebc.com.br\\\/esportes\\\/noticia\\\/2026-05\\\/liderado-por-holanda-grupo-f-pode-entrar-na-rota-do-Brasil-na-2a-fase#respond\"]}]},{\"@type\":\"WebPage\",\"@id\":\"https:\\\/\\\/mrnews.com.br\\\/index.php\\\/2026\\\/06\\\/06\\\/liderado-por-holanda-grupo-f-pode-entrar-na-rota-do-brasil-na-2a-fase\\\/\",\"url\":\"https:\\\/\\\/agenciabrasil.ebc.com.br\\\/esportes\\\/noticia\\\/2026-05\\\/liderado-por-holanda-grupo-f-pode-entrar-na-rota-do-Brasil-na-2a-fase\",\"name\":\"Liderado por Holanda, Grupo F pode entrar na rota do Brasil na 2\u00aa fase\",\"isPartOf\":{\"@id\":\"https:\\\/\\\/mrnews.com.br\\\/#website\"},\"datePublished\":\"2026-06-06T11:26:25+00:00\",\"breadcrumb\":{\"@id\":\"https:\\\/\\\/agenciabrasil.ebc.com.br\\\/esportes\\\/noticia\\\/2026-05\\\/liderado-por-holanda-grupo-f-pode-entrar-na-rota-do-Brasil-na-2a-fase#breadcrumb\"},\"inLanguage\":\"pt-BR\",\"potentialAction\":[{\"@type\":\"ReadAction\",\"target\":[\"https:\\\/\\\/agenciabrasil.ebc.com.br\\\/esportes\\\/noticia\\\/2026-05\\\/liderado-por-holanda-grupo-f-pode-entrar-na-rota-do-Brasil-na-2a-fase\"]}]},{\"@type\":\"BreadcrumbList\",\"@id\":\"https:\\\/\\\/agenciabrasil.ebc.com.br\\\/esportes\\\/noticia\\\/2026-05\\\/liderado-por-holanda-grupo-f-pode-entrar-na-rota-do-Brasil-na-2a-fase#breadcrumb\",\"itemListElement\":[{\"@type\":\"ListItem\",\"position\":1,\"name\":\"In\u00edcio\",\"item\":\"https:\\\/\\\/mrnews.com.br\\\/\"},{\"@type\":\"ListItem\",\"position\":2,\"name\":\"Liderado por Holanda, Grupo F pode entrar na rota do Brasil na 2\u00aa fase\"}]},{\"@type\":\"WebSite\",\"@id\":\"https:\\\/\\\/mrnews.com.br\\\/#website\",\"url\":\"https:\\\/\\\/mrnews.com.br\\\/\",\"name\":\"MRNews\",\"description\":\"MRNews Jogos de hoje da TV, transmiss\u00f5es ao vivo, Not\u00edcias de futebol, Jogos ao vivo, Lives, resumo de novelas, Programa\u00e7\u00e3o da Globo, A Fazenda e BBB\",\"publisher\":{\"@id\":\"https:\\\/\\\/mrnews.com.br\\\/#organization\"},\"potentialAction\":[{\"@type\":\"SearchAction\",\"target\":{\"@type\":\"EntryPoint\",\"urlTemplate\":\"https:\\\/\\\/mrnews.com.br\\\/?s={search_term_string}\"},\"query-input\":{\"@type\":\"PropertyValueSpecification\",\"valueRequired\":true,\"valueName\":\"search_term_string\"}}],\"inLanguage\":\"pt-BR\"},{\"@type\":\"Organization\",\"@id\":\"https:\\\/\\\/mrnews.com.br\\\/#organization\",\"name\":\"MRNews\",\"url\":\"https:\\\/\\\/mrnews.com.br\\\/\",\"logo\":{\"@type\":\"ImageObject\",\"inLanguage\":\"pt-BR\",\"@id\":\"https:\\\/\\\/mrnews.com.br\\\/#\\\/schema\\\/logo\\\/image\\\/\",\"url\":\"https:\\\/\\\/mrnews.com.br\\\/wp-content\\\/uploads\\\/2026\\\/08\\\/MRNEws.png\",\"contentUrl\":\"https:\\\/\\\/mrnews.com.br\\\/wp-content\\\/uploads\\\/2026\\\/08\\\/MRNEws.png\",\"width\":1254,\"height\":1254,\"caption\":\"MRNews\"},\"image\":{\"@id\":\"https:\\\/\\\/mrnews.com.br\\\/#\\\/schema\\\/logo\\\/image\\\/\"},\"sameAs\":[\"https:\\\/\\\/www.facebook.com\\\/eaipahpah\\\/?locale2=pt_BR\",\"https:\\\/\\\/x.com\\\/conspirou\",\"https:\\\/\\\/www.instagram.com\\\/eai_pahpah\",\"https:\\\/\\\/br.pinterest.com\\\/mrnewsn\\\/boards\\\/\",\"https:\\\/\\\/www.youtube.com\\\/channel\\\/UCacgnpznQ61fifLWr1tQ-vA?view_as=subscriber\"]},{\"@type\":\"Person\",\"@id\":\"https:\\\/\\\/mrnews.com.br\\\/#\\\/schema\\\/person\\\/be3203154562a9f207407861cef7827b\",\"name\":\"MR News\",\"image\":{\"@type\":\"ImageObject\",\"inLanguage\":\"pt-BR\",\"@id\":\"https:\\\/\\\/secure.gravatar.com\\\/avatar\\\/04084e6d73c042b8646e7c17b494073bf0ede3ea13c7105cfc45cbbbc28385a4?s=96&d=monsterid&r=g\",\"url\":\"https:\\\/\\\/secure.gravatar.com\\\/avatar\\\/04084e6d73c042b8646e7c17b494073bf0ede3ea13c7105cfc45cbbbc28385a4?s=96&d=monsterid&r=g\",\"contentUrl\":\"https:\\\/\\\/secure.gravatar.com\\\/avatar\\\/04084e6d73c042b8646e7c17b494073bf0ede3ea13c7105cfc45cbbbc28385a4?s=96&d=monsterid&r=g\",\"caption\":\"MR News\"},\"description\":\"Especializado em jornalismo colaborativo pela FTP em n\u00edvel de p\u00f3s-gradua\u00e7\u00e3o. suporte@oimeliga.combr\",\"sameAs\":[\"HUGO R.\",\"Admin\"],\"url\":\"https:\\\/\\\/mrnews.com.br\\\/index.php\\\/author\\\/admin\\\/\"}]}<\/script>\n<!-- \/ Yoast SEO plugin. -->","yoast_head_json":{"title":"Liderado por Holanda, Grupo F pode entrar na rota do Brasil na 2\u00aa fase","robots":{"index":"index","follow":"follow","max-snippet":"max-snippet:-1","max-image-preview":"max-image-preview:large","max-video-preview":"max-video-preview:-1"},"canonical":"https:\/\/agenciabrasil.ebc.com.br\/esportes\/noticia\/2026-05\/liderado-por-holanda-grupo-f-pode-entrar-na-rota-do-Brasil-na-2a-fase","og_locale":"pt_BR","og_type":"article","og_title":"Liderado por Holanda, Grupo F pode entrar na rota do Brasil na 2\u00aa fase","og_description":"Por EBC, O Grupo F est\u00e1 no radar da sele\u00e7\u00e3o brasileira na Copa do Mundo do Canad\u00e1, M\u00e9xico e Estados Unidos.\u00a0Pelo chaveamento da competi\u00e7\u00e3o, caso a Amarelinha se classifique \u00e0 segunda fase (mata-mata antes das oitavas de final) em primeiro ou segundo lugares do Grupo C, ter\u00e1 como advers\u00e1rio o primeiro ou segundo colocado\u00a0da chave &hellip;","og_url":"https:\/\/agenciabrasil.ebc.com.br\/esportes\/noticia\/2026-05\/liderado-por-holanda-grupo-f-pode-entrar-na-rota-do-Brasil-na-2a-fase","og_site_name":"MRNews","article_publisher":"https:\/\/www.facebook.com\/eaipahpah\/?locale2=pt_BR","article_published_time":"2026-06-06T11:26:25+00:00","author":"MR News","twitter_card":"summary_large_image","twitter_creator":"@conspirou","twitter_site":"@conspirou","twitter_misc":{"Escrito por":"MR News","Est. tempo de leitura":"3 minutos"},"schema":{"@context":"https:\/\/schema.org","@graph":[{"@type":"Article","@id":"https:\/\/agenciabrasil.ebc.com.br\/esportes\/noticia\/2026-05\/liderado-por-holanda-grupo-f-pode-entrar-na-rota-do-Brasil-na-2a-fase#article","isPartOf":{"@id":"https:\/\/mrnews.com.br\/index.php\/2026\/06\/06\/liderado-por-holanda-grupo-f-pode-entrar-na-rota-do-brasil-na-2a-fase\/"},"author":{"name":"MR News","@id":"https:\/\/mrnews.com.br\/#\/schema\/person\/be3203154562a9f207407861cef7827b"},"headline":"Liderado por Holanda, Grupo F pode entrar na rota do Brasil na 2\u00aa fase","datePublished":"2026-06-06T11:26:25+00:00","mainEntityOfPage":{"@id":"https:\/\/mrnews.com.br\/index.php\/2026\/06\/06\/liderado-por-holanda-grupo-f-pode-entrar-na-rota-do-brasil-na-2a-fase\/"},"wordCount":530,"commentCount":0,"publisher":{"@id":"https:\/\/mrnews.com.br\/#organization"},"articleSection":["ENTRETENIMENTO","NOTICIAS","SERVI\u00c7OS"],"inLanguage":"pt-BR","potentialAction":[{"@type":"CommentAction","name":"Comment","target":["https:\/\/agenciabrasil.ebc.com.br\/esportes\/noticia\/2026-05\/liderado-por-holanda-grupo-f-pode-entrar-na-rota-do-Brasil-na-2a-fase#respond"]}]},{"@type":"WebPage","@id":"https:\/\/mrnews.com.br\/index.php\/2026\/06\/06\/liderado-por-holanda-grupo-f-pode-entrar-na-rota-do-brasil-na-2a-fase\/","url":"https:\/\/agenciabrasil.ebc.com.br\/esportes\/noticia\/2026-05\/liderado-por-holanda-grupo-f-pode-entrar-na-rota-do-Brasil-na-2a-fase","name":"Liderado por Holanda, Grupo F pode entrar na rota do Brasil na 2\u00aa fase","isPartOf":{"@id":"https:\/\/mrnews.com.br\/#website"},"datePublished":"2026-06-06T11:26:25+00:00","breadcrumb":{"@id":"https:\/\/agenciabrasil.ebc.com.br\/esportes\/noticia\/2026-05\/liderado-por-holanda-grupo-f-pode-entrar-na-rota-do-Brasil-na-2a-fase#breadcrumb"},"inLanguage":"pt-BR","potentialAction":[{"@type":"ReadAction","target":["https:\/\/agenciabrasil.ebc.com.br\/esportes\/noticia\/2026-05\/liderado-por-holanda-grupo-f-pode-entrar-na-rota-do-Brasil-na-2a-fase"]}]},{"@type":"BreadcrumbList","@id":"https:\/\/agenciabrasil.ebc.com.br\/esportes\/noticia\/2026-05\/liderado-por-holanda-grupo-f-pode-entrar-na-rota-do-Brasil-na-2a-fase#breadcrumb","itemListElement":[{"@type":"ListItem","position":1,"name":"In\u00edcio","item":"https:\/\/mrnews.com.br\/"},{"@type":"ListItem","position":2,"name":"Liderado por Holanda, Grupo F pode entrar na rota do Brasil na 2\u00aa fase"}]},{"@type":"WebSite","@id":"https:\/\/mrnews.com.br\/#website","url":"https:\/\/mrnews.com.br\/","name":"MRNews","description":"MRNews Jogos de hoje da TV, transmiss\u00f5es ao vivo, Not\u00edcias de futebol, Jogos ao vivo, Lives, resumo de novelas, Programa\u00e7\u00e3o da Globo, A Fazenda e BBB","publisher":{"@id":"https:\/\/mrnews.com.br\/#organization"},"potentialAction":[{"@type":"SearchAction","target":{"@type":"EntryPoint","urlTemplate":"https:\/\/mrnews.com.br\/?s={search_term_string}"},"query-input":{"@type":"PropertyValueSpecification","valueRequired":true,"valueName":"search_term_string"}}],"inLanguage":"pt-BR"},{"@type":"Organization","@id":"https:\/\/mrnews.com.br\/#organization","name":"MRNews","url":"https:\/\/mrnews.com.br\/","logo":{"@type":"ImageObject","inLanguage":"pt-BR","@id":"https:\/\/mrnews.com.br\/#\/schema\/logo\/image\/","url":"https:\/\/mrnews.com.br\/wp-content\/uploads\/2026\/08\/MRNEws.png","contentUrl":"https:\/\/mrnews.com.br\/wp-content\/uploads\/2026\/08\/MRNEws.png","width":1254,"height":1254,"caption":"MRNews"},"image":{"@id":"https:\/\/mrnews.com.br\/#\/schema\/logo\/image\/"},"sameAs":["https:\/\/www.facebook.com\/eaipahpah\/?locale2=pt_BR","https:\/\/x.com\/conspirou","https:\/\/www.instagram.com\/eai_pahpah","https:\/\/br.pinterest.com\/mrnewsn\/boards\/","https:\/\/www.youtube.com\/channel\/UCacgnpznQ61fifLWr1tQ-vA?view_as=subscriber"]},{"@type":"Person","@id":"https:\/\/mrnews.com.br\/#\/schema\/person\/be3203154562a9f207407861cef7827b","name":"MR News","image":{"@type":"ImageObject","inLanguage":"pt-BR","@id":"https:\/\/secure.gravatar.com\/avatar\/04084e6d73c042b8646e7c17b494073bf0ede3ea13c7105cfc45cbbbc28385a4?s=96&d=monsterid&r=g","url":"https:\/\/secure.gravatar.com\/avatar\/04084e6d73c042b8646e7c17b494073bf0ede3ea13c7105cfc45cbbbc28385a4?s=96&d=monsterid&r=g","contentUrl":"https:\/\/secure.gravatar.com\/avatar\/04084e6d73c042b8646e7c17b494073bf0ede3ea13c7105cfc45cbbbc28385a4?s=96&d=monsterid&r=g","caption":"MR News"},"description":"Especializado em jornalismo colaborativo pela FTP em n\u00edvel de p\u00f3s-gradua\u00e7\u00e3o. suporte@oimeliga.combr","sameAs":["HUGO R.","Admin"],"url":"https:\/\/mrnews.com.br\/index.php\/author\/admin\/"}]}},"jetpack_sharing_enabled":true,"jetpack_shortlink":"https:\/\/wp.me\/pa2Qf7-1War","amp_enabled":true,"jetpack_featured_media_url":"","_links":{"self":[{"href":"https:\/\/mrnews.com.br\/index.php\/wp-json\/wp\/v2\/posts\/461927","targetHints":{"allow":["GET"]}}],"collection":[{"href":"https:\/\/mrnews.com.br\/index.php\/wp-json\/wp\/v2\/posts"}],"about":[{"href":"https:\/\/mrnews.com.br\/index.php\/wp-json\/wp\/v2\/types\/post"}],"author":[{"embeddable":true,"href":"https:\/\/mrnews.com.br\/index.php\/wp-json\/wp\/v2\/users\/1"}],"replies":[{"embeddable":true,"href":"https:\/\/mrnews.com.br\/index.php\/wp-json\/wp\/v2\/comments?post=461927"}],"version-history":[{"count":0,"href":"https:\/\/mrnews.com.br\/index.php\/wp-json\/wp\/v2\/posts\/461927\/revisions"}],"wp:attachment":[{"href":"https:\/\/mrnews.com.br\/index.php\/wp-json\/wp\/v2\/media?parent=461927"}],"wp:term":[{"taxonomy":"category","embeddable":true,"href":"https:\/\/mrnews.com.br\/index.php\/wp-json\/wp\/v2\/categories?post=461927"},{"taxonomy":"post_tag","embeddable":true,"href":"https:\/\/mrnews.com.br\/index.php\/wp-json\/wp\/v2\/tags?post=461927"}],"curies":[{"name":"wp","href":"https:\/\/api.w.org\/{rel}","templated":true}]}}