{"id":463721,"date":"2026-07-14T18:07:12","date_gmt":"2026-07-14T21:07:12","guid":{"rendered":"https:\/\/mrnews.com.br\/index.php\/2026\/07\/14\/campanha-pede-a-fifa-copa-do-mundo-sem-publicidade-de-refrigerante\/"},"modified":"2026-07-14T18:07:12","modified_gmt":"2026-07-14T21:07:12","slug":"campanha-pede-a-fifa-copa-do-mundo-sem-publicidade-de-refrigerante","status":"publish","type":"post","link":"https:\/\/mrnews.com.br\/index.php\/2026\/07\/14\/campanha-pede-a-fifa-copa-do-mundo-sem-publicidade-de-refrigerante\/","title":{"rendered":"Campanha pede \u00e0 Fifa Copa do Mundo sem publicidade de refrigerante"},"content":{"rendered":"<p>Por EBC, <\/p>\n<div>\n<p>A Copa do Mundo termina no pr\u00f3ximo domingo (19) e, se depender de ativistas, ser\u00e1 a \u00faltima com patroc\u00ednio de fabricante de bebida a\u00e7ucarada. \u00c9 isso que pede a campanha Tirem o Refrigerante de Campo.<\/p>\n<p>A iniciativa pressiona a Federa\u00e7\u00e3o Internacional de Futebol (Fifa) a rever os contratos de patroc\u00ednio. A Coca-Cola \u00e9 uma das marcas que patrocinam a institui\u00e7\u00e3o e, consequentemente, as competi\u00e7\u00f5es esportivas organizadas pela entidade m\u00e1xima do futebol mundial.<\/p>\n<p><strong>O motivo que impulsionou a campanha \u00e9 a preocupa\u00e7\u00e3o com a sa\u00fade, por causa da liga\u00e7\u00e3o entre bebidas a\u00e7ucaradas, como o refrigerante, e condi\u00e7\u00f5es como obesidade, diabetes e outras doen\u00e7as.<\/strong><\/p>\n<p><strong>Mais de 100 organiza\u00e7\u00f5es da sociedade civil de v\u00e1rios pa\u00edses fazem parte da campanha, principalmente nas \u00e1reas de sa\u00fade, meio ambiente e direitos da inf\u00e2ncia<\/strong>. Oito delas s\u00e3o brasileiras, entre elas o Instituto de Defesa de Consumidores (Idec), o Instituto Desiderata e a Alian\u00e7a pela Alimenta\u00e7\u00e3o Saud\u00e1vel.<\/p>\n<p>De acordo com a campanha, <strong>para cada aumento de 250 mililitros (ml) na ingest\u00e3o di\u00e1ria de bebidas ado\u00e7adas, o risco de obesidade cresce 12%; o de diabetes tipo 2 sobe 19%; e o de mortalidade por causas cardiovasculares fica 13% mais alto. J\u00e1 o risco de mortalidade por todas as causas aumenta 5%.<\/strong><\/p>\n<blockquote>\n<p>\u201cPara a maioria das crian\u00e7as e adolescentes, um refrigerante de 355 ml j\u00e1 ultrapassa a quantidade di\u00e1ria recomendada de calorias provenientes de a\u00e7\u00facares livres\u201d, sustenta.<\/p>\n<\/blockquote>\n<h2>Carta \u00e0 Fifa<\/h2>\n<p>At\u00e9 a tarde desta ter\u00e7a-feira (14),<strong> cerca de 720 mil pessoas tinham apoiado a inciativa, segundo o<em> site<\/em> da campanha<\/strong>.<\/p>\n<p>As entidades enviaram uma carta aberta ao presidente da Fifa, o su\u00ed\u00e7o-italiano Giovanni Infantino.<\/p>\n<p>No comunicado, <strong>manifestam preocupa\u00e7\u00e3o com o que chamam de pr\u00e1tica de <em>sportswashing<\/em>. Em tradu\u00e7\u00e3o livre, o conceito remete \u00e0 ideia de \u201cmaquiagem esportiva\u201d, que seria o ato de uma marca de refrigerante associar o produto a\u00a0esportes e\u00a0bem-estar.<\/strong><\/p>\n<blockquote>\n<p>\u201cDurante o torneio de 2026, at\u00e9 6 bilh\u00f5es de torcedores \u2013\u00a0muitos deles crian\u00e7as \u2013\u00a0ver\u00e3o\u00a0campanhas publicit\u00e1rias que associam as maiores estrelas do futebol a bebidas\u00a0a\u00e7ucaradas ligadas \u00e0 obesidade, diabetes tipo 2 e outras doen\u00e7as relacionadas \u00e0\u00a0alimenta\u00e7\u00e3o\u201d, aponta a carta.<\/p>\n<\/blockquote>\n<p>\u201cIsso \u00e9 <em>sportswashing<\/em>: usar o poder do futebol para normalizar produtos prejudiciais \u00e0\u00a0sa\u00fade. O futebol merece mais. Os torcedores merecem mais\u201d, completa.<\/p>\n<p>A diretora executiva do Instituto Desiderata, Renata Couto, aponta que <strong>a publicidade de marcas de refrigerante pode causar consequ\u00eancias profundas em crian\u00e7as e adolescentes.<\/strong><\/p>\n<p>\u201cA gente sabe que se trata de uma estrat\u00e9gia de <em>marketing<\/em> muito eficiente para fidelizar esses p\u00fablicos desde cedo, podendo moldar um comportamento de consumo alimentar que n\u00e3o \u00e9 saud\u00e1vel e vai gerar impacto na sa\u00fade a curto, m\u00e9dio e longo prazos.\u201d<\/p>\n<p>A campanha lembra que a ind\u00fastria do tabaco j\u00e1 enfrentou press\u00e3o semelhante e deixou de ser aceita como patrocinadora de eventos esportivos.<\/p>\n<p>Na passagem das d\u00e9cadas de 1990 e 2000, a F\u00f3rmula 1, por exemplo, passou a deixar de lado o protagonismo que companhias de tabaco tinham entre os patrocinadores.<\/p>\n<p>A <strong>Ag\u00eancia Brasil<\/strong> pediu coment\u00e1rios \u00e0 Fifa, mas n\u00e3o recebeu retorno at\u00e9 a conclus\u00e3o da reportagem.<\/p>\n<h2>Publicidade de bets<\/h2>\n<p>A publicidade de bebidas a\u00e7ucaradas n\u00e3o \u00e9 a \u00fanica pol\u00eamica envolvendo propaganda na Copa do Mundo. A prolifera\u00e7\u00e3o de an\u00fancios das plataformas digitais de aposta, as chamadas bets, tamb\u00e9m atraiu a cr\u00edtica de parte da sociedade civil e de autoridades.<\/p>\n<p>No Brasil, no \u00faltimo dia 10, portarias ministeriais determinaram uma s\u00e9rie de restri\u00e7\u00f5es para esse tipo de publicidade.<\/p>\n<p>Entre eles, alertas, como as frases: \u201cApostar pode causar depend\u00eancia&#8221;, \u201cApostar faz voc\u00ea perder dinheiro&#8221; e \u201cAposta n\u00e3o \u00e9 investimento&#8221;.<\/p>\n<p>      <!-- Relacionada --><\/p>\n<p>            <!-- Relacionada -->\n    <\/div>\n<p><script async src=\"\/\/www.instagram.com\/embed.js\"><\/script><\/p>\n","protected":false},"excerpt":{"rendered":"<p>Por EBC, A Copa do Mundo termina no pr\u00f3ximo domingo (19) e, se depender de ativistas, ser\u00e1 a \u00faltima com patroc\u00ednio de fabricante de bebida a\u00e7ucarada. \u00c9 isso que pede a campanha Tirem o Refrigerante de Campo. A iniciativa pressiona a Federa\u00e7\u00e3o Internacional de Futebol (Fifa) a rever os contratos de patroc\u00ednio. A Coca-Cola \u00e9 &hellip;<\/p>\n","protected":false},"author":1,"featured_media":0,"comment_status":"open","ping_status":"open","sticky":false,"template":"","format":"standard","meta":{"_jetpack_newsletter_access":"","_jetpack_dont_email_post_to_subs":false,"_jetpack_newsletter_tier_id":0,"_jetpack_memberships_contains_paywalled_content":false,"_jetpack_feature_clip_id":0,"_jetpack_memberships_contains_paid_content":false,"footnotes":"","jetpack_post_was_ever_published":false},"categories":[2,12225,4],"tags":[],"class_list":["post-463721","post","type-post","status-publish","format-standard","hentry","category-entretenimento","category-noticias","category-servicos"],"yoast_head":"<!-- This site is optimized with the Yoast SEO plugin v28.3 - https:\/\/yoast.com\/product\/yoast-seo-wordpress\/ -->\n<title>Campanha pede \u00e0 Fifa Copa do Mundo sem publicidade de refrigerante<\/title>\n<meta name=\"robots\" content=\"index, follow, max-snippet:-1, max-image-preview:large, max-video-preview:-1\" \/>\n<link rel=\"canonical\" href=\"https:\/\/agenciabrasil.ebc.com.br\/esportes\/noticia\/2026-07\/campanha-pede-fifa-copa-do-mundo-sem-publicidade-de-refrigerante\" \/>\n<meta property=\"og:locale\" content=\"pt_BR\" \/>\n<meta property=\"og:type\" content=\"article\" \/>\n<meta property=\"og:title\" content=\"Campanha pede \u00e0 Fifa Copa do Mundo sem publicidade de refrigerante\" \/>\n<meta property=\"og:description\" content=\"Por EBC, A Copa do Mundo termina no pr\u00f3ximo domingo (19) e, se depender de ativistas, ser\u00e1 a \u00faltima com patroc\u00ednio de fabricante de bebida a\u00e7ucarada. \u00c9 isso que pede a campanha Tirem o Refrigerante de Campo. A iniciativa pressiona a Federa\u00e7\u00e3o Internacional de Futebol (Fifa) a rever os contratos de patroc\u00ednio. A Coca-Cola \u00e9 &hellip;\" \/>\n<meta property=\"og:url\" content=\"https:\/\/agenciabrasil.ebc.com.br\/esportes\/noticia\/2026-07\/campanha-pede-fifa-copa-do-mundo-sem-publicidade-de-refrigerante\" \/>\n<meta property=\"og:site_name\" content=\"MRNews\" \/>\n<meta property=\"article:publisher\" content=\"https:\/\/www.facebook.com\/eaipahpah\/?locale2=pt_BR\" \/>\n<meta property=\"article:published_time\" content=\"2026-07-14T21:07:12+00:00\" \/>\n<meta name=\"author\" content=\"MR News\" \/>\n<meta name=\"twitter:card\" content=\"summary_large_image\" \/>\n<meta name=\"twitter:creator\" content=\"@conspirou\" \/>\n<meta name=\"twitter:site\" content=\"@conspirou\" \/>\n<meta name=\"twitter:label1\" content=\"Escrito por\" \/>\n\t<meta name=\"twitter:data1\" content=\"MR News\" \/>\n\t<meta name=\"twitter:label2\" content=\"Est. tempo de leitura\" \/>\n\t<meta name=\"twitter:data2\" content=\"3 minutos\" \/>\n<script type=\"application\/ld+json\" class=\"yoast-schema-graph\">{\"@context\":\"https:\\\/\\\/schema.org\",\"@graph\":[{\"@type\":\"Article\",\"@id\":\"https:\\\/\\\/agenciabrasil.ebc.com.br\\\/esportes\\\/noticia\\\/2026-07\\\/campanha-pede-fifa-copa-do-mundo-sem-publicidade-de-refrigerante#article\",\"isPartOf\":{\"@id\":\"https:\\\/\\\/mrnews.com.br\\\/index.php\\\/2026\\\/07\\\/14\\\/campanha-pede-a-fifa-copa-do-mundo-sem-publicidade-de-refrigerante\\\/\"},\"author\":{\"name\":\"MR News\",\"@id\":\"https:\\\/\\\/mrnews.com.br\\\/#\\\/schema\\\/person\\\/be3203154562a9f207407861cef7827b\"},\"headline\":\"Campanha pede \u00e0 Fifa Copa do Mundo sem publicidade de refrigerante\",\"datePublished\":\"2026-07-14T21:07:12+00:00\",\"mainEntityOfPage\":{\"@id\":\"https:\\\/\\\/mrnews.com.br\\\/index.php\\\/2026\\\/07\\\/14\\\/campanha-pede-a-fifa-copa-do-mundo-sem-publicidade-de-refrigerante\\\/\"},\"wordCount\":630,\"commentCount\":0,\"publisher\":{\"@id\":\"https:\\\/\\\/mrnews.com.br\\\/#organization\"},\"articleSection\":[\"ENTRETENIMENTO\",\"NOTICIAS\",\"SERVI\u00c7OS\"],\"inLanguage\":\"pt-BR\",\"potentialAction\":[{\"@type\":\"CommentAction\",\"name\":\"Comment\",\"target\":[\"https:\\\/\\\/agenciabrasil.ebc.com.br\\\/esportes\\\/noticia\\\/2026-07\\\/campanha-pede-fifa-copa-do-mundo-sem-publicidade-de-refrigerante#respond\"]}]},{\"@type\":\"WebPage\",\"@id\":\"https:\\\/\\\/mrnews.com.br\\\/index.php\\\/2026\\\/07\\\/14\\\/campanha-pede-a-fifa-copa-do-mundo-sem-publicidade-de-refrigerante\\\/\",\"url\":\"https:\\\/\\\/agenciabrasil.ebc.com.br\\\/esportes\\\/noticia\\\/2026-07\\\/campanha-pede-fifa-copa-do-mundo-sem-publicidade-de-refrigerante\",\"name\":\"Campanha pede \u00e0 Fifa Copa do Mundo sem publicidade de refrigerante\",\"isPartOf\":{\"@id\":\"https:\\\/\\\/mrnews.com.br\\\/#website\"},\"datePublished\":\"2026-07-14T21:07:12+00:00\",\"breadcrumb\":{\"@id\":\"https:\\\/\\\/agenciabrasil.ebc.com.br\\\/esportes\\\/noticia\\\/2026-07\\\/campanha-pede-fifa-copa-do-mundo-sem-publicidade-de-refrigerante#breadcrumb\"},\"inLanguage\":\"pt-BR\",\"potentialAction\":[{\"@type\":\"ReadAction\",\"target\":[\"https:\\\/\\\/agenciabrasil.ebc.com.br\\\/esportes\\\/noticia\\\/2026-07\\\/campanha-pede-fifa-copa-do-mundo-sem-publicidade-de-refrigerante\"]}]},{\"@type\":\"BreadcrumbList\",\"@id\":\"https:\\\/\\\/agenciabrasil.ebc.com.br\\\/esportes\\\/noticia\\\/2026-07\\\/campanha-pede-fifa-copa-do-mundo-sem-publicidade-de-refrigerante#breadcrumb\",\"itemListElement\":[{\"@type\":\"ListItem\",\"position\":1,\"name\":\"In\u00edcio\",\"item\":\"https:\\\/\\\/mrnews.com.br\\\/\"},{\"@type\":\"ListItem\",\"position\":2,\"name\":\"Campanha pede \u00e0 Fifa Copa do Mundo sem publicidade de refrigerante\"}]},{\"@type\":\"WebSite\",\"@id\":\"https:\\\/\\\/mrnews.com.br\\\/#website\",\"url\":\"https:\\\/\\\/mrnews.com.br\\\/\",\"name\":\"MRNews\",\"description\":\"MRNews Jogos de hoje da TV, transmiss\u00f5es ao vivo, Not\u00edcias de futebol, Jogos ao vivo, Lives, resumo de novelas, Programa\u00e7\u00e3o da Globo, A Fazenda e BBB\",\"publisher\":{\"@id\":\"https:\\\/\\\/mrnews.com.br\\\/#organization\"},\"potentialAction\":[{\"@type\":\"SearchAction\",\"target\":{\"@type\":\"EntryPoint\",\"urlTemplate\":\"https:\\\/\\\/mrnews.com.br\\\/?s={search_term_string}\"},\"query-input\":{\"@type\":\"PropertyValueSpecification\",\"valueRequired\":true,\"valueName\":\"search_term_string\"}}],\"inLanguage\":\"pt-BR\"},{\"@type\":\"Organization\",\"@id\":\"https:\\\/\\\/mrnews.com.br\\\/#organization\",\"name\":\"MRNews\",\"url\":\"https:\\\/\\\/mrnews.com.br\\\/\",\"logo\":{\"@type\":\"ImageObject\",\"inLanguage\":\"pt-BR\",\"@id\":\"https:\\\/\\\/mrnews.com.br\\\/#\\\/schema\\\/logo\\\/image\\\/\",\"url\":\"https:\\\/\\\/mrnews.com.br\\\/wp-content\\\/uploads\\\/2026\\\/08\\\/MRNEws.png\",\"contentUrl\":\"https:\\\/\\\/mrnews.com.br\\\/wp-content\\\/uploads\\\/2026\\\/08\\\/MRNEws.png\",\"width\":1254,\"height\":1254,\"caption\":\"MRNews\"},\"image\":{\"@id\":\"https:\\\/\\\/mrnews.com.br\\\/#\\\/schema\\\/logo\\\/image\\\/\"},\"sameAs\":[\"https:\\\/\\\/www.facebook.com\\\/eaipahpah\\\/?locale2=pt_BR\",\"https:\\\/\\\/x.com\\\/conspirou\",\"https:\\\/\\\/www.instagram.com\\\/eai_pahpah\",\"https:\\\/\\\/br.pinterest.com\\\/mrnewsn\\\/boards\\\/\",\"https:\\\/\\\/www.youtube.com\\\/channel\\\/UCacgnpznQ61fifLWr1tQ-vA?view_as=subscriber\"]},{\"@type\":\"Person\",\"@id\":\"https:\\\/\\\/mrnews.com.br\\\/#\\\/schema\\\/person\\\/be3203154562a9f207407861cef7827b\",\"name\":\"MR News\",\"image\":{\"@type\":\"ImageObject\",\"inLanguage\":\"pt-BR\",\"@id\":\"https:\\\/\\\/secure.gravatar.com\\\/avatar\\\/04084e6d73c042b8646e7c17b494073bf0ede3ea13c7105cfc45cbbbc28385a4?s=96&d=monsterid&r=g\",\"url\":\"https:\\\/\\\/secure.gravatar.com\\\/avatar\\\/04084e6d73c042b8646e7c17b494073bf0ede3ea13c7105cfc45cbbbc28385a4?s=96&d=monsterid&r=g\",\"contentUrl\":\"https:\\\/\\\/secure.gravatar.com\\\/avatar\\\/04084e6d73c042b8646e7c17b494073bf0ede3ea13c7105cfc45cbbbc28385a4?s=96&d=monsterid&r=g\",\"caption\":\"MR News\"},\"description\":\"Especializado em jornalismo colaborativo pela FTP em n\u00edvel de p\u00f3s-gradua\u00e7\u00e3o. suporte@oimeliga.combr\",\"sameAs\":[\"HUGO R.\",\"Admin\"],\"url\":\"https:\\\/\\\/mrnews.com.br\\\/index.php\\\/author\\\/admin\\\/\"}]}<\/script>\n<!-- \/ Yoast SEO plugin. -->","yoast_head_json":{"title":"Campanha pede \u00e0 Fifa Copa do Mundo sem publicidade de refrigerante","robots":{"index":"index","follow":"follow","max-snippet":"max-snippet:-1","max-image-preview":"max-image-preview:large","max-video-preview":"max-video-preview:-1"},"canonical":"https:\/\/agenciabrasil.ebc.com.br\/esportes\/noticia\/2026-07\/campanha-pede-fifa-copa-do-mundo-sem-publicidade-de-refrigerante","og_locale":"pt_BR","og_type":"article","og_title":"Campanha pede \u00e0 Fifa Copa do Mundo sem publicidade de refrigerante","og_description":"Por EBC, A Copa do Mundo termina no pr\u00f3ximo domingo (19) e, se depender de ativistas, ser\u00e1 a \u00faltima com patroc\u00ednio de fabricante de bebida a\u00e7ucarada. \u00c9 isso que pede a campanha Tirem o Refrigerante de Campo. A iniciativa pressiona a Federa\u00e7\u00e3o Internacional de Futebol (Fifa) a rever os contratos de patroc\u00ednio. A Coca-Cola \u00e9 &hellip;","og_url":"https:\/\/agenciabrasil.ebc.com.br\/esportes\/noticia\/2026-07\/campanha-pede-fifa-copa-do-mundo-sem-publicidade-de-refrigerante","og_site_name":"MRNews","article_publisher":"https:\/\/www.facebook.com\/eaipahpah\/?locale2=pt_BR","article_published_time":"2026-07-14T21:07:12+00:00","author":"MR News","twitter_card":"summary_large_image","twitter_creator":"@conspirou","twitter_site":"@conspirou","twitter_misc":{"Escrito por":"MR News","Est. tempo de leitura":"3 minutos"},"schema":{"@context":"https:\/\/schema.org","@graph":[{"@type":"Article","@id":"https:\/\/agenciabrasil.ebc.com.br\/esportes\/noticia\/2026-07\/campanha-pede-fifa-copa-do-mundo-sem-publicidade-de-refrigerante#article","isPartOf":{"@id":"https:\/\/mrnews.com.br\/index.php\/2026\/07\/14\/campanha-pede-a-fifa-copa-do-mundo-sem-publicidade-de-refrigerante\/"},"author":{"name":"MR News","@id":"https:\/\/mrnews.com.br\/#\/schema\/person\/be3203154562a9f207407861cef7827b"},"headline":"Campanha pede \u00e0 Fifa Copa do Mundo sem publicidade de refrigerante","datePublished":"2026-07-14T21:07:12+00:00","mainEntityOfPage":{"@id":"https:\/\/mrnews.com.br\/index.php\/2026\/07\/14\/campanha-pede-a-fifa-copa-do-mundo-sem-publicidade-de-refrigerante\/"},"wordCount":630,"commentCount":0,"publisher":{"@id":"https:\/\/mrnews.com.br\/#organization"},"articleSection":["ENTRETENIMENTO","NOTICIAS","SERVI\u00c7OS"],"inLanguage":"pt-BR","potentialAction":[{"@type":"CommentAction","name":"Comment","target":["https:\/\/agenciabrasil.ebc.com.br\/esportes\/noticia\/2026-07\/campanha-pede-fifa-copa-do-mundo-sem-publicidade-de-refrigerante#respond"]}]},{"@type":"WebPage","@id":"https:\/\/mrnews.com.br\/index.php\/2026\/07\/14\/campanha-pede-a-fifa-copa-do-mundo-sem-publicidade-de-refrigerante\/","url":"https:\/\/agenciabrasil.ebc.com.br\/esportes\/noticia\/2026-07\/campanha-pede-fifa-copa-do-mundo-sem-publicidade-de-refrigerante","name":"Campanha pede \u00e0 Fifa Copa do Mundo sem publicidade de refrigerante","isPartOf":{"@id":"https:\/\/mrnews.com.br\/#website"},"datePublished":"2026-07-14T21:07:12+00:00","breadcrumb":{"@id":"https:\/\/agenciabrasil.ebc.com.br\/esportes\/noticia\/2026-07\/campanha-pede-fifa-copa-do-mundo-sem-publicidade-de-refrigerante#breadcrumb"},"inLanguage":"pt-BR","potentialAction":[{"@type":"ReadAction","target":["https:\/\/agenciabrasil.ebc.com.br\/esportes\/noticia\/2026-07\/campanha-pede-fifa-copa-do-mundo-sem-publicidade-de-refrigerante"]}]},{"@type":"BreadcrumbList","@id":"https:\/\/agenciabrasil.ebc.com.br\/esportes\/noticia\/2026-07\/campanha-pede-fifa-copa-do-mundo-sem-publicidade-de-refrigerante#breadcrumb","itemListElement":[{"@type":"ListItem","position":1,"name":"In\u00edcio","item":"https:\/\/mrnews.com.br\/"},{"@type":"ListItem","position":2,"name":"Campanha pede \u00e0 Fifa Copa do Mundo sem publicidade de refrigerante"}]},{"@type":"WebSite","@id":"https:\/\/mrnews.com.br\/#website","url":"https:\/\/mrnews.com.br\/","name":"MRNews","description":"MRNews Jogos de hoje da TV, transmiss\u00f5es ao vivo, Not\u00edcias de futebol, Jogos ao vivo, Lives, resumo de novelas, Programa\u00e7\u00e3o da Globo, A Fazenda e BBB","publisher":{"@id":"https:\/\/mrnews.com.br\/#organization"},"potentialAction":[{"@type":"SearchAction","target":{"@type":"EntryPoint","urlTemplate":"https:\/\/mrnews.com.br\/?s={search_term_string}"},"query-input":{"@type":"PropertyValueSpecification","valueRequired":true,"valueName":"search_term_string"}}],"inLanguage":"pt-BR"},{"@type":"Organization","@id":"https:\/\/mrnews.com.br\/#organization","name":"MRNews","url":"https:\/\/mrnews.com.br\/","logo":{"@type":"ImageObject","inLanguage":"pt-BR","@id":"https:\/\/mrnews.com.br\/#\/schema\/logo\/image\/","url":"https:\/\/mrnews.com.br\/wp-content\/uploads\/2026\/08\/MRNEws.png","contentUrl":"https:\/\/mrnews.com.br\/wp-content\/uploads\/2026\/08\/MRNEws.png","width":1254,"height":1254,"caption":"MRNews"},"image":{"@id":"https:\/\/mrnews.com.br\/#\/schema\/logo\/image\/"},"sameAs":["https:\/\/www.facebook.com\/eaipahpah\/?locale2=pt_BR","https:\/\/x.com\/conspirou","https:\/\/www.instagram.com\/eai_pahpah","https:\/\/br.pinterest.com\/mrnewsn\/boards\/","https:\/\/www.youtube.com\/channel\/UCacgnpznQ61fifLWr1tQ-vA?view_as=subscriber"]},{"@type":"Person","@id":"https:\/\/mrnews.com.br\/#\/schema\/person\/be3203154562a9f207407861cef7827b","name":"MR News","image":{"@type":"ImageObject","inLanguage":"pt-BR","@id":"https:\/\/secure.gravatar.com\/avatar\/04084e6d73c042b8646e7c17b494073bf0ede3ea13c7105cfc45cbbbc28385a4?s=96&d=monsterid&r=g","url":"https:\/\/secure.gravatar.com\/avatar\/04084e6d73c042b8646e7c17b494073bf0ede3ea13c7105cfc45cbbbc28385a4?s=96&d=monsterid&r=g","contentUrl":"https:\/\/secure.gravatar.com\/avatar\/04084e6d73c042b8646e7c17b494073bf0ede3ea13c7105cfc45cbbbc28385a4?s=96&d=monsterid&r=g","caption":"MR News"},"description":"Especializado em jornalismo colaborativo pela FTP em n\u00edvel de p\u00f3s-gradua\u00e7\u00e3o. suporte@oimeliga.combr","sameAs":["HUGO R.","Admin"],"url":"https:\/\/mrnews.com.br\/index.php\/author\/admin\/"}]}},"jetpack_sharing_enabled":true,"jetpack_shortlink":"https:\/\/wp.me\/pa2Qf7-1WDn","amp_enabled":true,"jetpack_featured_media_url":"","_links":{"self":[{"href":"https:\/\/mrnews.com.br\/index.php\/wp-json\/wp\/v2\/posts\/463721","targetHints":{"allow":["GET"]}}],"collection":[{"href":"https:\/\/mrnews.com.br\/index.php\/wp-json\/wp\/v2\/posts"}],"about":[{"href":"https:\/\/mrnews.com.br\/index.php\/wp-json\/wp\/v2\/types\/post"}],"author":[{"embeddable":true,"href":"https:\/\/mrnews.com.br\/index.php\/wp-json\/wp\/v2\/users\/1"}],"replies":[{"embeddable":true,"href":"https:\/\/mrnews.com.br\/index.php\/wp-json\/wp\/v2\/comments?post=463721"}],"version-history":[{"count":0,"href":"https:\/\/mrnews.com.br\/index.php\/wp-json\/wp\/v2\/posts\/463721\/revisions"}],"wp:attachment":[{"href":"https:\/\/mrnews.com.br\/index.php\/wp-json\/wp\/v2\/media?parent=463721"}],"wp:term":[{"taxonomy":"category","embeddable":true,"href":"https:\/\/mrnews.com.br\/index.php\/wp-json\/wp\/v2\/categories?post=463721"},{"taxonomy":"post_tag","embeddable":true,"href":"https:\/\/mrnews.com.br\/index.php\/wp-json\/wp\/v2\/tags?post=463721"}],"curies":[{"name":"wp","href":"https:\/\/api.w.org\/{rel}","templated":true}]}}