{"id":463732,"date":"2026-07-14T21:37:23","date_gmt":"2026-07-15T00:37:23","guid":{"rendered":"https:\/\/mrnews.com.br\/index.php\/2026\/07\/14\/nova-mp-podera-ser-editada-se-eua-confirmarem-tarifaco\/"},"modified":"2026-07-14T21:37:23","modified_gmt":"2026-07-15T00:37:23","slug":"nova-mp-podera-ser-editada-se-eua-confirmarem-tarifaco","status":"publish","type":"post","link":"https:\/\/mrnews.com.br\/index.php\/2026\/07\/14\/nova-mp-podera-ser-editada-se-eua-confirmarem-tarifaco\/","title":{"rendered":"Nova MP poder\u00e1 ser editada, se EUA confirmarem tarifa\u00e7o"},"content":{"rendered":"<p>Por EBC, <\/p>\n<div>\n<p><strong>O governo poder\u00e1 editar uma nova Medida Provis\u00f3ria (MP) para apoiar empresas brasileiras caso os Estados Unidos confirmem a aplica\u00e7\u00e3o de novas tarifas sobre produtos nacionais. <\/strong>A informa\u00e7\u00e3o foi dada nesta ter\u00e7a-feira (14) pelo ministro da Fazenda, Dario Durigan, que afirmou que a medida ser\u00e1 avaliada conforme os efeitos da eventual taxa\u00e7\u00e3o sobre os setores exportadores.<\/p>\n<p><strong>Segundo o ministro, uma eventual MP seguiria modelo semelhante ao do programa Brasil Soberano, criado para mitigar impactos sobre empresas afetadas por barreiras comerciais.<\/strong><\/p>\n<blockquote>\n<p>&#8220;N\u00e3o descarto, porque a gente precisa proteger as nossas empresas e os nossos empres\u00e1rios. Mas isso vai ser feito com muita cautela, para que a gente avalie qual \u00e9 de fato o impacto que isso trar\u00e1 \u00e0s empresas brasileiras&#8221;, afirmou o ministro, ap\u00f3s retornar de reuni\u00e3o na Casa Civil.<\/p>\n<\/blockquote>\n<h2>A\u00e7\u00e3o cautelosa<\/h2>\n<p><strong>Durigan ressaltou que o governo ainda aguarda a defini\u00e7\u00e3o dos Estados Unidos antes de anunciar qualquer medida.<\/strong> De acordo com ele, as negocia\u00e7\u00f5es s\u00e3o conduzidas pelo Minist\u00e9rio do Desenvolvimento, Ind\u00fastria, Com\u00e9rcio e Servi\u00e7os (Mdic) e pelo Minist\u00e9rio das Rela\u00e7\u00f5es Exteriores.<\/p>\n<p>O ministro afirmou que, caso as tarifas sejam confirmadas, o governo pretende identificar os segmentos mais atingidos e dialogar com representantes do setor produtivo antes de definir a\u00e7\u00f5es de apoio.<\/p>\n<blockquote>\n<p>&#8220;Vamos avaliar se de fato se confirma mais essa medida despropositada, identificar os setores afetados e discutir quais medidas eventualmente poder\u00e3o ser propostas&#8221;, disse.<\/p>\n<\/blockquote>\n<h2>Reciprocidade<\/h2>\n<p>Al\u00e9m de uma eventual MP, Durigan afirmou que o governo tamb\u00e9m considera retomar os procedimentos previstos na Lei de Reciprocidade Econ\u00f4mica, aprovada para permitir respostas a barreiras comerciais impostas por outros pa\u00edses.<\/p>\n<p>Segundo ele, o processo havia sido suspenso ap\u00f3s a redu\u00e7\u00e3o das tens\u00f5es comerciais, mas poder\u00e1 ser retomado ap\u00f3s consulta ao presidente Luiz In\u00e1cio Lula da Silva.<\/p>\n<p>&#8220;\u00c9 prov\u00e1vel que, uma vez consultado o presidente Lula, a gente retome o processo de reciprocidade&#8221;, afirmou.<\/p>\n<h2>Tarifa sob an\u00e1lise<\/h2>\n<p>Os Estados Unidos avaliam a ado\u00e7\u00e3o de uma tarifa adicional de at\u00e9 25% sobre produtos brasileiros ap\u00f3s investiga\u00e7\u00e3o conduzida pelo Escrit\u00f3rio do Representante de Com\u00e9rcio dos Estados Unidos (USTR) sobre supostas pr\u00e1ticas comerciais consideradas prejudiciais aos interesses norte-americanos.<\/p>\n<p>Al\u00e9m disso, autoridades americanas discutem uma tarifa adicional de 12,5% relacionada a den\u00fancias envolvendo condi\u00e7\u00f5es de trabalho no Brasil. Caso ambas as medidas sejam implementadas, alguns produtos brasileiros poder\u00e3o enfrentar sobretaxas de at\u00e9 37,5%.<\/p>\n<h2>Negocia\u00e7\u00f5es abertas<\/h2>\n<p><strong>Apesar do aumento das tens\u00f5es comerciais entre os dois pa\u00edses, as negocia\u00e7\u00f5es permanecem em andamento.<\/strong> O governo brasileiro busca ampliar a lista de produtos que poder\u00e3o ficar isentos das tarifas e acompanha a consulta p\u00fablica aberta pelo governo norte-americano antes da decis\u00e3o final.<\/p>\n<p>Segundo Durigan, o Executivo ainda n\u00e3o recebeu qualquer informa\u00e7\u00e3o antecipada sobre o resultado da investiga\u00e7\u00e3o conduzida pelo USTR e seguir\u00e1 monitorando o processo antes de anunciar eventuais medidas de apoio ao setor produtivo.<\/p>\n<p>      <!-- Relacionada --><\/p>\n<p>            <!-- Relacionada -->\n    <\/div>\n","protected":false},"excerpt":{"rendered":"<p>Por EBC, O governo poder\u00e1 editar uma nova Medida Provis\u00f3ria (MP) para apoiar empresas brasileiras caso os Estados Unidos confirmem a aplica\u00e7\u00e3o de novas tarifas sobre produtos nacionais. A informa\u00e7\u00e3o foi dada nesta ter\u00e7a-feira (14) pelo ministro da Fazenda, Dario Durigan, que afirmou que a medida ser\u00e1 avaliada conforme os efeitos da eventual taxa\u00e7\u00e3o sobre &hellip;<\/p>\n","protected":false},"author":1,"featured_media":0,"comment_status":"open","ping_status":"open","sticky":false,"template":"","format":"standard","meta":{"_jetpack_newsletter_access":"","_jetpack_dont_email_post_to_subs":false,"_jetpack_newsletter_tier_id":0,"_jetpack_memberships_contains_paywalled_content":false,"_jetpack_feature_clip_id":0,"_jetpack_memberships_contains_paid_content":false,"footnotes":"","jetpack_post_was_ever_published":false},"categories":[2,12225,4],"tags":[],"class_list":["post-463732","post","type-post","status-publish","format-standard","hentry","category-entretenimento","category-noticias","category-servicos"],"yoast_head":"<!-- This site is optimized with the Yoast SEO plugin v28.3 - https:\/\/yoast.com\/product\/yoast-seo-wordpress\/ -->\n<title>Nova MP poder\u00e1 ser editada, se EUA confirmarem tarifa\u00e7o<\/title>\n<meta name=\"robots\" content=\"index, follow, max-snippet:-1, max-image-preview:large, max-video-preview:-1\" \/>\n<link rel=\"canonical\" href=\"https:\/\/agenciabrasil.ebc.com.br\/economia\/noticia\/2026-07\/nova-mp-podera-ser-editada-se-eua-confirmarem-tarifaco\" \/>\n<meta property=\"og:locale\" content=\"pt_BR\" \/>\n<meta property=\"og:type\" content=\"article\" \/>\n<meta property=\"og:title\" content=\"Nova MP poder\u00e1 ser editada, se EUA confirmarem tarifa\u00e7o\" \/>\n<meta property=\"og:description\" content=\"Por EBC, O governo poder\u00e1 editar uma nova Medida Provis\u00f3ria (MP) para apoiar empresas brasileiras caso os Estados Unidos confirmem a aplica\u00e7\u00e3o de novas tarifas sobre produtos nacionais. A informa\u00e7\u00e3o foi dada nesta ter\u00e7a-feira (14) pelo ministro da Fazenda, Dario Durigan, que afirmou que a medida ser\u00e1 avaliada conforme os efeitos da eventual taxa\u00e7\u00e3o sobre &hellip;\" \/>\n<meta property=\"og:url\" content=\"https:\/\/agenciabrasil.ebc.com.br\/economia\/noticia\/2026-07\/nova-mp-podera-ser-editada-se-eua-confirmarem-tarifaco\" \/>\n<meta property=\"og:site_name\" content=\"MRNews\" \/>\n<meta property=\"article:publisher\" content=\"https:\/\/www.facebook.com\/eaipahpah\/?locale2=pt_BR\" \/>\n<meta property=\"article:published_time\" content=\"2026-07-15T00:37:23+00:00\" \/>\n<meta name=\"author\" content=\"MR News\" \/>\n<meta name=\"twitter:card\" content=\"summary_large_image\" \/>\n<meta name=\"twitter:creator\" content=\"@conspirou\" \/>\n<meta name=\"twitter:site\" content=\"@conspirou\" \/>\n<meta name=\"twitter:label1\" content=\"Escrito por\" \/>\n\t<meta name=\"twitter:data1\" content=\"MR News\" \/>\n\t<meta name=\"twitter:label2\" content=\"Est. tempo de leitura\" \/>\n\t<meta name=\"twitter:data2\" content=\"3 minutos\" \/>\n<script type=\"application\/ld+json\" class=\"yoast-schema-graph\">{\"@context\":\"https:\\\/\\\/schema.org\",\"@graph\":[{\"@type\":\"Article\",\"@id\":\"https:\\\/\\\/agenciabrasil.ebc.com.br\\\/economia\\\/noticia\\\/2026-07\\\/nova-mp-podera-ser-editada-se-eua-confirmarem-tarifaco#article\",\"isPartOf\":{\"@id\":\"https:\\\/\\\/mrnews.com.br\\\/index.php\\\/2026\\\/07\\\/14\\\/nova-mp-podera-ser-editada-se-eua-confirmarem-tarifaco\\\/\"},\"author\":{\"name\":\"MR News\",\"@id\":\"https:\\\/\\\/mrnews.com.br\\\/#\\\/schema\\\/person\\\/be3203154562a9f207407861cef7827b\"},\"headline\":\"Nova MP poder\u00e1 ser editada, se EUA confirmarem tarifa\u00e7o\",\"datePublished\":\"2026-07-15T00:37:23+00:00\",\"mainEntityOfPage\":{\"@id\":\"https:\\\/\\\/mrnews.com.br\\\/index.php\\\/2026\\\/07\\\/14\\\/nova-mp-podera-ser-editada-se-eua-confirmarem-tarifaco\\\/\"},\"wordCount\":512,\"commentCount\":0,\"publisher\":{\"@id\":\"https:\\\/\\\/mrnews.com.br\\\/#organization\"},\"articleSection\":[\"ENTRETENIMENTO\",\"NOTICIAS\",\"SERVI\u00c7OS\"],\"inLanguage\":\"pt-BR\",\"potentialAction\":[{\"@type\":\"CommentAction\",\"name\":\"Comment\",\"target\":[\"https:\\\/\\\/agenciabrasil.ebc.com.br\\\/economia\\\/noticia\\\/2026-07\\\/nova-mp-podera-ser-editada-se-eua-confirmarem-tarifaco#respond\"]}]},{\"@type\":\"WebPage\",\"@id\":\"https:\\\/\\\/mrnews.com.br\\\/index.php\\\/2026\\\/07\\\/14\\\/nova-mp-podera-ser-editada-se-eua-confirmarem-tarifaco\\\/\",\"url\":\"https:\\\/\\\/agenciabrasil.ebc.com.br\\\/economia\\\/noticia\\\/2026-07\\\/nova-mp-podera-ser-editada-se-eua-confirmarem-tarifaco\",\"name\":\"Nova MP poder\u00e1 ser editada, se EUA confirmarem tarifa\u00e7o\",\"isPartOf\":{\"@id\":\"https:\\\/\\\/mrnews.com.br\\\/#website\"},\"datePublished\":\"2026-07-15T00:37:23+00:00\",\"breadcrumb\":{\"@id\":\"https:\\\/\\\/agenciabrasil.ebc.com.br\\\/economia\\\/noticia\\\/2026-07\\\/nova-mp-podera-ser-editada-se-eua-confirmarem-tarifaco#breadcrumb\"},\"inLanguage\":\"pt-BR\",\"potentialAction\":[{\"@type\":\"ReadAction\",\"target\":[\"https:\\\/\\\/agenciabrasil.ebc.com.br\\\/economia\\\/noticia\\\/2026-07\\\/nova-mp-podera-ser-editada-se-eua-confirmarem-tarifaco\"]}]},{\"@type\":\"BreadcrumbList\",\"@id\":\"https:\\\/\\\/agenciabrasil.ebc.com.br\\\/economia\\\/noticia\\\/2026-07\\\/nova-mp-podera-ser-editada-se-eua-confirmarem-tarifaco#breadcrumb\",\"itemListElement\":[{\"@type\":\"ListItem\",\"position\":1,\"name\":\"In\u00edcio\",\"item\":\"https:\\\/\\\/mrnews.com.br\\\/\"},{\"@type\":\"ListItem\",\"position\":2,\"name\":\"Nova MP poder\u00e1 ser editada, se EUA confirmarem tarifa\u00e7o\"}]},{\"@type\":\"WebSite\",\"@id\":\"https:\\\/\\\/mrnews.com.br\\\/#website\",\"url\":\"https:\\\/\\\/mrnews.com.br\\\/\",\"name\":\"MRNews\",\"description\":\"MRNews Jogos de hoje da TV, transmiss\u00f5es ao vivo, Not\u00edcias de futebol, Jogos ao vivo, Lives, resumo de novelas, Programa\u00e7\u00e3o da Globo, A Fazenda e BBB\",\"publisher\":{\"@id\":\"https:\\\/\\\/mrnews.com.br\\\/#organization\"},\"potentialAction\":[{\"@type\":\"SearchAction\",\"target\":{\"@type\":\"EntryPoint\",\"urlTemplate\":\"https:\\\/\\\/mrnews.com.br\\\/?s={search_term_string}\"},\"query-input\":{\"@type\":\"PropertyValueSpecification\",\"valueRequired\":true,\"valueName\":\"search_term_string\"}}],\"inLanguage\":\"pt-BR\"},{\"@type\":\"Organization\",\"@id\":\"https:\\\/\\\/mrnews.com.br\\\/#organization\",\"name\":\"MRNews\",\"url\":\"https:\\\/\\\/mrnews.com.br\\\/\",\"logo\":{\"@type\":\"ImageObject\",\"inLanguage\":\"pt-BR\",\"@id\":\"https:\\\/\\\/mrnews.com.br\\\/#\\\/schema\\\/logo\\\/image\\\/\",\"url\":\"https:\\\/\\\/mrnews.com.br\\\/wp-content\\\/uploads\\\/2026\\\/08\\\/MRNEws.png\",\"contentUrl\":\"https:\\\/\\\/mrnews.com.br\\\/wp-content\\\/uploads\\\/2026\\\/08\\\/MRNEws.png\",\"width\":1254,\"height\":1254,\"caption\":\"MRNews\"},\"image\":{\"@id\":\"https:\\\/\\\/mrnews.com.br\\\/#\\\/schema\\\/logo\\\/image\\\/\"},\"sameAs\":[\"https:\\\/\\\/www.facebook.com\\\/eaipahpah\\\/?locale2=pt_BR\",\"https:\\\/\\\/x.com\\\/conspirou\",\"https:\\\/\\\/www.instagram.com\\\/eai_pahpah\",\"https:\\\/\\\/br.pinterest.com\\\/mrnewsn\\\/boards\\\/\",\"https:\\\/\\\/www.youtube.com\\\/channel\\\/UCacgnpznQ61fifLWr1tQ-vA?view_as=subscriber\"]},{\"@type\":\"Person\",\"@id\":\"https:\\\/\\\/mrnews.com.br\\\/#\\\/schema\\\/person\\\/be3203154562a9f207407861cef7827b\",\"name\":\"MR News\",\"image\":{\"@type\":\"ImageObject\",\"inLanguage\":\"pt-BR\",\"@id\":\"https:\\\/\\\/secure.gravatar.com\\\/avatar\\\/04084e6d73c042b8646e7c17b494073bf0ede3ea13c7105cfc45cbbbc28385a4?s=96&d=monsterid&r=g\",\"url\":\"https:\\\/\\\/secure.gravatar.com\\\/avatar\\\/04084e6d73c042b8646e7c17b494073bf0ede3ea13c7105cfc45cbbbc28385a4?s=96&d=monsterid&r=g\",\"contentUrl\":\"https:\\\/\\\/secure.gravatar.com\\\/avatar\\\/04084e6d73c042b8646e7c17b494073bf0ede3ea13c7105cfc45cbbbc28385a4?s=96&d=monsterid&r=g\",\"caption\":\"MR News\"},\"description\":\"Especializado em jornalismo colaborativo pela FTP em n\u00edvel de p\u00f3s-gradua\u00e7\u00e3o. suporte@oimeliga.combr\",\"sameAs\":[\"HUGO R.\",\"Admin\"],\"url\":\"https:\\\/\\\/mrnews.com.br\\\/index.php\\\/author\\\/admin\\\/\"}]}<\/script>\n<!-- \/ Yoast SEO plugin. -->","yoast_head_json":{"title":"Nova MP poder\u00e1 ser editada, se EUA confirmarem tarifa\u00e7o","robots":{"index":"index","follow":"follow","max-snippet":"max-snippet:-1","max-image-preview":"max-image-preview:large","max-video-preview":"max-video-preview:-1"},"canonical":"https:\/\/agenciabrasil.ebc.com.br\/economia\/noticia\/2026-07\/nova-mp-podera-ser-editada-se-eua-confirmarem-tarifaco","og_locale":"pt_BR","og_type":"article","og_title":"Nova MP poder\u00e1 ser editada, se EUA confirmarem tarifa\u00e7o","og_description":"Por EBC, O governo poder\u00e1 editar uma nova Medida Provis\u00f3ria (MP) para apoiar empresas brasileiras caso os Estados Unidos confirmem a aplica\u00e7\u00e3o de novas tarifas sobre produtos nacionais. A informa\u00e7\u00e3o foi dada nesta ter\u00e7a-feira (14) pelo ministro da Fazenda, Dario Durigan, que afirmou que a medida ser\u00e1 avaliada conforme os efeitos da eventual taxa\u00e7\u00e3o sobre &hellip;","og_url":"https:\/\/agenciabrasil.ebc.com.br\/economia\/noticia\/2026-07\/nova-mp-podera-ser-editada-se-eua-confirmarem-tarifaco","og_site_name":"MRNews","article_publisher":"https:\/\/www.facebook.com\/eaipahpah\/?locale2=pt_BR","article_published_time":"2026-07-15T00:37:23+00:00","author":"MR News","twitter_card":"summary_large_image","twitter_creator":"@conspirou","twitter_site":"@conspirou","twitter_misc":{"Escrito por":"MR News","Est. tempo de leitura":"3 minutos"},"schema":{"@context":"https:\/\/schema.org","@graph":[{"@type":"Article","@id":"https:\/\/agenciabrasil.ebc.com.br\/economia\/noticia\/2026-07\/nova-mp-podera-ser-editada-se-eua-confirmarem-tarifaco#article","isPartOf":{"@id":"https:\/\/mrnews.com.br\/index.php\/2026\/07\/14\/nova-mp-podera-ser-editada-se-eua-confirmarem-tarifaco\/"},"author":{"name":"MR News","@id":"https:\/\/mrnews.com.br\/#\/schema\/person\/be3203154562a9f207407861cef7827b"},"headline":"Nova MP poder\u00e1 ser editada, se EUA confirmarem tarifa\u00e7o","datePublished":"2026-07-15T00:37:23+00:00","mainEntityOfPage":{"@id":"https:\/\/mrnews.com.br\/index.php\/2026\/07\/14\/nova-mp-podera-ser-editada-se-eua-confirmarem-tarifaco\/"},"wordCount":512,"commentCount":0,"publisher":{"@id":"https:\/\/mrnews.com.br\/#organization"},"articleSection":["ENTRETENIMENTO","NOTICIAS","SERVI\u00c7OS"],"inLanguage":"pt-BR","potentialAction":[{"@type":"CommentAction","name":"Comment","target":["https:\/\/agenciabrasil.ebc.com.br\/economia\/noticia\/2026-07\/nova-mp-podera-ser-editada-se-eua-confirmarem-tarifaco#respond"]}]},{"@type":"WebPage","@id":"https:\/\/mrnews.com.br\/index.php\/2026\/07\/14\/nova-mp-podera-ser-editada-se-eua-confirmarem-tarifaco\/","url":"https:\/\/agenciabrasil.ebc.com.br\/economia\/noticia\/2026-07\/nova-mp-podera-ser-editada-se-eua-confirmarem-tarifaco","name":"Nova MP poder\u00e1 ser editada, se EUA confirmarem tarifa\u00e7o","isPartOf":{"@id":"https:\/\/mrnews.com.br\/#website"},"datePublished":"2026-07-15T00:37:23+00:00","breadcrumb":{"@id":"https:\/\/agenciabrasil.ebc.com.br\/economia\/noticia\/2026-07\/nova-mp-podera-ser-editada-se-eua-confirmarem-tarifaco#breadcrumb"},"inLanguage":"pt-BR","potentialAction":[{"@type":"ReadAction","target":["https:\/\/agenciabrasil.ebc.com.br\/economia\/noticia\/2026-07\/nova-mp-podera-ser-editada-se-eua-confirmarem-tarifaco"]}]},{"@type":"BreadcrumbList","@id":"https:\/\/agenciabrasil.ebc.com.br\/economia\/noticia\/2026-07\/nova-mp-podera-ser-editada-se-eua-confirmarem-tarifaco#breadcrumb","itemListElement":[{"@type":"ListItem","position":1,"name":"In\u00edcio","item":"https:\/\/mrnews.com.br\/"},{"@type":"ListItem","position":2,"name":"Nova MP poder\u00e1 ser editada, se EUA confirmarem tarifa\u00e7o"}]},{"@type":"WebSite","@id":"https:\/\/mrnews.com.br\/#website","url":"https:\/\/mrnews.com.br\/","name":"MRNews","description":"MRNews Jogos de hoje da TV, transmiss\u00f5es ao vivo, Not\u00edcias de futebol, Jogos ao vivo, Lives, resumo de novelas, Programa\u00e7\u00e3o da Globo, A Fazenda e BBB","publisher":{"@id":"https:\/\/mrnews.com.br\/#organization"},"potentialAction":[{"@type":"SearchAction","target":{"@type":"EntryPoint","urlTemplate":"https:\/\/mrnews.com.br\/?s={search_term_string}"},"query-input":{"@type":"PropertyValueSpecification","valueRequired":true,"valueName":"search_term_string"}}],"inLanguage":"pt-BR"},{"@type":"Organization","@id":"https:\/\/mrnews.com.br\/#organization","name":"MRNews","url":"https:\/\/mrnews.com.br\/","logo":{"@type":"ImageObject","inLanguage":"pt-BR","@id":"https:\/\/mrnews.com.br\/#\/schema\/logo\/image\/","url":"https:\/\/mrnews.com.br\/wp-content\/uploads\/2026\/08\/MRNEws.png","contentUrl":"https:\/\/mrnews.com.br\/wp-content\/uploads\/2026\/08\/MRNEws.png","width":1254,"height":1254,"caption":"MRNews"},"image":{"@id":"https:\/\/mrnews.com.br\/#\/schema\/logo\/image\/"},"sameAs":["https:\/\/www.facebook.com\/eaipahpah\/?locale2=pt_BR","https:\/\/x.com\/conspirou","https:\/\/www.instagram.com\/eai_pahpah","https:\/\/br.pinterest.com\/mrnewsn\/boards\/","https:\/\/www.youtube.com\/channel\/UCacgnpznQ61fifLWr1tQ-vA?view_as=subscriber"]},{"@type":"Person","@id":"https:\/\/mrnews.com.br\/#\/schema\/person\/be3203154562a9f207407861cef7827b","name":"MR News","image":{"@type":"ImageObject","inLanguage":"pt-BR","@id":"https:\/\/secure.gravatar.com\/avatar\/04084e6d73c042b8646e7c17b494073bf0ede3ea13c7105cfc45cbbbc28385a4?s=96&d=monsterid&r=g","url":"https:\/\/secure.gravatar.com\/avatar\/04084e6d73c042b8646e7c17b494073bf0ede3ea13c7105cfc45cbbbc28385a4?s=96&d=monsterid&r=g","contentUrl":"https:\/\/secure.gravatar.com\/avatar\/04084e6d73c042b8646e7c17b494073bf0ede3ea13c7105cfc45cbbbc28385a4?s=96&d=monsterid&r=g","caption":"MR News"},"description":"Especializado em jornalismo colaborativo pela FTP em n\u00edvel de p\u00f3s-gradua\u00e7\u00e3o. suporte@oimeliga.combr","sameAs":["HUGO R.","Admin"],"url":"https:\/\/mrnews.com.br\/index.php\/author\/admin\/"}]}},"jetpack_sharing_enabled":true,"jetpack_shortlink":"https:\/\/wp.me\/pa2Qf7-1WDy","amp_enabled":true,"jetpack_featured_media_url":"","_links":{"self":[{"href":"https:\/\/mrnews.com.br\/index.php\/wp-json\/wp\/v2\/posts\/463732","targetHints":{"allow":["GET"]}}],"collection":[{"href":"https:\/\/mrnews.com.br\/index.php\/wp-json\/wp\/v2\/posts"}],"about":[{"href":"https:\/\/mrnews.com.br\/index.php\/wp-json\/wp\/v2\/types\/post"}],"author":[{"embeddable":true,"href":"https:\/\/mrnews.com.br\/index.php\/wp-json\/wp\/v2\/users\/1"}],"replies":[{"embeddable":true,"href":"https:\/\/mrnews.com.br\/index.php\/wp-json\/wp\/v2\/comments?post=463732"}],"version-history":[{"count":0,"href":"https:\/\/mrnews.com.br\/index.php\/wp-json\/wp\/v2\/posts\/463732\/revisions"}],"wp:attachment":[{"href":"https:\/\/mrnews.com.br\/index.php\/wp-json\/wp\/v2\/media?parent=463732"}],"wp:term":[{"taxonomy":"category","embeddable":true,"href":"https:\/\/mrnews.com.br\/index.php\/wp-json\/wp\/v2\/categories?post=463732"},{"taxonomy":"post_tag","embeddable":true,"href":"https:\/\/mrnews.com.br\/index.php\/wp-json\/wp\/v2\/tags?post=463732"}],"curies":[{"name":"wp","href":"https:\/\/api.w.org\/{rel}","templated":true}]}}