{"id":463778,"date":"2026-07-15T16:34:09","date_gmt":"2026-07-15T19:34:09","guid":{"rendered":"https:\/\/mrnews.com.br\/index.php\/2026\/07\/15\/dividas-rurais-serao-reguladas-por-medida-provisoria\/"},"modified":"2026-07-15T16:34:09","modified_gmt":"2026-07-15T19:34:09","slug":"dividas-rurais-serao-reguladas-por-medida-provisoria","status":"publish","type":"post","link":"https:\/\/mrnews.com.br\/index.php\/2026\/07\/15\/dividas-rurais-serao-reguladas-por-medida-provisoria\/","title":{"rendered":"D\u00edvidas rurais ser\u00e3o reguladas por medida provis\u00f3ria"},"content":{"rendered":"<p>Por EBC, <\/p>\n<div>\n<p>O governo federal e o Congresso Nacional fecharam nesta quarta-feira (15) um <strong>acordo para substituir o projeto de lei que tratava da renegocia\u00e7\u00e3o de d\u00edvidas rurais por uma medida provis\u00f3ria (MP)<\/strong>. O an\u00fancio foi feito pelo presidente da C\u00e2mara dos Deputados, Hugo Motta, ap\u00f3s reuni\u00e3o com ministros, parlamentares e representantes da Frente Parlamentar da Agropecu\u00e1ria (FPA).<\/p>\n<p>Segundo o Minist\u00e9rio da Fazenda, a <strong>medida permitir\u00e1 a renegocia\u00e7\u00e3o de cerca de R$ 100 bilh\u00f5es em d\u00edvidas de produtores rurais<\/strong>, com condi\u00e7\u00f5es diferenciadas para agricultores afetados por perdas decorrentes de eventos clim\u00e1ticos e oscila\u00e7\u00f5es nos pre\u00e7os agr\u00edcolas.<\/p>\n<h2>Acordo<\/h2>\n<p>Participaram da reuni\u00e3o os ministros da Fazenda, Dario Durigan, e de Rela\u00e7\u00f5es Institucionais, Jos\u00e9 Guimar\u00e3es; o l\u00edder do governo na C\u00e2mara, deputado Paulo Pimenta; o deputado Arnaldo Jardim, e a senadora Tereza Cristina, ambos da FPA.\u00a0<\/p>\n<p><strong>Hugo Motta ressaltou que o entendimento buscou conciliar o atendimento aos produtores com a responsabilidade fiscal.<\/strong><\/p>\n<blockquote>\n<p>&#8220;Depois da aprova\u00e7\u00e3o no Senado, sem acordo com o governo, chamamos os atores para a mesa para tratar isso com equil\u00edbrio e buscar uma resolu\u00e7\u00e3o que coubesse nas contas do pa\u00eds e levasse em considera\u00e7\u00e3o esse momento de dificuldade dos nossos produtores&#8221;, disse o presidente da C\u00e2mara.<\/p>\n<\/blockquote>\n<h2>Ades\u00e3o<\/h2>\n<p><strong>A MP beneficiar\u00e1 produtores e cooperativas que registraram perdas entre 2019 e 2025.<\/strong><\/p>\n<p>Na regra geral, poder\u00e3o renegociar as d\u00edvidas agricultores que tiveram:<\/p>\n<ul>\n<li>\u00a0 \u00a0 Perdas em duas ou mais safras;<\/li>\n<li>\u00a0\u00a0\u00a0\u00a0Redu\u00e7\u00e3o m\u00ednima de 30% da renda bruta, causada por eventos clim\u00e1ticos ou queda dos pre\u00e7os agr\u00edcolas.<\/li>\n<\/ul>\n<p>Os produtores com perdas mais severas dever\u00e3o comprovar:<\/p>\n<ul>\n<li>\u00a0 \u00a0 Tr\u00eas ou mais safras afetadas;<\/li>\n<li>\u00a0\u00a0\u00a0\u00a0Redu\u00e7\u00e3o de pelo menos 40% da renda bruta, especialmente em regi\u00f5es atingidas por eventos clim\u00e1ticos, como o Rio Grande do Sul.<\/li>\n<\/ul>\n<h2>Condi\u00e7\u00f5es<\/h2>\n<p>O ministro da Fazenda, Dario Durigan, disse que a proposta foi constru\u00edda para atender a maior parte dos produtores em dificuldades sem comprometer o equil\u00edbrio das contas p\u00fablicas.<\/p>\n<p><strong>&#8220;O Banco do Brasil est\u00e1 pronto para receber os agricultores endividados, renegociar as d\u00edvidas, para que a gente v\u00e1 adiante e para que o Plano Safra rec\u00e9m-anunciado comece a operar&#8221;, disse o ministro.<\/strong><\/p>\n<p>As condi\u00e7\u00f5es variam conforme o perfil do produtor.<\/p>\n<h2>Regra geral<\/h2>\n<p>Para produtores enquadrados nas regras gerais, a MP prev\u00ea:<\/p>\n<ul>\n<li>\u00a0 \u00a0 Prazo: at\u00e9 oito anos para pagamento;<\/li>\n<li>\u00a0\u00a0\u00a0\u00a0Car\u00eancia: at\u00e9 dois anos para pagar a primeira parcela;<\/li>\n<li>\u00a0\u00a0\u00a0\u00a0Entrada n\u00e3o ser\u00e1 exigida.<\/li>\n<\/ul>\n<p>Juros anuais:<\/p>\n<ul>\n<li>\u00a0 \u00a0 6% para opera\u00e7\u00f5es do Programa Nacional de Fortalecimento da Agricultura Familiar (Pronaf);<\/li>\n<li>\u00a0\u00a0\u00a0\u00a09% para o Programa Nacional de Apoio ao M\u00e9dio Produtor Rural (Pronamp);<\/li>\n<li>\u00a0\u00a0\u00a0\u00a012% para os demais produtores.<\/li>\n<\/ul>\n<h2>Maiores perdas<\/h2>\n<p>Nos casos de perdas mais expressivas provocadas por eventos clim\u00e1ticos, as condi\u00e7\u00f5es ser\u00e3o mais favor\u00e1veis:<\/p>\n<ul>\n<li>\u00a0 \u00a0 Prazo de at\u00e9 10 anos;<\/li>\n<li>\u00a0\u00a0\u00a0\u00a0Car\u00eancia de at\u00e9 dois anos; e<\/li>\n<li>\u00a0\u00a0\u00a0\u00a0Entrada dispensada.<\/li>\n<\/ul>\n<p>Juros anuais:<\/p>\n<ul>\n<li>\u00a0 \u00a05% para o Pronaf;<\/li>\n<li>\u00a0\u00a0\u00a0\u00a08% para o Pronamp;<\/li>\n<li>\u00a0\u00a0\u00a0\u00a011% para grandes produtores.<\/li>\n<\/ul>\n<h2>Fundo garantidor<\/h2>\n<p>A medida provis\u00f3ria tamb\u00e9m criar\u00e1 um fundo similar ao Fundo Garantidor de Cr\u00e9dito (FGC) para ampliar o acesso ao financiamento rural de m\u00e9dio e longo prazo.<\/p>\n<p><strong>Segundo Durigan, a Uni\u00e3o poder\u00e1 aportar at\u00e9 R$ 2 bilh\u00f5es no mecanismo, que tamb\u00e9m dever\u00e1 contar com a participa\u00e7\u00e3o de bancos, estados e munic\u00edpios.<\/strong><\/p>\n<p>&#8220;Vamos avan\u00e7ar, do ponto de vista da Uni\u00e3o, com um limite de at\u00e9 R$ 2 bilh\u00f5es de aporte para esse fundo garantidor. Tamb\u00e9m vamos convocar bancos, estados e munic\u00edpios que queiram contribuir&#8221;, informou.<\/p>\n<h2>Outras medidas<\/h2>\n<p>Al\u00e9m da renegocia\u00e7\u00e3o das d\u00edvidas, a MP prev\u00ea:<\/p>\n<ul>\n<li>\u00a0 \u00a0 Suspens\u00e3o por 30 dias das parcelas contempladas pelo acordo, inclusive das que venceriam imediatamente;<\/li>\n<li>\u00a0\u00a0\u00a0\u00a0Reaproveitamento das garantias j\u00e1 vinculadas aos financiamentos, sem exig\u00eancia de novos bens;<\/li>\n<li>\u00a0\u00a0\u00a0\u00a0Possibilidade de os bancos prorrogarem automaticamente opera\u00e7\u00f5es enquanto os pedidos de renegocia\u00e7\u00e3o s\u00e3o analisados;<\/li>\n<li>\u00a0\u00a0\u00a0\u00a0Cria\u00e7\u00e3o de mecanismos para facilitar o cr\u00e9dito rural e reduzir o custo das opera\u00e7\u00f5es.<\/li>\n<\/ul>\n<p>Com o acordo, o <strong>projeto de lei que tramita no Congresso ser\u00e1 retirado de pauta<\/strong> e substitu\u00eddo pela medida provis\u00f3ria, cuja publica\u00e7\u00e3o, segundo o governo, ocorrer\u00e1 ainda nesta quarta-feira.<\/p>\n<p>      <!-- Relacionada --><\/p>\n<p>            <!-- Relacionada -->\n    <\/div>\n","protected":false},"excerpt":{"rendered":"<p>Por EBC, O governo federal e o Congresso Nacional fecharam nesta quarta-feira (15) um acordo para substituir o projeto de lei que tratava da renegocia\u00e7\u00e3o de d\u00edvidas rurais por uma medida provis\u00f3ria (MP). O an\u00fancio foi feito pelo presidente da C\u00e2mara dos Deputados, Hugo Motta, ap\u00f3s reuni\u00e3o com ministros, parlamentares e representantes da Frente Parlamentar &hellip;<\/p>\n","protected":false},"author":1,"featured_media":0,"comment_status":"open","ping_status":"open","sticky":false,"template":"","format":"standard","meta":{"_jetpack_newsletter_access":"","_jetpack_dont_email_post_to_subs":false,"_jetpack_newsletter_tier_id":0,"_jetpack_memberships_contains_paywalled_content":false,"_jetpack_feature_clip_id":0,"_jetpack_memberships_contains_paid_content":false,"footnotes":"","jetpack_post_was_ever_published":false},"categories":[2,12225,4],"tags":[],"class_list":["post-463778","post","type-post","status-publish","format-standard","hentry","category-entretenimento","category-noticias","category-servicos"],"yoast_head":"<!-- This site is optimized with the Yoast SEO plugin v28.3 - https:\/\/yoast.com\/product\/yoast-seo-wordpress\/ -->\n<title>D\u00edvidas rurais ser\u00e3o reguladas por medida provis\u00f3ria<\/title>\n<meta name=\"robots\" content=\"index, follow, max-snippet:-1, max-image-preview:large, max-video-preview:-1\" \/>\n<link rel=\"canonical\" href=\"https:\/\/agenciabrasil.ebc.com.br\/politica\/noticia\/2026-07\/dividas-rurais-serao-reguladas-por-medida-provisoria\" \/>\n<meta property=\"og:locale\" content=\"pt_BR\" \/>\n<meta property=\"og:type\" content=\"article\" \/>\n<meta property=\"og:title\" content=\"D\u00edvidas rurais ser\u00e3o reguladas por medida provis\u00f3ria\" \/>\n<meta property=\"og:description\" content=\"Por EBC, O governo federal e o Congresso Nacional fecharam nesta quarta-feira (15) um acordo para substituir o projeto de lei que tratava da renegocia\u00e7\u00e3o de d\u00edvidas rurais por uma medida provis\u00f3ria (MP). O an\u00fancio foi feito pelo presidente da C\u00e2mara dos Deputados, Hugo Motta, ap\u00f3s reuni\u00e3o com ministros, parlamentares e representantes da Frente Parlamentar &hellip;\" \/>\n<meta property=\"og:url\" content=\"https:\/\/agenciabrasil.ebc.com.br\/politica\/noticia\/2026-07\/dividas-rurais-serao-reguladas-por-medida-provisoria\" \/>\n<meta property=\"og:site_name\" content=\"MRNews\" \/>\n<meta property=\"article:publisher\" content=\"https:\/\/www.facebook.com\/eaipahpah\/?locale2=pt_BR\" \/>\n<meta property=\"article:published_time\" content=\"2026-07-15T19:34:09+00:00\" \/>\n<meta name=\"author\" content=\"MR News\" \/>\n<meta name=\"twitter:card\" content=\"summary_large_image\" \/>\n<meta name=\"twitter:creator\" content=\"@conspirou\" \/>\n<meta name=\"twitter:site\" content=\"@conspirou\" \/>\n<meta name=\"twitter:label1\" content=\"Escrito por\" \/>\n\t<meta name=\"twitter:data1\" content=\"MR News\" \/>\n\t<meta name=\"twitter:label2\" content=\"Est. tempo de leitura\" \/>\n\t<meta name=\"twitter:data2\" content=\"3 minutos\" \/>\n<script type=\"application\/ld+json\" class=\"yoast-schema-graph\">{\"@context\":\"https:\\\/\\\/schema.org\",\"@graph\":[{\"@type\":\"Article\",\"@id\":\"https:\\\/\\\/agenciabrasil.ebc.com.br\\\/politica\\\/noticia\\\/2026-07\\\/dividas-rurais-serao-reguladas-por-medida-provisoria#article\",\"isPartOf\":{\"@id\":\"https:\\\/\\\/mrnews.com.br\\\/index.php\\\/2026\\\/07\\\/15\\\/dividas-rurais-serao-reguladas-por-medida-provisoria\\\/\"},\"author\":{\"name\":\"MR News\",\"@id\":\"https:\\\/\\\/mrnews.com.br\\\/#\\\/schema\\\/person\\\/be3203154562a9f207407861cef7827b\"},\"headline\":\"D\u00edvidas rurais ser\u00e3o reguladas por medida provis\u00f3ria\",\"datePublished\":\"2026-07-15T19:34:09+00:00\",\"mainEntityOfPage\":{\"@id\":\"https:\\\/\\\/mrnews.com.br\\\/index.php\\\/2026\\\/07\\\/15\\\/dividas-rurais-serao-reguladas-por-medida-provisoria\\\/\"},\"wordCount\":708,\"commentCount\":0,\"publisher\":{\"@id\":\"https:\\\/\\\/mrnews.com.br\\\/#organization\"},\"articleSection\":[\"ENTRETENIMENTO\",\"NOTICIAS\",\"SERVI\u00c7OS\"],\"inLanguage\":\"pt-BR\",\"potentialAction\":[{\"@type\":\"CommentAction\",\"name\":\"Comment\",\"target\":[\"https:\\\/\\\/agenciabrasil.ebc.com.br\\\/politica\\\/noticia\\\/2026-07\\\/dividas-rurais-serao-reguladas-por-medida-provisoria#respond\"]}]},{\"@type\":\"WebPage\",\"@id\":\"https:\\\/\\\/mrnews.com.br\\\/index.php\\\/2026\\\/07\\\/15\\\/dividas-rurais-serao-reguladas-por-medida-provisoria\\\/\",\"url\":\"https:\\\/\\\/agenciabrasil.ebc.com.br\\\/politica\\\/noticia\\\/2026-07\\\/dividas-rurais-serao-reguladas-por-medida-provisoria\",\"name\":\"D\u00edvidas rurais ser\u00e3o reguladas por medida provis\u00f3ria\",\"isPartOf\":{\"@id\":\"https:\\\/\\\/mrnews.com.br\\\/#website\"},\"datePublished\":\"2026-07-15T19:34:09+00:00\",\"breadcrumb\":{\"@id\":\"https:\\\/\\\/agenciabrasil.ebc.com.br\\\/politica\\\/noticia\\\/2026-07\\\/dividas-rurais-serao-reguladas-por-medida-provisoria#breadcrumb\"},\"inLanguage\":\"pt-BR\",\"potentialAction\":[{\"@type\":\"ReadAction\",\"target\":[\"https:\\\/\\\/agenciabrasil.ebc.com.br\\\/politica\\\/noticia\\\/2026-07\\\/dividas-rurais-serao-reguladas-por-medida-provisoria\"]}]},{\"@type\":\"BreadcrumbList\",\"@id\":\"https:\\\/\\\/agenciabrasil.ebc.com.br\\\/politica\\\/noticia\\\/2026-07\\\/dividas-rurais-serao-reguladas-por-medida-provisoria#breadcrumb\",\"itemListElement\":[{\"@type\":\"ListItem\",\"position\":1,\"name\":\"In\u00edcio\",\"item\":\"https:\\\/\\\/mrnews.com.br\\\/\"},{\"@type\":\"ListItem\",\"position\":2,\"name\":\"D\u00edvidas rurais ser\u00e3o reguladas por medida provis\u00f3ria\"}]},{\"@type\":\"WebSite\",\"@id\":\"https:\\\/\\\/mrnews.com.br\\\/#website\",\"url\":\"https:\\\/\\\/mrnews.com.br\\\/\",\"name\":\"MRNews\",\"description\":\"MRNews Jogos de hoje da TV, transmiss\u00f5es ao vivo, Not\u00edcias de futebol, Jogos ao vivo, Lives, resumo de novelas, Programa\u00e7\u00e3o da Globo, A Fazenda e BBB\",\"publisher\":{\"@id\":\"https:\\\/\\\/mrnews.com.br\\\/#organization\"},\"potentialAction\":[{\"@type\":\"SearchAction\",\"target\":{\"@type\":\"EntryPoint\",\"urlTemplate\":\"https:\\\/\\\/mrnews.com.br\\\/?s={search_term_string}\"},\"query-input\":{\"@type\":\"PropertyValueSpecification\",\"valueRequired\":true,\"valueName\":\"search_term_string\"}}],\"inLanguage\":\"pt-BR\"},{\"@type\":\"Organization\",\"@id\":\"https:\\\/\\\/mrnews.com.br\\\/#organization\",\"name\":\"MRNews\",\"url\":\"https:\\\/\\\/mrnews.com.br\\\/\",\"logo\":{\"@type\":\"ImageObject\",\"inLanguage\":\"pt-BR\",\"@id\":\"https:\\\/\\\/mrnews.com.br\\\/#\\\/schema\\\/logo\\\/image\\\/\",\"url\":\"https:\\\/\\\/mrnews.com.br\\\/wp-content\\\/uploads\\\/2026\\\/08\\\/MRNEws.png\",\"contentUrl\":\"https:\\\/\\\/mrnews.com.br\\\/wp-content\\\/uploads\\\/2026\\\/08\\\/MRNEws.png\",\"width\":1254,\"height\":1254,\"caption\":\"MRNews\"},\"image\":{\"@id\":\"https:\\\/\\\/mrnews.com.br\\\/#\\\/schema\\\/logo\\\/image\\\/\"},\"sameAs\":[\"https:\\\/\\\/www.facebook.com\\\/eaipahpah\\\/?locale2=pt_BR\",\"https:\\\/\\\/x.com\\\/conspirou\",\"https:\\\/\\\/www.instagram.com\\\/eai_pahpah\",\"https:\\\/\\\/br.pinterest.com\\\/mrnewsn\\\/boards\\\/\",\"https:\\\/\\\/www.youtube.com\\\/channel\\\/UCacgnpznQ61fifLWr1tQ-vA?view_as=subscriber\"]},{\"@type\":\"Person\",\"@id\":\"https:\\\/\\\/mrnews.com.br\\\/#\\\/schema\\\/person\\\/be3203154562a9f207407861cef7827b\",\"name\":\"MR News\",\"image\":{\"@type\":\"ImageObject\",\"inLanguage\":\"pt-BR\",\"@id\":\"https:\\\/\\\/secure.gravatar.com\\\/avatar\\\/04084e6d73c042b8646e7c17b494073bf0ede3ea13c7105cfc45cbbbc28385a4?s=96&d=monsterid&r=g\",\"url\":\"https:\\\/\\\/secure.gravatar.com\\\/avatar\\\/04084e6d73c042b8646e7c17b494073bf0ede3ea13c7105cfc45cbbbc28385a4?s=96&d=monsterid&r=g\",\"contentUrl\":\"https:\\\/\\\/secure.gravatar.com\\\/avatar\\\/04084e6d73c042b8646e7c17b494073bf0ede3ea13c7105cfc45cbbbc28385a4?s=96&d=monsterid&r=g\",\"caption\":\"MR News\"},\"description\":\"Especializado em jornalismo colaborativo pela FTP em n\u00edvel de p\u00f3s-gradua\u00e7\u00e3o. suporte@oimeliga.combr\",\"sameAs\":[\"HUGO R.\",\"Admin\"],\"url\":\"https:\\\/\\\/mrnews.com.br\\\/index.php\\\/author\\\/admin\\\/\"}]}<\/script>\n<!-- \/ Yoast SEO plugin. -->","yoast_head_json":{"title":"D\u00edvidas rurais ser\u00e3o reguladas por medida provis\u00f3ria","robots":{"index":"index","follow":"follow","max-snippet":"max-snippet:-1","max-image-preview":"max-image-preview:large","max-video-preview":"max-video-preview:-1"},"canonical":"https:\/\/agenciabrasil.ebc.com.br\/politica\/noticia\/2026-07\/dividas-rurais-serao-reguladas-por-medida-provisoria","og_locale":"pt_BR","og_type":"article","og_title":"D\u00edvidas rurais ser\u00e3o reguladas por medida provis\u00f3ria","og_description":"Por EBC, O governo federal e o Congresso Nacional fecharam nesta quarta-feira (15) um acordo para substituir o projeto de lei que tratava da renegocia\u00e7\u00e3o de d\u00edvidas rurais por uma medida provis\u00f3ria (MP). O an\u00fancio foi feito pelo presidente da C\u00e2mara dos Deputados, Hugo Motta, ap\u00f3s reuni\u00e3o com ministros, parlamentares e representantes da Frente Parlamentar &hellip;","og_url":"https:\/\/agenciabrasil.ebc.com.br\/politica\/noticia\/2026-07\/dividas-rurais-serao-reguladas-por-medida-provisoria","og_site_name":"MRNews","article_publisher":"https:\/\/www.facebook.com\/eaipahpah\/?locale2=pt_BR","article_published_time":"2026-07-15T19:34:09+00:00","author":"MR News","twitter_card":"summary_large_image","twitter_creator":"@conspirou","twitter_site":"@conspirou","twitter_misc":{"Escrito por":"MR News","Est. tempo de leitura":"3 minutos"},"schema":{"@context":"https:\/\/schema.org","@graph":[{"@type":"Article","@id":"https:\/\/agenciabrasil.ebc.com.br\/politica\/noticia\/2026-07\/dividas-rurais-serao-reguladas-por-medida-provisoria#article","isPartOf":{"@id":"https:\/\/mrnews.com.br\/index.php\/2026\/07\/15\/dividas-rurais-serao-reguladas-por-medida-provisoria\/"},"author":{"name":"MR News","@id":"https:\/\/mrnews.com.br\/#\/schema\/person\/be3203154562a9f207407861cef7827b"},"headline":"D\u00edvidas rurais ser\u00e3o reguladas por medida provis\u00f3ria","datePublished":"2026-07-15T19:34:09+00:00","mainEntityOfPage":{"@id":"https:\/\/mrnews.com.br\/index.php\/2026\/07\/15\/dividas-rurais-serao-reguladas-por-medida-provisoria\/"},"wordCount":708,"commentCount":0,"publisher":{"@id":"https:\/\/mrnews.com.br\/#organization"},"articleSection":["ENTRETENIMENTO","NOTICIAS","SERVI\u00c7OS"],"inLanguage":"pt-BR","potentialAction":[{"@type":"CommentAction","name":"Comment","target":["https:\/\/agenciabrasil.ebc.com.br\/politica\/noticia\/2026-07\/dividas-rurais-serao-reguladas-por-medida-provisoria#respond"]}]},{"@type":"WebPage","@id":"https:\/\/mrnews.com.br\/index.php\/2026\/07\/15\/dividas-rurais-serao-reguladas-por-medida-provisoria\/","url":"https:\/\/agenciabrasil.ebc.com.br\/politica\/noticia\/2026-07\/dividas-rurais-serao-reguladas-por-medida-provisoria","name":"D\u00edvidas rurais ser\u00e3o reguladas por medida provis\u00f3ria","isPartOf":{"@id":"https:\/\/mrnews.com.br\/#website"},"datePublished":"2026-07-15T19:34:09+00:00","breadcrumb":{"@id":"https:\/\/agenciabrasil.ebc.com.br\/politica\/noticia\/2026-07\/dividas-rurais-serao-reguladas-por-medida-provisoria#breadcrumb"},"inLanguage":"pt-BR","potentialAction":[{"@type":"ReadAction","target":["https:\/\/agenciabrasil.ebc.com.br\/politica\/noticia\/2026-07\/dividas-rurais-serao-reguladas-por-medida-provisoria"]}]},{"@type":"BreadcrumbList","@id":"https:\/\/agenciabrasil.ebc.com.br\/politica\/noticia\/2026-07\/dividas-rurais-serao-reguladas-por-medida-provisoria#breadcrumb","itemListElement":[{"@type":"ListItem","position":1,"name":"In\u00edcio","item":"https:\/\/mrnews.com.br\/"},{"@type":"ListItem","position":2,"name":"D\u00edvidas rurais ser\u00e3o reguladas por medida provis\u00f3ria"}]},{"@type":"WebSite","@id":"https:\/\/mrnews.com.br\/#website","url":"https:\/\/mrnews.com.br\/","name":"MRNews","description":"MRNews Jogos de hoje da TV, transmiss\u00f5es ao vivo, Not\u00edcias de futebol, Jogos ao vivo, Lives, resumo de novelas, Programa\u00e7\u00e3o da Globo, A Fazenda e BBB","publisher":{"@id":"https:\/\/mrnews.com.br\/#organization"},"potentialAction":[{"@type":"SearchAction","target":{"@type":"EntryPoint","urlTemplate":"https:\/\/mrnews.com.br\/?s={search_term_string}"},"query-input":{"@type":"PropertyValueSpecification","valueRequired":true,"valueName":"search_term_string"}}],"inLanguage":"pt-BR"},{"@type":"Organization","@id":"https:\/\/mrnews.com.br\/#organization","name":"MRNews","url":"https:\/\/mrnews.com.br\/","logo":{"@type":"ImageObject","inLanguage":"pt-BR","@id":"https:\/\/mrnews.com.br\/#\/schema\/logo\/image\/","url":"https:\/\/mrnews.com.br\/wp-content\/uploads\/2026\/08\/MRNEws.png","contentUrl":"https:\/\/mrnews.com.br\/wp-content\/uploads\/2026\/08\/MRNEws.png","width":1254,"height":1254,"caption":"MRNews"},"image":{"@id":"https:\/\/mrnews.com.br\/#\/schema\/logo\/image\/"},"sameAs":["https:\/\/www.facebook.com\/eaipahpah\/?locale2=pt_BR","https:\/\/x.com\/conspirou","https:\/\/www.instagram.com\/eai_pahpah","https:\/\/br.pinterest.com\/mrnewsn\/boards\/","https:\/\/www.youtube.com\/channel\/UCacgnpznQ61fifLWr1tQ-vA?view_as=subscriber"]},{"@type":"Person","@id":"https:\/\/mrnews.com.br\/#\/schema\/person\/be3203154562a9f207407861cef7827b","name":"MR News","image":{"@type":"ImageObject","inLanguage":"pt-BR","@id":"https:\/\/secure.gravatar.com\/avatar\/04084e6d73c042b8646e7c17b494073bf0ede3ea13c7105cfc45cbbbc28385a4?s=96&d=monsterid&r=g","url":"https:\/\/secure.gravatar.com\/avatar\/04084e6d73c042b8646e7c17b494073bf0ede3ea13c7105cfc45cbbbc28385a4?s=96&d=monsterid&r=g","contentUrl":"https:\/\/secure.gravatar.com\/avatar\/04084e6d73c042b8646e7c17b494073bf0ede3ea13c7105cfc45cbbbc28385a4?s=96&d=monsterid&r=g","caption":"MR News"},"description":"Especializado em jornalismo colaborativo pela FTP em n\u00edvel de p\u00f3s-gradua\u00e7\u00e3o. suporte@oimeliga.combr","sameAs":["HUGO R.","Admin"],"url":"https:\/\/mrnews.com.br\/index.php\/author\/admin\/"}]}},"jetpack_sharing_enabled":true,"jetpack_shortlink":"https:\/\/wp.me\/pa2Qf7-1WEi","amp_enabled":true,"jetpack_featured_media_url":"","_links":{"self":[{"href":"https:\/\/mrnews.com.br\/index.php\/wp-json\/wp\/v2\/posts\/463778","targetHints":{"allow":["GET"]}}],"collection":[{"href":"https:\/\/mrnews.com.br\/index.php\/wp-json\/wp\/v2\/posts"}],"about":[{"href":"https:\/\/mrnews.com.br\/index.php\/wp-json\/wp\/v2\/types\/post"}],"author":[{"embeddable":true,"href":"https:\/\/mrnews.com.br\/index.php\/wp-json\/wp\/v2\/users\/1"}],"replies":[{"embeddable":true,"href":"https:\/\/mrnews.com.br\/index.php\/wp-json\/wp\/v2\/comments?post=463778"}],"version-history":[{"count":0,"href":"https:\/\/mrnews.com.br\/index.php\/wp-json\/wp\/v2\/posts\/463778\/revisions"}],"wp:attachment":[{"href":"https:\/\/mrnews.com.br\/index.php\/wp-json\/wp\/v2\/media?parent=463778"}],"wp:term":[{"taxonomy":"category","embeddable":true,"href":"https:\/\/mrnews.com.br\/index.php\/wp-json\/wp\/v2\/categories?post=463778"},{"taxonomy":"post_tag","embeddable":true,"href":"https:\/\/mrnews.com.br\/index.php\/wp-json\/wp\/v2\/tags?post=463778"}],"curies":[{"name":"wp","href":"https:\/\/api.w.org\/{rel}","templated":true}]}}