{"id":463940,"date":"2026-07-17T22:58:15","date_gmt":"2026-07-18T01:58:15","guid":{"rendered":"https:\/\/mrnews.com.br\/?p=463940"},"modified":"2026-07-17T22:58:15","modified_gmt":"2026-07-18T01:58:15","slug":"quem-eram-o-casal-e-a-filha-que-morreram-em-grave-acidente-na-rodovia-fernao-dias-em-minas-gerais","status":"publish","type":"post","link":"https:\/\/mrnews.com.br\/index.php\/2026\/07\/17\/quem-eram-o-casal-e-a-filha-que-morreram-em-grave-acidente-na-rodovia-fernao-dias-em-minas-gerais\/","title":{"rendered":"Quem eram o casal e a filha que morreram em grave acidente na Rodovia Fern\u00e3o Dias, em Minas Gerais"},"content":{"rendered":"<p>Quem eram o casal e a filha que morreram em grave acidente na Rodovia Fern\u00e3o Dias, em Minas Gerais<\/p>\n<p>Uma trag\u00e9dia na <strong>Rodovia Fern\u00e3o Dias (BR-381)<\/strong> comoveu moradores de Minas Gerais nesta semana. Um casal e a filha adolescente morreram ap\u00f3s um grave acidente registrado na noite de segunda-feira (13), no munic\u00edpio de <strong>Campanha<\/strong>, no Sul de Minas. As v\u00edtimas eram moradores de <strong>Belo Horizonte<\/strong> e foram sepultadas na quarta-feira (15), sob forte como\u00e7\u00e3o de familiares, amigos e membros da igreja que frequentavam.<\/p>\n<h2>V\u00edtimas foram identificadas<\/h2>\n<p>As v\u00edtimas fatais foram identificadas como:<\/p>\n<ul>\n<li><strong>Jefferson Rodrigues Ferreira<\/strong>, de 40 anos;<\/li>\n<li><strong>Sirlene Marques de Souza<\/strong>, de 41 anos, conhecida como <strong>Leninha<\/strong>;<\/li>\n<li><strong>Lara Ferreira Marques<\/strong>, de 16 anos.<\/li>\n<\/ul>\n<p>A morte da adolescente tornou a trag\u00e9dia ainda mais dolorosa. Lara completaria <strong>17 anos no dia 14 de julho<\/strong>, apenas um dia ap\u00f3s o acidente que tirou a vida de toda a fam\u00edlia.<\/p>\n<h2>Fam\u00edlia era conhecida na igreja<\/h2>\n<p>Segundo informa\u00e7\u00f5es divulgadas pela <strong>Assembleia de Deus Regional Guarani S\u00e3o Bernardo<\/strong>, em Belo Horizonte, Sirlene Marques de Souza atuava como coordenadora do Departamento Feminino da congrega\u00e7\u00e3o e era bastante conhecida entre os fi\u00e9is.<\/p>\n<p>Em nota oficial, a igreja lamentou profundamente a perda da fam\u00edlia e prestou solidariedade aos parentes e amigos.<\/p>\n<blockquote><p>&#8220;Manifestamos nossa solidariedade e expressamos nossas mais sinceras condol\u00eancias aos familiares e amigos, rogando a Deus que conceda consolo, for\u00e7a e paz neste momento de dor&#8221;, destacou a institui\u00e7\u00e3o.<\/p><\/blockquote>\n<p>O vel\u00f3rio foi realizado na sede da igreja, localizada no Bairro Guarani, em Belo Horizonte. J\u00e1 o sepultamento aconteceu no <strong>Cemit\u00e9rio Belo Vale<\/strong>, em Santa Luzia, na Regi\u00e3o Metropolitana da capital mineira.<\/p>\n<h2>Como aconteceu o acidente<\/h2>\n<p>De acordo com a <strong>Pol\u00edcia Rodovi\u00e1ria Federal (PRF)<\/strong>, o acidente ocorreu por volta das <strong>19h18<\/strong>, no <strong>quil\u00f4metro 777,6 da BR-381<\/strong>, em Campanha.<\/p>\n<p>A fam\u00edlia viajava em um <strong>Toyota Corolla<\/strong>, que seguia no sentido Belo Horizonte. Por raz\u00f5es que ainda est\u00e3o sendo investigadas, o ve\u00edculo atravessou o canteiro central da rodovia e invadiu a pista contr\u00e1ria, colidindo frontalmente com uma carreta carregada com aproximadamente <strong>45 toneladas de soja<\/strong>, que seguia em dire\u00e7\u00e3o a S\u00e3o Paulo.<\/p>\n<p>Com a viol\u00eancia do impacto, Jefferson, Sirlene e Lara morreram ainda no local.<\/p>\n<h2>Motorista da carreta teve ferimentos leves<\/h2>\n<p>O condutor da carreta sofreu apenas ferimentos leves. Conforme informou a PRF, ele permaneceu no local do acidente, colaborou com as autoridades e realizou o teste do baf\u00f4metro, cujo resultado foi negativo para consumo de \u00e1lcool.<\/p>\n<p>Ap\u00f3s a colis\u00e3o, a carreta saiu da pista e tombou \u00e0s margens da rodovia, espalhando a carga de soja pela faixa de dom\u00ednio da BR-381.<\/p>\n<h2>Tr\u00e2nsito ficou parcialmente interditado<\/h2>\n<p>A concession\u00e1ria respons\u00e1vel pela administra\u00e7\u00e3o da Rodovia Fern\u00e3o Dias informou que a faixa da direita e o acostamento permaneceram interditados durante o atendimento da ocorr\u00eancia.<\/p>\n<p>O acidente provocou cerca de <strong>tr\u00eas quil\u00f4metros de congestionamento<\/strong>, e a rodovia s\u00f3 foi totalmente liberada durante a madrugada de ter\u00e7a-feira (14).<\/p>\n<h2>Pol\u00edcia Civil investiga as causas<\/h2>\n<p>A <strong>Pol\u00edcia Civil de Minas Gerais (PCMG)<\/strong> instaurou investiga\u00e7\u00e3o para apurar as circunst\u00e2ncias do acidente.<\/p>\n<p>At\u00e9 o momento, n\u00e3o foi divulgado o que levou o autom\u00f3vel a atravessar o canteiro central e invadir a pista contr\u00e1ria. A per\u00edcia t\u00e9cnica foi realizada no local, e novos detalhes dever\u00e3o ser divulgados conforme o andamento das investiga\u00e7\u00f5es.<\/p>\n<h2>Como\u00e7\u00e3o nas redes sociais<\/h2>\n<p>A morte da fam\u00edlia gerou grande repercuss\u00e3o nas redes sociais. Amigos, familiares e membros da comunidade religiosa prestaram homenagens \u00e0s v\u00edtimas, destacando a dedica\u00e7\u00e3o de Sirlene \u00e0 igreja, o carinho de Jefferson pela fam\u00edlia e os sonhos da jovem Lara, cuja vida foi interrompida \u00e0s v\u00e9speras de completar mais um ano de idade.<\/p>\n<p>A trag\u00e9dia refor\u00e7a a preocupa\u00e7\u00e3o com os acidentes registrados na BR-381, uma das rodovias com maior movimento do pa\u00eds, frequentemente palco de graves ocorr\u00eancias.<\/p>\n<p><strong>Tags:<\/strong> BR-381, Fern\u00e3o Dias, acidente Fern\u00e3o Dias, Campanha MG, Belo Horizonte, Jefferson Rodrigues Ferreira, Sirlene Marques de Souza, Lara Ferreira Marques, acidente BR-381, Pol\u00edcia Rodovi\u00e1ria Federal, Sul de Minas, not\u00edcias de Minas Gerais, MRNews.<\/p>\n","protected":false},"excerpt":{"rendered":"<p>Quem eram o casal e a filha que morreram em grave acidente na Rodovia Fern\u00e3o Dias, em Minas Gerais Uma trag\u00e9dia na Rodovia Fern\u00e3o Dias (BR-381) comoveu moradores de Minas Gerais nesta semana. Um casal e a filha adolescente morreram ap\u00f3s um grave acidente registrado na noite de segunda-feira (13), no munic\u00edpio de Campanha, no &hellip;<\/p>\n","protected":false},"author":1,"featured_media":352379,"comment_status":"open","ping_status":"open","sticky":false,"template":"","format":"standard","meta":{"_jetpack_newsletter_access":"","_jetpack_dont_email_post_to_subs":false,"_jetpack_newsletter_tier_id":0,"_jetpack_memberships_contains_paywalled_content":false,"_jetpack_feature_clip_id":0,"_jetpack_memberships_contains_paid_content":false,"footnotes":"","jetpack_post_was_ever_published":false},"categories":[13978,2],"tags":[],"class_list":["post-463940","post","type-post","status-publish","format-standard","has-post-thumbnail","hentry","category-bancos-e-financas","category-entretenimento"],"yoast_head":"<!-- This site is optimized with the Yoast SEO plugin v28.4 - https:\/\/yoast.com\/product\/yoast-seo-wordpress\/ -->\n<title>Quem eram o casal e a filha que morreram em grave acidente na Rodovia Fern\u00e3o Dias, em Minas Gerais<\/title>\n<meta name=\"robots\" content=\"index, follow, max-snippet:-1, max-image-preview:large, max-video-preview:-1\" \/>\n<link rel=\"canonical\" href=\"https:\/\/mrnews.com.br\/index.php\/2026\/07\/17\/quem-eram-o-casal-e-a-filha-que-morreram-em-grave-acidente-na-rodovia-fernao-dias-em-minas-gerais\/\" \/>\n<meta property=\"og:locale\" content=\"pt_BR\" \/>\n<meta property=\"og:type\" content=\"article\" \/>\n<meta property=\"og:title\" content=\"Quem eram o casal e a filha que morreram em grave acidente na Rodovia Fern\u00e3o Dias, em Minas Gerais\" \/>\n<meta property=\"og:description\" content=\"Quem eram o casal e a filha que morreram em grave acidente na Rodovia Fern\u00e3o Dias, em Minas Gerais Uma trag\u00e9dia na Rodovia Fern\u00e3o Dias (BR-381) comoveu moradores de Minas Gerais nesta semana. Um casal e a filha adolescente morreram ap\u00f3s um grave acidente registrado na noite de segunda-feira (13), no munic\u00edpio de Campanha, no &hellip;\" \/>\n<meta property=\"og:url\" content=\"https:\/\/mrnews.com.br\/index.php\/2026\/07\/17\/quem-eram-o-casal-e-a-filha-que-morreram-em-grave-acidente-na-rodovia-fernao-dias-em-minas-gerais\/\" \/>\n<meta property=\"og:site_name\" content=\"MRNews\" \/>\n<meta property=\"article:publisher\" content=\"https:\/\/www.facebook.com\/eaipahpah\/?locale2=pt_BR\" \/>\n<meta property=\"article:published_time\" content=\"2026-07-18T01:58:15+00:00\" \/>\n<meta property=\"og:image\" content=\"https:\/\/mrnews.com.br\/wp-content\/uploads\/2022\/06\/luto-ator-famoso.jpeg\" \/>\n\t<meta property=\"og:image:width\" content=\"696\" \/>\n\t<meta property=\"og:image:height\" content=\"365\" \/>\n\t<meta property=\"og:image:type\" content=\"image\/jpeg\" \/>\n<meta name=\"author\" content=\"MR News\" \/>\n<meta name=\"twitter:card\" content=\"summary_large_image\" \/>\n<meta name=\"twitter:creator\" content=\"@conspirou\" \/>\n<meta name=\"twitter:site\" content=\"@conspirou\" \/>\n<meta name=\"twitter:label1\" content=\"Escrito por\" \/>\n\t<meta name=\"twitter:data1\" content=\"MR News\" \/>\n\t<meta name=\"twitter:label2\" content=\"Est. tempo de leitura\" \/>\n\t<meta name=\"twitter:data2\" content=\"4 minutos\" \/>\n<script type=\"application\/ld+json\" class=\"yoast-schema-graph\">{\"@context\":\"https:\\\/\\\/schema.org\",\"@graph\":[{\"@type\":\"Article\",\"@id\":\"https:\\\/\\\/mrnews.com.br\\\/index.php\\\/2026\\\/07\\\/17\\\/quem-eram-o-casal-e-a-filha-que-morreram-em-grave-acidente-na-rodovia-fernao-dias-em-minas-gerais\\\/#article\",\"isPartOf\":{\"@id\":\"https:\\\/\\\/mrnews.com.br\\\/index.php\\\/2026\\\/07\\\/17\\\/quem-eram-o-casal-e-a-filha-que-morreram-em-grave-acidente-na-rodovia-fernao-dias-em-minas-gerais\\\/\"},\"author\":{\"name\":\"MR News\",\"@id\":\"https:\\\/\\\/mrnews.com.br\\\/#\\\/schema\\\/person\\\/be3203154562a9f207407861cef7827b\"},\"headline\":\"Quem eram o casal e a filha que morreram em grave acidente na Rodovia Fern\u00e3o Dias, em Minas Gerais\",\"datePublished\":\"2026-07-18T01:58:15+00:00\",\"mainEntityOfPage\":{\"@id\":\"https:\\\/\\\/mrnews.com.br\\\/index.php\\\/2026\\\/07\\\/17\\\/quem-eram-o-casal-e-a-filha-que-morreram-em-grave-acidente-na-rodovia-fernao-dias-em-minas-gerais\\\/\"},\"wordCount\":732,\"commentCount\":0,\"publisher\":{\"@id\":\"https:\\\/\\\/mrnews.com.br\\\/#organization\"},\"image\":{\"@id\":\"https:\\\/\\\/mrnews.com.br\\\/index.php\\\/2026\\\/07\\\/17\\\/quem-eram-o-casal-e-a-filha-que-morreram-em-grave-acidente-na-rodovia-fernao-dias-em-minas-gerais\\\/#primaryimage\"},\"thumbnailUrl\":\"https:\\\/\\\/mrnews.com.br\\\/wp-content\\\/uploads\\\/2022\\\/06\\\/luto-ator-famoso.jpeg\",\"articleSection\":[\"Bancos e Finan\u00e7as\",\"ENTRETENIMENTO\"],\"inLanguage\":\"pt-BR\",\"potentialAction\":[{\"@type\":\"CommentAction\",\"name\":\"Comment\",\"target\":[\"https:\\\/\\\/mrnews.com.br\\\/index.php\\\/2026\\\/07\\\/17\\\/quem-eram-o-casal-e-a-filha-que-morreram-em-grave-acidente-na-rodovia-fernao-dias-em-minas-gerais\\\/#respond\"]}]},{\"@type\":\"WebPage\",\"@id\":\"https:\\\/\\\/mrnews.com.br\\\/index.php\\\/2026\\\/07\\\/17\\\/quem-eram-o-casal-e-a-filha-que-morreram-em-grave-acidente-na-rodovia-fernao-dias-em-minas-gerais\\\/\",\"url\":\"https:\\\/\\\/mrnews.com.br\\\/index.php\\\/2026\\\/07\\\/17\\\/quem-eram-o-casal-e-a-filha-que-morreram-em-grave-acidente-na-rodovia-fernao-dias-em-minas-gerais\\\/\",\"name\":\"Quem eram o casal e a filha que morreram em grave acidente na Rodovia Fern\u00e3o Dias, em Minas Gerais\",\"isPartOf\":{\"@id\":\"https:\\\/\\\/mrnews.com.br\\\/#website\"},\"primaryImageOfPage\":{\"@id\":\"https:\\\/\\\/mrnews.com.br\\\/index.php\\\/2026\\\/07\\\/17\\\/quem-eram-o-casal-e-a-filha-que-morreram-em-grave-acidente-na-rodovia-fernao-dias-em-minas-gerais\\\/#primaryimage\"},\"image\":{\"@id\":\"https:\\\/\\\/mrnews.com.br\\\/index.php\\\/2026\\\/07\\\/17\\\/quem-eram-o-casal-e-a-filha-que-morreram-em-grave-acidente-na-rodovia-fernao-dias-em-minas-gerais\\\/#primaryimage\"},\"thumbnailUrl\":\"https:\\\/\\\/mrnews.com.br\\\/wp-content\\\/uploads\\\/2022\\\/06\\\/luto-ator-famoso.jpeg\",\"datePublished\":\"2026-07-18T01:58:15+00:00\",\"breadcrumb\":{\"@id\":\"https:\\\/\\\/mrnews.com.br\\\/index.php\\\/2026\\\/07\\\/17\\\/quem-eram-o-casal-e-a-filha-que-morreram-em-grave-acidente-na-rodovia-fernao-dias-em-minas-gerais\\\/#breadcrumb\"},\"inLanguage\":\"pt-BR\",\"potentialAction\":[{\"@type\":\"ReadAction\",\"target\":[\"https:\\\/\\\/mrnews.com.br\\\/index.php\\\/2026\\\/07\\\/17\\\/quem-eram-o-casal-e-a-filha-que-morreram-em-grave-acidente-na-rodovia-fernao-dias-em-minas-gerais\\\/\"]}]},{\"@type\":\"ImageObject\",\"inLanguage\":\"pt-BR\",\"@id\":\"https:\\\/\\\/mrnews.com.br\\\/index.php\\\/2026\\\/07\\\/17\\\/quem-eram-o-casal-e-a-filha-que-morreram-em-grave-acidente-na-rodovia-fernao-dias-em-minas-gerais\\\/#primaryimage\",\"url\":\"https:\\\/\\\/mrnews.com.br\\\/wp-content\\\/uploads\\\/2022\\\/06\\\/luto-ator-famoso.jpeg\",\"contentUrl\":\"https:\\\/\\\/mrnews.com.br\\\/wp-content\\\/uploads\\\/2022\\\/06\\\/luto-ator-famoso.jpeg\",\"width\":696,\"height\":365},{\"@type\":\"BreadcrumbList\",\"@id\":\"https:\\\/\\\/mrnews.com.br\\\/index.php\\\/2026\\\/07\\\/17\\\/quem-eram-o-casal-e-a-filha-que-morreram-em-grave-acidente-na-rodovia-fernao-dias-em-minas-gerais\\\/#breadcrumb\",\"itemListElement\":[{\"@type\":\"ListItem\",\"position\":1,\"name\":\"In\u00edcio\",\"item\":\"https:\\\/\\\/mrnews.com.br\\\/\"},{\"@type\":\"ListItem\",\"position\":2,\"name\":\"Quem eram o casal e a filha que morreram em grave acidente na Rodovia Fern\u00e3o Dias, em Minas Gerais\"}]},{\"@type\":\"WebSite\",\"@id\":\"https:\\\/\\\/mrnews.com.br\\\/#website\",\"url\":\"https:\\\/\\\/mrnews.com.br\\\/\",\"name\":\"MRNews\",\"description\":\"MRNews Jogos de hoje da TV, transmiss\u00f5es ao vivo, Not\u00edcias de futebol, Jogos ao vivo, Lives, resumo de novelas, Programa\u00e7\u00e3o da Globo, A Fazenda e BBB\",\"publisher\":{\"@id\":\"https:\\\/\\\/mrnews.com.br\\\/#organization\"},\"potentialAction\":[{\"@type\":\"SearchAction\",\"target\":{\"@type\":\"EntryPoint\",\"urlTemplate\":\"https:\\\/\\\/mrnews.com.br\\\/?s={search_term_string}\"},\"query-input\":{\"@type\":\"PropertyValueSpecification\",\"valueRequired\":true,\"valueName\":\"search_term_string\"}}],\"inLanguage\":\"pt-BR\"},{\"@type\":\"Organization\",\"@id\":\"https:\\\/\\\/mrnews.com.br\\\/#organization\",\"name\":\"MRNews\",\"url\":\"https:\\\/\\\/mrnews.com.br\\\/\",\"logo\":{\"@type\":\"ImageObject\",\"inLanguage\":\"pt-BR\",\"@id\":\"https:\\\/\\\/mrnews.com.br\\\/#\\\/schema\\\/logo\\\/image\\\/\",\"url\":\"https:\\\/\\\/mrnews.com.br\\\/wp-content\\\/uploads\\\/2026\\\/08\\\/MRNEws.png\",\"contentUrl\":\"https:\\\/\\\/mrnews.com.br\\\/wp-content\\\/uploads\\\/2026\\\/08\\\/MRNEws.png\",\"width\":1254,\"height\":1254,\"caption\":\"MRNews\"},\"image\":{\"@id\":\"https:\\\/\\\/mrnews.com.br\\\/#\\\/schema\\\/logo\\\/image\\\/\"},\"sameAs\":[\"https:\\\/\\\/www.facebook.com\\\/eaipahpah\\\/?locale2=pt_BR\",\"https:\\\/\\\/x.com\\\/conspirou\",\"https:\\\/\\\/www.instagram.com\\\/eai_pahpah\",\"https:\\\/\\\/br.pinterest.com\\\/mrnewsn\\\/boards\\\/\",\"https:\\\/\\\/www.youtube.com\\\/channel\\\/UCacgnpznQ61fifLWr1tQ-vA?view_as=subscriber\"]},{\"@type\":\"Person\",\"@id\":\"https:\\\/\\\/mrnews.com.br\\\/#\\\/schema\\\/person\\\/be3203154562a9f207407861cef7827b\",\"name\":\"MR News\",\"image\":{\"@type\":\"ImageObject\",\"inLanguage\":\"pt-BR\",\"@id\":\"https:\\\/\\\/secure.gravatar.com\\\/avatar\\\/04084e6d73c042b8646e7c17b494073bf0ede3ea13c7105cfc45cbbbc28385a4?s=96&d=monsterid&r=g\",\"url\":\"https:\\\/\\\/secure.gravatar.com\\\/avatar\\\/04084e6d73c042b8646e7c17b494073bf0ede3ea13c7105cfc45cbbbc28385a4?s=96&d=monsterid&r=g\",\"contentUrl\":\"https:\\\/\\\/secure.gravatar.com\\\/avatar\\\/04084e6d73c042b8646e7c17b494073bf0ede3ea13c7105cfc45cbbbc28385a4?s=96&d=monsterid&r=g\",\"caption\":\"MR News\"},\"description\":\"Especializado em jornalismo colaborativo pela FTP em n\u00edvel de p\u00f3s-gradua\u00e7\u00e3o. suporte@oimeliga.combr\",\"sameAs\":[\"HUGO R.\",\"Admin\"],\"url\":\"https:\\\/\\\/mrnews.com.br\\\/index.php\\\/author\\\/admin\\\/\"}]}<\/script>\n<!-- \/ Yoast SEO plugin. -->","yoast_head_json":{"title":"Quem eram o casal e a filha que morreram em grave acidente na Rodovia Fern\u00e3o Dias, em Minas Gerais","robots":{"index":"index","follow":"follow","max-snippet":"max-snippet:-1","max-image-preview":"max-image-preview:large","max-video-preview":"max-video-preview:-1"},"canonical":"https:\/\/mrnews.com.br\/index.php\/2026\/07\/17\/quem-eram-o-casal-e-a-filha-que-morreram-em-grave-acidente-na-rodovia-fernao-dias-em-minas-gerais\/","og_locale":"pt_BR","og_type":"article","og_title":"Quem eram o casal e a filha que morreram em grave acidente na Rodovia Fern\u00e3o Dias, em Minas Gerais","og_description":"Quem eram o casal e a filha que morreram em grave acidente na Rodovia Fern\u00e3o Dias, em Minas Gerais Uma trag\u00e9dia na Rodovia Fern\u00e3o Dias (BR-381) comoveu moradores de Minas Gerais nesta semana. Um casal e a filha adolescente morreram ap\u00f3s um grave acidente registrado na noite de segunda-feira (13), no munic\u00edpio de Campanha, no &hellip;","og_url":"https:\/\/mrnews.com.br\/index.php\/2026\/07\/17\/quem-eram-o-casal-e-a-filha-que-morreram-em-grave-acidente-na-rodovia-fernao-dias-em-minas-gerais\/","og_site_name":"MRNews","article_publisher":"https:\/\/www.facebook.com\/eaipahpah\/?locale2=pt_BR","article_published_time":"2026-07-18T01:58:15+00:00","og_image":[{"width":696,"height":365,"url":"https:\/\/mrnews.com.br\/wp-content\/uploads\/2022\/06\/luto-ator-famoso.jpeg","type":"image\/jpeg"}],"author":"MR News","twitter_card":"summary_large_image","twitter_creator":"@conspirou","twitter_site":"@conspirou","twitter_misc":{"Escrito por":"MR News","Est. tempo de leitura":"4 minutos"},"schema":{"@context":"https:\/\/schema.org","@graph":[{"@type":"Article","@id":"https:\/\/mrnews.com.br\/index.php\/2026\/07\/17\/quem-eram-o-casal-e-a-filha-que-morreram-em-grave-acidente-na-rodovia-fernao-dias-em-minas-gerais\/#article","isPartOf":{"@id":"https:\/\/mrnews.com.br\/index.php\/2026\/07\/17\/quem-eram-o-casal-e-a-filha-que-morreram-em-grave-acidente-na-rodovia-fernao-dias-em-minas-gerais\/"},"author":{"name":"MR News","@id":"https:\/\/mrnews.com.br\/#\/schema\/person\/be3203154562a9f207407861cef7827b"},"headline":"Quem eram o casal e a filha que morreram em grave acidente na Rodovia Fern\u00e3o Dias, em Minas Gerais","datePublished":"2026-07-18T01:58:15+00:00","mainEntityOfPage":{"@id":"https:\/\/mrnews.com.br\/index.php\/2026\/07\/17\/quem-eram-o-casal-e-a-filha-que-morreram-em-grave-acidente-na-rodovia-fernao-dias-em-minas-gerais\/"},"wordCount":732,"commentCount":0,"publisher":{"@id":"https:\/\/mrnews.com.br\/#organization"},"image":{"@id":"https:\/\/mrnews.com.br\/index.php\/2026\/07\/17\/quem-eram-o-casal-e-a-filha-que-morreram-em-grave-acidente-na-rodovia-fernao-dias-em-minas-gerais\/#primaryimage"},"thumbnailUrl":"https:\/\/mrnews.com.br\/wp-content\/uploads\/2022\/06\/luto-ator-famoso.jpeg","articleSection":["Bancos e Finan\u00e7as","ENTRETENIMENTO"],"inLanguage":"pt-BR","potentialAction":[{"@type":"CommentAction","name":"Comment","target":["https:\/\/mrnews.com.br\/index.php\/2026\/07\/17\/quem-eram-o-casal-e-a-filha-que-morreram-em-grave-acidente-na-rodovia-fernao-dias-em-minas-gerais\/#respond"]}]},{"@type":"WebPage","@id":"https:\/\/mrnews.com.br\/index.php\/2026\/07\/17\/quem-eram-o-casal-e-a-filha-que-morreram-em-grave-acidente-na-rodovia-fernao-dias-em-minas-gerais\/","url":"https:\/\/mrnews.com.br\/index.php\/2026\/07\/17\/quem-eram-o-casal-e-a-filha-que-morreram-em-grave-acidente-na-rodovia-fernao-dias-em-minas-gerais\/","name":"Quem eram o casal e a filha que morreram em grave acidente na Rodovia Fern\u00e3o Dias, em Minas Gerais","isPartOf":{"@id":"https:\/\/mrnews.com.br\/#website"},"primaryImageOfPage":{"@id":"https:\/\/mrnews.com.br\/index.php\/2026\/07\/17\/quem-eram-o-casal-e-a-filha-que-morreram-em-grave-acidente-na-rodovia-fernao-dias-em-minas-gerais\/#primaryimage"},"image":{"@id":"https:\/\/mrnews.com.br\/index.php\/2026\/07\/17\/quem-eram-o-casal-e-a-filha-que-morreram-em-grave-acidente-na-rodovia-fernao-dias-em-minas-gerais\/#primaryimage"},"thumbnailUrl":"https:\/\/mrnews.com.br\/wp-content\/uploads\/2022\/06\/luto-ator-famoso.jpeg","datePublished":"2026-07-18T01:58:15+00:00","breadcrumb":{"@id":"https:\/\/mrnews.com.br\/index.php\/2026\/07\/17\/quem-eram-o-casal-e-a-filha-que-morreram-em-grave-acidente-na-rodovia-fernao-dias-em-minas-gerais\/#breadcrumb"},"inLanguage":"pt-BR","potentialAction":[{"@type":"ReadAction","target":["https:\/\/mrnews.com.br\/index.php\/2026\/07\/17\/quem-eram-o-casal-e-a-filha-que-morreram-em-grave-acidente-na-rodovia-fernao-dias-em-minas-gerais\/"]}]},{"@type":"ImageObject","inLanguage":"pt-BR","@id":"https:\/\/mrnews.com.br\/index.php\/2026\/07\/17\/quem-eram-o-casal-e-a-filha-que-morreram-em-grave-acidente-na-rodovia-fernao-dias-em-minas-gerais\/#primaryimage","url":"https:\/\/mrnews.com.br\/wp-content\/uploads\/2022\/06\/luto-ator-famoso.jpeg","contentUrl":"https:\/\/mrnews.com.br\/wp-content\/uploads\/2022\/06\/luto-ator-famoso.jpeg","width":696,"height":365},{"@type":"BreadcrumbList","@id":"https:\/\/mrnews.com.br\/index.php\/2026\/07\/17\/quem-eram-o-casal-e-a-filha-que-morreram-em-grave-acidente-na-rodovia-fernao-dias-em-minas-gerais\/#breadcrumb","itemListElement":[{"@type":"ListItem","position":1,"name":"In\u00edcio","item":"https:\/\/mrnews.com.br\/"},{"@type":"ListItem","position":2,"name":"Quem eram o casal e a filha que morreram em grave acidente na Rodovia Fern\u00e3o Dias, em Minas Gerais"}]},{"@type":"WebSite","@id":"https:\/\/mrnews.com.br\/#website","url":"https:\/\/mrnews.com.br\/","name":"MRNews","description":"MRNews Jogos de hoje da TV, transmiss\u00f5es ao vivo, Not\u00edcias de futebol, Jogos ao vivo, Lives, resumo de novelas, Programa\u00e7\u00e3o da Globo, A Fazenda e BBB","publisher":{"@id":"https:\/\/mrnews.com.br\/#organization"},"potentialAction":[{"@type":"SearchAction","target":{"@type":"EntryPoint","urlTemplate":"https:\/\/mrnews.com.br\/?s={search_term_string}"},"query-input":{"@type":"PropertyValueSpecification","valueRequired":true,"valueName":"search_term_string"}}],"inLanguage":"pt-BR"},{"@type":"Organization","@id":"https:\/\/mrnews.com.br\/#organization","name":"MRNews","url":"https:\/\/mrnews.com.br\/","logo":{"@type":"ImageObject","inLanguage":"pt-BR","@id":"https:\/\/mrnews.com.br\/#\/schema\/logo\/image\/","url":"https:\/\/mrnews.com.br\/wp-content\/uploads\/2026\/08\/MRNEws.png","contentUrl":"https:\/\/mrnews.com.br\/wp-content\/uploads\/2026\/08\/MRNEws.png","width":1254,"height":1254,"caption":"MRNews"},"image":{"@id":"https:\/\/mrnews.com.br\/#\/schema\/logo\/image\/"},"sameAs":["https:\/\/www.facebook.com\/eaipahpah\/?locale2=pt_BR","https:\/\/x.com\/conspirou","https:\/\/www.instagram.com\/eai_pahpah","https:\/\/br.pinterest.com\/mrnewsn\/boards\/","https:\/\/www.youtube.com\/channel\/UCacgnpznQ61fifLWr1tQ-vA?view_as=subscriber"]},{"@type":"Person","@id":"https:\/\/mrnews.com.br\/#\/schema\/person\/be3203154562a9f207407861cef7827b","name":"MR News","image":{"@type":"ImageObject","inLanguage":"pt-BR","@id":"https:\/\/secure.gravatar.com\/avatar\/04084e6d73c042b8646e7c17b494073bf0ede3ea13c7105cfc45cbbbc28385a4?s=96&d=monsterid&r=g","url":"https:\/\/secure.gravatar.com\/avatar\/04084e6d73c042b8646e7c17b494073bf0ede3ea13c7105cfc45cbbbc28385a4?s=96&d=monsterid&r=g","contentUrl":"https:\/\/secure.gravatar.com\/avatar\/04084e6d73c042b8646e7c17b494073bf0ede3ea13c7105cfc45cbbbc28385a4?s=96&d=monsterid&r=g","caption":"MR News"},"description":"Especializado em jornalismo colaborativo pela FTP em n\u00edvel de p\u00f3s-gradua\u00e7\u00e3o. suporte@oimeliga.combr","sameAs":["HUGO R.","Admin"],"url":"https:\/\/mrnews.com.br\/index.php\/author\/admin\/"}]}},"jetpack_sharing_enabled":true,"jetpack_shortlink":"https:\/\/wp.me\/pa2Qf7-1WGU","amp_enabled":true,"jetpack_featured_media_url":"https:\/\/mrnews.com.br\/wp-content\/uploads\/2022\/06\/luto-ator-famoso.jpeg","_links":{"self":[{"href":"https:\/\/mrnews.com.br\/index.php\/wp-json\/wp\/v2\/posts\/463940","targetHints":{"allow":["GET"]}}],"collection":[{"href":"https:\/\/mrnews.com.br\/index.php\/wp-json\/wp\/v2\/posts"}],"about":[{"href":"https:\/\/mrnews.com.br\/index.php\/wp-json\/wp\/v2\/types\/post"}],"author":[{"embeddable":true,"href":"https:\/\/mrnews.com.br\/index.php\/wp-json\/wp\/v2\/users\/1"}],"replies":[{"embeddable":true,"href":"https:\/\/mrnews.com.br\/index.php\/wp-json\/wp\/v2\/comments?post=463940"}],"version-history":[{"count":1,"href":"https:\/\/mrnews.com.br\/index.php\/wp-json\/wp\/v2\/posts\/463940\/revisions"}],"predecessor-version":[{"id":463941,"href":"https:\/\/mrnews.com.br\/index.php\/wp-json\/wp\/v2\/posts\/463940\/revisions\/463941"}],"wp:featuredmedia":[{"embeddable":true,"href":"https:\/\/mrnews.com.br\/index.php\/wp-json\/wp\/v2\/media\/352379"}],"wp:attachment":[{"href":"https:\/\/mrnews.com.br\/index.php\/wp-json\/wp\/v2\/media?parent=463940"}],"wp:term":[{"taxonomy":"category","embeddable":true,"href":"https:\/\/mrnews.com.br\/index.php\/wp-json\/wp\/v2\/categories?post=463940"},{"taxonomy":"post_tag","embeddable":true,"href":"https:\/\/mrnews.com.br\/index.php\/wp-json\/wp\/v2\/tags?post=463940"}],"curies":[{"name":"wp","href":"https:\/\/api.w.org\/{rel}","templated":true}]}}