{"id":464043,"date":"2026-07-18T16:49:11","date_gmt":"2026-07-18T19:49:11","guid":{"rendered":"https:\/\/mrnews.com.br\/index.php\/2026\/07\/18\/selecao-masculina-perde-e-pode-dar-adeus-a-liga-das-nacoes-de-volei\/"},"modified":"2026-07-18T16:49:11","modified_gmt":"2026-07-18T19:49:11","slug":"selecao-masculina-perde-e-pode-dar-adeus-a-liga-das-nacoes-de-volei","status":"publish","type":"post","link":"https:\/\/mrnews.com.br\/index.php\/2026\/07\/18\/selecao-masculina-perde-e-pode-dar-adeus-a-liga-das-nacoes-de-volei\/","title":{"rendered":"Sele\u00e7\u00e3o masculina perde e pode dar adeus \u00e0 Liga das Na\u00e7\u00f5es de v\u00f4lei"},"content":{"rendered":"<p>Por EBC, <\/p>\n<div>\n<p>O momento da sele\u00e7\u00e3o masculina de v\u00f4lei \u00e9 o pior poss\u00edvel na Liga das Na\u00e7\u00f5es. A derrota por 3 sets a 0 para a Pol\u00f4nia, atual campe\u00e3, com parciais de 25\/22, 28\/26 e 25\/19, na noite desta sexta-feira (17), em Chicago, nos Estados Unidos, <strong>deixou o Brasil a um passo de ser eliminado na primeira fase da competi\u00e7\u00e3o, o que seria in\u00e9dito em oito edi\u00e7\u00f5es<\/strong>.<\/p>\n<p>A equipe comandada por Bernardinho ocupa, neste momento, a nona posi\u00e7\u00e3o entre 18 sele\u00e7\u00f5es, com seis vit\u00f3rias, cinco derrotas e 16 pontos. A uma rodada do fim da fase de classifica\u00e7\u00e3o, o time verde e amarelo precisa ficar, pelo menos, na s\u00e9tima coloca\u00e7\u00e3o para chegar \u00e0s quartas de final.<\/p>\n<p>A vit\u00f3ria por 3 sets a 0 ou 3 a 1 vale tr\u00eas pontos. Se o triunfo for por 3 a 2, a equipe ganhadora soma dois pontos e a que perde faz um ponto.<\/p>\n<p><strong>Os brasileiros voltam a jogar neste domingo (19), \u00e0s 14h (hor\u00e1rio de Bras\u00edlia), contra a China<\/strong>, novamente em Chicago, mas precisam ficar atentos a outros resultados para terem chances de classifica\u00e7\u00e3o.\u00a0<\/p>\n<p>O primeiro neste s\u00e1bado (19). No duelo entre Estados Unidos e Bulg\u00e1ria, \u00e0s 22h, tamb\u00e9m na cidade norte-americana, os b\u00falgaros n\u00e3o podem ganhar por 3 a 0 ou 3 a 1.<\/p>\n<p>No domingo, o Brasil, primeiro, tem de torcer pela derrota da Ucr\u00e2nia para a Alemanha, em jogo que come\u00e7a \u00e0s 11h30, em Belgrado, na S\u00e9rvia. Depois, fazer a li\u00e7\u00e3o de casa e derrotar a China, de prefer\u00eancia por 3 a 0 ou 3 a 1, para somar os tr\u00eas pontos. Por fim, precisa que a Bulg\u00e1ria perca da Fran\u00e7a &#8211; e n\u00e3o ganhe sets &#8211; em partida com in\u00edcio \u00e0s 18h.<\/p>\n<p><strong>A derrota para a Pol\u00f4nia foi a quinta nos \u00faltimos sete compromissos pela Liga das Na\u00e7\u00f5es.<\/strong> Todos os reveses foram por 3 a 0 ou 3 a 1. Nas duas vit\u00f3rias do recorte, uma foi por 3 a 2 sobre o Canad\u00e1 e outra, esta sim, por 3 a 0 diante da Fran\u00e7a. Ou seja, de 21 pontos poss\u00edveis, a equipe somou apenas cinco.<\/p>\n<p>O ponteiro Lucarelli e o oposto Darlan, ambos com 12 pontos, foram os brasileiros com melhor desempenho no jogo. O ponteiro polon\u00eas Tomasz Fornal, com 13 pontos, sendo quatro de saque, comandou o triunfo dos atuais campe\u00f5es.<\/p>\n<p>&#8220;Nossos dois primeiros sets foram de alto n\u00edvel, mas acabamos cometendo erros em situa\u00e7\u00f5es que deveriam ser f\u00e1ceis. Temos que lidar melhor com esses momentos e aproveitar os contra-ataques. Perder para um time forte como a Pol\u00f4nia desta maneira traz o pior sentimento poss\u00edvel&#8221;, lamentou Lucarelli, capit\u00e3o do Brasil, em depoimento ao site da Federa\u00e7\u00e3o Internacional de V\u00f4lei (FIVB).<\/p>\n<p><strong>A Liga das Na\u00e7\u00f5es surgiu em 2018.<\/strong> O Brasil venceu a edi\u00e7\u00e3o de 2021, na \u00fanica vez em que foi \u00e0 final. O torneio substituiu, no calend\u00e1rio anual, a Liga Mundial, que foi disputada entre 1990 e 2017 e teve justamente a sele\u00e7\u00e3o brasileira como maior campe\u00e3, com nove t\u00edtulos.<\/p>\n<p>      <!-- Relacionada --><\/p>\n<p>            <!-- Relacionada -->\n    <\/div>\n","protected":false},"excerpt":{"rendered":"<p>Por EBC, O momento da sele\u00e7\u00e3o masculina de v\u00f4lei \u00e9 o pior poss\u00edvel na Liga das Na\u00e7\u00f5es. A derrota por 3 sets a 0 para a Pol\u00f4nia, atual campe\u00e3, com parciais de 25\/22, 28\/26 e 25\/19, na noite desta sexta-feira (17), em Chicago, nos Estados Unidos, deixou o Brasil a um passo de ser eliminado &hellip;<\/p>\n","protected":false},"author":1,"featured_media":0,"comment_status":"open","ping_status":"open","sticky":false,"template":"","format":"standard","meta":{"_jetpack_newsletter_access":"","_jetpack_dont_email_post_to_subs":false,"_jetpack_newsletter_tier_id":0,"_jetpack_memberships_contains_paywalled_content":false,"_jetpack_feature_clip_id":0,"_jetpack_memberships_contains_paid_content":false,"footnotes":"","jetpack_post_was_ever_published":false},"categories":[2,12225,4],"tags":[],"class_list":["post-464043","post","type-post","status-publish","format-standard","hentry","category-entretenimento","category-noticias","category-servicos"],"yoast_head":"<!-- This site is optimized with the Yoast SEO plugin v28.4 - https:\/\/yoast.com\/product\/yoast-seo-wordpress\/ -->\n<title>Sele\u00e7\u00e3o masculina perde e pode dar adeus \u00e0 Liga das Na\u00e7\u00f5es de v\u00f4lei<\/title>\n<meta name=\"robots\" content=\"index, follow, max-snippet:-1, max-image-preview:large, max-video-preview:-1\" \/>\n<link rel=\"canonical\" href=\"https:\/\/agenciabrasil.ebc.com.br\/esportes\/noticia\/2026-07\/selecao-masculina-perde-e-pode-dar-adeus-liga-das-nacoes-de-volei\" \/>\n<meta property=\"og:locale\" content=\"pt_BR\" \/>\n<meta property=\"og:type\" content=\"article\" \/>\n<meta property=\"og:title\" content=\"Sele\u00e7\u00e3o masculina perde e pode dar adeus \u00e0 Liga das Na\u00e7\u00f5es de v\u00f4lei\" \/>\n<meta property=\"og:description\" content=\"Por EBC, O momento da sele\u00e7\u00e3o masculina de v\u00f4lei \u00e9 o pior poss\u00edvel na Liga das Na\u00e7\u00f5es. A derrota por 3 sets a 0 para a Pol\u00f4nia, atual campe\u00e3, com parciais de 25\/22, 28\/26 e 25\/19, na noite desta sexta-feira (17), em Chicago, nos Estados Unidos, deixou o Brasil a um passo de ser eliminado &hellip;\" \/>\n<meta property=\"og:url\" content=\"https:\/\/agenciabrasil.ebc.com.br\/esportes\/noticia\/2026-07\/selecao-masculina-perde-e-pode-dar-adeus-liga-das-nacoes-de-volei\" \/>\n<meta property=\"og:site_name\" content=\"MRNews\" \/>\n<meta property=\"article:publisher\" content=\"https:\/\/www.facebook.com\/eaipahpah\/?locale2=pt_BR\" \/>\n<meta property=\"article:published_time\" content=\"2026-07-18T19:49:11+00:00\" \/>\n<meta name=\"author\" content=\"MR News\" \/>\n<meta name=\"twitter:card\" content=\"summary_large_image\" \/>\n<meta name=\"twitter:creator\" content=\"@conspirou\" \/>\n<meta name=\"twitter:site\" content=\"@conspirou\" \/>\n<meta name=\"twitter:label1\" content=\"Escrito por\" \/>\n\t<meta name=\"twitter:data1\" content=\"MR News\" \/>\n\t<meta name=\"twitter:label2\" content=\"Est. tempo de leitura\" \/>\n\t<meta name=\"twitter:data2\" content=\"3 minutos\" \/>\n<script type=\"application\/ld+json\" class=\"yoast-schema-graph\">{\"@context\":\"https:\\\/\\\/schema.org\",\"@graph\":[{\"@type\":\"Article\",\"@id\":\"https:\\\/\\\/agenciabrasil.ebc.com.br\\\/esportes\\\/noticia\\\/2026-07\\\/selecao-masculina-perde-e-pode-dar-adeus-liga-das-nacoes-de-volei#article\",\"isPartOf\":{\"@id\":\"https:\\\/\\\/mrnews.com.br\\\/index.php\\\/2026\\\/07\\\/18\\\/selecao-masculina-perde-e-pode-dar-adeus-a-liga-das-nacoes-de-volei\\\/\"},\"author\":{\"name\":\"MR News\",\"@id\":\"https:\\\/\\\/mrnews.com.br\\\/#\\\/schema\\\/person\\\/be3203154562a9f207407861cef7827b\"},\"headline\":\"Sele\u00e7\u00e3o masculina perde e pode dar adeus \u00e0 Liga das Na\u00e7\u00f5es de v\u00f4lei\",\"datePublished\":\"2026-07-18T19:49:11+00:00\",\"mainEntityOfPage\":{\"@id\":\"https:\\\/\\\/mrnews.com.br\\\/index.php\\\/2026\\\/07\\\/18\\\/selecao-masculina-perde-e-pode-dar-adeus-a-liga-das-nacoes-de-volei\\\/\"},\"wordCount\":522,\"commentCount\":0,\"publisher\":{\"@id\":\"https:\\\/\\\/mrnews.com.br\\\/#organization\"},\"articleSection\":[\"ENTRETENIMENTO\",\"NOTICIAS\",\"SERVI\u00c7OS\"],\"inLanguage\":\"pt-BR\",\"potentialAction\":[{\"@type\":\"CommentAction\",\"name\":\"Comment\",\"target\":[\"https:\\\/\\\/agenciabrasil.ebc.com.br\\\/esportes\\\/noticia\\\/2026-07\\\/selecao-masculina-perde-e-pode-dar-adeus-liga-das-nacoes-de-volei#respond\"]}]},{\"@type\":\"WebPage\",\"@id\":\"https:\\\/\\\/mrnews.com.br\\\/index.php\\\/2026\\\/07\\\/18\\\/selecao-masculina-perde-e-pode-dar-adeus-a-liga-das-nacoes-de-volei\\\/\",\"url\":\"https:\\\/\\\/agenciabrasil.ebc.com.br\\\/esportes\\\/noticia\\\/2026-07\\\/selecao-masculina-perde-e-pode-dar-adeus-liga-das-nacoes-de-volei\",\"name\":\"Sele\u00e7\u00e3o masculina perde e pode dar adeus \u00e0 Liga das Na\u00e7\u00f5es de v\u00f4lei\",\"isPartOf\":{\"@id\":\"https:\\\/\\\/mrnews.com.br\\\/#website\"},\"datePublished\":\"2026-07-18T19:49:11+00:00\",\"breadcrumb\":{\"@id\":\"https:\\\/\\\/agenciabrasil.ebc.com.br\\\/esportes\\\/noticia\\\/2026-07\\\/selecao-masculina-perde-e-pode-dar-adeus-liga-das-nacoes-de-volei#breadcrumb\"},\"inLanguage\":\"pt-BR\",\"potentialAction\":[{\"@type\":\"ReadAction\",\"target\":[\"https:\\\/\\\/agenciabrasil.ebc.com.br\\\/esportes\\\/noticia\\\/2026-07\\\/selecao-masculina-perde-e-pode-dar-adeus-liga-das-nacoes-de-volei\"]}]},{\"@type\":\"BreadcrumbList\",\"@id\":\"https:\\\/\\\/agenciabrasil.ebc.com.br\\\/esportes\\\/noticia\\\/2026-07\\\/selecao-masculina-perde-e-pode-dar-adeus-liga-das-nacoes-de-volei#breadcrumb\",\"itemListElement\":[{\"@type\":\"ListItem\",\"position\":1,\"name\":\"In\u00edcio\",\"item\":\"https:\\\/\\\/mrnews.com.br\\\/\"},{\"@type\":\"ListItem\",\"position\":2,\"name\":\"Sele\u00e7\u00e3o masculina perde e pode dar adeus \u00e0 Liga das Na\u00e7\u00f5es de v\u00f4lei\"}]},{\"@type\":\"WebSite\",\"@id\":\"https:\\\/\\\/mrnews.com.br\\\/#website\",\"url\":\"https:\\\/\\\/mrnews.com.br\\\/\",\"name\":\"MRNews\",\"description\":\"MRNews Jogos de hoje da TV, transmiss\u00f5es ao vivo, Not\u00edcias de futebol, Jogos ao vivo, Lives, resumo de novelas, Programa\u00e7\u00e3o da Globo, A Fazenda e BBB\",\"publisher\":{\"@id\":\"https:\\\/\\\/mrnews.com.br\\\/#organization\"},\"potentialAction\":[{\"@type\":\"SearchAction\",\"target\":{\"@type\":\"EntryPoint\",\"urlTemplate\":\"https:\\\/\\\/mrnews.com.br\\\/?s={search_term_string}\"},\"query-input\":{\"@type\":\"PropertyValueSpecification\",\"valueRequired\":true,\"valueName\":\"search_term_string\"}}],\"inLanguage\":\"pt-BR\"},{\"@type\":\"Organization\",\"@id\":\"https:\\\/\\\/mrnews.com.br\\\/#organization\",\"name\":\"MRNews\",\"url\":\"https:\\\/\\\/mrnews.com.br\\\/\",\"logo\":{\"@type\":\"ImageObject\",\"inLanguage\":\"pt-BR\",\"@id\":\"https:\\\/\\\/mrnews.com.br\\\/#\\\/schema\\\/logo\\\/image\\\/\",\"url\":\"https:\\\/\\\/mrnews.com.br\\\/wp-content\\\/uploads\\\/2026\\\/08\\\/MRNEws.png\",\"contentUrl\":\"https:\\\/\\\/mrnews.com.br\\\/wp-content\\\/uploads\\\/2026\\\/08\\\/MRNEws.png\",\"width\":1254,\"height\":1254,\"caption\":\"MRNews\"},\"image\":{\"@id\":\"https:\\\/\\\/mrnews.com.br\\\/#\\\/schema\\\/logo\\\/image\\\/\"},\"sameAs\":[\"https:\\\/\\\/www.facebook.com\\\/eaipahpah\\\/?locale2=pt_BR\",\"https:\\\/\\\/x.com\\\/conspirou\",\"https:\\\/\\\/www.instagram.com\\\/eai_pahpah\",\"https:\\\/\\\/br.pinterest.com\\\/mrnewsn\\\/boards\\\/\",\"https:\\\/\\\/www.youtube.com\\\/channel\\\/UCacgnpznQ61fifLWr1tQ-vA?view_as=subscriber\"]},{\"@type\":\"Person\",\"@id\":\"https:\\\/\\\/mrnews.com.br\\\/#\\\/schema\\\/person\\\/be3203154562a9f207407861cef7827b\",\"name\":\"MR News\",\"image\":{\"@type\":\"ImageObject\",\"inLanguage\":\"pt-BR\",\"@id\":\"https:\\\/\\\/secure.gravatar.com\\\/avatar\\\/04084e6d73c042b8646e7c17b494073bf0ede3ea13c7105cfc45cbbbc28385a4?s=96&d=monsterid&r=g\",\"url\":\"https:\\\/\\\/secure.gravatar.com\\\/avatar\\\/04084e6d73c042b8646e7c17b494073bf0ede3ea13c7105cfc45cbbbc28385a4?s=96&d=monsterid&r=g\",\"contentUrl\":\"https:\\\/\\\/secure.gravatar.com\\\/avatar\\\/04084e6d73c042b8646e7c17b494073bf0ede3ea13c7105cfc45cbbbc28385a4?s=96&d=monsterid&r=g\",\"caption\":\"MR News\"},\"description\":\"Especializado em jornalismo colaborativo pela FTP em n\u00edvel de p\u00f3s-gradua\u00e7\u00e3o. suporte@oimeliga.combr\",\"sameAs\":[\"HUGO R.\",\"Admin\"],\"url\":\"https:\\\/\\\/mrnews.com.br\\\/index.php\\\/author\\\/admin\\\/\"}]}<\/script>\n<!-- \/ Yoast SEO plugin. -->","yoast_head_json":{"title":"Sele\u00e7\u00e3o masculina perde e pode dar adeus \u00e0 Liga das Na\u00e7\u00f5es de v\u00f4lei","robots":{"index":"index","follow":"follow","max-snippet":"max-snippet:-1","max-image-preview":"max-image-preview:large","max-video-preview":"max-video-preview:-1"},"canonical":"https:\/\/agenciabrasil.ebc.com.br\/esportes\/noticia\/2026-07\/selecao-masculina-perde-e-pode-dar-adeus-liga-das-nacoes-de-volei","og_locale":"pt_BR","og_type":"article","og_title":"Sele\u00e7\u00e3o masculina perde e pode dar adeus \u00e0 Liga das Na\u00e7\u00f5es de v\u00f4lei","og_description":"Por EBC, O momento da sele\u00e7\u00e3o masculina de v\u00f4lei \u00e9 o pior poss\u00edvel na Liga das Na\u00e7\u00f5es. A derrota por 3 sets a 0 para a Pol\u00f4nia, atual campe\u00e3, com parciais de 25\/22, 28\/26 e 25\/19, na noite desta sexta-feira (17), em Chicago, nos Estados Unidos, deixou o Brasil a um passo de ser eliminado &hellip;","og_url":"https:\/\/agenciabrasil.ebc.com.br\/esportes\/noticia\/2026-07\/selecao-masculina-perde-e-pode-dar-adeus-liga-das-nacoes-de-volei","og_site_name":"MRNews","article_publisher":"https:\/\/www.facebook.com\/eaipahpah\/?locale2=pt_BR","article_published_time":"2026-07-18T19:49:11+00:00","author":"MR News","twitter_card":"summary_large_image","twitter_creator":"@conspirou","twitter_site":"@conspirou","twitter_misc":{"Escrito por":"MR News","Est. tempo de leitura":"3 minutos"},"schema":{"@context":"https:\/\/schema.org","@graph":[{"@type":"Article","@id":"https:\/\/agenciabrasil.ebc.com.br\/esportes\/noticia\/2026-07\/selecao-masculina-perde-e-pode-dar-adeus-liga-das-nacoes-de-volei#article","isPartOf":{"@id":"https:\/\/mrnews.com.br\/index.php\/2026\/07\/18\/selecao-masculina-perde-e-pode-dar-adeus-a-liga-das-nacoes-de-volei\/"},"author":{"name":"MR News","@id":"https:\/\/mrnews.com.br\/#\/schema\/person\/be3203154562a9f207407861cef7827b"},"headline":"Sele\u00e7\u00e3o masculina perde e pode dar adeus \u00e0 Liga das Na\u00e7\u00f5es de v\u00f4lei","datePublished":"2026-07-18T19:49:11+00:00","mainEntityOfPage":{"@id":"https:\/\/mrnews.com.br\/index.php\/2026\/07\/18\/selecao-masculina-perde-e-pode-dar-adeus-a-liga-das-nacoes-de-volei\/"},"wordCount":522,"commentCount":0,"publisher":{"@id":"https:\/\/mrnews.com.br\/#organization"},"articleSection":["ENTRETENIMENTO","NOTICIAS","SERVI\u00c7OS"],"inLanguage":"pt-BR","potentialAction":[{"@type":"CommentAction","name":"Comment","target":["https:\/\/agenciabrasil.ebc.com.br\/esportes\/noticia\/2026-07\/selecao-masculina-perde-e-pode-dar-adeus-liga-das-nacoes-de-volei#respond"]}]},{"@type":"WebPage","@id":"https:\/\/mrnews.com.br\/index.php\/2026\/07\/18\/selecao-masculina-perde-e-pode-dar-adeus-a-liga-das-nacoes-de-volei\/","url":"https:\/\/agenciabrasil.ebc.com.br\/esportes\/noticia\/2026-07\/selecao-masculina-perde-e-pode-dar-adeus-liga-das-nacoes-de-volei","name":"Sele\u00e7\u00e3o masculina perde e pode dar adeus \u00e0 Liga das Na\u00e7\u00f5es de v\u00f4lei","isPartOf":{"@id":"https:\/\/mrnews.com.br\/#website"},"datePublished":"2026-07-18T19:49:11+00:00","breadcrumb":{"@id":"https:\/\/agenciabrasil.ebc.com.br\/esportes\/noticia\/2026-07\/selecao-masculina-perde-e-pode-dar-adeus-liga-das-nacoes-de-volei#breadcrumb"},"inLanguage":"pt-BR","potentialAction":[{"@type":"ReadAction","target":["https:\/\/agenciabrasil.ebc.com.br\/esportes\/noticia\/2026-07\/selecao-masculina-perde-e-pode-dar-adeus-liga-das-nacoes-de-volei"]}]},{"@type":"BreadcrumbList","@id":"https:\/\/agenciabrasil.ebc.com.br\/esportes\/noticia\/2026-07\/selecao-masculina-perde-e-pode-dar-adeus-liga-das-nacoes-de-volei#breadcrumb","itemListElement":[{"@type":"ListItem","position":1,"name":"In\u00edcio","item":"https:\/\/mrnews.com.br\/"},{"@type":"ListItem","position":2,"name":"Sele\u00e7\u00e3o masculina perde e pode dar adeus \u00e0 Liga das Na\u00e7\u00f5es de v\u00f4lei"}]},{"@type":"WebSite","@id":"https:\/\/mrnews.com.br\/#website","url":"https:\/\/mrnews.com.br\/","name":"MRNews","description":"MRNews Jogos de hoje da TV, transmiss\u00f5es ao vivo, Not\u00edcias de futebol, Jogos ao vivo, Lives, resumo de novelas, Programa\u00e7\u00e3o da Globo, A Fazenda e BBB","publisher":{"@id":"https:\/\/mrnews.com.br\/#organization"},"potentialAction":[{"@type":"SearchAction","target":{"@type":"EntryPoint","urlTemplate":"https:\/\/mrnews.com.br\/?s={search_term_string}"},"query-input":{"@type":"PropertyValueSpecification","valueRequired":true,"valueName":"search_term_string"}}],"inLanguage":"pt-BR"},{"@type":"Organization","@id":"https:\/\/mrnews.com.br\/#organization","name":"MRNews","url":"https:\/\/mrnews.com.br\/","logo":{"@type":"ImageObject","inLanguage":"pt-BR","@id":"https:\/\/mrnews.com.br\/#\/schema\/logo\/image\/","url":"https:\/\/mrnews.com.br\/wp-content\/uploads\/2026\/08\/MRNEws.png","contentUrl":"https:\/\/mrnews.com.br\/wp-content\/uploads\/2026\/08\/MRNEws.png","width":1254,"height":1254,"caption":"MRNews"},"image":{"@id":"https:\/\/mrnews.com.br\/#\/schema\/logo\/image\/"},"sameAs":["https:\/\/www.facebook.com\/eaipahpah\/?locale2=pt_BR","https:\/\/x.com\/conspirou","https:\/\/www.instagram.com\/eai_pahpah","https:\/\/br.pinterest.com\/mrnewsn\/boards\/","https:\/\/www.youtube.com\/channel\/UCacgnpznQ61fifLWr1tQ-vA?view_as=subscriber"]},{"@type":"Person","@id":"https:\/\/mrnews.com.br\/#\/schema\/person\/be3203154562a9f207407861cef7827b","name":"MR News","image":{"@type":"ImageObject","inLanguage":"pt-BR","@id":"https:\/\/secure.gravatar.com\/avatar\/04084e6d73c042b8646e7c17b494073bf0ede3ea13c7105cfc45cbbbc28385a4?s=96&d=monsterid&r=g","url":"https:\/\/secure.gravatar.com\/avatar\/04084e6d73c042b8646e7c17b494073bf0ede3ea13c7105cfc45cbbbc28385a4?s=96&d=monsterid&r=g","contentUrl":"https:\/\/secure.gravatar.com\/avatar\/04084e6d73c042b8646e7c17b494073bf0ede3ea13c7105cfc45cbbbc28385a4?s=96&d=monsterid&r=g","caption":"MR News"},"description":"Especializado em jornalismo colaborativo pela FTP em n\u00edvel de p\u00f3s-gradua\u00e7\u00e3o. suporte@oimeliga.combr","sameAs":["HUGO R.","Admin"],"url":"https:\/\/mrnews.com.br\/index.php\/author\/admin\/"}]}},"jetpack_sharing_enabled":true,"jetpack_shortlink":"https:\/\/wp.me\/pa2Qf7-1WIz","amp_enabled":true,"jetpack_featured_media_url":"","_links":{"self":[{"href":"https:\/\/mrnews.com.br\/index.php\/wp-json\/wp\/v2\/posts\/464043","targetHints":{"allow":["GET"]}}],"collection":[{"href":"https:\/\/mrnews.com.br\/index.php\/wp-json\/wp\/v2\/posts"}],"about":[{"href":"https:\/\/mrnews.com.br\/index.php\/wp-json\/wp\/v2\/types\/post"}],"author":[{"embeddable":true,"href":"https:\/\/mrnews.com.br\/index.php\/wp-json\/wp\/v2\/users\/1"}],"replies":[{"embeddable":true,"href":"https:\/\/mrnews.com.br\/index.php\/wp-json\/wp\/v2\/comments?post=464043"}],"version-history":[{"count":0,"href":"https:\/\/mrnews.com.br\/index.php\/wp-json\/wp\/v2\/posts\/464043\/revisions"}],"wp:attachment":[{"href":"https:\/\/mrnews.com.br\/index.php\/wp-json\/wp\/v2\/media?parent=464043"}],"wp:term":[{"taxonomy":"category","embeddable":true,"href":"https:\/\/mrnews.com.br\/index.php\/wp-json\/wp\/v2\/categories?post=464043"},{"taxonomy":"post_tag","embeddable":true,"href":"https:\/\/mrnews.com.br\/index.php\/wp-json\/wp\/v2\/tags?post=464043"}],"curies":[{"name":"wp","href":"https:\/\/api.w.org\/{rel}","templated":true}]}}