{"id":464122,"date":"2026-07-19T21:34:08","date_gmt":"2026-07-20T00:34:08","guid":{"rendered":"https:\/\/mrnews.com.br\/?p=464122"},"modified":"2026-07-19T21:34:08","modified_gmt":"2026-07-20T00:34:08","slug":"morre-matheus-azevedo-irmao-do-senador-cleitinho-divinopolis-decreta-tres-dias-de-luto-oficial","status":"publish","type":"post","link":"https:\/\/mrnews.com.br\/index.php\/2026\/07\/19\/morre-matheus-azevedo-irmao-do-senador-cleitinho-divinopolis-decreta-tres-dias-de-luto-oficial\/","title":{"rendered":"Morre Matheus Azevedo, irm\u00e3o do senador Cleitinho; Divin\u00f3polis decreta tr\u00eas dias de luto oficial"},"content":{"rendered":"<h2>Morre Matheus Azevedo, irm\u00e3o do senador Cleitinho; Divin\u00f3polis decreta tr\u00eas dias de luto oficial<\/h2>\n<p>A cidade de <strong>Divin\u00f3polis<\/strong>, no Centro-Oeste de Minas Gerais, est\u00e1 de luto ap\u00f3s a morte de <strong>Matheus Azevedo<\/strong>, irm\u00e3o ca\u00e7ula do senador <strong>Cleitinho Azevedo<\/strong> (Republicanos). Ele faleceu na manh\u00e3 deste s\u00e1bado (18), aos 30 anos, em decorr\u00eancia de complica\u00e7\u00f5es provocadas por uma recidiva de leucemia.<\/p>\n<p>Em homenagem ao jovem, a Prefeitura de Divin\u00f3polis decretou <strong>luto oficial de tr\u00eas dias<\/strong> no munic\u00edpio.<\/p>\n<h2>Matheus enfrentava a leucemia desde a adolesc\u00eancia<\/h2>\n<p>Segundo informa\u00e7\u00f5es divulgadas pela fam\u00edlia, Matheus havia sido diagnosticado com leucemia h\u00e1 aproximadamente 18 anos. Ap\u00f3s passar por tratamento, a doen\u00e7a entrou em remiss\u00e3o, mas voltou recentemente, exigindo uma nova batalha contra o c\u00e2ncer.<\/p>\n<p>Apesar dos esfor\u00e7os m\u00e9dicos, ele n\u00e3o resistiu \u00e0s complica\u00e7\u00f5es da doen\u00e7a.<\/p>\n<p>A not\u00edcia causou grande como\u00e7\u00e3o em Divin\u00f3polis, cidade onde a fam\u00edlia Azevedo possui forte atua\u00e7\u00e3o pol\u00edtica.<\/p>\n<h2>Fam\u00edlia tem trajet\u00f3ria na pol\u00edtica mineira<\/h2>\n<p>Matheus era irm\u00e3o de tr\u00eas nomes bastante conhecidos da pol\u00edtica de Minas Gerais:<\/p>\n<ul>\n<li><strong>Cleitinho Azevedo (Republicanos)<\/strong>, senador da Rep\u00fablica;<\/li>\n<li><strong>Eduardo Azevedo (PL)<\/strong>, deputado estadual;<\/li>\n<li><strong>Gleidson Azevedo (Republicanos)<\/strong>, ex-prefeito de Divin\u00f3polis.<\/li>\n<\/ul>\n<p>Embora mantivesse uma vida mais discreta em rela\u00e7\u00e3o aos irm\u00e3os, Matheus era bastante conhecido na cidade.<\/p>\n<p>Ele trabalhava no varej\u00e3o da fam\u00edlia, era formado em <strong>Engenharia de Produ\u00e7\u00e3o<\/strong>, cursava <strong>Gest\u00e3o P\u00fablica<\/strong>, era casado e n\u00e3o tinha filhos.<\/p>\n<h2>Prefeitura lamenta a morte<\/h2>\n<p>Em nota oficial, a Prefeitura de Divin\u00f3polis manifestou solidariedade aos familiares e amigos de Matheus.<\/p>\n<p>A administra\u00e7\u00e3o municipal destacou o momento de profunda tristeza e desejou for\u00e7a \u00e0 fam\u00edlia Azevedo para enfrentar a perda.<\/p>\n<p>Al\u00e9m da decreta\u00e7\u00e3o do luto oficial de tr\u00eas dias, o munic\u00edpio informou que prestar\u00e1 as homenagens institucionais previstas para a ocasi\u00e3o.<\/p>\n<h2>C\u00e2mara Municipal tamb\u00e9m presta homenagem<\/h2>\n<p>A C\u00e2mara Municipal de Divin\u00f3polis divulgou uma nota de pesar e informou que as bandeiras da sede do Legislativo ser\u00e3o hasteadas a meio mastro em sinal de respeito.<\/p>\n<p>Na manifesta\u00e7\u00e3o, os vereadores desejaram conforto aos familiares e destacaram a uni\u00e3o e a f\u00e9 que sempre marcaram a trajet\u00f3ria da fam\u00edlia Azevedo.<\/p>\n<h2>Vel\u00f3rio e sepultamento<\/h2>\n<p>O vel\u00f3rio de Matheus Azevedo est\u00e1 previsto para come\u00e7ar na manh\u00e3 deste domingo (19), no <strong>Cemit\u00e9rio Parque da Serra<\/strong>, em Divin\u00f3polis.<\/p>\n<p>O sepultamento dever\u00e1 ocorrer no mesmo local durante a tarde.<\/p>\n<p>Familiares, amigos, autoridades e moradores da cidade s\u00e3o esperados para prestar as \u00faltimas homenagens.<\/p>\n<h2>Como\u00e7\u00e3o nas redes sociais<\/h2>\n<p>Ap\u00f3s a confirma\u00e7\u00e3o da morte, diversas manifesta\u00e7\u00f5es de solidariedade foram publicadas nas redes sociais por amigos, lideran\u00e7as pol\u00edticas e moradores de Divin\u00f3polis.<\/p>\n<p>Mensagens de apoio tamb\u00e9m foram direcionadas ao senador Cleitinho, ao deputado estadual Eduardo Azevedo e ao ex-prefeito Gleidson Azevedo, que agradeceram o carinho recebido neste momento de luto.<\/p>\n<p>A morte de Matheus encerra uma longa luta contra a leucemia e mobilizou n\u00e3o apenas familiares e amigos, mas tamb\u00e9m parte da popula\u00e7\u00e3o de Divin\u00f3polis, onde a fam\u00edlia \u00e9 amplamente conhecida por sua atua\u00e7\u00e3o p\u00fablica e comunit\u00e1ria.<\/p>\n","protected":false},"excerpt":{"rendered":"<p>Morre Matheus Azevedo, irm\u00e3o do senador Cleitinho; Divin\u00f3polis decreta tr\u00eas dias de luto oficial A cidade de Divin\u00f3polis, no Centro-Oeste de Minas Gerais, est\u00e1 de luto ap\u00f3s a morte de Matheus Azevedo, irm\u00e3o ca\u00e7ula do senador Cleitinho Azevedo (Republicanos). Ele faleceu na manh\u00e3 deste s\u00e1bado (18), aos 30 anos, em decorr\u00eancia de complica\u00e7\u00f5es provocadas por &hellip;<\/p>\n","protected":false},"author":1,"featured_media":352379,"comment_status":"open","ping_status":"open","sticky":false,"template":"","format":"standard","meta":{"_jetpack_newsletter_access":"","_jetpack_dont_email_post_to_subs":false,"_jetpack_newsletter_tier_id":0,"_jetpack_memberships_contains_paywalled_content":false,"_jetpack_feature_clip_id":0,"_jetpack_memberships_contains_paid_content":false,"footnotes":"","jetpack_post_was_ever_published":false},"categories":[2],"tags":[],"class_list":["post-464122","post","type-post","status-publish","format-standard","has-post-thumbnail","hentry","category-entretenimento"],"yoast_head":"<!-- This site is optimized with the Yoast SEO plugin v28.4 - https:\/\/yoast.com\/product\/yoast-seo-wordpress\/ -->\n<title>Morre Matheus Azevedo, irm\u00e3o do senador Cleitinho; Divin\u00f3polis decreta tr\u00eas dias de luto oficial<\/title>\n<meta name=\"robots\" content=\"index, follow, max-snippet:-1, max-image-preview:large, max-video-preview:-1\" \/>\n<link rel=\"canonical\" href=\"https:\/\/mrnews.com.br\/index.php\/2026\/07\/19\/morre-matheus-azevedo-irmao-do-senador-cleitinho-divinopolis-decreta-tres-dias-de-luto-oficial\/\" \/>\n<meta property=\"og:locale\" content=\"pt_BR\" \/>\n<meta property=\"og:type\" content=\"article\" \/>\n<meta property=\"og:title\" content=\"Morre Matheus Azevedo, irm\u00e3o do senador Cleitinho; Divin\u00f3polis decreta tr\u00eas dias de luto oficial\" \/>\n<meta property=\"og:description\" content=\"Morre Matheus Azevedo, irm\u00e3o do senador Cleitinho; Divin\u00f3polis decreta tr\u00eas dias de luto oficial A cidade de Divin\u00f3polis, no Centro-Oeste de Minas Gerais, est\u00e1 de luto ap\u00f3s a morte de Matheus Azevedo, irm\u00e3o ca\u00e7ula do senador Cleitinho Azevedo (Republicanos). Ele faleceu na manh\u00e3 deste s\u00e1bado (18), aos 30 anos, em decorr\u00eancia de complica\u00e7\u00f5es provocadas por &hellip;\" \/>\n<meta property=\"og:url\" content=\"https:\/\/mrnews.com.br\/index.php\/2026\/07\/19\/morre-matheus-azevedo-irmao-do-senador-cleitinho-divinopolis-decreta-tres-dias-de-luto-oficial\/\" \/>\n<meta property=\"og:site_name\" content=\"MRNews\" \/>\n<meta property=\"article:publisher\" content=\"https:\/\/www.facebook.com\/eaipahpah\/?locale2=pt_BR\" \/>\n<meta property=\"article:published_time\" content=\"2026-07-20T00:34:08+00:00\" \/>\n<meta property=\"og:image\" content=\"https:\/\/mrnews.com.br\/wp-content\/uploads\/2022\/06\/luto-ator-famoso.jpeg\" \/>\n\t<meta property=\"og:image:width\" content=\"696\" \/>\n\t<meta property=\"og:image:height\" content=\"365\" \/>\n\t<meta property=\"og:image:type\" content=\"image\/jpeg\" \/>\n<meta name=\"author\" content=\"MR News\" \/>\n<meta name=\"twitter:card\" content=\"summary_large_image\" \/>\n<meta name=\"twitter:creator\" content=\"@conspirou\" \/>\n<meta name=\"twitter:site\" content=\"@conspirou\" \/>\n<meta name=\"twitter:label1\" content=\"Escrito por\" \/>\n\t<meta name=\"twitter:data1\" content=\"MR News\" \/>\n\t<meta name=\"twitter:label2\" content=\"Est. tempo de leitura\" \/>\n\t<meta name=\"twitter:data2\" content=\"3 minutos\" \/>\n<script type=\"application\/ld+json\" class=\"yoast-schema-graph\">{\"@context\":\"https:\\\/\\\/schema.org\",\"@graph\":[{\"@type\":\"Article\",\"@id\":\"https:\\\/\\\/mrnews.com.br\\\/index.php\\\/2026\\\/07\\\/19\\\/morre-matheus-azevedo-irmao-do-senador-cleitinho-divinopolis-decreta-tres-dias-de-luto-oficial\\\/#article\",\"isPartOf\":{\"@id\":\"https:\\\/\\\/mrnews.com.br\\\/index.php\\\/2026\\\/07\\\/19\\\/morre-matheus-azevedo-irmao-do-senador-cleitinho-divinopolis-decreta-tres-dias-de-luto-oficial\\\/\"},\"author\":{\"name\":\"MR News\",\"@id\":\"https:\\\/\\\/mrnews.com.br\\\/#\\\/schema\\\/person\\\/be3203154562a9f207407861cef7827b\"},\"headline\":\"Morre Matheus Azevedo, irm\u00e3o do senador Cleitinho; Divin\u00f3polis decreta tr\u00eas dias de luto oficial\",\"datePublished\":\"2026-07-20T00:34:08+00:00\",\"mainEntityOfPage\":{\"@id\":\"https:\\\/\\\/mrnews.com.br\\\/index.php\\\/2026\\\/07\\\/19\\\/morre-matheus-azevedo-irmao-do-senador-cleitinho-divinopolis-decreta-tres-dias-de-luto-oficial\\\/\"},\"wordCount\":568,\"commentCount\":0,\"publisher\":{\"@id\":\"https:\\\/\\\/mrnews.com.br\\\/#organization\"},\"image\":{\"@id\":\"https:\\\/\\\/mrnews.com.br\\\/index.php\\\/2026\\\/07\\\/19\\\/morre-matheus-azevedo-irmao-do-senador-cleitinho-divinopolis-decreta-tres-dias-de-luto-oficial\\\/#primaryimage\"},\"thumbnailUrl\":\"https:\\\/\\\/mrnews.com.br\\\/wp-content\\\/uploads\\\/2022\\\/06\\\/luto-ator-famoso.jpeg\",\"articleSection\":[\"ENTRETENIMENTO\"],\"inLanguage\":\"pt-BR\",\"potentialAction\":[{\"@type\":\"CommentAction\",\"name\":\"Comment\",\"target\":[\"https:\\\/\\\/mrnews.com.br\\\/index.php\\\/2026\\\/07\\\/19\\\/morre-matheus-azevedo-irmao-do-senador-cleitinho-divinopolis-decreta-tres-dias-de-luto-oficial\\\/#respond\"]}]},{\"@type\":\"WebPage\",\"@id\":\"https:\\\/\\\/mrnews.com.br\\\/index.php\\\/2026\\\/07\\\/19\\\/morre-matheus-azevedo-irmao-do-senador-cleitinho-divinopolis-decreta-tres-dias-de-luto-oficial\\\/\",\"url\":\"https:\\\/\\\/mrnews.com.br\\\/index.php\\\/2026\\\/07\\\/19\\\/morre-matheus-azevedo-irmao-do-senador-cleitinho-divinopolis-decreta-tres-dias-de-luto-oficial\\\/\",\"name\":\"Morre Matheus Azevedo, irm\u00e3o do senador Cleitinho; Divin\u00f3polis decreta tr\u00eas dias de luto oficial\",\"isPartOf\":{\"@id\":\"https:\\\/\\\/mrnews.com.br\\\/#website\"},\"primaryImageOfPage\":{\"@id\":\"https:\\\/\\\/mrnews.com.br\\\/index.php\\\/2026\\\/07\\\/19\\\/morre-matheus-azevedo-irmao-do-senador-cleitinho-divinopolis-decreta-tres-dias-de-luto-oficial\\\/#primaryimage\"},\"image\":{\"@id\":\"https:\\\/\\\/mrnews.com.br\\\/index.php\\\/2026\\\/07\\\/19\\\/morre-matheus-azevedo-irmao-do-senador-cleitinho-divinopolis-decreta-tres-dias-de-luto-oficial\\\/#primaryimage\"},\"thumbnailUrl\":\"https:\\\/\\\/mrnews.com.br\\\/wp-content\\\/uploads\\\/2022\\\/06\\\/luto-ator-famoso.jpeg\",\"datePublished\":\"2026-07-20T00:34:08+00:00\",\"breadcrumb\":{\"@id\":\"https:\\\/\\\/mrnews.com.br\\\/index.php\\\/2026\\\/07\\\/19\\\/morre-matheus-azevedo-irmao-do-senador-cleitinho-divinopolis-decreta-tres-dias-de-luto-oficial\\\/#breadcrumb\"},\"inLanguage\":\"pt-BR\",\"potentialAction\":[{\"@type\":\"ReadAction\",\"target\":[\"https:\\\/\\\/mrnews.com.br\\\/index.php\\\/2026\\\/07\\\/19\\\/morre-matheus-azevedo-irmao-do-senador-cleitinho-divinopolis-decreta-tres-dias-de-luto-oficial\\\/\"]}]},{\"@type\":\"ImageObject\",\"inLanguage\":\"pt-BR\",\"@id\":\"https:\\\/\\\/mrnews.com.br\\\/index.php\\\/2026\\\/07\\\/19\\\/morre-matheus-azevedo-irmao-do-senador-cleitinho-divinopolis-decreta-tres-dias-de-luto-oficial\\\/#primaryimage\",\"url\":\"https:\\\/\\\/mrnews.com.br\\\/wp-content\\\/uploads\\\/2022\\\/06\\\/luto-ator-famoso.jpeg\",\"contentUrl\":\"https:\\\/\\\/mrnews.com.br\\\/wp-content\\\/uploads\\\/2022\\\/06\\\/luto-ator-famoso.jpeg\",\"width\":696,\"height\":365},{\"@type\":\"BreadcrumbList\",\"@id\":\"https:\\\/\\\/mrnews.com.br\\\/index.php\\\/2026\\\/07\\\/19\\\/morre-matheus-azevedo-irmao-do-senador-cleitinho-divinopolis-decreta-tres-dias-de-luto-oficial\\\/#breadcrumb\",\"itemListElement\":[{\"@type\":\"ListItem\",\"position\":1,\"name\":\"In\u00edcio\",\"item\":\"https:\\\/\\\/mrnews.com.br\\\/\"},{\"@type\":\"ListItem\",\"position\":2,\"name\":\"Morre Matheus Azevedo, irm\u00e3o do senador Cleitinho; Divin\u00f3polis decreta tr\u00eas dias de luto oficial\"}]},{\"@type\":\"WebSite\",\"@id\":\"https:\\\/\\\/mrnews.com.br\\\/#website\",\"url\":\"https:\\\/\\\/mrnews.com.br\\\/\",\"name\":\"MRNews\",\"description\":\"MRNews Jogos de hoje da TV, transmiss\u00f5es ao vivo, Not\u00edcias de futebol, Jogos ao vivo, Lives, resumo de novelas, Programa\u00e7\u00e3o da Globo, A Fazenda e BBB\",\"publisher\":{\"@id\":\"https:\\\/\\\/mrnews.com.br\\\/#organization\"},\"potentialAction\":[{\"@type\":\"SearchAction\",\"target\":{\"@type\":\"EntryPoint\",\"urlTemplate\":\"https:\\\/\\\/mrnews.com.br\\\/?s={search_term_string}\"},\"query-input\":{\"@type\":\"PropertyValueSpecification\",\"valueRequired\":true,\"valueName\":\"search_term_string\"}}],\"inLanguage\":\"pt-BR\"},{\"@type\":\"Organization\",\"@id\":\"https:\\\/\\\/mrnews.com.br\\\/#organization\",\"name\":\"MRNews\",\"url\":\"https:\\\/\\\/mrnews.com.br\\\/\",\"logo\":{\"@type\":\"ImageObject\",\"inLanguage\":\"pt-BR\",\"@id\":\"https:\\\/\\\/mrnews.com.br\\\/#\\\/schema\\\/logo\\\/image\\\/\",\"url\":\"https:\\\/\\\/mrnews.com.br\\\/wp-content\\\/uploads\\\/2026\\\/08\\\/MRNEws.png\",\"contentUrl\":\"https:\\\/\\\/mrnews.com.br\\\/wp-content\\\/uploads\\\/2026\\\/08\\\/MRNEws.png\",\"width\":1254,\"height\":1254,\"caption\":\"MRNews\"},\"image\":{\"@id\":\"https:\\\/\\\/mrnews.com.br\\\/#\\\/schema\\\/logo\\\/image\\\/\"},\"sameAs\":[\"https:\\\/\\\/www.facebook.com\\\/eaipahpah\\\/?locale2=pt_BR\",\"https:\\\/\\\/x.com\\\/conspirou\",\"https:\\\/\\\/www.instagram.com\\\/eai_pahpah\",\"https:\\\/\\\/br.pinterest.com\\\/mrnewsn\\\/boards\\\/\",\"https:\\\/\\\/www.youtube.com\\\/channel\\\/UCacgnpznQ61fifLWr1tQ-vA?view_as=subscriber\"]},{\"@type\":\"Person\",\"@id\":\"https:\\\/\\\/mrnews.com.br\\\/#\\\/schema\\\/person\\\/be3203154562a9f207407861cef7827b\",\"name\":\"MR News\",\"image\":{\"@type\":\"ImageObject\",\"inLanguage\":\"pt-BR\",\"@id\":\"https:\\\/\\\/secure.gravatar.com\\\/avatar\\\/04084e6d73c042b8646e7c17b494073bf0ede3ea13c7105cfc45cbbbc28385a4?s=96&d=monsterid&r=g\",\"url\":\"https:\\\/\\\/secure.gravatar.com\\\/avatar\\\/04084e6d73c042b8646e7c17b494073bf0ede3ea13c7105cfc45cbbbc28385a4?s=96&d=monsterid&r=g\",\"contentUrl\":\"https:\\\/\\\/secure.gravatar.com\\\/avatar\\\/04084e6d73c042b8646e7c17b494073bf0ede3ea13c7105cfc45cbbbc28385a4?s=96&d=monsterid&r=g\",\"caption\":\"MR News\"},\"description\":\"Especializado em jornalismo colaborativo pela FTP em n\u00edvel de p\u00f3s-gradua\u00e7\u00e3o. suporte@oimeliga.combr\",\"sameAs\":[\"HUGO R.\",\"Admin\"],\"url\":\"https:\\\/\\\/mrnews.com.br\\\/index.php\\\/author\\\/admin\\\/\"}]}<\/script>\n<!-- \/ Yoast SEO plugin. -->","yoast_head_json":{"title":"Morre Matheus Azevedo, irm\u00e3o do senador Cleitinho; Divin\u00f3polis decreta tr\u00eas dias de luto oficial","robots":{"index":"index","follow":"follow","max-snippet":"max-snippet:-1","max-image-preview":"max-image-preview:large","max-video-preview":"max-video-preview:-1"},"canonical":"https:\/\/mrnews.com.br\/index.php\/2026\/07\/19\/morre-matheus-azevedo-irmao-do-senador-cleitinho-divinopolis-decreta-tres-dias-de-luto-oficial\/","og_locale":"pt_BR","og_type":"article","og_title":"Morre Matheus Azevedo, irm\u00e3o do senador Cleitinho; Divin\u00f3polis decreta tr\u00eas dias de luto oficial","og_description":"Morre Matheus Azevedo, irm\u00e3o do senador Cleitinho; Divin\u00f3polis decreta tr\u00eas dias de luto oficial A cidade de Divin\u00f3polis, no Centro-Oeste de Minas Gerais, est\u00e1 de luto ap\u00f3s a morte de Matheus Azevedo, irm\u00e3o ca\u00e7ula do senador Cleitinho Azevedo (Republicanos). Ele faleceu na manh\u00e3 deste s\u00e1bado (18), aos 30 anos, em decorr\u00eancia de complica\u00e7\u00f5es provocadas por &hellip;","og_url":"https:\/\/mrnews.com.br\/index.php\/2026\/07\/19\/morre-matheus-azevedo-irmao-do-senador-cleitinho-divinopolis-decreta-tres-dias-de-luto-oficial\/","og_site_name":"MRNews","article_publisher":"https:\/\/www.facebook.com\/eaipahpah\/?locale2=pt_BR","article_published_time":"2026-07-20T00:34:08+00:00","og_image":[{"width":696,"height":365,"url":"https:\/\/mrnews.com.br\/wp-content\/uploads\/2022\/06\/luto-ator-famoso.jpeg","type":"image\/jpeg"}],"author":"MR News","twitter_card":"summary_large_image","twitter_creator":"@conspirou","twitter_site":"@conspirou","twitter_misc":{"Escrito por":"MR News","Est. tempo de leitura":"3 minutos"},"schema":{"@context":"https:\/\/schema.org","@graph":[{"@type":"Article","@id":"https:\/\/mrnews.com.br\/index.php\/2026\/07\/19\/morre-matheus-azevedo-irmao-do-senador-cleitinho-divinopolis-decreta-tres-dias-de-luto-oficial\/#article","isPartOf":{"@id":"https:\/\/mrnews.com.br\/index.php\/2026\/07\/19\/morre-matheus-azevedo-irmao-do-senador-cleitinho-divinopolis-decreta-tres-dias-de-luto-oficial\/"},"author":{"name":"MR News","@id":"https:\/\/mrnews.com.br\/#\/schema\/person\/be3203154562a9f207407861cef7827b"},"headline":"Morre Matheus Azevedo, irm\u00e3o do senador Cleitinho; Divin\u00f3polis decreta tr\u00eas dias de luto oficial","datePublished":"2026-07-20T00:34:08+00:00","mainEntityOfPage":{"@id":"https:\/\/mrnews.com.br\/index.php\/2026\/07\/19\/morre-matheus-azevedo-irmao-do-senador-cleitinho-divinopolis-decreta-tres-dias-de-luto-oficial\/"},"wordCount":568,"commentCount":0,"publisher":{"@id":"https:\/\/mrnews.com.br\/#organization"},"image":{"@id":"https:\/\/mrnews.com.br\/index.php\/2026\/07\/19\/morre-matheus-azevedo-irmao-do-senador-cleitinho-divinopolis-decreta-tres-dias-de-luto-oficial\/#primaryimage"},"thumbnailUrl":"https:\/\/mrnews.com.br\/wp-content\/uploads\/2022\/06\/luto-ator-famoso.jpeg","articleSection":["ENTRETENIMENTO"],"inLanguage":"pt-BR","potentialAction":[{"@type":"CommentAction","name":"Comment","target":["https:\/\/mrnews.com.br\/index.php\/2026\/07\/19\/morre-matheus-azevedo-irmao-do-senador-cleitinho-divinopolis-decreta-tres-dias-de-luto-oficial\/#respond"]}]},{"@type":"WebPage","@id":"https:\/\/mrnews.com.br\/index.php\/2026\/07\/19\/morre-matheus-azevedo-irmao-do-senador-cleitinho-divinopolis-decreta-tres-dias-de-luto-oficial\/","url":"https:\/\/mrnews.com.br\/index.php\/2026\/07\/19\/morre-matheus-azevedo-irmao-do-senador-cleitinho-divinopolis-decreta-tres-dias-de-luto-oficial\/","name":"Morre Matheus Azevedo, irm\u00e3o do senador Cleitinho; Divin\u00f3polis decreta tr\u00eas dias de luto oficial","isPartOf":{"@id":"https:\/\/mrnews.com.br\/#website"},"primaryImageOfPage":{"@id":"https:\/\/mrnews.com.br\/index.php\/2026\/07\/19\/morre-matheus-azevedo-irmao-do-senador-cleitinho-divinopolis-decreta-tres-dias-de-luto-oficial\/#primaryimage"},"image":{"@id":"https:\/\/mrnews.com.br\/index.php\/2026\/07\/19\/morre-matheus-azevedo-irmao-do-senador-cleitinho-divinopolis-decreta-tres-dias-de-luto-oficial\/#primaryimage"},"thumbnailUrl":"https:\/\/mrnews.com.br\/wp-content\/uploads\/2022\/06\/luto-ator-famoso.jpeg","datePublished":"2026-07-20T00:34:08+00:00","breadcrumb":{"@id":"https:\/\/mrnews.com.br\/index.php\/2026\/07\/19\/morre-matheus-azevedo-irmao-do-senador-cleitinho-divinopolis-decreta-tres-dias-de-luto-oficial\/#breadcrumb"},"inLanguage":"pt-BR","potentialAction":[{"@type":"ReadAction","target":["https:\/\/mrnews.com.br\/index.php\/2026\/07\/19\/morre-matheus-azevedo-irmao-do-senador-cleitinho-divinopolis-decreta-tres-dias-de-luto-oficial\/"]}]},{"@type":"ImageObject","inLanguage":"pt-BR","@id":"https:\/\/mrnews.com.br\/index.php\/2026\/07\/19\/morre-matheus-azevedo-irmao-do-senador-cleitinho-divinopolis-decreta-tres-dias-de-luto-oficial\/#primaryimage","url":"https:\/\/mrnews.com.br\/wp-content\/uploads\/2022\/06\/luto-ator-famoso.jpeg","contentUrl":"https:\/\/mrnews.com.br\/wp-content\/uploads\/2022\/06\/luto-ator-famoso.jpeg","width":696,"height":365},{"@type":"BreadcrumbList","@id":"https:\/\/mrnews.com.br\/index.php\/2026\/07\/19\/morre-matheus-azevedo-irmao-do-senador-cleitinho-divinopolis-decreta-tres-dias-de-luto-oficial\/#breadcrumb","itemListElement":[{"@type":"ListItem","position":1,"name":"In\u00edcio","item":"https:\/\/mrnews.com.br\/"},{"@type":"ListItem","position":2,"name":"Morre Matheus Azevedo, irm\u00e3o do senador Cleitinho; Divin\u00f3polis decreta tr\u00eas dias de luto oficial"}]},{"@type":"WebSite","@id":"https:\/\/mrnews.com.br\/#website","url":"https:\/\/mrnews.com.br\/","name":"MRNews","description":"MRNews Jogos de hoje da TV, transmiss\u00f5es ao vivo, Not\u00edcias de futebol, Jogos ao vivo, Lives, resumo de novelas, Programa\u00e7\u00e3o da Globo, A Fazenda e BBB","publisher":{"@id":"https:\/\/mrnews.com.br\/#organization"},"potentialAction":[{"@type":"SearchAction","target":{"@type":"EntryPoint","urlTemplate":"https:\/\/mrnews.com.br\/?s={search_term_string}"},"query-input":{"@type":"PropertyValueSpecification","valueRequired":true,"valueName":"search_term_string"}}],"inLanguage":"pt-BR"},{"@type":"Organization","@id":"https:\/\/mrnews.com.br\/#organization","name":"MRNews","url":"https:\/\/mrnews.com.br\/","logo":{"@type":"ImageObject","inLanguage":"pt-BR","@id":"https:\/\/mrnews.com.br\/#\/schema\/logo\/image\/","url":"https:\/\/mrnews.com.br\/wp-content\/uploads\/2026\/08\/MRNEws.png","contentUrl":"https:\/\/mrnews.com.br\/wp-content\/uploads\/2026\/08\/MRNEws.png","width":1254,"height":1254,"caption":"MRNews"},"image":{"@id":"https:\/\/mrnews.com.br\/#\/schema\/logo\/image\/"},"sameAs":["https:\/\/www.facebook.com\/eaipahpah\/?locale2=pt_BR","https:\/\/x.com\/conspirou","https:\/\/www.instagram.com\/eai_pahpah","https:\/\/br.pinterest.com\/mrnewsn\/boards\/","https:\/\/www.youtube.com\/channel\/UCacgnpznQ61fifLWr1tQ-vA?view_as=subscriber"]},{"@type":"Person","@id":"https:\/\/mrnews.com.br\/#\/schema\/person\/be3203154562a9f207407861cef7827b","name":"MR News","image":{"@type":"ImageObject","inLanguage":"pt-BR","@id":"https:\/\/secure.gravatar.com\/avatar\/04084e6d73c042b8646e7c17b494073bf0ede3ea13c7105cfc45cbbbc28385a4?s=96&d=monsterid&r=g","url":"https:\/\/secure.gravatar.com\/avatar\/04084e6d73c042b8646e7c17b494073bf0ede3ea13c7105cfc45cbbbc28385a4?s=96&d=monsterid&r=g","contentUrl":"https:\/\/secure.gravatar.com\/avatar\/04084e6d73c042b8646e7c17b494073bf0ede3ea13c7105cfc45cbbbc28385a4?s=96&d=monsterid&r=g","caption":"MR News"},"description":"Especializado em jornalismo colaborativo pela FTP em n\u00edvel de p\u00f3s-gradua\u00e7\u00e3o. suporte@oimeliga.combr","sameAs":["HUGO R.","Admin"],"url":"https:\/\/mrnews.com.br\/index.php\/author\/admin\/"}]}},"jetpack_sharing_enabled":true,"jetpack_shortlink":"https:\/\/wp.me\/pa2Qf7-1WJQ","amp_enabled":true,"jetpack_featured_media_url":"https:\/\/mrnews.com.br\/wp-content\/uploads\/2022\/06\/luto-ator-famoso.jpeg","_links":{"self":[{"href":"https:\/\/mrnews.com.br\/index.php\/wp-json\/wp\/v2\/posts\/464122","targetHints":{"allow":["GET"]}}],"collection":[{"href":"https:\/\/mrnews.com.br\/index.php\/wp-json\/wp\/v2\/posts"}],"about":[{"href":"https:\/\/mrnews.com.br\/index.php\/wp-json\/wp\/v2\/types\/post"}],"author":[{"embeddable":true,"href":"https:\/\/mrnews.com.br\/index.php\/wp-json\/wp\/v2\/users\/1"}],"replies":[{"embeddable":true,"href":"https:\/\/mrnews.com.br\/index.php\/wp-json\/wp\/v2\/comments?post=464122"}],"version-history":[{"count":1,"href":"https:\/\/mrnews.com.br\/index.php\/wp-json\/wp\/v2\/posts\/464122\/revisions"}],"predecessor-version":[{"id":464123,"href":"https:\/\/mrnews.com.br\/index.php\/wp-json\/wp\/v2\/posts\/464122\/revisions\/464123"}],"wp:featuredmedia":[{"embeddable":true,"href":"https:\/\/mrnews.com.br\/index.php\/wp-json\/wp\/v2\/media\/352379"}],"wp:attachment":[{"href":"https:\/\/mrnews.com.br\/index.php\/wp-json\/wp\/v2\/media?parent=464122"}],"wp:term":[{"taxonomy":"category","embeddable":true,"href":"https:\/\/mrnews.com.br\/index.php\/wp-json\/wp\/v2\/categories?post=464122"},{"taxonomy":"post_tag","embeddable":true,"href":"https:\/\/mrnews.com.br\/index.php\/wp-json\/wp\/v2\/tags?post=464122"}],"curies":[{"name":"wp","href":"https:\/\/api.w.org\/{rel}","templated":true}]}}