{"id":464142,"date":"2026-07-20T12:17:23","date_gmt":"2026-07-20T15:17:23","guid":{"rendered":"https:\/\/mrnews.com.br\/index.php\/2026\/07\/20\/economia-cresce-07-em-maio-puxada-por-consumo-das-familias-diz-fgv\/"},"modified":"2026-07-20T12:17:23","modified_gmt":"2026-07-20T15:17:23","slug":"economia-cresce-07-em-maio-puxada-por-consumo-das-familias-diz-fgv","status":"publish","type":"post","link":"https:\/\/mrnews.com.br\/index.php\/2026\/07\/20\/economia-cresce-07-em-maio-puxada-por-consumo-das-familias-diz-fgv\/","title":{"rendered":"Economia cresce 0,7% em maio, puxada por consumo das fam\u00edlias, diz FGV"},"content":{"rendered":"<p>Por EBC, <\/p>\n<div>\n<p>A economia brasileira cresceu 0,7% na passagem de abril para maio. No trimestre m\u00f3vel terminado em maio, a alta \u00e9 de 1,9% na compara\u00e7\u00e3o com o mesmo per\u00edodo de 2025. <strong>Com esse desempenho, a varia\u00e7\u00e3o positiva acumulada no per\u00edodo de 12 meses fica em 1,7%.<\/strong><\/p>\n<p>Os dados fazem parte do Monitor do PIB, estudo mensal elaborado pelo Instituto Brasileiro de Economia (Ibre) da Funda\u00e7\u00e3o Getulio Vargas (FGV), divulgado nesta segunda-feira (20).<\/p>\n<p>A pesquisa faz estimativas sobre o comportamento do Produto Interno Bruto (PIB), indicador do conjunto de todos os bens e servi\u00e7os produzidos no pa\u00eds, com base em dados da ind\u00fastria, com\u00e9rcio, servi\u00e7os e agropecu\u00e1ria.<\/p>\n<p><strong>O resultado de maio retoma a trajet\u00f3ria positiva na compara\u00e7\u00e3o entre meses imediatamente seguidos, ap\u00f3s recuo em abril e estabilidade em mar\u00e7o.<\/strong><\/p>\n<p>Confira o comportamento do ano m\u00eas a m\u00eas:<\/p>\n<ul>\n<li>Maio: 0,7%<\/li>\n<li>Abril: -0,1%<\/li>\n<li>Mar\u00e7o: 0%<\/li>\n<li>Fevereiro: 0,5%<\/li>\n<li>Janeiro: 0,7%<\/li>\n<\/ul>\n<h2>Sinais de arrefecimento<\/h2>\n<p>Apesar da retomada de crescimento em maio, o indicador de 12 meses (1,7%), que mostra uma vis\u00e3o de retrovisor de mais longo prazo, aponta desacelera\u00e7\u00e3o, ou seja, perda de for\u00e7a. Em mar\u00e7o deste ano, a varia\u00e7\u00e3o era de 3%. Em maio do ano passado, 3,8%.<\/p>\n<p>Ao apresentar os resultados, a <strong>FGV destaca que o consumo das fam\u00edlias cresceu 3,3% no trimestre at\u00e9 maio<\/strong>, chegando ao maior patamar desde o quarto trimestre de 2024, quando avan\u00e7ou 4%. Desse desempenho, mais de 60% vieram do consumo de servi\u00e7os e de bens dur\u00e1veis.<\/p>\n<p>A economista Juliana Trece, coordenadora da pesquisa, destaca que o consumo das fam\u00edlias foi o grande respons\u00e1vel pelo desempenho positivo da economia.<\/p>\n<p>No entanto, ela aponta que h\u00e1 algumas \u201cfragilidades\u201d no resultado do PIB brasileiro.<\/p>\n<blockquote>\n<p>\u201cO crescimento da agropecu\u00e1ria vem ap\u00f3s sequ\u00eancia de retra\u00e7\u00f5es, a estabilidade industrial mostra perda de f\u00f4lego do setor e, apenas os servi\u00e7os mostraram resultado um pouco melhor que a m\u00e9dia geral do in\u00edcio do ano\u201d, explica.<\/p>\n<\/blockquote>\n<p>Para ela, a concentra\u00e7\u00e3o do crescimento no consumo das fam\u00edlias mostra depend\u00eancia desse componente, uma vez que as exporta\u00e7\u00f5es e os investimentos apresentaram quedas.<\/p>\n<p>\u201cCom isso, conclui-se que, embora a economia siga em crescimento, h\u00e1 alguns sinais importantes de arrefecimento que come\u00e7am a aparecer no resultado\u201d, avalia.<\/p>\n<h2>Comportamentos<\/h2>\n<p><strong>As exporta\u00e7\u00f5es tiveram crescimento de 4,3%, o menor desde o segundo trimestre de 2025 (2,1%).<\/strong><\/p>\n<p>\u201cAs exporta\u00e7\u00f5es da [ind\u00fastria] extrativa mineral registram crescimento significativamente inferior ao que vinha apresentando desde o in\u00edcio do ano, o que explica a redu\u00e7\u00e3o do crescimento das exporta\u00e7\u00f5es\u201d, destaca o acompanhamento.<\/p>\n<p>As importa\u00e7\u00f5es cresceram 8,9%, terceiro trimestre m\u00f3vel seguido de alta.<\/p>\n<p>A chamada Forma\u00e7\u00e3o Bruta de Capital Fixo (FBCF), indicador que mede o investimento na economia, como compras de m\u00e1quinas e equipamentos, teve expans\u00e3o de 2% no trimestre m\u00f3vel. Foi a segunda expans\u00e3o depois de recuo nos quatro trimestres m\u00f3veis imediatamente seguidos.<\/p>\n<p><strong>O estudo estima que a taxa de investimento da economia em maio foi de 18,6%, a segunda maior do ano, perdendo apenas para fevereiro (19,2%).<\/strong><\/p>\n<p>De acordo com a FGV, em termos monet\u00e1rios, o PIB acumulado at\u00e9 maio, em valores correntes, \u00e9 estimado em R$ 5,466 trilh\u00f5es.<\/p>\n<h2>Resultado oficial<\/h2>\n<p>O Monitor do PIB \u00e9 um dos estudos que servem como term\u00f4metro da economia brasileira. Outro levantamento \u00e9 o \u00cdndice de Atividade Econ\u00f4mica do Banco Central (IBC-Br), divulgado na sexta-feira (17), que<strong> indicou expans\u00e3o de 0,1% na passagem de abril para maio e de 1,4% em 12 meses<\/strong>.\u00a0<\/p>\n<p>O resultado oficial do PIB \u00e9 apresentado trimestralmente pelo Instituto Brasileiro de Geografia e Estat\u00edstica (IBGE). A \u00faltima divulga\u00e7\u00e3o foi no fim de maio, que apontou crescimento de 1,1% no primeiro trimestre de 2026.<\/p>\n<p><strong>A pr\u00f3xima divulga\u00e7\u00e3o ser\u00e1 referente ao segundo trimestre de 2026, no dia 1\u00ba de setembro.<\/strong><\/p>\n<h2>Expectativas<\/h2>\n<p>O relat\u00f3rio Focus desta semana, sondagem do Banco Central (BC) com institui\u00e7\u00f5es do mercado financeiro estima que a economia brasileira vai terminar 2026 com alta de 1,99%.\u00a0\u00a0<\/p>\n<p>A previs\u00e3o do Minist\u00e9rio da Fazenda \u00e9 varia\u00e7\u00e3o de 2,3%.<\/p>\n<p>      <!-- Relacionada --><\/p>\n<p>            <!-- Relacionada -->\n    <\/div>\n","protected":false},"excerpt":{"rendered":"<p>Por EBC, A economia brasileira cresceu 0,7% na passagem de abril para maio. No trimestre m\u00f3vel terminado em maio, a alta \u00e9 de 1,9% na compara\u00e7\u00e3o com o mesmo per\u00edodo de 2025. Com esse desempenho, a varia\u00e7\u00e3o positiva acumulada no per\u00edodo de 12 meses fica em 1,7%. Os dados fazem parte do Monitor do PIB, &hellip;<\/p>\n","protected":false},"author":1,"featured_media":0,"comment_status":"open","ping_status":"open","sticky":false,"template":"","format":"standard","meta":{"_jetpack_newsletter_access":"","_jetpack_dont_email_post_to_subs":false,"_jetpack_newsletter_tier_id":0,"_jetpack_memberships_contains_paywalled_content":false,"_jetpack_feature_clip_id":0,"_jetpack_memberships_contains_paid_content":false,"footnotes":"","jetpack_post_was_ever_published":false},"categories":[2,12225,4],"tags":[],"class_list":["post-464142","post","type-post","status-publish","format-standard","hentry","category-entretenimento","category-noticias","category-servicos"],"yoast_head":"<!-- This site is optimized with the Yoast SEO plugin v28.4 - https:\/\/yoast.com\/product\/yoast-seo-wordpress\/ -->\n<title>Economia cresce 0,7% em maio, puxada por consumo das fam\u00edlias, diz FGV<\/title>\n<meta name=\"robots\" content=\"index, follow, max-snippet:-1, max-image-preview:large, max-video-preview:-1\" \/>\n<link rel=\"canonical\" href=\"https:\/\/agenciabrasil.ebc.com.br\/economia\/noticia\/2026-07\/economia-cresce-07-em-maio-puxada-por-consumo-das-familias-diz-fgv\" \/>\n<meta property=\"og:locale\" content=\"pt_BR\" \/>\n<meta property=\"og:type\" content=\"article\" \/>\n<meta property=\"og:title\" content=\"Economia cresce 0,7% em maio, puxada por consumo das fam\u00edlias, diz FGV\" \/>\n<meta property=\"og:description\" content=\"Por EBC, A economia brasileira cresceu 0,7% na passagem de abril para maio. No trimestre m\u00f3vel terminado em maio, a alta \u00e9 de 1,9% na compara\u00e7\u00e3o com o mesmo per\u00edodo de 2025. Com esse desempenho, a varia\u00e7\u00e3o positiva acumulada no per\u00edodo de 12 meses fica em 1,7%. Os dados fazem parte do Monitor do PIB, &hellip;\" \/>\n<meta property=\"og:url\" content=\"https:\/\/agenciabrasil.ebc.com.br\/economia\/noticia\/2026-07\/economia-cresce-07-em-maio-puxada-por-consumo-das-familias-diz-fgv\" \/>\n<meta property=\"og:site_name\" content=\"MRNews\" \/>\n<meta property=\"article:publisher\" content=\"https:\/\/www.facebook.com\/eaipahpah\/?locale2=pt_BR\" \/>\n<meta property=\"article:published_time\" content=\"2026-07-20T15:17:23+00:00\" \/>\n<meta name=\"author\" content=\"MR News\" \/>\n<meta name=\"twitter:card\" content=\"summary_large_image\" \/>\n<meta name=\"twitter:creator\" content=\"@conspirou\" \/>\n<meta name=\"twitter:site\" content=\"@conspirou\" \/>\n<meta name=\"twitter:label1\" content=\"Escrito por\" \/>\n\t<meta name=\"twitter:data1\" content=\"MR News\" \/>\n\t<meta name=\"twitter:label2\" content=\"Est. tempo de leitura\" \/>\n\t<meta name=\"twitter:data2\" content=\"3 minutos\" \/>\n<script type=\"application\/ld+json\" class=\"yoast-schema-graph\">{\"@context\":\"https:\\\/\\\/schema.org\",\"@graph\":[{\"@type\":\"Article\",\"@id\":\"https:\\\/\\\/agenciabrasil.ebc.com.br\\\/economia\\\/noticia\\\/2026-07\\\/economia-cresce-07-em-maio-puxada-por-consumo-das-familias-diz-fgv#article\",\"isPartOf\":{\"@id\":\"https:\\\/\\\/mrnews.com.br\\\/index.php\\\/2026\\\/07\\\/20\\\/economia-cresce-07-em-maio-puxada-por-consumo-das-familias-diz-fgv\\\/\"},\"author\":{\"name\":\"MR News\",\"@id\":\"https:\\\/\\\/mrnews.com.br\\\/#\\\/schema\\\/person\\\/be3203154562a9f207407861cef7827b\"},\"headline\":\"Economia cresce 0,7% em maio, puxada por consumo das fam\u00edlias, diz FGV\",\"datePublished\":\"2026-07-20T15:17:23+00:00\",\"mainEntityOfPage\":{\"@id\":\"https:\\\/\\\/mrnews.com.br\\\/index.php\\\/2026\\\/07\\\/20\\\/economia-cresce-07-em-maio-puxada-por-consumo-das-familias-diz-fgv\\\/\"},\"wordCount\":680,\"commentCount\":0,\"publisher\":{\"@id\":\"https:\\\/\\\/mrnews.com.br\\\/#organization\"},\"articleSection\":[\"ENTRETENIMENTO\",\"NOTICIAS\",\"SERVI\u00c7OS\"],\"inLanguage\":\"pt-BR\",\"potentialAction\":[{\"@type\":\"CommentAction\",\"name\":\"Comment\",\"target\":[\"https:\\\/\\\/agenciabrasil.ebc.com.br\\\/economia\\\/noticia\\\/2026-07\\\/economia-cresce-07-em-maio-puxada-por-consumo-das-familias-diz-fgv#respond\"]}]},{\"@type\":\"WebPage\",\"@id\":\"https:\\\/\\\/mrnews.com.br\\\/index.php\\\/2026\\\/07\\\/20\\\/economia-cresce-07-em-maio-puxada-por-consumo-das-familias-diz-fgv\\\/\",\"url\":\"https:\\\/\\\/agenciabrasil.ebc.com.br\\\/economia\\\/noticia\\\/2026-07\\\/economia-cresce-07-em-maio-puxada-por-consumo-das-familias-diz-fgv\",\"name\":\"Economia cresce 0,7% em maio, puxada por consumo das fam\u00edlias, diz FGV\",\"isPartOf\":{\"@id\":\"https:\\\/\\\/mrnews.com.br\\\/#website\"},\"datePublished\":\"2026-07-20T15:17:23+00:00\",\"breadcrumb\":{\"@id\":\"https:\\\/\\\/agenciabrasil.ebc.com.br\\\/economia\\\/noticia\\\/2026-07\\\/economia-cresce-07-em-maio-puxada-por-consumo-das-familias-diz-fgv#breadcrumb\"},\"inLanguage\":\"pt-BR\",\"potentialAction\":[{\"@type\":\"ReadAction\",\"target\":[\"https:\\\/\\\/agenciabrasil.ebc.com.br\\\/economia\\\/noticia\\\/2026-07\\\/economia-cresce-07-em-maio-puxada-por-consumo-das-familias-diz-fgv\"]}]},{\"@type\":\"BreadcrumbList\",\"@id\":\"https:\\\/\\\/agenciabrasil.ebc.com.br\\\/economia\\\/noticia\\\/2026-07\\\/economia-cresce-07-em-maio-puxada-por-consumo-das-familias-diz-fgv#breadcrumb\",\"itemListElement\":[{\"@type\":\"ListItem\",\"position\":1,\"name\":\"In\u00edcio\",\"item\":\"https:\\\/\\\/mrnews.com.br\\\/\"},{\"@type\":\"ListItem\",\"position\":2,\"name\":\"Economia cresce 0,7% em maio, puxada por consumo das fam\u00edlias, diz FGV\"}]},{\"@type\":\"WebSite\",\"@id\":\"https:\\\/\\\/mrnews.com.br\\\/#website\",\"url\":\"https:\\\/\\\/mrnews.com.br\\\/\",\"name\":\"MRNews\",\"description\":\"MRNews Jogos de hoje da TV, transmiss\u00f5es ao vivo, Not\u00edcias de futebol, Jogos ao vivo, Lives, resumo de novelas, Programa\u00e7\u00e3o da Globo, A Fazenda e BBB\",\"publisher\":{\"@id\":\"https:\\\/\\\/mrnews.com.br\\\/#organization\"},\"potentialAction\":[{\"@type\":\"SearchAction\",\"target\":{\"@type\":\"EntryPoint\",\"urlTemplate\":\"https:\\\/\\\/mrnews.com.br\\\/?s={search_term_string}\"},\"query-input\":{\"@type\":\"PropertyValueSpecification\",\"valueRequired\":true,\"valueName\":\"search_term_string\"}}],\"inLanguage\":\"pt-BR\"},{\"@type\":\"Organization\",\"@id\":\"https:\\\/\\\/mrnews.com.br\\\/#organization\",\"name\":\"MRNews\",\"url\":\"https:\\\/\\\/mrnews.com.br\\\/\",\"logo\":{\"@type\":\"ImageObject\",\"inLanguage\":\"pt-BR\",\"@id\":\"https:\\\/\\\/mrnews.com.br\\\/#\\\/schema\\\/logo\\\/image\\\/\",\"url\":\"https:\\\/\\\/mrnews.com.br\\\/wp-content\\\/uploads\\\/2026\\\/08\\\/MRNEws.png\",\"contentUrl\":\"https:\\\/\\\/mrnews.com.br\\\/wp-content\\\/uploads\\\/2026\\\/08\\\/MRNEws.png\",\"width\":1254,\"height\":1254,\"caption\":\"MRNews\"},\"image\":{\"@id\":\"https:\\\/\\\/mrnews.com.br\\\/#\\\/schema\\\/logo\\\/image\\\/\"},\"sameAs\":[\"https:\\\/\\\/www.facebook.com\\\/eaipahpah\\\/?locale2=pt_BR\",\"https:\\\/\\\/x.com\\\/conspirou\",\"https:\\\/\\\/www.instagram.com\\\/eai_pahpah\",\"https:\\\/\\\/br.pinterest.com\\\/mrnewsn\\\/boards\\\/\",\"https:\\\/\\\/www.youtube.com\\\/channel\\\/UCacgnpznQ61fifLWr1tQ-vA?view_as=subscriber\"]},{\"@type\":\"Person\",\"@id\":\"https:\\\/\\\/mrnews.com.br\\\/#\\\/schema\\\/person\\\/be3203154562a9f207407861cef7827b\",\"name\":\"MR News\",\"image\":{\"@type\":\"ImageObject\",\"inLanguage\":\"pt-BR\",\"@id\":\"https:\\\/\\\/secure.gravatar.com\\\/avatar\\\/04084e6d73c042b8646e7c17b494073bf0ede3ea13c7105cfc45cbbbc28385a4?s=96&d=monsterid&r=g\",\"url\":\"https:\\\/\\\/secure.gravatar.com\\\/avatar\\\/04084e6d73c042b8646e7c17b494073bf0ede3ea13c7105cfc45cbbbc28385a4?s=96&d=monsterid&r=g\",\"contentUrl\":\"https:\\\/\\\/secure.gravatar.com\\\/avatar\\\/04084e6d73c042b8646e7c17b494073bf0ede3ea13c7105cfc45cbbbc28385a4?s=96&d=monsterid&r=g\",\"caption\":\"MR News\"},\"description\":\"Especializado em jornalismo colaborativo pela FTP em n\u00edvel de p\u00f3s-gradua\u00e7\u00e3o. suporte@oimeliga.combr\",\"sameAs\":[\"HUGO R.\",\"Admin\"],\"url\":\"https:\\\/\\\/mrnews.com.br\\\/index.php\\\/author\\\/admin\\\/\"}]}<\/script>\n<!-- \/ Yoast SEO plugin. -->","yoast_head_json":{"title":"Economia cresce 0,7% em maio, puxada por consumo das fam\u00edlias, diz FGV","robots":{"index":"index","follow":"follow","max-snippet":"max-snippet:-1","max-image-preview":"max-image-preview:large","max-video-preview":"max-video-preview:-1"},"canonical":"https:\/\/agenciabrasil.ebc.com.br\/economia\/noticia\/2026-07\/economia-cresce-07-em-maio-puxada-por-consumo-das-familias-diz-fgv","og_locale":"pt_BR","og_type":"article","og_title":"Economia cresce 0,7% em maio, puxada por consumo das fam\u00edlias, diz FGV","og_description":"Por EBC, A economia brasileira cresceu 0,7% na passagem de abril para maio. No trimestre m\u00f3vel terminado em maio, a alta \u00e9 de 1,9% na compara\u00e7\u00e3o com o mesmo per\u00edodo de 2025. Com esse desempenho, a varia\u00e7\u00e3o positiva acumulada no per\u00edodo de 12 meses fica em 1,7%. Os dados fazem parte do Monitor do PIB, &hellip;","og_url":"https:\/\/agenciabrasil.ebc.com.br\/economia\/noticia\/2026-07\/economia-cresce-07-em-maio-puxada-por-consumo-das-familias-diz-fgv","og_site_name":"MRNews","article_publisher":"https:\/\/www.facebook.com\/eaipahpah\/?locale2=pt_BR","article_published_time":"2026-07-20T15:17:23+00:00","author":"MR News","twitter_card":"summary_large_image","twitter_creator":"@conspirou","twitter_site":"@conspirou","twitter_misc":{"Escrito por":"MR News","Est. tempo de leitura":"3 minutos"},"schema":{"@context":"https:\/\/schema.org","@graph":[{"@type":"Article","@id":"https:\/\/agenciabrasil.ebc.com.br\/economia\/noticia\/2026-07\/economia-cresce-07-em-maio-puxada-por-consumo-das-familias-diz-fgv#article","isPartOf":{"@id":"https:\/\/mrnews.com.br\/index.php\/2026\/07\/20\/economia-cresce-07-em-maio-puxada-por-consumo-das-familias-diz-fgv\/"},"author":{"name":"MR News","@id":"https:\/\/mrnews.com.br\/#\/schema\/person\/be3203154562a9f207407861cef7827b"},"headline":"Economia cresce 0,7% em maio, puxada por consumo das fam\u00edlias, diz FGV","datePublished":"2026-07-20T15:17:23+00:00","mainEntityOfPage":{"@id":"https:\/\/mrnews.com.br\/index.php\/2026\/07\/20\/economia-cresce-07-em-maio-puxada-por-consumo-das-familias-diz-fgv\/"},"wordCount":680,"commentCount":0,"publisher":{"@id":"https:\/\/mrnews.com.br\/#organization"},"articleSection":["ENTRETENIMENTO","NOTICIAS","SERVI\u00c7OS"],"inLanguage":"pt-BR","potentialAction":[{"@type":"CommentAction","name":"Comment","target":["https:\/\/agenciabrasil.ebc.com.br\/economia\/noticia\/2026-07\/economia-cresce-07-em-maio-puxada-por-consumo-das-familias-diz-fgv#respond"]}]},{"@type":"WebPage","@id":"https:\/\/mrnews.com.br\/index.php\/2026\/07\/20\/economia-cresce-07-em-maio-puxada-por-consumo-das-familias-diz-fgv\/","url":"https:\/\/agenciabrasil.ebc.com.br\/economia\/noticia\/2026-07\/economia-cresce-07-em-maio-puxada-por-consumo-das-familias-diz-fgv","name":"Economia cresce 0,7% em maio, puxada por consumo das fam\u00edlias, diz FGV","isPartOf":{"@id":"https:\/\/mrnews.com.br\/#website"},"datePublished":"2026-07-20T15:17:23+00:00","breadcrumb":{"@id":"https:\/\/agenciabrasil.ebc.com.br\/economia\/noticia\/2026-07\/economia-cresce-07-em-maio-puxada-por-consumo-das-familias-diz-fgv#breadcrumb"},"inLanguage":"pt-BR","potentialAction":[{"@type":"ReadAction","target":["https:\/\/agenciabrasil.ebc.com.br\/economia\/noticia\/2026-07\/economia-cresce-07-em-maio-puxada-por-consumo-das-familias-diz-fgv"]}]},{"@type":"BreadcrumbList","@id":"https:\/\/agenciabrasil.ebc.com.br\/economia\/noticia\/2026-07\/economia-cresce-07-em-maio-puxada-por-consumo-das-familias-diz-fgv#breadcrumb","itemListElement":[{"@type":"ListItem","position":1,"name":"In\u00edcio","item":"https:\/\/mrnews.com.br\/"},{"@type":"ListItem","position":2,"name":"Economia cresce 0,7% em maio, puxada por consumo das fam\u00edlias, diz FGV"}]},{"@type":"WebSite","@id":"https:\/\/mrnews.com.br\/#website","url":"https:\/\/mrnews.com.br\/","name":"MRNews","description":"MRNews Jogos de hoje da TV, transmiss\u00f5es ao vivo, Not\u00edcias de futebol, Jogos ao vivo, Lives, resumo de novelas, Programa\u00e7\u00e3o da Globo, A Fazenda e BBB","publisher":{"@id":"https:\/\/mrnews.com.br\/#organization"},"potentialAction":[{"@type":"SearchAction","target":{"@type":"EntryPoint","urlTemplate":"https:\/\/mrnews.com.br\/?s={search_term_string}"},"query-input":{"@type":"PropertyValueSpecification","valueRequired":true,"valueName":"search_term_string"}}],"inLanguage":"pt-BR"},{"@type":"Organization","@id":"https:\/\/mrnews.com.br\/#organization","name":"MRNews","url":"https:\/\/mrnews.com.br\/","logo":{"@type":"ImageObject","inLanguage":"pt-BR","@id":"https:\/\/mrnews.com.br\/#\/schema\/logo\/image\/","url":"https:\/\/mrnews.com.br\/wp-content\/uploads\/2026\/08\/MRNEws.png","contentUrl":"https:\/\/mrnews.com.br\/wp-content\/uploads\/2026\/08\/MRNEws.png","width":1254,"height":1254,"caption":"MRNews"},"image":{"@id":"https:\/\/mrnews.com.br\/#\/schema\/logo\/image\/"},"sameAs":["https:\/\/www.facebook.com\/eaipahpah\/?locale2=pt_BR","https:\/\/x.com\/conspirou","https:\/\/www.instagram.com\/eai_pahpah","https:\/\/br.pinterest.com\/mrnewsn\/boards\/","https:\/\/www.youtube.com\/channel\/UCacgnpznQ61fifLWr1tQ-vA?view_as=subscriber"]},{"@type":"Person","@id":"https:\/\/mrnews.com.br\/#\/schema\/person\/be3203154562a9f207407861cef7827b","name":"MR News","image":{"@type":"ImageObject","inLanguage":"pt-BR","@id":"https:\/\/secure.gravatar.com\/avatar\/04084e6d73c042b8646e7c17b494073bf0ede3ea13c7105cfc45cbbbc28385a4?s=96&d=monsterid&r=g","url":"https:\/\/secure.gravatar.com\/avatar\/04084e6d73c042b8646e7c17b494073bf0ede3ea13c7105cfc45cbbbc28385a4?s=96&d=monsterid&r=g","contentUrl":"https:\/\/secure.gravatar.com\/avatar\/04084e6d73c042b8646e7c17b494073bf0ede3ea13c7105cfc45cbbbc28385a4?s=96&d=monsterid&r=g","caption":"MR News"},"description":"Especializado em jornalismo colaborativo pela FTP em n\u00edvel de p\u00f3s-gradua\u00e7\u00e3o. suporte@oimeliga.combr","sameAs":["HUGO R.","Admin"],"url":"https:\/\/mrnews.com.br\/index.php\/author\/admin\/"}]}},"jetpack_sharing_enabled":true,"jetpack_shortlink":"https:\/\/wp.me\/pa2Qf7-1WKa","amp_enabled":true,"jetpack_featured_media_url":"","_links":{"self":[{"href":"https:\/\/mrnews.com.br\/index.php\/wp-json\/wp\/v2\/posts\/464142","targetHints":{"allow":["GET"]}}],"collection":[{"href":"https:\/\/mrnews.com.br\/index.php\/wp-json\/wp\/v2\/posts"}],"about":[{"href":"https:\/\/mrnews.com.br\/index.php\/wp-json\/wp\/v2\/types\/post"}],"author":[{"embeddable":true,"href":"https:\/\/mrnews.com.br\/index.php\/wp-json\/wp\/v2\/users\/1"}],"replies":[{"embeddable":true,"href":"https:\/\/mrnews.com.br\/index.php\/wp-json\/wp\/v2\/comments?post=464142"}],"version-history":[{"count":0,"href":"https:\/\/mrnews.com.br\/index.php\/wp-json\/wp\/v2\/posts\/464142\/revisions"}],"wp:attachment":[{"href":"https:\/\/mrnews.com.br\/index.php\/wp-json\/wp\/v2\/media?parent=464142"}],"wp:term":[{"taxonomy":"category","embeddable":true,"href":"https:\/\/mrnews.com.br\/index.php\/wp-json\/wp\/v2\/categories?post=464142"},{"taxonomy":"post_tag","embeddable":true,"href":"https:\/\/mrnews.com.br\/index.php\/wp-json\/wp\/v2\/tags?post=464142"}],"curies":[{"name":"wp","href":"https:\/\/api.w.org\/{rel}","templated":true}]}}