{"id":464195,"date":"2026-07-21T16:18:21","date_gmt":"2026-07-21T19:18:21","guid":{"rendered":"https:\/\/mrnews.com.br\/index.php\/2026\/07\/21\/com-13-casos-de-sarampo-sao-paulo-alerta-para-reforco-na-vacinacao\/"},"modified":"2026-07-21T16:18:21","modified_gmt":"2026-07-21T19:18:21","slug":"com-13-casos-de-sarampo-sao-paulo-alerta-para-reforco-na-vacinacao","status":"publish","type":"post","link":"https:\/\/mrnews.com.br\/index.php\/2026\/07\/21\/com-13-casos-de-sarampo-sao-paulo-alerta-para-reforco-na-vacinacao\/","title":{"rendered":"Com 13 casos de sarampo, S\u00e3o Paulo alerta para refor\u00e7o na vacina\u00e7\u00e3o"},"content":{"rendered":"<p>Por EBC, <\/p>\n<div>\n<p>O estado de S\u00e3o Paulo registrou 13 casos de sarampo em 2026, de acordo com a Secretaria de Estado da Sa\u00fade\u00a0(SES-SP). Os diagn\u00f3sticos foram em\u00a0beb\u00eas de at\u00e9 1 ano e em adultos entre 20 e 50 anos.<\/p>\n<p><strong>Desde junho, a SES-SP\u00a0recomenda a aplica\u00e7\u00e3o da dose zero da vacina tr\u00edplice viral (sarampo, rub\u00e9ola e caxumba) para beb\u00eas de 6 meses a 11 meses e 29 dias residentes nos munic\u00edpios de S\u00e3o Paulo, Guarulhos e S\u00e3o Bernardo do Campo<\/strong>.<\/p>\n<p>A dose zero \u00e9 aplicada seis meses antes da dose um. A medida se deve ao cen\u00e1rio epidemiol\u00f3gico atual e leva\u00a0prote\u00e7\u00e3o aos rec\u00e9m-nascidos no primeiro ano de vida, uma vez que a primeira dose da vacina \u00e9 prevista, em situa\u00e7\u00f5es normais, para os 12 meses de idade.<\/p>\n<p><strong>A secretaria refor\u00e7a que a dose zero n\u00e3o substitui as doses previstas no Calend\u00e1rio Nacional de Vacina\u00e7\u00e3o<\/strong>.<\/p>\n<p>\u201cAp\u00f3s receb\u00ea-la, a crian\u00e7a deve seguir normalmente o esquema vacinal de rotina, com a primeira dose da vacina tr\u00edplice viral aos 12 meses e a segunda, preferencialmente com a vacina tetraviral [sarampo, rub\u00e9ola, caxumba e catapora], aos 15 meses\u201d, informou a SES-SP.<\/p>\n<p><strong>Crian\u00e7as, adolescentes e adultos que n\u00e3o tenham recebido as doses indicadas tamb\u00e9m devem procurar a unidade de sa\u00fade mais pr\u00f3xima para verificar a situa\u00e7\u00e3o vacinal e atualizar a caderneta<\/strong>.<\/p>\n<h2>Preven\u00e7\u00e3o eficaz<\/h2>\n<p>A SES-SP tem alertado a popula\u00e7\u00e3o de que o sarampo pode atingir diferentes faixas et\u00e1rias, motivo pelo qual \u00e9 importante manter a vacina\u00e7\u00e3o em dia. A\u00a0imuniza\u00e7\u00e3o \u00e9 a principal forma de preven\u00e7\u00e3o e \u00e9 tamb\u00e9m essencial para interromper a circula\u00e7\u00e3o do v\u00edrus.<\/p>\n<blockquote>\n<p>&#8220;Com o aumento dos casos, a vacina\u00e7\u00e3o continua sendo a forma mais segura e eficaz de prevenir o sarampo&#8221;, destacou a diretora do Centro de Vigil\u00e2ncia Epidemiol\u00f3gica (CVE-SP), Tatiana Lang.<\/p>\n<\/blockquote>\n<p>&#8220;\u00c9 fundamental que pais e respons\u00e1veis verifiquem a caderneta de vacina\u00e7\u00e3o das crian\u00e7as, e que adolescentes e adultos procurem uma unidade de sa\u00fade para atualizar o esquema vacinal sempre que necess\u00e1rio&#8221;, acrescentou.<\/p>\n<p>Quem tiver d\u00favidas sobre a vacina\u00e7\u00e3o pode acessar o portal\u00a0https:\/\/www.vacina100duvidas.sp.gov.br\/. A p\u00e1gina re\u00fane\u00a0respostas \u00e0s principais perguntas da popula\u00e7\u00e3o sobre vacina\u00e7\u00e3o, efic\u00e1cia dos imunizantes, eventos adversos, doen\u00e7as imunopreven\u00edveis e riscos da n\u00e3o vacina\u00e7\u00e3o.<\/p>\n<p>\u00a0<\/p>\n<div class=\"dnd-widget-wrapper context-cheio_8colunas type-image\">\n<div class=\"dnd-atom-rendered\"><!-- scald=423868:cheio_8colunas --><\/p>\n<p>    <!-- END scald=423868 --><\/div>\n<p><h6 class=\"meta\"><!--copyright=423868-->Frasco da vacina da tr\u00edplice viral usado durante o Dia D contra a gripe, em 2025, na Lapa, centro da capital fluminense. Foto:\u00a0<strong>Tomaz Silva\/Ag\u00eancia Brasil<\/strong><!--END copyright=423868--><\/h6>\n<\/p>\n<\/div>\n<h2>Altamente transmiss\u00edvel<\/h2>\n<p>Uma das particularidades que aumenta a dissemina\u00e7\u00e3o do sarampo \u00e9 que as suas part\u00edculas virais infectantes permanecem em suspens\u00e3o em aerossol. Ou seja, <strong>o v\u00edrus se mant\u00e9m no ambiente deixado pelo indiv\u00edduo contaminado, ocasionando a contamina\u00e7\u00e3o de outras pessoas<\/strong>.<\/p>\n<p>&#8220;O sarampo n\u00e3o poupa pessoas que n\u00e3o tenham sido vacinadas e, em cen\u00e1rios de baixa cobertura vacinal, \u00e9 a primeira doen\u00e7a que se manifesta\u201d, pontuou o vice-presidente da Sociedade Brasileira de Imuniza\u00e7\u00f5es (SBIn), Renato Kfoury.<\/p>\n<p>Ele explicou que o Brasil havia eliminado o sarampo em 2016 e, novamente, em 2024, o que n\u00e3o significa que n\u00e3o possam ocorrer casos espor\u00e1dicos importados ou\u00a0casos decorrentes de contamina\u00e7\u00e3o a partir desses, principalmente devido aos surtos existentes na Am\u00e9rica \u2500 nos EUA, Canad\u00e1, M\u00e9xico e Gautemala.<\/p>\n<p>\u201cH\u00e1 risco de reintrodu\u00e7\u00e3o, mas nossa li\u00e7\u00e3o \u00e9 fortalecer os dois pilares fundamentais: a vacina\u00e7\u00e3o e a vigil\u00e2ncia atenta. Precisamos manter altas coberturas, idealmente acima de 95% com as duas doses&#8221;, disse.<\/p>\n<p>Kfouri acrescentou que a\u00a0vigil\u00e2ncia garante que\u00a0os casos suspeitos sejam identificados, rastreados\u00a0e contidos por meio da vacina\u00e7\u00e3o de bloqueio,\u00a0para que casos espor\u00e1dicos n\u00e3o se traduzam novamente em circula\u00e7\u00e3o sustentada da doen\u00e7a.<\/p>\n<p>      <!-- Relacionada --><\/p>\n<p>            <!-- Relacionada -->\n    <\/div>\n","protected":false},"excerpt":{"rendered":"<p>Por EBC, O estado de S\u00e3o Paulo registrou 13 casos de sarampo em 2026, de acordo com a Secretaria de Estado da Sa\u00fade\u00a0(SES-SP). Os diagn\u00f3sticos foram em\u00a0beb\u00eas de at\u00e9 1 ano e em adultos entre 20 e 50 anos. Desde junho, a SES-SP\u00a0recomenda a aplica\u00e7\u00e3o da dose zero da vacina tr\u00edplice viral (sarampo, rub\u00e9ola e &hellip;<\/p>\n","protected":false},"author":1,"featured_media":0,"comment_status":"open","ping_status":"open","sticky":false,"template":"","format":"standard","meta":{"_jetpack_newsletter_access":"","_jetpack_dont_email_post_to_subs":false,"_jetpack_newsletter_tier_id":0,"_jetpack_memberships_contains_paywalled_content":false,"_jetpack_feature_clip_id":0,"_jetpack_memberships_contains_paid_content":false,"footnotes":"","jetpack_post_was_ever_published":false},"categories":[2,12225,4],"tags":[],"class_list":["post-464195","post","type-post","status-publish","format-standard","hentry","category-entretenimento","category-noticias","category-servicos"],"yoast_head":"<!-- This site is optimized with the Yoast SEO plugin v28.4 - https:\/\/yoast.com\/product\/yoast-seo-wordpress\/ -->\n<title>Com 13 casos de sarampo, S\u00e3o Paulo alerta para refor\u00e7o na vacina\u00e7\u00e3o<\/title>\n<meta name=\"robots\" content=\"index, follow, max-snippet:-1, max-image-preview:large, max-video-preview:-1\" \/>\n<link rel=\"canonical\" href=\"https:\/\/agenciabrasil.ebc.com.br\/saude\/noticia\/2026-07\/com-13-casos-de-sarampo-sao-paulo-alerta-para-reforco-na-vacinacao\" \/>\n<meta property=\"og:locale\" content=\"pt_BR\" \/>\n<meta property=\"og:type\" content=\"article\" \/>\n<meta property=\"og:title\" content=\"Com 13 casos de sarampo, S\u00e3o Paulo alerta para refor\u00e7o na vacina\u00e7\u00e3o\" \/>\n<meta property=\"og:description\" content=\"Por EBC, O estado de S\u00e3o Paulo registrou 13 casos de sarampo em 2026, de acordo com a Secretaria de Estado da Sa\u00fade\u00a0(SES-SP). Os diagn\u00f3sticos foram em\u00a0beb\u00eas de at\u00e9 1 ano e em adultos entre 20 e 50 anos. Desde junho, a SES-SP\u00a0recomenda a aplica\u00e7\u00e3o da dose zero da vacina tr\u00edplice viral (sarampo, rub\u00e9ola e &hellip;\" \/>\n<meta property=\"og:url\" content=\"https:\/\/agenciabrasil.ebc.com.br\/saude\/noticia\/2026-07\/com-13-casos-de-sarampo-sao-paulo-alerta-para-reforco-na-vacinacao\" \/>\n<meta property=\"og:site_name\" content=\"MRNews\" \/>\n<meta property=\"article:publisher\" content=\"https:\/\/www.facebook.com\/eaipahpah\/?locale2=pt_BR\" \/>\n<meta property=\"article:published_time\" content=\"2026-07-21T19:18:21+00:00\" \/>\n<meta name=\"author\" content=\"MR News\" \/>\n<meta name=\"twitter:card\" content=\"summary_large_image\" \/>\n<meta name=\"twitter:creator\" content=\"@conspirou\" \/>\n<meta name=\"twitter:site\" content=\"@conspirou\" \/>\n<meta name=\"twitter:label1\" content=\"Escrito por\" \/>\n\t<meta name=\"twitter:data1\" content=\"MR News\" \/>\n\t<meta name=\"twitter:label2\" content=\"Est. tempo de leitura\" \/>\n\t<meta name=\"twitter:data2\" content=\"3 minutos\" \/>\n<script type=\"application\/ld+json\" class=\"yoast-schema-graph\">{\"@context\":\"https:\\\/\\\/schema.org\",\"@graph\":[{\"@type\":\"Article\",\"@id\":\"https:\\\/\\\/agenciabrasil.ebc.com.br\\\/saude\\\/noticia\\\/2026-07\\\/com-13-casos-de-sarampo-sao-paulo-alerta-para-reforco-na-vacinacao#article\",\"isPartOf\":{\"@id\":\"https:\\\/\\\/mrnews.com.br\\\/index.php\\\/2026\\\/07\\\/21\\\/com-13-casos-de-sarampo-sao-paulo-alerta-para-reforco-na-vacinacao\\\/\"},\"author\":{\"name\":\"MR News\",\"@id\":\"https:\\\/\\\/mrnews.com.br\\\/#\\\/schema\\\/person\\\/be3203154562a9f207407861cef7827b\"},\"headline\":\"Com 13 casos de sarampo, S\u00e3o Paulo alerta para refor\u00e7o na vacina\u00e7\u00e3o\",\"datePublished\":\"2026-07-21T19:18:21+00:00\",\"mainEntityOfPage\":{\"@id\":\"https:\\\/\\\/mrnews.com.br\\\/index.php\\\/2026\\\/07\\\/21\\\/com-13-casos-de-sarampo-sao-paulo-alerta-para-reforco-na-vacinacao\\\/\"},\"wordCount\":661,\"commentCount\":0,\"publisher\":{\"@id\":\"https:\\\/\\\/mrnews.com.br\\\/#organization\"},\"articleSection\":[\"ENTRETENIMENTO\",\"NOTICIAS\",\"SERVI\u00c7OS\"],\"inLanguage\":\"pt-BR\",\"potentialAction\":[{\"@type\":\"CommentAction\",\"name\":\"Comment\",\"target\":[\"https:\\\/\\\/agenciabrasil.ebc.com.br\\\/saude\\\/noticia\\\/2026-07\\\/com-13-casos-de-sarampo-sao-paulo-alerta-para-reforco-na-vacinacao#respond\"]}]},{\"@type\":\"WebPage\",\"@id\":\"https:\\\/\\\/mrnews.com.br\\\/index.php\\\/2026\\\/07\\\/21\\\/com-13-casos-de-sarampo-sao-paulo-alerta-para-reforco-na-vacinacao\\\/\",\"url\":\"https:\\\/\\\/agenciabrasil.ebc.com.br\\\/saude\\\/noticia\\\/2026-07\\\/com-13-casos-de-sarampo-sao-paulo-alerta-para-reforco-na-vacinacao\",\"name\":\"Com 13 casos de sarampo, S\u00e3o Paulo alerta para refor\u00e7o na vacina\u00e7\u00e3o\",\"isPartOf\":{\"@id\":\"https:\\\/\\\/mrnews.com.br\\\/#website\"},\"datePublished\":\"2026-07-21T19:18:21+00:00\",\"breadcrumb\":{\"@id\":\"https:\\\/\\\/agenciabrasil.ebc.com.br\\\/saude\\\/noticia\\\/2026-07\\\/com-13-casos-de-sarampo-sao-paulo-alerta-para-reforco-na-vacinacao#breadcrumb\"},\"inLanguage\":\"pt-BR\",\"potentialAction\":[{\"@type\":\"ReadAction\",\"target\":[\"https:\\\/\\\/agenciabrasil.ebc.com.br\\\/saude\\\/noticia\\\/2026-07\\\/com-13-casos-de-sarampo-sao-paulo-alerta-para-reforco-na-vacinacao\"]}]},{\"@type\":\"BreadcrumbList\",\"@id\":\"https:\\\/\\\/agenciabrasil.ebc.com.br\\\/saude\\\/noticia\\\/2026-07\\\/com-13-casos-de-sarampo-sao-paulo-alerta-para-reforco-na-vacinacao#breadcrumb\",\"itemListElement\":[{\"@type\":\"ListItem\",\"position\":1,\"name\":\"In\u00edcio\",\"item\":\"https:\\\/\\\/mrnews.com.br\\\/\"},{\"@type\":\"ListItem\",\"position\":2,\"name\":\"Com 13 casos de sarampo, S\u00e3o Paulo alerta para refor\u00e7o na vacina\u00e7\u00e3o\"}]},{\"@type\":\"WebSite\",\"@id\":\"https:\\\/\\\/mrnews.com.br\\\/#website\",\"url\":\"https:\\\/\\\/mrnews.com.br\\\/\",\"name\":\"MRNews\",\"description\":\"MRNews Jogos de hoje da TV, transmiss\u00f5es ao vivo, Not\u00edcias de futebol, Jogos ao vivo, Lives, resumo de novelas, Programa\u00e7\u00e3o da Globo, A Fazenda e BBB\",\"publisher\":{\"@id\":\"https:\\\/\\\/mrnews.com.br\\\/#organization\"},\"potentialAction\":[{\"@type\":\"SearchAction\",\"target\":{\"@type\":\"EntryPoint\",\"urlTemplate\":\"https:\\\/\\\/mrnews.com.br\\\/?s={search_term_string}\"},\"query-input\":{\"@type\":\"PropertyValueSpecification\",\"valueRequired\":true,\"valueName\":\"search_term_string\"}}],\"inLanguage\":\"pt-BR\"},{\"@type\":\"Organization\",\"@id\":\"https:\\\/\\\/mrnews.com.br\\\/#organization\",\"name\":\"MRNews\",\"url\":\"https:\\\/\\\/mrnews.com.br\\\/\",\"logo\":{\"@type\":\"ImageObject\",\"inLanguage\":\"pt-BR\",\"@id\":\"https:\\\/\\\/mrnews.com.br\\\/#\\\/schema\\\/logo\\\/image\\\/\",\"url\":\"https:\\\/\\\/mrnews.com.br\\\/wp-content\\\/uploads\\\/2026\\\/08\\\/MRNEws.png\",\"contentUrl\":\"https:\\\/\\\/mrnews.com.br\\\/wp-content\\\/uploads\\\/2026\\\/08\\\/MRNEws.png\",\"width\":1254,\"height\":1254,\"caption\":\"MRNews\"},\"image\":{\"@id\":\"https:\\\/\\\/mrnews.com.br\\\/#\\\/schema\\\/logo\\\/image\\\/\"},\"sameAs\":[\"https:\\\/\\\/www.facebook.com\\\/eaipahpah\\\/?locale2=pt_BR\",\"https:\\\/\\\/x.com\\\/conspirou\",\"https:\\\/\\\/www.instagram.com\\\/eai_pahpah\",\"https:\\\/\\\/br.pinterest.com\\\/mrnewsn\\\/boards\\\/\",\"https:\\\/\\\/www.youtube.com\\\/channel\\\/UCacgnpznQ61fifLWr1tQ-vA?view_as=subscriber\"]},{\"@type\":\"Person\",\"@id\":\"https:\\\/\\\/mrnews.com.br\\\/#\\\/schema\\\/person\\\/be3203154562a9f207407861cef7827b\",\"name\":\"MR News\",\"image\":{\"@type\":\"ImageObject\",\"inLanguage\":\"pt-BR\",\"@id\":\"https:\\\/\\\/secure.gravatar.com\\\/avatar\\\/04084e6d73c042b8646e7c17b494073bf0ede3ea13c7105cfc45cbbbc28385a4?s=96&d=monsterid&r=g\",\"url\":\"https:\\\/\\\/secure.gravatar.com\\\/avatar\\\/04084e6d73c042b8646e7c17b494073bf0ede3ea13c7105cfc45cbbbc28385a4?s=96&d=monsterid&r=g\",\"contentUrl\":\"https:\\\/\\\/secure.gravatar.com\\\/avatar\\\/04084e6d73c042b8646e7c17b494073bf0ede3ea13c7105cfc45cbbbc28385a4?s=96&d=monsterid&r=g\",\"caption\":\"MR News\"},\"description\":\"Especializado em jornalismo colaborativo pela FTP em n\u00edvel de p\u00f3s-gradua\u00e7\u00e3o. suporte@oimeliga.combr\",\"sameAs\":[\"HUGO R.\",\"Admin\"],\"url\":\"https:\\\/\\\/mrnews.com.br\\\/index.php\\\/author\\\/admin\\\/\"}]}<\/script>\n<!-- \/ Yoast SEO plugin. -->","yoast_head_json":{"title":"Com 13 casos de sarampo, S\u00e3o Paulo alerta para refor\u00e7o na vacina\u00e7\u00e3o","robots":{"index":"index","follow":"follow","max-snippet":"max-snippet:-1","max-image-preview":"max-image-preview:large","max-video-preview":"max-video-preview:-1"},"canonical":"https:\/\/agenciabrasil.ebc.com.br\/saude\/noticia\/2026-07\/com-13-casos-de-sarampo-sao-paulo-alerta-para-reforco-na-vacinacao","og_locale":"pt_BR","og_type":"article","og_title":"Com 13 casos de sarampo, S\u00e3o Paulo alerta para refor\u00e7o na vacina\u00e7\u00e3o","og_description":"Por EBC, O estado de S\u00e3o Paulo registrou 13 casos de sarampo em 2026, de acordo com a Secretaria de Estado da Sa\u00fade\u00a0(SES-SP). Os diagn\u00f3sticos foram em\u00a0beb\u00eas de at\u00e9 1 ano e em adultos entre 20 e 50 anos. Desde junho, a SES-SP\u00a0recomenda a aplica\u00e7\u00e3o da dose zero da vacina tr\u00edplice viral (sarampo, rub\u00e9ola e &hellip;","og_url":"https:\/\/agenciabrasil.ebc.com.br\/saude\/noticia\/2026-07\/com-13-casos-de-sarampo-sao-paulo-alerta-para-reforco-na-vacinacao","og_site_name":"MRNews","article_publisher":"https:\/\/www.facebook.com\/eaipahpah\/?locale2=pt_BR","article_published_time":"2026-07-21T19:18:21+00:00","author":"MR News","twitter_card":"summary_large_image","twitter_creator":"@conspirou","twitter_site":"@conspirou","twitter_misc":{"Escrito por":"MR News","Est. tempo de leitura":"3 minutos"},"schema":{"@context":"https:\/\/schema.org","@graph":[{"@type":"Article","@id":"https:\/\/agenciabrasil.ebc.com.br\/saude\/noticia\/2026-07\/com-13-casos-de-sarampo-sao-paulo-alerta-para-reforco-na-vacinacao#article","isPartOf":{"@id":"https:\/\/mrnews.com.br\/index.php\/2026\/07\/21\/com-13-casos-de-sarampo-sao-paulo-alerta-para-reforco-na-vacinacao\/"},"author":{"name":"MR News","@id":"https:\/\/mrnews.com.br\/#\/schema\/person\/be3203154562a9f207407861cef7827b"},"headline":"Com 13 casos de sarampo, S\u00e3o Paulo alerta para refor\u00e7o na vacina\u00e7\u00e3o","datePublished":"2026-07-21T19:18:21+00:00","mainEntityOfPage":{"@id":"https:\/\/mrnews.com.br\/index.php\/2026\/07\/21\/com-13-casos-de-sarampo-sao-paulo-alerta-para-reforco-na-vacinacao\/"},"wordCount":661,"commentCount":0,"publisher":{"@id":"https:\/\/mrnews.com.br\/#organization"},"articleSection":["ENTRETENIMENTO","NOTICIAS","SERVI\u00c7OS"],"inLanguage":"pt-BR","potentialAction":[{"@type":"CommentAction","name":"Comment","target":["https:\/\/agenciabrasil.ebc.com.br\/saude\/noticia\/2026-07\/com-13-casos-de-sarampo-sao-paulo-alerta-para-reforco-na-vacinacao#respond"]}]},{"@type":"WebPage","@id":"https:\/\/mrnews.com.br\/index.php\/2026\/07\/21\/com-13-casos-de-sarampo-sao-paulo-alerta-para-reforco-na-vacinacao\/","url":"https:\/\/agenciabrasil.ebc.com.br\/saude\/noticia\/2026-07\/com-13-casos-de-sarampo-sao-paulo-alerta-para-reforco-na-vacinacao","name":"Com 13 casos de sarampo, S\u00e3o Paulo alerta para refor\u00e7o na vacina\u00e7\u00e3o","isPartOf":{"@id":"https:\/\/mrnews.com.br\/#website"},"datePublished":"2026-07-21T19:18:21+00:00","breadcrumb":{"@id":"https:\/\/agenciabrasil.ebc.com.br\/saude\/noticia\/2026-07\/com-13-casos-de-sarampo-sao-paulo-alerta-para-reforco-na-vacinacao#breadcrumb"},"inLanguage":"pt-BR","potentialAction":[{"@type":"ReadAction","target":["https:\/\/agenciabrasil.ebc.com.br\/saude\/noticia\/2026-07\/com-13-casos-de-sarampo-sao-paulo-alerta-para-reforco-na-vacinacao"]}]},{"@type":"BreadcrumbList","@id":"https:\/\/agenciabrasil.ebc.com.br\/saude\/noticia\/2026-07\/com-13-casos-de-sarampo-sao-paulo-alerta-para-reforco-na-vacinacao#breadcrumb","itemListElement":[{"@type":"ListItem","position":1,"name":"In\u00edcio","item":"https:\/\/mrnews.com.br\/"},{"@type":"ListItem","position":2,"name":"Com 13 casos de sarampo, S\u00e3o Paulo alerta para refor\u00e7o na vacina\u00e7\u00e3o"}]},{"@type":"WebSite","@id":"https:\/\/mrnews.com.br\/#website","url":"https:\/\/mrnews.com.br\/","name":"MRNews","description":"MRNews Jogos de hoje da TV, transmiss\u00f5es ao vivo, Not\u00edcias de futebol, Jogos ao vivo, Lives, resumo de novelas, Programa\u00e7\u00e3o da Globo, A Fazenda e BBB","publisher":{"@id":"https:\/\/mrnews.com.br\/#organization"},"potentialAction":[{"@type":"SearchAction","target":{"@type":"EntryPoint","urlTemplate":"https:\/\/mrnews.com.br\/?s={search_term_string}"},"query-input":{"@type":"PropertyValueSpecification","valueRequired":true,"valueName":"search_term_string"}}],"inLanguage":"pt-BR"},{"@type":"Organization","@id":"https:\/\/mrnews.com.br\/#organization","name":"MRNews","url":"https:\/\/mrnews.com.br\/","logo":{"@type":"ImageObject","inLanguage":"pt-BR","@id":"https:\/\/mrnews.com.br\/#\/schema\/logo\/image\/","url":"https:\/\/mrnews.com.br\/wp-content\/uploads\/2026\/08\/MRNEws.png","contentUrl":"https:\/\/mrnews.com.br\/wp-content\/uploads\/2026\/08\/MRNEws.png","width":1254,"height":1254,"caption":"MRNews"},"image":{"@id":"https:\/\/mrnews.com.br\/#\/schema\/logo\/image\/"},"sameAs":["https:\/\/www.facebook.com\/eaipahpah\/?locale2=pt_BR","https:\/\/x.com\/conspirou","https:\/\/www.instagram.com\/eai_pahpah","https:\/\/br.pinterest.com\/mrnewsn\/boards\/","https:\/\/www.youtube.com\/channel\/UCacgnpznQ61fifLWr1tQ-vA?view_as=subscriber"]},{"@type":"Person","@id":"https:\/\/mrnews.com.br\/#\/schema\/person\/be3203154562a9f207407861cef7827b","name":"MR News","image":{"@type":"ImageObject","inLanguage":"pt-BR","@id":"https:\/\/secure.gravatar.com\/avatar\/04084e6d73c042b8646e7c17b494073bf0ede3ea13c7105cfc45cbbbc28385a4?s=96&d=monsterid&r=g","url":"https:\/\/secure.gravatar.com\/avatar\/04084e6d73c042b8646e7c17b494073bf0ede3ea13c7105cfc45cbbbc28385a4?s=96&d=monsterid&r=g","contentUrl":"https:\/\/secure.gravatar.com\/avatar\/04084e6d73c042b8646e7c17b494073bf0ede3ea13c7105cfc45cbbbc28385a4?s=96&d=monsterid&r=g","caption":"MR News"},"description":"Especializado em jornalismo colaborativo pela FTP em n\u00edvel de p\u00f3s-gradua\u00e7\u00e3o. suporte@oimeliga.combr","sameAs":["HUGO R.","Admin"],"url":"https:\/\/mrnews.com.br\/index.php\/author\/admin\/"}]}},"jetpack_sharing_enabled":true,"jetpack_shortlink":"https:\/\/wp.me\/pa2Qf7-1WL1","amp_enabled":true,"jetpack_featured_media_url":"","_links":{"self":[{"href":"https:\/\/mrnews.com.br\/index.php\/wp-json\/wp\/v2\/posts\/464195","targetHints":{"allow":["GET"]}}],"collection":[{"href":"https:\/\/mrnews.com.br\/index.php\/wp-json\/wp\/v2\/posts"}],"about":[{"href":"https:\/\/mrnews.com.br\/index.php\/wp-json\/wp\/v2\/types\/post"}],"author":[{"embeddable":true,"href":"https:\/\/mrnews.com.br\/index.php\/wp-json\/wp\/v2\/users\/1"}],"replies":[{"embeddable":true,"href":"https:\/\/mrnews.com.br\/index.php\/wp-json\/wp\/v2\/comments?post=464195"}],"version-history":[{"count":0,"href":"https:\/\/mrnews.com.br\/index.php\/wp-json\/wp\/v2\/posts\/464195\/revisions"}],"wp:attachment":[{"href":"https:\/\/mrnews.com.br\/index.php\/wp-json\/wp\/v2\/media?parent=464195"}],"wp:term":[{"taxonomy":"category","embeddable":true,"href":"https:\/\/mrnews.com.br\/index.php\/wp-json\/wp\/v2\/categories?post=464195"},{"taxonomy":"post_tag","embeddable":true,"href":"https:\/\/mrnews.com.br\/index.php\/wp-json\/wp\/v2\/tags?post=464195"}],"curies":[{"name":"wp","href":"https:\/\/api.w.org\/{rel}","templated":true}]}}