{"id":464228,"date":"2026-07-22T12:38:22","date_gmt":"2026-07-22T15:38:22","guid":{"rendered":"https:\/\/mrnews.com.br\/index.php\/2026\/07\/22\/tarifaco-de-25-dos-eua-sobre-o-brasil-comeca-a-valer-saiba-mais\/"},"modified":"2026-07-22T12:38:22","modified_gmt":"2026-07-22T15:38:22","slug":"tarifaco-de-25-dos-eua-sobre-o-brasil-comeca-a-valer-saiba-mais","status":"publish","type":"post","link":"https:\/\/mrnews.com.br\/index.php\/2026\/07\/22\/tarifaco-de-25-dos-eua-sobre-o-brasil-comeca-a-valer-saiba-mais\/","title":{"rendered":"Tarifa\u00e7o de 25% dos EUA sobre o Brasil come\u00e7a a valer; saiba mais"},"content":{"rendered":"<p>Por EBC, <\/p>\n<div>\n<p><strong>Come\u00e7ou a vigorar nesta quarta-feira (22) a tarifa adicional de 25%\u00a0aplicada\u00a0pelo governo de Donald Trump sobre produtos brasileiros. O tarifa\u00e7o atinge cerca de 20% das exporta\u00e7\u00f5es do Brasil para os Estados Unidos.\u00a0<\/strong><\/p>\n<p>A\u00a0estimativa\u00a0do valor total das exporta\u00e7\u00f5es afetadas varia\u00a0entre US$ 7,2 bilh\u00f5es e\u00a0US$ 11 bilh\u00f5es, segundo c\u00e1lculos da Ag\u00eancia Brasileira de Promo\u00e7\u00e3o das Exporta\u00e7\u00f5es e Investimentos (Apex-Brasil) e da C\u00e2mara Americana de Com\u00e9rcio para o Brasil (Armcham Brasil).<\/p>\n<p>Entre os 2,3 mil produtos afetados, a maioria integra os setores de eletroeletr\u00f4nicos; m\u00e1quinas e equipamentos; autope\u00e7as e cal\u00e7ados. Praticamente, 700 produtos est\u00e3o\u00a0isentos da tarifa, n\u00famero superior aos 615 previstos\u00a0durante as negocia\u00e7\u00f5es.<\/p>\n<p>Segundo o governo, o mercado estadunidense \u00e9 o principal destino das exporta\u00e7\u00f5es brasileiras de eletroeletr\u00f4nicos. O pa\u00eds responde por cerca de um quarto das vendas externas do setor de m\u00e1quinas e equipamentos.<\/p>\n<p>Os estados de S\u00e3o Paulo (SP) e Santa Catarina (SC) concentram 52% do impacto do tarifa\u00e7o dos EUA, com o estado economicamente mais forte do pa\u00eds concentrando, sozinho, 41,6% do total do valor das exporta\u00e7\u00f5es afetadas. Santa Catarina, por\u00e9m,\u00a0tem situa\u00e7\u00e3o mais cr\u00edtica, com 68% das exporta\u00e7\u00f5es aos EUA atingidas pela medida da Casa Branca, segundo dados da Apex-Brasil.<\/p>\n<h2>Pol\u00edticas brasileiras<\/h2>\n<p>O tarifa\u00e7o adotado pelo governo Trump baseou-se em um processo conduzido\u00a0pelo Escrit\u00f3rio do Representante Comercial dos EUA (USTR, na sigla em ingl\u00eas), que alega que o Brasil det\u00e9m\u00a0pr\u00e1ticas \u201cdesleais\u201d no com\u00e9rcio com os norte-americanos.<\/p>\n<p><strong>Os estadunidenses elencaram seis temas para decidir sobre a taxa\u00e7\u00e3o:<\/strong><\/p>\n<ol>\n<li>pagamentos eletr\u00f4nicos (pix) e regula\u00e7\u00e3o de redes sociais;<\/li>\n<li>desmatamento ilegal;<\/li>\n<li>acesso ao mercado de etanol;<\/li>\n<li>combate \u00e0 corup\u00e7\u00e3o;<\/li>\n<li>prote\u00e7\u00e3o da propeidade intelectual;<\/li>\n<li>acordos preferenciais com M\u00e9xico e \u00cdndia.<\/li>\n<\/ol>\n<p><strong>O governo brasileiro rejeita as justificativas usadas para a taxa\u00e7\u00e3o e\u00a0argumenta\u00a0que elas t\u00eam motiva\u00e7\u00e3o pol\u00edtica e n\u00e3o condizem com a realidade. Segundo o ministro das rela\u00e7\u00f5es exteriores, Mauro Vieira, os negociadores dos EUA pediam a abertura total de mercados sem contrapartida.<\/strong><\/p>\n<div class=\"dnd-widget-wrapper context-cheio_8colunas type-image\">\n<div class=\"dnd-atom-rendered\"><!-- scald=469198:cheio_8colunas --><\/p>\n<p>    <!-- END scald=469198 --><\/div>\n<div class=\"dnd-caption-wrapper\">\n<p>Ministro das Rela\u00e7\u00f5es Exteriores, Mauro Vieira, diz\u00a0que a taxa\u00e7\u00e3o\u00a0tem motiva\u00e7\u00e3o pol\u00edtica\u00a0&#8211; <strong>Valter Campanato\/Ag\u00eancia Brasil<\/strong><!--END copyright=469198--><\/p>\n<\/div>\n<\/div>\n<h2>Diversifica\u00e7\u00e3o<\/h2>\n<p><strong>Em resposta ao tarifa\u00e7o, o governo brasileiro anunciou que retomar\u00e1 o programa de apoio aos setores afetados com linha de cr\u00e9dito para capital de giro, investimentos e com apoio para escoamento de produtos a outros clientes e pa\u00edses.<\/strong> Avalia tamb\u00e9m flexibilizar temporariamente regras do regime de isen\u00e7\u00e3o, suspens\u00e3o ou restitui\u00e7\u00e3o de tributos para insumos usados na produ\u00e7\u00e3o de mercadorias para exporta\u00e7\u00e3o.<\/p>\n<p>J\u00e1 a Apex-Brasil prev\u00ea a divulga\u00e7\u00e3o, em agosto, de um plano de R$ 130 milh\u00f5es para diversificar as exporta\u00e7\u00f5es do Brasil, principalmente, para Uni\u00e3o Europeia, pa\u00edses que integram a Associa\u00e7\u00e3o de Na\u00e7\u00f5es do Sudeste Asi\u00e1tico (Asean), como Indon\u00e9sia, Mal\u00e1sia, Tail\u00e2ndia, Vietn\u00e3, al\u00e9m de na\u00e7\u00f5es da \u00c1sia Central, como Cazaquist\u00e3o e Uzbequist\u00e3o.<\/p>\n<h2>Conte\u00fado\u00a0especial<\/h2>\n<p><strong>A Ag\u00eancia Brasil publicou reportagens especiais para contrapor os argumentos\u00a0usados pelos EUA para justificar o tarifa\u00e7o:<\/strong><\/p>\n<p>Modelo do pix desafia controle financeiro dos EUA sobre o Brasil<\/p>\n<p>Tarifa\u00e7o: EUA distorcem tema das big techs, afirmam especialistas<\/p>\n<p>Tarifa\u00e7o deve ter efeito limitado na balan\u00e7a comercial brasileira<\/p>\n<p>Governo Trump usa desmatamento para impor taxas ao Brasil<\/p>\n<p>      <!-- Relacionada --><\/p>\n<p>            <!-- Relacionada -->\n    <\/div>\n","protected":false},"excerpt":{"rendered":"<p>Por EBC, Come\u00e7ou a vigorar nesta quarta-feira (22) a tarifa adicional de 25%\u00a0aplicada\u00a0pelo governo de Donald Trump sobre produtos brasileiros. O tarifa\u00e7o atinge cerca de 20% das exporta\u00e7\u00f5es do Brasil para os Estados Unidos.\u00a0 A\u00a0estimativa\u00a0do valor total das exporta\u00e7\u00f5es afetadas varia\u00a0entre US$ 7,2 bilh\u00f5es e\u00a0US$ 11 bilh\u00f5es, segundo c\u00e1lculos da Ag\u00eancia Brasileira de Promo\u00e7\u00e3o das &hellip;<\/p>\n","protected":false},"author":1,"featured_media":0,"comment_status":"open","ping_status":"open","sticky":false,"template":"","format":"standard","meta":{"_jetpack_newsletter_access":"","_jetpack_dont_email_post_to_subs":false,"_jetpack_newsletter_tier_id":0,"_jetpack_memberships_contains_paywalled_content":false,"_jetpack_feature_clip_id":0,"_jetpack_memberships_contains_paid_content":false,"footnotes":"","jetpack_post_was_ever_published":false},"categories":[2,12225,4],"tags":[],"class_list":["post-464228","post","type-post","status-publish","format-standard","hentry","category-entretenimento","category-noticias","category-servicos"],"yoast_head":"<!-- This site is optimized with the Yoast SEO plugin v28.4 - https:\/\/yoast.com\/product\/yoast-seo-wordpress\/ -->\n<title>Tarifa\u00e7o de 25% dos EUA sobre o Brasil come\u00e7a a valer; saiba mais<\/title>\n<meta name=\"robots\" content=\"index, follow, max-snippet:-1, max-image-preview:large, max-video-preview:-1\" \/>\n<link rel=\"canonical\" href=\"https:\/\/agenciabrasil.ebc.com.br\/economia\/noticia\/2026-07\/tarifaco-de-25-dos-eua-sobre-o-brasil-comeca-valer-nesta-quarta\" \/>\n<meta property=\"og:locale\" content=\"pt_BR\" \/>\n<meta property=\"og:type\" content=\"article\" \/>\n<meta property=\"og:title\" content=\"Tarifa\u00e7o de 25% dos EUA sobre o Brasil come\u00e7a a valer; saiba mais\" \/>\n<meta property=\"og:description\" content=\"Por EBC, Come\u00e7ou a vigorar nesta quarta-feira (22) a tarifa adicional de 25%\u00a0aplicada\u00a0pelo governo de Donald Trump sobre produtos brasileiros. O tarifa\u00e7o atinge cerca de 20% das exporta\u00e7\u00f5es do Brasil para os Estados Unidos.\u00a0 A\u00a0estimativa\u00a0do valor total das exporta\u00e7\u00f5es afetadas varia\u00a0entre US$ 7,2 bilh\u00f5es e\u00a0US$ 11 bilh\u00f5es, segundo c\u00e1lculos da Ag\u00eancia Brasileira de Promo\u00e7\u00e3o das &hellip;\" \/>\n<meta property=\"og:url\" content=\"https:\/\/agenciabrasil.ebc.com.br\/economia\/noticia\/2026-07\/tarifaco-de-25-dos-eua-sobre-o-brasil-comeca-valer-nesta-quarta\" \/>\n<meta property=\"og:site_name\" content=\"MRNews\" \/>\n<meta property=\"article:publisher\" content=\"https:\/\/www.facebook.com\/eaipahpah\/?locale2=pt_BR\" \/>\n<meta property=\"article:published_time\" content=\"2026-07-22T15:38:22+00:00\" \/>\n<meta name=\"author\" content=\"MR News\" \/>\n<meta name=\"twitter:card\" content=\"summary_large_image\" \/>\n<meta name=\"twitter:creator\" content=\"@conspirou\" \/>\n<meta name=\"twitter:site\" content=\"@conspirou\" \/>\n<meta name=\"twitter:label1\" content=\"Escrito por\" \/>\n\t<meta name=\"twitter:data1\" content=\"MR News\" \/>\n\t<meta name=\"twitter:label2\" content=\"Est. tempo de leitura\" \/>\n\t<meta name=\"twitter:data2\" content=\"3 minutos\" \/>\n<script type=\"application\/ld+json\" class=\"yoast-schema-graph\">{\"@context\":\"https:\\\/\\\/schema.org\",\"@graph\":[{\"@type\":\"Article\",\"@id\":\"https:\\\/\\\/agenciabrasil.ebc.com.br\\\/economia\\\/noticia\\\/2026-07\\\/tarifaco-de-25-dos-eua-sobre-o-brasil-comeca-valer-nesta-quarta#article\",\"isPartOf\":{\"@id\":\"https:\\\/\\\/mrnews.com.br\\\/index.php\\\/2026\\\/07\\\/22\\\/tarifaco-de-25-dos-eua-sobre-o-brasil-comeca-a-valer-saiba-mais\\\/\"},\"author\":{\"name\":\"MR News\",\"@id\":\"https:\\\/\\\/mrnews.com.br\\\/#\\\/schema\\\/person\\\/be3203154562a9f207407861cef7827b\"},\"headline\":\"Tarifa\u00e7o de 25% dos EUA sobre o Brasil come\u00e7a a valer; saiba mais\",\"datePublished\":\"2026-07-22T15:38:22+00:00\",\"mainEntityOfPage\":{\"@id\":\"https:\\\/\\\/mrnews.com.br\\\/index.php\\\/2026\\\/07\\\/22\\\/tarifaco-de-25-dos-eua-sobre-o-brasil-comeca-a-valer-saiba-mais\\\/\"},\"wordCount\":594,\"commentCount\":0,\"publisher\":{\"@id\":\"https:\\\/\\\/mrnews.com.br\\\/#organization\"},\"articleSection\":[\"ENTRETENIMENTO\",\"NOTICIAS\",\"SERVI\u00c7OS\"],\"inLanguage\":\"pt-BR\",\"potentialAction\":[{\"@type\":\"CommentAction\",\"name\":\"Comment\",\"target\":[\"https:\\\/\\\/agenciabrasil.ebc.com.br\\\/economia\\\/noticia\\\/2026-07\\\/tarifaco-de-25-dos-eua-sobre-o-brasil-comeca-valer-nesta-quarta#respond\"]}]},{\"@type\":\"WebPage\",\"@id\":\"https:\\\/\\\/mrnews.com.br\\\/index.php\\\/2026\\\/07\\\/22\\\/tarifaco-de-25-dos-eua-sobre-o-brasil-comeca-a-valer-saiba-mais\\\/\",\"url\":\"https:\\\/\\\/agenciabrasil.ebc.com.br\\\/economia\\\/noticia\\\/2026-07\\\/tarifaco-de-25-dos-eua-sobre-o-brasil-comeca-valer-nesta-quarta\",\"name\":\"Tarifa\u00e7o de 25% dos EUA sobre o Brasil come\u00e7a a valer; saiba mais\",\"isPartOf\":{\"@id\":\"https:\\\/\\\/mrnews.com.br\\\/#website\"},\"datePublished\":\"2026-07-22T15:38:22+00:00\",\"breadcrumb\":{\"@id\":\"https:\\\/\\\/agenciabrasil.ebc.com.br\\\/economia\\\/noticia\\\/2026-07\\\/tarifaco-de-25-dos-eua-sobre-o-brasil-comeca-valer-nesta-quarta#breadcrumb\"},\"inLanguage\":\"pt-BR\",\"potentialAction\":[{\"@type\":\"ReadAction\",\"target\":[\"https:\\\/\\\/agenciabrasil.ebc.com.br\\\/economia\\\/noticia\\\/2026-07\\\/tarifaco-de-25-dos-eua-sobre-o-brasil-comeca-valer-nesta-quarta\"]}]},{\"@type\":\"BreadcrumbList\",\"@id\":\"https:\\\/\\\/agenciabrasil.ebc.com.br\\\/economia\\\/noticia\\\/2026-07\\\/tarifaco-de-25-dos-eua-sobre-o-brasil-comeca-valer-nesta-quarta#breadcrumb\",\"itemListElement\":[{\"@type\":\"ListItem\",\"position\":1,\"name\":\"In\u00edcio\",\"item\":\"https:\\\/\\\/mrnews.com.br\\\/\"},{\"@type\":\"ListItem\",\"position\":2,\"name\":\"Tarifa\u00e7o de 25% dos EUA sobre o Brasil come\u00e7a a valer; saiba mais\"}]},{\"@type\":\"WebSite\",\"@id\":\"https:\\\/\\\/mrnews.com.br\\\/#website\",\"url\":\"https:\\\/\\\/mrnews.com.br\\\/\",\"name\":\"MRNews\",\"description\":\"MRNews Jogos de hoje da TV, transmiss\u00f5es ao vivo, Not\u00edcias de futebol, Jogos ao vivo, Lives, resumo de novelas, Programa\u00e7\u00e3o da Globo, A Fazenda e BBB\",\"publisher\":{\"@id\":\"https:\\\/\\\/mrnews.com.br\\\/#organization\"},\"potentialAction\":[{\"@type\":\"SearchAction\",\"target\":{\"@type\":\"EntryPoint\",\"urlTemplate\":\"https:\\\/\\\/mrnews.com.br\\\/?s={search_term_string}\"},\"query-input\":{\"@type\":\"PropertyValueSpecification\",\"valueRequired\":true,\"valueName\":\"search_term_string\"}}],\"inLanguage\":\"pt-BR\"},{\"@type\":\"Organization\",\"@id\":\"https:\\\/\\\/mrnews.com.br\\\/#organization\",\"name\":\"MRNews\",\"url\":\"https:\\\/\\\/mrnews.com.br\\\/\",\"logo\":{\"@type\":\"ImageObject\",\"inLanguage\":\"pt-BR\",\"@id\":\"https:\\\/\\\/mrnews.com.br\\\/#\\\/schema\\\/logo\\\/image\\\/\",\"url\":\"https:\\\/\\\/mrnews.com.br\\\/wp-content\\\/uploads\\\/2026\\\/08\\\/MRNEws.png\",\"contentUrl\":\"https:\\\/\\\/mrnews.com.br\\\/wp-content\\\/uploads\\\/2026\\\/08\\\/MRNEws.png\",\"width\":1254,\"height\":1254,\"caption\":\"MRNews\"},\"image\":{\"@id\":\"https:\\\/\\\/mrnews.com.br\\\/#\\\/schema\\\/logo\\\/image\\\/\"},\"sameAs\":[\"https:\\\/\\\/www.facebook.com\\\/eaipahpah\\\/?locale2=pt_BR\",\"https:\\\/\\\/x.com\\\/conspirou\",\"https:\\\/\\\/www.instagram.com\\\/eai_pahpah\",\"https:\\\/\\\/br.pinterest.com\\\/mrnewsn\\\/boards\\\/\",\"https:\\\/\\\/www.youtube.com\\\/channel\\\/UCacgnpznQ61fifLWr1tQ-vA?view_as=subscriber\"]},{\"@type\":\"Person\",\"@id\":\"https:\\\/\\\/mrnews.com.br\\\/#\\\/schema\\\/person\\\/be3203154562a9f207407861cef7827b\",\"name\":\"MR News\",\"image\":{\"@type\":\"ImageObject\",\"inLanguage\":\"pt-BR\",\"@id\":\"https:\\\/\\\/secure.gravatar.com\\\/avatar\\\/04084e6d73c042b8646e7c17b494073bf0ede3ea13c7105cfc45cbbbc28385a4?s=96&d=monsterid&r=g\",\"url\":\"https:\\\/\\\/secure.gravatar.com\\\/avatar\\\/04084e6d73c042b8646e7c17b494073bf0ede3ea13c7105cfc45cbbbc28385a4?s=96&d=monsterid&r=g\",\"contentUrl\":\"https:\\\/\\\/secure.gravatar.com\\\/avatar\\\/04084e6d73c042b8646e7c17b494073bf0ede3ea13c7105cfc45cbbbc28385a4?s=96&d=monsterid&r=g\",\"caption\":\"MR News\"},\"description\":\"Especializado em jornalismo colaborativo pela FTP em n\u00edvel de p\u00f3s-gradua\u00e7\u00e3o. suporte@oimeliga.combr\",\"sameAs\":[\"HUGO R.\",\"Admin\"],\"url\":\"https:\\\/\\\/mrnews.com.br\\\/index.php\\\/author\\\/admin\\\/\"}]}<\/script>\n<!-- \/ Yoast SEO plugin. -->","yoast_head_json":{"title":"Tarifa\u00e7o de 25% dos EUA sobre o Brasil come\u00e7a a valer; saiba mais","robots":{"index":"index","follow":"follow","max-snippet":"max-snippet:-1","max-image-preview":"max-image-preview:large","max-video-preview":"max-video-preview:-1"},"canonical":"https:\/\/agenciabrasil.ebc.com.br\/economia\/noticia\/2026-07\/tarifaco-de-25-dos-eua-sobre-o-brasil-comeca-valer-nesta-quarta","og_locale":"pt_BR","og_type":"article","og_title":"Tarifa\u00e7o de 25% dos EUA sobre o Brasil come\u00e7a a valer; saiba mais","og_description":"Por EBC, Come\u00e7ou a vigorar nesta quarta-feira (22) a tarifa adicional de 25%\u00a0aplicada\u00a0pelo governo de Donald Trump sobre produtos brasileiros. O tarifa\u00e7o atinge cerca de 20% das exporta\u00e7\u00f5es do Brasil para os Estados Unidos.\u00a0 A\u00a0estimativa\u00a0do valor total das exporta\u00e7\u00f5es afetadas varia\u00a0entre US$ 7,2 bilh\u00f5es e\u00a0US$ 11 bilh\u00f5es, segundo c\u00e1lculos da Ag\u00eancia Brasileira de Promo\u00e7\u00e3o das &hellip;","og_url":"https:\/\/agenciabrasil.ebc.com.br\/economia\/noticia\/2026-07\/tarifaco-de-25-dos-eua-sobre-o-brasil-comeca-valer-nesta-quarta","og_site_name":"MRNews","article_publisher":"https:\/\/www.facebook.com\/eaipahpah\/?locale2=pt_BR","article_published_time":"2026-07-22T15:38:22+00:00","author":"MR News","twitter_card":"summary_large_image","twitter_creator":"@conspirou","twitter_site":"@conspirou","twitter_misc":{"Escrito por":"MR News","Est. tempo de leitura":"3 minutos"},"schema":{"@context":"https:\/\/schema.org","@graph":[{"@type":"Article","@id":"https:\/\/agenciabrasil.ebc.com.br\/economia\/noticia\/2026-07\/tarifaco-de-25-dos-eua-sobre-o-brasil-comeca-valer-nesta-quarta#article","isPartOf":{"@id":"https:\/\/mrnews.com.br\/index.php\/2026\/07\/22\/tarifaco-de-25-dos-eua-sobre-o-brasil-comeca-a-valer-saiba-mais\/"},"author":{"name":"MR News","@id":"https:\/\/mrnews.com.br\/#\/schema\/person\/be3203154562a9f207407861cef7827b"},"headline":"Tarifa\u00e7o de 25% dos EUA sobre o Brasil come\u00e7a a valer; saiba mais","datePublished":"2026-07-22T15:38:22+00:00","mainEntityOfPage":{"@id":"https:\/\/mrnews.com.br\/index.php\/2026\/07\/22\/tarifaco-de-25-dos-eua-sobre-o-brasil-comeca-a-valer-saiba-mais\/"},"wordCount":594,"commentCount":0,"publisher":{"@id":"https:\/\/mrnews.com.br\/#organization"},"articleSection":["ENTRETENIMENTO","NOTICIAS","SERVI\u00c7OS"],"inLanguage":"pt-BR","potentialAction":[{"@type":"CommentAction","name":"Comment","target":["https:\/\/agenciabrasil.ebc.com.br\/economia\/noticia\/2026-07\/tarifaco-de-25-dos-eua-sobre-o-brasil-comeca-valer-nesta-quarta#respond"]}]},{"@type":"WebPage","@id":"https:\/\/mrnews.com.br\/index.php\/2026\/07\/22\/tarifaco-de-25-dos-eua-sobre-o-brasil-comeca-a-valer-saiba-mais\/","url":"https:\/\/agenciabrasil.ebc.com.br\/economia\/noticia\/2026-07\/tarifaco-de-25-dos-eua-sobre-o-brasil-comeca-valer-nesta-quarta","name":"Tarifa\u00e7o de 25% dos EUA sobre o Brasil come\u00e7a a valer; saiba mais","isPartOf":{"@id":"https:\/\/mrnews.com.br\/#website"},"datePublished":"2026-07-22T15:38:22+00:00","breadcrumb":{"@id":"https:\/\/agenciabrasil.ebc.com.br\/economia\/noticia\/2026-07\/tarifaco-de-25-dos-eua-sobre-o-brasil-comeca-valer-nesta-quarta#breadcrumb"},"inLanguage":"pt-BR","potentialAction":[{"@type":"ReadAction","target":["https:\/\/agenciabrasil.ebc.com.br\/economia\/noticia\/2026-07\/tarifaco-de-25-dos-eua-sobre-o-brasil-comeca-valer-nesta-quarta"]}]},{"@type":"BreadcrumbList","@id":"https:\/\/agenciabrasil.ebc.com.br\/economia\/noticia\/2026-07\/tarifaco-de-25-dos-eua-sobre-o-brasil-comeca-valer-nesta-quarta#breadcrumb","itemListElement":[{"@type":"ListItem","position":1,"name":"In\u00edcio","item":"https:\/\/mrnews.com.br\/"},{"@type":"ListItem","position":2,"name":"Tarifa\u00e7o de 25% dos EUA sobre o Brasil come\u00e7a a valer; saiba mais"}]},{"@type":"WebSite","@id":"https:\/\/mrnews.com.br\/#website","url":"https:\/\/mrnews.com.br\/","name":"MRNews","description":"MRNews Jogos de hoje da TV, transmiss\u00f5es ao vivo, Not\u00edcias de futebol, Jogos ao vivo, Lives, resumo de novelas, Programa\u00e7\u00e3o da Globo, A Fazenda e BBB","publisher":{"@id":"https:\/\/mrnews.com.br\/#organization"},"potentialAction":[{"@type":"SearchAction","target":{"@type":"EntryPoint","urlTemplate":"https:\/\/mrnews.com.br\/?s={search_term_string}"},"query-input":{"@type":"PropertyValueSpecification","valueRequired":true,"valueName":"search_term_string"}}],"inLanguage":"pt-BR"},{"@type":"Organization","@id":"https:\/\/mrnews.com.br\/#organization","name":"MRNews","url":"https:\/\/mrnews.com.br\/","logo":{"@type":"ImageObject","inLanguage":"pt-BR","@id":"https:\/\/mrnews.com.br\/#\/schema\/logo\/image\/","url":"https:\/\/mrnews.com.br\/wp-content\/uploads\/2026\/08\/MRNEws.png","contentUrl":"https:\/\/mrnews.com.br\/wp-content\/uploads\/2026\/08\/MRNEws.png","width":1254,"height":1254,"caption":"MRNews"},"image":{"@id":"https:\/\/mrnews.com.br\/#\/schema\/logo\/image\/"},"sameAs":["https:\/\/www.facebook.com\/eaipahpah\/?locale2=pt_BR","https:\/\/x.com\/conspirou","https:\/\/www.instagram.com\/eai_pahpah","https:\/\/br.pinterest.com\/mrnewsn\/boards\/","https:\/\/www.youtube.com\/channel\/UCacgnpznQ61fifLWr1tQ-vA?view_as=subscriber"]},{"@type":"Person","@id":"https:\/\/mrnews.com.br\/#\/schema\/person\/be3203154562a9f207407861cef7827b","name":"MR News","image":{"@type":"ImageObject","inLanguage":"pt-BR","@id":"https:\/\/secure.gravatar.com\/avatar\/04084e6d73c042b8646e7c17b494073bf0ede3ea13c7105cfc45cbbbc28385a4?s=96&d=monsterid&r=g","url":"https:\/\/secure.gravatar.com\/avatar\/04084e6d73c042b8646e7c17b494073bf0ede3ea13c7105cfc45cbbbc28385a4?s=96&d=monsterid&r=g","contentUrl":"https:\/\/secure.gravatar.com\/avatar\/04084e6d73c042b8646e7c17b494073bf0ede3ea13c7105cfc45cbbbc28385a4?s=96&d=monsterid&r=g","caption":"MR News"},"description":"Especializado em jornalismo colaborativo pela FTP em n\u00edvel de p\u00f3s-gradua\u00e7\u00e3o. suporte@oimeliga.combr","sameAs":["HUGO R.","Admin"],"url":"https:\/\/mrnews.com.br\/index.php\/author\/admin\/"}]}},"jetpack_sharing_enabled":true,"jetpack_shortlink":"https:\/\/wp.me\/pa2Qf7-1WLy","amp_enabled":true,"jetpack_featured_media_url":"","_links":{"self":[{"href":"https:\/\/mrnews.com.br\/index.php\/wp-json\/wp\/v2\/posts\/464228","targetHints":{"allow":["GET"]}}],"collection":[{"href":"https:\/\/mrnews.com.br\/index.php\/wp-json\/wp\/v2\/posts"}],"about":[{"href":"https:\/\/mrnews.com.br\/index.php\/wp-json\/wp\/v2\/types\/post"}],"author":[{"embeddable":true,"href":"https:\/\/mrnews.com.br\/index.php\/wp-json\/wp\/v2\/users\/1"}],"replies":[{"embeddable":true,"href":"https:\/\/mrnews.com.br\/index.php\/wp-json\/wp\/v2\/comments?post=464228"}],"version-history":[{"count":0,"href":"https:\/\/mrnews.com.br\/index.php\/wp-json\/wp\/v2\/posts\/464228\/revisions"}],"wp:attachment":[{"href":"https:\/\/mrnews.com.br\/index.php\/wp-json\/wp\/v2\/media?parent=464228"}],"wp:term":[{"taxonomy":"category","embeddable":true,"href":"https:\/\/mrnews.com.br\/index.php\/wp-json\/wp\/v2\/categories?post=464228"},{"taxonomy":"post_tag","embeddable":true,"href":"https:\/\/mrnews.com.br\/index.php\/wp-json\/wp\/v2\/tags?post=464228"}],"curies":[{"name":"wp","href":"https:\/\/api.w.org\/{rel}","templated":true}]}}