{"id":465967,"date":"2026-08-30T19:17:17","date_gmt":"2026-08-30T22:17:17","guid":{"rendered":"https:\/\/mrnews.com.br\/?p=465967"},"modified":"2026-08-30T19:17:17","modified_gmt":"2026-08-30T22:17:17","slug":"abalado-caua-reymond-vai-as-lagrimas-ao-lamentar-triste-perda-descanse-em-paz","status":"publish","type":"post","link":"https:\/\/mrnews.com.br\/index.php\/2026\/08\/30\/abalado-caua-reymond-vai-as-lagrimas-ao-lamentar-triste-perda-descanse-em-paz\/","title":{"rendered":"Abalado, Cau\u00e3 Reymond vai \u00e0s l\u00e1grimas ao lamentar triste perda, &#8216;Descanse em paz&#8217;"},"content":{"rendered":"<h2>Ator foi surpreendido durante participa\u00e7\u00e3o no Caldeir\u00e3o com Mion e reviveu lembran\u00e7as marcantes da inf\u00e2ncia<\/h2>\n<p>Cau\u00e3 Reymond protagonizou um dos momentos mais emocionantes do Caldeir\u00e3o com Mion exibido neste s\u00e1bado (29). Durante sua participa\u00e7\u00e3o no programa, o ator da Globo foi surpreendido por uma homenagem relacionada a uma pessoa que teve grande import\u00e2ncia em sua inf\u00e2ncia: seu av\u00f4, Carlos Marques de Souza.<\/p>\n<p>A lembran\u00e7a mexeu profundamente com o artista, que n\u00e3o conseguiu esconder a emo\u00e7\u00e3o diante da homenagem. O momento aconteceu durante o quadro <strong>Question\u00e1rio Mionzera<\/strong>, no qual Cau\u00e3 participou de uma din\u00e2mica que acabou trazendo \u00e0 tona mem\u00f3rias familiares e afetivas.<\/p>\n<h3>Cau\u00e3 Reymond se emociona ao falar do av\u00f4<\/h3>\n<p>A homenagem fez o ator recordar o per\u00edodo de sua inf\u00e2ncia ao lado do av\u00f4. Carlos Marques de Souza morreu aos 89 anos, em 2012, mas sua mem\u00f3ria continua presente na vida de Cau\u00e3.<\/p>\n<p>Ao ser colocado diante da lembran\u00e7a familiar, o artista acabou se emocionando e foi \u00e0s l\u00e1grimas. A rea\u00e7\u00e3o chamou aten\u00e7\u00e3o justamente por mostrar um lado mais \u00edntimo de uma personalidade acostumada aos holofotes e \u00e0 exposi\u00e7\u00e3o p\u00fablica.<\/p>\n<p>O momento tamb\u00e9m evidenciou como determinadas lembran\u00e7as permanecem importantes mesmo muitos anos depois de uma perda. A homenagem exibida no programa fez com que Cau\u00e3 revisitasse uma parte significativa de sua hist\u00f3ria pessoal.<\/p>\n<h3>Homenagem aconteceu durante o Question\u00e1rio Mionzera<\/h3>\n<p>A participa\u00e7\u00e3o de Cau\u00e3 aconteceu no <strong>Question\u00e1rio Mionzera<\/strong>, quadro apresentado por Marcos Mion no programa. A din\u00e2mica acabou tomando um rumo bastante emocional quando o ator foi surpreendido com a refer\u00eancia ao av\u00f4.<\/p>\n<p>A situa\u00e7\u00e3o inesperada fez com que o clima descontra\u00eddo da atra\u00e7\u00e3o desse espa\u00e7o para uma lembran\u00e7a mais delicada. Cau\u00e3 n\u00e3o conseguiu conter as l\u00e1grimas ao se deparar com a homenagem.<\/p>\n<p>O epis\u00f3dio foi exibido no s\u00e1bado, 29 de agosto de 2026, e rapidamente ganhou destaque justamente pela rea\u00e7\u00e3o espont\u00e2nea do ator.<\/p>\n<h3>Uma lembran\u00e7a que permanece viva<\/h3>\n<p>Carlos Marques de Souza faleceu em 2012, aos 89 anos. Embora j\u00e1 tenham se passado anos desde a morte do av\u00f4, a rea\u00e7\u00e3o de Cau\u00e3 mostrou que a import\u00e2ncia de uma pessoa na forma\u00e7\u00e3o de algu\u00e9m n\u00e3o desaparece com o tempo.<\/p>\n<p>As lembran\u00e7as da inf\u00e2ncia costumam carregar um significado especial, principalmente quando est\u00e3o associadas a familiares que exerceram papel importante durante essa fase da vida. No caso de Cau\u00e3, a homenagem foi suficiente para despertar uma forte emo\u00e7\u00e3o.<\/p>\n<p>O ator, conhecido por diversos trabalhos na televis\u00e3o brasileira, acabou deixando de lado por alguns instantes a imagem p\u00fablica para demonstrar seus sentimentos diante da recorda\u00e7\u00e3o familiar.<\/p>\n<h3>Momento emocionou quem acompanhava o programa<\/h3>\n<p>A cena tamb\u00e9m chamou aten\u00e7\u00e3o por sua naturalidade. Em vez de uma rea\u00e7\u00e3o planejada, Cau\u00e3 demonstrou espontaneamente o impacto que a homenagem provocou.<\/p>\n<p>Momentos como esse costumam aproximar o p\u00fablico dos artistas justamente porque revelam experi\u00eancias pessoais que v\u00e3o al\u00e9m da carreira e dos personagens interpretados na televis\u00e3o.<\/p>\n<p>A participa\u00e7\u00e3o no Caldeir\u00e3o com Mion acabou, portanto, marcada n\u00e3o apenas pela presen\u00e7a de Cau\u00e3 no programa, mas principalmente pela lembran\u00e7a de seu av\u00f4 e pela emo\u00e7\u00e3o demonstrada diante da homenagem.<\/p>\n<p>A hist\u00f3ria mostra que, mesmo depois de muitos anos, determinadas pessoas continuam ocupando um espa\u00e7o especial na mem\u00f3ria e na trajet\u00f3ria de quem ficou.<\/p>\n<p><strong>Fonte: informa\u00e7\u00f5es reproduzidas e reescritas a partir do material enviado.<\/strong><\/p>\n<h3>Tags SEO<\/h3>\n<p>Cau\u00e3 Reymond, Cau\u00e3 Reymond emocionado, av\u00f4 de Cau\u00e3 Reymond, Carlos Marques de Souza, Caldeir\u00e3o com Mion, Question\u00e1rio Mionzera, Cau\u00e3 Reymond l\u00e1grimas, famosos, celebridades, Globo, televis\u00e3o, not\u00edcias dos famosos<\/p>\n","protected":false},"excerpt":{"rendered":"<p>Ator foi surpreendido durante participa\u00e7\u00e3o no Caldeir\u00e3o com Mion e reviveu lembran\u00e7as marcantes da inf\u00e2ncia Cau\u00e3 Reymond protagonizou um dos momentos mais emocionantes do Caldeir\u00e3o com Mion exibido neste s\u00e1bado (29). Durante sua participa\u00e7\u00e3o no programa, o ator da Globo foi surpreendido por uma homenagem relacionada a uma pessoa que teve grande import\u00e2ncia em sua &hellip;<\/p>\n","protected":false},"author":1,"featured_media":464390,"comment_status":"open","ping_status":"open","sticky":false,"template":"","format":"standard","meta":{"_jetpack_newsletter_access":"","_jetpack_dont_email_post_to_subs":false,"_jetpack_newsletter_tier_id":0,"_jetpack_memberships_contains_paywalled_content":false,"_jetpack_feature_clip_id":0,"_jetpack_memberships_contains_paid_content":false,"footnotes":"","jetpack_post_was_ever_published":false},"categories":[2],"tags":[],"class_list":["post-465967","post","type-post","status-publish","format-standard","has-post-thumbnail","hentry","category-entretenimento"],"yoast_head":"<!-- This site is optimized with the Yoast SEO plugin v28.3 - https:\/\/yoast.com\/product\/yoast-seo-wordpress\/ -->\n<title>Abalado, Cau\u00e3 Reymond vai \u00e0s l\u00e1grimas ao lamentar triste perda, &#039;Descanse em paz&#039;<\/title>\n<meta name=\"robots\" content=\"index, follow, max-snippet:-1, max-image-preview:large, max-video-preview:-1\" \/>\n<link rel=\"canonical\" href=\"https:\/\/mrnews.com.br\/index.php\/2026\/08\/30\/abalado-caua-reymond-vai-as-lagrimas-ao-lamentar-triste-perda-descanse-em-paz\/\" \/>\n<meta property=\"og:locale\" content=\"pt_BR\" \/>\n<meta property=\"og:type\" content=\"article\" \/>\n<meta property=\"og:title\" content=\"Abalado, Cau\u00e3 Reymond vai \u00e0s l\u00e1grimas ao lamentar triste perda, &#039;Descanse em paz&#039;\" \/>\n<meta property=\"og:description\" content=\"Ator foi surpreendido durante participa\u00e7\u00e3o no Caldeir\u00e3o com Mion e reviveu lembran\u00e7as marcantes da inf\u00e2ncia Cau\u00e3 Reymond protagonizou um dos momentos mais emocionantes do Caldeir\u00e3o com Mion exibido neste s\u00e1bado (29). Durante sua participa\u00e7\u00e3o no programa, o ator da Globo foi surpreendido por uma homenagem relacionada a uma pessoa que teve grande import\u00e2ncia em sua &hellip;\" \/>\n<meta property=\"og:url\" content=\"https:\/\/mrnews.com.br\/index.php\/2026\/08\/30\/abalado-caua-reymond-vai-as-lagrimas-ao-lamentar-triste-perda-descanse-em-paz\/\" \/>\n<meta property=\"og:site_name\" content=\"MRNews\" \/>\n<meta property=\"article:publisher\" content=\"https:\/\/www.facebook.com\/eaipahpah\/?locale2=pt_BR\" \/>\n<meta property=\"article:published_time\" content=\"2026-08-30T22:17:17+00:00\" \/>\n<meta property=\"og:image\" content=\"https:\/\/mrnews.com.br\/wp-content\/uploads\/2026\/07\/09674d2f-cee5-4b0c-891a-fcf37bb79549-1024x683.png\" \/>\n\t<meta property=\"og:image:width\" content=\"1024\" \/>\n\t<meta property=\"og:image:height\" content=\"683\" \/>\n\t<meta property=\"og:image:type\" content=\"image\/png\" \/>\n<meta name=\"author\" content=\"MR News\" \/>\n<meta name=\"twitter:card\" content=\"summary_large_image\" \/>\n<meta name=\"twitter:creator\" content=\"@conspirou\" \/>\n<meta name=\"twitter:site\" content=\"@conspirou\" \/>\n<meta name=\"twitter:label1\" content=\"Escrito por\" \/>\n\t<meta name=\"twitter:data1\" content=\"MR News\" \/>\n\t<meta name=\"twitter:label2\" content=\"Est. tempo de leitura\" \/>\n\t<meta name=\"twitter:data2\" content=\"4 minutos\" \/>\n<script type=\"application\/ld+json\" class=\"yoast-schema-graph\">{\"@context\":\"https:\\\/\\\/schema.org\",\"@graph\":[{\"@type\":\"Article\",\"@id\":\"https:\\\/\\\/mrnews.com.br\\\/index.php\\\/2026\\\/08\\\/30\\\/abalado-caua-reymond-vai-as-lagrimas-ao-lamentar-triste-perda-descanse-em-paz\\\/#article\",\"isPartOf\":{\"@id\":\"https:\\\/\\\/mrnews.com.br\\\/index.php\\\/2026\\\/08\\\/30\\\/abalado-caua-reymond-vai-as-lagrimas-ao-lamentar-triste-perda-descanse-em-paz\\\/\"},\"author\":{\"name\":\"MR News\",\"@id\":\"https:\\\/\\\/mrnews.com.br\\\/#\\\/schema\\\/person\\\/be3203154562a9f207407861cef7827b\"},\"headline\":\"Abalado, Cau\u00e3 Reymond vai \u00e0s l\u00e1grimas ao lamentar triste perda, &#8216;Descanse em paz&#8217;\",\"datePublished\":\"2026-08-30T22:17:17+00:00\",\"mainEntityOfPage\":{\"@id\":\"https:\\\/\\\/mrnews.com.br\\\/index.php\\\/2026\\\/08\\\/30\\\/abalado-caua-reymond-vai-as-lagrimas-ao-lamentar-triste-perda-descanse-em-paz\\\/\"},\"wordCount\":648,\"commentCount\":0,\"publisher\":{\"@id\":\"https:\\\/\\\/mrnews.com.br\\\/#organization\"},\"image\":{\"@id\":\"https:\\\/\\\/mrnews.com.br\\\/index.php\\\/2026\\\/08\\\/30\\\/abalado-caua-reymond-vai-as-lagrimas-ao-lamentar-triste-perda-descanse-em-paz\\\/#primaryimage\"},\"thumbnailUrl\":\"https:\\\/\\\/mrnews.com.br\\\/wp-content\\\/uploads\\\/2026\\\/07\\\/09674d2f-cee5-4b0c-891a-fcf37bb79549.png\",\"articleSection\":[\"ENTRETENIMENTO\"],\"inLanguage\":\"pt-BR\",\"potentialAction\":[{\"@type\":\"CommentAction\",\"name\":\"Comment\",\"target\":[\"https:\\\/\\\/mrnews.com.br\\\/index.php\\\/2026\\\/08\\\/30\\\/abalado-caua-reymond-vai-as-lagrimas-ao-lamentar-triste-perda-descanse-em-paz\\\/#respond\"]}]},{\"@type\":\"WebPage\",\"@id\":\"https:\\\/\\\/mrnews.com.br\\\/index.php\\\/2026\\\/08\\\/30\\\/abalado-caua-reymond-vai-as-lagrimas-ao-lamentar-triste-perda-descanse-em-paz\\\/\",\"url\":\"https:\\\/\\\/mrnews.com.br\\\/index.php\\\/2026\\\/08\\\/30\\\/abalado-caua-reymond-vai-as-lagrimas-ao-lamentar-triste-perda-descanse-em-paz\\\/\",\"name\":\"Abalado, Cau\u00e3 Reymond vai \u00e0s l\u00e1grimas ao lamentar triste perda, 'Descanse em paz'\",\"isPartOf\":{\"@id\":\"https:\\\/\\\/mrnews.com.br\\\/#website\"},\"primaryImageOfPage\":{\"@id\":\"https:\\\/\\\/mrnews.com.br\\\/index.php\\\/2026\\\/08\\\/30\\\/abalado-caua-reymond-vai-as-lagrimas-ao-lamentar-triste-perda-descanse-em-paz\\\/#primaryimage\"},\"image\":{\"@id\":\"https:\\\/\\\/mrnews.com.br\\\/index.php\\\/2026\\\/08\\\/30\\\/abalado-caua-reymond-vai-as-lagrimas-ao-lamentar-triste-perda-descanse-em-paz\\\/#primaryimage\"},\"thumbnailUrl\":\"https:\\\/\\\/mrnews.com.br\\\/wp-content\\\/uploads\\\/2026\\\/07\\\/09674d2f-cee5-4b0c-891a-fcf37bb79549.png\",\"datePublished\":\"2026-08-30T22:17:17+00:00\",\"breadcrumb\":{\"@id\":\"https:\\\/\\\/mrnews.com.br\\\/index.php\\\/2026\\\/08\\\/30\\\/abalado-caua-reymond-vai-as-lagrimas-ao-lamentar-triste-perda-descanse-em-paz\\\/#breadcrumb\"},\"inLanguage\":\"pt-BR\",\"potentialAction\":[{\"@type\":\"ReadAction\",\"target\":[\"https:\\\/\\\/mrnews.com.br\\\/index.php\\\/2026\\\/08\\\/30\\\/abalado-caua-reymond-vai-as-lagrimas-ao-lamentar-triste-perda-descanse-em-paz\\\/\"]}]},{\"@type\":\"ImageObject\",\"inLanguage\":\"pt-BR\",\"@id\":\"https:\\\/\\\/mrnews.com.br\\\/index.php\\\/2026\\\/08\\\/30\\\/abalado-caua-reymond-vai-as-lagrimas-ao-lamentar-triste-perda-descanse-em-paz\\\/#primaryimage\",\"url\":\"https:\\\/\\\/mrnews.com.br\\\/wp-content\\\/uploads\\\/2026\\\/07\\\/09674d2f-cee5-4b0c-891a-fcf37bb79549.png\",\"contentUrl\":\"https:\\\/\\\/mrnews.com.br\\\/wp-content\\\/uploads\\\/2026\\\/07\\\/09674d2f-cee5-4b0c-891a-fcf37bb79549.png\",\"width\":1536,\"height\":1024,\"caption\":\"Luto\"},{\"@type\":\"BreadcrumbList\",\"@id\":\"https:\\\/\\\/mrnews.com.br\\\/index.php\\\/2026\\\/08\\\/30\\\/abalado-caua-reymond-vai-as-lagrimas-ao-lamentar-triste-perda-descanse-em-paz\\\/#breadcrumb\",\"itemListElement\":[{\"@type\":\"ListItem\",\"position\":1,\"name\":\"In\u00edcio\",\"item\":\"https:\\\/\\\/mrnews.com.br\\\/\"},{\"@type\":\"ListItem\",\"position\":2,\"name\":\"Abalado, Cau\u00e3 Reymond vai \u00e0s l\u00e1grimas ao lamentar triste perda, &#8216;Descanse em paz&#8217;\"}]},{\"@type\":\"WebSite\",\"@id\":\"https:\\\/\\\/mrnews.com.br\\\/#website\",\"url\":\"https:\\\/\\\/mrnews.com.br\\\/\",\"name\":\"MRNews\",\"description\":\"MRNews Jogos de hoje da TV, transmiss\u00f5es ao vivo, Not\u00edcias de futebol, Jogos ao vivo, Lives, resumo de novelas, Programa\u00e7\u00e3o da Globo, A Fazenda e BBB\",\"publisher\":{\"@id\":\"https:\\\/\\\/mrnews.com.br\\\/#organization\"},\"potentialAction\":[{\"@type\":\"SearchAction\",\"target\":{\"@type\":\"EntryPoint\",\"urlTemplate\":\"https:\\\/\\\/mrnews.com.br\\\/?s={search_term_string}\"},\"query-input\":{\"@type\":\"PropertyValueSpecification\",\"valueRequired\":true,\"valueName\":\"search_term_string\"}}],\"inLanguage\":\"pt-BR\"},{\"@type\":\"Organization\",\"@id\":\"https:\\\/\\\/mrnews.com.br\\\/#organization\",\"name\":\"MRNews\",\"url\":\"https:\\\/\\\/mrnews.com.br\\\/\",\"logo\":{\"@type\":\"ImageObject\",\"inLanguage\":\"pt-BR\",\"@id\":\"https:\\\/\\\/mrnews.com.br\\\/#\\\/schema\\\/logo\\\/image\\\/\",\"url\":\"https:\\\/\\\/mrnews.com.br\\\/wp-content\\\/uploads\\\/2026\\\/08\\\/MRNEws.png\",\"contentUrl\":\"https:\\\/\\\/mrnews.com.br\\\/wp-content\\\/uploads\\\/2026\\\/08\\\/MRNEws.png\",\"width\":1254,\"height\":1254,\"caption\":\"MRNews\"},\"image\":{\"@id\":\"https:\\\/\\\/mrnews.com.br\\\/#\\\/schema\\\/logo\\\/image\\\/\"},\"sameAs\":[\"https:\\\/\\\/www.facebook.com\\\/eaipahpah\\\/?locale2=pt_BR\",\"https:\\\/\\\/x.com\\\/conspirou\",\"https:\\\/\\\/www.instagram.com\\\/eai_pahpah\",\"https:\\\/\\\/br.pinterest.com\\\/mrnewsn\\\/boards\\\/\",\"https:\\\/\\\/www.youtube.com\\\/channel\\\/UCacgnpznQ61fifLWr1tQ-vA?view_as=subscriber\"]},{\"@type\":\"Person\",\"@id\":\"https:\\\/\\\/mrnews.com.br\\\/#\\\/schema\\\/person\\\/be3203154562a9f207407861cef7827b\",\"name\":\"MR News\",\"image\":{\"@type\":\"ImageObject\",\"inLanguage\":\"pt-BR\",\"@id\":\"https:\\\/\\\/secure.gravatar.com\\\/avatar\\\/04084e6d73c042b8646e7c17b494073bf0ede3ea13c7105cfc45cbbbc28385a4?s=96&d=monsterid&r=g\",\"url\":\"https:\\\/\\\/secure.gravatar.com\\\/avatar\\\/04084e6d73c042b8646e7c17b494073bf0ede3ea13c7105cfc45cbbbc28385a4?s=96&d=monsterid&r=g\",\"contentUrl\":\"https:\\\/\\\/secure.gravatar.com\\\/avatar\\\/04084e6d73c042b8646e7c17b494073bf0ede3ea13c7105cfc45cbbbc28385a4?s=96&d=monsterid&r=g\",\"caption\":\"MR News\"},\"description\":\"Especializado em jornalismo colaborativo pela FTP em n\u00edvel de p\u00f3s-gradua\u00e7\u00e3o. suporte@oimeliga.combr\",\"sameAs\":[\"HUGO R.\",\"Admin\"],\"url\":\"https:\\\/\\\/mrnews.com.br\\\/index.php\\\/author\\\/admin\\\/\"}]}<\/script>\n<!-- \/ Yoast SEO plugin. -->","yoast_head_json":{"title":"Abalado, Cau\u00e3 Reymond vai \u00e0s l\u00e1grimas ao lamentar triste perda, 'Descanse em paz'","robots":{"index":"index","follow":"follow","max-snippet":"max-snippet:-1","max-image-preview":"max-image-preview:large","max-video-preview":"max-video-preview:-1"},"canonical":"https:\/\/mrnews.com.br\/index.php\/2026\/08\/30\/abalado-caua-reymond-vai-as-lagrimas-ao-lamentar-triste-perda-descanse-em-paz\/","og_locale":"pt_BR","og_type":"article","og_title":"Abalado, Cau\u00e3 Reymond vai \u00e0s l\u00e1grimas ao lamentar triste perda, 'Descanse em paz'","og_description":"Ator foi surpreendido durante participa\u00e7\u00e3o no Caldeir\u00e3o com Mion e reviveu lembran\u00e7as marcantes da inf\u00e2ncia Cau\u00e3 Reymond protagonizou um dos momentos mais emocionantes do Caldeir\u00e3o com Mion exibido neste s\u00e1bado (29). Durante sua participa\u00e7\u00e3o no programa, o ator da Globo foi surpreendido por uma homenagem relacionada a uma pessoa que teve grande import\u00e2ncia em sua &hellip;","og_url":"https:\/\/mrnews.com.br\/index.php\/2026\/08\/30\/abalado-caua-reymond-vai-as-lagrimas-ao-lamentar-triste-perda-descanse-em-paz\/","og_site_name":"MRNews","article_publisher":"https:\/\/www.facebook.com\/eaipahpah\/?locale2=pt_BR","article_published_time":"2026-08-30T22:17:17+00:00","og_image":[{"width":1024,"height":683,"url":"https:\/\/mrnews.com.br\/wp-content\/uploads\/2026\/07\/09674d2f-cee5-4b0c-891a-fcf37bb79549-1024x683.png","type":"image\/png"}],"author":"MR News","twitter_card":"summary_large_image","twitter_creator":"@conspirou","twitter_site":"@conspirou","twitter_misc":{"Escrito por":"MR News","Est. tempo de leitura":"4 minutos"},"schema":{"@context":"https:\/\/schema.org","@graph":[{"@type":"Article","@id":"https:\/\/mrnews.com.br\/index.php\/2026\/08\/30\/abalado-caua-reymond-vai-as-lagrimas-ao-lamentar-triste-perda-descanse-em-paz\/#article","isPartOf":{"@id":"https:\/\/mrnews.com.br\/index.php\/2026\/08\/30\/abalado-caua-reymond-vai-as-lagrimas-ao-lamentar-triste-perda-descanse-em-paz\/"},"author":{"name":"MR News","@id":"https:\/\/mrnews.com.br\/#\/schema\/person\/be3203154562a9f207407861cef7827b"},"headline":"Abalado, Cau\u00e3 Reymond vai \u00e0s l\u00e1grimas ao lamentar triste perda, &#8216;Descanse em paz&#8217;","datePublished":"2026-08-30T22:17:17+00:00","mainEntityOfPage":{"@id":"https:\/\/mrnews.com.br\/index.php\/2026\/08\/30\/abalado-caua-reymond-vai-as-lagrimas-ao-lamentar-triste-perda-descanse-em-paz\/"},"wordCount":648,"commentCount":0,"publisher":{"@id":"https:\/\/mrnews.com.br\/#organization"},"image":{"@id":"https:\/\/mrnews.com.br\/index.php\/2026\/08\/30\/abalado-caua-reymond-vai-as-lagrimas-ao-lamentar-triste-perda-descanse-em-paz\/#primaryimage"},"thumbnailUrl":"https:\/\/mrnews.com.br\/wp-content\/uploads\/2026\/07\/09674d2f-cee5-4b0c-891a-fcf37bb79549.png","articleSection":["ENTRETENIMENTO"],"inLanguage":"pt-BR","potentialAction":[{"@type":"CommentAction","name":"Comment","target":["https:\/\/mrnews.com.br\/index.php\/2026\/08\/30\/abalado-caua-reymond-vai-as-lagrimas-ao-lamentar-triste-perda-descanse-em-paz\/#respond"]}]},{"@type":"WebPage","@id":"https:\/\/mrnews.com.br\/index.php\/2026\/08\/30\/abalado-caua-reymond-vai-as-lagrimas-ao-lamentar-triste-perda-descanse-em-paz\/","url":"https:\/\/mrnews.com.br\/index.php\/2026\/08\/30\/abalado-caua-reymond-vai-as-lagrimas-ao-lamentar-triste-perda-descanse-em-paz\/","name":"Abalado, Cau\u00e3 Reymond vai \u00e0s l\u00e1grimas ao lamentar triste perda, 'Descanse em paz'","isPartOf":{"@id":"https:\/\/mrnews.com.br\/#website"},"primaryImageOfPage":{"@id":"https:\/\/mrnews.com.br\/index.php\/2026\/08\/30\/abalado-caua-reymond-vai-as-lagrimas-ao-lamentar-triste-perda-descanse-em-paz\/#primaryimage"},"image":{"@id":"https:\/\/mrnews.com.br\/index.php\/2026\/08\/30\/abalado-caua-reymond-vai-as-lagrimas-ao-lamentar-triste-perda-descanse-em-paz\/#primaryimage"},"thumbnailUrl":"https:\/\/mrnews.com.br\/wp-content\/uploads\/2026\/07\/09674d2f-cee5-4b0c-891a-fcf37bb79549.png","datePublished":"2026-08-30T22:17:17+00:00","breadcrumb":{"@id":"https:\/\/mrnews.com.br\/index.php\/2026\/08\/30\/abalado-caua-reymond-vai-as-lagrimas-ao-lamentar-triste-perda-descanse-em-paz\/#breadcrumb"},"inLanguage":"pt-BR","potentialAction":[{"@type":"ReadAction","target":["https:\/\/mrnews.com.br\/index.php\/2026\/08\/30\/abalado-caua-reymond-vai-as-lagrimas-ao-lamentar-triste-perda-descanse-em-paz\/"]}]},{"@type":"ImageObject","inLanguage":"pt-BR","@id":"https:\/\/mrnews.com.br\/index.php\/2026\/08\/30\/abalado-caua-reymond-vai-as-lagrimas-ao-lamentar-triste-perda-descanse-em-paz\/#primaryimage","url":"https:\/\/mrnews.com.br\/wp-content\/uploads\/2026\/07\/09674d2f-cee5-4b0c-891a-fcf37bb79549.png","contentUrl":"https:\/\/mrnews.com.br\/wp-content\/uploads\/2026\/07\/09674d2f-cee5-4b0c-891a-fcf37bb79549.png","width":1536,"height":1024,"caption":"Luto"},{"@type":"BreadcrumbList","@id":"https:\/\/mrnews.com.br\/index.php\/2026\/08\/30\/abalado-caua-reymond-vai-as-lagrimas-ao-lamentar-triste-perda-descanse-em-paz\/#breadcrumb","itemListElement":[{"@type":"ListItem","position":1,"name":"In\u00edcio","item":"https:\/\/mrnews.com.br\/"},{"@type":"ListItem","position":2,"name":"Abalado, Cau\u00e3 Reymond vai \u00e0s l\u00e1grimas ao lamentar triste perda, &#8216;Descanse em paz&#8217;"}]},{"@type":"WebSite","@id":"https:\/\/mrnews.com.br\/#website","url":"https:\/\/mrnews.com.br\/","name":"MRNews","description":"MRNews Jogos de hoje da TV, transmiss\u00f5es ao vivo, Not\u00edcias de futebol, Jogos ao vivo, Lives, resumo de novelas, Programa\u00e7\u00e3o da Globo, A Fazenda e BBB","publisher":{"@id":"https:\/\/mrnews.com.br\/#organization"},"potentialAction":[{"@type":"SearchAction","target":{"@type":"EntryPoint","urlTemplate":"https:\/\/mrnews.com.br\/?s={search_term_string}"},"query-input":{"@type":"PropertyValueSpecification","valueRequired":true,"valueName":"search_term_string"}}],"inLanguage":"pt-BR"},{"@type":"Organization","@id":"https:\/\/mrnews.com.br\/#organization","name":"MRNews","url":"https:\/\/mrnews.com.br\/","logo":{"@type":"ImageObject","inLanguage":"pt-BR","@id":"https:\/\/mrnews.com.br\/#\/schema\/logo\/image\/","url":"https:\/\/mrnews.com.br\/wp-content\/uploads\/2026\/08\/MRNEws.png","contentUrl":"https:\/\/mrnews.com.br\/wp-content\/uploads\/2026\/08\/MRNEws.png","width":1254,"height":1254,"caption":"MRNews"},"image":{"@id":"https:\/\/mrnews.com.br\/#\/schema\/logo\/image\/"},"sameAs":["https:\/\/www.facebook.com\/eaipahpah\/?locale2=pt_BR","https:\/\/x.com\/conspirou","https:\/\/www.instagram.com\/eai_pahpah","https:\/\/br.pinterest.com\/mrnewsn\/boards\/","https:\/\/www.youtube.com\/channel\/UCacgnpznQ61fifLWr1tQ-vA?view_as=subscriber"]},{"@type":"Person","@id":"https:\/\/mrnews.com.br\/#\/schema\/person\/be3203154562a9f207407861cef7827b","name":"MR News","image":{"@type":"ImageObject","inLanguage":"pt-BR","@id":"https:\/\/secure.gravatar.com\/avatar\/04084e6d73c042b8646e7c17b494073bf0ede3ea13c7105cfc45cbbbc28385a4?s=96&d=monsterid&r=g","url":"https:\/\/secure.gravatar.com\/avatar\/04084e6d73c042b8646e7c17b494073bf0ede3ea13c7105cfc45cbbbc28385a4?s=96&d=monsterid&r=g","contentUrl":"https:\/\/secure.gravatar.com\/avatar\/04084e6d73c042b8646e7c17b494073bf0ede3ea13c7105cfc45cbbbc28385a4?s=96&d=monsterid&r=g","caption":"MR News"},"description":"Especializado em jornalismo colaborativo pela FTP em n\u00edvel de p\u00f3s-gradua\u00e7\u00e3o. suporte@oimeliga.combr","sameAs":["HUGO R.","Admin"],"url":"https:\/\/mrnews.com.br\/index.php\/author\/admin\/"}]}},"jetpack_sharing_enabled":true,"jetpack_shortlink":"https:\/\/wp.me\/pa2Qf7-1XdB","amp_enabled":true,"jetpack_featured_media_url":"https:\/\/mrnews.com.br\/wp-content\/uploads\/2026\/07\/09674d2f-cee5-4b0c-891a-fcf37bb79549.png","_links":{"self":[{"href":"https:\/\/mrnews.com.br\/index.php\/wp-json\/wp\/v2\/posts\/465967","targetHints":{"allow":["GET"]}}],"collection":[{"href":"https:\/\/mrnews.com.br\/index.php\/wp-json\/wp\/v2\/posts"}],"about":[{"href":"https:\/\/mrnews.com.br\/index.php\/wp-json\/wp\/v2\/types\/post"}],"author":[{"embeddable":true,"href":"https:\/\/mrnews.com.br\/index.php\/wp-json\/wp\/v2\/users\/1"}],"replies":[{"embeddable":true,"href":"https:\/\/mrnews.com.br\/index.php\/wp-json\/wp\/v2\/comments?post=465967"}],"version-history":[{"count":1,"href":"https:\/\/mrnews.com.br\/index.php\/wp-json\/wp\/v2\/posts\/465967\/revisions"}],"predecessor-version":[{"id":465969,"href":"https:\/\/mrnews.com.br\/index.php\/wp-json\/wp\/v2\/posts\/465967\/revisions\/465969"}],"wp:featuredmedia":[{"embeddable":true,"href":"https:\/\/mrnews.com.br\/index.php\/wp-json\/wp\/v2\/media\/464390"}],"wp:attachment":[{"href":"https:\/\/mrnews.com.br\/index.php\/wp-json\/wp\/v2\/media?parent=465967"}],"wp:term":[{"taxonomy":"category","embeddable":true,"href":"https:\/\/mrnews.com.br\/index.php\/wp-json\/wp\/v2\/categories?post=465967"},{"taxonomy":"post_tag","embeddable":true,"href":"https:\/\/mrnews.com.br\/index.php\/wp-json\/wp\/v2\/tags?post=465967"}],"curies":[{"name":"wp","href":"https:\/\/api.w.org\/{rel}","templated":true}]}}