{"id":465970,"date":"2026-08-30T19:58:05","date_gmt":"2026-08-30T22:58:05","guid":{"rendered":"https:\/\/mrnews.com.br\/index.php\/2026\/08\/30\/regiao-sul-tem-risco-de-temporal-e-granizo-outras-regioes-tem-calor\/"},"modified":"2026-08-30T19:58:05","modified_gmt":"2026-08-30T22:58:05","slug":"regiao-sul-tem-risco-de-temporal-e-granizo-outras-regioes-tem-calor","status":"publish","type":"post","link":"https:\/\/mrnews.com.br\/index.php\/2026\/08\/30\/regiao-sul-tem-risco-de-temporal-e-granizo-outras-regioes-tem-calor\/","title":{"rendered":"Regi\u00e3o Sul tem risco de temporal e granizo; outras regi\u00f5es t\u00eam calor"},"content":{"rendered":"<p>Por EBC, <\/p>\n<div>\n<p><strong>O risco de tempestades e queda de granizo permanece para a Regi\u00e3o Sul.\u00a0Para as demais regi\u00f5es do pa\u00eds, a previs\u00e3o \u00e9 de aumento da temperatura nos pr\u00f3ximos dias, segundo o Instituto Nacional de Meteorologia (Inmet).<\/strong><\/p>\n<p>As mais altas devem ser registradas no\u00a0sul da Amaz\u00f4nia e no Centro-Oeste, com\u00a0m\u00e1ximas de\u00a041\u00b0C em Cuiab\u00e1 (MT) e Porto Velho (RO);\u00a0em S\u00e3o Paulo, 36\u00b0C;\u00a0Curitiba, 35\u00b0C; e\u00a0Bras\u00edlia, 33\u00b0C.<\/p>\n<p>O Inmet prev\u00ea ainda tempo seco na regi\u00e3o central do pa\u00eds, com alta da\u00a0temperatura na regi\u00e3o agr\u00edcola do Matopiba, correspondente aos estados do Maranh\u00e3o, Tocantins, Piau\u00ed e da Bahia.\u00a0As m\u00e1ximas se aproximam dos 40\u00b0C.<\/p>\n<h2>Regi\u00e3o Sul<\/h2>\n<p>Neste domingo (30), conforme o Inmet, h\u00e1 possibilidade de granizo entre o oeste e sul do Paran\u00e1, centro-oeste de Santa Catarina, norte e noroeste do Rio Grande do Sul.<\/p>\n<p>Al\u00e9m disso, podem ocorrer pancadas de chuva com trovoadas isoladas nestas \u00e1reas e no leste do Paran\u00e1, de Santa Catarina e do Rio Grande do Sul. Muitas nuvens e a\u00a0possibilidade de chuvas isoladas \u00e9 a expectativa para o norte do Paran\u00e1 e no sul do Rio Grande do Sul, mas n\u00e3o deve chover na fronteira do Rio Grande do Sul com o Uruguai.<\/p>\n<p>\u201cDesde o centro-sul e oeste do Paran\u00e1 at\u00e9 o sul do Rio Grande do Sul, ocorrem chuvas com trovoadas. C\u00e9u encoberto com temporais no sul do Paran\u00e1, em todo o estado de Santa Catarina e no centro-norte do Rio Grande do Sul, incluindo a capital Porto Alegre (RS)\u201d, informou o Inmet.<\/p>\n<p>Com o cen\u00e1rio de\u00a0forte instabilidade, granizo e tempestades, o aviso laranja de perigo foi acionado para tempestades at\u00e9 amanh\u00e3 em todo o estado de Santa Catarina, norte do Rio Grande do Sul e oeste, centro e leste do Paran\u00e1.\u00a0Florian\u00f3polis e Curitiba est\u00e3o\u00a0na \u00e1rea deste aviso.<\/p>\n<p>O Paran\u00e1, centro-norte do Rio Grande do Sul e Santa Catarina est\u00e3o com aviso amarelo de perigo potencial para tempestades at\u00e9 segunda-feira.<\/p>\n<p>Em\u00a0Curitiba, a m\u00e1xima pode atingir 35\u00b0C amanh\u00e3, enquanto que em Florian\u00f3polis\u00a0n\u00e3o passar\u00e1 dos 20\u00b0C. Em Porto Alegre, as temperaturas ficam baixas: a m\u00ednima \u00e9 de 13\u00b0C neste domingo e a m\u00e1xima de 19\u00b0C at\u00e9 amanh\u00e3.<\/p>\n<h2>Regi\u00e3o Norte<\/h2>\n<p>A previs\u00e3o para este domingo (30) na Regi\u00e3o Norte \u00e9 de muitas nuvens com pancadas de chuva isoladas no centro-oeste e norte do Amazonas.<\/p>\n<p>Possibilidade de chuva isolada tamb\u00e9m no sul e leste do Amazonas e em Roraima. No Amap\u00e1, Acre, Rond\u00f4nia e na faixa litor\u00e2nea do Par\u00e1, muitas nuvens, mas sem chuva. No Tocantins e em grande parte do centro-sul do Par\u00e1, c\u00e9u com poucas nuvens.<\/p>\n<p>H\u00e1 aviso amarelo de perigo potencial para baixa umidade do ar durante a tarde no sul de Rond\u00f4nia, sul do Par\u00e1 e em Tocantins.<\/p>\n<p>J\u00e1 nesta segunda-feira (31), a expectativa \u00e9 de aumento da instabilidade sobre o oeste e norte do Amazonas, Acre, Amazonas e no centro-oeste e norte de Rond\u00f4nia e de Roraima. No Tocantins e no centro-sul do Par\u00e1, ser\u00e1 dia de sol e poucas nuvens.<\/p>\n<p>Nas capitais nesta segunda-feira, a m\u00ednima ser\u00e1 de 22\u00b0C em Rio Branco e\u00a0as m\u00e1ximas podem chegar a\u00a037\u00b0C em Manaus, 39\u00b0C em Palmas e 41\u00b0C em Porto Velho.<\/p>\n<h2>Regi\u00e3o Nordeste<\/h2>\n<p>De hoje at\u00e9 amanh\u00e3, o litoral norte da Bahia, de Sergipe, Alagoas, Pernambuco, da Para\u00edba e de Rio Grande do Norte est\u00e3o sob a possibilidade de pancadas de chuva isoladas. No agreste,\u00a0pode haver\u00a0pancadas de chuva isoladas.<\/p>\n<p>No centro-norte do Cear\u00e1, norte do Piau\u00ed e do Maranh\u00e3o e litoral sul da Bahia, apesar de muitas nuvens, n\u00e3o deve ter chuva nessas \u00e1reas.<\/p>\n<p>A semana vai come\u00e7ar com poucas nuvens em grande parte da Bahia, oeste de Pernambuco e da Para\u00edba, sul do Cear\u00e1, centro-sul do Piau\u00ed e do Maranh\u00e3o.<\/p>\n<p>Segundo o Inmet, ainda h\u00e1 aviso amarelo de perigo potencial para baixa umidade do ar durante a tarde deste domingo no sul e leste do Maranh\u00e3o, em quase todo o estado do Piau\u00ed, exceto no litoral, no centro-sul e oeste do Cear\u00e1, sudoeste do Rio Grande do Norte, oeste da Para\u00edba e centro-oeste de Pernambuco, al\u00e9m do norte, centro e oeste da Bahia.<\/p>\n<p>Em Salvador e Macei\u00f3, as m\u00ednimas podem ser de\u00a021\u00b0C, a m\u00e1xima chega a\u00a039\u00b0C em Teresina neste domingo.<\/p>\n<h2>Regi\u00e3o Centro-oeste<\/h2>\n<p>Tempo est\u00e1vel em grande parte do Centro-Oeste, mas com nuvens neste\u00a0domingo no sul de Mato Grosso e de Goi\u00e1s e no Mato Grosso do Sul.<\/p>\n<p>As pancadas de chuva isoladas continuam no oeste e no sul do Mato Grosso do Sul.<\/p>\n<p>Para esta segunda-feira, as pancadas de chuva estar\u00e3o previstas\u00a0em todo o Mato Grosso do Sul,\u00a0oeste e sul de Mato Grosso e no sul de Goi\u00e1s.<\/p>\n<p>\u201cNas demais \u00e1reas, incluindo o Distrito Federal, os pr\u00f3ximos dias ser\u00e3o de sol e poucas nuvens\u201d, informa o Inmet<\/p>\n<p>Durante a tarde de segunda-feira, h\u00e1 previs\u00e3o de\u00a0aviso amarelo de perigo potencial para baixa umidade do ar.<\/p>\n<p>O tempo seco vem acompanhado de altas temperaturas. Em Bras\u00edlia, a m\u00ednima ser\u00e1 de 22\u00b0C e a m\u00e1xima 34\u00b0C neste domingo; e a\u00a0m\u00ednima ser\u00e1 de 20\u00b0C e a m\u00e1xima 32\u00b0C amanh\u00e3.<\/p>\n<p>Em Cuiab\u00e1,\u00a0a m\u00e1xima pode chegar\u00a0a 41\u00b0C na segunda-feira. Em Campo Grande, a m\u00ednima hoje \u00e9 de 23\u00b0C e 24\u00b0C para amanh\u00e3. A m\u00e1xima fica em 39\u00b0C neste domingo e a m\u00e1xima ser\u00e1 de 37\u00b0C na segunda-feira.<\/p>\n<h2>Regi\u00e3o Sudeste<\/h2>\n<p>O domingo amanheceu com nevoeiros no leste de S\u00e3o Paulo, no nordeste de Minas Gerais e no noroeste do Esp\u00edrito Santo. Ao longo do dia, haver\u00e1 muitas nuvens em S\u00e3o Paulo, no Tri\u00e2ngulo Mineiro e no sul de Minas Gerais. J\u00e1 para a divisa de S\u00e3o Paulo com o Paran\u00e1, a previs\u00e3o\u00a0indica chuvas isoladas.<\/p>\n<p>Nesta segunda-feira (31), no sul e oeste de Minas Gerais e em S\u00e3o Paulo, a expectativa \u00e9 de muitas nuvens. \u201cH\u00e1 possibilidade de chuvas isoladas no oeste, centro e sul de S\u00e3o Paulo\u201d, completou.<\/p>\n<p>Belo Horizonte e\u00a0Rio de Janeiro podem ter\u00a0temperatura m\u00ednima de\u00a015\u00b0C.\u00a0No domingo, a m\u00e1xima na capital paulista pode\u00a0chegar a 35\u00b0C, e na segunda-feira, a\u00a036\u00b0C.<\/p>\n<p>      <!-- Relacionada --><br \/>\n            <!-- Relacionada -->\n    <\/div>\n","protected":false},"excerpt":{"rendered":"<p>Por EBC, O risco de tempestades e queda de granizo permanece para a Regi\u00e3o Sul.\u00a0Para as demais regi\u00f5es do pa\u00eds, a previs\u00e3o \u00e9 de aumento da temperatura nos pr\u00f3ximos dias, segundo o Instituto Nacional de Meteorologia (Inmet). As mais altas devem ser registradas no\u00a0sul da Amaz\u00f4nia e no Centro-Oeste, com\u00a0m\u00e1ximas de\u00a041\u00b0C em Cuiab\u00e1 (MT) e &hellip;<\/p>\n","protected":false},"author":39,"featured_media":0,"comment_status":"open","ping_status":"open","sticky":false,"template":"","format":"standard","meta":{"_jetpack_newsletter_access":"","_jetpack_dont_email_post_to_subs":false,"_jetpack_newsletter_tier_id":0,"_jetpack_memberships_contains_paywalled_content":false,"_jetpack_feature_clip_id":0,"_jetpack_memberships_contains_paid_content":false,"footnotes":"","jetpack_post_was_ever_published":false},"categories":[4],"tags":[],"class_list":["post-465970","post","type-post","status-publish","format-standard","hentry","category-servicos"],"yoast_head":"<!-- This site is optimized with the Yoast SEO plugin v28.3 - https:\/\/yoast.com\/product\/yoast-seo-wordpress\/ -->\n<title>Regi\u00e3o Sul tem risco de temporal e granizo; outras regi\u00f5es t\u00eam calor<\/title>\n<meta name=\"robots\" content=\"index, follow, max-snippet:-1, max-image-preview:large, max-video-preview:-1\" \/>\n<link rel=\"canonical\" href=\"https:\/\/agenciabrasil.ebc.com.br\/geral\/noticia\/2026-08\/regiao-sul-tem-risco-de-temporal-e-granizo-outras-regioes-tem-calor\" \/>\n<meta property=\"og:locale\" content=\"pt_BR\" \/>\n<meta property=\"og:type\" content=\"article\" \/>\n<meta property=\"og:title\" content=\"Regi\u00e3o Sul tem risco de temporal e granizo; outras regi\u00f5es t\u00eam calor\" \/>\n<meta property=\"og:description\" content=\"Por EBC, O risco de tempestades e queda de granizo permanece para a Regi\u00e3o Sul.\u00a0Para as demais regi\u00f5es do pa\u00eds, a previs\u00e3o \u00e9 de aumento da temperatura nos pr\u00f3ximos dias, segundo o Instituto Nacional de Meteorologia (Inmet). As mais altas devem ser registradas no\u00a0sul da Amaz\u00f4nia e no Centro-Oeste, com\u00a0m\u00e1ximas de\u00a041\u00b0C em Cuiab\u00e1 (MT) e &hellip;\" \/>\n<meta property=\"og:url\" content=\"https:\/\/agenciabrasil.ebc.com.br\/geral\/noticia\/2026-08\/regiao-sul-tem-risco-de-temporal-e-granizo-outras-regioes-tem-calor\" \/>\n<meta property=\"og:site_name\" content=\"MRNews\" \/>\n<meta property=\"article:publisher\" content=\"https:\/\/www.facebook.com\/eaipahpah\/?locale2=pt_BR\" \/>\n<meta property=\"article:published_time\" content=\"2026-08-30T22:58:05+00:00\" \/>\n<meta name=\"author\" content=\"Fernando Corraa\" \/>\n<meta name=\"twitter:card\" content=\"summary_large_image\" \/>\n<meta name=\"twitter:creator\" content=\"@conspirou\" \/>\n<meta name=\"twitter:site\" content=\"@conspirou\" \/>\n<meta name=\"twitter:label1\" content=\"Escrito por\" \/>\n\t<meta name=\"twitter:data1\" content=\"Fernando Corraa\" \/>\n\t<meta name=\"twitter:label2\" content=\"Est. tempo de leitura\" \/>\n\t<meta name=\"twitter:data2\" content=\"5 minutos\" \/>\n<script type=\"application\/ld+json\" class=\"yoast-schema-graph\">{\"@context\":\"https:\\\/\\\/schema.org\",\"@graph\":[{\"@type\":\"Article\",\"@id\":\"https:\\\/\\\/agenciabrasil.ebc.com.br\\\/geral\\\/noticia\\\/2026-08\\\/regiao-sul-tem-risco-de-temporal-e-granizo-outras-regioes-tem-calor#article\",\"isPartOf\":{\"@id\":\"https:\\\/\\\/mrnews.com.br\\\/index.php\\\/2026\\\/08\\\/30\\\/regiao-sul-tem-risco-de-temporal-e-granizo-outras-regioes-tem-calor\\\/\"},\"author\":{\"name\":\"Fernando Corraa\",\"@id\":\"https:\\\/\\\/mrnews.com.br\\\/#\\\/schema\\\/person\\\/2f073f2d87903a2ff9a065e41bbf17d4\"},\"headline\":\"Regi\u00e3o Sul tem risco de temporal e granizo; outras regi\u00f5es t\u00eam calor\",\"datePublished\":\"2026-08-30T22:58:05+00:00\",\"mainEntityOfPage\":{\"@id\":\"https:\\\/\\\/mrnews.com.br\\\/index.php\\\/2026\\\/08\\\/30\\\/regiao-sul-tem-risco-de-temporal-e-granizo-outras-regioes-tem-calor\\\/\"},\"wordCount\":1081,\"commentCount\":0,\"publisher\":{\"@id\":\"https:\\\/\\\/mrnews.com.br\\\/#organization\"},\"articleSection\":[\"SERVI\u00c7OS\"],\"inLanguage\":\"pt-BR\",\"potentialAction\":[{\"@type\":\"CommentAction\",\"name\":\"Comment\",\"target\":[\"https:\\\/\\\/agenciabrasil.ebc.com.br\\\/geral\\\/noticia\\\/2026-08\\\/regiao-sul-tem-risco-de-temporal-e-granizo-outras-regioes-tem-calor#respond\"]}]},{\"@type\":\"WebPage\",\"@id\":\"https:\\\/\\\/mrnews.com.br\\\/index.php\\\/2026\\\/08\\\/30\\\/regiao-sul-tem-risco-de-temporal-e-granizo-outras-regioes-tem-calor\\\/\",\"url\":\"https:\\\/\\\/agenciabrasil.ebc.com.br\\\/geral\\\/noticia\\\/2026-08\\\/regiao-sul-tem-risco-de-temporal-e-granizo-outras-regioes-tem-calor\",\"name\":\"Regi\u00e3o Sul tem risco de temporal e granizo; outras regi\u00f5es t\u00eam calor\",\"isPartOf\":{\"@id\":\"https:\\\/\\\/mrnews.com.br\\\/#website\"},\"datePublished\":\"2026-08-30T22:58:05+00:00\",\"breadcrumb\":{\"@id\":\"https:\\\/\\\/agenciabrasil.ebc.com.br\\\/geral\\\/noticia\\\/2026-08\\\/regiao-sul-tem-risco-de-temporal-e-granizo-outras-regioes-tem-calor#breadcrumb\"},\"inLanguage\":\"pt-BR\",\"potentialAction\":[{\"@type\":\"ReadAction\",\"target\":[\"https:\\\/\\\/agenciabrasil.ebc.com.br\\\/geral\\\/noticia\\\/2026-08\\\/regiao-sul-tem-risco-de-temporal-e-granizo-outras-regioes-tem-calor\"]}]},{\"@type\":\"BreadcrumbList\",\"@id\":\"https:\\\/\\\/agenciabrasil.ebc.com.br\\\/geral\\\/noticia\\\/2026-08\\\/regiao-sul-tem-risco-de-temporal-e-granizo-outras-regioes-tem-calor#breadcrumb\",\"itemListElement\":[{\"@type\":\"ListItem\",\"position\":1,\"name\":\"In\u00edcio\",\"item\":\"https:\\\/\\\/mrnews.com.br\\\/\"},{\"@type\":\"ListItem\",\"position\":2,\"name\":\"Regi\u00e3o Sul tem risco de temporal e granizo; outras regi\u00f5es t\u00eam calor\"}]},{\"@type\":\"WebSite\",\"@id\":\"https:\\\/\\\/mrnews.com.br\\\/#website\",\"url\":\"https:\\\/\\\/mrnews.com.br\\\/\",\"name\":\"MRNews\",\"description\":\"MRNews Jogos de hoje da TV, transmiss\u00f5es ao vivo, Not\u00edcias de futebol, Jogos ao vivo, Lives, resumo de novelas, Programa\u00e7\u00e3o da Globo, A Fazenda e BBB\",\"publisher\":{\"@id\":\"https:\\\/\\\/mrnews.com.br\\\/#organization\"},\"potentialAction\":[{\"@type\":\"SearchAction\",\"target\":{\"@type\":\"EntryPoint\",\"urlTemplate\":\"https:\\\/\\\/mrnews.com.br\\\/?s={search_term_string}\"},\"query-input\":{\"@type\":\"PropertyValueSpecification\",\"valueRequired\":true,\"valueName\":\"search_term_string\"}}],\"inLanguage\":\"pt-BR\"},{\"@type\":\"Organization\",\"@id\":\"https:\\\/\\\/mrnews.com.br\\\/#organization\",\"name\":\"MRNews\",\"url\":\"https:\\\/\\\/mrnews.com.br\\\/\",\"logo\":{\"@type\":\"ImageObject\",\"inLanguage\":\"pt-BR\",\"@id\":\"https:\\\/\\\/mrnews.com.br\\\/#\\\/schema\\\/logo\\\/image\\\/\",\"url\":\"https:\\\/\\\/mrnews.com.br\\\/wp-content\\\/uploads\\\/2026\\\/08\\\/MRNEws.png\",\"contentUrl\":\"https:\\\/\\\/mrnews.com.br\\\/wp-content\\\/uploads\\\/2026\\\/08\\\/MRNEws.png\",\"width\":1254,\"height\":1254,\"caption\":\"MRNews\"},\"image\":{\"@id\":\"https:\\\/\\\/mrnews.com.br\\\/#\\\/schema\\\/logo\\\/image\\\/\"},\"sameAs\":[\"https:\\\/\\\/www.facebook.com\\\/eaipahpah\\\/?locale2=pt_BR\",\"https:\\\/\\\/x.com\\\/conspirou\",\"https:\\\/\\\/www.instagram.com\\\/eai_pahpah\",\"https:\\\/\\\/br.pinterest.com\\\/mrnewsn\\\/boards\\\/\",\"https:\\\/\\\/www.youtube.com\\\/channel\\\/UCacgnpznQ61fifLWr1tQ-vA?view_as=subscriber\"]},{\"@type\":\"Person\",\"@id\":\"https:\\\/\\\/mrnews.com.br\\\/#\\\/schema\\\/person\\\/2f073f2d87903a2ff9a065e41bbf17d4\",\"name\":\"Fernando Corraa\",\"image\":{\"@type\":\"ImageObject\",\"inLanguage\":\"pt-BR\",\"@id\":\"https:\\\/\\\/secure.gravatar.com\\\/avatar\\\/9069acb0e588c9f4346ba747284aef18a5faaab575e89e9ccc64e315003f0b82?s=96&d=monsterid&r=g\",\"url\":\"https:\\\/\\\/secure.gravatar.com\\\/avatar\\\/9069acb0e588c9f4346ba747284aef18a5faaab575e89e9ccc64e315003f0b82?s=96&d=monsterid&r=g\",\"contentUrl\":\"https:\\\/\\\/secure.gravatar.com\\\/avatar\\\/9069acb0e588c9f4346ba747284aef18a5faaab575e89e9ccc64e315003f0b82?s=96&d=monsterid&r=g\",\"caption\":\"Fernando Corraa\"},\"url\":\"https:\\\/\\\/mrnews.com.br\\\/index.php\\\/author\\\/fernando-corraa\\\/\"}]}<\/script>\n<!-- \/ Yoast SEO plugin. -->","yoast_head_json":{"title":"Regi\u00e3o Sul tem risco de temporal e granizo; outras regi\u00f5es t\u00eam calor","robots":{"index":"index","follow":"follow","max-snippet":"max-snippet:-1","max-image-preview":"max-image-preview:large","max-video-preview":"max-video-preview:-1"},"canonical":"https:\/\/agenciabrasil.ebc.com.br\/geral\/noticia\/2026-08\/regiao-sul-tem-risco-de-temporal-e-granizo-outras-regioes-tem-calor","og_locale":"pt_BR","og_type":"article","og_title":"Regi\u00e3o Sul tem risco de temporal e granizo; outras regi\u00f5es t\u00eam calor","og_description":"Por EBC, O risco de tempestades e queda de granizo permanece para a Regi\u00e3o Sul.\u00a0Para as demais regi\u00f5es do pa\u00eds, a previs\u00e3o \u00e9 de aumento da temperatura nos pr\u00f3ximos dias, segundo o Instituto Nacional de Meteorologia (Inmet). As mais altas devem ser registradas no\u00a0sul da Amaz\u00f4nia e no Centro-Oeste, com\u00a0m\u00e1ximas de\u00a041\u00b0C em Cuiab\u00e1 (MT) e &hellip;","og_url":"https:\/\/agenciabrasil.ebc.com.br\/geral\/noticia\/2026-08\/regiao-sul-tem-risco-de-temporal-e-granizo-outras-regioes-tem-calor","og_site_name":"MRNews","article_publisher":"https:\/\/www.facebook.com\/eaipahpah\/?locale2=pt_BR","article_published_time":"2026-08-30T22:58:05+00:00","author":"Fernando Corraa","twitter_card":"summary_large_image","twitter_creator":"@conspirou","twitter_site":"@conspirou","twitter_misc":{"Escrito por":"Fernando Corraa","Est. tempo de leitura":"5 minutos"},"schema":{"@context":"https:\/\/schema.org","@graph":[{"@type":"Article","@id":"https:\/\/agenciabrasil.ebc.com.br\/geral\/noticia\/2026-08\/regiao-sul-tem-risco-de-temporal-e-granizo-outras-regioes-tem-calor#article","isPartOf":{"@id":"https:\/\/mrnews.com.br\/index.php\/2026\/08\/30\/regiao-sul-tem-risco-de-temporal-e-granizo-outras-regioes-tem-calor\/"},"author":{"name":"Fernando Corraa","@id":"https:\/\/mrnews.com.br\/#\/schema\/person\/2f073f2d87903a2ff9a065e41bbf17d4"},"headline":"Regi\u00e3o Sul tem risco de temporal e granizo; outras regi\u00f5es t\u00eam calor","datePublished":"2026-08-30T22:58:05+00:00","mainEntityOfPage":{"@id":"https:\/\/mrnews.com.br\/index.php\/2026\/08\/30\/regiao-sul-tem-risco-de-temporal-e-granizo-outras-regioes-tem-calor\/"},"wordCount":1081,"commentCount":0,"publisher":{"@id":"https:\/\/mrnews.com.br\/#organization"},"articleSection":["SERVI\u00c7OS"],"inLanguage":"pt-BR","potentialAction":[{"@type":"CommentAction","name":"Comment","target":["https:\/\/agenciabrasil.ebc.com.br\/geral\/noticia\/2026-08\/regiao-sul-tem-risco-de-temporal-e-granizo-outras-regioes-tem-calor#respond"]}]},{"@type":"WebPage","@id":"https:\/\/mrnews.com.br\/index.php\/2026\/08\/30\/regiao-sul-tem-risco-de-temporal-e-granizo-outras-regioes-tem-calor\/","url":"https:\/\/agenciabrasil.ebc.com.br\/geral\/noticia\/2026-08\/regiao-sul-tem-risco-de-temporal-e-granizo-outras-regioes-tem-calor","name":"Regi\u00e3o Sul tem risco de temporal e granizo; outras regi\u00f5es t\u00eam calor","isPartOf":{"@id":"https:\/\/mrnews.com.br\/#website"},"datePublished":"2026-08-30T22:58:05+00:00","breadcrumb":{"@id":"https:\/\/agenciabrasil.ebc.com.br\/geral\/noticia\/2026-08\/regiao-sul-tem-risco-de-temporal-e-granizo-outras-regioes-tem-calor#breadcrumb"},"inLanguage":"pt-BR","potentialAction":[{"@type":"ReadAction","target":["https:\/\/agenciabrasil.ebc.com.br\/geral\/noticia\/2026-08\/regiao-sul-tem-risco-de-temporal-e-granizo-outras-regioes-tem-calor"]}]},{"@type":"BreadcrumbList","@id":"https:\/\/agenciabrasil.ebc.com.br\/geral\/noticia\/2026-08\/regiao-sul-tem-risco-de-temporal-e-granizo-outras-regioes-tem-calor#breadcrumb","itemListElement":[{"@type":"ListItem","position":1,"name":"In\u00edcio","item":"https:\/\/mrnews.com.br\/"},{"@type":"ListItem","position":2,"name":"Regi\u00e3o Sul tem risco de temporal e granizo; outras regi\u00f5es t\u00eam calor"}]},{"@type":"WebSite","@id":"https:\/\/mrnews.com.br\/#website","url":"https:\/\/mrnews.com.br\/","name":"MRNews","description":"MRNews Jogos de hoje da TV, transmiss\u00f5es ao vivo, Not\u00edcias de futebol, Jogos ao vivo, Lives, resumo de novelas, Programa\u00e7\u00e3o da Globo, A Fazenda e BBB","publisher":{"@id":"https:\/\/mrnews.com.br\/#organization"},"potentialAction":[{"@type":"SearchAction","target":{"@type":"EntryPoint","urlTemplate":"https:\/\/mrnews.com.br\/?s={search_term_string}"},"query-input":{"@type":"PropertyValueSpecification","valueRequired":true,"valueName":"search_term_string"}}],"inLanguage":"pt-BR"},{"@type":"Organization","@id":"https:\/\/mrnews.com.br\/#organization","name":"MRNews","url":"https:\/\/mrnews.com.br\/","logo":{"@type":"ImageObject","inLanguage":"pt-BR","@id":"https:\/\/mrnews.com.br\/#\/schema\/logo\/image\/","url":"https:\/\/mrnews.com.br\/wp-content\/uploads\/2026\/08\/MRNEws.png","contentUrl":"https:\/\/mrnews.com.br\/wp-content\/uploads\/2026\/08\/MRNEws.png","width":1254,"height":1254,"caption":"MRNews"},"image":{"@id":"https:\/\/mrnews.com.br\/#\/schema\/logo\/image\/"},"sameAs":["https:\/\/www.facebook.com\/eaipahpah\/?locale2=pt_BR","https:\/\/x.com\/conspirou","https:\/\/www.instagram.com\/eai_pahpah","https:\/\/br.pinterest.com\/mrnewsn\/boards\/","https:\/\/www.youtube.com\/channel\/UCacgnpznQ61fifLWr1tQ-vA?view_as=subscriber"]},{"@type":"Person","@id":"https:\/\/mrnews.com.br\/#\/schema\/person\/2f073f2d87903a2ff9a065e41bbf17d4","name":"Fernando Corraa","image":{"@type":"ImageObject","inLanguage":"pt-BR","@id":"https:\/\/secure.gravatar.com\/avatar\/9069acb0e588c9f4346ba747284aef18a5faaab575e89e9ccc64e315003f0b82?s=96&d=monsterid&r=g","url":"https:\/\/secure.gravatar.com\/avatar\/9069acb0e588c9f4346ba747284aef18a5faaab575e89e9ccc64e315003f0b82?s=96&d=monsterid&r=g","contentUrl":"https:\/\/secure.gravatar.com\/avatar\/9069acb0e588c9f4346ba747284aef18a5faaab575e89e9ccc64e315003f0b82?s=96&d=monsterid&r=g","caption":"Fernando Corraa"},"url":"https:\/\/mrnews.com.br\/index.php\/author\/fernando-corraa\/"}]}},"jetpack_sharing_enabled":true,"jetpack_shortlink":"https:\/\/wp.me\/pa2Qf7-1XdE","amp_enabled":true,"jetpack_featured_media_url":"","_links":{"self":[{"href":"https:\/\/mrnews.com.br\/index.php\/wp-json\/wp\/v2\/posts\/465970","targetHints":{"allow":["GET"]}}],"collection":[{"href":"https:\/\/mrnews.com.br\/index.php\/wp-json\/wp\/v2\/posts"}],"about":[{"href":"https:\/\/mrnews.com.br\/index.php\/wp-json\/wp\/v2\/types\/post"}],"author":[{"embeddable":true,"href":"https:\/\/mrnews.com.br\/index.php\/wp-json\/wp\/v2\/users\/39"}],"replies":[{"embeddable":true,"href":"https:\/\/mrnews.com.br\/index.php\/wp-json\/wp\/v2\/comments?post=465970"}],"version-history":[{"count":0,"href":"https:\/\/mrnews.com.br\/index.php\/wp-json\/wp\/v2\/posts\/465970\/revisions"}],"wp:attachment":[{"href":"https:\/\/mrnews.com.br\/index.php\/wp-json\/wp\/v2\/media?parent=465970"}],"wp:term":[{"taxonomy":"category","embeddable":true,"href":"https:\/\/mrnews.com.br\/index.php\/wp-json\/wp\/v2\/categories?post=465970"},{"taxonomy":"post_tag","embeddable":true,"href":"https:\/\/mrnews.com.br\/index.php\/wp-json\/wp\/v2\/tags?post=465970"}],"curies":[{"name":"wp","href":"https:\/\/api.w.org\/{rel}","templated":true}]}}