{"id":465982,"date":"2026-08-31T11:25:19","date_gmt":"2026-08-31T14:25:19","guid":{"rendered":"https:\/\/mrnews.com.br\/index.php\/2026\/08\/31\/agosto-termina-com-temporais-no-sul-e-calor-de-ate-41oc-no-norte\/"},"modified":"2026-08-31T11:25:19","modified_gmt":"2026-08-31T14:25:19","slug":"agosto-termina-com-temporais-no-sul-e-calor-de-ate-41oc-no-norte","status":"publish","type":"post","link":"https:\/\/mrnews.com.br\/index.php\/2026\/08\/31\/agosto-termina-com-temporais-no-sul-e-calor-de-ate-41oc-no-norte\/","title":{"rendered":"Agosto termina com temporais no Sul e calor de at\u00e9 41\u00baC no Norte"},"content":{"rendered":"<p>Por EBC, <\/p>\n<div>\n<p>O \u00faltimo dia de agosto \u00e9 marcado por contrastes extremos no pa\u00eds, com previs\u00e3o de temporais e alerta de perigo na Regi\u00e3o Sul \u2014 onde Curitiba pode alcan\u00e7ar 35\u00b0C e Porto Alegre n\u00e3o passa dos 19\u00b0C \u2014, enquanto o Centro-Oeste e o Norte enfrentam calor intenso de at\u00e9 41\u00b0C em capitais como Cuiab\u00e1 e Porto Velho, combinados com tempo seco e chuvas isoladas em outras regi\u00f5es.<\/p>\n<p>Devido \u00e0 persist\u00eancia do calor e do tempo seco, o Instituto Nacional de Meteorologia (Inmet) emitiu, hoje (31), dois alertas. O primeiro, um aviso amarelo de perigo potencial para baixa umidade [INMET &#8211; Avisos] abrange extensas \u00e1reas em 11 unidades federativas (BA; DF; GO; MA; MT; MS; MG; PA; PE; PI e SP) onde a umidade relativa do ar pode variar entre 30% e 20%, com riscos \u00e0 sa\u00fade e de inc\u00eandios florestais.<\/p>\n<p>O segundo alerta, laranja, abrange outras regi\u00f5es em dez unidades federativas (BA; DF; GO; MT; MS; MG; PA; RO; SP e TO), nas quais a umidade relativa do ar pode variar entre 20% e 12%.<\/p>\n<p>O ar muito seco dificulta a dispers\u00e3o de gases poluentes e resseca as mucosas das vias a\u00e9reas, o que, segundo o Minist\u00e9rio da Sa\u00fade\u00a0facilita crises de asma, alergia, al\u00e9m de infec\u00e7\u00f5es virais e bacterianas. Associado \u00e0s altas temperaturas, o tempo seco tamb\u00e9m potencializa queimadas e inc\u00eandios florestais. Nestes casos, \u00e9 necess\u00e1rio beber bastante \u00e1gua; evitar atividades f\u00edsicas ao ar livre e a exposi\u00e7\u00e3o ao sol entre 10h e 17h; procurar um posto m\u00e9dico em caso de problemas respirat\u00f3rios; evitar banhos com \u00e1gua quente e, se necess\u00e1rio, usar hidratante.<\/p>\n<p>Quando a umidade fica entre 21% e 30%, a Defesa Civil pode decretar o estado de aten\u00e7\u00e3o. Caso o indicador caia mais, pode ser decretado o estado de alerta, que ocorre com umidade entre 12% at\u00e9 20%, ou o estado de emerg\u00eancia, para \u00edndices abaixo dos 12%.<\/p>\n<p>Saiba mais detalhes de acordo com o boletim meteorol\u00f3gico do Instituto Nacional de Meteorologia (Inmet) para esta segunda-feira (31) em cada regi\u00e3o do pa\u00eds:<\/p>\n<h2>Regi\u00e3o Sul\u00a0<\/h2>\n<p>As chuvas n\u00e3o d\u00e3o tr\u00e9gua e espera-se grandes contrastes de temperatura entre os estados da regi\u00e3o. Ocorrem chuvas com trovoadas desde o centro-sul e oeste do Paran\u00e1 at\u00e9 o sul do Rio Grande do Sul. H\u00e1 c\u00e9u encoberto com temporais no sul do Paran\u00e1, em todo o estado de Santa Catarina e no centro-norte do Rio Grande do Sul, incluindo Porto Alegre. <strong>O Inmet mant\u00e9m para esta segunda-feira o aviso laranja de perigo para tempestades em todo o estado de Santa Catarina, norte e oeste do Rio Grande do Sul e tamb\u00e9m para o leste e o centro do Paran\u00e1. Curitiba pode atingir 35\u00b0C, enquanto Porto Alegre n\u00e3o passa dos 19\u00b0C.<\/strong><\/p>\n<h2>Regi\u00e3o Norte<\/h2>\n<p>Aumento da instabilidade com pancadas de chuva e trovoadas isoladas no oeste e norte do Amazonas. Chuvas isoladas tamb\u00e9m no Acre, nas demais \u00e1reas do Amazonas, e no centro-oeste e norte de Rond\u00f4nia e Roraima. Sol e poucas nuvens no Tocantins e centro-sul do Par\u00e1. Forte calor \u00e0 tarde, com m\u00e1ximas de at\u00e9 37\u00b0C em Manaus, 39\u00b0C em Palmas e 41\u00b0C em Porto Velho. A m\u00ednima prevista entre as capitais da regi\u00e3o dever\u00e1 ocorrer em Rio Branco (AC), onde a temperatura pode atingir os 22\u00baC.<\/p>\n<h2>Regi\u00e3o Nordeste<\/h2>\n<p>Ocorrem pancadas de chuva isoladas no litoral leste (pegando do litoral norte da Bahia at\u00e9 o Rio Grande do Norte, incluindo Sergipe, Alagoas, Pernambuco e Para\u00edba) e no agreste desses estados. O centro-norte do Cear\u00e1, norte do Piau\u00ed e Maranh\u00e3o, e o litoral sul da Bahia ficam com muitas nuvens, mas sem chuva. C\u00e9u com poucas nuvens em grande parte da Bahia, oeste de Pernambuco e da Para\u00edba, sul do Cear\u00e1 e centro-sul do Piau\u00ed e Maranh\u00e3o. Temperaturas em eleva\u00e7\u00e3o no interior do Nordeste. A m\u00e1xima pode chegar a 39\u00ba C em Teresina, enquanto a m\u00ednima prevista (21\u00baC) entre as capitais nordestinas podem ocorrer em Salvador e Macei\u00f3.<\/p>\n<h2>Regi\u00e3o Centro-Oeste<\/h2>\n<p>As pancadas de chuva se espalham por Mato Grosso do Sul (apenas o nordeste do estado fica sem chuva, com muitas nuvens). Muitas nuvens tamb\u00e9m no noroeste, oeste e sul de Mato Grosso e no sul de Goi\u00e1s. Sol e poucas nuvens nas demais \u00e1reas. <strong>Nas \u00e1reas onde predomina o tempo seco, como o Distrito Federal, a tend\u00eancia \u00e9 forte eleva\u00e7\u00e3o das temperaturas, com possibilidade de a temperatura m\u00e1xima chegar a 41\u00baC em Cuiab\u00e1<\/strong><\/p>\n<h2>Regi\u00e3o Sudeste<\/h2>\n<p>Muitas nuvens no sul e oeste de Minas Gerais e em S\u00e3o Paulo, com possibilidade de chuvas isoladas no oeste, centro e sul paulista. C\u00e9u com poucas nuvens nas demais \u00e1reas.<strong> O calor continua intenso na capital paulista, com m\u00e1xima de 36\u00b0C.<\/strong><\/p>\n<p>      <!-- Relacionada --><\/p>\n<p>            <!-- Relacionada -->\n    <\/div>\n","protected":false},"excerpt":{"rendered":"<p>Por EBC, O \u00faltimo dia de agosto \u00e9 marcado por contrastes extremos no pa\u00eds, com previs\u00e3o de temporais e alerta de perigo na Regi\u00e3o Sul \u2014 onde Curitiba pode alcan\u00e7ar 35\u00b0C e Porto Alegre n\u00e3o passa dos 19\u00b0C \u2014, enquanto o Centro-Oeste e o Norte enfrentam calor intenso de at\u00e9 41\u00b0C em capitais como Cuiab\u00e1 &hellip;<\/p>\n","protected":false},"author":39,"featured_media":0,"comment_status":"open","ping_status":"open","sticky":false,"template":"","format":"standard","meta":{"_jetpack_newsletter_access":"","_jetpack_dont_email_post_to_subs":false,"_jetpack_newsletter_tier_id":0,"_jetpack_memberships_contains_paywalled_content":false,"_jetpack_feature_clip_id":0,"_jetpack_memberships_contains_paid_content":false,"footnotes":"","jetpack_post_was_ever_published":false},"categories":[4],"tags":[],"class_list":["post-465982","post","type-post","status-publish","format-standard","hentry","category-servicos"],"yoast_head":"<!-- This site is optimized with the Yoast SEO plugin v28.3 - https:\/\/yoast.com\/product\/yoast-seo-wordpress\/ -->\n<title>Agosto termina com temporais no Sul e calor de at\u00e9 41\u00baC no Norte<\/title>\n<meta name=\"robots\" content=\"index, follow, max-snippet:-1, max-image-preview:large, max-video-preview:-1\" \/>\n<link rel=\"canonical\" href=\"https:\/\/agenciabrasil.ebc.com.br\/meio-ambiente\/noticia\/2026-08\/agosto-termina-com-temporais-no-sul-e-calor-de-ate-41-no-norte\" \/>\n<meta property=\"og:locale\" content=\"pt_BR\" \/>\n<meta property=\"og:type\" content=\"article\" \/>\n<meta property=\"og:title\" content=\"Agosto termina com temporais no Sul e calor de at\u00e9 41\u00baC no Norte\" \/>\n<meta property=\"og:description\" content=\"Por EBC, O \u00faltimo dia de agosto \u00e9 marcado por contrastes extremos no pa\u00eds, com previs\u00e3o de temporais e alerta de perigo na Regi\u00e3o Sul \u2014 onde Curitiba pode alcan\u00e7ar 35\u00b0C e Porto Alegre n\u00e3o passa dos 19\u00b0C \u2014, enquanto o Centro-Oeste e o Norte enfrentam calor intenso de at\u00e9 41\u00b0C em capitais como Cuiab\u00e1 &hellip;\" \/>\n<meta property=\"og:url\" content=\"https:\/\/agenciabrasil.ebc.com.br\/meio-ambiente\/noticia\/2026-08\/agosto-termina-com-temporais-no-sul-e-calor-de-ate-41-no-norte\" \/>\n<meta property=\"og:site_name\" content=\"MRNews\" \/>\n<meta property=\"article:publisher\" content=\"https:\/\/www.facebook.com\/eaipahpah\/?locale2=pt_BR\" \/>\n<meta property=\"article:published_time\" content=\"2026-08-31T14:25:19+00:00\" \/>\n<meta name=\"author\" content=\"Fernando Corraa\" \/>\n<meta name=\"twitter:card\" content=\"summary_large_image\" \/>\n<meta name=\"twitter:creator\" content=\"@conspirou\" \/>\n<meta name=\"twitter:site\" content=\"@conspirou\" \/>\n<meta name=\"twitter:label1\" content=\"Escrito por\" \/>\n\t<meta name=\"twitter:data1\" content=\"Fernando Corraa\" \/>\n\t<meta name=\"twitter:label2\" content=\"Est. tempo de leitura\" \/>\n\t<meta name=\"twitter:data2\" content=\"4 minutos\" \/>\n<script type=\"application\/ld+json\" class=\"yoast-schema-graph\">{\"@context\":\"https:\\\/\\\/schema.org\",\"@graph\":[{\"@type\":\"Article\",\"@id\":\"https:\\\/\\\/agenciabrasil.ebc.com.br\\\/meio-ambiente\\\/noticia\\\/2026-08\\\/agosto-termina-com-temporais-no-sul-e-calor-de-ate-41-no-norte#article\",\"isPartOf\":{\"@id\":\"https:\\\/\\\/mrnews.com.br\\\/index.php\\\/2026\\\/08\\\/31\\\/agosto-termina-com-temporais-no-sul-e-calor-de-ate-41oc-no-norte\\\/\"},\"author\":{\"name\":\"Fernando Corraa\",\"@id\":\"https:\\\/\\\/mrnews.com.br\\\/#\\\/schema\\\/person\\\/2f073f2d87903a2ff9a065e41bbf17d4\"},\"headline\":\"Agosto termina com temporais no Sul e calor de at\u00e9 41\u00baC no Norte\",\"datePublished\":\"2026-08-31T14:25:19+00:00\",\"mainEntityOfPage\":{\"@id\":\"https:\\\/\\\/mrnews.com.br\\\/index.php\\\/2026\\\/08\\\/31\\\/agosto-termina-com-temporais-no-sul-e-calor-de-ate-41oc-no-norte\\\/\"},\"wordCount\":821,\"commentCount\":0,\"publisher\":{\"@id\":\"https:\\\/\\\/mrnews.com.br\\\/#organization\"},\"articleSection\":[\"SERVI\u00c7OS\"],\"inLanguage\":\"pt-BR\",\"potentialAction\":[{\"@type\":\"CommentAction\",\"name\":\"Comment\",\"target\":[\"https:\\\/\\\/agenciabrasil.ebc.com.br\\\/meio-ambiente\\\/noticia\\\/2026-08\\\/agosto-termina-com-temporais-no-sul-e-calor-de-ate-41-no-norte#respond\"]}]},{\"@type\":\"WebPage\",\"@id\":\"https:\\\/\\\/mrnews.com.br\\\/index.php\\\/2026\\\/08\\\/31\\\/agosto-termina-com-temporais-no-sul-e-calor-de-ate-41oc-no-norte\\\/\",\"url\":\"https:\\\/\\\/agenciabrasil.ebc.com.br\\\/meio-ambiente\\\/noticia\\\/2026-08\\\/agosto-termina-com-temporais-no-sul-e-calor-de-ate-41-no-norte\",\"name\":\"Agosto termina com temporais no Sul e calor de at\u00e9 41\u00baC no Norte\",\"isPartOf\":{\"@id\":\"https:\\\/\\\/mrnews.com.br\\\/#website\"},\"datePublished\":\"2026-08-31T14:25:19+00:00\",\"breadcrumb\":{\"@id\":\"https:\\\/\\\/agenciabrasil.ebc.com.br\\\/meio-ambiente\\\/noticia\\\/2026-08\\\/agosto-termina-com-temporais-no-sul-e-calor-de-ate-41-no-norte#breadcrumb\"},\"inLanguage\":\"pt-BR\",\"potentialAction\":[{\"@type\":\"ReadAction\",\"target\":[\"https:\\\/\\\/agenciabrasil.ebc.com.br\\\/meio-ambiente\\\/noticia\\\/2026-08\\\/agosto-termina-com-temporais-no-sul-e-calor-de-ate-41-no-norte\"]}]},{\"@type\":\"BreadcrumbList\",\"@id\":\"https:\\\/\\\/agenciabrasil.ebc.com.br\\\/meio-ambiente\\\/noticia\\\/2026-08\\\/agosto-termina-com-temporais-no-sul-e-calor-de-ate-41-no-norte#breadcrumb\",\"itemListElement\":[{\"@type\":\"ListItem\",\"position\":1,\"name\":\"In\u00edcio\",\"item\":\"https:\\\/\\\/mrnews.com.br\\\/\"},{\"@type\":\"ListItem\",\"position\":2,\"name\":\"Agosto termina com temporais no Sul e calor de at\u00e9 41\u00baC no Norte\"}]},{\"@type\":\"WebSite\",\"@id\":\"https:\\\/\\\/mrnews.com.br\\\/#website\",\"url\":\"https:\\\/\\\/mrnews.com.br\\\/\",\"name\":\"MRNews\",\"description\":\"MRNews Jogos de hoje da TV, transmiss\u00f5es ao vivo, Not\u00edcias de futebol, Jogos ao vivo, Lives, resumo de novelas, Programa\u00e7\u00e3o da Globo, A Fazenda e BBB\",\"publisher\":{\"@id\":\"https:\\\/\\\/mrnews.com.br\\\/#organization\"},\"potentialAction\":[{\"@type\":\"SearchAction\",\"target\":{\"@type\":\"EntryPoint\",\"urlTemplate\":\"https:\\\/\\\/mrnews.com.br\\\/?s={search_term_string}\"},\"query-input\":{\"@type\":\"PropertyValueSpecification\",\"valueRequired\":true,\"valueName\":\"search_term_string\"}}],\"inLanguage\":\"pt-BR\"},{\"@type\":\"Organization\",\"@id\":\"https:\\\/\\\/mrnews.com.br\\\/#organization\",\"name\":\"MRNews\",\"url\":\"https:\\\/\\\/mrnews.com.br\\\/\",\"logo\":{\"@type\":\"ImageObject\",\"inLanguage\":\"pt-BR\",\"@id\":\"https:\\\/\\\/mrnews.com.br\\\/#\\\/schema\\\/logo\\\/image\\\/\",\"url\":\"https:\\\/\\\/mrnews.com.br\\\/wp-content\\\/uploads\\\/2026\\\/08\\\/MRNEws.png\",\"contentUrl\":\"https:\\\/\\\/mrnews.com.br\\\/wp-content\\\/uploads\\\/2026\\\/08\\\/MRNEws.png\",\"width\":1254,\"height\":1254,\"caption\":\"MRNews\"},\"image\":{\"@id\":\"https:\\\/\\\/mrnews.com.br\\\/#\\\/schema\\\/logo\\\/image\\\/\"},\"sameAs\":[\"https:\\\/\\\/www.facebook.com\\\/eaipahpah\\\/?locale2=pt_BR\",\"https:\\\/\\\/x.com\\\/conspirou\",\"https:\\\/\\\/www.instagram.com\\\/eai_pahpah\",\"https:\\\/\\\/br.pinterest.com\\\/mrnewsn\\\/boards\\\/\",\"https:\\\/\\\/www.youtube.com\\\/channel\\\/UCacgnpznQ61fifLWr1tQ-vA?view_as=subscriber\"]},{\"@type\":\"Person\",\"@id\":\"https:\\\/\\\/mrnews.com.br\\\/#\\\/schema\\\/person\\\/2f073f2d87903a2ff9a065e41bbf17d4\",\"name\":\"Fernando Corraa\",\"image\":{\"@type\":\"ImageObject\",\"inLanguage\":\"pt-BR\",\"@id\":\"https:\\\/\\\/secure.gravatar.com\\\/avatar\\\/9069acb0e588c9f4346ba747284aef18a5faaab575e89e9ccc64e315003f0b82?s=96&d=monsterid&r=g\",\"url\":\"https:\\\/\\\/secure.gravatar.com\\\/avatar\\\/9069acb0e588c9f4346ba747284aef18a5faaab575e89e9ccc64e315003f0b82?s=96&d=monsterid&r=g\",\"contentUrl\":\"https:\\\/\\\/secure.gravatar.com\\\/avatar\\\/9069acb0e588c9f4346ba747284aef18a5faaab575e89e9ccc64e315003f0b82?s=96&d=monsterid&r=g\",\"caption\":\"Fernando Corraa\"},\"url\":\"https:\\\/\\\/mrnews.com.br\\\/index.php\\\/author\\\/fernando-corraa\\\/\"}]}<\/script>\n<!-- \/ Yoast SEO plugin. -->","yoast_head_json":{"title":"Agosto termina com temporais no Sul e calor de at\u00e9 41\u00baC no Norte","robots":{"index":"index","follow":"follow","max-snippet":"max-snippet:-1","max-image-preview":"max-image-preview:large","max-video-preview":"max-video-preview:-1"},"canonical":"https:\/\/agenciabrasil.ebc.com.br\/meio-ambiente\/noticia\/2026-08\/agosto-termina-com-temporais-no-sul-e-calor-de-ate-41-no-norte","og_locale":"pt_BR","og_type":"article","og_title":"Agosto termina com temporais no Sul e calor de at\u00e9 41\u00baC no Norte","og_description":"Por EBC, O \u00faltimo dia de agosto \u00e9 marcado por contrastes extremos no pa\u00eds, com previs\u00e3o de temporais e alerta de perigo na Regi\u00e3o Sul \u2014 onde Curitiba pode alcan\u00e7ar 35\u00b0C e Porto Alegre n\u00e3o passa dos 19\u00b0C \u2014, enquanto o Centro-Oeste e o Norte enfrentam calor intenso de at\u00e9 41\u00b0C em capitais como Cuiab\u00e1 &hellip;","og_url":"https:\/\/agenciabrasil.ebc.com.br\/meio-ambiente\/noticia\/2026-08\/agosto-termina-com-temporais-no-sul-e-calor-de-ate-41-no-norte","og_site_name":"MRNews","article_publisher":"https:\/\/www.facebook.com\/eaipahpah\/?locale2=pt_BR","article_published_time":"2026-08-31T14:25:19+00:00","author":"Fernando Corraa","twitter_card":"summary_large_image","twitter_creator":"@conspirou","twitter_site":"@conspirou","twitter_misc":{"Escrito por":"Fernando Corraa","Est. tempo de leitura":"4 minutos"},"schema":{"@context":"https:\/\/schema.org","@graph":[{"@type":"Article","@id":"https:\/\/agenciabrasil.ebc.com.br\/meio-ambiente\/noticia\/2026-08\/agosto-termina-com-temporais-no-sul-e-calor-de-ate-41-no-norte#article","isPartOf":{"@id":"https:\/\/mrnews.com.br\/index.php\/2026\/08\/31\/agosto-termina-com-temporais-no-sul-e-calor-de-ate-41oc-no-norte\/"},"author":{"name":"Fernando Corraa","@id":"https:\/\/mrnews.com.br\/#\/schema\/person\/2f073f2d87903a2ff9a065e41bbf17d4"},"headline":"Agosto termina com temporais no Sul e calor de at\u00e9 41\u00baC no Norte","datePublished":"2026-08-31T14:25:19+00:00","mainEntityOfPage":{"@id":"https:\/\/mrnews.com.br\/index.php\/2026\/08\/31\/agosto-termina-com-temporais-no-sul-e-calor-de-ate-41oc-no-norte\/"},"wordCount":821,"commentCount":0,"publisher":{"@id":"https:\/\/mrnews.com.br\/#organization"},"articleSection":["SERVI\u00c7OS"],"inLanguage":"pt-BR","potentialAction":[{"@type":"CommentAction","name":"Comment","target":["https:\/\/agenciabrasil.ebc.com.br\/meio-ambiente\/noticia\/2026-08\/agosto-termina-com-temporais-no-sul-e-calor-de-ate-41-no-norte#respond"]}]},{"@type":"WebPage","@id":"https:\/\/mrnews.com.br\/index.php\/2026\/08\/31\/agosto-termina-com-temporais-no-sul-e-calor-de-ate-41oc-no-norte\/","url":"https:\/\/agenciabrasil.ebc.com.br\/meio-ambiente\/noticia\/2026-08\/agosto-termina-com-temporais-no-sul-e-calor-de-ate-41-no-norte","name":"Agosto termina com temporais no Sul e calor de at\u00e9 41\u00baC no Norte","isPartOf":{"@id":"https:\/\/mrnews.com.br\/#website"},"datePublished":"2026-08-31T14:25:19+00:00","breadcrumb":{"@id":"https:\/\/agenciabrasil.ebc.com.br\/meio-ambiente\/noticia\/2026-08\/agosto-termina-com-temporais-no-sul-e-calor-de-ate-41-no-norte#breadcrumb"},"inLanguage":"pt-BR","potentialAction":[{"@type":"ReadAction","target":["https:\/\/agenciabrasil.ebc.com.br\/meio-ambiente\/noticia\/2026-08\/agosto-termina-com-temporais-no-sul-e-calor-de-ate-41-no-norte"]}]},{"@type":"BreadcrumbList","@id":"https:\/\/agenciabrasil.ebc.com.br\/meio-ambiente\/noticia\/2026-08\/agosto-termina-com-temporais-no-sul-e-calor-de-ate-41-no-norte#breadcrumb","itemListElement":[{"@type":"ListItem","position":1,"name":"In\u00edcio","item":"https:\/\/mrnews.com.br\/"},{"@type":"ListItem","position":2,"name":"Agosto termina com temporais no Sul e calor de at\u00e9 41\u00baC no Norte"}]},{"@type":"WebSite","@id":"https:\/\/mrnews.com.br\/#website","url":"https:\/\/mrnews.com.br\/","name":"MRNews","description":"MRNews Jogos de hoje da TV, transmiss\u00f5es ao vivo, Not\u00edcias de futebol, Jogos ao vivo, Lives, resumo de novelas, Programa\u00e7\u00e3o da Globo, A Fazenda e BBB","publisher":{"@id":"https:\/\/mrnews.com.br\/#organization"},"potentialAction":[{"@type":"SearchAction","target":{"@type":"EntryPoint","urlTemplate":"https:\/\/mrnews.com.br\/?s={search_term_string}"},"query-input":{"@type":"PropertyValueSpecification","valueRequired":true,"valueName":"search_term_string"}}],"inLanguage":"pt-BR"},{"@type":"Organization","@id":"https:\/\/mrnews.com.br\/#organization","name":"MRNews","url":"https:\/\/mrnews.com.br\/","logo":{"@type":"ImageObject","inLanguage":"pt-BR","@id":"https:\/\/mrnews.com.br\/#\/schema\/logo\/image\/","url":"https:\/\/mrnews.com.br\/wp-content\/uploads\/2026\/08\/MRNEws.png","contentUrl":"https:\/\/mrnews.com.br\/wp-content\/uploads\/2026\/08\/MRNEws.png","width":1254,"height":1254,"caption":"MRNews"},"image":{"@id":"https:\/\/mrnews.com.br\/#\/schema\/logo\/image\/"},"sameAs":["https:\/\/www.facebook.com\/eaipahpah\/?locale2=pt_BR","https:\/\/x.com\/conspirou","https:\/\/www.instagram.com\/eai_pahpah","https:\/\/br.pinterest.com\/mrnewsn\/boards\/","https:\/\/www.youtube.com\/channel\/UCacgnpznQ61fifLWr1tQ-vA?view_as=subscriber"]},{"@type":"Person","@id":"https:\/\/mrnews.com.br\/#\/schema\/person\/2f073f2d87903a2ff9a065e41bbf17d4","name":"Fernando Corraa","image":{"@type":"ImageObject","inLanguage":"pt-BR","@id":"https:\/\/secure.gravatar.com\/avatar\/9069acb0e588c9f4346ba747284aef18a5faaab575e89e9ccc64e315003f0b82?s=96&d=monsterid&r=g","url":"https:\/\/secure.gravatar.com\/avatar\/9069acb0e588c9f4346ba747284aef18a5faaab575e89e9ccc64e315003f0b82?s=96&d=monsterid&r=g","contentUrl":"https:\/\/secure.gravatar.com\/avatar\/9069acb0e588c9f4346ba747284aef18a5faaab575e89e9ccc64e315003f0b82?s=96&d=monsterid&r=g","caption":"Fernando Corraa"},"url":"https:\/\/mrnews.com.br\/index.php\/author\/fernando-corraa\/"}]}},"jetpack_sharing_enabled":true,"jetpack_shortlink":"https:\/\/wp.me\/pa2Qf7-1XdQ","amp_enabled":true,"jetpack_featured_media_url":"","_links":{"self":[{"href":"https:\/\/mrnews.com.br\/index.php\/wp-json\/wp\/v2\/posts\/465982","targetHints":{"allow":["GET"]}}],"collection":[{"href":"https:\/\/mrnews.com.br\/index.php\/wp-json\/wp\/v2\/posts"}],"about":[{"href":"https:\/\/mrnews.com.br\/index.php\/wp-json\/wp\/v2\/types\/post"}],"author":[{"embeddable":true,"href":"https:\/\/mrnews.com.br\/index.php\/wp-json\/wp\/v2\/users\/39"}],"replies":[{"embeddable":true,"href":"https:\/\/mrnews.com.br\/index.php\/wp-json\/wp\/v2\/comments?post=465982"}],"version-history":[{"count":0,"href":"https:\/\/mrnews.com.br\/index.php\/wp-json\/wp\/v2\/posts\/465982\/revisions"}],"wp:attachment":[{"href":"https:\/\/mrnews.com.br\/index.php\/wp-json\/wp\/v2\/media?parent=465982"}],"wp:term":[{"taxonomy":"category","embeddable":true,"href":"https:\/\/mrnews.com.br\/index.php\/wp-json\/wp\/v2\/categories?post=465982"},{"taxonomy":"post_tag","embeddable":true,"href":"https:\/\/mrnews.com.br\/index.php\/wp-json\/wp\/v2\/tags?post=465982"}],"curies":[{"name":"wp","href":"https:\/\/api.w.org\/{rel}","templated":true}]}}