{"id":465983,"date":"2026-08-31T12:07:37","date_gmt":"2026-08-31T15:07:37","guid":{"rendered":"https:\/\/mrnews.com.br\/index.php\/2026\/08\/31\/camara-deve-decidir-sobre-taxa-das-blusinhas-nesta-segunda\/"},"modified":"2026-08-31T12:07:37","modified_gmt":"2026-08-31T15:07:37","slug":"camara-deve-decidir-sobre-taxa-das-blusinhas-nesta-segunda","status":"publish","type":"post","link":"https:\/\/mrnews.com.br\/index.php\/2026\/08\/31\/camara-deve-decidir-sobre-taxa-das-blusinhas-nesta-segunda\/","title":{"rendered":"C\u00e2mara deve decidir sobre &#8220;taxa das blusinhas&#8221; nesta segunda"},"content":{"rendered":"<p>Por EBC, <\/p>\n<div>\n<p><strong>A C\u00e2mara dos Deputados pautou para esta segunda-feira (31) a vota\u00e7\u00e3o da medida provis\u00f3ria (MP) apelidada de \u201ctaxa das blusinhas\u201d. De autoria do Executivo, a MP 1.357 de 2026 zera o imposto de importa\u00e7\u00e3o de 20% para compras internacionais de at\u00e9 US$ 50 feitas pela internet.<\/strong><\/p>\n<p>Se aprovado na C\u00e2mara, o dispositivo segue para an\u00e1lise do plen\u00e1rio do Senado. A sess\u00e3o deliberativa dos deputados federais est\u00e1 marcada para come\u00e7ar \u00e0s 18h. <strong>Antes, por\u00e9m, o texto precisa ser aprovado na Comiss\u00e3o Mista, que se re\u00fane \u00e0s 16h para votar relat\u00f3rio da senadora Leila Barros (PDT-DF), que \u00e9 favor\u00e1vel ao projeto.<\/strong><\/p>\n<p>O presidente do Congresso, senador Davi Alcolumbre (Uni\u00e3o-AP), chegou a segurar a instala\u00e7\u00e3o da comiss\u00e3o mista respons\u00e1vel pela an\u00e1lise da MP das blusinhas, que perde a validade no dia 8 de setembro se n\u00e3o for votada nas duas casas legislativas.\u00a0<\/p>\n<p>A comiss\u00e3o mista da MP das blusinhas avan\u00e7ou ap\u00f3s conversas entre o presidente Luiz In\u00e1cio Lula da Silva e o senador Alcolumbre.\u00a0<\/p>\n<p>O fim da taxa das blusinhas sofre oposi\u00e7\u00e3o de empres\u00e1rios brasileiros. A Confedera\u00e7\u00e3o Nacional da Ind\u00fastria (CNI) argumenta que a tarifa reduz a concorr\u00eancia \u201cdesleal\u201d de produtos importados, em especial da China. Por outro lado, o governo sustenta que a redu\u00e7\u00e3o da tarifa favorece o consumo popular.<\/p>\n<p>Outras pautas de interesse do governo federal tamb\u00e9m est\u00e3o previstas para serem analisadas nesta semana de \u201cesfor\u00e7o concentrado\u201d do Congresso Nacional, como as propostas de emenda \u00e0 Constitui\u00e7\u00e3o (PECs) do fim da escala 6&#215;1 e da seguran\u00e7a p\u00fablica.<\/p>\n<h2>Fim da escala 6&#215;1<\/h2>\n<p><strong>O texto que prev\u00ea o fim da jornada de trabalho de seis dias para um de descanso deve ser analisado na quarta-feira (2) pela Comiss\u00e3o de Constitui\u00e7\u00e3o e Justi\u00e7a (CCJ) do Senado.<\/strong><\/p>\n<p>O relator da proposta, senador Omar Aziz (PSD-AM), apresentou na \u00faltima quinta-feira (27) parecer favor\u00e1vel e rejeitou as 12 emendas apresentadas pelos senadores. A estrat\u00e9gia \u00e9 manter o texto aprovado pela C\u00e2mara e, assim, evitar que a proposta retorne para an\u00e1lise dos deputados.<\/p>\n<h2>Mototaxistas e entregadores de aplicativo<\/h2>\n<p><strong>A C\u00e2mara ainda pode votar nesta semana outras duas medidas provis\u00f3rias ligadas aos trabalhadores de aplicativos: uma simplifica as regras para mototaxistas e profissionais de motofrete (MP 1360 de 2026) e outra cria linha de financiamento para entregadores comprarem motos e bicicletas el\u00e9tricas (MP 1.366 de 2026).<\/strong><\/p>\n<p>Entre os outros projetos que podem ser analisados pelos deputados est\u00e3o a manuten\u00e7\u00e3o dos incentivos fiscais para doa\u00e7\u00f5es aos programas de aten\u00e7\u00e3o oncol\u00f3gica e de sa\u00fade da pessoa com defici\u00eancia, a Pol\u00edtica Nacional de Agroecologia e Produ\u00e7\u00e3o Org\u00e2nica e o Plano Nacional de Cultura para os pr\u00f3ximos 10 anos.<br \/>\u00a0<\/p>\n<p>      <!-- Relacionada --><\/p>\n<p>            <!-- Relacionada -->\n    <\/div>\n","protected":false},"excerpt":{"rendered":"<p>Por EBC, A C\u00e2mara dos Deputados pautou para esta segunda-feira (31) a vota\u00e7\u00e3o da medida provis\u00f3ria (MP) apelidada de \u201ctaxa das blusinhas\u201d. De autoria do Executivo, a MP 1.357 de 2026 zera o imposto de importa\u00e7\u00e3o de 20% para compras internacionais de at\u00e9 US$ 50 feitas pela internet. Se aprovado na C\u00e2mara, o dispositivo segue &hellip;<\/p>\n","protected":false},"author":39,"featured_media":0,"comment_status":"open","ping_status":"open","sticky":false,"template":"","format":"standard","meta":{"_jetpack_newsletter_access":"","_jetpack_dont_email_post_to_subs":false,"_jetpack_newsletter_tier_id":0,"_jetpack_memberships_contains_paywalled_content":false,"_jetpack_feature_clip_id":0,"_jetpack_memberships_contains_paid_content":false,"footnotes":"","jetpack_post_was_ever_published":false},"categories":[4],"tags":[],"class_list":["post-465983","post","type-post","status-publish","format-standard","hentry","category-servicos"],"yoast_head":"<!-- This site is optimized with the Yoast SEO plugin v28.3 - https:\/\/yoast.com\/product\/yoast-seo-wordpress\/ -->\n<title>C\u00e2mara deve decidir sobre &quot;taxa das blusinhas&quot; nesta segunda<\/title>\n<meta name=\"robots\" content=\"index, follow, max-snippet:-1, max-image-preview:large, max-video-preview:-1\" \/>\n<link rel=\"canonical\" href=\"https:\/\/agenciabrasil.ebc.com.br\/politica\/noticia\/2026-08\/camara-deve-decidir-sobre-taxa-das-blusinhas-nesta-segunda\" \/>\n<meta property=\"og:locale\" content=\"pt_BR\" \/>\n<meta property=\"og:type\" content=\"article\" \/>\n<meta property=\"og:title\" content=\"C\u00e2mara deve decidir sobre &quot;taxa das blusinhas&quot; nesta segunda\" \/>\n<meta property=\"og:description\" content=\"Por EBC, A C\u00e2mara dos Deputados pautou para esta segunda-feira (31) a vota\u00e7\u00e3o da medida provis\u00f3ria (MP) apelidada de \u201ctaxa das blusinhas\u201d. De autoria do Executivo, a MP 1.357 de 2026 zera o imposto de importa\u00e7\u00e3o de 20% para compras internacionais de at\u00e9 US$ 50 feitas pela internet. Se aprovado na C\u00e2mara, o dispositivo segue &hellip;\" \/>\n<meta property=\"og:url\" content=\"https:\/\/agenciabrasil.ebc.com.br\/politica\/noticia\/2026-08\/camara-deve-decidir-sobre-taxa-das-blusinhas-nesta-segunda\" \/>\n<meta property=\"og:site_name\" content=\"MRNews\" \/>\n<meta property=\"article:publisher\" content=\"https:\/\/www.facebook.com\/eaipahpah\/?locale2=pt_BR\" \/>\n<meta property=\"article:published_time\" content=\"2026-08-31T15:07:37+00:00\" \/>\n<meta name=\"author\" content=\"Fernando Corraa\" \/>\n<meta name=\"twitter:card\" content=\"summary_large_image\" \/>\n<meta name=\"twitter:creator\" content=\"@conspirou\" \/>\n<meta name=\"twitter:site\" content=\"@conspirou\" \/>\n<meta name=\"twitter:label1\" content=\"Escrito por\" \/>\n\t<meta name=\"twitter:data1\" content=\"Fernando Corraa\" \/>\n\t<meta name=\"twitter:label2\" content=\"Est. tempo de leitura\" \/>\n\t<meta name=\"twitter:data2\" content=\"2 minutos\" \/>\n<script type=\"application\/ld+json\" class=\"yoast-schema-graph\">{\"@context\":\"https:\\\/\\\/schema.org\",\"@graph\":[{\"@type\":\"Article\",\"@id\":\"https:\\\/\\\/agenciabrasil.ebc.com.br\\\/politica\\\/noticia\\\/2026-08\\\/camara-deve-decidir-sobre-taxa-das-blusinhas-nesta-segunda#article\",\"isPartOf\":{\"@id\":\"https:\\\/\\\/mrnews.com.br\\\/index.php\\\/2026\\\/08\\\/31\\\/camara-deve-decidir-sobre-taxa-das-blusinhas-nesta-segunda\\\/\"},\"author\":{\"name\":\"Fernando Corraa\",\"@id\":\"https:\\\/\\\/mrnews.com.br\\\/#\\\/schema\\\/person\\\/2f073f2d87903a2ff9a065e41bbf17d4\"},\"headline\":\"C\u00e2mara deve decidir sobre &#8220;taxa das blusinhas&#8221; nesta segunda\",\"datePublished\":\"2026-08-31T15:07:37+00:00\",\"mainEntityOfPage\":{\"@id\":\"https:\\\/\\\/mrnews.com.br\\\/index.php\\\/2026\\\/08\\\/31\\\/camara-deve-decidir-sobre-taxa-das-blusinhas-nesta-segunda\\\/\"},\"wordCount\":478,\"commentCount\":0,\"publisher\":{\"@id\":\"https:\\\/\\\/mrnews.com.br\\\/#organization\"},\"articleSection\":[\"SERVI\u00c7OS\"],\"inLanguage\":\"pt-BR\",\"potentialAction\":[{\"@type\":\"CommentAction\",\"name\":\"Comment\",\"target\":[\"https:\\\/\\\/agenciabrasil.ebc.com.br\\\/politica\\\/noticia\\\/2026-08\\\/camara-deve-decidir-sobre-taxa-das-blusinhas-nesta-segunda#respond\"]}]},{\"@type\":\"WebPage\",\"@id\":\"https:\\\/\\\/mrnews.com.br\\\/index.php\\\/2026\\\/08\\\/31\\\/camara-deve-decidir-sobre-taxa-das-blusinhas-nesta-segunda\\\/\",\"url\":\"https:\\\/\\\/agenciabrasil.ebc.com.br\\\/politica\\\/noticia\\\/2026-08\\\/camara-deve-decidir-sobre-taxa-das-blusinhas-nesta-segunda\",\"name\":\"C\u00e2mara deve decidir sobre \\\"taxa das blusinhas\\\" nesta segunda\",\"isPartOf\":{\"@id\":\"https:\\\/\\\/mrnews.com.br\\\/#website\"},\"datePublished\":\"2026-08-31T15:07:37+00:00\",\"breadcrumb\":{\"@id\":\"https:\\\/\\\/agenciabrasil.ebc.com.br\\\/politica\\\/noticia\\\/2026-08\\\/camara-deve-decidir-sobre-taxa-das-blusinhas-nesta-segunda#breadcrumb\"},\"inLanguage\":\"pt-BR\",\"potentialAction\":[{\"@type\":\"ReadAction\",\"target\":[\"https:\\\/\\\/agenciabrasil.ebc.com.br\\\/politica\\\/noticia\\\/2026-08\\\/camara-deve-decidir-sobre-taxa-das-blusinhas-nesta-segunda\"]}]},{\"@type\":\"BreadcrumbList\",\"@id\":\"https:\\\/\\\/agenciabrasil.ebc.com.br\\\/politica\\\/noticia\\\/2026-08\\\/camara-deve-decidir-sobre-taxa-das-blusinhas-nesta-segunda#breadcrumb\",\"itemListElement\":[{\"@type\":\"ListItem\",\"position\":1,\"name\":\"In\u00edcio\",\"item\":\"https:\\\/\\\/mrnews.com.br\\\/\"},{\"@type\":\"ListItem\",\"position\":2,\"name\":\"C\u00e2mara deve decidir sobre &#8220;taxa das blusinhas&#8221; nesta segunda\"}]},{\"@type\":\"WebSite\",\"@id\":\"https:\\\/\\\/mrnews.com.br\\\/#website\",\"url\":\"https:\\\/\\\/mrnews.com.br\\\/\",\"name\":\"MRNews\",\"description\":\"MRNews Jogos de hoje da TV, transmiss\u00f5es ao vivo, Not\u00edcias de futebol, Jogos ao vivo, Lives, resumo de novelas, Programa\u00e7\u00e3o da Globo, A Fazenda e BBB\",\"publisher\":{\"@id\":\"https:\\\/\\\/mrnews.com.br\\\/#organization\"},\"potentialAction\":[{\"@type\":\"SearchAction\",\"target\":{\"@type\":\"EntryPoint\",\"urlTemplate\":\"https:\\\/\\\/mrnews.com.br\\\/?s={search_term_string}\"},\"query-input\":{\"@type\":\"PropertyValueSpecification\",\"valueRequired\":true,\"valueName\":\"search_term_string\"}}],\"inLanguage\":\"pt-BR\"},{\"@type\":\"Organization\",\"@id\":\"https:\\\/\\\/mrnews.com.br\\\/#organization\",\"name\":\"MRNews\",\"url\":\"https:\\\/\\\/mrnews.com.br\\\/\",\"logo\":{\"@type\":\"ImageObject\",\"inLanguage\":\"pt-BR\",\"@id\":\"https:\\\/\\\/mrnews.com.br\\\/#\\\/schema\\\/logo\\\/image\\\/\",\"url\":\"https:\\\/\\\/mrnews.com.br\\\/wp-content\\\/uploads\\\/2026\\\/08\\\/MRNEws.png\",\"contentUrl\":\"https:\\\/\\\/mrnews.com.br\\\/wp-content\\\/uploads\\\/2026\\\/08\\\/MRNEws.png\",\"width\":1254,\"height\":1254,\"caption\":\"MRNews\"},\"image\":{\"@id\":\"https:\\\/\\\/mrnews.com.br\\\/#\\\/schema\\\/logo\\\/image\\\/\"},\"sameAs\":[\"https:\\\/\\\/www.facebook.com\\\/eaipahpah\\\/?locale2=pt_BR\",\"https:\\\/\\\/x.com\\\/conspirou\",\"https:\\\/\\\/www.instagram.com\\\/eai_pahpah\",\"https:\\\/\\\/br.pinterest.com\\\/mrnewsn\\\/boards\\\/\",\"https:\\\/\\\/www.youtube.com\\\/channel\\\/UCacgnpznQ61fifLWr1tQ-vA?view_as=subscriber\"]},{\"@type\":\"Person\",\"@id\":\"https:\\\/\\\/mrnews.com.br\\\/#\\\/schema\\\/person\\\/2f073f2d87903a2ff9a065e41bbf17d4\",\"name\":\"Fernando Corraa\",\"image\":{\"@type\":\"ImageObject\",\"inLanguage\":\"pt-BR\",\"@id\":\"https:\\\/\\\/secure.gravatar.com\\\/avatar\\\/9069acb0e588c9f4346ba747284aef18a5faaab575e89e9ccc64e315003f0b82?s=96&d=monsterid&r=g\",\"url\":\"https:\\\/\\\/secure.gravatar.com\\\/avatar\\\/9069acb0e588c9f4346ba747284aef18a5faaab575e89e9ccc64e315003f0b82?s=96&d=monsterid&r=g\",\"contentUrl\":\"https:\\\/\\\/secure.gravatar.com\\\/avatar\\\/9069acb0e588c9f4346ba747284aef18a5faaab575e89e9ccc64e315003f0b82?s=96&d=monsterid&r=g\",\"caption\":\"Fernando Corraa\"},\"url\":\"https:\\\/\\\/mrnews.com.br\\\/index.php\\\/author\\\/fernando-corraa\\\/\"}]}<\/script>\n<!-- \/ Yoast SEO plugin. -->","yoast_head_json":{"title":"C\u00e2mara deve decidir sobre \"taxa das blusinhas\" nesta segunda","robots":{"index":"index","follow":"follow","max-snippet":"max-snippet:-1","max-image-preview":"max-image-preview:large","max-video-preview":"max-video-preview:-1"},"canonical":"https:\/\/agenciabrasil.ebc.com.br\/politica\/noticia\/2026-08\/camara-deve-decidir-sobre-taxa-das-blusinhas-nesta-segunda","og_locale":"pt_BR","og_type":"article","og_title":"C\u00e2mara deve decidir sobre \"taxa das blusinhas\" nesta segunda","og_description":"Por EBC, A C\u00e2mara dos Deputados pautou para esta segunda-feira (31) a vota\u00e7\u00e3o da medida provis\u00f3ria (MP) apelidada de \u201ctaxa das blusinhas\u201d. De autoria do Executivo, a MP 1.357 de 2026 zera o imposto de importa\u00e7\u00e3o de 20% para compras internacionais de at\u00e9 US$ 50 feitas pela internet. Se aprovado na C\u00e2mara, o dispositivo segue &hellip;","og_url":"https:\/\/agenciabrasil.ebc.com.br\/politica\/noticia\/2026-08\/camara-deve-decidir-sobre-taxa-das-blusinhas-nesta-segunda","og_site_name":"MRNews","article_publisher":"https:\/\/www.facebook.com\/eaipahpah\/?locale2=pt_BR","article_published_time":"2026-08-31T15:07:37+00:00","author":"Fernando Corraa","twitter_card":"summary_large_image","twitter_creator":"@conspirou","twitter_site":"@conspirou","twitter_misc":{"Escrito por":"Fernando Corraa","Est. tempo de leitura":"2 minutos"},"schema":{"@context":"https:\/\/schema.org","@graph":[{"@type":"Article","@id":"https:\/\/agenciabrasil.ebc.com.br\/politica\/noticia\/2026-08\/camara-deve-decidir-sobre-taxa-das-blusinhas-nesta-segunda#article","isPartOf":{"@id":"https:\/\/mrnews.com.br\/index.php\/2026\/08\/31\/camara-deve-decidir-sobre-taxa-das-blusinhas-nesta-segunda\/"},"author":{"name":"Fernando Corraa","@id":"https:\/\/mrnews.com.br\/#\/schema\/person\/2f073f2d87903a2ff9a065e41bbf17d4"},"headline":"C\u00e2mara deve decidir sobre &#8220;taxa das blusinhas&#8221; nesta segunda","datePublished":"2026-08-31T15:07:37+00:00","mainEntityOfPage":{"@id":"https:\/\/mrnews.com.br\/index.php\/2026\/08\/31\/camara-deve-decidir-sobre-taxa-das-blusinhas-nesta-segunda\/"},"wordCount":478,"commentCount":0,"publisher":{"@id":"https:\/\/mrnews.com.br\/#organization"},"articleSection":["SERVI\u00c7OS"],"inLanguage":"pt-BR","potentialAction":[{"@type":"CommentAction","name":"Comment","target":["https:\/\/agenciabrasil.ebc.com.br\/politica\/noticia\/2026-08\/camara-deve-decidir-sobre-taxa-das-blusinhas-nesta-segunda#respond"]}]},{"@type":"WebPage","@id":"https:\/\/mrnews.com.br\/index.php\/2026\/08\/31\/camara-deve-decidir-sobre-taxa-das-blusinhas-nesta-segunda\/","url":"https:\/\/agenciabrasil.ebc.com.br\/politica\/noticia\/2026-08\/camara-deve-decidir-sobre-taxa-das-blusinhas-nesta-segunda","name":"C\u00e2mara deve decidir sobre \"taxa das blusinhas\" nesta segunda","isPartOf":{"@id":"https:\/\/mrnews.com.br\/#website"},"datePublished":"2026-08-31T15:07:37+00:00","breadcrumb":{"@id":"https:\/\/agenciabrasil.ebc.com.br\/politica\/noticia\/2026-08\/camara-deve-decidir-sobre-taxa-das-blusinhas-nesta-segunda#breadcrumb"},"inLanguage":"pt-BR","potentialAction":[{"@type":"ReadAction","target":["https:\/\/agenciabrasil.ebc.com.br\/politica\/noticia\/2026-08\/camara-deve-decidir-sobre-taxa-das-blusinhas-nesta-segunda"]}]},{"@type":"BreadcrumbList","@id":"https:\/\/agenciabrasil.ebc.com.br\/politica\/noticia\/2026-08\/camara-deve-decidir-sobre-taxa-das-blusinhas-nesta-segunda#breadcrumb","itemListElement":[{"@type":"ListItem","position":1,"name":"In\u00edcio","item":"https:\/\/mrnews.com.br\/"},{"@type":"ListItem","position":2,"name":"C\u00e2mara deve decidir sobre &#8220;taxa das blusinhas&#8221; nesta segunda"}]},{"@type":"WebSite","@id":"https:\/\/mrnews.com.br\/#website","url":"https:\/\/mrnews.com.br\/","name":"MRNews","description":"MRNews Jogos de hoje da TV, transmiss\u00f5es ao vivo, Not\u00edcias de futebol, Jogos ao vivo, Lives, resumo de novelas, Programa\u00e7\u00e3o da Globo, A Fazenda e BBB","publisher":{"@id":"https:\/\/mrnews.com.br\/#organization"},"potentialAction":[{"@type":"SearchAction","target":{"@type":"EntryPoint","urlTemplate":"https:\/\/mrnews.com.br\/?s={search_term_string}"},"query-input":{"@type":"PropertyValueSpecification","valueRequired":true,"valueName":"search_term_string"}}],"inLanguage":"pt-BR"},{"@type":"Organization","@id":"https:\/\/mrnews.com.br\/#organization","name":"MRNews","url":"https:\/\/mrnews.com.br\/","logo":{"@type":"ImageObject","inLanguage":"pt-BR","@id":"https:\/\/mrnews.com.br\/#\/schema\/logo\/image\/","url":"https:\/\/mrnews.com.br\/wp-content\/uploads\/2026\/08\/MRNEws.png","contentUrl":"https:\/\/mrnews.com.br\/wp-content\/uploads\/2026\/08\/MRNEws.png","width":1254,"height":1254,"caption":"MRNews"},"image":{"@id":"https:\/\/mrnews.com.br\/#\/schema\/logo\/image\/"},"sameAs":["https:\/\/www.facebook.com\/eaipahpah\/?locale2=pt_BR","https:\/\/x.com\/conspirou","https:\/\/www.instagram.com\/eai_pahpah","https:\/\/br.pinterest.com\/mrnewsn\/boards\/","https:\/\/www.youtube.com\/channel\/UCacgnpznQ61fifLWr1tQ-vA?view_as=subscriber"]},{"@type":"Person","@id":"https:\/\/mrnews.com.br\/#\/schema\/person\/2f073f2d87903a2ff9a065e41bbf17d4","name":"Fernando Corraa","image":{"@type":"ImageObject","inLanguage":"pt-BR","@id":"https:\/\/secure.gravatar.com\/avatar\/9069acb0e588c9f4346ba747284aef18a5faaab575e89e9ccc64e315003f0b82?s=96&d=monsterid&r=g","url":"https:\/\/secure.gravatar.com\/avatar\/9069acb0e588c9f4346ba747284aef18a5faaab575e89e9ccc64e315003f0b82?s=96&d=monsterid&r=g","contentUrl":"https:\/\/secure.gravatar.com\/avatar\/9069acb0e588c9f4346ba747284aef18a5faaab575e89e9ccc64e315003f0b82?s=96&d=monsterid&r=g","caption":"Fernando Corraa"},"url":"https:\/\/mrnews.com.br\/index.php\/author\/fernando-corraa\/"}]}},"jetpack_sharing_enabled":true,"jetpack_shortlink":"https:\/\/wp.me\/pa2Qf7-1XdR","amp_enabled":true,"jetpack_featured_media_url":"","_links":{"self":[{"href":"https:\/\/mrnews.com.br\/index.php\/wp-json\/wp\/v2\/posts\/465983","targetHints":{"allow":["GET"]}}],"collection":[{"href":"https:\/\/mrnews.com.br\/index.php\/wp-json\/wp\/v2\/posts"}],"about":[{"href":"https:\/\/mrnews.com.br\/index.php\/wp-json\/wp\/v2\/types\/post"}],"author":[{"embeddable":true,"href":"https:\/\/mrnews.com.br\/index.php\/wp-json\/wp\/v2\/users\/39"}],"replies":[{"embeddable":true,"href":"https:\/\/mrnews.com.br\/index.php\/wp-json\/wp\/v2\/comments?post=465983"}],"version-history":[{"count":0,"href":"https:\/\/mrnews.com.br\/index.php\/wp-json\/wp\/v2\/posts\/465983\/revisions"}],"wp:attachment":[{"href":"https:\/\/mrnews.com.br\/index.php\/wp-json\/wp\/v2\/media?parent=465983"}],"wp:term":[{"taxonomy":"category","embeddable":true,"href":"https:\/\/mrnews.com.br\/index.php\/wp-json\/wp\/v2\/categories?post=465983"},{"taxonomy":"post_tag","embeddable":true,"href":"https:\/\/mrnews.com.br\/index.php\/wp-json\/wp\/v2\/tags?post=465983"}],"curies":[{"name":"wp","href":"https:\/\/api.w.org\/{rel}","templated":true}]}}