{"id":465984,"date":"2026-08-31T12:49:15","date_gmt":"2026-08-31T15:49:15","guid":{"rendered":"https:\/\/mrnews.com.br\/index.php\/2026\/08\/31\/boletim-focus-mercado-preve-reducao-da-inflacao-e-do-pib-de-2026\/"},"modified":"2026-08-31T12:49:15","modified_gmt":"2026-08-31T15:49:15","slug":"boletim-focus-mercado-preve-reducao-da-inflacao-e-do-pib-de-2026","status":"publish","type":"post","link":"https:\/\/mrnews.com.br\/index.php\/2026\/08\/31\/boletim-focus-mercado-preve-reducao-da-inflacao-e-do-pib-de-2026\/","title":{"rendered":"Boletim Focus: mercado prev\u00ea redu\u00e7\u00e3o da infla\u00e7\u00e3o e do PIB de 2026"},"content":{"rendered":"<p>Por EBC, <\/p>\n<div>\n<p>O mercado financeiro rebaixou a proje\u00e7\u00e3o de infla\u00e7\u00e3o e prev\u00ea menor crescimento do Produto Interno Bruto (PIB) brasileiro para 2026, enquanto o c\u00e2mbio do d\u00f3lar e a taxa Selic permanecem inalterados nas previs\u00f5es do ano.<\/p>\n<p>As informa\u00e7\u00f5es constam no Boletim Focus, divulgado nesta segunda-feira (31) pelo Banco Central (BC), em Bras\u00edlia.<\/p>\n<p>A publica\u00e7\u00e3o semanal traz a estimativa m\u00e9dia de institui\u00e7\u00f5es financeiras \u2013 como bancos, corretoras e consultorias \u2013 para a economia do pa\u00eds em 2026 e, tamb\u00e9m, para os pr\u00f3ximos tr\u00eas anos.<\/p>\n<h2>Infla\u00e7\u00e3o<\/h2>\n<p><strong>Segundo o Focus desta semana, o \u00cdndice Nacional de Pre\u00e7os ao Consumidor Amplo (IPCA), considerado o \u00edndice oficial de infla\u00e7\u00e3o do pa\u00eds,<\/strong> <strong>caiu de 5,02%, na semana passada para 5,01%, hoje.<\/strong><\/p>\n<p>A proje\u00e7\u00e3o de infla\u00e7\u00e3o para 2027 mostra uma leve alta na infla\u00e7\u00e3o de 4,25% para 4,28% e estabilidade nos anos de 2028 e 2029, com estimativa de 3,80% e 3,50%, respectivamente.<\/p>\n<p>Atualmente, o IPCA acumulado em 12 meses \u00e9 4,44%, trazendo o indicador de volta para a meta do governo, conforme os dados oficiais de julho divulgados pelo Instituto Brasileiro de Geografia e Estat\u00edstica (IBGE).<\/p>\n<h2>PIB<\/h2>\n<p><strong>As institui\u00e7\u00f5es ouvidas pelo Boletim Focus projetam queda para este ano do PIB, conjunto de todos os bens e servi\u00e7os produzidos no pa\u00eds, de 1,95%, h\u00e1 uma semana, para 1,92%, atualmente.<\/strong><\/p>\n<p>Para os tr\u00eas pr\u00f3ximos anos, a expectativa do mercado n\u00e3o se alterou, com previs\u00e3o de crescimento de 1,50%, para 2027; 1,98% para 2028; e 2% para 2029.<\/p>\n<h2>D\u00f3lar<\/h2>\n<p><strong>A previs\u00e3o do mercado financeiro para o c\u00e2mbio brasileiro \u00e9 que o d\u00f3lar terminar\u00e1 o ano de 2026 cotado a R$ 5,20. A previs\u00e3o de cota\u00e7\u00e3o atual repete a que foi divulgada h\u00e1 quatro semanas.<\/strong><\/p>\n<p>De acordo com os analistas, o valor da moeda norte-americana ter\u00e1 uma alta para R$ 5,30, em 2027. Valor mantido para chegar no fim de 2028. <strong>Em 2029, o c\u00e2mbio deve subir mais uma vez para R$ 5,36.<\/strong><\/p>\n<p>O comportamento do d\u00f3lar frente ao real influencia diretamente o desempenho da economia brasileira. Com o c\u00e2mbio desvalorizado, ou seja, alta da moeda estrangeira, bens importados ficam mais caros, o que pressiona a infla\u00e7\u00e3o para cima. No entanto, favorece as exporta\u00e7\u00f5es porque deixa os produtos brasileiros mais em conta no exterior.<\/p>\n<p>Por outro lado, a moeda valorizada \u2013 queda na taxa \u2013 faz com que produtos importados fiquem mais baratos no pa\u00eds, o que pode refletir em menos press\u00e3o sobre a infla\u00e7\u00e3o. Mas pode ser prejudicial \u00e0 ind\u00fastria nacional, que precisa concorrer com produtos estrangeiros que ficam com os pre\u00e7os mais competitivos.<\/p>\n<h2>Juros<\/h2>\n<p><strong>As institui\u00e7\u00f5es financeiras mantiveram a estimativa para a taxa b\u00e1sica de juros (Selic) da economia brasileira em R$ 13,75. <\/strong>A Selic serve de refer\u00eancia para todas as demais opera\u00e7\u00f5es de cr\u00e9dito, como a d\u00edvida p\u00fablica.<\/p>\n<p>A Selic \u00e9 decidida pelo Comit\u00ea de Pol\u00edtica Monet\u00e1ria (Copom) do Banco Central do Brasil, em reuni\u00f5es realizadas a cada 45 dias.<\/p>\n<p><strong>O mercado acredita que, em 2027, a Selic terminar\u00e1 o ano em 12%. Para 2028, o Focus mant\u00e9m, h\u00e1 quatro semanas, a proje\u00e7\u00e3o em 10,5% e para 2029, deve alcan\u00e7ar 10%.<\/strong><\/p>\n<p>Atualmente, a Selic est\u00e1 em 14% ao ano. A \u00faltima reuni\u00e3o foi em 5 de agosto, quando o Copom ajustou a Selic em um ambiente de desacelera\u00e7\u00e3o da infla\u00e7\u00e3o, mas ainda marcado por incertezas o que exige prud\u00eancia, conforme a \u00faltima ata da reuni\u00e3o publicada\u200b\u200b\u200b.<\/p>\n<p>O n\u00edvel da Selic influencia o desempenho da economia. Quando a taxa est\u00e1 em patamar elevado, pode deixar as opera\u00e7\u00f5es de cr\u00e9dito com maior custo, o que pode desestimular o consumo interno. J\u00e1 a taxa em n\u00edveis reduzidos \u00e9 um incentivo para a obten\u00e7\u00e3o de cr\u00e9dito e favorece o investimento. A aten\u00e7\u00e3o \u00e9 para n\u00e3o haver press\u00e3o inflacion\u00e1ria.<\/p>\n<p>\u00a0<\/p>\n<p>      <!-- Relacionada --><\/p>\n<p>            <!-- Relacionada -->\n    <\/div>\n","protected":false},"excerpt":{"rendered":"<p>Por EBC, O mercado financeiro rebaixou a proje\u00e7\u00e3o de infla\u00e7\u00e3o e prev\u00ea menor crescimento do Produto Interno Bruto (PIB) brasileiro para 2026, enquanto o c\u00e2mbio do d\u00f3lar e a taxa Selic permanecem inalterados nas previs\u00f5es do ano. As informa\u00e7\u00f5es constam no Boletim Focus, divulgado nesta segunda-feira (31) pelo Banco Central (BC), em Bras\u00edlia. A publica\u00e7\u00e3o &hellip;<\/p>\n","protected":false},"author":39,"featured_media":0,"comment_status":"open","ping_status":"open","sticky":false,"template":"","format":"standard","meta":{"_jetpack_newsletter_access":"","_jetpack_dont_email_post_to_subs":false,"_jetpack_newsletter_tier_id":0,"_jetpack_memberships_contains_paywalled_content":false,"_jetpack_feature_clip_id":0,"_jetpack_memberships_contains_paid_content":false,"footnotes":"","jetpack_post_was_ever_published":false},"categories":[4],"tags":[],"class_list":["post-465984","post","type-post","status-publish","format-standard","hentry","category-servicos"],"yoast_head":"<!-- This site is optimized with the Yoast SEO plugin v28.3 - https:\/\/yoast.com\/product\/yoast-seo-wordpress\/ -->\n<title>Boletim Focus: mercado prev\u00ea redu\u00e7\u00e3o da infla\u00e7\u00e3o e do PIB de 2026<\/title>\n<meta name=\"robots\" content=\"index, follow, max-snippet:-1, max-image-preview:large, max-video-preview:-1\" \/>\n<link rel=\"canonical\" href=\"https:\/\/agenciabrasil.ebc.com.br\/economia\/noticia\/2026-08\/boletim-focus-mercado-preve-reducao-da-inflacao-e-do-pib-de-2026\" \/>\n<meta property=\"og:locale\" content=\"pt_BR\" \/>\n<meta property=\"og:type\" content=\"article\" \/>\n<meta property=\"og:title\" content=\"Boletim Focus: mercado prev\u00ea redu\u00e7\u00e3o da infla\u00e7\u00e3o e do PIB de 2026\" \/>\n<meta property=\"og:description\" content=\"Por EBC, O mercado financeiro rebaixou a proje\u00e7\u00e3o de infla\u00e7\u00e3o e prev\u00ea menor crescimento do Produto Interno Bruto (PIB) brasileiro para 2026, enquanto o c\u00e2mbio do d\u00f3lar e a taxa Selic permanecem inalterados nas previs\u00f5es do ano. As informa\u00e7\u00f5es constam no Boletim Focus, divulgado nesta segunda-feira (31) pelo Banco Central (BC), em Bras\u00edlia. A publica\u00e7\u00e3o &hellip;\" \/>\n<meta property=\"og:url\" content=\"https:\/\/agenciabrasil.ebc.com.br\/economia\/noticia\/2026-08\/boletim-focus-mercado-preve-reducao-da-inflacao-e-do-pib-de-2026\" \/>\n<meta property=\"og:site_name\" content=\"MRNews\" \/>\n<meta property=\"article:publisher\" content=\"https:\/\/www.facebook.com\/eaipahpah\/?locale2=pt_BR\" \/>\n<meta property=\"article:published_time\" content=\"2026-08-31T15:49:15+00:00\" \/>\n<meta name=\"author\" content=\"Fernando Corraa\" \/>\n<meta name=\"twitter:card\" content=\"summary_large_image\" \/>\n<meta name=\"twitter:creator\" content=\"@conspirou\" \/>\n<meta name=\"twitter:site\" content=\"@conspirou\" \/>\n<meta name=\"twitter:label1\" content=\"Escrito por\" \/>\n\t<meta name=\"twitter:data1\" content=\"Fernando Corraa\" \/>\n\t<meta name=\"twitter:label2\" content=\"Est. tempo de leitura\" \/>\n\t<meta name=\"twitter:data2\" content=\"3 minutos\" \/>\n<script type=\"application\/ld+json\" class=\"yoast-schema-graph\">{\"@context\":\"https:\\\/\\\/schema.org\",\"@graph\":[{\"@type\":\"Article\",\"@id\":\"https:\\\/\\\/agenciabrasil.ebc.com.br\\\/economia\\\/noticia\\\/2026-08\\\/boletim-focus-mercado-preve-reducao-da-inflacao-e-do-pib-de-2026#article\",\"isPartOf\":{\"@id\":\"https:\\\/\\\/mrnews.com.br\\\/index.php\\\/2026\\\/08\\\/31\\\/boletim-focus-mercado-preve-reducao-da-inflacao-e-do-pib-de-2026\\\/\"},\"author\":{\"name\":\"Fernando Corraa\",\"@id\":\"https:\\\/\\\/mrnews.com.br\\\/#\\\/schema\\\/person\\\/2f073f2d87903a2ff9a065e41bbf17d4\"},\"headline\":\"Boletim Focus: mercado prev\u00ea redu\u00e7\u00e3o da infla\u00e7\u00e3o e do PIB de 2026\",\"datePublished\":\"2026-08-31T15:49:15+00:00\",\"mainEntityOfPage\":{\"@id\":\"https:\\\/\\\/mrnews.com.br\\\/index.php\\\/2026\\\/08\\\/31\\\/boletim-focus-mercado-preve-reducao-da-inflacao-e-do-pib-de-2026\\\/\"},\"wordCount\":645,\"commentCount\":0,\"publisher\":{\"@id\":\"https:\\\/\\\/mrnews.com.br\\\/#organization\"},\"articleSection\":[\"SERVI\u00c7OS\"],\"inLanguage\":\"pt-BR\",\"potentialAction\":[{\"@type\":\"CommentAction\",\"name\":\"Comment\",\"target\":[\"https:\\\/\\\/agenciabrasil.ebc.com.br\\\/economia\\\/noticia\\\/2026-08\\\/boletim-focus-mercado-preve-reducao-da-inflacao-e-do-pib-de-2026#respond\"]}]},{\"@type\":\"WebPage\",\"@id\":\"https:\\\/\\\/mrnews.com.br\\\/index.php\\\/2026\\\/08\\\/31\\\/boletim-focus-mercado-preve-reducao-da-inflacao-e-do-pib-de-2026\\\/\",\"url\":\"https:\\\/\\\/agenciabrasil.ebc.com.br\\\/economia\\\/noticia\\\/2026-08\\\/boletim-focus-mercado-preve-reducao-da-inflacao-e-do-pib-de-2026\",\"name\":\"Boletim Focus: mercado prev\u00ea redu\u00e7\u00e3o da infla\u00e7\u00e3o e do PIB de 2026\",\"isPartOf\":{\"@id\":\"https:\\\/\\\/mrnews.com.br\\\/#website\"},\"datePublished\":\"2026-08-31T15:49:15+00:00\",\"breadcrumb\":{\"@id\":\"https:\\\/\\\/agenciabrasil.ebc.com.br\\\/economia\\\/noticia\\\/2026-08\\\/boletim-focus-mercado-preve-reducao-da-inflacao-e-do-pib-de-2026#breadcrumb\"},\"inLanguage\":\"pt-BR\",\"potentialAction\":[{\"@type\":\"ReadAction\",\"target\":[\"https:\\\/\\\/agenciabrasil.ebc.com.br\\\/economia\\\/noticia\\\/2026-08\\\/boletim-focus-mercado-preve-reducao-da-inflacao-e-do-pib-de-2026\"]}]},{\"@type\":\"BreadcrumbList\",\"@id\":\"https:\\\/\\\/agenciabrasil.ebc.com.br\\\/economia\\\/noticia\\\/2026-08\\\/boletim-focus-mercado-preve-reducao-da-inflacao-e-do-pib-de-2026#breadcrumb\",\"itemListElement\":[{\"@type\":\"ListItem\",\"position\":1,\"name\":\"In\u00edcio\",\"item\":\"https:\\\/\\\/mrnews.com.br\\\/\"},{\"@type\":\"ListItem\",\"position\":2,\"name\":\"Boletim Focus: mercado prev\u00ea redu\u00e7\u00e3o da infla\u00e7\u00e3o e do PIB de 2026\"}]},{\"@type\":\"WebSite\",\"@id\":\"https:\\\/\\\/mrnews.com.br\\\/#website\",\"url\":\"https:\\\/\\\/mrnews.com.br\\\/\",\"name\":\"MRNews\",\"description\":\"MRNews Jogos de hoje da TV, transmiss\u00f5es ao vivo, Not\u00edcias de futebol, Jogos ao vivo, Lives, resumo de novelas, Programa\u00e7\u00e3o da Globo, A Fazenda e BBB\",\"publisher\":{\"@id\":\"https:\\\/\\\/mrnews.com.br\\\/#organization\"},\"potentialAction\":[{\"@type\":\"SearchAction\",\"target\":{\"@type\":\"EntryPoint\",\"urlTemplate\":\"https:\\\/\\\/mrnews.com.br\\\/?s={search_term_string}\"},\"query-input\":{\"@type\":\"PropertyValueSpecification\",\"valueRequired\":true,\"valueName\":\"search_term_string\"}}],\"inLanguage\":\"pt-BR\"},{\"@type\":\"Organization\",\"@id\":\"https:\\\/\\\/mrnews.com.br\\\/#organization\",\"name\":\"MRNews\",\"url\":\"https:\\\/\\\/mrnews.com.br\\\/\",\"logo\":{\"@type\":\"ImageObject\",\"inLanguage\":\"pt-BR\",\"@id\":\"https:\\\/\\\/mrnews.com.br\\\/#\\\/schema\\\/logo\\\/image\\\/\",\"url\":\"https:\\\/\\\/mrnews.com.br\\\/wp-content\\\/uploads\\\/2026\\\/08\\\/MRNEws.png\",\"contentUrl\":\"https:\\\/\\\/mrnews.com.br\\\/wp-content\\\/uploads\\\/2026\\\/08\\\/MRNEws.png\",\"width\":1254,\"height\":1254,\"caption\":\"MRNews\"},\"image\":{\"@id\":\"https:\\\/\\\/mrnews.com.br\\\/#\\\/schema\\\/logo\\\/image\\\/\"},\"sameAs\":[\"https:\\\/\\\/www.facebook.com\\\/eaipahpah\\\/?locale2=pt_BR\",\"https:\\\/\\\/x.com\\\/conspirou\",\"https:\\\/\\\/www.instagram.com\\\/eai_pahpah\",\"https:\\\/\\\/br.pinterest.com\\\/mrnewsn\\\/boards\\\/\",\"https:\\\/\\\/www.youtube.com\\\/channel\\\/UCacgnpznQ61fifLWr1tQ-vA?view_as=subscriber\"]},{\"@type\":\"Person\",\"@id\":\"https:\\\/\\\/mrnews.com.br\\\/#\\\/schema\\\/person\\\/2f073f2d87903a2ff9a065e41bbf17d4\",\"name\":\"Fernando Corraa\",\"image\":{\"@type\":\"ImageObject\",\"inLanguage\":\"pt-BR\",\"@id\":\"https:\\\/\\\/secure.gravatar.com\\\/avatar\\\/9069acb0e588c9f4346ba747284aef18a5faaab575e89e9ccc64e315003f0b82?s=96&d=monsterid&r=g\",\"url\":\"https:\\\/\\\/secure.gravatar.com\\\/avatar\\\/9069acb0e588c9f4346ba747284aef18a5faaab575e89e9ccc64e315003f0b82?s=96&d=monsterid&r=g\",\"contentUrl\":\"https:\\\/\\\/secure.gravatar.com\\\/avatar\\\/9069acb0e588c9f4346ba747284aef18a5faaab575e89e9ccc64e315003f0b82?s=96&d=monsterid&r=g\",\"caption\":\"Fernando Corraa\"},\"url\":\"https:\\\/\\\/mrnews.com.br\\\/index.php\\\/author\\\/fernando-corraa\\\/\"}]}<\/script>\n<!-- \/ Yoast SEO plugin. -->","yoast_head_json":{"title":"Boletim Focus: mercado prev\u00ea redu\u00e7\u00e3o da infla\u00e7\u00e3o e do PIB de 2026","robots":{"index":"index","follow":"follow","max-snippet":"max-snippet:-1","max-image-preview":"max-image-preview:large","max-video-preview":"max-video-preview:-1"},"canonical":"https:\/\/agenciabrasil.ebc.com.br\/economia\/noticia\/2026-08\/boletim-focus-mercado-preve-reducao-da-inflacao-e-do-pib-de-2026","og_locale":"pt_BR","og_type":"article","og_title":"Boletim Focus: mercado prev\u00ea redu\u00e7\u00e3o da infla\u00e7\u00e3o e do PIB de 2026","og_description":"Por EBC, O mercado financeiro rebaixou a proje\u00e7\u00e3o de infla\u00e7\u00e3o e prev\u00ea menor crescimento do Produto Interno Bruto (PIB) brasileiro para 2026, enquanto o c\u00e2mbio do d\u00f3lar e a taxa Selic permanecem inalterados nas previs\u00f5es do ano. As informa\u00e7\u00f5es constam no Boletim Focus, divulgado nesta segunda-feira (31) pelo Banco Central (BC), em Bras\u00edlia. A publica\u00e7\u00e3o &hellip;","og_url":"https:\/\/agenciabrasil.ebc.com.br\/economia\/noticia\/2026-08\/boletim-focus-mercado-preve-reducao-da-inflacao-e-do-pib-de-2026","og_site_name":"MRNews","article_publisher":"https:\/\/www.facebook.com\/eaipahpah\/?locale2=pt_BR","article_published_time":"2026-08-31T15:49:15+00:00","author":"Fernando Corraa","twitter_card":"summary_large_image","twitter_creator":"@conspirou","twitter_site":"@conspirou","twitter_misc":{"Escrito por":"Fernando Corraa","Est. tempo de leitura":"3 minutos"},"schema":{"@context":"https:\/\/schema.org","@graph":[{"@type":"Article","@id":"https:\/\/agenciabrasil.ebc.com.br\/economia\/noticia\/2026-08\/boletim-focus-mercado-preve-reducao-da-inflacao-e-do-pib-de-2026#article","isPartOf":{"@id":"https:\/\/mrnews.com.br\/index.php\/2026\/08\/31\/boletim-focus-mercado-preve-reducao-da-inflacao-e-do-pib-de-2026\/"},"author":{"name":"Fernando Corraa","@id":"https:\/\/mrnews.com.br\/#\/schema\/person\/2f073f2d87903a2ff9a065e41bbf17d4"},"headline":"Boletim Focus: mercado prev\u00ea redu\u00e7\u00e3o da infla\u00e7\u00e3o e do PIB de 2026","datePublished":"2026-08-31T15:49:15+00:00","mainEntityOfPage":{"@id":"https:\/\/mrnews.com.br\/index.php\/2026\/08\/31\/boletim-focus-mercado-preve-reducao-da-inflacao-e-do-pib-de-2026\/"},"wordCount":645,"commentCount":0,"publisher":{"@id":"https:\/\/mrnews.com.br\/#organization"},"articleSection":["SERVI\u00c7OS"],"inLanguage":"pt-BR","potentialAction":[{"@type":"CommentAction","name":"Comment","target":["https:\/\/agenciabrasil.ebc.com.br\/economia\/noticia\/2026-08\/boletim-focus-mercado-preve-reducao-da-inflacao-e-do-pib-de-2026#respond"]}]},{"@type":"WebPage","@id":"https:\/\/mrnews.com.br\/index.php\/2026\/08\/31\/boletim-focus-mercado-preve-reducao-da-inflacao-e-do-pib-de-2026\/","url":"https:\/\/agenciabrasil.ebc.com.br\/economia\/noticia\/2026-08\/boletim-focus-mercado-preve-reducao-da-inflacao-e-do-pib-de-2026","name":"Boletim Focus: mercado prev\u00ea redu\u00e7\u00e3o da infla\u00e7\u00e3o e do PIB de 2026","isPartOf":{"@id":"https:\/\/mrnews.com.br\/#website"},"datePublished":"2026-08-31T15:49:15+00:00","breadcrumb":{"@id":"https:\/\/agenciabrasil.ebc.com.br\/economia\/noticia\/2026-08\/boletim-focus-mercado-preve-reducao-da-inflacao-e-do-pib-de-2026#breadcrumb"},"inLanguage":"pt-BR","potentialAction":[{"@type":"ReadAction","target":["https:\/\/agenciabrasil.ebc.com.br\/economia\/noticia\/2026-08\/boletim-focus-mercado-preve-reducao-da-inflacao-e-do-pib-de-2026"]}]},{"@type":"BreadcrumbList","@id":"https:\/\/agenciabrasil.ebc.com.br\/economia\/noticia\/2026-08\/boletim-focus-mercado-preve-reducao-da-inflacao-e-do-pib-de-2026#breadcrumb","itemListElement":[{"@type":"ListItem","position":1,"name":"In\u00edcio","item":"https:\/\/mrnews.com.br\/"},{"@type":"ListItem","position":2,"name":"Boletim Focus: mercado prev\u00ea redu\u00e7\u00e3o da infla\u00e7\u00e3o e do PIB de 2026"}]},{"@type":"WebSite","@id":"https:\/\/mrnews.com.br\/#website","url":"https:\/\/mrnews.com.br\/","name":"MRNews","description":"MRNews Jogos de hoje da TV, transmiss\u00f5es ao vivo, Not\u00edcias de futebol, Jogos ao vivo, Lives, resumo de novelas, Programa\u00e7\u00e3o da Globo, A Fazenda e BBB","publisher":{"@id":"https:\/\/mrnews.com.br\/#organization"},"potentialAction":[{"@type":"SearchAction","target":{"@type":"EntryPoint","urlTemplate":"https:\/\/mrnews.com.br\/?s={search_term_string}"},"query-input":{"@type":"PropertyValueSpecification","valueRequired":true,"valueName":"search_term_string"}}],"inLanguage":"pt-BR"},{"@type":"Organization","@id":"https:\/\/mrnews.com.br\/#organization","name":"MRNews","url":"https:\/\/mrnews.com.br\/","logo":{"@type":"ImageObject","inLanguage":"pt-BR","@id":"https:\/\/mrnews.com.br\/#\/schema\/logo\/image\/","url":"https:\/\/mrnews.com.br\/wp-content\/uploads\/2026\/08\/MRNEws.png","contentUrl":"https:\/\/mrnews.com.br\/wp-content\/uploads\/2026\/08\/MRNEws.png","width":1254,"height":1254,"caption":"MRNews"},"image":{"@id":"https:\/\/mrnews.com.br\/#\/schema\/logo\/image\/"},"sameAs":["https:\/\/www.facebook.com\/eaipahpah\/?locale2=pt_BR","https:\/\/x.com\/conspirou","https:\/\/www.instagram.com\/eai_pahpah","https:\/\/br.pinterest.com\/mrnewsn\/boards\/","https:\/\/www.youtube.com\/channel\/UCacgnpznQ61fifLWr1tQ-vA?view_as=subscriber"]},{"@type":"Person","@id":"https:\/\/mrnews.com.br\/#\/schema\/person\/2f073f2d87903a2ff9a065e41bbf17d4","name":"Fernando Corraa","image":{"@type":"ImageObject","inLanguage":"pt-BR","@id":"https:\/\/secure.gravatar.com\/avatar\/9069acb0e588c9f4346ba747284aef18a5faaab575e89e9ccc64e315003f0b82?s=96&d=monsterid&r=g","url":"https:\/\/secure.gravatar.com\/avatar\/9069acb0e588c9f4346ba747284aef18a5faaab575e89e9ccc64e315003f0b82?s=96&d=monsterid&r=g","contentUrl":"https:\/\/secure.gravatar.com\/avatar\/9069acb0e588c9f4346ba747284aef18a5faaab575e89e9ccc64e315003f0b82?s=96&d=monsterid&r=g","caption":"Fernando Corraa"},"url":"https:\/\/mrnews.com.br\/index.php\/author\/fernando-corraa\/"}]}},"jetpack_sharing_enabled":true,"jetpack_shortlink":"https:\/\/wp.me\/pa2Qf7-1XdS","amp_enabled":true,"jetpack_featured_media_url":"","_links":{"self":[{"href":"https:\/\/mrnews.com.br\/index.php\/wp-json\/wp\/v2\/posts\/465984","targetHints":{"allow":["GET"]}}],"collection":[{"href":"https:\/\/mrnews.com.br\/index.php\/wp-json\/wp\/v2\/posts"}],"about":[{"href":"https:\/\/mrnews.com.br\/index.php\/wp-json\/wp\/v2\/types\/post"}],"author":[{"embeddable":true,"href":"https:\/\/mrnews.com.br\/index.php\/wp-json\/wp\/v2\/users\/39"}],"replies":[{"embeddable":true,"href":"https:\/\/mrnews.com.br\/index.php\/wp-json\/wp\/v2\/comments?post=465984"}],"version-history":[{"count":0,"href":"https:\/\/mrnews.com.br\/index.php\/wp-json\/wp\/v2\/posts\/465984\/revisions"}],"wp:attachment":[{"href":"https:\/\/mrnews.com.br\/index.php\/wp-json\/wp\/v2\/media?parent=465984"}],"wp:term":[{"taxonomy":"category","embeddable":true,"href":"https:\/\/mrnews.com.br\/index.php\/wp-json\/wp\/v2\/categories?post=465984"},{"taxonomy":"post_tag","embeddable":true,"href":"https:\/\/mrnews.com.br\/index.php\/wp-json\/wp\/v2\/tags?post=465984"}],"curies":[{"name":"wp","href":"https:\/\/api.w.org\/{rel}","templated":true}]}}