{"id":465989,"date":"2026-08-31T14:26:17","date_gmt":"2026-08-31T17:26:17","guid":{"rendered":"https:\/\/mrnews.com.br\/index.php\/2026\/08\/31\/escola-do-suas-completa-5-anos-com-83-mil-capacitados-cgnoticias\/"},"modified":"2026-08-31T14:26:17","modified_gmt":"2026-08-31T17:26:17","slug":"escola-do-suas-completa-5-anos-com-83-mil-capacitados-cgnoticias","status":"publish","type":"post","link":"https:\/\/mrnews.com.br\/index.php\/2026\/08\/31\/escola-do-suas-completa-5-anos-com-83-mil-capacitados-cgnoticias\/","title":{"rendered":"Escola do SUAS completa 5 anos com 8,3 mil capacitados \u2013 CGNot\u00edcias"},"content":{"rendered":"<p><\/p>\n<div>\n<p>A Escola Municipal do Sistema \u00danico de Assist\u00eancia Social (SUAS) completa cinco anos com 8.303 trabalhadores capacitados e 275 a\u00e7\u00f5es educativas voltadas \u00e0 qualifica\u00e7\u00e3o da rede socioassistencial de Campo Grande. Os resultados foram apresentados durante o encerramento do I Col\u00f3quio Entre Saberes e Pr\u00e1ticas: Di\u00e1logos Cient\u00edficos no Campo da Assist\u00eancia Social e dos Direitos Humanos.<\/p>\n<p>Promovido pela Secretaria de Assist\u00eancia Social e Cidadania (SAS), por meio da Superintend\u00eancia de Gest\u00e3o do SUAS, da Ger\u00eancia de Educa\u00e7\u00e3o Permanente e da Escola Municipal do SUAS, o Col\u00f3quio come\u00e7ou em mar\u00e7o e reuniu 14 pesquisas de p\u00f3s-gradua\u00e7\u00e3o produzidas por servidores da rede socioassistencial.<\/p>\n<p>Na etapa final, os pesquisadores Thiago de Brito Ribeiro, Cleberson da Silva Alves, Ana Maria Esp\u00edndola e Eliezer Grilo apresentaram estudos sobre diferentes quest\u00f5es relacionadas ao cotidiano dos servi\u00e7os, incluindo sa\u00fade mental no ambiente de trabalho e viol\u00eancia de g\u00eanero.<\/p>\n<p>A proposta aproxima o conhecimento produzido nas universidades e pelos pr\u00f3prios profissionais da realidade encontrada nos servi\u00e7os municipais. Os estudos abordam temas que atravessam a pol\u00edtica de Assist\u00eancia Social e contribuem para a reflex\u00e3o sobre pr\u00e1ticas profissionais e atendimento \u00e0 popula\u00e7\u00e3o.<\/p>\n<figure class=\"wp-block-image size-large\"><\/figure>\n<h5 class=\"wp-block-heading\">Forma\u00e7\u00e3o continuada<\/h5>\n<p>A Escola Municipal do SUAS \u00e9 uma unidade descentralizada da SAS voltada \u00e0 forma\u00e7\u00e3o continuada de profissionais, gestores, conselheiros de direitos e demais integrantes da rede municipal. O processo de estrutura\u00e7\u00e3o come\u00e7ou em 2017 e a institui\u00e7\u00e3o foi oficializada em 2021.<\/p>\n<p>Em cinco anos, foram realizadas 275 a\u00e7\u00f5es educativas, com participa\u00e7\u00e3o de 8.303 trabalhadores. A forma\u00e7\u00e3o permanente contribui para a atualiza\u00e7\u00e3o dos profissionais e para o aprimoramento das pr\u00e1ticas desenvolvidas nos servi\u00e7os socioassistenciais.<\/p>\n<p>Para a superintendente de Gest\u00e3o do SUAS, Marcilene Rodrigues, a forma\u00e7\u00e3o tamb\u00e9m fortalece a identidade dos profissionais que atuam na \u00e1rea. \u201cA educa\u00e7\u00e3o permanente nos traz de volta o pertencimento. O trabalho perpassa pelo m\u00e9todo e pela teoria, sempre pensando no cidad\u00e3o e na garantia de direitos\u201d, pontuou.<\/p>\n<p>A secret\u00e1ria-adjunta de Assist\u00eancia Social e Cidadania, In\u00eas Mongenout, destacou o papel da institui\u00e7\u00e3o na qualifica\u00e7\u00e3o dos profissionais. \u201cAcreditamos que o nosso fazer impacta vidas. O fazer t\u00e9cnico da assist\u00eancia somos n\u00f3s que detemos, e a escola nos traz inje\u00e7\u00e3o constante de saber\u201d, disse.<\/p>\n<p>A gerente da Escola Municipal do SUAS, Ana Maria Esp\u00edndola, tamb\u00e9m destacou a contribui\u00e7\u00e3o das pesquisas desenvolvidas pelos pr\u00f3prios servidores. \u201cNossa pol\u00edtica p\u00fablica se fortalece a partir das nossas pr\u00e1ticas e do nosso saber. As pesquisas desenvolvidas aqui t\u00eam impacto relevante para Campo Grande e proje\u00e7\u00e3o no cen\u00e1rio nacional\u201d, concluiu.<\/p>\n<p><em>#ParaTodosVeem: A imagem de capa mostra homem discursando no encerramento do I Col\u00f3quio Entre Saberes e Pr\u00e1ticas: Di\u00e1logos Cient\u00edficos no Campo da Assist\u00eancia Social e dos Direitos Humanos, com tel\u00e3o exibindo o tema \u201cRecome\u00e7ar\u201d ao fundo.<\/em><\/p>\n<\/div>\n<p><script async defer async defer src=\"https:\/\/connect.facebook.net\/en_US\/sdk.js?ver=1#xfbml=1&amp;version=v3.2\" id=\"prefeitura-campogrande-script-facebook-sdk-js\"><\/script><\/p>\n","protected":false},"excerpt":{"rendered":"<p>A Escola Municipal do Sistema \u00danico de Assist\u00eancia Social (SUAS) completa cinco anos com 8.303 trabalhadores capacitados e 275 a\u00e7\u00f5es educativas voltadas \u00e0 qualifica\u00e7\u00e3o da rede socioassistencial de Campo Grande. Os resultados foram apresentados durante o encerramento do I Col\u00f3quio Entre Saberes e Pr\u00e1ticas: Di\u00e1logos Cient\u00edficos no Campo da Assist\u00eancia Social e dos Direitos Humanos. &hellip;<\/p>\n","protected":false},"author":39,"featured_media":0,"comment_status":"open","ping_status":"open","sticky":false,"template":"","format":"standard","meta":{"_jetpack_newsletter_access":"","_jetpack_dont_email_post_to_subs":false,"_jetpack_newsletter_tier_id":0,"_jetpack_memberships_contains_paywalled_content":false,"_jetpack_feature_clip_id":0,"_jetpack_memberships_contains_paid_content":false,"footnotes":"","jetpack_post_was_ever_published":false},"categories":[12410],"tags":[],"class_list":["post-465989","post","type-post","status-publish","format-standard","hentry","category-ms"],"yoast_head":"<!-- This site is optimized with the Yoast SEO plugin v28.3 - https:\/\/yoast.com\/product\/yoast-seo-wordpress\/ -->\n<title>Escola do SUAS completa 5 anos com 8,3 mil capacitados \u2013 CGNot\u00edcias<\/title>\n<meta name=\"robots\" content=\"index, follow, max-snippet:-1, max-image-preview:large, max-video-preview:-1\" \/>\n<link rel=\"canonical\" href=\"https:\/\/www.campogrande.ms.gov.br\/cgnoticias\/noticia\/escola-do-suas-completa-5-anos-com-83-mil-capacitados\/\" \/>\n<meta property=\"og:locale\" content=\"pt_BR\" \/>\n<meta property=\"og:type\" content=\"article\" \/>\n<meta property=\"og:title\" content=\"Escola do SUAS completa 5 anos com 8,3 mil capacitados \u2013 CGNot\u00edcias\" \/>\n<meta property=\"og:description\" content=\"A Escola Municipal do Sistema \u00danico de Assist\u00eancia Social (SUAS) completa cinco anos com 8.303 trabalhadores capacitados e 275 a\u00e7\u00f5es educativas voltadas \u00e0 qualifica\u00e7\u00e3o da rede socioassistencial de Campo Grande. Os resultados foram apresentados durante o encerramento do I Col\u00f3quio Entre Saberes e Pr\u00e1ticas: Di\u00e1logos Cient\u00edficos no Campo da Assist\u00eancia Social e dos Direitos Humanos. &hellip;\" \/>\n<meta property=\"og:url\" content=\"https:\/\/www.campogrande.ms.gov.br\/cgnoticias\/noticia\/escola-do-suas-completa-5-anos-com-83-mil-capacitados\/\" \/>\n<meta property=\"og:site_name\" content=\"MRNews\" \/>\n<meta property=\"article:publisher\" content=\"https:\/\/www.facebook.com\/eaipahpah\/?locale2=pt_BR\" \/>\n<meta property=\"article:published_time\" content=\"2026-08-31T17:26:17+00:00\" \/>\n<meta name=\"author\" content=\"Fernando Corraa\" \/>\n<meta name=\"twitter:card\" content=\"summary_large_image\" \/>\n<meta name=\"twitter:creator\" content=\"@conspirou\" \/>\n<meta name=\"twitter:site\" content=\"@conspirou\" \/>\n<meta name=\"twitter:label1\" content=\"Escrito por\" \/>\n\t<meta name=\"twitter:data1\" content=\"Fernando Corraa\" \/>\n\t<meta name=\"twitter:label2\" content=\"Est. tempo de leitura\" \/>\n\t<meta name=\"twitter:data2\" content=\"2 minutos\" \/>\n<script type=\"application\/ld+json\" class=\"yoast-schema-graph\">{\"@context\":\"https:\\\/\\\/schema.org\",\"@graph\":[{\"@type\":\"Article\",\"@id\":\"https:\\\/\\\/www.campogrande.ms.gov.br\\\/cgnoticias\\\/noticia\\\/escola-do-suas-completa-5-anos-com-83-mil-capacitados\\\/#article\",\"isPartOf\":{\"@id\":\"https:\\\/\\\/mrnews.com.br\\\/index.php\\\/2026\\\/08\\\/31\\\/escola-do-suas-completa-5-anos-com-83-mil-capacitados-cgnoticias\\\/\"},\"author\":{\"name\":\"Fernando Corraa\",\"@id\":\"https:\\\/\\\/mrnews.com.br\\\/#\\\/schema\\\/person\\\/2f073f2d87903a2ff9a065e41bbf17d4\"},\"headline\":\"Escola do SUAS completa 5 anos com 8,3 mil capacitados \u2013 CGNot\u00edcias\",\"datePublished\":\"2026-08-31T17:26:17+00:00\",\"mainEntityOfPage\":{\"@id\":\"https:\\\/\\\/mrnews.com.br\\\/index.php\\\/2026\\\/08\\\/31\\\/escola-do-suas-completa-5-anos-com-83-mil-capacitados-cgnoticias\\\/\"},\"wordCount\":507,\"commentCount\":0,\"publisher\":{\"@id\":\"https:\\\/\\\/mrnews.com.br\\\/#organization\"},\"articleSection\":[\"Mato Grosso do Sul\"],\"inLanguage\":\"pt-BR\",\"potentialAction\":[{\"@type\":\"CommentAction\",\"name\":\"Comment\",\"target\":[\"https:\\\/\\\/www.campogrande.ms.gov.br\\\/cgnoticias\\\/noticia\\\/escola-do-suas-completa-5-anos-com-83-mil-capacitados\\\/#respond\"]}]},{\"@type\":\"WebPage\",\"@id\":\"https:\\\/\\\/mrnews.com.br\\\/index.php\\\/2026\\\/08\\\/31\\\/escola-do-suas-completa-5-anos-com-83-mil-capacitados-cgnoticias\\\/\",\"url\":\"https:\\\/\\\/www.campogrande.ms.gov.br\\\/cgnoticias\\\/noticia\\\/escola-do-suas-completa-5-anos-com-83-mil-capacitados\\\/\",\"name\":\"Escola do SUAS completa 5 anos com 8,3 mil capacitados \u2013 CGNot\u00edcias\",\"isPartOf\":{\"@id\":\"https:\\\/\\\/mrnews.com.br\\\/#website\"},\"datePublished\":\"2026-08-31T17:26:17+00:00\",\"breadcrumb\":{\"@id\":\"https:\\\/\\\/www.campogrande.ms.gov.br\\\/cgnoticias\\\/noticia\\\/escola-do-suas-completa-5-anos-com-83-mil-capacitados\\\/#breadcrumb\"},\"inLanguage\":\"pt-BR\",\"potentialAction\":[{\"@type\":\"ReadAction\",\"target\":[\"https:\\\/\\\/www.campogrande.ms.gov.br\\\/cgnoticias\\\/noticia\\\/escola-do-suas-completa-5-anos-com-83-mil-capacitados\\\/\"]}]},{\"@type\":\"BreadcrumbList\",\"@id\":\"https:\\\/\\\/www.campogrande.ms.gov.br\\\/cgnoticias\\\/noticia\\\/escola-do-suas-completa-5-anos-com-83-mil-capacitados\\\/#breadcrumb\",\"itemListElement\":[{\"@type\":\"ListItem\",\"position\":1,\"name\":\"In\u00edcio\",\"item\":\"https:\\\/\\\/mrnews.com.br\\\/\"},{\"@type\":\"ListItem\",\"position\":2,\"name\":\"Escola do SUAS completa 5 anos com 8,3 mil capacitados \u2013 CGNot\u00edcias\"}]},{\"@type\":\"WebSite\",\"@id\":\"https:\\\/\\\/mrnews.com.br\\\/#website\",\"url\":\"https:\\\/\\\/mrnews.com.br\\\/\",\"name\":\"MRNews\",\"description\":\"MRNews Jogos de hoje da TV, transmiss\u00f5es ao vivo, Not\u00edcias de futebol, Jogos ao vivo, Lives, resumo de novelas, Programa\u00e7\u00e3o da Globo, A Fazenda e BBB\",\"publisher\":{\"@id\":\"https:\\\/\\\/mrnews.com.br\\\/#organization\"},\"potentialAction\":[{\"@type\":\"SearchAction\",\"target\":{\"@type\":\"EntryPoint\",\"urlTemplate\":\"https:\\\/\\\/mrnews.com.br\\\/?s={search_term_string}\"},\"query-input\":{\"@type\":\"PropertyValueSpecification\",\"valueRequired\":true,\"valueName\":\"search_term_string\"}}],\"inLanguage\":\"pt-BR\"},{\"@type\":\"Organization\",\"@id\":\"https:\\\/\\\/mrnews.com.br\\\/#organization\",\"name\":\"MRNews\",\"url\":\"https:\\\/\\\/mrnews.com.br\\\/\",\"logo\":{\"@type\":\"ImageObject\",\"inLanguage\":\"pt-BR\",\"@id\":\"https:\\\/\\\/mrnews.com.br\\\/#\\\/schema\\\/logo\\\/image\\\/\",\"url\":\"https:\\\/\\\/mrnews.com.br\\\/wp-content\\\/uploads\\\/2026\\\/08\\\/MRNEws.png\",\"contentUrl\":\"https:\\\/\\\/mrnews.com.br\\\/wp-content\\\/uploads\\\/2026\\\/08\\\/MRNEws.png\",\"width\":1254,\"height\":1254,\"caption\":\"MRNews\"},\"image\":{\"@id\":\"https:\\\/\\\/mrnews.com.br\\\/#\\\/schema\\\/logo\\\/image\\\/\"},\"sameAs\":[\"https:\\\/\\\/www.facebook.com\\\/eaipahpah\\\/?locale2=pt_BR\",\"https:\\\/\\\/x.com\\\/conspirou\",\"https:\\\/\\\/www.instagram.com\\\/eai_pahpah\",\"https:\\\/\\\/br.pinterest.com\\\/mrnewsn\\\/boards\\\/\",\"https:\\\/\\\/www.youtube.com\\\/channel\\\/UCacgnpznQ61fifLWr1tQ-vA?view_as=subscriber\"]},{\"@type\":\"Person\",\"@id\":\"https:\\\/\\\/mrnews.com.br\\\/#\\\/schema\\\/person\\\/2f073f2d87903a2ff9a065e41bbf17d4\",\"name\":\"Fernando Corraa\",\"image\":{\"@type\":\"ImageObject\",\"inLanguage\":\"pt-BR\",\"@id\":\"https:\\\/\\\/secure.gravatar.com\\\/avatar\\\/9069acb0e588c9f4346ba747284aef18a5faaab575e89e9ccc64e315003f0b82?s=96&d=monsterid&r=g\",\"url\":\"https:\\\/\\\/secure.gravatar.com\\\/avatar\\\/9069acb0e588c9f4346ba747284aef18a5faaab575e89e9ccc64e315003f0b82?s=96&d=monsterid&r=g\",\"contentUrl\":\"https:\\\/\\\/secure.gravatar.com\\\/avatar\\\/9069acb0e588c9f4346ba747284aef18a5faaab575e89e9ccc64e315003f0b82?s=96&d=monsterid&r=g\",\"caption\":\"Fernando Corraa\"},\"url\":\"https:\\\/\\\/mrnews.com.br\\\/index.php\\\/author\\\/fernando-corraa\\\/\"}]}<\/script>\n<!-- \/ Yoast SEO plugin. -->","yoast_head_json":{"title":"Escola do SUAS completa 5 anos com 8,3 mil capacitados \u2013 CGNot\u00edcias","robots":{"index":"index","follow":"follow","max-snippet":"max-snippet:-1","max-image-preview":"max-image-preview:large","max-video-preview":"max-video-preview:-1"},"canonical":"https:\/\/www.campogrande.ms.gov.br\/cgnoticias\/noticia\/escola-do-suas-completa-5-anos-com-83-mil-capacitados\/","og_locale":"pt_BR","og_type":"article","og_title":"Escola do SUAS completa 5 anos com 8,3 mil capacitados \u2013 CGNot\u00edcias","og_description":"A Escola Municipal do Sistema \u00danico de Assist\u00eancia Social (SUAS) completa cinco anos com 8.303 trabalhadores capacitados e 275 a\u00e7\u00f5es educativas voltadas \u00e0 qualifica\u00e7\u00e3o da rede socioassistencial de Campo Grande. Os resultados foram apresentados durante o encerramento do I Col\u00f3quio Entre Saberes e Pr\u00e1ticas: Di\u00e1logos Cient\u00edficos no Campo da Assist\u00eancia Social e dos Direitos Humanos. &hellip;","og_url":"https:\/\/www.campogrande.ms.gov.br\/cgnoticias\/noticia\/escola-do-suas-completa-5-anos-com-83-mil-capacitados\/","og_site_name":"MRNews","article_publisher":"https:\/\/www.facebook.com\/eaipahpah\/?locale2=pt_BR","article_published_time":"2026-08-31T17:26:17+00:00","author":"Fernando Corraa","twitter_card":"summary_large_image","twitter_creator":"@conspirou","twitter_site":"@conspirou","twitter_misc":{"Escrito por":"Fernando Corraa","Est. tempo de leitura":"2 minutos"},"schema":{"@context":"https:\/\/schema.org","@graph":[{"@type":"Article","@id":"https:\/\/www.campogrande.ms.gov.br\/cgnoticias\/noticia\/escola-do-suas-completa-5-anos-com-83-mil-capacitados\/#article","isPartOf":{"@id":"https:\/\/mrnews.com.br\/index.php\/2026\/08\/31\/escola-do-suas-completa-5-anos-com-83-mil-capacitados-cgnoticias\/"},"author":{"name":"Fernando Corraa","@id":"https:\/\/mrnews.com.br\/#\/schema\/person\/2f073f2d87903a2ff9a065e41bbf17d4"},"headline":"Escola do SUAS completa 5 anos com 8,3 mil capacitados \u2013 CGNot\u00edcias","datePublished":"2026-08-31T17:26:17+00:00","mainEntityOfPage":{"@id":"https:\/\/mrnews.com.br\/index.php\/2026\/08\/31\/escola-do-suas-completa-5-anos-com-83-mil-capacitados-cgnoticias\/"},"wordCount":507,"commentCount":0,"publisher":{"@id":"https:\/\/mrnews.com.br\/#organization"},"articleSection":["Mato Grosso do Sul"],"inLanguage":"pt-BR","potentialAction":[{"@type":"CommentAction","name":"Comment","target":["https:\/\/www.campogrande.ms.gov.br\/cgnoticias\/noticia\/escola-do-suas-completa-5-anos-com-83-mil-capacitados\/#respond"]}]},{"@type":"WebPage","@id":"https:\/\/mrnews.com.br\/index.php\/2026\/08\/31\/escola-do-suas-completa-5-anos-com-83-mil-capacitados-cgnoticias\/","url":"https:\/\/www.campogrande.ms.gov.br\/cgnoticias\/noticia\/escola-do-suas-completa-5-anos-com-83-mil-capacitados\/","name":"Escola do SUAS completa 5 anos com 8,3 mil capacitados \u2013 CGNot\u00edcias","isPartOf":{"@id":"https:\/\/mrnews.com.br\/#website"},"datePublished":"2026-08-31T17:26:17+00:00","breadcrumb":{"@id":"https:\/\/www.campogrande.ms.gov.br\/cgnoticias\/noticia\/escola-do-suas-completa-5-anos-com-83-mil-capacitados\/#breadcrumb"},"inLanguage":"pt-BR","potentialAction":[{"@type":"ReadAction","target":["https:\/\/www.campogrande.ms.gov.br\/cgnoticias\/noticia\/escola-do-suas-completa-5-anos-com-83-mil-capacitados\/"]}]},{"@type":"BreadcrumbList","@id":"https:\/\/www.campogrande.ms.gov.br\/cgnoticias\/noticia\/escola-do-suas-completa-5-anos-com-83-mil-capacitados\/#breadcrumb","itemListElement":[{"@type":"ListItem","position":1,"name":"In\u00edcio","item":"https:\/\/mrnews.com.br\/"},{"@type":"ListItem","position":2,"name":"Escola do SUAS completa 5 anos com 8,3 mil capacitados \u2013 CGNot\u00edcias"}]},{"@type":"WebSite","@id":"https:\/\/mrnews.com.br\/#website","url":"https:\/\/mrnews.com.br\/","name":"MRNews","description":"MRNews Jogos de hoje da TV, transmiss\u00f5es ao vivo, Not\u00edcias de futebol, Jogos ao vivo, Lives, resumo de novelas, Programa\u00e7\u00e3o da Globo, A Fazenda e BBB","publisher":{"@id":"https:\/\/mrnews.com.br\/#organization"},"potentialAction":[{"@type":"SearchAction","target":{"@type":"EntryPoint","urlTemplate":"https:\/\/mrnews.com.br\/?s={search_term_string}"},"query-input":{"@type":"PropertyValueSpecification","valueRequired":true,"valueName":"search_term_string"}}],"inLanguage":"pt-BR"},{"@type":"Organization","@id":"https:\/\/mrnews.com.br\/#organization","name":"MRNews","url":"https:\/\/mrnews.com.br\/","logo":{"@type":"ImageObject","inLanguage":"pt-BR","@id":"https:\/\/mrnews.com.br\/#\/schema\/logo\/image\/","url":"https:\/\/mrnews.com.br\/wp-content\/uploads\/2026\/08\/MRNEws.png","contentUrl":"https:\/\/mrnews.com.br\/wp-content\/uploads\/2026\/08\/MRNEws.png","width":1254,"height":1254,"caption":"MRNews"},"image":{"@id":"https:\/\/mrnews.com.br\/#\/schema\/logo\/image\/"},"sameAs":["https:\/\/www.facebook.com\/eaipahpah\/?locale2=pt_BR","https:\/\/x.com\/conspirou","https:\/\/www.instagram.com\/eai_pahpah","https:\/\/br.pinterest.com\/mrnewsn\/boards\/","https:\/\/www.youtube.com\/channel\/UCacgnpznQ61fifLWr1tQ-vA?view_as=subscriber"]},{"@type":"Person","@id":"https:\/\/mrnews.com.br\/#\/schema\/person\/2f073f2d87903a2ff9a065e41bbf17d4","name":"Fernando Corraa","image":{"@type":"ImageObject","inLanguage":"pt-BR","@id":"https:\/\/secure.gravatar.com\/avatar\/9069acb0e588c9f4346ba747284aef18a5faaab575e89e9ccc64e315003f0b82?s=96&d=monsterid&r=g","url":"https:\/\/secure.gravatar.com\/avatar\/9069acb0e588c9f4346ba747284aef18a5faaab575e89e9ccc64e315003f0b82?s=96&d=monsterid&r=g","contentUrl":"https:\/\/secure.gravatar.com\/avatar\/9069acb0e588c9f4346ba747284aef18a5faaab575e89e9ccc64e315003f0b82?s=96&d=monsterid&r=g","caption":"Fernando Corraa"},"url":"https:\/\/mrnews.com.br\/index.php\/author\/fernando-corraa\/"}]}},"jetpack_sharing_enabled":true,"jetpack_shortlink":"https:\/\/wp.me\/pa2Qf7-1XdX","amp_enabled":true,"jetpack_featured_media_url":"","_links":{"self":[{"href":"https:\/\/mrnews.com.br\/index.php\/wp-json\/wp\/v2\/posts\/465989","targetHints":{"allow":["GET"]}}],"collection":[{"href":"https:\/\/mrnews.com.br\/index.php\/wp-json\/wp\/v2\/posts"}],"about":[{"href":"https:\/\/mrnews.com.br\/index.php\/wp-json\/wp\/v2\/types\/post"}],"author":[{"embeddable":true,"href":"https:\/\/mrnews.com.br\/index.php\/wp-json\/wp\/v2\/users\/39"}],"replies":[{"embeddable":true,"href":"https:\/\/mrnews.com.br\/index.php\/wp-json\/wp\/v2\/comments?post=465989"}],"version-history":[{"count":0,"href":"https:\/\/mrnews.com.br\/index.php\/wp-json\/wp\/v2\/posts\/465989\/revisions"}],"wp:attachment":[{"href":"https:\/\/mrnews.com.br\/index.php\/wp-json\/wp\/v2\/media?parent=465989"}],"wp:term":[{"taxonomy":"category","embeddable":true,"href":"https:\/\/mrnews.com.br\/index.php\/wp-json\/wp\/v2\/categories?post=465989"},{"taxonomy":"post_tag","embeddable":true,"href":"https:\/\/mrnews.com.br\/index.php\/wp-json\/wp\/v2\/tags?post=465989"}],"curies":[{"name":"wp","href":"https:\/\/api.w.org\/{rel}","templated":true}]}}