{"id":465995,"date":"2026-08-31T16:19:18","date_gmt":"2026-08-31T19:19:18","guid":{"rendered":"https:\/\/mrnews.com.br\/index.php\/2026\/08\/31\/brasileiro-tem-dificuldade-em-saber-seus-direitos-aponta-pesquisa\/"},"modified":"2026-08-31T16:19:18","modified_gmt":"2026-08-31T19:19:18","slug":"brasileiro-tem-dificuldade-em-saber-seus-direitos-aponta-pesquisa","status":"publish","type":"post","link":"https:\/\/mrnews.com.br\/index.php\/2026\/08\/31\/brasileiro-tem-dificuldade-em-saber-seus-direitos-aponta-pesquisa\/","title":{"rendered":"Brasileiro tem dificuldade em saber seus direitos, aponta pesquisa"},"content":{"rendered":"<p>Por EBC, <\/p>\n<div>\n<p>De cada dez brasileiros, sete (70%) que acreditam ter sido v\u00edtimas de ilegalidades consideram dif\u00edcil ou muito dif\u00edcil encontrar informa\u00e7\u00f5es sobre seus direitos e processos judiciais. O dado \u00e9 de pesquisa conduzida pela Ipsos, sob encomenda pelo portal de informa\u00e7\u00f5es jur\u00eddicas Jusbrasil, apresentada com exclusividade \u00e0 <strong>Ag\u00eancia Brasil<\/strong>.\u00a0<\/p>\n<p><strong>A pesquisa mostra que 72% dos entrevistados ou algu\u00e9m de seu domic\u00edlio tiveram ou podem ter tido algum direito violado nos \u00faltimos 12 meses.<\/strong> Desse total, 36% t\u00eam certeza de que houve uma viola\u00e7\u00e3o e outros 36% suspeitam que isso tenha acontecido. Outros 22% afirmam que n\u00e3o passaram por uma situa\u00e7\u00e3o desse tipo e 6% n\u00e3o souberam responder ou n\u00e3o se lembraram de um epis\u00f3dio desse tipo.<\/p>\n<p>Entre os que suspeitam de viola\u00e7\u00f5es e os que n\u00e3o souberam ou n\u00e3o lembraram, 42% n\u00e3o conseguem afirmar com seguran\u00e7a se eles pr\u00f3prios ou algu\u00e9m de seu domic\u00edlio tiveram algum direito violado. <strong>A d\u00favida, portanto, pode aparecer antes de a pessoa buscar orienta\u00e7\u00e3o ou decidir como agir.<\/strong><\/p>\n<p>Foram feitas 1,5 mil entrevistas com homens e mulheres de 18 anos de idade ou mais, de todas as classes sociais, por todas as regi\u00f5es do pa\u00eds. O per\u00edodo de coleta foi de 28 de julho a 4 de agosto deste ano, e a margem de erro \u00e9 de 2,5 pontos percentuais.<\/p>\n<div class=\"dnd-widget-wrapper context-cheio_8colunas type-image\">\n<div class=\"dnd-atom-rendered\"><!-- scald=473086:cheio_8colunas --><\/p>\n<p>    <!-- END scald=473086 --><\/div>\n<p><h6 class=\"meta\"><!--copyright=473086-->Ipsos &#8211;\u00a0<strong>Divulga\u00e7\u00e3o<\/strong><!--END copyright=473086--><\/h6>\n<\/p>\n<\/div>\n<h2>Desconhecimento\u00a0<\/h2>\n<p><strong>O levantamento revela que as barreiras se imp\u00f5em a todas as classes sociais.<\/strong> O acesso a informa\u00e7\u00f5es \u00e9 considerado dif\u00edcil ou muito dif\u00edcil para um mesmo n\u00famero de pessoas das classes AB \u00e0s DE.\u00a0<\/p>\n<p>O mesmo se constata em rela\u00e7\u00e3o ao grau de escolaridade, j\u00e1 que mais anos de estudo n\u00e3o se convertem em uma maior compreens\u00e3o sobre direitos e quais os meios para garanti-los.<\/p>\n<p>Com a pesquisa, fica claro que <strong>o desconhecimento leva, muitas vezes, \u00e0 falta de a\u00e7\u00e3o de quem se sentiu ou foi de fato prejudicado<\/strong>. Uma parcela de 60% dos entrevistados declara ter deixado de obter algum direito ou benef\u00edcio por n\u00e3o saber o que fazer.\u00a0<\/p>\n<p>Entre aqueles que identificaram uma viola\u00e7\u00e3o de direito, um ter\u00e7o (33%) diz ter dado encaminhamento, enquanto 10% est\u00e3o no in\u00edcio de uma quest\u00e3o legal ou processo, e 17% afirmaram j\u00e1 t\u00ea-los finalizado. Outros 27% t\u00eam um processo judicial ainda n\u00e3o iniciado e 13% n\u00e3o sabem informar a situa\u00e7\u00e3o atual.<\/p>\n<h2>Poder p\u00fablico<\/h2>\n<p>O advogado da Rede Nacional de Advogadas e Advogados Populares\u00a0Paulo Mariante defende que o Estado assuma a responsabilidade pela democratiza\u00e7\u00e3o desses fundamentos de direitos, por meio da ado\u00e7\u00e3o de pol\u00edticas p\u00fablicas de dissemina\u00e7\u00e3o que partem desde o ensino b\u00e1sico, em escolas de todo o pa\u00eds.\u00a0<\/p>\n<p>A lacuna dessa medida, segundo o advogado, \u00e9 suprida, atualmente, por centros de forma\u00e7\u00e3o cultural e pol\u00edtica, que, por mais valiosos que sejam, n\u00e3o abrangem toda a popula\u00e7\u00e3o.<\/p>\n<p><strong>&#8220;\u00c9 importante saber matem\u00e1tica, mas tamb\u00e9m saber direitos&#8221;, sintetiza Paula Mariante.<\/strong><\/p>\n<p>Conforme ressalta Mariante, as defensorias p\u00fablicas, \u00f3rg\u00e3os institu\u00eddos para prestar assist\u00eancia jur\u00eddica a pessoas de baixa renda, s\u00e3o recentes no Brasil. A do Rio de Janeiro, por exemplo, \u00e9 de 1954. A segunda, de Minas Gerais, surgiu 27 anos depois, em 1981. A de S\u00e3o Paulo completa somente duas d\u00e9cadas de exist\u00eancia este ano.<\/p>\n<div class=\"dnd-widget-wrapper context-cheio_8colunas type-image\">\n<div class=\"dnd-atom-rendered\"><!-- scald=473087:cheio_8colunas --><\/p>\n<p>    <!-- END scald=473087 --><\/div>\n<p><h6 class=\"meta\">Ipsos &#8211; Di<strong>vulga\u00e7\u00e3o<\/strong><!--END copyright=473087--><\/h6>\n<\/p>\n<\/div>\n<p>Segundo o advogado, a capacidade de coletivos dedicados a esses atendimentos, como os organizados por militantes como a jornalista Amelinha Teles, presa e torturada durante a ditadura militar instaurada com o golpe de 1964, demonstra o que o Estado poderia concretizar. &#8220;Mas isso s\u00f3 avan\u00e7aria com vontade pol\u00edtica&#8221;, frisa.<\/p>\n<p><strong>&#8220;A linguagem jur\u00eddica \u00e9 um problema. Complexa, rebuscada, \u00e9 um exerc\u00edcio de poder&#8221;, avalia Mariante.<\/strong>\u00a0<\/p>\n<p>&#8220;Nossa educa\u00e7\u00e3o tem, hoje, uma s\u00e9rie de desafios, mas n\u00e3o \u00e9 por isso que [a educa\u00e7\u00e3o em direitos] deveria deixar de ser feita&#8221;, afirma.<\/p>\n<p>      <!-- Relacionada --><\/p>\n<p>            <!-- Relacionada -->\n    <\/div>\n","protected":false},"excerpt":{"rendered":"<p>Por EBC, De cada dez brasileiros, sete (70%) que acreditam ter sido v\u00edtimas de ilegalidades consideram dif\u00edcil ou muito dif\u00edcil encontrar informa\u00e7\u00f5es sobre seus direitos e processos judiciais. O dado \u00e9 de pesquisa conduzida pela Ipsos, sob encomenda pelo portal de informa\u00e7\u00f5es jur\u00eddicas Jusbrasil, apresentada com exclusividade \u00e0 Ag\u00eancia Brasil.\u00a0 A pesquisa mostra que 72% &hellip;<\/p>\n","protected":false},"author":39,"featured_media":0,"comment_status":"open","ping_status":"open","sticky":false,"template":"","format":"standard","meta":{"_jetpack_newsletter_access":"","_jetpack_dont_email_post_to_subs":false,"_jetpack_newsletter_tier_id":0,"_jetpack_memberships_contains_paywalled_content":false,"_jetpack_feature_clip_id":0,"_jetpack_memberships_contains_paid_content":false,"footnotes":"","jetpack_post_was_ever_published":false},"categories":[4],"tags":[],"class_list":["post-465995","post","type-post","status-publish","format-standard","hentry","category-servicos"],"yoast_head":"<!-- This site is optimized with the Yoast SEO plugin v28.3 - https:\/\/yoast.com\/product\/yoast-seo-wordpress\/ -->\n<title>Brasileiro tem dificuldade em saber seus direitos, aponta pesquisa<\/title>\n<meta name=\"robots\" content=\"index, follow, max-snippet:-1, max-image-preview:large, max-video-preview:-1\" \/>\n<link rel=\"canonical\" href=\"https:\/\/agenciabrasil.ebc.com.br\/justica\/noticia\/2026-08\/brasileiro-tem-dificuldade-em-saber-seus-direitos-aponta-pesquisa\" \/>\n<meta property=\"og:locale\" content=\"pt_BR\" \/>\n<meta property=\"og:type\" content=\"article\" \/>\n<meta property=\"og:title\" content=\"Brasileiro tem dificuldade em saber seus direitos, aponta pesquisa\" \/>\n<meta property=\"og:description\" content=\"Por EBC, De cada dez brasileiros, sete (70%) que acreditam ter sido v\u00edtimas de ilegalidades consideram dif\u00edcil ou muito dif\u00edcil encontrar informa\u00e7\u00f5es sobre seus direitos e processos judiciais. O dado \u00e9 de pesquisa conduzida pela Ipsos, sob encomenda pelo portal de informa\u00e7\u00f5es jur\u00eddicas Jusbrasil, apresentada com exclusividade \u00e0 Ag\u00eancia Brasil.\u00a0 A pesquisa mostra que 72% &hellip;\" \/>\n<meta property=\"og:url\" content=\"https:\/\/agenciabrasil.ebc.com.br\/justica\/noticia\/2026-08\/brasileiro-tem-dificuldade-em-saber-seus-direitos-aponta-pesquisa\" \/>\n<meta property=\"og:site_name\" content=\"MRNews\" \/>\n<meta property=\"article:publisher\" content=\"https:\/\/www.facebook.com\/eaipahpah\/?locale2=pt_BR\" \/>\n<meta property=\"article:published_time\" content=\"2026-08-31T19:19:18+00:00\" \/>\n<meta name=\"author\" content=\"Fernando Corraa\" \/>\n<meta name=\"twitter:card\" content=\"summary_large_image\" \/>\n<meta name=\"twitter:creator\" content=\"@conspirou\" \/>\n<meta name=\"twitter:site\" content=\"@conspirou\" \/>\n<meta name=\"twitter:label1\" content=\"Escrito por\" \/>\n\t<meta name=\"twitter:data1\" content=\"Fernando Corraa\" \/>\n\t<meta name=\"twitter:label2\" content=\"Est. tempo de leitura\" \/>\n\t<meta name=\"twitter:data2\" content=\"3 minutos\" \/>\n<script type=\"application\/ld+json\" class=\"yoast-schema-graph\">{\"@context\":\"https:\\\/\\\/schema.org\",\"@graph\":[{\"@type\":\"Article\",\"@id\":\"https:\\\/\\\/agenciabrasil.ebc.com.br\\\/justica\\\/noticia\\\/2026-08\\\/brasileiro-tem-dificuldade-em-saber-seus-direitos-aponta-pesquisa#article\",\"isPartOf\":{\"@id\":\"https:\\\/\\\/mrnews.com.br\\\/index.php\\\/2026\\\/08\\\/31\\\/brasileiro-tem-dificuldade-em-saber-seus-direitos-aponta-pesquisa\\\/\"},\"author\":{\"name\":\"Fernando Corraa\",\"@id\":\"https:\\\/\\\/mrnews.com.br\\\/#\\\/schema\\\/person\\\/2f073f2d87903a2ff9a065e41bbf17d4\"},\"headline\":\"Brasileiro tem dificuldade em saber seus direitos, aponta pesquisa\",\"datePublished\":\"2026-08-31T19:19:18+00:00\",\"mainEntityOfPage\":{\"@id\":\"https:\\\/\\\/mrnews.com.br\\\/index.php\\\/2026\\\/08\\\/31\\\/brasileiro-tem-dificuldade-em-saber-seus-direitos-aponta-pesquisa\\\/\"},\"wordCount\":669,\"commentCount\":0,\"publisher\":{\"@id\":\"https:\\\/\\\/mrnews.com.br\\\/#organization\"},\"articleSection\":[\"SERVI\u00c7OS\"],\"inLanguage\":\"pt-BR\",\"potentialAction\":[{\"@type\":\"CommentAction\",\"name\":\"Comment\",\"target\":[\"https:\\\/\\\/agenciabrasil.ebc.com.br\\\/justica\\\/noticia\\\/2026-08\\\/brasileiro-tem-dificuldade-em-saber-seus-direitos-aponta-pesquisa#respond\"]}]},{\"@type\":\"WebPage\",\"@id\":\"https:\\\/\\\/mrnews.com.br\\\/index.php\\\/2026\\\/08\\\/31\\\/brasileiro-tem-dificuldade-em-saber-seus-direitos-aponta-pesquisa\\\/\",\"url\":\"https:\\\/\\\/agenciabrasil.ebc.com.br\\\/justica\\\/noticia\\\/2026-08\\\/brasileiro-tem-dificuldade-em-saber-seus-direitos-aponta-pesquisa\",\"name\":\"Brasileiro tem dificuldade em saber seus direitos, aponta pesquisa\",\"isPartOf\":{\"@id\":\"https:\\\/\\\/mrnews.com.br\\\/#website\"},\"datePublished\":\"2026-08-31T19:19:18+00:00\",\"breadcrumb\":{\"@id\":\"https:\\\/\\\/agenciabrasil.ebc.com.br\\\/justica\\\/noticia\\\/2026-08\\\/brasileiro-tem-dificuldade-em-saber-seus-direitos-aponta-pesquisa#breadcrumb\"},\"inLanguage\":\"pt-BR\",\"potentialAction\":[{\"@type\":\"ReadAction\",\"target\":[\"https:\\\/\\\/agenciabrasil.ebc.com.br\\\/justica\\\/noticia\\\/2026-08\\\/brasileiro-tem-dificuldade-em-saber-seus-direitos-aponta-pesquisa\"]}]},{\"@type\":\"BreadcrumbList\",\"@id\":\"https:\\\/\\\/agenciabrasil.ebc.com.br\\\/justica\\\/noticia\\\/2026-08\\\/brasileiro-tem-dificuldade-em-saber-seus-direitos-aponta-pesquisa#breadcrumb\",\"itemListElement\":[{\"@type\":\"ListItem\",\"position\":1,\"name\":\"In\u00edcio\",\"item\":\"https:\\\/\\\/mrnews.com.br\\\/\"},{\"@type\":\"ListItem\",\"position\":2,\"name\":\"Brasileiro tem dificuldade em saber seus direitos, aponta pesquisa\"}]},{\"@type\":\"WebSite\",\"@id\":\"https:\\\/\\\/mrnews.com.br\\\/#website\",\"url\":\"https:\\\/\\\/mrnews.com.br\\\/\",\"name\":\"MRNews\",\"description\":\"MRNews Jogos de hoje da TV, transmiss\u00f5es ao vivo, Not\u00edcias de futebol, Jogos ao vivo, Lives, resumo de novelas, Programa\u00e7\u00e3o da Globo, A Fazenda e BBB\",\"publisher\":{\"@id\":\"https:\\\/\\\/mrnews.com.br\\\/#organization\"},\"potentialAction\":[{\"@type\":\"SearchAction\",\"target\":{\"@type\":\"EntryPoint\",\"urlTemplate\":\"https:\\\/\\\/mrnews.com.br\\\/?s={search_term_string}\"},\"query-input\":{\"@type\":\"PropertyValueSpecification\",\"valueRequired\":true,\"valueName\":\"search_term_string\"}}],\"inLanguage\":\"pt-BR\"},{\"@type\":\"Organization\",\"@id\":\"https:\\\/\\\/mrnews.com.br\\\/#organization\",\"name\":\"MRNews\",\"url\":\"https:\\\/\\\/mrnews.com.br\\\/\",\"logo\":{\"@type\":\"ImageObject\",\"inLanguage\":\"pt-BR\",\"@id\":\"https:\\\/\\\/mrnews.com.br\\\/#\\\/schema\\\/logo\\\/image\\\/\",\"url\":\"https:\\\/\\\/mrnews.com.br\\\/wp-content\\\/uploads\\\/2026\\\/08\\\/MRNEws.png\",\"contentUrl\":\"https:\\\/\\\/mrnews.com.br\\\/wp-content\\\/uploads\\\/2026\\\/08\\\/MRNEws.png\",\"width\":1254,\"height\":1254,\"caption\":\"MRNews\"},\"image\":{\"@id\":\"https:\\\/\\\/mrnews.com.br\\\/#\\\/schema\\\/logo\\\/image\\\/\"},\"sameAs\":[\"https:\\\/\\\/www.facebook.com\\\/eaipahpah\\\/?locale2=pt_BR\",\"https:\\\/\\\/x.com\\\/conspirou\",\"https:\\\/\\\/www.instagram.com\\\/eai_pahpah\",\"https:\\\/\\\/br.pinterest.com\\\/mrnewsn\\\/boards\\\/\",\"https:\\\/\\\/www.youtube.com\\\/channel\\\/UCacgnpznQ61fifLWr1tQ-vA?view_as=subscriber\"]},{\"@type\":\"Person\",\"@id\":\"https:\\\/\\\/mrnews.com.br\\\/#\\\/schema\\\/person\\\/2f073f2d87903a2ff9a065e41bbf17d4\",\"name\":\"Fernando Corraa\",\"image\":{\"@type\":\"ImageObject\",\"inLanguage\":\"pt-BR\",\"@id\":\"https:\\\/\\\/secure.gravatar.com\\\/avatar\\\/9069acb0e588c9f4346ba747284aef18a5faaab575e89e9ccc64e315003f0b82?s=96&d=monsterid&r=g\",\"url\":\"https:\\\/\\\/secure.gravatar.com\\\/avatar\\\/9069acb0e588c9f4346ba747284aef18a5faaab575e89e9ccc64e315003f0b82?s=96&d=monsterid&r=g\",\"contentUrl\":\"https:\\\/\\\/secure.gravatar.com\\\/avatar\\\/9069acb0e588c9f4346ba747284aef18a5faaab575e89e9ccc64e315003f0b82?s=96&d=monsterid&r=g\",\"caption\":\"Fernando Corraa\"},\"url\":\"https:\\\/\\\/mrnews.com.br\\\/index.php\\\/author\\\/fernando-corraa\\\/\"}]}<\/script>\n<!-- \/ Yoast SEO plugin. -->","yoast_head_json":{"title":"Brasileiro tem dificuldade em saber seus direitos, aponta pesquisa","robots":{"index":"index","follow":"follow","max-snippet":"max-snippet:-1","max-image-preview":"max-image-preview:large","max-video-preview":"max-video-preview:-1"},"canonical":"https:\/\/agenciabrasil.ebc.com.br\/justica\/noticia\/2026-08\/brasileiro-tem-dificuldade-em-saber-seus-direitos-aponta-pesquisa","og_locale":"pt_BR","og_type":"article","og_title":"Brasileiro tem dificuldade em saber seus direitos, aponta pesquisa","og_description":"Por EBC, De cada dez brasileiros, sete (70%) que acreditam ter sido v\u00edtimas de ilegalidades consideram dif\u00edcil ou muito dif\u00edcil encontrar informa\u00e7\u00f5es sobre seus direitos e processos judiciais. O dado \u00e9 de pesquisa conduzida pela Ipsos, sob encomenda pelo portal de informa\u00e7\u00f5es jur\u00eddicas Jusbrasil, apresentada com exclusividade \u00e0 Ag\u00eancia Brasil.\u00a0 A pesquisa mostra que 72% &hellip;","og_url":"https:\/\/agenciabrasil.ebc.com.br\/justica\/noticia\/2026-08\/brasileiro-tem-dificuldade-em-saber-seus-direitos-aponta-pesquisa","og_site_name":"MRNews","article_publisher":"https:\/\/www.facebook.com\/eaipahpah\/?locale2=pt_BR","article_published_time":"2026-08-31T19:19:18+00:00","author":"Fernando Corraa","twitter_card":"summary_large_image","twitter_creator":"@conspirou","twitter_site":"@conspirou","twitter_misc":{"Escrito por":"Fernando Corraa","Est. tempo de leitura":"3 minutos"},"schema":{"@context":"https:\/\/schema.org","@graph":[{"@type":"Article","@id":"https:\/\/agenciabrasil.ebc.com.br\/justica\/noticia\/2026-08\/brasileiro-tem-dificuldade-em-saber-seus-direitos-aponta-pesquisa#article","isPartOf":{"@id":"https:\/\/mrnews.com.br\/index.php\/2026\/08\/31\/brasileiro-tem-dificuldade-em-saber-seus-direitos-aponta-pesquisa\/"},"author":{"name":"Fernando Corraa","@id":"https:\/\/mrnews.com.br\/#\/schema\/person\/2f073f2d87903a2ff9a065e41bbf17d4"},"headline":"Brasileiro tem dificuldade em saber seus direitos, aponta pesquisa","datePublished":"2026-08-31T19:19:18+00:00","mainEntityOfPage":{"@id":"https:\/\/mrnews.com.br\/index.php\/2026\/08\/31\/brasileiro-tem-dificuldade-em-saber-seus-direitos-aponta-pesquisa\/"},"wordCount":669,"commentCount":0,"publisher":{"@id":"https:\/\/mrnews.com.br\/#organization"},"articleSection":["SERVI\u00c7OS"],"inLanguage":"pt-BR","potentialAction":[{"@type":"CommentAction","name":"Comment","target":["https:\/\/agenciabrasil.ebc.com.br\/justica\/noticia\/2026-08\/brasileiro-tem-dificuldade-em-saber-seus-direitos-aponta-pesquisa#respond"]}]},{"@type":"WebPage","@id":"https:\/\/mrnews.com.br\/index.php\/2026\/08\/31\/brasileiro-tem-dificuldade-em-saber-seus-direitos-aponta-pesquisa\/","url":"https:\/\/agenciabrasil.ebc.com.br\/justica\/noticia\/2026-08\/brasileiro-tem-dificuldade-em-saber-seus-direitos-aponta-pesquisa","name":"Brasileiro tem dificuldade em saber seus direitos, aponta pesquisa","isPartOf":{"@id":"https:\/\/mrnews.com.br\/#website"},"datePublished":"2026-08-31T19:19:18+00:00","breadcrumb":{"@id":"https:\/\/agenciabrasil.ebc.com.br\/justica\/noticia\/2026-08\/brasileiro-tem-dificuldade-em-saber-seus-direitos-aponta-pesquisa#breadcrumb"},"inLanguage":"pt-BR","potentialAction":[{"@type":"ReadAction","target":["https:\/\/agenciabrasil.ebc.com.br\/justica\/noticia\/2026-08\/brasileiro-tem-dificuldade-em-saber-seus-direitos-aponta-pesquisa"]}]},{"@type":"BreadcrumbList","@id":"https:\/\/agenciabrasil.ebc.com.br\/justica\/noticia\/2026-08\/brasileiro-tem-dificuldade-em-saber-seus-direitos-aponta-pesquisa#breadcrumb","itemListElement":[{"@type":"ListItem","position":1,"name":"In\u00edcio","item":"https:\/\/mrnews.com.br\/"},{"@type":"ListItem","position":2,"name":"Brasileiro tem dificuldade em saber seus direitos, aponta pesquisa"}]},{"@type":"WebSite","@id":"https:\/\/mrnews.com.br\/#website","url":"https:\/\/mrnews.com.br\/","name":"MRNews","description":"MRNews Jogos de hoje da TV, transmiss\u00f5es ao vivo, Not\u00edcias de futebol, Jogos ao vivo, Lives, resumo de novelas, Programa\u00e7\u00e3o da Globo, A Fazenda e BBB","publisher":{"@id":"https:\/\/mrnews.com.br\/#organization"},"potentialAction":[{"@type":"SearchAction","target":{"@type":"EntryPoint","urlTemplate":"https:\/\/mrnews.com.br\/?s={search_term_string}"},"query-input":{"@type":"PropertyValueSpecification","valueRequired":true,"valueName":"search_term_string"}}],"inLanguage":"pt-BR"},{"@type":"Organization","@id":"https:\/\/mrnews.com.br\/#organization","name":"MRNews","url":"https:\/\/mrnews.com.br\/","logo":{"@type":"ImageObject","inLanguage":"pt-BR","@id":"https:\/\/mrnews.com.br\/#\/schema\/logo\/image\/","url":"https:\/\/mrnews.com.br\/wp-content\/uploads\/2026\/08\/MRNEws.png","contentUrl":"https:\/\/mrnews.com.br\/wp-content\/uploads\/2026\/08\/MRNEws.png","width":1254,"height":1254,"caption":"MRNews"},"image":{"@id":"https:\/\/mrnews.com.br\/#\/schema\/logo\/image\/"},"sameAs":["https:\/\/www.facebook.com\/eaipahpah\/?locale2=pt_BR","https:\/\/x.com\/conspirou","https:\/\/www.instagram.com\/eai_pahpah","https:\/\/br.pinterest.com\/mrnewsn\/boards\/","https:\/\/www.youtube.com\/channel\/UCacgnpznQ61fifLWr1tQ-vA?view_as=subscriber"]},{"@type":"Person","@id":"https:\/\/mrnews.com.br\/#\/schema\/person\/2f073f2d87903a2ff9a065e41bbf17d4","name":"Fernando Corraa","image":{"@type":"ImageObject","inLanguage":"pt-BR","@id":"https:\/\/secure.gravatar.com\/avatar\/9069acb0e588c9f4346ba747284aef18a5faaab575e89e9ccc64e315003f0b82?s=96&d=monsterid&r=g","url":"https:\/\/secure.gravatar.com\/avatar\/9069acb0e588c9f4346ba747284aef18a5faaab575e89e9ccc64e315003f0b82?s=96&d=monsterid&r=g","contentUrl":"https:\/\/secure.gravatar.com\/avatar\/9069acb0e588c9f4346ba747284aef18a5faaab575e89e9ccc64e315003f0b82?s=96&d=monsterid&r=g","caption":"Fernando Corraa"},"url":"https:\/\/mrnews.com.br\/index.php\/author\/fernando-corraa\/"}]}},"jetpack_sharing_enabled":true,"jetpack_shortlink":"https:\/\/wp.me\/pa2Qf7-1Xe3","amp_enabled":true,"jetpack_featured_media_url":"","_links":{"self":[{"href":"https:\/\/mrnews.com.br\/index.php\/wp-json\/wp\/v2\/posts\/465995","targetHints":{"allow":["GET"]}}],"collection":[{"href":"https:\/\/mrnews.com.br\/index.php\/wp-json\/wp\/v2\/posts"}],"about":[{"href":"https:\/\/mrnews.com.br\/index.php\/wp-json\/wp\/v2\/types\/post"}],"author":[{"embeddable":true,"href":"https:\/\/mrnews.com.br\/index.php\/wp-json\/wp\/v2\/users\/39"}],"replies":[{"embeddable":true,"href":"https:\/\/mrnews.com.br\/index.php\/wp-json\/wp\/v2\/comments?post=465995"}],"version-history":[{"count":0,"href":"https:\/\/mrnews.com.br\/index.php\/wp-json\/wp\/v2\/posts\/465995\/revisions"}],"wp:attachment":[{"href":"https:\/\/mrnews.com.br\/index.php\/wp-json\/wp\/v2\/media?parent=465995"}],"wp:term":[{"taxonomy":"category","embeddable":true,"href":"https:\/\/mrnews.com.br\/index.php\/wp-json\/wp\/v2\/categories?post=465995"},{"taxonomy":"post_tag","embeddable":true,"href":"https:\/\/mrnews.com.br\/index.php\/wp-json\/wp\/v2\/tags?post=465995"}],"curies":[{"name":"wp","href":"https:\/\/api.w.org\/{rel}","templated":true}]}}