{"id":466001,"date":"2026-08-31T20:31:15","date_gmt":"2026-08-31T23:31:15","guid":{"rendered":"https:\/\/mrnews.com.br\/index.php\/2026\/08\/31\/bolsa-familia-nao-tera-reajuste-previsto-no-orcamento-de-2027\/"},"modified":"2026-08-31T20:31:15","modified_gmt":"2026-08-31T23:31:15","slug":"bolsa-familia-nao-tera-reajuste-previsto-no-orcamento-de-2027","status":"publish","type":"post","link":"https:\/\/mrnews.com.br\/index.php\/2026\/08\/31\/bolsa-familia-nao-tera-reajuste-previsto-no-orcamento-de-2027\/","title":{"rendered":"Bolsa Fam\u00edlia n\u00e3o ter\u00e1 reajuste previsto no Or\u00e7amento de 2027"},"content":{"rendered":"<p>Por EBC, <\/p>\n<div>\n<p><strong>Enviada nesta segunda-feira (31) ao Congresso Nacional, a proposta de Or\u00e7amento para 2027 n\u00e3o prev\u00ea reajuste nos valores do Bolsa Fam\u00edlia.<\/strong> O projeto reserva R$ 157,1 bilh\u00f5es para o programa social, valor inferior aos R$ 158,6 bilh\u00f5es previstos para 2026 e aos R$ 167,2 bilh\u00f5es destinados em 2025.<\/p>\n<p><strong>Com a proposta, o benef\u00edcio m\u00ednimo permanece em R$ 600 por fam\u00edlia. <\/strong>O congelamento ocorre em meio ao esfor\u00e7o da equipe econ\u00f4mica para conter o crescimento das despesas obrigat\u00f3rias e transfere ao Congresso a discuss\u00e3o sobre uma eventual corre\u00e7\u00e3o dos valores durante a tramita\u00e7\u00e3o do Or\u00e7amento.<\/p>\n<h2>Benef\u00edcio congelado<\/h2>\n<p><strong>O Bolsa Fam\u00edlia n\u00e3o tem reajuste desde seu relan\u00e7amento, em mar\u00e7o de 2023.<\/strong><\/p>\n<p>A legisla\u00e7\u00e3o do programa prev\u00ea que os valores podem ser corrigidos em um intervalo de at\u00e9 dois anos. Na interpreta\u00e7\u00e3o do governo, por\u00e9m, a regra autoriza a revis\u00e3o, mas n\u00e3o determina que ela seja obrigat\u00f3ria.<\/p>\n<p>Al\u00e9m do benef\u00edcio m\u00ednimo de R$ 600, o programa prev\u00ea pagamentos adicionais conforme a composi\u00e7\u00e3o da fam\u00edlia. Existem benef\u00edcios extras de R$ 150 por crian\u00e7a de at\u00e9 6 anos, de R$ 50 por gestante, de R$ 50 por jovem de 7 a 18 anos incompletos e de R$ 50 por beb\u00ea de at\u00e9 6 meses.<\/p>\n<p>Os adicionais s\u00e3o cumulativos, de acordo com as caracter\u00edsticas de cada fam\u00edlia.<\/p>\n<h2>Quem recebe<\/h2>\n<p><strong>Para ter direito ao Bolsa Fam\u00edlia, a renda mensal por pessoa da fam\u00edlia deve ser at\u00e9 R$ 218. Tamb\u00e9m \u00e9 necess\u00e1rio manter o Cadastro \u00danico atualizado e cumprir as condicionalidades previstas nas \u00e1reas de sa\u00fade e educa\u00e7\u00e3o.<\/strong><\/p>\n<p>Em agosto, o programa alcan\u00e7ou cerca de 19,3 milh\u00f5es de fam\u00edlias. No mesmo per\u00edodo de 2025, eram aproximadamente 19,2 milh\u00f5es de fam\u00edlias atendidas.<\/p>\n<p>O n\u00famero de benefici\u00e1rios, portanto, permanece pr\u00f3ximo ao registrado no ano anterior, apesar da redu\u00e7\u00e3o na previs\u00e3o or\u00e7ament\u00e1ria para 2027.<\/p>\n<h2>Press\u00e3o no Congresso<\/h2>\n<p>A decis\u00e3o de manter os valores sem corre\u00e7\u00e3o ocorre em um cen\u00e1rio de maior press\u00e3o sobre as contas p\u00fablicas. O governo prev\u00ea redu\u00e7\u00e3o nominal dos recursos destinados ao programa, enquanto tenta limitar o avan\u00e7o das despesas obrigat\u00f3rias.<\/p>\n<p>Durante a tramita\u00e7\u00e3o do projeto no Congresso, parlamentares poder\u00e3o discutir altera\u00e7\u00f5es na previs\u00e3o or\u00e7ament\u00e1ria e pressionar por uma eventual recomposi\u00e7\u00e3o dos benef\u00edcios.<\/p>\n<p>      <!-- Relacionada --><\/p>\n<p>            <!-- Relacionada -->\n    <\/div>\n","protected":false},"excerpt":{"rendered":"<p>Por EBC, Enviada nesta segunda-feira (31) ao Congresso Nacional, a proposta de Or\u00e7amento para 2027 n\u00e3o prev\u00ea reajuste nos valores do Bolsa Fam\u00edlia. O projeto reserva R$ 157,1 bilh\u00f5es para o programa social, valor inferior aos R$ 158,6 bilh\u00f5es previstos para 2026 e aos R$ 167,2 bilh\u00f5es destinados em 2025. Com a proposta, o benef\u00edcio &hellip;<\/p>\n","protected":false},"author":39,"featured_media":0,"comment_status":"open","ping_status":"open","sticky":false,"template":"","format":"standard","meta":{"_jetpack_newsletter_access":"","_jetpack_dont_email_post_to_subs":false,"_jetpack_newsletter_tier_id":0,"_jetpack_memberships_contains_paywalled_content":false,"_jetpack_feature_clip_id":0,"_jetpack_memberships_contains_paid_content":false,"footnotes":"","jetpack_post_was_ever_published":false},"categories":[4],"tags":[],"class_list":["post-466001","post","type-post","status-publish","format-standard","hentry","category-servicos"],"yoast_head":"<!-- This site is optimized with the Yoast SEO plugin v28.3 - https:\/\/yoast.com\/product\/yoast-seo-wordpress\/ -->\n<title>Bolsa Fam\u00edlia n\u00e3o ter\u00e1 reajuste previsto no Or\u00e7amento de 2027<\/title>\n<meta name=\"robots\" content=\"index, follow, max-snippet:-1, max-image-preview:large, max-video-preview:-1\" \/>\n<link rel=\"canonical\" href=\"https:\/\/agenciabrasil.ebc.com.br\/economia\/noticia\/2026-08\/bolsa-familia-nao-tera-reajuste-previsto-no-orcamento-de-2027\" \/>\n<meta property=\"og:locale\" content=\"pt_BR\" \/>\n<meta property=\"og:type\" content=\"article\" \/>\n<meta property=\"og:title\" content=\"Bolsa Fam\u00edlia n\u00e3o ter\u00e1 reajuste previsto no Or\u00e7amento de 2027\" \/>\n<meta property=\"og:description\" content=\"Por EBC, Enviada nesta segunda-feira (31) ao Congresso Nacional, a proposta de Or\u00e7amento para 2027 n\u00e3o prev\u00ea reajuste nos valores do Bolsa Fam\u00edlia. O projeto reserva R$ 157,1 bilh\u00f5es para o programa social, valor inferior aos R$ 158,6 bilh\u00f5es previstos para 2026 e aos R$ 167,2 bilh\u00f5es destinados em 2025. Com a proposta, o benef\u00edcio &hellip;\" \/>\n<meta property=\"og:url\" content=\"https:\/\/agenciabrasil.ebc.com.br\/economia\/noticia\/2026-08\/bolsa-familia-nao-tera-reajuste-previsto-no-orcamento-de-2027\" \/>\n<meta property=\"og:site_name\" content=\"MRNews\" \/>\n<meta property=\"article:publisher\" content=\"https:\/\/www.facebook.com\/eaipahpah\/?locale2=pt_BR\" \/>\n<meta property=\"article:published_time\" content=\"2026-08-31T23:31:15+00:00\" \/>\n<meta name=\"author\" content=\"Fernando Corraa\" \/>\n<meta name=\"twitter:card\" content=\"summary_large_image\" \/>\n<meta name=\"twitter:creator\" content=\"@conspirou\" \/>\n<meta name=\"twitter:site\" content=\"@conspirou\" \/>\n<meta name=\"twitter:label1\" content=\"Escrito por\" \/>\n\t<meta name=\"twitter:data1\" content=\"Fernando Corraa\" \/>\n\t<meta name=\"twitter:label2\" content=\"Est. tempo de leitura\" \/>\n\t<meta name=\"twitter:data2\" content=\"2 minutos\" \/>\n<script type=\"application\/ld+json\" class=\"yoast-schema-graph\">{\"@context\":\"https:\\\/\\\/schema.org\",\"@graph\":[{\"@type\":\"Article\",\"@id\":\"https:\\\/\\\/agenciabrasil.ebc.com.br\\\/economia\\\/noticia\\\/2026-08\\\/bolsa-familia-nao-tera-reajuste-previsto-no-orcamento-de-2027#article\",\"isPartOf\":{\"@id\":\"https:\\\/\\\/mrnews.com.br\\\/index.php\\\/2026\\\/08\\\/31\\\/bolsa-familia-nao-tera-reajuste-previsto-no-orcamento-de-2027\\\/\"},\"author\":{\"name\":\"Fernando Corraa\",\"@id\":\"https:\\\/\\\/mrnews.com.br\\\/#\\\/schema\\\/person\\\/2f073f2d87903a2ff9a065e41bbf17d4\"},\"headline\":\"Bolsa Fam\u00edlia n\u00e3o ter\u00e1 reajuste previsto no Or\u00e7amento de 2027\",\"datePublished\":\"2026-08-31T23:31:15+00:00\",\"mainEntityOfPage\":{\"@id\":\"https:\\\/\\\/mrnews.com.br\\\/index.php\\\/2026\\\/08\\\/31\\\/bolsa-familia-nao-tera-reajuste-previsto-no-orcamento-de-2027\\\/\"},\"wordCount\":418,\"commentCount\":0,\"publisher\":{\"@id\":\"https:\\\/\\\/mrnews.com.br\\\/#organization\"},\"articleSection\":[\"SERVI\u00c7OS\"],\"inLanguage\":\"pt-BR\",\"potentialAction\":[{\"@type\":\"CommentAction\",\"name\":\"Comment\",\"target\":[\"https:\\\/\\\/agenciabrasil.ebc.com.br\\\/economia\\\/noticia\\\/2026-08\\\/bolsa-familia-nao-tera-reajuste-previsto-no-orcamento-de-2027#respond\"]}]},{\"@type\":\"WebPage\",\"@id\":\"https:\\\/\\\/mrnews.com.br\\\/index.php\\\/2026\\\/08\\\/31\\\/bolsa-familia-nao-tera-reajuste-previsto-no-orcamento-de-2027\\\/\",\"url\":\"https:\\\/\\\/agenciabrasil.ebc.com.br\\\/economia\\\/noticia\\\/2026-08\\\/bolsa-familia-nao-tera-reajuste-previsto-no-orcamento-de-2027\",\"name\":\"Bolsa Fam\u00edlia n\u00e3o ter\u00e1 reajuste previsto no Or\u00e7amento de 2027\",\"isPartOf\":{\"@id\":\"https:\\\/\\\/mrnews.com.br\\\/#website\"},\"datePublished\":\"2026-08-31T23:31:15+00:00\",\"breadcrumb\":{\"@id\":\"https:\\\/\\\/agenciabrasil.ebc.com.br\\\/economia\\\/noticia\\\/2026-08\\\/bolsa-familia-nao-tera-reajuste-previsto-no-orcamento-de-2027#breadcrumb\"},\"inLanguage\":\"pt-BR\",\"potentialAction\":[{\"@type\":\"ReadAction\",\"target\":[\"https:\\\/\\\/agenciabrasil.ebc.com.br\\\/economia\\\/noticia\\\/2026-08\\\/bolsa-familia-nao-tera-reajuste-previsto-no-orcamento-de-2027\"]}]},{\"@type\":\"BreadcrumbList\",\"@id\":\"https:\\\/\\\/agenciabrasil.ebc.com.br\\\/economia\\\/noticia\\\/2026-08\\\/bolsa-familia-nao-tera-reajuste-previsto-no-orcamento-de-2027#breadcrumb\",\"itemListElement\":[{\"@type\":\"ListItem\",\"position\":1,\"name\":\"In\u00edcio\",\"item\":\"https:\\\/\\\/mrnews.com.br\\\/\"},{\"@type\":\"ListItem\",\"position\":2,\"name\":\"Bolsa Fam\u00edlia n\u00e3o ter\u00e1 reajuste previsto no Or\u00e7amento de 2027\"}]},{\"@type\":\"WebSite\",\"@id\":\"https:\\\/\\\/mrnews.com.br\\\/#website\",\"url\":\"https:\\\/\\\/mrnews.com.br\\\/\",\"name\":\"MRNews\",\"description\":\"MRNews Jogos de hoje da TV, transmiss\u00f5es ao vivo, Not\u00edcias de futebol, Jogos ao vivo, Lives, resumo de novelas, Programa\u00e7\u00e3o da Globo, A Fazenda e BBB\",\"publisher\":{\"@id\":\"https:\\\/\\\/mrnews.com.br\\\/#organization\"},\"potentialAction\":[{\"@type\":\"SearchAction\",\"target\":{\"@type\":\"EntryPoint\",\"urlTemplate\":\"https:\\\/\\\/mrnews.com.br\\\/?s={search_term_string}\"},\"query-input\":{\"@type\":\"PropertyValueSpecification\",\"valueRequired\":true,\"valueName\":\"search_term_string\"}}],\"inLanguage\":\"pt-BR\"},{\"@type\":\"Organization\",\"@id\":\"https:\\\/\\\/mrnews.com.br\\\/#organization\",\"name\":\"MRNews\",\"url\":\"https:\\\/\\\/mrnews.com.br\\\/\",\"logo\":{\"@type\":\"ImageObject\",\"inLanguage\":\"pt-BR\",\"@id\":\"https:\\\/\\\/mrnews.com.br\\\/#\\\/schema\\\/logo\\\/image\\\/\",\"url\":\"https:\\\/\\\/mrnews.com.br\\\/wp-content\\\/uploads\\\/2026\\\/08\\\/MRNEws.png\",\"contentUrl\":\"https:\\\/\\\/mrnews.com.br\\\/wp-content\\\/uploads\\\/2026\\\/08\\\/MRNEws.png\",\"width\":1254,\"height\":1254,\"caption\":\"MRNews\"},\"image\":{\"@id\":\"https:\\\/\\\/mrnews.com.br\\\/#\\\/schema\\\/logo\\\/image\\\/\"},\"sameAs\":[\"https:\\\/\\\/www.facebook.com\\\/eaipahpah\\\/?locale2=pt_BR\",\"https:\\\/\\\/x.com\\\/conspirou\",\"https:\\\/\\\/www.instagram.com\\\/eai_pahpah\",\"https:\\\/\\\/br.pinterest.com\\\/mrnewsn\\\/boards\\\/\",\"https:\\\/\\\/www.youtube.com\\\/channel\\\/UCacgnpznQ61fifLWr1tQ-vA?view_as=subscriber\"]},{\"@type\":\"Person\",\"@id\":\"https:\\\/\\\/mrnews.com.br\\\/#\\\/schema\\\/person\\\/2f073f2d87903a2ff9a065e41bbf17d4\",\"name\":\"Fernando Corraa\",\"image\":{\"@type\":\"ImageObject\",\"inLanguage\":\"pt-BR\",\"@id\":\"https:\\\/\\\/secure.gravatar.com\\\/avatar\\\/9069acb0e588c9f4346ba747284aef18a5faaab575e89e9ccc64e315003f0b82?s=96&d=monsterid&r=g\",\"url\":\"https:\\\/\\\/secure.gravatar.com\\\/avatar\\\/9069acb0e588c9f4346ba747284aef18a5faaab575e89e9ccc64e315003f0b82?s=96&d=monsterid&r=g\",\"contentUrl\":\"https:\\\/\\\/secure.gravatar.com\\\/avatar\\\/9069acb0e588c9f4346ba747284aef18a5faaab575e89e9ccc64e315003f0b82?s=96&d=monsterid&r=g\",\"caption\":\"Fernando Corraa\"},\"url\":\"https:\\\/\\\/mrnews.com.br\\\/index.php\\\/author\\\/fernando-corraa\\\/\"}]}<\/script>\n<!-- \/ Yoast SEO plugin. -->","yoast_head_json":{"title":"Bolsa Fam\u00edlia n\u00e3o ter\u00e1 reajuste previsto no Or\u00e7amento de 2027","robots":{"index":"index","follow":"follow","max-snippet":"max-snippet:-1","max-image-preview":"max-image-preview:large","max-video-preview":"max-video-preview:-1"},"canonical":"https:\/\/agenciabrasil.ebc.com.br\/economia\/noticia\/2026-08\/bolsa-familia-nao-tera-reajuste-previsto-no-orcamento-de-2027","og_locale":"pt_BR","og_type":"article","og_title":"Bolsa Fam\u00edlia n\u00e3o ter\u00e1 reajuste previsto no Or\u00e7amento de 2027","og_description":"Por EBC, Enviada nesta segunda-feira (31) ao Congresso Nacional, a proposta de Or\u00e7amento para 2027 n\u00e3o prev\u00ea reajuste nos valores do Bolsa Fam\u00edlia. O projeto reserva R$ 157,1 bilh\u00f5es para o programa social, valor inferior aos R$ 158,6 bilh\u00f5es previstos para 2026 e aos R$ 167,2 bilh\u00f5es destinados em 2025. Com a proposta, o benef\u00edcio &hellip;","og_url":"https:\/\/agenciabrasil.ebc.com.br\/economia\/noticia\/2026-08\/bolsa-familia-nao-tera-reajuste-previsto-no-orcamento-de-2027","og_site_name":"MRNews","article_publisher":"https:\/\/www.facebook.com\/eaipahpah\/?locale2=pt_BR","article_published_time":"2026-08-31T23:31:15+00:00","author":"Fernando Corraa","twitter_card":"summary_large_image","twitter_creator":"@conspirou","twitter_site":"@conspirou","twitter_misc":{"Escrito por":"Fernando Corraa","Est. tempo de leitura":"2 minutos"},"schema":{"@context":"https:\/\/schema.org","@graph":[{"@type":"Article","@id":"https:\/\/agenciabrasil.ebc.com.br\/economia\/noticia\/2026-08\/bolsa-familia-nao-tera-reajuste-previsto-no-orcamento-de-2027#article","isPartOf":{"@id":"https:\/\/mrnews.com.br\/index.php\/2026\/08\/31\/bolsa-familia-nao-tera-reajuste-previsto-no-orcamento-de-2027\/"},"author":{"name":"Fernando Corraa","@id":"https:\/\/mrnews.com.br\/#\/schema\/person\/2f073f2d87903a2ff9a065e41bbf17d4"},"headline":"Bolsa Fam\u00edlia n\u00e3o ter\u00e1 reajuste previsto no Or\u00e7amento de 2027","datePublished":"2026-08-31T23:31:15+00:00","mainEntityOfPage":{"@id":"https:\/\/mrnews.com.br\/index.php\/2026\/08\/31\/bolsa-familia-nao-tera-reajuste-previsto-no-orcamento-de-2027\/"},"wordCount":418,"commentCount":0,"publisher":{"@id":"https:\/\/mrnews.com.br\/#organization"},"articleSection":["SERVI\u00c7OS"],"inLanguage":"pt-BR","potentialAction":[{"@type":"CommentAction","name":"Comment","target":["https:\/\/agenciabrasil.ebc.com.br\/economia\/noticia\/2026-08\/bolsa-familia-nao-tera-reajuste-previsto-no-orcamento-de-2027#respond"]}]},{"@type":"WebPage","@id":"https:\/\/mrnews.com.br\/index.php\/2026\/08\/31\/bolsa-familia-nao-tera-reajuste-previsto-no-orcamento-de-2027\/","url":"https:\/\/agenciabrasil.ebc.com.br\/economia\/noticia\/2026-08\/bolsa-familia-nao-tera-reajuste-previsto-no-orcamento-de-2027","name":"Bolsa Fam\u00edlia n\u00e3o ter\u00e1 reajuste previsto no Or\u00e7amento de 2027","isPartOf":{"@id":"https:\/\/mrnews.com.br\/#website"},"datePublished":"2026-08-31T23:31:15+00:00","breadcrumb":{"@id":"https:\/\/agenciabrasil.ebc.com.br\/economia\/noticia\/2026-08\/bolsa-familia-nao-tera-reajuste-previsto-no-orcamento-de-2027#breadcrumb"},"inLanguage":"pt-BR","potentialAction":[{"@type":"ReadAction","target":["https:\/\/agenciabrasil.ebc.com.br\/economia\/noticia\/2026-08\/bolsa-familia-nao-tera-reajuste-previsto-no-orcamento-de-2027"]}]},{"@type":"BreadcrumbList","@id":"https:\/\/agenciabrasil.ebc.com.br\/economia\/noticia\/2026-08\/bolsa-familia-nao-tera-reajuste-previsto-no-orcamento-de-2027#breadcrumb","itemListElement":[{"@type":"ListItem","position":1,"name":"In\u00edcio","item":"https:\/\/mrnews.com.br\/"},{"@type":"ListItem","position":2,"name":"Bolsa Fam\u00edlia n\u00e3o ter\u00e1 reajuste previsto no Or\u00e7amento de 2027"}]},{"@type":"WebSite","@id":"https:\/\/mrnews.com.br\/#website","url":"https:\/\/mrnews.com.br\/","name":"MRNews","description":"MRNews Jogos de hoje da TV, transmiss\u00f5es ao vivo, Not\u00edcias de futebol, Jogos ao vivo, Lives, resumo de novelas, Programa\u00e7\u00e3o da Globo, A Fazenda e BBB","publisher":{"@id":"https:\/\/mrnews.com.br\/#organization"},"potentialAction":[{"@type":"SearchAction","target":{"@type":"EntryPoint","urlTemplate":"https:\/\/mrnews.com.br\/?s={search_term_string}"},"query-input":{"@type":"PropertyValueSpecification","valueRequired":true,"valueName":"search_term_string"}}],"inLanguage":"pt-BR"},{"@type":"Organization","@id":"https:\/\/mrnews.com.br\/#organization","name":"MRNews","url":"https:\/\/mrnews.com.br\/","logo":{"@type":"ImageObject","inLanguage":"pt-BR","@id":"https:\/\/mrnews.com.br\/#\/schema\/logo\/image\/","url":"https:\/\/mrnews.com.br\/wp-content\/uploads\/2026\/08\/MRNEws.png","contentUrl":"https:\/\/mrnews.com.br\/wp-content\/uploads\/2026\/08\/MRNEws.png","width":1254,"height":1254,"caption":"MRNews"},"image":{"@id":"https:\/\/mrnews.com.br\/#\/schema\/logo\/image\/"},"sameAs":["https:\/\/www.facebook.com\/eaipahpah\/?locale2=pt_BR","https:\/\/x.com\/conspirou","https:\/\/www.instagram.com\/eai_pahpah","https:\/\/br.pinterest.com\/mrnewsn\/boards\/","https:\/\/www.youtube.com\/channel\/UCacgnpznQ61fifLWr1tQ-vA?view_as=subscriber"]},{"@type":"Person","@id":"https:\/\/mrnews.com.br\/#\/schema\/person\/2f073f2d87903a2ff9a065e41bbf17d4","name":"Fernando Corraa","image":{"@type":"ImageObject","inLanguage":"pt-BR","@id":"https:\/\/secure.gravatar.com\/avatar\/9069acb0e588c9f4346ba747284aef18a5faaab575e89e9ccc64e315003f0b82?s=96&d=monsterid&r=g","url":"https:\/\/secure.gravatar.com\/avatar\/9069acb0e588c9f4346ba747284aef18a5faaab575e89e9ccc64e315003f0b82?s=96&d=monsterid&r=g","contentUrl":"https:\/\/secure.gravatar.com\/avatar\/9069acb0e588c9f4346ba747284aef18a5faaab575e89e9ccc64e315003f0b82?s=96&d=monsterid&r=g","caption":"Fernando Corraa"},"url":"https:\/\/mrnews.com.br\/index.php\/author\/fernando-corraa\/"}]}},"jetpack_sharing_enabled":true,"jetpack_shortlink":"https:\/\/wp.me\/pa2Qf7-1Xe9","amp_enabled":true,"jetpack_featured_media_url":"","_links":{"self":[{"href":"https:\/\/mrnews.com.br\/index.php\/wp-json\/wp\/v2\/posts\/466001","targetHints":{"allow":["GET"]}}],"collection":[{"href":"https:\/\/mrnews.com.br\/index.php\/wp-json\/wp\/v2\/posts"}],"about":[{"href":"https:\/\/mrnews.com.br\/index.php\/wp-json\/wp\/v2\/types\/post"}],"author":[{"embeddable":true,"href":"https:\/\/mrnews.com.br\/index.php\/wp-json\/wp\/v2\/users\/39"}],"replies":[{"embeddable":true,"href":"https:\/\/mrnews.com.br\/index.php\/wp-json\/wp\/v2\/comments?post=466001"}],"version-history":[{"count":0,"href":"https:\/\/mrnews.com.br\/index.php\/wp-json\/wp\/v2\/posts\/466001\/revisions"}],"wp:attachment":[{"href":"https:\/\/mrnews.com.br\/index.php\/wp-json\/wp\/v2\/media?parent=466001"}],"wp:term":[{"taxonomy":"category","embeddable":true,"href":"https:\/\/mrnews.com.br\/index.php\/wp-json\/wp\/v2\/categories?post=466001"},{"taxonomy":"post_tag","embeddable":true,"href":"https:\/\/mrnews.com.br\/index.php\/wp-json\/wp\/v2\/tags?post=466001"}],"curies":[{"name":"wp","href":"https:\/\/api.w.org\/{rel}","templated":true}]}}