{"id":466003,"date":"2026-08-31T21:13:15","date_gmt":"2026-09-01T00:13:15","guid":{"rendered":"https:\/\/mrnews.com.br\/index.php\/2026\/08\/31\/violencia-contra-a-mulher-75-mil-agentes-serao-capacitados\/"},"modified":"2026-08-31T21:13:15","modified_gmt":"2026-09-01T00:13:15","slug":"violencia-contra-a-mulher-75-mil-agentes-serao-capacitados","status":"publish","type":"post","link":"https:\/\/mrnews.com.br\/index.php\/2026\/08\/31\/violencia-contra-a-mulher-75-mil-agentes-serao-capacitados\/","title":{"rendered":"Viol\u00eancia contra a mulher: 7,5 mil agentes ser\u00e3o capacitados"},"content":{"rendered":"<p>Por EBC, <\/p>\n<div>\n<p><strong>Pelo menos 7,5 mil agentes de seguran\u00e7a p\u00fablica das 27 capitais brasileiras e de 81 cidades do interior v\u00e3o passar, na pr\u00f3xima quarta (2), por um dia de capacita\u00e7\u00e3o, via transmiss\u00e3o simult\u00e2nea, para atendimento de mulheres v\u00edtimas de viol\u00eancias.\u00a0<\/strong><\/p>\n<p>A diretora de Ensino e Pesquisa da Secretaria Nacional de Seguran\u00e7a P\u00fablica, Michele Gon\u00e7alves dos Ramos, explica que pelo menos outros dois mil profissionais j\u00e1 realizaram esse curso ao longo dos \u00faltimos tr\u00eas anos.\u00a0<\/p>\n<p>\u201cEsse Dia C de Capacita\u00e7\u00e3o \u00e9 uma grande mobiliza\u00e7\u00e3o educacional e nacional com foco no atendimento, na prote\u00e7\u00e3o e na perspectiva de g\u00eanero na seguran\u00e7a p\u00fablica\u201d, acrescentou.\u00a0<\/p>\n<p>O ministro\u00a0da Justi\u00e7a e Seguran\u00e7a P\u00fablica\u00a0Wellington C\u00e9sar Lima e Silva\u00a0considera o dia de capacita\u00e7\u00e3o fundamental para colocar em pr\u00e1tica iniciativas de prote\u00e7\u00e3o, visto que s\u00e3o necess\u00e1rios profissionais preparados.\u00a0<\/p>\n<blockquote>\n<p>\u201cIsso \u00e9 muito importante porque estamos falando justamente de quem est\u00e1 todos os dias nas ruas, nas delegacias e nos servi\u00e7os p\u00fablicos, atendendo a popula\u00e7\u00e3o e sendo o primeiro contato de uma mulher com o Estado.\u201d<\/p>\n<\/blockquote>\n<p>Ele explicou que v\u00e3o participar da capacita\u00e7\u00e3o policiais civis, militares e penais, dos Corpos de Bombeiros, das guardas municipais e das per\u00edcias oficiais.\u00a0<\/p>\n<h2>Protocolo de atendimento<\/h2>\n<p>Al\u00e9m da confirma\u00e7\u00e3o da capacita\u00e7\u00e3o na quarta-feira, o ministro da Justi\u00e7a e a ministra das Mulheres, M\u00e1rcia Lopes, assinaram tamb\u00e9m duas portarias sobre o tema. A primeira regulamenta procedimento de an\u00e1lise e de aprova\u00e7\u00e3o dos planos estaduais e do plano distrital de combate \u00e0 viol\u00eancia contra a mulher.<\/p>\n<p>Segundo Michele Gon\u00e7alves dos Ramos, a portaria assegura uma aplica\u00e7\u00e3o mais transparente e r\u00e1pida dos recursos do Fundo Nacional de Seguran\u00e7a P\u00fablica para essa finalidade.\u00a0<\/p>\n<p>A segunda portaria institui o Grupo de Trabalho interministerial para a elabora\u00e7\u00e3o de um protocolo nacional de atendimento \u00e0s mulheres v\u00edtimas de viol\u00eancia sexual.<\/p>\n<p>&#8220;O objetivo desse protocolo \u00e9 de servir como uma refer\u00eancia para o atendimento realizado nas delegacias de todo o pa\u00eds\u201d, disse Michele Gon\u00e7alves dos Ramos.\u00a0<\/p>\n<p>Assim, a ideia \u00e9 avan\u00e7ar na uniformiza\u00e7\u00e3o de procedimentos para as delegacias de Pol\u00edcia Civil de todo o pa\u00eds.<\/p>\n<p>\u201cPara que esse atendimento realizado nessas delegacias seja feito de forma ainda mais qualificada, humanizada e articulada entre os diferentes servi\u00e7os, incluindo a sa\u00fade e outros \u00f3rg\u00e3os de rede de prote\u00e7\u00e3o.\u201d<\/p>\n<h2>Pesquisa<\/h2>\n<p>Os minist\u00e9rios ainda entregaram um dossi\u00ea com o t\u00edtulo <em>Mulheres e Meninas Seguras, Evid\u00eancias para o Enfrentamento da Viol\u00eancia de G\u00eanero<\/em> com 14 artigos escritos por pesquisadores do tema.<\/p>\n<blockquote>\n<p>\u201cQuando a gente publica uma revista, isso tem que fazer chegar l\u00e1 na ponta para melhorar a qualidade das reflex\u00f5es, do pensamento e das mudan\u00e7as que a gente tem que ter\u201d, disse a ministra M\u00e1rcia Lopes.\u00a0<\/p>\n<\/blockquote>\n<p>Ela destacou que houve queda do n\u00famero de feminic\u00eddios, conforme o governo divulgou neste m\u00eas. O Brasil registrou 848 v\u00edtimas entre janeiro e julho deste ano, contra 876 no mesmo per\u00edodo de 2025. O resultado representou uma redu\u00e7\u00e3o de 3,2%.<\/p>\n<p>\u00a0<\/p>\n<p>      <!-- Relacionada --><\/p>\n<p>            <!-- Relacionada -->\n    <\/div>\n","protected":false},"excerpt":{"rendered":"<p>Por EBC, Pelo menos 7,5 mil agentes de seguran\u00e7a p\u00fablica das 27 capitais brasileiras e de 81 cidades do interior v\u00e3o passar, na pr\u00f3xima quarta (2), por um dia de capacita\u00e7\u00e3o, via transmiss\u00e3o simult\u00e2nea, para atendimento de mulheres v\u00edtimas de viol\u00eancias.\u00a0 A diretora de Ensino e Pesquisa da Secretaria Nacional de Seguran\u00e7a P\u00fablica, Michele Gon\u00e7alves &hellip;<\/p>\n","protected":false},"author":39,"featured_media":0,"comment_status":"open","ping_status":"open","sticky":false,"template":"","format":"standard","meta":{"_jetpack_newsletter_access":"","_jetpack_dont_email_post_to_subs":false,"_jetpack_newsletter_tier_id":0,"_jetpack_memberships_contains_paywalled_content":false,"_jetpack_feature_clip_id":0,"_jetpack_memberships_contains_paid_content":false,"footnotes":"","jetpack_post_was_ever_published":false},"categories":[4],"tags":[],"class_list":["post-466003","post","type-post","status-publish","format-standard","hentry","category-servicos"],"yoast_head":"<!-- This site is optimized with the Yoast SEO plugin v28.3 - https:\/\/yoast.com\/product\/yoast-seo-wordpress\/ -->\n<title>Viol\u00eancia contra a mulher: 7,5 mil agentes ser\u00e3o capacitados<\/title>\n<meta name=\"robots\" content=\"index, follow, max-snippet:-1, max-image-preview:large, max-video-preview:-1\" \/>\n<link rel=\"canonical\" href=\"https:\/\/agenciabrasil.ebc.com.br\/direitos-humanos\/noticia\/2026-08\/violencia-contra-mulher-75-mil-agentes-serao-capacitados\" \/>\n<meta property=\"og:locale\" content=\"pt_BR\" \/>\n<meta property=\"og:type\" content=\"article\" \/>\n<meta property=\"og:title\" content=\"Viol\u00eancia contra a mulher: 7,5 mil agentes ser\u00e3o capacitados\" \/>\n<meta property=\"og:description\" content=\"Por EBC, Pelo menos 7,5 mil agentes de seguran\u00e7a p\u00fablica das 27 capitais brasileiras e de 81 cidades do interior v\u00e3o passar, na pr\u00f3xima quarta (2), por um dia de capacita\u00e7\u00e3o, via transmiss\u00e3o simult\u00e2nea, para atendimento de mulheres v\u00edtimas de viol\u00eancias.\u00a0 A diretora de Ensino e Pesquisa da Secretaria Nacional de Seguran\u00e7a P\u00fablica, Michele Gon\u00e7alves &hellip;\" \/>\n<meta property=\"og:url\" content=\"https:\/\/agenciabrasil.ebc.com.br\/direitos-humanos\/noticia\/2026-08\/violencia-contra-mulher-75-mil-agentes-serao-capacitados\" \/>\n<meta property=\"og:site_name\" content=\"MRNews\" \/>\n<meta property=\"article:publisher\" content=\"https:\/\/www.facebook.com\/eaipahpah\/?locale2=pt_BR\" \/>\n<meta property=\"article:published_time\" content=\"2026-09-01T00:13:15+00:00\" \/>\n<meta name=\"author\" content=\"Fernando Corraa\" \/>\n<meta name=\"twitter:card\" content=\"summary_large_image\" \/>\n<meta name=\"twitter:creator\" content=\"@conspirou\" \/>\n<meta name=\"twitter:site\" content=\"@conspirou\" \/>\n<meta name=\"twitter:label1\" content=\"Escrito por\" \/>\n\t<meta name=\"twitter:data1\" content=\"Fernando Corraa\" \/>\n\t<meta name=\"twitter:label2\" content=\"Est. tempo de leitura\" \/>\n\t<meta name=\"twitter:data2\" content=\"3 minutos\" \/>\n<script type=\"application\/ld+json\" class=\"yoast-schema-graph\">{\"@context\":\"https:\\\/\\\/schema.org\",\"@graph\":[{\"@type\":\"Article\",\"@id\":\"https:\\\/\\\/agenciabrasil.ebc.com.br\\\/direitos-humanos\\\/noticia\\\/2026-08\\\/violencia-contra-mulher-75-mil-agentes-serao-capacitados#article\",\"isPartOf\":{\"@id\":\"https:\\\/\\\/mrnews.com.br\\\/index.php\\\/2026\\\/08\\\/31\\\/violencia-contra-a-mulher-75-mil-agentes-serao-capacitados\\\/\"},\"author\":{\"name\":\"Fernando Corraa\",\"@id\":\"https:\\\/\\\/mrnews.com.br\\\/#\\\/schema\\\/person\\\/2f073f2d87903a2ff9a065e41bbf17d4\"},\"headline\":\"Viol\u00eancia contra a mulher: 7,5 mil agentes ser\u00e3o capacitados\",\"datePublished\":\"2026-09-01T00:13:15+00:00\",\"mainEntityOfPage\":{\"@id\":\"https:\\\/\\\/mrnews.com.br\\\/index.php\\\/2026\\\/08\\\/31\\\/violencia-contra-a-mulher-75-mil-agentes-serao-capacitados\\\/\"},\"wordCount\":545,\"commentCount\":0,\"publisher\":{\"@id\":\"https:\\\/\\\/mrnews.com.br\\\/#organization\"},\"articleSection\":[\"SERVI\u00c7OS\"],\"inLanguage\":\"pt-BR\",\"potentialAction\":[{\"@type\":\"CommentAction\",\"name\":\"Comment\",\"target\":[\"https:\\\/\\\/agenciabrasil.ebc.com.br\\\/direitos-humanos\\\/noticia\\\/2026-08\\\/violencia-contra-mulher-75-mil-agentes-serao-capacitados#respond\"]}]},{\"@type\":\"WebPage\",\"@id\":\"https:\\\/\\\/mrnews.com.br\\\/index.php\\\/2026\\\/08\\\/31\\\/violencia-contra-a-mulher-75-mil-agentes-serao-capacitados\\\/\",\"url\":\"https:\\\/\\\/agenciabrasil.ebc.com.br\\\/direitos-humanos\\\/noticia\\\/2026-08\\\/violencia-contra-mulher-75-mil-agentes-serao-capacitados\",\"name\":\"Viol\u00eancia contra a mulher: 7,5 mil agentes ser\u00e3o capacitados\",\"isPartOf\":{\"@id\":\"https:\\\/\\\/mrnews.com.br\\\/#website\"},\"datePublished\":\"2026-09-01T00:13:15+00:00\",\"breadcrumb\":{\"@id\":\"https:\\\/\\\/agenciabrasil.ebc.com.br\\\/direitos-humanos\\\/noticia\\\/2026-08\\\/violencia-contra-mulher-75-mil-agentes-serao-capacitados#breadcrumb\"},\"inLanguage\":\"pt-BR\",\"potentialAction\":[{\"@type\":\"ReadAction\",\"target\":[\"https:\\\/\\\/agenciabrasil.ebc.com.br\\\/direitos-humanos\\\/noticia\\\/2026-08\\\/violencia-contra-mulher-75-mil-agentes-serao-capacitados\"]}]},{\"@type\":\"BreadcrumbList\",\"@id\":\"https:\\\/\\\/agenciabrasil.ebc.com.br\\\/direitos-humanos\\\/noticia\\\/2026-08\\\/violencia-contra-mulher-75-mil-agentes-serao-capacitados#breadcrumb\",\"itemListElement\":[{\"@type\":\"ListItem\",\"position\":1,\"name\":\"In\u00edcio\",\"item\":\"https:\\\/\\\/mrnews.com.br\\\/\"},{\"@type\":\"ListItem\",\"position\":2,\"name\":\"Viol\u00eancia contra a mulher: 7,5 mil agentes ser\u00e3o capacitados\"}]},{\"@type\":\"WebSite\",\"@id\":\"https:\\\/\\\/mrnews.com.br\\\/#website\",\"url\":\"https:\\\/\\\/mrnews.com.br\\\/\",\"name\":\"MRNews\",\"description\":\"MRNews Jogos de hoje da TV, transmiss\u00f5es ao vivo, Not\u00edcias de futebol, Jogos ao vivo, Lives, resumo de novelas, Programa\u00e7\u00e3o da Globo, A Fazenda e BBB\",\"publisher\":{\"@id\":\"https:\\\/\\\/mrnews.com.br\\\/#organization\"},\"potentialAction\":[{\"@type\":\"SearchAction\",\"target\":{\"@type\":\"EntryPoint\",\"urlTemplate\":\"https:\\\/\\\/mrnews.com.br\\\/?s={search_term_string}\"},\"query-input\":{\"@type\":\"PropertyValueSpecification\",\"valueRequired\":true,\"valueName\":\"search_term_string\"}}],\"inLanguage\":\"pt-BR\"},{\"@type\":\"Organization\",\"@id\":\"https:\\\/\\\/mrnews.com.br\\\/#organization\",\"name\":\"MRNews\",\"url\":\"https:\\\/\\\/mrnews.com.br\\\/\",\"logo\":{\"@type\":\"ImageObject\",\"inLanguage\":\"pt-BR\",\"@id\":\"https:\\\/\\\/mrnews.com.br\\\/#\\\/schema\\\/logo\\\/image\\\/\",\"url\":\"https:\\\/\\\/mrnews.com.br\\\/wp-content\\\/uploads\\\/2026\\\/08\\\/MRNEws.png\",\"contentUrl\":\"https:\\\/\\\/mrnews.com.br\\\/wp-content\\\/uploads\\\/2026\\\/08\\\/MRNEws.png\",\"width\":1254,\"height\":1254,\"caption\":\"MRNews\"},\"image\":{\"@id\":\"https:\\\/\\\/mrnews.com.br\\\/#\\\/schema\\\/logo\\\/image\\\/\"},\"sameAs\":[\"https:\\\/\\\/www.facebook.com\\\/eaipahpah\\\/?locale2=pt_BR\",\"https:\\\/\\\/x.com\\\/conspirou\",\"https:\\\/\\\/www.instagram.com\\\/eai_pahpah\",\"https:\\\/\\\/br.pinterest.com\\\/mrnewsn\\\/boards\\\/\",\"https:\\\/\\\/www.youtube.com\\\/channel\\\/UCacgnpznQ61fifLWr1tQ-vA?view_as=subscriber\"]},{\"@type\":\"Person\",\"@id\":\"https:\\\/\\\/mrnews.com.br\\\/#\\\/schema\\\/person\\\/2f073f2d87903a2ff9a065e41bbf17d4\",\"name\":\"Fernando Corraa\",\"image\":{\"@type\":\"ImageObject\",\"inLanguage\":\"pt-BR\",\"@id\":\"https:\\\/\\\/secure.gravatar.com\\\/avatar\\\/9069acb0e588c9f4346ba747284aef18a5faaab575e89e9ccc64e315003f0b82?s=96&d=monsterid&r=g\",\"url\":\"https:\\\/\\\/secure.gravatar.com\\\/avatar\\\/9069acb0e588c9f4346ba747284aef18a5faaab575e89e9ccc64e315003f0b82?s=96&d=monsterid&r=g\",\"contentUrl\":\"https:\\\/\\\/secure.gravatar.com\\\/avatar\\\/9069acb0e588c9f4346ba747284aef18a5faaab575e89e9ccc64e315003f0b82?s=96&d=monsterid&r=g\",\"caption\":\"Fernando Corraa\"},\"url\":\"https:\\\/\\\/mrnews.com.br\\\/index.php\\\/author\\\/fernando-corraa\\\/\"}]}<\/script>\n<!-- \/ Yoast SEO plugin. -->","yoast_head_json":{"title":"Viol\u00eancia contra a mulher: 7,5 mil agentes ser\u00e3o capacitados","robots":{"index":"index","follow":"follow","max-snippet":"max-snippet:-1","max-image-preview":"max-image-preview:large","max-video-preview":"max-video-preview:-1"},"canonical":"https:\/\/agenciabrasil.ebc.com.br\/direitos-humanos\/noticia\/2026-08\/violencia-contra-mulher-75-mil-agentes-serao-capacitados","og_locale":"pt_BR","og_type":"article","og_title":"Viol\u00eancia contra a mulher: 7,5 mil agentes ser\u00e3o capacitados","og_description":"Por EBC, Pelo menos 7,5 mil agentes de seguran\u00e7a p\u00fablica das 27 capitais brasileiras e de 81 cidades do interior v\u00e3o passar, na pr\u00f3xima quarta (2), por um dia de capacita\u00e7\u00e3o, via transmiss\u00e3o simult\u00e2nea, para atendimento de mulheres v\u00edtimas de viol\u00eancias.\u00a0 A diretora de Ensino e Pesquisa da Secretaria Nacional de Seguran\u00e7a P\u00fablica, Michele Gon\u00e7alves &hellip;","og_url":"https:\/\/agenciabrasil.ebc.com.br\/direitos-humanos\/noticia\/2026-08\/violencia-contra-mulher-75-mil-agentes-serao-capacitados","og_site_name":"MRNews","article_publisher":"https:\/\/www.facebook.com\/eaipahpah\/?locale2=pt_BR","article_published_time":"2026-09-01T00:13:15+00:00","author":"Fernando Corraa","twitter_card":"summary_large_image","twitter_creator":"@conspirou","twitter_site":"@conspirou","twitter_misc":{"Escrito por":"Fernando Corraa","Est. tempo de leitura":"3 minutos"},"schema":{"@context":"https:\/\/schema.org","@graph":[{"@type":"Article","@id":"https:\/\/agenciabrasil.ebc.com.br\/direitos-humanos\/noticia\/2026-08\/violencia-contra-mulher-75-mil-agentes-serao-capacitados#article","isPartOf":{"@id":"https:\/\/mrnews.com.br\/index.php\/2026\/08\/31\/violencia-contra-a-mulher-75-mil-agentes-serao-capacitados\/"},"author":{"name":"Fernando Corraa","@id":"https:\/\/mrnews.com.br\/#\/schema\/person\/2f073f2d87903a2ff9a065e41bbf17d4"},"headline":"Viol\u00eancia contra a mulher: 7,5 mil agentes ser\u00e3o capacitados","datePublished":"2026-09-01T00:13:15+00:00","mainEntityOfPage":{"@id":"https:\/\/mrnews.com.br\/index.php\/2026\/08\/31\/violencia-contra-a-mulher-75-mil-agentes-serao-capacitados\/"},"wordCount":545,"commentCount":0,"publisher":{"@id":"https:\/\/mrnews.com.br\/#organization"},"articleSection":["SERVI\u00c7OS"],"inLanguage":"pt-BR","potentialAction":[{"@type":"CommentAction","name":"Comment","target":["https:\/\/agenciabrasil.ebc.com.br\/direitos-humanos\/noticia\/2026-08\/violencia-contra-mulher-75-mil-agentes-serao-capacitados#respond"]}]},{"@type":"WebPage","@id":"https:\/\/mrnews.com.br\/index.php\/2026\/08\/31\/violencia-contra-a-mulher-75-mil-agentes-serao-capacitados\/","url":"https:\/\/agenciabrasil.ebc.com.br\/direitos-humanos\/noticia\/2026-08\/violencia-contra-mulher-75-mil-agentes-serao-capacitados","name":"Viol\u00eancia contra a mulher: 7,5 mil agentes ser\u00e3o capacitados","isPartOf":{"@id":"https:\/\/mrnews.com.br\/#website"},"datePublished":"2026-09-01T00:13:15+00:00","breadcrumb":{"@id":"https:\/\/agenciabrasil.ebc.com.br\/direitos-humanos\/noticia\/2026-08\/violencia-contra-mulher-75-mil-agentes-serao-capacitados#breadcrumb"},"inLanguage":"pt-BR","potentialAction":[{"@type":"ReadAction","target":["https:\/\/agenciabrasil.ebc.com.br\/direitos-humanos\/noticia\/2026-08\/violencia-contra-mulher-75-mil-agentes-serao-capacitados"]}]},{"@type":"BreadcrumbList","@id":"https:\/\/agenciabrasil.ebc.com.br\/direitos-humanos\/noticia\/2026-08\/violencia-contra-mulher-75-mil-agentes-serao-capacitados#breadcrumb","itemListElement":[{"@type":"ListItem","position":1,"name":"In\u00edcio","item":"https:\/\/mrnews.com.br\/"},{"@type":"ListItem","position":2,"name":"Viol\u00eancia contra a mulher: 7,5 mil agentes ser\u00e3o capacitados"}]},{"@type":"WebSite","@id":"https:\/\/mrnews.com.br\/#website","url":"https:\/\/mrnews.com.br\/","name":"MRNews","description":"MRNews Jogos de hoje da TV, transmiss\u00f5es ao vivo, Not\u00edcias de futebol, Jogos ao vivo, Lives, resumo de novelas, Programa\u00e7\u00e3o da Globo, A Fazenda e BBB","publisher":{"@id":"https:\/\/mrnews.com.br\/#organization"},"potentialAction":[{"@type":"SearchAction","target":{"@type":"EntryPoint","urlTemplate":"https:\/\/mrnews.com.br\/?s={search_term_string}"},"query-input":{"@type":"PropertyValueSpecification","valueRequired":true,"valueName":"search_term_string"}}],"inLanguage":"pt-BR"},{"@type":"Organization","@id":"https:\/\/mrnews.com.br\/#organization","name":"MRNews","url":"https:\/\/mrnews.com.br\/","logo":{"@type":"ImageObject","inLanguage":"pt-BR","@id":"https:\/\/mrnews.com.br\/#\/schema\/logo\/image\/","url":"https:\/\/mrnews.com.br\/wp-content\/uploads\/2026\/08\/MRNEws.png","contentUrl":"https:\/\/mrnews.com.br\/wp-content\/uploads\/2026\/08\/MRNEws.png","width":1254,"height":1254,"caption":"MRNews"},"image":{"@id":"https:\/\/mrnews.com.br\/#\/schema\/logo\/image\/"},"sameAs":["https:\/\/www.facebook.com\/eaipahpah\/?locale2=pt_BR","https:\/\/x.com\/conspirou","https:\/\/www.instagram.com\/eai_pahpah","https:\/\/br.pinterest.com\/mrnewsn\/boards\/","https:\/\/www.youtube.com\/channel\/UCacgnpznQ61fifLWr1tQ-vA?view_as=subscriber"]},{"@type":"Person","@id":"https:\/\/mrnews.com.br\/#\/schema\/person\/2f073f2d87903a2ff9a065e41bbf17d4","name":"Fernando Corraa","image":{"@type":"ImageObject","inLanguage":"pt-BR","@id":"https:\/\/secure.gravatar.com\/avatar\/9069acb0e588c9f4346ba747284aef18a5faaab575e89e9ccc64e315003f0b82?s=96&d=monsterid&r=g","url":"https:\/\/secure.gravatar.com\/avatar\/9069acb0e588c9f4346ba747284aef18a5faaab575e89e9ccc64e315003f0b82?s=96&d=monsterid&r=g","contentUrl":"https:\/\/secure.gravatar.com\/avatar\/9069acb0e588c9f4346ba747284aef18a5faaab575e89e9ccc64e315003f0b82?s=96&d=monsterid&r=g","caption":"Fernando Corraa"},"url":"https:\/\/mrnews.com.br\/index.php\/author\/fernando-corraa\/"}]}},"jetpack_sharing_enabled":true,"jetpack_shortlink":"https:\/\/wp.me\/pa2Qf7-1Xeb","amp_enabled":true,"jetpack_featured_media_url":"","_links":{"self":[{"href":"https:\/\/mrnews.com.br\/index.php\/wp-json\/wp\/v2\/posts\/466003","targetHints":{"allow":["GET"]}}],"collection":[{"href":"https:\/\/mrnews.com.br\/index.php\/wp-json\/wp\/v2\/posts"}],"about":[{"href":"https:\/\/mrnews.com.br\/index.php\/wp-json\/wp\/v2\/types\/post"}],"author":[{"embeddable":true,"href":"https:\/\/mrnews.com.br\/index.php\/wp-json\/wp\/v2\/users\/39"}],"replies":[{"embeddable":true,"href":"https:\/\/mrnews.com.br\/index.php\/wp-json\/wp\/v2\/comments?post=466003"}],"version-history":[{"count":0,"href":"https:\/\/mrnews.com.br\/index.php\/wp-json\/wp\/v2\/posts\/466003\/revisions"}],"wp:attachment":[{"href":"https:\/\/mrnews.com.br\/index.php\/wp-json\/wp\/v2\/media?parent=466003"}],"wp:term":[{"taxonomy":"category","embeddable":true,"href":"https:\/\/mrnews.com.br\/index.php\/wp-json\/wp\/v2\/categories?post=466003"},{"taxonomy":"post_tag","embeddable":true,"href":"https:\/\/mrnews.com.br\/index.php\/wp-json\/wp\/v2\/tags?post=466003"}],"curies":[{"name":"wp","href":"https:\/\/api.w.org\/{rel}","templated":true}]}}