{"id":466008,"date":"2026-08-31T22:37:34","date_gmt":"2026-09-01T01:37:34","guid":{"rendered":"https:\/\/mrnews.com.br\/index.php\/2026\/08\/31\/confira-como-foi-a-segunda-feira-31-dos-candidatos-a-presidente\/"},"modified":"2026-08-31T22:37:34","modified_gmt":"2026-09-01T01:37:34","slug":"confira-como-foi-a-segunda-feira-31-dos-candidatos-a-presidente","status":"publish","type":"post","link":"https:\/\/mrnews.com.br\/index.php\/2026\/08\/31\/confira-como-foi-a-segunda-feira-31-dos-candidatos-a-presidente\/","title":{"rendered":"Confira como foi a segunda-feira (31) dos candidatos a presidente"},"content":{"rendered":"<p>Por EBC, <\/p>\n<div>\n<p>Os candidatos \u00e0 Presid\u00eancia da Rep\u00fablica cumpriram agendas de campanha nesta segunda-feira (31) com entrevistas, sabatinas, reuni\u00f5es, panfletagens e encontros com apoiadores e trabalhadores.<\/p>\n<p>Entre os temas abordados estiveram o desenvolvimento econ\u00f4mico, o incentivo aos pequenos neg\u00f3cios, a defesa dos Correios como empresa p\u00fablica e o combate \u00e0 corrup\u00e7\u00e3o. Candidatos tamb\u00e9m se reuniram com representantes dos setores automotivo e da constru\u00e7\u00e3o civil. As atividades foram realizadas principalmente em Curitiba, Porto Alegre e S\u00e3o Paulo.\u00a0<\/p>\n<h2>&gt;&gt; Veja como foi o dia dos candidatos a presidente:\u00a0<\/h2>\n<p><strong>Augusto Cury (Avante)<\/strong><br \/>Em Curitiba (PR), Cury defendeu uma mudan\u00e7a no modelo de desenvolvimento econ\u00f4mico brasileiro, com maior incentivo \u00e0 produ\u00e7\u00e3o, \u00e0 agrega\u00e7\u00e3o de valor e ao fortalecimento dos empreendedores. \u201cPrecisamos mostrar o Brasil como um supermercado do mundo, e n\u00e3o apenas como uma fazenda do mundo\u201d, afirmou.<\/p>\n<p>Cury tamb\u00e9m defendeu a amplia\u00e7\u00e3o do acesso ao financiamento para os pequenos neg\u00f3cios.\u00a0\u00a0<\/p>\n<p>Em Gravata\u00ed (RS), participou da inaugura\u00e7\u00e3o do Comit\u00ea do Avante.\u00a0<\/p>\n<p><strong>Clariana Bar\u00e3o (Democracia Crist\u00e3)<\/strong><br \/>A candidata foi entrevistada pela R\u00e1dio Pinel, no Rio Grande do Sul.<\/p>\n<p><strong>Hertz Dias (PSTU)<\/strong><br \/>Em Porto Alegre (RS), participou de panfletagem e conversa com trabalhadores dos Correios. Durante o di\u00e1logo, Dias reafirmou sua defesa de uma empresa p\u00fablica, estatal e voltada ao atendimento das necessidades da popula\u00e7\u00e3o.\u00a0<\/p>\n<p>Segundo o candidato, os Correios cumprem uma fun\u00e7\u00e3o estrat\u00e9gica para a integra\u00e7\u00e3o.\u00a0&#8220;Os Correios s\u00e3o patrim\u00f4nio do povo brasileiro. \u00c9 uma empresa que chega aos lugares mais distantes do pa\u00eds, presta servi\u00e7os essenciais e garante a integra\u00e7\u00e3o nacional. Somos contra qualquer tentativa de privatiza\u00e7\u00e3o&#8221;, afirmou.<\/p>\n<p>O candidato tamb\u00e9m teve atividades no centro da cidade, na Universidade Federal do Rio Grande do Sul (Ufrgs), em sindicatos e no Hospital de Cl\u00ednicas<\/p>\n<p><strong>Renan Santos (Miss\u00e3o)<\/strong><br \/>Participou de entrevista no jornal O Estado de S\u00e3o Paulo e, mais tarde, de uma sabatina na Gazeta do Povo.<\/p>\n<p>\u00c0 tarde, Renan Santos convocou uma coletiva de imprensa para falar sobre a suspens\u00e3o de sua propaganda eleitoral, decis\u00e3o tomada pelo ministro Dias Toffoli, do Tribunal Superior Eleitoral (TSE).<\/p>\n<p>\u201cFoi uma inflex\u00e3o autorit\u00e1ria. N\u00e3o d\u00e1 para justificar de maneira racional\u201d, declarou Renan.\u00a0O partido Miss\u00e3o pretende entrar com recurso contra a decis\u00e3o do TSE.<\/p>\n<p><strong>Romeu Zema (Novo)<\/strong><br \/>Pela manh\u00e3, o candidato esteve em frente \u00e0 sede da Pol\u00edcia Federal, em Curitiba (PR), para conversar com apoiadores e integrantes de movimentos ligados \u00e0 Lava Jato. \u00c0 tarde, se reuniu com moradores do bairro Santa C\u00e2ndida, na capital paranaense, para conversar sobre corrup\u00e7\u00e3o.<\/p>\n<p><strong>Ronaldo Caiado (PSD)<\/strong><br \/>Pela manh\u00e3, participou de sabatina na r\u00e1dio Jovem Pan, em S\u00e3o Paulo (SP). Em seguida reuniu-se com a diretoria da Associa\u00e7\u00e3o Nacional dos Fabricantes de Ve\u00edculos Automotores (Anfavea). Em outro compromisso, esteve com membros do Sindicato da Ind\u00fastria da Constru\u00e7\u00e3o Civil do Estado de S\u00e3o Paulo (SindusCon-SP).\u00a0<\/p>\n<p>Na reuni\u00e3o, Caiado disse que os empres\u00e1rios n\u00e3o t\u00eam dificuldade com rela\u00e7\u00e3o \u00e0 quest\u00e3o da escala 6X1 e sim com a maneira como a mat\u00e9ria foi discutida, segundo ele, n\u00e3o permitindo que os empres\u00e1rios pudessem adapt\u00e1-la \u00e0 condi\u00e7\u00e3o de trabalho do setor.\u00a0<\/p>\n<p>\u201cEu pretendo dar viabilidade para a ind\u00fastria, para o com\u00e9rcio, para os varejistas e para o pequeno e microempres\u00e1rio. L\u00f3gico que ningu\u00e9m vai insistir em situa\u00e7\u00f5es que amanh\u00e3 possam provocar o colapso do setor industrial brasileiro\u201d, disse.<\/p>\n<p><strong>Wilson Grassi (Democrata)<\/strong><br \/>O candidato participou pela manh\u00e3 de reuni\u00e3o de alinhamento com comit\u00ea de campanha. No per\u00edodo da tarde, gravou v\u00eddeos para campanha com a \u00e1rea de marketing.<\/p>\n<p>Os candidatos <strong>Edmilson Costa (PCB), Fl\u00e1vio Bolsonaro (PL), Luiz In\u00e1cio Lula da Silva (PT), Samara Martins (UP) <\/strong>e <strong>Rui Costa Pimenta (PCO) <\/strong>n\u00e3o tiveram agenda p\u00fablica de campanha nesta segunda-feira.<\/p>\n<p>A ordem de apresenta\u00e7\u00e3o da cobertura da agenda dos candidatos a presidente segue rod\u00edzio di\u00e1rio em ordem alfab\u00e9tica.<\/p>\n<p>      <!-- Relacionada --><\/p>\n<p>            <!-- Relacionada -->\n    <\/div>\n","protected":false},"excerpt":{"rendered":"<p>Por EBC, Os candidatos \u00e0 Presid\u00eancia da Rep\u00fablica cumpriram agendas de campanha nesta segunda-feira (31) com entrevistas, sabatinas, reuni\u00f5es, panfletagens e encontros com apoiadores e trabalhadores. Entre os temas abordados estiveram o desenvolvimento econ\u00f4mico, o incentivo aos pequenos neg\u00f3cios, a defesa dos Correios como empresa p\u00fablica e o combate \u00e0 corrup\u00e7\u00e3o. Candidatos tamb\u00e9m se reuniram &hellip;<\/p>\n","protected":false},"author":39,"featured_media":0,"comment_status":"open","ping_status":"open","sticky":false,"template":"","format":"standard","meta":{"_jetpack_newsletter_access":"","_jetpack_dont_email_post_to_subs":false,"_jetpack_newsletter_tier_id":0,"_jetpack_memberships_contains_paywalled_content":false,"_jetpack_feature_clip_id":0,"_jetpack_memberships_contains_paid_content":false,"footnotes":"","jetpack_post_was_ever_published":false},"categories":[4],"tags":[],"class_list":["post-466008","post","type-post","status-publish","format-standard","hentry","category-servicos"],"yoast_head":"<!-- This site is optimized with the Yoast SEO plugin v28.3 - https:\/\/yoast.com\/product\/yoast-seo-wordpress\/ -->\n<title>Confira como foi a segunda-feira (31) dos candidatos a presidente<\/title>\n<meta name=\"robots\" content=\"index, follow, max-snippet:-1, max-image-preview:large, max-video-preview:-1\" \/>\n<link rel=\"canonical\" href=\"https:\/\/agenciabrasil.ebc.com.br\/politica\/noticia\/2026-08\/confira-como-foi-segunda-feira-31-dos-candidatos-presidente\" \/>\n<meta property=\"og:locale\" content=\"pt_BR\" \/>\n<meta property=\"og:type\" content=\"article\" \/>\n<meta property=\"og:title\" content=\"Confira como foi a segunda-feira (31) dos candidatos a presidente\" \/>\n<meta property=\"og:description\" content=\"Por EBC, Os candidatos \u00e0 Presid\u00eancia da Rep\u00fablica cumpriram agendas de campanha nesta segunda-feira (31) com entrevistas, sabatinas, reuni\u00f5es, panfletagens e encontros com apoiadores e trabalhadores. Entre os temas abordados estiveram o desenvolvimento econ\u00f4mico, o incentivo aos pequenos neg\u00f3cios, a defesa dos Correios como empresa p\u00fablica e o combate \u00e0 corrup\u00e7\u00e3o. Candidatos tamb\u00e9m se reuniram &hellip;\" \/>\n<meta property=\"og:url\" content=\"https:\/\/agenciabrasil.ebc.com.br\/politica\/noticia\/2026-08\/confira-como-foi-segunda-feira-31-dos-candidatos-presidente\" \/>\n<meta property=\"og:site_name\" content=\"MRNews\" \/>\n<meta property=\"article:publisher\" content=\"https:\/\/www.facebook.com\/eaipahpah\/?locale2=pt_BR\" \/>\n<meta property=\"article:published_time\" content=\"2026-09-01T01:37:34+00:00\" \/>\n<meta name=\"author\" content=\"Fernando Corraa\" \/>\n<meta name=\"twitter:card\" content=\"summary_large_image\" \/>\n<meta name=\"twitter:creator\" content=\"@conspirou\" \/>\n<meta name=\"twitter:site\" content=\"@conspirou\" \/>\n<meta name=\"twitter:label1\" content=\"Escrito por\" \/>\n\t<meta name=\"twitter:data1\" content=\"Fernando Corraa\" \/>\n\t<meta name=\"twitter:label2\" content=\"Est. tempo de leitura\" \/>\n\t<meta name=\"twitter:data2\" content=\"3 minutos\" \/>\n<script type=\"application\/ld+json\" class=\"yoast-schema-graph\">{\"@context\":\"https:\\\/\\\/schema.org\",\"@graph\":[{\"@type\":\"Article\",\"@id\":\"https:\\\/\\\/agenciabrasil.ebc.com.br\\\/politica\\\/noticia\\\/2026-08\\\/confira-como-foi-segunda-feira-31-dos-candidatos-presidente#article\",\"isPartOf\":{\"@id\":\"https:\\\/\\\/mrnews.com.br\\\/index.php\\\/2026\\\/08\\\/31\\\/confira-como-foi-a-segunda-feira-31-dos-candidatos-a-presidente\\\/\"},\"author\":{\"name\":\"Fernando Corraa\",\"@id\":\"https:\\\/\\\/mrnews.com.br\\\/#\\\/schema\\\/person\\\/2f073f2d87903a2ff9a065e41bbf17d4\"},\"headline\":\"Confira como foi a segunda-feira (31) dos candidatos a presidente\",\"datePublished\":\"2026-09-01T01:37:34+00:00\",\"mainEntityOfPage\":{\"@id\":\"https:\\\/\\\/mrnews.com.br\\\/index.php\\\/2026\\\/08\\\/31\\\/confira-como-foi-a-segunda-feira-31-dos-candidatos-a-presidente\\\/\"},\"wordCount\":689,\"commentCount\":0,\"publisher\":{\"@id\":\"https:\\\/\\\/mrnews.com.br\\\/#organization\"},\"articleSection\":[\"SERVI\u00c7OS\"],\"inLanguage\":\"pt-BR\",\"potentialAction\":[{\"@type\":\"CommentAction\",\"name\":\"Comment\",\"target\":[\"https:\\\/\\\/agenciabrasil.ebc.com.br\\\/politica\\\/noticia\\\/2026-08\\\/confira-como-foi-segunda-feira-31-dos-candidatos-presidente#respond\"]}]},{\"@type\":\"WebPage\",\"@id\":\"https:\\\/\\\/mrnews.com.br\\\/index.php\\\/2026\\\/08\\\/31\\\/confira-como-foi-a-segunda-feira-31-dos-candidatos-a-presidente\\\/\",\"url\":\"https:\\\/\\\/agenciabrasil.ebc.com.br\\\/politica\\\/noticia\\\/2026-08\\\/confira-como-foi-segunda-feira-31-dos-candidatos-presidente\",\"name\":\"Confira como foi a segunda-feira (31) dos candidatos a presidente\",\"isPartOf\":{\"@id\":\"https:\\\/\\\/mrnews.com.br\\\/#website\"},\"datePublished\":\"2026-09-01T01:37:34+00:00\",\"breadcrumb\":{\"@id\":\"https:\\\/\\\/agenciabrasil.ebc.com.br\\\/politica\\\/noticia\\\/2026-08\\\/confira-como-foi-segunda-feira-31-dos-candidatos-presidente#breadcrumb\"},\"inLanguage\":\"pt-BR\",\"potentialAction\":[{\"@type\":\"ReadAction\",\"target\":[\"https:\\\/\\\/agenciabrasil.ebc.com.br\\\/politica\\\/noticia\\\/2026-08\\\/confira-como-foi-segunda-feira-31-dos-candidatos-presidente\"]}]},{\"@type\":\"BreadcrumbList\",\"@id\":\"https:\\\/\\\/agenciabrasil.ebc.com.br\\\/politica\\\/noticia\\\/2026-08\\\/confira-como-foi-segunda-feira-31-dos-candidatos-presidente#breadcrumb\",\"itemListElement\":[{\"@type\":\"ListItem\",\"position\":1,\"name\":\"In\u00edcio\",\"item\":\"https:\\\/\\\/mrnews.com.br\\\/\"},{\"@type\":\"ListItem\",\"position\":2,\"name\":\"Confira como foi a segunda-feira (31) dos candidatos a presidente\"}]},{\"@type\":\"WebSite\",\"@id\":\"https:\\\/\\\/mrnews.com.br\\\/#website\",\"url\":\"https:\\\/\\\/mrnews.com.br\\\/\",\"name\":\"MRNews\",\"description\":\"MRNews Jogos de hoje da TV, transmiss\u00f5es ao vivo, Not\u00edcias de futebol, Jogos ao vivo, Lives, resumo de novelas, Programa\u00e7\u00e3o da Globo, A Fazenda e BBB\",\"publisher\":{\"@id\":\"https:\\\/\\\/mrnews.com.br\\\/#organization\"},\"potentialAction\":[{\"@type\":\"SearchAction\",\"target\":{\"@type\":\"EntryPoint\",\"urlTemplate\":\"https:\\\/\\\/mrnews.com.br\\\/?s={search_term_string}\"},\"query-input\":{\"@type\":\"PropertyValueSpecification\",\"valueRequired\":true,\"valueName\":\"search_term_string\"}}],\"inLanguage\":\"pt-BR\"},{\"@type\":\"Organization\",\"@id\":\"https:\\\/\\\/mrnews.com.br\\\/#organization\",\"name\":\"MRNews\",\"url\":\"https:\\\/\\\/mrnews.com.br\\\/\",\"logo\":{\"@type\":\"ImageObject\",\"inLanguage\":\"pt-BR\",\"@id\":\"https:\\\/\\\/mrnews.com.br\\\/#\\\/schema\\\/logo\\\/image\\\/\",\"url\":\"https:\\\/\\\/mrnews.com.br\\\/wp-content\\\/uploads\\\/2026\\\/08\\\/MRNEws.png\",\"contentUrl\":\"https:\\\/\\\/mrnews.com.br\\\/wp-content\\\/uploads\\\/2026\\\/08\\\/MRNEws.png\",\"width\":1254,\"height\":1254,\"caption\":\"MRNews\"},\"image\":{\"@id\":\"https:\\\/\\\/mrnews.com.br\\\/#\\\/schema\\\/logo\\\/image\\\/\"},\"sameAs\":[\"https:\\\/\\\/www.facebook.com\\\/eaipahpah\\\/?locale2=pt_BR\",\"https:\\\/\\\/x.com\\\/conspirou\",\"https:\\\/\\\/www.instagram.com\\\/eai_pahpah\",\"https:\\\/\\\/br.pinterest.com\\\/mrnewsn\\\/boards\\\/\",\"https:\\\/\\\/www.youtube.com\\\/channel\\\/UCacgnpznQ61fifLWr1tQ-vA?view_as=subscriber\"]},{\"@type\":\"Person\",\"@id\":\"https:\\\/\\\/mrnews.com.br\\\/#\\\/schema\\\/person\\\/2f073f2d87903a2ff9a065e41bbf17d4\",\"name\":\"Fernando Corraa\",\"image\":{\"@type\":\"ImageObject\",\"inLanguage\":\"pt-BR\",\"@id\":\"https:\\\/\\\/secure.gravatar.com\\\/avatar\\\/9069acb0e588c9f4346ba747284aef18a5faaab575e89e9ccc64e315003f0b82?s=96&d=monsterid&r=g\",\"url\":\"https:\\\/\\\/secure.gravatar.com\\\/avatar\\\/9069acb0e588c9f4346ba747284aef18a5faaab575e89e9ccc64e315003f0b82?s=96&d=monsterid&r=g\",\"contentUrl\":\"https:\\\/\\\/secure.gravatar.com\\\/avatar\\\/9069acb0e588c9f4346ba747284aef18a5faaab575e89e9ccc64e315003f0b82?s=96&d=monsterid&r=g\",\"caption\":\"Fernando Corraa\"},\"url\":\"https:\\\/\\\/mrnews.com.br\\\/index.php\\\/author\\\/fernando-corraa\\\/\"}]}<\/script>\n<!-- \/ Yoast SEO plugin. -->","yoast_head_json":{"title":"Confira como foi a segunda-feira (31) dos candidatos a presidente","robots":{"index":"index","follow":"follow","max-snippet":"max-snippet:-1","max-image-preview":"max-image-preview:large","max-video-preview":"max-video-preview:-1"},"canonical":"https:\/\/agenciabrasil.ebc.com.br\/politica\/noticia\/2026-08\/confira-como-foi-segunda-feira-31-dos-candidatos-presidente","og_locale":"pt_BR","og_type":"article","og_title":"Confira como foi a segunda-feira (31) dos candidatos a presidente","og_description":"Por EBC, Os candidatos \u00e0 Presid\u00eancia da Rep\u00fablica cumpriram agendas de campanha nesta segunda-feira (31) com entrevistas, sabatinas, reuni\u00f5es, panfletagens e encontros com apoiadores e trabalhadores. Entre os temas abordados estiveram o desenvolvimento econ\u00f4mico, o incentivo aos pequenos neg\u00f3cios, a defesa dos Correios como empresa p\u00fablica e o combate \u00e0 corrup\u00e7\u00e3o. Candidatos tamb\u00e9m se reuniram &hellip;","og_url":"https:\/\/agenciabrasil.ebc.com.br\/politica\/noticia\/2026-08\/confira-como-foi-segunda-feira-31-dos-candidatos-presidente","og_site_name":"MRNews","article_publisher":"https:\/\/www.facebook.com\/eaipahpah\/?locale2=pt_BR","article_published_time":"2026-09-01T01:37:34+00:00","author":"Fernando Corraa","twitter_card":"summary_large_image","twitter_creator":"@conspirou","twitter_site":"@conspirou","twitter_misc":{"Escrito por":"Fernando Corraa","Est. tempo de leitura":"3 minutos"},"schema":{"@context":"https:\/\/schema.org","@graph":[{"@type":"Article","@id":"https:\/\/agenciabrasil.ebc.com.br\/politica\/noticia\/2026-08\/confira-como-foi-segunda-feira-31-dos-candidatos-presidente#article","isPartOf":{"@id":"https:\/\/mrnews.com.br\/index.php\/2026\/08\/31\/confira-como-foi-a-segunda-feira-31-dos-candidatos-a-presidente\/"},"author":{"name":"Fernando Corraa","@id":"https:\/\/mrnews.com.br\/#\/schema\/person\/2f073f2d87903a2ff9a065e41bbf17d4"},"headline":"Confira como foi a segunda-feira (31) dos candidatos a presidente","datePublished":"2026-09-01T01:37:34+00:00","mainEntityOfPage":{"@id":"https:\/\/mrnews.com.br\/index.php\/2026\/08\/31\/confira-como-foi-a-segunda-feira-31-dos-candidatos-a-presidente\/"},"wordCount":689,"commentCount":0,"publisher":{"@id":"https:\/\/mrnews.com.br\/#organization"},"articleSection":["SERVI\u00c7OS"],"inLanguage":"pt-BR","potentialAction":[{"@type":"CommentAction","name":"Comment","target":["https:\/\/agenciabrasil.ebc.com.br\/politica\/noticia\/2026-08\/confira-como-foi-segunda-feira-31-dos-candidatos-presidente#respond"]}]},{"@type":"WebPage","@id":"https:\/\/mrnews.com.br\/index.php\/2026\/08\/31\/confira-como-foi-a-segunda-feira-31-dos-candidatos-a-presidente\/","url":"https:\/\/agenciabrasil.ebc.com.br\/politica\/noticia\/2026-08\/confira-como-foi-segunda-feira-31-dos-candidatos-presidente","name":"Confira como foi a segunda-feira (31) dos candidatos a presidente","isPartOf":{"@id":"https:\/\/mrnews.com.br\/#website"},"datePublished":"2026-09-01T01:37:34+00:00","breadcrumb":{"@id":"https:\/\/agenciabrasil.ebc.com.br\/politica\/noticia\/2026-08\/confira-como-foi-segunda-feira-31-dos-candidatos-presidente#breadcrumb"},"inLanguage":"pt-BR","potentialAction":[{"@type":"ReadAction","target":["https:\/\/agenciabrasil.ebc.com.br\/politica\/noticia\/2026-08\/confira-como-foi-segunda-feira-31-dos-candidatos-presidente"]}]},{"@type":"BreadcrumbList","@id":"https:\/\/agenciabrasil.ebc.com.br\/politica\/noticia\/2026-08\/confira-como-foi-segunda-feira-31-dos-candidatos-presidente#breadcrumb","itemListElement":[{"@type":"ListItem","position":1,"name":"In\u00edcio","item":"https:\/\/mrnews.com.br\/"},{"@type":"ListItem","position":2,"name":"Confira como foi a segunda-feira (31) dos candidatos a presidente"}]},{"@type":"WebSite","@id":"https:\/\/mrnews.com.br\/#website","url":"https:\/\/mrnews.com.br\/","name":"MRNews","description":"MRNews Jogos de hoje da TV, transmiss\u00f5es ao vivo, Not\u00edcias de futebol, Jogos ao vivo, Lives, resumo de novelas, Programa\u00e7\u00e3o da Globo, A Fazenda e BBB","publisher":{"@id":"https:\/\/mrnews.com.br\/#organization"},"potentialAction":[{"@type":"SearchAction","target":{"@type":"EntryPoint","urlTemplate":"https:\/\/mrnews.com.br\/?s={search_term_string}"},"query-input":{"@type":"PropertyValueSpecification","valueRequired":true,"valueName":"search_term_string"}}],"inLanguage":"pt-BR"},{"@type":"Organization","@id":"https:\/\/mrnews.com.br\/#organization","name":"MRNews","url":"https:\/\/mrnews.com.br\/","logo":{"@type":"ImageObject","inLanguage":"pt-BR","@id":"https:\/\/mrnews.com.br\/#\/schema\/logo\/image\/","url":"https:\/\/mrnews.com.br\/wp-content\/uploads\/2026\/08\/MRNEws.png","contentUrl":"https:\/\/mrnews.com.br\/wp-content\/uploads\/2026\/08\/MRNEws.png","width":1254,"height":1254,"caption":"MRNews"},"image":{"@id":"https:\/\/mrnews.com.br\/#\/schema\/logo\/image\/"},"sameAs":["https:\/\/www.facebook.com\/eaipahpah\/?locale2=pt_BR","https:\/\/x.com\/conspirou","https:\/\/www.instagram.com\/eai_pahpah","https:\/\/br.pinterest.com\/mrnewsn\/boards\/","https:\/\/www.youtube.com\/channel\/UCacgnpznQ61fifLWr1tQ-vA?view_as=subscriber"]},{"@type":"Person","@id":"https:\/\/mrnews.com.br\/#\/schema\/person\/2f073f2d87903a2ff9a065e41bbf17d4","name":"Fernando Corraa","image":{"@type":"ImageObject","inLanguage":"pt-BR","@id":"https:\/\/secure.gravatar.com\/avatar\/9069acb0e588c9f4346ba747284aef18a5faaab575e89e9ccc64e315003f0b82?s=96&d=monsterid&r=g","url":"https:\/\/secure.gravatar.com\/avatar\/9069acb0e588c9f4346ba747284aef18a5faaab575e89e9ccc64e315003f0b82?s=96&d=monsterid&r=g","contentUrl":"https:\/\/secure.gravatar.com\/avatar\/9069acb0e588c9f4346ba747284aef18a5faaab575e89e9ccc64e315003f0b82?s=96&d=monsterid&r=g","caption":"Fernando Corraa"},"url":"https:\/\/mrnews.com.br\/index.php\/author\/fernando-corraa\/"}]}},"jetpack_sharing_enabled":true,"jetpack_shortlink":"https:\/\/wp.me\/pa2Qf7-1Xeg","amp_enabled":true,"jetpack_featured_media_url":"","_links":{"self":[{"href":"https:\/\/mrnews.com.br\/index.php\/wp-json\/wp\/v2\/posts\/466008","targetHints":{"allow":["GET"]}}],"collection":[{"href":"https:\/\/mrnews.com.br\/index.php\/wp-json\/wp\/v2\/posts"}],"about":[{"href":"https:\/\/mrnews.com.br\/index.php\/wp-json\/wp\/v2\/types\/post"}],"author":[{"embeddable":true,"href":"https:\/\/mrnews.com.br\/index.php\/wp-json\/wp\/v2\/users\/39"}],"replies":[{"embeddable":true,"href":"https:\/\/mrnews.com.br\/index.php\/wp-json\/wp\/v2\/comments?post=466008"}],"version-history":[{"count":0,"href":"https:\/\/mrnews.com.br\/index.php\/wp-json\/wp\/v2\/posts\/466008\/revisions"}],"wp:attachment":[{"href":"https:\/\/mrnews.com.br\/index.php\/wp-json\/wp\/v2\/media?parent=466008"}],"wp:term":[{"taxonomy":"category","embeddable":true,"href":"https:\/\/mrnews.com.br\/index.php\/wp-json\/wp\/v2\/categories?post=466008"},{"taxonomy":"post_tag","embeddable":true,"href":"https:\/\/mrnews.com.br\/index.php\/wp-json\/wp\/v2\/tags?post=466008"}],"curies":[{"name":"wp","href":"https:\/\/api.w.org\/{rel}","templated":true}]}}