{"id":466009,"date":"2026-08-31T23:19:05","date_gmt":"2026-09-01T02:19:05","guid":{"rendered":"https:\/\/mrnews.com.br\/index.php\/2026\/08\/31\/governo-preve-arrecadar-r-636-bi-com-nova-cbs-em-2027\/"},"modified":"2026-08-31T23:19:05","modified_gmt":"2026-09-01T02:19:05","slug":"governo-preve-arrecadar-r-636-bi-com-nova-cbs-em-2027","status":"publish","type":"post","link":"https:\/\/mrnews.com.br\/index.php\/2026\/08\/31\/governo-preve-arrecadar-r-636-bi-com-nova-cbs-em-2027\/","title":{"rendered":"Governo prev\u00ea arrecadar R$ 636 bi com nova CBS em 2027"},"content":{"rendered":"<p>Por EBC, <\/p>\n<div>\n<p>Enviado nesta segunda-feira (31) ao Congresso Nacional, o projeto da Lei Or\u00e7ament\u00e1ria Anual (PLOA) de 2027 trouxe as primeiras proje\u00e7\u00f5es de arrecada\u00e7\u00e3o dos tributos criados pela reforma tribut\u00e1ria. <strong>O governo federal estima arrecadar R$ 636 bilh\u00f5es no pr\u00f3ximo ano com a Contribui\u00e7\u00e3o sobre Bens e Servi\u00e7os (CBS), tributo a ser administrado pela Uni\u00e3o.<\/strong><\/p>\n<p><strong>Apesar de incluir a receita esperada, o governo n\u00e3o informou no Or\u00e7amento qual ser\u00e1 a al\u00edquota da CBS. <\/strong>O percentual ser\u00e1 calculado a partir de uma metodologia definida pela reforma tribut\u00e1ria e dever\u00e1 ser fixado pelo Senado at\u00e9 15 de dezembro para entrar em vigor em janeiro de 2027.<\/p>\n<p>Com introdu\u00e7\u00e3o gradual at\u00e9 2032 e passando a valer definitivamente em 2033, a CBS substituir\u00e1 o Programa de Integra\u00e7\u00e3o Social (PIS) e a Contribui\u00e7\u00e3o para o Financiamento da Seguridade Social (Cofins), al\u00e9m de assumir parte da fun\u00e7\u00e3o atualmente exercida pelo Imposto sobre Produtos Industrializados (IPI).<\/p>\n<h2>Al\u00edquota em defini\u00e7\u00e3o<\/h2>\n<p>Pelas regras da reforma, a Receita Federal deve enviar ao Tribunal de Contas da Uni\u00e3o (TCU), at\u00e9 14 de setembro, uma proposta de c\u00e1lculo da al\u00edquota de refer\u00eancia da CBS.<\/p>\n<p>O TCU ter\u00e1 at\u00e9 30 de outubro para analisar e homologar os c\u00e1lculos. Depois, caber\u00e1 ao Senado fixar a al\u00edquota de refer\u00eancia para 2027.<\/p>\n<p>O ministro da Fazenda, Dario Durigan, afirmou que o percentual n\u00e3o ser\u00e1 definido diretamente pelo Minist\u00e9rio da Fazenda.<\/p>\n<blockquote>\n<p>\u201cA gente vai cumprir nosso itiner\u00e1rio discutindo isso, lembrando que a metodologia prevista na Constitui\u00e7\u00e3o Federal, j\u00e1 aprovada pelo TCU, n\u00e3o diz a al\u00edquota, mas estabelece a metodologia de uma transi\u00e7\u00e3o de longo prazo.\u201d<\/p>\n<\/blockquote>\n<p>Segundo Durigan, a metodologia considera a amplia\u00e7\u00e3o da base de contribuintes e os diferentes regimes especiais previstos na reforma.<\/p>\n<h2>Novos tributos<\/h2>\n<p><strong>A CBS come\u00e7ar\u00e1 a ser cobrada integralmente em 2027 e substituir\u00e1 PIS e Cofins. <\/strong>O IPI ser\u00e1 zerado para a maior parte dos produtos e permanecer\u00e1 para itens ligados \u00e0 Zona Franca de Manaus, dentro das regras de preserva\u00e7\u00e3o da competitividade da regi\u00e3o.<\/p>\n<p>Em 2027, tamb\u00e9m come\u00e7ar\u00e1 a cobran\u00e7a do Imposto Seletivo, cuja arrecada\u00e7\u00e3o \u00e9 estimada em R$ 41,9 bilh\u00f5es no pr\u00f3ximo ano. Esse tributo ser\u00e1 aplicado a produtos e atividades considerados prejudiciais \u00e0 sa\u00fade ou ao meio ambiente.<\/p>\n<p>A estimativa apresentada pelo governo para a cobran\u00e7a do Imposto Seletivo considera setores como ve\u00edculos, tabaco, bebidas alco\u00f3licas, bebidas a\u00e7ucaradas e apostas.<\/p>\n<h2>Transi\u00e7\u00e3o tribut\u00e1ria<\/h2>\n<p>A reforma tamb\u00e9m cria o Imposto sobre Bens e Servi\u00e7os (IBS), de compet\u00eancia de estados e munic\u00edpios. A implementa\u00e7\u00e3o ser\u00e1 gradual e haver\u00e1 um per\u00edodo de conviv\u00eancia entre o sistema atual e o novo modelo.<\/p>\n<p>A CBS e o IBS seguir\u00e3o o sistema de Imposto sobre Valor Agregado (IVA), com cobran\u00e7a n\u00e3o cumulativa. Nesse modelo, o tributo pago em etapas anteriores da cadeia produtiva pode ser compensado, reduzindo o efeito cumulativo da tributa\u00e7\u00e3o.<\/p>\n<p>Outra mudan\u00e7a \u00e9 a cobran\u00e7a no destino: os impostos passam a ser vinculados ao local de consumo, e n\u00e3o \u00e0 origem da produ\u00e7\u00e3o. A transi\u00e7\u00e3o busca reduzir a chamada guerra fiscal entre estados.<\/p>\n<h2>Outras receitas<\/h2>\n<p>A inclus\u00e3o das novas receitas \u00e9 relevante para as proje\u00e7\u00f5es fiscais do governo. O ministro do Planejamento e Or\u00e7amento, Bruno Moretti, afirmou que a arrecada\u00e7\u00e3o com recursos naturais, incluindo royalties de petr\u00f3leo, deve somar R$ 176 bilh\u00f5es em 2027.<\/p>\n<p>J\u00e1 a receita com dividendos deve ficar pouco acima de R$ 31 bilh\u00f5es, abaixo da previs\u00e3o de R$ 55,5 bilh\u00f5es para 2026.<\/p>\n<h2>Principais n\u00fameros<\/h2>\n<ul>\n<li>R$ 636 bilh\u00f5es: arrecada\u00e7\u00e3o estimada com a CBS em 2027;<\/li>\n<li>R$ 41,9 bilh\u00f5es: previs\u00e3o de receita com o Imposto Seletivo;<\/li>\n<li>R$ 677,9 bilh\u00f5es: total estimado com os dois novos tributos;<\/li>\n<li>R$ 176 bilh\u00f5es: receita prevista com explora\u00e7\u00e3o de recursos naturais, incluindo royalties de petr\u00f3leo;<\/li>\n<li>R$ 31 bilh\u00f5es: previs\u00e3o de arrecada\u00e7\u00e3o com dividendos.<\/li>\n<\/ul>\n<h2>Super\u00e1vit prim\u00e1rio<\/h2>\n<p>Moretti tamb\u00e9m afirmou que o governo trabalha com um super\u00e1vit prim\u00e1rio efetivo de R$ 18,6 bilh\u00f5es em 2027. Ao excluir gastos com precat\u00f3rios e algumas despesas de sa\u00fade, educa\u00e7\u00e3o e defesa, atualmente fora do arcabou\u00e7o fiscal, a precis\u00e3o de super\u00e1vit sobe para R$ 83,4 bilh\u00f5es.<\/p>\n<p>O valor representa uma folga de R$ 10,2 bilh\u00f5es em rela\u00e7\u00e3o \u00e0 meta do arcabou\u00e7o fiscal, que considera um resultado positivo equivalente a 0,5% do Produto Interno Bruto (PIB), estimada em R$ 73,2 bilh\u00f5es.<\/p>\n<p>Segundo o ministro do Planejamento, essa margem aumenta a capacidade de contingenciamento (congelamento tempor\u00e1rio de gastos em caso de frustra\u00e7\u00e3o de receitas) caso seja necess\u00e1rio ajustar as despesas ao longo do ano.<\/p>\n<p>Durigan afirmou que a folga fiscal pode \u201cdar liberdade\u201d ao governo para administrar a execu\u00e7\u00e3o do Or\u00e7amento de 2027.<\/p>\n<p>      <!-- Relacionada --><\/p>\n<p>            <!-- Relacionada -->\n    <\/div>\n","protected":false},"excerpt":{"rendered":"<p>Por EBC, Enviado nesta segunda-feira (31) ao Congresso Nacional, o projeto da Lei Or\u00e7ament\u00e1ria Anual (PLOA) de 2027 trouxe as primeiras proje\u00e7\u00f5es de arrecada\u00e7\u00e3o dos tributos criados pela reforma tribut\u00e1ria. O governo federal estima arrecadar R$ 636 bilh\u00f5es no pr\u00f3ximo ano com a Contribui\u00e7\u00e3o sobre Bens e Servi\u00e7os (CBS), tributo a ser administrado pela Uni\u00e3o. &hellip;<\/p>\n","protected":false},"author":39,"featured_media":0,"comment_status":"open","ping_status":"open","sticky":false,"template":"","format":"standard","meta":{"_jetpack_newsletter_access":"","_jetpack_dont_email_post_to_subs":false,"_jetpack_newsletter_tier_id":0,"_jetpack_memberships_contains_paywalled_content":false,"_jetpack_feature_clip_id":0,"_jetpack_memberships_contains_paid_content":false,"footnotes":"","jetpack_post_was_ever_published":false},"categories":[4],"tags":[],"class_list":["post-466009","post","type-post","status-publish","format-standard","hentry","category-servicos"],"yoast_head":"<!-- This site is optimized with the Yoast SEO plugin v28.3 - https:\/\/yoast.com\/product\/yoast-seo-wordpress\/ -->\n<title>Governo prev\u00ea arrecadar R$ 636 bi com nova CBS em 2027<\/title>\n<meta name=\"robots\" content=\"index, follow, max-snippet:-1, max-image-preview:large, max-video-preview:-1\" \/>\n<link rel=\"canonical\" href=\"https:\/\/agenciabrasil.ebc.com.br\/economia\/noticia\/2026-08\/governo-preve-arrecadar-r-636-bi-com-nova-cbs-em-2027\" \/>\n<meta property=\"og:locale\" content=\"pt_BR\" \/>\n<meta property=\"og:type\" content=\"article\" \/>\n<meta property=\"og:title\" content=\"Governo prev\u00ea arrecadar R$ 636 bi com nova CBS em 2027\" \/>\n<meta property=\"og:description\" content=\"Por EBC, Enviado nesta segunda-feira (31) ao Congresso Nacional, o projeto da Lei Or\u00e7ament\u00e1ria Anual (PLOA) de 2027 trouxe as primeiras proje\u00e7\u00f5es de arrecada\u00e7\u00e3o dos tributos criados pela reforma tribut\u00e1ria. O governo federal estima arrecadar R$ 636 bilh\u00f5es no pr\u00f3ximo ano com a Contribui\u00e7\u00e3o sobre Bens e Servi\u00e7os (CBS), tributo a ser administrado pela Uni\u00e3o. &hellip;\" \/>\n<meta property=\"og:url\" content=\"https:\/\/agenciabrasil.ebc.com.br\/economia\/noticia\/2026-08\/governo-preve-arrecadar-r-636-bi-com-nova-cbs-em-2027\" \/>\n<meta property=\"og:site_name\" content=\"MRNews\" \/>\n<meta property=\"article:publisher\" content=\"https:\/\/www.facebook.com\/eaipahpah\/?locale2=pt_BR\" \/>\n<meta property=\"article:published_time\" content=\"2026-09-01T02:19:05+00:00\" \/>\n<meta name=\"author\" content=\"Fernando Corraa\" \/>\n<meta name=\"twitter:card\" content=\"summary_large_image\" \/>\n<meta name=\"twitter:creator\" content=\"@conspirou\" \/>\n<meta name=\"twitter:site\" content=\"@conspirou\" \/>\n<meta name=\"twitter:label1\" content=\"Escrito por\" \/>\n\t<meta name=\"twitter:data1\" content=\"Fernando Corraa\" \/>\n\t<meta name=\"twitter:label2\" content=\"Est. tempo de leitura\" \/>\n\t<meta name=\"twitter:data2\" content=\"4 minutos\" \/>\n<script type=\"application\/ld+json\" class=\"yoast-schema-graph\">{\"@context\":\"https:\\\/\\\/schema.org\",\"@graph\":[{\"@type\":\"Article\",\"@id\":\"https:\\\/\\\/agenciabrasil.ebc.com.br\\\/economia\\\/noticia\\\/2026-08\\\/governo-preve-arrecadar-r-636-bi-com-nova-cbs-em-2027#article\",\"isPartOf\":{\"@id\":\"https:\\\/\\\/mrnews.com.br\\\/index.php\\\/2026\\\/08\\\/31\\\/governo-preve-arrecadar-r-636-bi-com-nova-cbs-em-2027\\\/\"},\"author\":{\"name\":\"Fernando Corraa\",\"@id\":\"https:\\\/\\\/mrnews.com.br\\\/#\\\/schema\\\/person\\\/2f073f2d87903a2ff9a065e41bbf17d4\"},\"headline\":\"Governo prev\u00ea arrecadar R$ 636 bi com nova CBS em 2027\",\"datePublished\":\"2026-09-01T02:19:05+00:00\",\"mainEntityOfPage\":{\"@id\":\"https:\\\/\\\/mrnews.com.br\\\/index.php\\\/2026\\\/08\\\/31\\\/governo-preve-arrecadar-r-636-bi-com-nova-cbs-em-2027\\\/\"},\"wordCount\":819,\"commentCount\":0,\"publisher\":{\"@id\":\"https:\\\/\\\/mrnews.com.br\\\/#organization\"},\"articleSection\":[\"SERVI\u00c7OS\"],\"inLanguage\":\"pt-BR\",\"potentialAction\":[{\"@type\":\"CommentAction\",\"name\":\"Comment\",\"target\":[\"https:\\\/\\\/agenciabrasil.ebc.com.br\\\/economia\\\/noticia\\\/2026-08\\\/governo-preve-arrecadar-r-636-bi-com-nova-cbs-em-2027#respond\"]}]},{\"@type\":\"WebPage\",\"@id\":\"https:\\\/\\\/mrnews.com.br\\\/index.php\\\/2026\\\/08\\\/31\\\/governo-preve-arrecadar-r-636-bi-com-nova-cbs-em-2027\\\/\",\"url\":\"https:\\\/\\\/agenciabrasil.ebc.com.br\\\/economia\\\/noticia\\\/2026-08\\\/governo-preve-arrecadar-r-636-bi-com-nova-cbs-em-2027\",\"name\":\"Governo prev\u00ea arrecadar R$ 636 bi com nova CBS em 2027\",\"isPartOf\":{\"@id\":\"https:\\\/\\\/mrnews.com.br\\\/#website\"},\"datePublished\":\"2026-09-01T02:19:05+00:00\",\"breadcrumb\":{\"@id\":\"https:\\\/\\\/agenciabrasil.ebc.com.br\\\/economia\\\/noticia\\\/2026-08\\\/governo-preve-arrecadar-r-636-bi-com-nova-cbs-em-2027#breadcrumb\"},\"inLanguage\":\"pt-BR\",\"potentialAction\":[{\"@type\":\"ReadAction\",\"target\":[\"https:\\\/\\\/agenciabrasil.ebc.com.br\\\/economia\\\/noticia\\\/2026-08\\\/governo-preve-arrecadar-r-636-bi-com-nova-cbs-em-2027\"]}]},{\"@type\":\"BreadcrumbList\",\"@id\":\"https:\\\/\\\/agenciabrasil.ebc.com.br\\\/economia\\\/noticia\\\/2026-08\\\/governo-preve-arrecadar-r-636-bi-com-nova-cbs-em-2027#breadcrumb\",\"itemListElement\":[{\"@type\":\"ListItem\",\"position\":1,\"name\":\"In\u00edcio\",\"item\":\"https:\\\/\\\/mrnews.com.br\\\/\"},{\"@type\":\"ListItem\",\"position\":2,\"name\":\"Governo prev\u00ea arrecadar R$ 636 bi com nova CBS em 2027\"}]},{\"@type\":\"WebSite\",\"@id\":\"https:\\\/\\\/mrnews.com.br\\\/#website\",\"url\":\"https:\\\/\\\/mrnews.com.br\\\/\",\"name\":\"MRNews\",\"description\":\"MRNews Jogos de hoje da TV, transmiss\u00f5es ao vivo, Not\u00edcias de futebol, Jogos ao vivo, Lives, resumo de novelas, Programa\u00e7\u00e3o da Globo, A Fazenda e BBB\",\"publisher\":{\"@id\":\"https:\\\/\\\/mrnews.com.br\\\/#organization\"},\"potentialAction\":[{\"@type\":\"SearchAction\",\"target\":{\"@type\":\"EntryPoint\",\"urlTemplate\":\"https:\\\/\\\/mrnews.com.br\\\/?s={search_term_string}\"},\"query-input\":{\"@type\":\"PropertyValueSpecification\",\"valueRequired\":true,\"valueName\":\"search_term_string\"}}],\"inLanguage\":\"pt-BR\"},{\"@type\":\"Organization\",\"@id\":\"https:\\\/\\\/mrnews.com.br\\\/#organization\",\"name\":\"MRNews\",\"url\":\"https:\\\/\\\/mrnews.com.br\\\/\",\"logo\":{\"@type\":\"ImageObject\",\"inLanguage\":\"pt-BR\",\"@id\":\"https:\\\/\\\/mrnews.com.br\\\/#\\\/schema\\\/logo\\\/image\\\/\",\"url\":\"https:\\\/\\\/mrnews.com.br\\\/wp-content\\\/uploads\\\/2026\\\/08\\\/MRNEws.png\",\"contentUrl\":\"https:\\\/\\\/mrnews.com.br\\\/wp-content\\\/uploads\\\/2026\\\/08\\\/MRNEws.png\",\"width\":1254,\"height\":1254,\"caption\":\"MRNews\"},\"image\":{\"@id\":\"https:\\\/\\\/mrnews.com.br\\\/#\\\/schema\\\/logo\\\/image\\\/\"},\"sameAs\":[\"https:\\\/\\\/www.facebook.com\\\/eaipahpah\\\/?locale2=pt_BR\",\"https:\\\/\\\/x.com\\\/conspirou\",\"https:\\\/\\\/www.instagram.com\\\/eai_pahpah\",\"https:\\\/\\\/br.pinterest.com\\\/mrnewsn\\\/boards\\\/\",\"https:\\\/\\\/www.youtube.com\\\/channel\\\/UCacgnpznQ61fifLWr1tQ-vA?view_as=subscriber\"]},{\"@type\":\"Person\",\"@id\":\"https:\\\/\\\/mrnews.com.br\\\/#\\\/schema\\\/person\\\/2f073f2d87903a2ff9a065e41bbf17d4\",\"name\":\"Fernando Corraa\",\"image\":{\"@type\":\"ImageObject\",\"inLanguage\":\"pt-BR\",\"@id\":\"https:\\\/\\\/secure.gravatar.com\\\/avatar\\\/9069acb0e588c9f4346ba747284aef18a5faaab575e89e9ccc64e315003f0b82?s=96&d=monsterid&r=g\",\"url\":\"https:\\\/\\\/secure.gravatar.com\\\/avatar\\\/9069acb0e588c9f4346ba747284aef18a5faaab575e89e9ccc64e315003f0b82?s=96&d=monsterid&r=g\",\"contentUrl\":\"https:\\\/\\\/secure.gravatar.com\\\/avatar\\\/9069acb0e588c9f4346ba747284aef18a5faaab575e89e9ccc64e315003f0b82?s=96&d=monsterid&r=g\",\"caption\":\"Fernando Corraa\"},\"url\":\"https:\\\/\\\/mrnews.com.br\\\/index.php\\\/author\\\/fernando-corraa\\\/\"}]}<\/script>\n<!-- \/ Yoast SEO plugin. -->","yoast_head_json":{"title":"Governo prev\u00ea arrecadar R$ 636 bi com nova CBS em 2027","robots":{"index":"index","follow":"follow","max-snippet":"max-snippet:-1","max-image-preview":"max-image-preview:large","max-video-preview":"max-video-preview:-1"},"canonical":"https:\/\/agenciabrasil.ebc.com.br\/economia\/noticia\/2026-08\/governo-preve-arrecadar-r-636-bi-com-nova-cbs-em-2027","og_locale":"pt_BR","og_type":"article","og_title":"Governo prev\u00ea arrecadar R$ 636 bi com nova CBS em 2027","og_description":"Por EBC, Enviado nesta segunda-feira (31) ao Congresso Nacional, o projeto da Lei Or\u00e7ament\u00e1ria Anual (PLOA) de 2027 trouxe as primeiras proje\u00e7\u00f5es de arrecada\u00e7\u00e3o dos tributos criados pela reforma tribut\u00e1ria. O governo federal estima arrecadar R$ 636 bilh\u00f5es no pr\u00f3ximo ano com a Contribui\u00e7\u00e3o sobre Bens e Servi\u00e7os (CBS), tributo a ser administrado pela Uni\u00e3o. &hellip;","og_url":"https:\/\/agenciabrasil.ebc.com.br\/economia\/noticia\/2026-08\/governo-preve-arrecadar-r-636-bi-com-nova-cbs-em-2027","og_site_name":"MRNews","article_publisher":"https:\/\/www.facebook.com\/eaipahpah\/?locale2=pt_BR","article_published_time":"2026-09-01T02:19:05+00:00","author":"Fernando Corraa","twitter_card":"summary_large_image","twitter_creator":"@conspirou","twitter_site":"@conspirou","twitter_misc":{"Escrito por":"Fernando Corraa","Est. tempo de leitura":"4 minutos"},"schema":{"@context":"https:\/\/schema.org","@graph":[{"@type":"Article","@id":"https:\/\/agenciabrasil.ebc.com.br\/economia\/noticia\/2026-08\/governo-preve-arrecadar-r-636-bi-com-nova-cbs-em-2027#article","isPartOf":{"@id":"https:\/\/mrnews.com.br\/index.php\/2026\/08\/31\/governo-preve-arrecadar-r-636-bi-com-nova-cbs-em-2027\/"},"author":{"name":"Fernando Corraa","@id":"https:\/\/mrnews.com.br\/#\/schema\/person\/2f073f2d87903a2ff9a065e41bbf17d4"},"headline":"Governo prev\u00ea arrecadar R$ 636 bi com nova CBS em 2027","datePublished":"2026-09-01T02:19:05+00:00","mainEntityOfPage":{"@id":"https:\/\/mrnews.com.br\/index.php\/2026\/08\/31\/governo-preve-arrecadar-r-636-bi-com-nova-cbs-em-2027\/"},"wordCount":819,"commentCount":0,"publisher":{"@id":"https:\/\/mrnews.com.br\/#organization"},"articleSection":["SERVI\u00c7OS"],"inLanguage":"pt-BR","potentialAction":[{"@type":"CommentAction","name":"Comment","target":["https:\/\/agenciabrasil.ebc.com.br\/economia\/noticia\/2026-08\/governo-preve-arrecadar-r-636-bi-com-nova-cbs-em-2027#respond"]}]},{"@type":"WebPage","@id":"https:\/\/mrnews.com.br\/index.php\/2026\/08\/31\/governo-preve-arrecadar-r-636-bi-com-nova-cbs-em-2027\/","url":"https:\/\/agenciabrasil.ebc.com.br\/economia\/noticia\/2026-08\/governo-preve-arrecadar-r-636-bi-com-nova-cbs-em-2027","name":"Governo prev\u00ea arrecadar R$ 636 bi com nova CBS em 2027","isPartOf":{"@id":"https:\/\/mrnews.com.br\/#website"},"datePublished":"2026-09-01T02:19:05+00:00","breadcrumb":{"@id":"https:\/\/agenciabrasil.ebc.com.br\/economia\/noticia\/2026-08\/governo-preve-arrecadar-r-636-bi-com-nova-cbs-em-2027#breadcrumb"},"inLanguage":"pt-BR","potentialAction":[{"@type":"ReadAction","target":["https:\/\/agenciabrasil.ebc.com.br\/economia\/noticia\/2026-08\/governo-preve-arrecadar-r-636-bi-com-nova-cbs-em-2027"]}]},{"@type":"BreadcrumbList","@id":"https:\/\/agenciabrasil.ebc.com.br\/economia\/noticia\/2026-08\/governo-preve-arrecadar-r-636-bi-com-nova-cbs-em-2027#breadcrumb","itemListElement":[{"@type":"ListItem","position":1,"name":"In\u00edcio","item":"https:\/\/mrnews.com.br\/"},{"@type":"ListItem","position":2,"name":"Governo prev\u00ea arrecadar R$ 636 bi com nova CBS em 2027"}]},{"@type":"WebSite","@id":"https:\/\/mrnews.com.br\/#website","url":"https:\/\/mrnews.com.br\/","name":"MRNews","description":"MRNews Jogos de hoje da TV, transmiss\u00f5es ao vivo, Not\u00edcias de futebol, Jogos ao vivo, Lives, resumo de novelas, Programa\u00e7\u00e3o da Globo, A Fazenda e BBB","publisher":{"@id":"https:\/\/mrnews.com.br\/#organization"},"potentialAction":[{"@type":"SearchAction","target":{"@type":"EntryPoint","urlTemplate":"https:\/\/mrnews.com.br\/?s={search_term_string}"},"query-input":{"@type":"PropertyValueSpecification","valueRequired":true,"valueName":"search_term_string"}}],"inLanguage":"pt-BR"},{"@type":"Organization","@id":"https:\/\/mrnews.com.br\/#organization","name":"MRNews","url":"https:\/\/mrnews.com.br\/","logo":{"@type":"ImageObject","inLanguage":"pt-BR","@id":"https:\/\/mrnews.com.br\/#\/schema\/logo\/image\/","url":"https:\/\/mrnews.com.br\/wp-content\/uploads\/2026\/08\/MRNEws.png","contentUrl":"https:\/\/mrnews.com.br\/wp-content\/uploads\/2026\/08\/MRNEws.png","width":1254,"height":1254,"caption":"MRNews"},"image":{"@id":"https:\/\/mrnews.com.br\/#\/schema\/logo\/image\/"},"sameAs":["https:\/\/www.facebook.com\/eaipahpah\/?locale2=pt_BR","https:\/\/x.com\/conspirou","https:\/\/www.instagram.com\/eai_pahpah","https:\/\/br.pinterest.com\/mrnewsn\/boards\/","https:\/\/www.youtube.com\/channel\/UCacgnpznQ61fifLWr1tQ-vA?view_as=subscriber"]},{"@type":"Person","@id":"https:\/\/mrnews.com.br\/#\/schema\/person\/2f073f2d87903a2ff9a065e41bbf17d4","name":"Fernando Corraa","image":{"@type":"ImageObject","inLanguage":"pt-BR","@id":"https:\/\/secure.gravatar.com\/avatar\/9069acb0e588c9f4346ba747284aef18a5faaab575e89e9ccc64e315003f0b82?s=96&d=monsterid&r=g","url":"https:\/\/secure.gravatar.com\/avatar\/9069acb0e588c9f4346ba747284aef18a5faaab575e89e9ccc64e315003f0b82?s=96&d=monsterid&r=g","contentUrl":"https:\/\/secure.gravatar.com\/avatar\/9069acb0e588c9f4346ba747284aef18a5faaab575e89e9ccc64e315003f0b82?s=96&d=monsterid&r=g","caption":"Fernando Corraa"},"url":"https:\/\/mrnews.com.br\/index.php\/author\/fernando-corraa\/"}]}},"jetpack_sharing_enabled":true,"jetpack_shortlink":"https:\/\/wp.me\/pa2Qf7-1Xeh","amp_enabled":true,"jetpack_featured_media_url":"","_links":{"self":[{"href":"https:\/\/mrnews.com.br\/index.php\/wp-json\/wp\/v2\/posts\/466009","targetHints":{"allow":["GET"]}}],"collection":[{"href":"https:\/\/mrnews.com.br\/index.php\/wp-json\/wp\/v2\/posts"}],"about":[{"href":"https:\/\/mrnews.com.br\/index.php\/wp-json\/wp\/v2\/types\/post"}],"author":[{"embeddable":true,"href":"https:\/\/mrnews.com.br\/index.php\/wp-json\/wp\/v2\/users\/39"}],"replies":[{"embeddable":true,"href":"https:\/\/mrnews.com.br\/index.php\/wp-json\/wp\/v2\/comments?post=466009"}],"version-history":[{"count":0,"href":"https:\/\/mrnews.com.br\/index.php\/wp-json\/wp\/v2\/posts\/466009\/revisions"}],"wp:attachment":[{"href":"https:\/\/mrnews.com.br\/index.php\/wp-json\/wp\/v2\/media?parent=466009"}],"wp:term":[{"taxonomy":"category","embeddable":true,"href":"https:\/\/mrnews.com.br\/index.php\/wp-json\/wp\/v2\/categories?post=466009"},{"taxonomy":"post_tag","embeddable":true,"href":"https:\/\/mrnews.com.br\/index.php\/wp-json\/wp\/v2\/tags?post=466009"}],"curies":[{"name":"wp","href":"https:\/\/api.w.org\/{rel}","templated":true}]}}