{"id":466015,"date":"2026-09-01T01:25:15","date_gmt":"2026-09-01T04:25:15","guid":{"rendered":"https:\/\/mrnews.com.br\/index.php\/2026\/09\/01\/ebc-lanca-centro-de-inovacao-e-pesquisa-em-comunicacao-publica\/"},"modified":"2026-09-01T01:25:15","modified_gmt":"2026-09-01T04:25:15","slug":"ebc-lanca-centro-de-inovacao-e-pesquisa-em-comunicacao-publica","status":"publish","type":"post","link":"https:\/\/mrnews.com.br\/index.php\/2026\/09\/01\/ebc-lanca-centro-de-inovacao-e-pesquisa-em-comunicacao-publica\/","title":{"rendered":"EBC lan\u00e7a Centro de Inova\u00e7\u00e3o e Pesquisa em Comunica\u00e7\u00e3o P\u00fablica"},"content":{"rendered":"<p>Por EBC, <\/p>\n<div>\n<p>A <strong>Empresa Brasil de Comunica\u00e7\u00e3o <\/strong>(<strong>EBC<\/strong>) passa a contar com um novo espa\u00e7o dedicado \u00e0 inova\u00e7\u00e3o e \u00e0 produ\u00e7\u00e3o de conhecimento, a partir desta segunda-feira (31).<\/p>\n<p><strong>O Centro de Inova\u00e7\u00e3o e Pesquisa em Comunica\u00e7\u00e3o P\u00fablica (CIP\u00fablica) vai coordenar e promover a\u00e7\u00f5es de ci\u00eancia, tecnologia e inova\u00e7\u00e3o, al\u00e9m de facilitar o desenvolvimento de projetos e parcerias da EBC com outras organiza\u00e7\u00f5es.<\/strong><\/p>\n<p>A proposta \u00e9 promover iniciativas de pesquisa, desenvolvimento e inova\u00e7\u00e3o e criar uma cultura que estimule novas ideias e projetos em diferentes \u00e1reas. O Centro ir\u00e1 estimular projetos em temas de ponta na comunica\u00e7\u00e3o p\u00fablica, como Intelig\u00eancia Artificial, TV 3.0 e plataformiza\u00e7\u00e3o, entre outros. Outra frente ser\u00e1 a produ\u00e7\u00e3o e socializa\u00e7\u00e3o de conhecimento sobre o campo p\u00fablico de comunica\u00e7\u00e3o.<\/p>\n<p>\u201cO CIP\u00fablica representa um passo importante para consolidarmos na <strong>EBC<\/strong> uma cultura permanente de inova\u00e7\u00e3o, pesquisa e produ\u00e7\u00e3o de conhecimento. Como Institui\u00e7\u00e3o Cient\u00edfica e Tecnol\u00f3gica, temos a oportunidade de aproximar ainda mais a empresa de universidades, pesquisadores e outras organiza\u00e7\u00f5es, transformando conhecimento em solu\u00e7\u00f5es para os desafios da comunica\u00e7\u00e3o p\u00fablica\u201d, explica Thiago Regotto, diretor-geral da <strong>EBC<\/strong>.<\/p>\n<blockquote>\n<p>\u201cAo mesmo tempo, queremos valorizar a capacidade e a experi\u00eancia dos nossos empregados e ampliar a contribui\u00e7\u00e3o da <strong>EBC<\/strong> para o desenvolvimento do campo p\u00fablico de comunica\u00e7\u00e3o no Brasil\u201d, completa.<\/p>\n<\/blockquote>\n<p>Jonas Valente, gerente de Inova\u00e7\u00e3o e Tecnologia da empresa, acrescenta que o \u201cobjetivo \u00e9 facilitar projetos de CT&amp;I que envolvam o campo p\u00fablico, pesquisadores e outras institui\u00e7\u00f5es para fortalecer a comunica\u00e7\u00e3o p\u00fablica no Brasil&#8221;, detalha.<\/p>\n<p>O CIP\u00fablica vai ser o principal espa\u00e7o de articula\u00e7\u00e3o das a\u00e7\u00f5es para a implementa\u00e7\u00e3o da Pol\u00edtica de Inova\u00e7\u00e3o da <strong>EBC<\/strong>, aprovada em maio deste ano pela Diretoria Executiva da empresa.<\/p>\n<p>A Pol\u00edtica estabelece frentes de atua\u00e7\u00e3o para que a empresa possa contribuir com a reflex\u00e3o e moderniza\u00e7\u00e3o das atividades desempenhadas por seus ve\u00edculos e servi\u00e7os e no \u00e2mbito da <strong>Rede Nacional de Comunica\u00e7\u00e3o P\u00fablica<\/strong> e das institui\u00e7\u00f5es e grupos de pesquisa interessados no tema.<\/p>\n<p>Como uma das tarefas do CIP\u00fablica \u00e9 prospectar parcerias que possam colaborar com a inova\u00e7\u00e3o na <strong>EBC<\/strong>, Valente detalha que a equipe do Centro j\u00e1 iniciou di\u00e1logos com algumas institui\u00e7\u00f5es, como o Minist\u00e9rio da Ci\u00eancia, Tecnologia e Inova\u00e7\u00e3o (MCTI), a Secretaria de Comunica\u00e7\u00e3o da Presid\u00eancia da Rep\u00fablica, o Minist\u00e9rio da Cultura, a Fiocruz e a Universidade Federal do Rio de Janeiro (UFRJ).<\/p>\n<h2>Reposit\u00f3rio de pesquisas<\/h2>\n<p>Uma das primeiras iniciativas do CIP\u00fablica \u00e9 a cria\u00e7\u00e3o do Reposit\u00f3rio de Pesquisa em Comunica\u00e7\u00e3o P\u00fablica, que ficar\u00e1 dispon\u00edvel no site do CIP\u00fablica. <strong>A plataforma vai reunir produ\u00e7\u00f5es acad\u00eamicas e t\u00e9cnicas relacionadas ao tema, dando visibilidade a pesquisadores da EBC e de outras institui\u00e7\u00f5es.<\/strong><\/p>\n<p>Em um primeiro momento, o CIP\u00fablica convocou os empregados da <strong>EBC<\/strong> a compartilharem trabalhos e pesquisas j\u00e1 produzidos. Depois, pesquisadores de fora ser\u00e3o chamados para cadastrar seus trabalhos.<\/p>\n<p><strong>A iniciativa tamb\u00e9m pretende ampliar continuamente a base a partir de pesquisas dispon\u00edveis em peri\u00f3dicos, bancos de teses e disserta\u00e7\u00f5es e outras fontes acad\u00eamicas.<\/strong><\/p>\n<blockquote>\n<p>&#8220;A ideia \u00e9 exatamente dar visibilidade para os pesquisadores, sejam eles da casa ou de fora, e criar um hub de conhecimento sobre comunica\u00e7\u00e3o p\u00fablica que as pessoas possam usar mais facilmente&#8221;, afirma Valente.<\/p>\n<\/blockquote>\n<p>&#8220;O Centro chega para fortalecer a capacidade da <strong>EBC<\/strong>, do campo p\u00fablico e de institui\u00e7\u00f5es de pesquisa de experimentar, produzir conhecimento e desenvolver solu\u00e7\u00f5es para os desafios da comunica\u00e7\u00e3o p\u00fablica, aproximando empregados, pesquisadores, universidades e outras organiza\u00e7\u00f5es&#8221;, completa.<\/p>\n<p>Os trabalhos enviados ser\u00e3o analisados para conferir requisitos b\u00e1sicos (se \u00e9 produ\u00e7\u00e3o acad\u00eamica ou t\u00e9cnica, se pode ser divulgada), mantido o respeito \u00e0 independ\u00eancia de pesquisa dos autores. Depois, os pesquisadores poder\u00e3o ser convidados a apresentar seus trabalhos no Grupo de Pesquisa em M\u00eddias P\u00fablicas do CIP\u00fablica.<\/p>\n<h2>Pitching interno\u00a0<\/h2>\n<p>Outra iniciativa lan\u00e7ada pelo CIP\u00fablica \u00e9 um <em>pitching<\/em> interno de inova\u00e7\u00e3o, voltado \u00e0 melhoria de processos da <strong>EBC<\/strong>. Empregados poder\u00e3o inscrever projetos que proponham novas formas de realizar processos existentes na empresa.<\/p>\n<p><strong>Ser\u00e3o escolhidas as tr\u00eas propostas que melhor atenderem aos crit\u00e9rios de avalia\u00e7\u00e3o, buscando contemplar diferentes \u00e1reas da casa.<\/strong><\/p>\n<p>O CIP\u00fablica fornecer\u00e1 apoio metodol\u00f3gico para qualificar as propostas e discutir a possibilidade de implementa\u00e7\u00e3o nas \u00e1reas. O cronograma completo do <em>pitching<\/em> vai de 1\u00ba de setembro \u00e0 segunda semana de novembro, com a apresenta\u00e7\u00e3o dos pilotos \u00e0s \u00e1reas ocorrendo na segunda semana de novembro.<\/p>\n<p>\u00a0<\/p>\n<p>      <!-- Relacionada --><\/p>\n<p>            <!-- Relacionada -->\n    <\/div>\n","protected":false},"excerpt":{"rendered":"<p>Por EBC, A Empresa Brasil de Comunica\u00e7\u00e3o (EBC) passa a contar com um novo espa\u00e7o dedicado \u00e0 inova\u00e7\u00e3o e \u00e0 produ\u00e7\u00e3o de conhecimento, a partir desta segunda-feira (31). O Centro de Inova\u00e7\u00e3o e Pesquisa em Comunica\u00e7\u00e3o P\u00fablica (CIP\u00fablica) vai coordenar e promover a\u00e7\u00f5es de ci\u00eancia, tecnologia e inova\u00e7\u00e3o, al\u00e9m de facilitar o desenvolvimento de projetos &hellip;<\/p>\n","protected":false},"author":39,"featured_media":0,"comment_status":"open","ping_status":"open","sticky":false,"template":"","format":"standard","meta":{"_jetpack_newsletter_access":"","_jetpack_dont_email_post_to_subs":false,"_jetpack_newsletter_tier_id":0,"_jetpack_memberships_contains_paywalled_content":false,"_jetpack_feature_clip_id":0,"_jetpack_memberships_contains_paid_content":false,"footnotes":"","jetpack_post_was_ever_published":false},"categories":[4],"tags":[],"class_list":["post-466015","post","type-post","status-publish","format-standard","hentry","category-servicos"],"yoast_head":"<!-- This site is optimized with the Yoast SEO plugin v28.3 - https:\/\/yoast.com\/product\/yoast-seo-wordpress\/ -->\n<title>EBC lan\u00e7a Centro de Inova\u00e7\u00e3o e Pesquisa em Comunica\u00e7\u00e3o P\u00fablica<\/title>\n<meta name=\"robots\" content=\"index, follow, max-snippet:-1, max-image-preview:large, max-video-preview:-1\" \/>\n<link rel=\"canonical\" href=\"https:\/\/agenciabrasil.ebc.com.br\/geral\/noticia\/2026-08\/ebc-lanca-centro-de-inovacao-e-pesquisa-em-comunicacao-publica\" \/>\n<meta property=\"og:locale\" content=\"pt_BR\" \/>\n<meta property=\"og:type\" content=\"article\" \/>\n<meta property=\"og:title\" content=\"EBC lan\u00e7a Centro de Inova\u00e7\u00e3o e Pesquisa em Comunica\u00e7\u00e3o P\u00fablica\" \/>\n<meta property=\"og:description\" content=\"Por EBC, A Empresa Brasil de Comunica\u00e7\u00e3o (EBC) passa a contar com um novo espa\u00e7o dedicado \u00e0 inova\u00e7\u00e3o e \u00e0 produ\u00e7\u00e3o de conhecimento, a partir desta segunda-feira (31). O Centro de Inova\u00e7\u00e3o e Pesquisa em Comunica\u00e7\u00e3o P\u00fablica (CIP\u00fablica) vai coordenar e promover a\u00e7\u00f5es de ci\u00eancia, tecnologia e inova\u00e7\u00e3o, al\u00e9m de facilitar o desenvolvimento de projetos &hellip;\" \/>\n<meta property=\"og:url\" content=\"https:\/\/agenciabrasil.ebc.com.br\/geral\/noticia\/2026-08\/ebc-lanca-centro-de-inovacao-e-pesquisa-em-comunicacao-publica\" \/>\n<meta property=\"og:site_name\" content=\"MRNews\" \/>\n<meta property=\"article:publisher\" content=\"https:\/\/www.facebook.com\/eaipahpah\/?locale2=pt_BR\" \/>\n<meta property=\"article:published_time\" content=\"2026-09-01T04:25:15+00:00\" \/>\n<meta name=\"author\" content=\"Fernando Corraa\" \/>\n<meta name=\"twitter:card\" content=\"summary_large_image\" \/>\n<meta name=\"twitter:creator\" content=\"@conspirou\" \/>\n<meta name=\"twitter:site\" content=\"@conspirou\" \/>\n<meta name=\"twitter:label1\" content=\"Escrito por\" \/>\n\t<meta name=\"twitter:data1\" content=\"Fernando Corraa\" \/>\n\t<meta name=\"twitter:label2\" content=\"Est. tempo de leitura\" \/>\n\t<meta name=\"twitter:data2\" content=\"4 minutos\" \/>\n<script type=\"application\/ld+json\" class=\"yoast-schema-graph\">{\"@context\":\"https:\\\/\\\/schema.org\",\"@graph\":[{\"@type\":\"Article\",\"@id\":\"https:\\\/\\\/agenciabrasil.ebc.com.br\\\/geral\\\/noticia\\\/2026-08\\\/ebc-lanca-centro-de-inovacao-e-pesquisa-em-comunicacao-publica#article\",\"isPartOf\":{\"@id\":\"https:\\\/\\\/mrnews.com.br\\\/index.php\\\/2026\\\/09\\\/01\\\/ebc-lanca-centro-de-inovacao-e-pesquisa-em-comunicacao-publica\\\/\"},\"author\":{\"name\":\"Fernando Corraa\",\"@id\":\"https:\\\/\\\/mrnews.com.br\\\/#\\\/schema\\\/person\\\/2f073f2d87903a2ff9a065e41bbf17d4\"},\"headline\":\"EBC lan\u00e7a Centro de Inova\u00e7\u00e3o e Pesquisa em Comunica\u00e7\u00e3o P\u00fablica\",\"datePublished\":\"2026-09-01T04:25:15+00:00\",\"mainEntityOfPage\":{\"@id\":\"https:\\\/\\\/mrnews.com.br\\\/index.php\\\/2026\\\/09\\\/01\\\/ebc-lanca-centro-de-inovacao-e-pesquisa-em-comunicacao-publica\\\/\"},\"wordCount\":811,\"commentCount\":0,\"publisher\":{\"@id\":\"https:\\\/\\\/mrnews.com.br\\\/#organization\"},\"articleSection\":[\"SERVI\u00c7OS\"],\"inLanguage\":\"pt-BR\",\"potentialAction\":[{\"@type\":\"CommentAction\",\"name\":\"Comment\",\"target\":[\"https:\\\/\\\/agenciabrasil.ebc.com.br\\\/geral\\\/noticia\\\/2026-08\\\/ebc-lanca-centro-de-inovacao-e-pesquisa-em-comunicacao-publica#respond\"]}]},{\"@type\":\"WebPage\",\"@id\":\"https:\\\/\\\/mrnews.com.br\\\/index.php\\\/2026\\\/09\\\/01\\\/ebc-lanca-centro-de-inovacao-e-pesquisa-em-comunicacao-publica\\\/\",\"url\":\"https:\\\/\\\/agenciabrasil.ebc.com.br\\\/geral\\\/noticia\\\/2026-08\\\/ebc-lanca-centro-de-inovacao-e-pesquisa-em-comunicacao-publica\",\"name\":\"EBC lan\u00e7a Centro de Inova\u00e7\u00e3o e Pesquisa em Comunica\u00e7\u00e3o P\u00fablica\",\"isPartOf\":{\"@id\":\"https:\\\/\\\/mrnews.com.br\\\/#website\"},\"datePublished\":\"2026-09-01T04:25:15+00:00\",\"breadcrumb\":{\"@id\":\"https:\\\/\\\/agenciabrasil.ebc.com.br\\\/geral\\\/noticia\\\/2026-08\\\/ebc-lanca-centro-de-inovacao-e-pesquisa-em-comunicacao-publica#breadcrumb\"},\"inLanguage\":\"pt-BR\",\"potentialAction\":[{\"@type\":\"ReadAction\",\"target\":[\"https:\\\/\\\/agenciabrasil.ebc.com.br\\\/geral\\\/noticia\\\/2026-08\\\/ebc-lanca-centro-de-inovacao-e-pesquisa-em-comunicacao-publica\"]}]},{\"@type\":\"BreadcrumbList\",\"@id\":\"https:\\\/\\\/agenciabrasil.ebc.com.br\\\/geral\\\/noticia\\\/2026-08\\\/ebc-lanca-centro-de-inovacao-e-pesquisa-em-comunicacao-publica#breadcrumb\",\"itemListElement\":[{\"@type\":\"ListItem\",\"position\":1,\"name\":\"In\u00edcio\",\"item\":\"https:\\\/\\\/mrnews.com.br\\\/\"},{\"@type\":\"ListItem\",\"position\":2,\"name\":\"EBC lan\u00e7a Centro de Inova\u00e7\u00e3o e Pesquisa em Comunica\u00e7\u00e3o P\u00fablica\"}]},{\"@type\":\"WebSite\",\"@id\":\"https:\\\/\\\/mrnews.com.br\\\/#website\",\"url\":\"https:\\\/\\\/mrnews.com.br\\\/\",\"name\":\"MRNews\",\"description\":\"MRNews Jogos de hoje da TV, transmiss\u00f5es ao vivo, Not\u00edcias de futebol, Jogos ao vivo, Lives, resumo de novelas, Programa\u00e7\u00e3o da Globo, A Fazenda e BBB\",\"publisher\":{\"@id\":\"https:\\\/\\\/mrnews.com.br\\\/#organization\"},\"potentialAction\":[{\"@type\":\"SearchAction\",\"target\":{\"@type\":\"EntryPoint\",\"urlTemplate\":\"https:\\\/\\\/mrnews.com.br\\\/?s={search_term_string}\"},\"query-input\":{\"@type\":\"PropertyValueSpecification\",\"valueRequired\":true,\"valueName\":\"search_term_string\"}}],\"inLanguage\":\"pt-BR\"},{\"@type\":\"Organization\",\"@id\":\"https:\\\/\\\/mrnews.com.br\\\/#organization\",\"name\":\"MRNews\",\"url\":\"https:\\\/\\\/mrnews.com.br\\\/\",\"logo\":{\"@type\":\"ImageObject\",\"inLanguage\":\"pt-BR\",\"@id\":\"https:\\\/\\\/mrnews.com.br\\\/#\\\/schema\\\/logo\\\/image\\\/\",\"url\":\"https:\\\/\\\/mrnews.com.br\\\/wp-content\\\/uploads\\\/2026\\\/08\\\/MRNEws.png\",\"contentUrl\":\"https:\\\/\\\/mrnews.com.br\\\/wp-content\\\/uploads\\\/2026\\\/08\\\/MRNEws.png\",\"width\":1254,\"height\":1254,\"caption\":\"MRNews\"},\"image\":{\"@id\":\"https:\\\/\\\/mrnews.com.br\\\/#\\\/schema\\\/logo\\\/image\\\/\"},\"sameAs\":[\"https:\\\/\\\/www.facebook.com\\\/eaipahpah\\\/?locale2=pt_BR\",\"https:\\\/\\\/x.com\\\/conspirou\",\"https:\\\/\\\/www.instagram.com\\\/eai_pahpah\",\"https:\\\/\\\/br.pinterest.com\\\/mrnewsn\\\/boards\\\/\",\"https:\\\/\\\/www.youtube.com\\\/channel\\\/UCacgnpznQ61fifLWr1tQ-vA?view_as=subscriber\"]},{\"@type\":\"Person\",\"@id\":\"https:\\\/\\\/mrnews.com.br\\\/#\\\/schema\\\/person\\\/2f073f2d87903a2ff9a065e41bbf17d4\",\"name\":\"Fernando Corraa\",\"image\":{\"@type\":\"ImageObject\",\"inLanguage\":\"pt-BR\",\"@id\":\"https:\\\/\\\/secure.gravatar.com\\\/avatar\\\/9069acb0e588c9f4346ba747284aef18a5faaab575e89e9ccc64e315003f0b82?s=96&d=monsterid&r=g\",\"url\":\"https:\\\/\\\/secure.gravatar.com\\\/avatar\\\/9069acb0e588c9f4346ba747284aef18a5faaab575e89e9ccc64e315003f0b82?s=96&d=monsterid&r=g\",\"contentUrl\":\"https:\\\/\\\/secure.gravatar.com\\\/avatar\\\/9069acb0e588c9f4346ba747284aef18a5faaab575e89e9ccc64e315003f0b82?s=96&d=monsterid&r=g\",\"caption\":\"Fernando Corraa\"},\"url\":\"https:\\\/\\\/mrnews.com.br\\\/index.php\\\/author\\\/fernando-corraa\\\/\"}]}<\/script>\n<!-- \/ Yoast SEO plugin. -->","yoast_head_json":{"title":"EBC lan\u00e7a Centro de Inova\u00e7\u00e3o e Pesquisa em Comunica\u00e7\u00e3o P\u00fablica","robots":{"index":"index","follow":"follow","max-snippet":"max-snippet:-1","max-image-preview":"max-image-preview:large","max-video-preview":"max-video-preview:-1"},"canonical":"https:\/\/agenciabrasil.ebc.com.br\/geral\/noticia\/2026-08\/ebc-lanca-centro-de-inovacao-e-pesquisa-em-comunicacao-publica","og_locale":"pt_BR","og_type":"article","og_title":"EBC lan\u00e7a Centro de Inova\u00e7\u00e3o e Pesquisa em Comunica\u00e7\u00e3o P\u00fablica","og_description":"Por EBC, A Empresa Brasil de Comunica\u00e7\u00e3o (EBC) passa a contar com um novo espa\u00e7o dedicado \u00e0 inova\u00e7\u00e3o e \u00e0 produ\u00e7\u00e3o de conhecimento, a partir desta segunda-feira (31). O Centro de Inova\u00e7\u00e3o e Pesquisa em Comunica\u00e7\u00e3o P\u00fablica (CIP\u00fablica) vai coordenar e promover a\u00e7\u00f5es de ci\u00eancia, tecnologia e inova\u00e7\u00e3o, al\u00e9m de facilitar o desenvolvimento de projetos &hellip;","og_url":"https:\/\/agenciabrasil.ebc.com.br\/geral\/noticia\/2026-08\/ebc-lanca-centro-de-inovacao-e-pesquisa-em-comunicacao-publica","og_site_name":"MRNews","article_publisher":"https:\/\/www.facebook.com\/eaipahpah\/?locale2=pt_BR","article_published_time":"2026-09-01T04:25:15+00:00","author":"Fernando Corraa","twitter_card":"summary_large_image","twitter_creator":"@conspirou","twitter_site":"@conspirou","twitter_misc":{"Escrito por":"Fernando Corraa","Est. tempo de leitura":"4 minutos"},"schema":{"@context":"https:\/\/schema.org","@graph":[{"@type":"Article","@id":"https:\/\/agenciabrasil.ebc.com.br\/geral\/noticia\/2026-08\/ebc-lanca-centro-de-inovacao-e-pesquisa-em-comunicacao-publica#article","isPartOf":{"@id":"https:\/\/mrnews.com.br\/index.php\/2026\/09\/01\/ebc-lanca-centro-de-inovacao-e-pesquisa-em-comunicacao-publica\/"},"author":{"name":"Fernando Corraa","@id":"https:\/\/mrnews.com.br\/#\/schema\/person\/2f073f2d87903a2ff9a065e41bbf17d4"},"headline":"EBC lan\u00e7a Centro de Inova\u00e7\u00e3o e Pesquisa em Comunica\u00e7\u00e3o P\u00fablica","datePublished":"2026-09-01T04:25:15+00:00","mainEntityOfPage":{"@id":"https:\/\/mrnews.com.br\/index.php\/2026\/09\/01\/ebc-lanca-centro-de-inovacao-e-pesquisa-em-comunicacao-publica\/"},"wordCount":811,"commentCount":0,"publisher":{"@id":"https:\/\/mrnews.com.br\/#organization"},"articleSection":["SERVI\u00c7OS"],"inLanguage":"pt-BR","potentialAction":[{"@type":"CommentAction","name":"Comment","target":["https:\/\/agenciabrasil.ebc.com.br\/geral\/noticia\/2026-08\/ebc-lanca-centro-de-inovacao-e-pesquisa-em-comunicacao-publica#respond"]}]},{"@type":"WebPage","@id":"https:\/\/mrnews.com.br\/index.php\/2026\/09\/01\/ebc-lanca-centro-de-inovacao-e-pesquisa-em-comunicacao-publica\/","url":"https:\/\/agenciabrasil.ebc.com.br\/geral\/noticia\/2026-08\/ebc-lanca-centro-de-inovacao-e-pesquisa-em-comunicacao-publica","name":"EBC lan\u00e7a Centro de Inova\u00e7\u00e3o e Pesquisa em Comunica\u00e7\u00e3o P\u00fablica","isPartOf":{"@id":"https:\/\/mrnews.com.br\/#website"},"datePublished":"2026-09-01T04:25:15+00:00","breadcrumb":{"@id":"https:\/\/agenciabrasil.ebc.com.br\/geral\/noticia\/2026-08\/ebc-lanca-centro-de-inovacao-e-pesquisa-em-comunicacao-publica#breadcrumb"},"inLanguage":"pt-BR","potentialAction":[{"@type":"ReadAction","target":["https:\/\/agenciabrasil.ebc.com.br\/geral\/noticia\/2026-08\/ebc-lanca-centro-de-inovacao-e-pesquisa-em-comunicacao-publica"]}]},{"@type":"BreadcrumbList","@id":"https:\/\/agenciabrasil.ebc.com.br\/geral\/noticia\/2026-08\/ebc-lanca-centro-de-inovacao-e-pesquisa-em-comunicacao-publica#breadcrumb","itemListElement":[{"@type":"ListItem","position":1,"name":"In\u00edcio","item":"https:\/\/mrnews.com.br\/"},{"@type":"ListItem","position":2,"name":"EBC lan\u00e7a Centro de Inova\u00e7\u00e3o e Pesquisa em Comunica\u00e7\u00e3o P\u00fablica"}]},{"@type":"WebSite","@id":"https:\/\/mrnews.com.br\/#website","url":"https:\/\/mrnews.com.br\/","name":"MRNews","description":"MRNews Jogos de hoje da TV, transmiss\u00f5es ao vivo, Not\u00edcias de futebol, Jogos ao vivo, Lives, resumo de novelas, Programa\u00e7\u00e3o da Globo, A Fazenda e BBB","publisher":{"@id":"https:\/\/mrnews.com.br\/#organization"},"potentialAction":[{"@type":"SearchAction","target":{"@type":"EntryPoint","urlTemplate":"https:\/\/mrnews.com.br\/?s={search_term_string}"},"query-input":{"@type":"PropertyValueSpecification","valueRequired":true,"valueName":"search_term_string"}}],"inLanguage":"pt-BR"},{"@type":"Organization","@id":"https:\/\/mrnews.com.br\/#organization","name":"MRNews","url":"https:\/\/mrnews.com.br\/","logo":{"@type":"ImageObject","inLanguage":"pt-BR","@id":"https:\/\/mrnews.com.br\/#\/schema\/logo\/image\/","url":"https:\/\/mrnews.com.br\/wp-content\/uploads\/2026\/08\/MRNEws.png","contentUrl":"https:\/\/mrnews.com.br\/wp-content\/uploads\/2026\/08\/MRNEws.png","width":1254,"height":1254,"caption":"MRNews"},"image":{"@id":"https:\/\/mrnews.com.br\/#\/schema\/logo\/image\/"},"sameAs":["https:\/\/www.facebook.com\/eaipahpah\/?locale2=pt_BR","https:\/\/x.com\/conspirou","https:\/\/www.instagram.com\/eai_pahpah","https:\/\/br.pinterest.com\/mrnewsn\/boards\/","https:\/\/www.youtube.com\/channel\/UCacgnpznQ61fifLWr1tQ-vA?view_as=subscriber"]},{"@type":"Person","@id":"https:\/\/mrnews.com.br\/#\/schema\/person\/2f073f2d87903a2ff9a065e41bbf17d4","name":"Fernando Corraa","image":{"@type":"ImageObject","inLanguage":"pt-BR","@id":"https:\/\/secure.gravatar.com\/avatar\/9069acb0e588c9f4346ba747284aef18a5faaab575e89e9ccc64e315003f0b82?s=96&d=monsterid&r=g","url":"https:\/\/secure.gravatar.com\/avatar\/9069acb0e588c9f4346ba747284aef18a5faaab575e89e9ccc64e315003f0b82?s=96&d=monsterid&r=g","contentUrl":"https:\/\/secure.gravatar.com\/avatar\/9069acb0e588c9f4346ba747284aef18a5faaab575e89e9ccc64e315003f0b82?s=96&d=monsterid&r=g","caption":"Fernando Corraa"},"url":"https:\/\/mrnews.com.br\/index.php\/author\/fernando-corraa\/"}]}},"jetpack_sharing_enabled":true,"jetpack_shortlink":"https:\/\/wp.me\/pa2Qf7-1Xen","amp_enabled":true,"jetpack_featured_media_url":"","_links":{"self":[{"href":"https:\/\/mrnews.com.br\/index.php\/wp-json\/wp\/v2\/posts\/466015","targetHints":{"allow":["GET"]}}],"collection":[{"href":"https:\/\/mrnews.com.br\/index.php\/wp-json\/wp\/v2\/posts"}],"about":[{"href":"https:\/\/mrnews.com.br\/index.php\/wp-json\/wp\/v2\/types\/post"}],"author":[{"embeddable":true,"href":"https:\/\/mrnews.com.br\/index.php\/wp-json\/wp\/v2\/users\/39"}],"replies":[{"embeddable":true,"href":"https:\/\/mrnews.com.br\/index.php\/wp-json\/wp\/v2\/comments?post=466015"}],"version-history":[{"count":0,"href":"https:\/\/mrnews.com.br\/index.php\/wp-json\/wp\/v2\/posts\/466015\/revisions"}],"wp:attachment":[{"href":"https:\/\/mrnews.com.br\/index.php\/wp-json\/wp\/v2\/media?parent=466015"}],"wp:term":[{"taxonomy":"category","embeddable":true,"href":"https:\/\/mrnews.com.br\/index.php\/wp-json\/wp\/v2\/categories?post=466015"},{"taxonomy":"post_tag","embeddable":true,"href":"https:\/\/mrnews.com.br\/index.php\/wp-json\/wp\/v2\/tags?post=466015"}],"curies":[{"name":"wp","href":"https:\/\/api.w.org\/{rel}","templated":true}]}}