{"id":466017,"date":"2026-09-01T02:38:37","date_gmt":"2026-09-01T05:38:37","guid":{"rendered":"https:\/\/mrnews.com.br\/index.php\/2026\/09\/01\/primt-itinerante-encerra-inscricoes-da-2a-edicao-no-jardim-canguru-cgnoticias\/"},"modified":"2026-09-01T02:38:37","modified_gmt":"2026-09-01T05:38:37","slug":"primt-itinerante-encerra-inscricoes-da-2a-edicao-no-jardim-canguru-cgnoticias","status":"publish","type":"post","link":"https:\/\/mrnews.com.br\/index.php\/2026\/09\/01\/primt-itinerante-encerra-inscricoes-da-2a-edicao-no-jardim-canguru-cgnoticias\/","title":{"rendered":"Primt Itinerante encerra inscri\u00e7\u00f5es da 2\u00aa edi\u00e7\u00e3o no Jardim Canguru\u00a0 \u2013 CGNot\u00edcias"},"content":{"rendered":"<p><\/p>\n<div>\n<p>O Jardim Canguru recebeu, nesta segunda-feira (31), a \u00faltima etapa de inscri\u00e7\u00f5es da segunda edi\u00e7\u00e3o do\u00a0Primt\u00a0Itinerante (Programa de Inclus\u00e3o ao Mercado de Trabalho). A a\u00e7\u00e3o foi realizada no CRAS Canguru, com atendimento a 130 candidatos.\u00a0<\/p>\n<p>Ao longo das cinco agendas, realizadas na Vila Popular, Vida Nova, Aero Rancho, Moreninhas e Jardim Canguru, mais de 850 pessoas procuraram o atendimento.\u00a0A sele\u00e7\u00e3o itinerante foi organizada pela\u00a0Funsat\u00a0(Funda\u00e7\u00e3o Social do Trabalho) para formar um Cadastro Reserva com 400 classificados.\u00a0<\/p>\n<p>As entrevistas e a confer\u00eancia da documenta\u00e7\u00e3o ocorreram entre os dias 24 e 31 de agosto.\u00a0O\u00a0resultado final\u00a0da segunda edi\u00e7\u00e3o ser\u00e1 divulgado na quarta-feira (2 de setembro), ap\u00f3s a conclus\u00e3o da apura\u00e7\u00e3o das fichas coletadas.\u00a0<\/p>\n<p><strong>Moradores participaram da \u00faltima etapa<\/strong>\u00a0<\/p>\n<p>Entre os primeiros candidatos a chegar ao Jardim Canguru estava\u00a0Joziane\u00a0Lopes, 40 anos. Moradora do Jardim Centro-Oeste, ela chegou ao local na tarde de domingo (30), antecipando-se ao atendimento da segunda-feira.\u00a0\u201cNo que pude colaborar, fiz a minha parte, pois n\u00e3o vejo apenas como concorrentes os que passaram pelo que passei. Os primeiros a chegarem tamb\u00e9m ajudaram a manter tudo em ordem antes da distribui\u00e7\u00e3o das senhas\u201d, relatou.\u00a0<\/p>\n<p>O atendimento come\u00e7ou \u00e0s 7h e se estendeu at\u00e9 depois das 13h, com a equipe da Funsat realizando a triagem documental e as entrevistas dos candidatos.\u00a0<\/p>\n<p>Marilene\u00a0Jarcem, presidente da Associa\u00e7\u00e3o de Moradores do Jardim Canguru, acompanhou a organiza\u00e7\u00e3o da a\u00e7\u00e3o desde o in\u00edcio.\u00a0\u201cFoi na nossa regi\u00e3o, ent\u00e3o fiz quest\u00e3o de estar junto, conversar com as pessoas e acompanhar a organiza\u00e7\u00e3o. \u00c9 nosso papel fiscalizar o Poder P\u00fablico\u00a0e tamb\u00e9m\u00a0ser parceira da comunidade\u201d, afirmou.\u00a0<\/p>\n<p>Para\u00a0Dafiny\u00a0Andressa Franco, 23 anos, a participa\u00e7\u00e3o no \u00faltimo dia foi uma oportunidade de tentar ingressar no programa. Moradora do Jardim Canguru, ela recebeu a senha 32.\u00a0\u201cDeixei para o \u00faltimo dia porque sou moradora daqui. Imaginava que a procura seria grande, pois h\u00e1 muitas recomenda\u00e7\u00f5es sobre o programa\u201d, disse.\u00a0<\/p>\n<p>Morador do Jardim Caiob\u00e1, Lucas Augusto Mendes, 36 anos, tamb\u00e9m participou da etapa no Canguru. Ele chegou ao local no dia anterior e recebeu a senha 65.\u00a0<\/p>\n<p>\u201cVale muito a pena, seja pela condi\u00e7\u00e3o de ter uma renda, quanto pela oportunidade de estudar. Distribu\u00ed muitos curr\u00edculos, mas n\u00e3o fui chamado. Preciso dessa oportunidade para buscar novas perspectivas\u201d, contou.\u00a0<\/p>\n<p><strong>Qualifica\u00e7\u00e3o e inclus\u00e3o<\/strong>\u00a0<\/p>\n<p>Mauro Jos\u00e9 Lopes da Silva, 57 anos, morador do Jardim Colibri, tamb\u00e9m esteve entre os candidatos. Para ele, a participa\u00e7\u00e3o no programa pode representar uma oportunidade de conciliar trabalho e qualifica\u00e7\u00e3o.\u00a0<\/p>\n<p>\u201cO Primt \u00e9 uma m\u00e3o dupla. A gente cuida da cidade e a Prefeitura cuida da gente. Trabalho como pintor e acho que posso ser \u00fatil. Se precisar dos cursos, fa\u00e7o tamb\u00e9m. S\u00f3 quero ter uma renda\u201d, afirmou.\u00a0<\/p>\n<p>Com o encerramento da segunda edi\u00e7\u00e3o do\u00a0Primt\u00a0Itinerante, a\u00a0Funsat\u00a0inicia agora a etapa de an\u00e1lise das inscri\u00e7\u00f5es. A rela\u00e7\u00e3o dos classificados ser\u00e1 publicada no\u00a0Diogrande, contemplando os crit\u00e9rios de ampla concorr\u00eancia e cotas.\u00a0<\/p>\n<\/div>\n<p><script async defer async defer src=\"https:\/\/connect.facebook.net\/en_US\/sdk.js?ver=1#xfbml=1&amp;version=v3.2\" id=\"prefeitura-campogrande-script-facebook-sdk-js\"><\/script><\/p>\n","protected":false},"excerpt":{"rendered":"<p>O Jardim Canguru recebeu, nesta segunda-feira (31), a \u00faltima etapa de inscri\u00e7\u00f5es da segunda edi\u00e7\u00e3o do\u00a0Primt\u00a0Itinerante (Programa de Inclus\u00e3o ao Mercado de Trabalho). A a\u00e7\u00e3o foi realizada no CRAS Canguru, com atendimento a 130 candidatos.\u00a0 Ao longo das cinco agendas, realizadas na Vila Popular, Vida Nova, Aero Rancho, Moreninhas e Jardim Canguru, mais de 850 &hellip;<\/p>\n","protected":false},"author":39,"featured_media":0,"comment_status":"open","ping_status":"open","sticky":false,"template":"","format":"standard","meta":{"_jetpack_newsletter_access":"","_jetpack_dont_email_post_to_subs":false,"_jetpack_newsletter_tier_id":0,"_jetpack_memberships_contains_paywalled_content":false,"_jetpack_feature_clip_id":0,"_jetpack_memberships_contains_paid_content":false,"footnotes":"","jetpack_post_was_ever_published":false},"categories":[12410],"tags":[],"class_list":["post-466017","post","type-post","status-publish","format-standard","hentry","category-ms"],"yoast_head":"<!-- This site is optimized with the Yoast SEO plugin v28.3 - https:\/\/yoast.com\/product\/yoast-seo-wordpress\/ -->\n<title>Primt Itinerante encerra inscri\u00e7\u00f5es da 2\u00aa edi\u00e7\u00e3o no Jardim Canguru\u00a0 \u2013 CGNot\u00edcias<\/title>\n<meta name=\"robots\" content=\"index, follow, max-snippet:-1, max-image-preview:large, max-video-preview:-1\" \/>\n<link rel=\"canonical\" href=\"https:\/\/www.campogrande.ms.gov.br\/cgnoticias\/noticia\/primt-itinerante-encerra-inscricoes-da-2a-edicao-no-jardim-canguru\/\" \/>\n<meta property=\"og:locale\" content=\"pt_BR\" \/>\n<meta property=\"og:type\" content=\"article\" \/>\n<meta property=\"og:title\" content=\"Primt Itinerante encerra inscri\u00e7\u00f5es da 2\u00aa edi\u00e7\u00e3o no Jardim Canguru\u00a0 \u2013 CGNot\u00edcias\" \/>\n<meta property=\"og:description\" content=\"O Jardim Canguru recebeu, nesta segunda-feira (31), a \u00faltima etapa de inscri\u00e7\u00f5es da segunda edi\u00e7\u00e3o do\u00a0Primt\u00a0Itinerante (Programa de Inclus\u00e3o ao Mercado de Trabalho). A a\u00e7\u00e3o foi realizada no CRAS Canguru, com atendimento a 130 candidatos.\u00a0 Ao longo das cinco agendas, realizadas na Vila Popular, Vida Nova, Aero Rancho, Moreninhas e Jardim Canguru, mais de 850 &hellip;\" \/>\n<meta property=\"og:url\" content=\"https:\/\/www.campogrande.ms.gov.br\/cgnoticias\/noticia\/primt-itinerante-encerra-inscricoes-da-2a-edicao-no-jardim-canguru\/\" \/>\n<meta property=\"og:site_name\" content=\"MRNews\" \/>\n<meta property=\"article:publisher\" content=\"https:\/\/www.facebook.com\/eaipahpah\/?locale2=pt_BR\" \/>\n<meta property=\"article:published_time\" content=\"2026-09-01T05:38:37+00:00\" \/>\n<meta name=\"author\" content=\"Fernando Corraa\" \/>\n<meta name=\"twitter:card\" content=\"summary_large_image\" \/>\n<meta name=\"twitter:creator\" content=\"@conspirou\" \/>\n<meta name=\"twitter:site\" content=\"@conspirou\" \/>\n<meta name=\"twitter:label1\" content=\"Escrito por\" \/>\n\t<meta name=\"twitter:data1\" content=\"Fernando Corraa\" \/>\n\t<meta name=\"twitter:label2\" content=\"Est. tempo de leitura\" \/>\n\t<meta name=\"twitter:data2\" content=\"3 minutos\" \/>\n<script type=\"application\/ld+json\" class=\"yoast-schema-graph\">{\"@context\":\"https:\\\/\\\/schema.org\",\"@graph\":[{\"@type\":\"Article\",\"@id\":\"https:\\\/\\\/www.campogrande.ms.gov.br\\\/cgnoticias\\\/noticia\\\/primt-itinerante-encerra-inscricoes-da-2a-edicao-no-jardim-canguru\\\/#article\",\"isPartOf\":{\"@id\":\"https:\\\/\\\/mrnews.com.br\\\/index.php\\\/2026\\\/09\\\/01\\\/primt-itinerante-encerra-inscricoes-da-2a-edicao-no-jardim-canguru-cgnoticias\\\/\"},\"author\":{\"name\":\"Fernando Corraa\",\"@id\":\"https:\\\/\\\/mrnews.com.br\\\/#\\\/schema\\\/person\\\/2f073f2d87903a2ff9a065e41bbf17d4\"},\"headline\":\"Primt Itinerante encerra inscri\u00e7\u00f5es da 2\u00aa edi\u00e7\u00e3o no Jardim Canguru\u00a0 \u2013 CGNot\u00edcias\",\"datePublished\":\"2026-09-01T05:38:37+00:00\",\"mainEntityOfPage\":{\"@id\":\"https:\\\/\\\/mrnews.com.br\\\/index.php\\\/2026\\\/09\\\/01\\\/primt-itinerante-encerra-inscricoes-da-2a-edicao-no-jardim-canguru-cgnoticias\\\/\"},\"wordCount\":526,\"commentCount\":0,\"publisher\":{\"@id\":\"https:\\\/\\\/mrnews.com.br\\\/#organization\"},\"articleSection\":[\"Mato Grosso do Sul\"],\"inLanguage\":\"pt-BR\",\"potentialAction\":[{\"@type\":\"CommentAction\",\"name\":\"Comment\",\"target\":[\"https:\\\/\\\/www.campogrande.ms.gov.br\\\/cgnoticias\\\/noticia\\\/primt-itinerante-encerra-inscricoes-da-2a-edicao-no-jardim-canguru\\\/#respond\"]}]},{\"@type\":\"WebPage\",\"@id\":\"https:\\\/\\\/mrnews.com.br\\\/index.php\\\/2026\\\/09\\\/01\\\/primt-itinerante-encerra-inscricoes-da-2a-edicao-no-jardim-canguru-cgnoticias\\\/\",\"url\":\"https:\\\/\\\/www.campogrande.ms.gov.br\\\/cgnoticias\\\/noticia\\\/primt-itinerante-encerra-inscricoes-da-2a-edicao-no-jardim-canguru\\\/\",\"name\":\"Primt Itinerante encerra inscri\u00e7\u00f5es da 2\u00aa edi\u00e7\u00e3o no Jardim Canguru\u00a0 \u2013 CGNot\u00edcias\",\"isPartOf\":{\"@id\":\"https:\\\/\\\/mrnews.com.br\\\/#website\"},\"datePublished\":\"2026-09-01T05:38:37+00:00\",\"breadcrumb\":{\"@id\":\"https:\\\/\\\/www.campogrande.ms.gov.br\\\/cgnoticias\\\/noticia\\\/primt-itinerante-encerra-inscricoes-da-2a-edicao-no-jardim-canguru\\\/#breadcrumb\"},\"inLanguage\":\"pt-BR\",\"potentialAction\":[{\"@type\":\"ReadAction\",\"target\":[\"https:\\\/\\\/www.campogrande.ms.gov.br\\\/cgnoticias\\\/noticia\\\/primt-itinerante-encerra-inscricoes-da-2a-edicao-no-jardim-canguru\\\/\"]}]},{\"@type\":\"BreadcrumbList\",\"@id\":\"https:\\\/\\\/www.campogrande.ms.gov.br\\\/cgnoticias\\\/noticia\\\/primt-itinerante-encerra-inscricoes-da-2a-edicao-no-jardim-canguru\\\/#breadcrumb\",\"itemListElement\":[{\"@type\":\"ListItem\",\"position\":1,\"name\":\"In\u00edcio\",\"item\":\"https:\\\/\\\/mrnews.com.br\\\/\"},{\"@type\":\"ListItem\",\"position\":2,\"name\":\"Primt Itinerante encerra inscri\u00e7\u00f5es da 2\u00aa edi\u00e7\u00e3o no Jardim Canguru\u00a0 \u2013 CGNot\u00edcias\"}]},{\"@type\":\"WebSite\",\"@id\":\"https:\\\/\\\/mrnews.com.br\\\/#website\",\"url\":\"https:\\\/\\\/mrnews.com.br\\\/\",\"name\":\"MRNews\",\"description\":\"MRNews Jogos de hoje da TV, transmiss\u00f5es ao vivo, Not\u00edcias de futebol, Jogos ao vivo, Lives, resumo de novelas, Programa\u00e7\u00e3o da Globo, A Fazenda e BBB\",\"publisher\":{\"@id\":\"https:\\\/\\\/mrnews.com.br\\\/#organization\"},\"potentialAction\":[{\"@type\":\"SearchAction\",\"target\":{\"@type\":\"EntryPoint\",\"urlTemplate\":\"https:\\\/\\\/mrnews.com.br\\\/?s={search_term_string}\"},\"query-input\":{\"@type\":\"PropertyValueSpecification\",\"valueRequired\":true,\"valueName\":\"search_term_string\"}}],\"inLanguage\":\"pt-BR\"},{\"@type\":\"Organization\",\"@id\":\"https:\\\/\\\/mrnews.com.br\\\/#organization\",\"name\":\"MRNews\",\"url\":\"https:\\\/\\\/mrnews.com.br\\\/\",\"logo\":{\"@type\":\"ImageObject\",\"inLanguage\":\"pt-BR\",\"@id\":\"https:\\\/\\\/mrnews.com.br\\\/#\\\/schema\\\/logo\\\/image\\\/\",\"url\":\"https:\\\/\\\/mrnews.com.br\\\/wp-content\\\/uploads\\\/2026\\\/08\\\/MRNEws.png\",\"contentUrl\":\"https:\\\/\\\/mrnews.com.br\\\/wp-content\\\/uploads\\\/2026\\\/08\\\/MRNEws.png\",\"width\":1254,\"height\":1254,\"caption\":\"MRNews\"},\"image\":{\"@id\":\"https:\\\/\\\/mrnews.com.br\\\/#\\\/schema\\\/logo\\\/image\\\/\"},\"sameAs\":[\"https:\\\/\\\/www.facebook.com\\\/eaipahpah\\\/?locale2=pt_BR\",\"https:\\\/\\\/x.com\\\/conspirou\",\"https:\\\/\\\/www.instagram.com\\\/eai_pahpah\",\"https:\\\/\\\/br.pinterest.com\\\/mrnewsn\\\/boards\\\/\",\"https:\\\/\\\/www.youtube.com\\\/channel\\\/UCacgnpznQ61fifLWr1tQ-vA?view_as=subscriber\"]},{\"@type\":\"Person\",\"@id\":\"https:\\\/\\\/mrnews.com.br\\\/#\\\/schema\\\/person\\\/2f073f2d87903a2ff9a065e41bbf17d4\",\"name\":\"Fernando Corraa\",\"image\":{\"@type\":\"ImageObject\",\"inLanguage\":\"pt-BR\",\"@id\":\"https:\\\/\\\/secure.gravatar.com\\\/avatar\\\/9069acb0e588c9f4346ba747284aef18a5faaab575e89e9ccc64e315003f0b82?s=96&d=monsterid&r=g\",\"url\":\"https:\\\/\\\/secure.gravatar.com\\\/avatar\\\/9069acb0e588c9f4346ba747284aef18a5faaab575e89e9ccc64e315003f0b82?s=96&d=monsterid&r=g\",\"contentUrl\":\"https:\\\/\\\/secure.gravatar.com\\\/avatar\\\/9069acb0e588c9f4346ba747284aef18a5faaab575e89e9ccc64e315003f0b82?s=96&d=monsterid&r=g\",\"caption\":\"Fernando Corraa\"},\"url\":\"https:\\\/\\\/mrnews.com.br\\\/index.php\\\/author\\\/fernando-corraa\\\/\"}]}<\/script>\n<!-- \/ Yoast SEO plugin. -->","yoast_head_json":{"title":"Primt Itinerante encerra inscri\u00e7\u00f5es da 2\u00aa edi\u00e7\u00e3o no Jardim Canguru\u00a0 \u2013 CGNot\u00edcias","robots":{"index":"index","follow":"follow","max-snippet":"max-snippet:-1","max-image-preview":"max-image-preview:large","max-video-preview":"max-video-preview:-1"},"canonical":"https:\/\/www.campogrande.ms.gov.br\/cgnoticias\/noticia\/primt-itinerante-encerra-inscricoes-da-2a-edicao-no-jardim-canguru\/","og_locale":"pt_BR","og_type":"article","og_title":"Primt Itinerante encerra inscri\u00e7\u00f5es da 2\u00aa edi\u00e7\u00e3o no Jardim Canguru\u00a0 \u2013 CGNot\u00edcias","og_description":"O Jardim Canguru recebeu, nesta segunda-feira (31), a \u00faltima etapa de inscri\u00e7\u00f5es da segunda edi\u00e7\u00e3o do\u00a0Primt\u00a0Itinerante (Programa de Inclus\u00e3o ao Mercado de Trabalho). A a\u00e7\u00e3o foi realizada no CRAS Canguru, com atendimento a 130 candidatos.\u00a0 Ao longo das cinco agendas, realizadas na Vila Popular, Vida Nova, Aero Rancho, Moreninhas e Jardim Canguru, mais de 850 &hellip;","og_url":"https:\/\/www.campogrande.ms.gov.br\/cgnoticias\/noticia\/primt-itinerante-encerra-inscricoes-da-2a-edicao-no-jardim-canguru\/","og_site_name":"MRNews","article_publisher":"https:\/\/www.facebook.com\/eaipahpah\/?locale2=pt_BR","article_published_time":"2026-09-01T05:38:37+00:00","author":"Fernando Corraa","twitter_card":"summary_large_image","twitter_creator":"@conspirou","twitter_site":"@conspirou","twitter_misc":{"Escrito por":"Fernando Corraa","Est. tempo de leitura":"3 minutos"},"schema":{"@context":"https:\/\/schema.org","@graph":[{"@type":"Article","@id":"https:\/\/www.campogrande.ms.gov.br\/cgnoticias\/noticia\/primt-itinerante-encerra-inscricoes-da-2a-edicao-no-jardim-canguru\/#article","isPartOf":{"@id":"https:\/\/mrnews.com.br\/index.php\/2026\/09\/01\/primt-itinerante-encerra-inscricoes-da-2a-edicao-no-jardim-canguru-cgnoticias\/"},"author":{"name":"Fernando Corraa","@id":"https:\/\/mrnews.com.br\/#\/schema\/person\/2f073f2d87903a2ff9a065e41bbf17d4"},"headline":"Primt Itinerante encerra inscri\u00e7\u00f5es da 2\u00aa edi\u00e7\u00e3o no Jardim Canguru\u00a0 \u2013 CGNot\u00edcias","datePublished":"2026-09-01T05:38:37+00:00","mainEntityOfPage":{"@id":"https:\/\/mrnews.com.br\/index.php\/2026\/09\/01\/primt-itinerante-encerra-inscricoes-da-2a-edicao-no-jardim-canguru-cgnoticias\/"},"wordCount":526,"commentCount":0,"publisher":{"@id":"https:\/\/mrnews.com.br\/#organization"},"articleSection":["Mato Grosso do Sul"],"inLanguage":"pt-BR","potentialAction":[{"@type":"CommentAction","name":"Comment","target":["https:\/\/www.campogrande.ms.gov.br\/cgnoticias\/noticia\/primt-itinerante-encerra-inscricoes-da-2a-edicao-no-jardim-canguru\/#respond"]}]},{"@type":"WebPage","@id":"https:\/\/mrnews.com.br\/index.php\/2026\/09\/01\/primt-itinerante-encerra-inscricoes-da-2a-edicao-no-jardim-canguru-cgnoticias\/","url":"https:\/\/www.campogrande.ms.gov.br\/cgnoticias\/noticia\/primt-itinerante-encerra-inscricoes-da-2a-edicao-no-jardim-canguru\/","name":"Primt Itinerante encerra inscri\u00e7\u00f5es da 2\u00aa edi\u00e7\u00e3o no Jardim Canguru\u00a0 \u2013 CGNot\u00edcias","isPartOf":{"@id":"https:\/\/mrnews.com.br\/#website"},"datePublished":"2026-09-01T05:38:37+00:00","breadcrumb":{"@id":"https:\/\/www.campogrande.ms.gov.br\/cgnoticias\/noticia\/primt-itinerante-encerra-inscricoes-da-2a-edicao-no-jardim-canguru\/#breadcrumb"},"inLanguage":"pt-BR","potentialAction":[{"@type":"ReadAction","target":["https:\/\/www.campogrande.ms.gov.br\/cgnoticias\/noticia\/primt-itinerante-encerra-inscricoes-da-2a-edicao-no-jardim-canguru\/"]}]},{"@type":"BreadcrumbList","@id":"https:\/\/www.campogrande.ms.gov.br\/cgnoticias\/noticia\/primt-itinerante-encerra-inscricoes-da-2a-edicao-no-jardim-canguru\/#breadcrumb","itemListElement":[{"@type":"ListItem","position":1,"name":"In\u00edcio","item":"https:\/\/mrnews.com.br\/"},{"@type":"ListItem","position":2,"name":"Primt Itinerante encerra inscri\u00e7\u00f5es da 2\u00aa edi\u00e7\u00e3o no Jardim Canguru\u00a0 \u2013 CGNot\u00edcias"}]},{"@type":"WebSite","@id":"https:\/\/mrnews.com.br\/#website","url":"https:\/\/mrnews.com.br\/","name":"MRNews","description":"MRNews Jogos de hoje da TV, transmiss\u00f5es ao vivo, Not\u00edcias de futebol, Jogos ao vivo, Lives, resumo de novelas, Programa\u00e7\u00e3o da Globo, A Fazenda e BBB","publisher":{"@id":"https:\/\/mrnews.com.br\/#organization"},"potentialAction":[{"@type":"SearchAction","target":{"@type":"EntryPoint","urlTemplate":"https:\/\/mrnews.com.br\/?s={search_term_string}"},"query-input":{"@type":"PropertyValueSpecification","valueRequired":true,"valueName":"search_term_string"}}],"inLanguage":"pt-BR"},{"@type":"Organization","@id":"https:\/\/mrnews.com.br\/#organization","name":"MRNews","url":"https:\/\/mrnews.com.br\/","logo":{"@type":"ImageObject","inLanguage":"pt-BR","@id":"https:\/\/mrnews.com.br\/#\/schema\/logo\/image\/","url":"https:\/\/mrnews.com.br\/wp-content\/uploads\/2026\/08\/MRNEws.png","contentUrl":"https:\/\/mrnews.com.br\/wp-content\/uploads\/2026\/08\/MRNEws.png","width":1254,"height":1254,"caption":"MRNews"},"image":{"@id":"https:\/\/mrnews.com.br\/#\/schema\/logo\/image\/"},"sameAs":["https:\/\/www.facebook.com\/eaipahpah\/?locale2=pt_BR","https:\/\/x.com\/conspirou","https:\/\/www.instagram.com\/eai_pahpah","https:\/\/br.pinterest.com\/mrnewsn\/boards\/","https:\/\/www.youtube.com\/channel\/UCacgnpznQ61fifLWr1tQ-vA?view_as=subscriber"]},{"@type":"Person","@id":"https:\/\/mrnews.com.br\/#\/schema\/person\/2f073f2d87903a2ff9a065e41bbf17d4","name":"Fernando Corraa","image":{"@type":"ImageObject","inLanguage":"pt-BR","@id":"https:\/\/secure.gravatar.com\/avatar\/9069acb0e588c9f4346ba747284aef18a5faaab575e89e9ccc64e315003f0b82?s=96&d=monsterid&r=g","url":"https:\/\/secure.gravatar.com\/avatar\/9069acb0e588c9f4346ba747284aef18a5faaab575e89e9ccc64e315003f0b82?s=96&d=monsterid&r=g","contentUrl":"https:\/\/secure.gravatar.com\/avatar\/9069acb0e588c9f4346ba747284aef18a5faaab575e89e9ccc64e315003f0b82?s=96&d=monsterid&r=g","caption":"Fernando Corraa"},"url":"https:\/\/mrnews.com.br\/index.php\/author\/fernando-corraa\/"}]}},"jetpack_sharing_enabled":true,"jetpack_shortlink":"https:\/\/wp.me\/pa2Qf7-1Xep","amp_enabled":true,"jetpack_featured_media_url":"","_links":{"self":[{"href":"https:\/\/mrnews.com.br\/index.php\/wp-json\/wp\/v2\/posts\/466017","targetHints":{"allow":["GET"]}}],"collection":[{"href":"https:\/\/mrnews.com.br\/index.php\/wp-json\/wp\/v2\/posts"}],"about":[{"href":"https:\/\/mrnews.com.br\/index.php\/wp-json\/wp\/v2\/types\/post"}],"author":[{"embeddable":true,"href":"https:\/\/mrnews.com.br\/index.php\/wp-json\/wp\/v2\/users\/39"}],"replies":[{"embeddable":true,"href":"https:\/\/mrnews.com.br\/index.php\/wp-json\/wp\/v2\/comments?post=466017"}],"version-history":[{"count":0,"href":"https:\/\/mrnews.com.br\/index.php\/wp-json\/wp\/v2\/posts\/466017\/revisions"}],"wp:attachment":[{"href":"https:\/\/mrnews.com.br\/index.php\/wp-json\/wp\/v2\/media?parent=466017"}],"wp:term":[{"taxonomy":"category","embeddable":true,"href":"https:\/\/mrnews.com.br\/index.php\/wp-json\/wp\/v2\/categories?post=466017"},{"taxonomy":"post_tag","embeddable":true,"href":"https:\/\/mrnews.com.br\/index.php\/wp-json\/wp\/v2\/tags?post=466017"}],"curies":[{"name":"wp","href":"https:\/\/api.w.org\/{rel}","templated":true}]}}