{"id":466021,"date":"2026-09-01T08:37:12","date_gmt":"2026-09-01T11:37:12","guid":{"rendered":"https:\/\/mrnews.com.br\/index.php\/2026\/09\/01\/meteorologia-preve-ciclone-extratropical-com-chuvas-em-setembro\/"},"modified":"2026-09-01T08:37:12","modified_gmt":"2026-09-01T11:37:12","slug":"meteorologia-preve-ciclone-extratropical-com-chuvas-em-setembro","status":"publish","type":"post","link":"https:\/\/mrnews.com.br\/index.php\/2026\/09\/01\/meteorologia-preve-ciclone-extratropical-com-chuvas-em-setembro\/","title":{"rendered":"Meteorologia prev\u00ea ciclone extratropical com chuvas em setembro"},"content":{"rendered":"<p>Por EBC, <\/p>\n<div>\n<p><strong>O Instituto Nacional de Meteorologia (Inmet) prev\u00ea para o m\u00eas de setembro, que come\u00e7a nesta ter\u00e7a-feira (1\u00ba),\u00a0 a forma\u00e7\u00e3o de um ciclone extratropical na costa da Regi\u00e3o Sul, com\u00a0 \u00e1reas de instabilidade que favorecem chuva e trovoadas no Sul, Sudeste e Centro-Oeste.<\/strong> No Sul, o avan\u00e7o de uma massa de ar frio e seco provoca queda acentuada das temperaturas, enquanto o calor intenso persiste no Norte e Nordeste, com m\u00e1ximas que podem chegar a 41\u00b0C no Piau\u00ed.\u00a0<\/p>\n<h2>Regi\u00e3o Norte<\/h2>\n<p><strong>Setembro come\u00e7a\u00a0com tempo seco e quente em grande parte da Regi\u00e3o Norte.<\/strong> Nesta ter\u00e7a-feira (1), a previs\u00e3o \u00e9 de\u00a0muitas nuvens entre Roraima, Amazonas, Acre e sul de Rond\u00f4nia. As pancadas de chuva ficam apenas no centro-oeste e norte do Amazonas, e h\u00e1 possibilidade de chuva isolada no sul de Rond\u00f4nia.<\/p>\n<p><strong>Na quarta-feira (2), as \u00e1reas de instabilidade se intensificam na Regi\u00e3o Norte<\/strong>. Haver\u00e1 chuva com trovoadas no norte de Roraima, oeste e norte do Amazonas e oeste do Acre. Possibilidade de chuva isolada nas demais \u00e1reas de Roraima, do Amazonas e Acre, em Rond\u00f4nia, no Amap\u00e1, na faixa litor\u00e2nea e no oeste do Par\u00e1. O tempo segue firme, com poucas nuvens, no sudeste do Par\u00e1 e no Tocantins.<\/p>\n<p>Em rela\u00e7\u00e3o \u00e0s temperaturas na regi\u00e3o, o calor ser\u00e1 intenso no sul da Amaz\u00f4nia. A m\u00ednima ser\u00e1 de 22\u00b0C em Rio Branco, mas a m\u00e1xima alcan\u00e7a 39\u00b0C em Palmas\u00a0e Porto Velho.<\/p>\n<h2>Nordeste<\/h2>\n<p><strong>A regi\u00e3o\u00a0come\u00e7a tamb\u00e9m com tempo firme<\/strong>. Nesta ter\u00e7a-feira, muitas nuvens na faixa leste, com possibilidade de chuva isolada de\u00a0manh\u00e3 entre o litoral norte da Bahia, litoral de Sergipe, Alagoas, Pernambuco e Para\u00edba, e litoral leste do Rio Grande do Norte. Nas demais \u00e1reas, c\u00e9u com poucas nuvens.<\/p>\n<p><strong>Para quarta-feira (2), a instabilidade aumenta no Nordeste, com muitas nuvens em grande parte da regi\u00e3o. <\/strong>Pancadas de chuva isoladas ocorrem no litoral do Rio Grande do Norte, Para\u00edba, Pernambuco e Alagoas. H\u00e1 possibilidade de chuva isolada na regi\u00e3o central do Maranh\u00e3o, Piau\u00ed, no litoral do Cear\u00e1, incluindo as capitais S\u00e3o Lu\u00eds, Teresina e Fortaleza, bem como no oeste de Pernambuco, sudoeste do Cear\u00e1 e na Bahia.<\/p>\n<p><strong>O calor ser\u00e1 intenso, principalmente no estado do Piau\u00ed<\/strong>. Entre as capitais, a m\u00ednima ser\u00e1 de 21\u00b0C em Salvador e Macei\u00f3,\u00a0enquanto a m\u00e1xima chega aos 41\u00b0C em Teresina.<\/p>\n<h2>Centro-Oeste<\/h2>\n<p><strong>A ter\u00e7a-feira (1) deve ter pancadas de chuva isolada no centro-sul de Mato Grosso e de Goi\u00e1s, chegando ao Distrito Federal e ao centro-norte de Goi\u00e1s no per\u00edodo da noite.<\/strong><\/p>\n<p>Para quarta-feira (2), permanece a instabilidade sobre a regi\u00e3o. Apenas no extremo norte de Goi\u00e1s e no extremo nordeste de Mato Grosso n\u00e3o h\u00e1 previs\u00e3o de chuva.<\/p>\n<p><strong>Entre as capitais, a temperatura m\u00ednima ser\u00e1 de 16\u00b0C em Campo Grande\u00a0e a m\u00e1xima de 36\u00b0C em Goi\u00e2nia. No Distrito Federal, a temperatura varia entre a m\u00ednima de 20\u00b0C e a m\u00e1xima de 33\u00b0C nesta\u00a0ter\u00e7a-feira.<\/strong><\/p>\n<h2>Sudeste<\/h2>\n<p><strong>A regi\u00e3o tem\u00a0hoje\u00a0(1\u00ba) previs\u00e3o de pancadas de chuva e trovoadas isoladas para o estado de S\u00e3o Paulo e sul do Rio de Janeiro<\/strong>. Chuvas isoladas tamb\u00e9m ocorrem no centro-sul de Minas Gerais, nas demais \u00e1reas do Rio de Janeiro, e tamb\u00e9m no sul do Esp\u00edrito Santo. Durante a tarde e a noite, as instabilidades se intensificam. As pancadas de chuva com trovoadas isoladas ocorrem em S\u00e3o Paulo, no centro-sul de Minas Gerais, no Rio de Janeiro e no sul do Esp\u00edrito Santo.<\/p>\n<p>Para a quarta-feira, a instabilidade continua sobre a regi\u00e3o. As pancadas de chuva com trovoadas isoladas se concentram entre o sudeste de Minas Gerais, Rio de Janeiro, nordeste de S\u00e3o Paulo e sul do Esp\u00edrito Santo. S\u00f3\u00a0n\u00e3o chove no extremo norte de Minas Gerais. Nas demais \u00e1reas, h\u00e1 possibilidade de chuva isolada.<\/p>\n<p><strong>Entre as capitais, S\u00e3o Paulo\u00a0segue com temperaturas mais baixas, com m\u00ednima de 12\u00b0C e m\u00e1xima de 22\u00b0C nesta\u00a0ter\u00e7a-feira<\/strong>. Belo Horizonte\u00a0deve registrar a m\u00e1xima entre as capitais da regi\u00e3o, chegando a 34\u00b0C, mas com tend\u00eancia de queda amanh\u00e3\u00a0na temperatura m\u00e1xima, que deve ficar\u00a0em torno de 29\u00b0C.<\/p>\n<h2>Sul<\/h2>\n<p><strong>A Regi\u00e3o Sul come\u00e7a com muita instabilidade. Nesta ter\u00e7a-feira (1), pela manh\u00e3, pancadas de chuva com trovoadas isoladas ocorrem no Paran\u00e1, em Santa Catarina e no leste do Rio Grande do Su<\/strong>l. Durante a tarde, as \u00e1reas de maior instabilidade gradualmente se deslocam para o Sudeste do Brasil e pancadas de chuva, com trovoadas isoladas, ocorrem no leste do Paran\u00e1 e de Santa Catarina. Nas demais \u00e1reas do Paran\u00e1, de Santa Catarina e no nordeste do Rio Grande do Sul\u00a0h\u00e1\u00a0tamb\u00e9m\u00a0previs\u00e3o de\u00a0pancadas de chuva isoladas. No centro-oeste e sul do Rio Grande do Sul, a nebulosidade come\u00e7a a diminuir, mas ainda h\u00e1 possibilidade de chuva isolada.<\/p>\n<p>No per\u00edodo da noite, pancadas de chuva isoladas ocorrem no nordeste e leste do Paran\u00e1 e de Santa Catarina. No sul e oeste do Rio Grande do Sul, o tempo come\u00e7a a abrir \u00e0 medida que a massa de ar frio e seco avan\u00e7a sobre a regi\u00e3o.<\/p>\n<p>Para quarta-feira (2), as instabilidades diminuem, mas ainda h\u00e1 possibilidade de chuva isolada no centro-norte e leste do Paran\u00e1, centro-leste de Santa Catarina e do Rio Grande do Sul.<\/p>\n<p><strong>A temperatura m\u00ednima ser\u00e1 de 6\u00b0C em Curitiba e 8\u00b0C em Porto Alegre. A m\u00e1xima no per\u00edodo n\u00e3o passa dos 22\u00b0C em Florian\u00f3polis nesta\u00a0ter\u00e7a-feira. Amanh\u00e3, a m\u00e1xima n\u00e3o passa dos 19\u00b0C em Curitiba e dos 18\u00b0C em Florian\u00f3polis\u00a0e Porto Alegre.<\/strong><\/p>\n<p>      <!-- Relacionada --><\/p>\n<p>            <!-- Relacionada -->\n    <\/div>\n","protected":false},"excerpt":{"rendered":"<p>Por EBC, O Instituto Nacional de Meteorologia (Inmet) prev\u00ea para o m\u00eas de setembro, que come\u00e7a nesta ter\u00e7a-feira (1\u00ba),\u00a0 a forma\u00e7\u00e3o de um ciclone extratropical na costa da Regi\u00e3o Sul, com\u00a0 \u00e1reas de instabilidade que favorecem chuva e trovoadas no Sul, Sudeste e Centro-Oeste. No Sul, o avan\u00e7o de uma massa de ar frio e &hellip;<\/p>\n","protected":false},"author":39,"featured_media":0,"comment_status":"open","ping_status":"open","sticky":false,"template":"","format":"standard","meta":{"_jetpack_newsletter_access":"","_jetpack_dont_email_post_to_subs":false,"_jetpack_newsletter_tier_id":0,"_jetpack_memberships_contains_paywalled_content":false,"_jetpack_feature_clip_id":0,"_jetpack_memberships_contains_paid_content":false,"footnotes":"","jetpack_post_was_ever_published":false},"categories":[4],"tags":[],"class_list":["post-466021","post","type-post","status-publish","format-standard","hentry","category-servicos"],"yoast_head":"<!-- This site is optimized with the Yoast SEO plugin v28.3 - https:\/\/yoast.com\/product\/yoast-seo-wordpress\/ -->\n<title>Meteorologia prev\u00ea ciclone extratropical com chuvas em setembro<\/title>\n<meta name=\"robots\" content=\"index, follow, max-snippet:-1, max-image-preview:large, max-video-preview:-1\" \/>\n<link rel=\"canonical\" href=\"https:\/\/agenciabrasil.ebc.com.br\/meio-ambiente\/noticia\/2026-09\/meteorologia-preve-ciclone-extratropical-com-chuvas-em-setembro\" \/>\n<meta property=\"og:locale\" content=\"pt_BR\" \/>\n<meta property=\"og:type\" content=\"article\" \/>\n<meta property=\"og:title\" content=\"Meteorologia prev\u00ea ciclone extratropical com chuvas em setembro\" \/>\n<meta property=\"og:description\" content=\"Por EBC, O Instituto Nacional de Meteorologia (Inmet) prev\u00ea para o m\u00eas de setembro, que come\u00e7a nesta ter\u00e7a-feira (1\u00ba),\u00a0 a forma\u00e7\u00e3o de um ciclone extratropical na costa da Regi\u00e3o Sul, com\u00a0 \u00e1reas de instabilidade que favorecem chuva e trovoadas no Sul, Sudeste e Centro-Oeste. No Sul, o avan\u00e7o de uma massa de ar frio e &hellip;\" \/>\n<meta property=\"og:url\" content=\"https:\/\/agenciabrasil.ebc.com.br\/meio-ambiente\/noticia\/2026-09\/meteorologia-preve-ciclone-extratropical-com-chuvas-em-setembro\" \/>\n<meta property=\"og:site_name\" content=\"MRNews\" \/>\n<meta property=\"article:publisher\" content=\"https:\/\/www.facebook.com\/eaipahpah\/?locale2=pt_BR\" \/>\n<meta property=\"article:published_time\" content=\"2026-09-01T11:37:12+00:00\" \/>\n<meta name=\"author\" content=\"Fernando Corraa\" \/>\n<meta name=\"twitter:card\" content=\"summary_large_image\" \/>\n<meta name=\"twitter:creator\" content=\"@conspirou\" \/>\n<meta name=\"twitter:site\" content=\"@conspirou\" \/>\n<meta name=\"twitter:label1\" content=\"Escrito por\" \/>\n\t<meta name=\"twitter:data1\" content=\"Fernando Corraa\" \/>\n\t<meta name=\"twitter:label2\" content=\"Est. tempo de leitura\" \/>\n\t<meta name=\"twitter:data2\" content=\"5 minutos\" \/>\n<script type=\"application\/ld+json\" class=\"yoast-schema-graph\">{\"@context\":\"https:\\\/\\\/schema.org\",\"@graph\":[{\"@type\":\"Article\",\"@id\":\"https:\\\/\\\/agenciabrasil.ebc.com.br\\\/meio-ambiente\\\/noticia\\\/2026-09\\\/meteorologia-preve-ciclone-extratropical-com-chuvas-em-setembro#article\",\"isPartOf\":{\"@id\":\"https:\\\/\\\/mrnews.com.br\\\/index.php\\\/2026\\\/09\\\/01\\\/meteorologia-preve-ciclone-extratropical-com-chuvas-em-setembro\\\/\"},\"author\":{\"name\":\"Fernando Corraa\",\"@id\":\"https:\\\/\\\/mrnews.com.br\\\/#\\\/schema\\\/person\\\/2f073f2d87903a2ff9a065e41bbf17d4\"},\"headline\":\"Meteorologia prev\u00ea ciclone extratropical com chuvas em setembro\",\"datePublished\":\"2026-09-01T11:37:12+00:00\",\"mainEntityOfPage\":{\"@id\":\"https:\\\/\\\/mrnews.com.br\\\/index.php\\\/2026\\\/09\\\/01\\\/meteorologia-preve-ciclone-extratropical-com-chuvas-em-setembro\\\/\"},\"wordCount\":977,\"commentCount\":0,\"publisher\":{\"@id\":\"https:\\\/\\\/mrnews.com.br\\\/#organization\"},\"articleSection\":[\"SERVI\u00c7OS\"],\"inLanguage\":\"pt-BR\",\"potentialAction\":[{\"@type\":\"CommentAction\",\"name\":\"Comment\",\"target\":[\"https:\\\/\\\/agenciabrasil.ebc.com.br\\\/meio-ambiente\\\/noticia\\\/2026-09\\\/meteorologia-preve-ciclone-extratropical-com-chuvas-em-setembro#respond\"]}]},{\"@type\":\"WebPage\",\"@id\":\"https:\\\/\\\/mrnews.com.br\\\/index.php\\\/2026\\\/09\\\/01\\\/meteorologia-preve-ciclone-extratropical-com-chuvas-em-setembro\\\/\",\"url\":\"https:\\\/\\\/agenciabrasil.ebc.com.br\\\/meio-ambiente\\\/noticia\\\/2026-09\\\/meteorologia-preve-ciclone-extratropical-com-chuvas-em-setembro\",\"name\":\"Meteorologia prev\u00ea ciclone extratropical com chuvas em setembro\",\"isPartOf\":{\"@id\":\"https:\\\/\\\/mrnews.com.br\\\/#website\"},\"datePublished\":\"2026-09-01T11:37:12+00:00\",\"breadcrumb\":{\"@id\":\"https:\\\/\\\/agenciabrasil.ebc.com.br\\\/meio-ambiente\\\/noticia\\\/2026-09\\\/meteorologia-preve-ciclone-extratropical-com-chuvas-em-setembro#breadcrumb\"},\"inLanguage\":\"pt-BR\",\"potentialAction\":[{\"@type\":\"ReadAction\",\"target\":[\"https:\\\/\\\/agenciabrasil.ebc.com.br\\\/meio-ambiente\\\/noticia\\\/2026-09\\\/meteorologia-preve-ciclone-extratropical-com-chuvas-em-setembro\"]}]},{\"@type\":\"BreadcrumbList\",\"@id\":\"https:\\\/\\\/agenciabrasil.ebc.com.br\\\/meio-ambiente\\\/noticia\\\/2026-09\\\/meteorologia-preve-ciclone-extratropical-com-chuvas-em-setembro#breadcrumb\",\"itemListElement\":[{\"@type\":\"ListItem\",\"position\":1,\"name\":\"In\u00edcio\",\"item\":\"https:\\\/\\\/mrnews.com.br\\\/\"},{\"@type\":\"ListItem\",\"position\":2,\"name\":\"Meteorologia prev\u00ea ciclone extratropical com chuvas em setembro\"}]},{\"@type\":\"WebSite\",\"@id\":\"https:\\\/\\\/mrnews.com.br\\\/#website\",\"url\":\"https:\\\/\\\/mrnews.com.br\\\/\",\"name\":\"MRNews\",\"description\":\"MRNews Jogos de hoje da TV, transmiss\u00f5es ao vivo, Not\u00edcias de futebol, Jogos ao vivo, Lives, resumo de novelas, Programa\u00e7\u00e3o da Globo, A Fazenda e BBB\",\"publisher\":{\"@id\":\"https:\\\/\\\/mrnews.com.br\\\/#organization\"},\"potentialAction\":[{\"@type\":\"SearchAction\",\"target\":{\"@type\":\"EntryPoint\",\"urlTemplate\":\"https:\\\/\\\/mrnews.com.br\\\/?s={search_term_string}\"},\"query-input\":{\"@type\":\"PropertyValueSpecification\",\"valueRequired\":true,\"valueName\":\"search_term_string\"}}],\"inLanguage\":\"pt-BR\"},{\"@type\":\"Organization\",\"@id\":\"https:\\\/\\\/mrnews.com.br\\\/#organization\",\"name\":\"MRNews\",\"url\":\"https:\\\/\\\/mrnews.com.br\\\/\",\"logo\":{\"@type\":\"ImageObject\",\"inLanguage\":\"pt-BR\",\"@id\":\"https:\\\/\\\/mrnews.com.br\\\/#\\\/schema\\\/logo\\\/image\\\/\",\"url\":\"https:\\\/\\\/mrnews.com.br\\\/wp-content\\\/uploads\\\/2026\\\/08\\\/MRNEws.png\",\"contentUrl\":\"https:\\\/\\\/mrnews.com.br\\\/wp-content\\\/uploads\\\/2026\\\/08\\\/MRNEws.png\",\"width\":1254,\"height\":1254,\"caption\":\"MRNews\"},\"image\":{\"@id\":\"https:\\\/\\\/mrnews.com.br\\\/#\\\/schema\\\/logo\\\/image\\\/\"},\"sameAs\":[\"https:\\\/\\\/www.facebook.com\\\/eaipahpah\\\/?locale2=pt_BR\",\"https:\\\/\\\/x.com\\\/conspirou\",\"https:\\\/\\\/www.instagram.com\\\/eai_pahpah\",\"https:\\\/\\\/br.pinterest.com\\\/mrnewsn\\\/boards\\\/\",\"https:\\\/\\\/www.youtube.com\\\/channel\\\/UCacgnpznQ61fifLWr1tQ-vA?view_as=subscriber\"]},{\"@type\":\"Person\",\"@id\":\"https:\\\/\\\/mrnews.com.br\\\/#\\\/schema\\\/person\\\/2f073f2d87903a2ff9a065e41bbf17d4\",\"name\":\"Fernando Corraa\",\"image\":{\"@type\":\"ImageObject\",\"inLanguage\":\"pt-BR\",\"@id\":\"https:\\\/\\\/secure.gravatar.com\\\/avatar\\\/9069acb0e588c9f4346ba747284aef18a5faaab575e89e9ccc64e315003f0b82?s=96&d=monsterid&r=g\",\"url\":\"https:\\\/\\\/secure.gravatar.com\\\/avatar\\\/9069acb0e588c9f4346ba747284aef18a5faaab575e89e9ccc64e315003f0b82?s=96&d=monsterid&r=g\",\"contentUrl\":\"https:\\\/\\\/secure.gravatar.com\\\/avatar\\\/9069acb0e588c9f4346ba747284aef18a5faaab575e89e9ccc64e315003f0b82?s=96&d=monsterid&r=g\",\"caption\":\"Fernando Corraa\"},\"url\":\"https:\\\/\\\/mrnews.com.br\\\/index.php\\\/author\\\/fernando-corraa\\\/\"}]}<\/script>\n<!-- \/ Yoast SEO plugin. -->","yoast_head_json":{"title":"Meteorologia prev\u00ea ciclone extratropical com chuvas em setembro","robots":{"index":"index","follow":"follow","max-snippet":"max-snippet:-1","max-image-preview":"max-image-preview:large","max-video-preview":"max-video-preview:-1"},"canonical":"https:\/\/agenciabrasil.ebc.com.br\/meio-ambiente\/noticia\/2026-09\/meteorologia-preve-ciclone-extratropical-com-chuvas-em-setembro","og_locale":"pt_BR","og_type":"article","og_title":"Meteorologia prev\u00ea ciclone extratropical com chuvas em setembro","og_description":"Por EBC, O Instituto Nacional de Meteorologia (Inmet) prev\u00ea para o m\u00eas de setembro, que come\u00e7a nesta ter\u00e7a-feira (1\u00ba),\u00a0 a forma\u00e7\u00e3o de um ciclone extratropical na costa da Regi\u00e3o Sul, com\u00a0 \u00e1reas de instabilidade que favorecem chuva e trovoadas no Sul, Sudeste e Centro-Oeste. No Sul, o avan\u00e7o de uma massa de ar frio e &hellip;","og_url":"https:\/\/agenciabrasil.ebc.com.br\/meio-ambiente\/noticia\/2026-09\/meteorologia-preve-ciclone-extratropical-com-chuvas-em-setembro","og_site_name":"MRNews","article_publisher":"https:\/\/www.facebook.com\/eaipahpah\/?locale2=pt_BR","article_published_time":"2026-09-01T11:37:12+00:00","author":"Fernando Corraa","twitter_card":"summary_large_image","twitter_creator":"@conspirou","twitter_site":"@conspirou","twitter_misc":{"Escrito por":"Fernando Corraa","Est. tempo de leitura":"5 minutos"},"schema":{"@context":"https:\/\/schema.org","@graph":[{"@type":"Article","@id":"https:\/\/agenciabrasil.ebc.com.br\/meio-ambiente\/noticia\/2026-09\/meteorologia-preve-ciclone-extratropical-com-chuvas-em-setembro#article","isPartOf":{"@id":"https:\/\/mrnews.com.br\/index.php\/2026\/09\/01\/meteorologia-preve-ciclone-extratropical-com-chuvas-em-setembro\/"},"author":{"name":"Fernando Corraa","@id":"https:\/\/mrnews.com.br\/#\/schema\/person\/2f073f2d87903a2ff9a065e41bbf17d4"},"headline":"Meteorologia prev\u00ea ciclone extratropical com chuvas em setembro","datePublished":"2026-09-01T11:37:12+00:00","mainEntityOfPage":{"@id":"https:\/\/mrnews.com.br\/index.php\/2026\/09\/01\/meteorologia-preve-ciclone-extratropical-com-chuvas-em-setembro\/"},"wordCount":977,"commentCount":0,"publisher":{"@id":"https:\/\/mrnews.com.br\/#organization"},"articleSection":["SERVI\u00c7OS"],"inLanguage":"pt-BR","potentialAction":[{"@type":"CommentAction","name":"Comment","target":["https:\/\/agenciabrasil.ebc.com.br\/meio-ambiente\/noticia\/2026-09\/meteorologia-preve-ciclone-extratropical-com-chuvas-em-setembro#respond"]}]},{"@type":"WebPage","@id":"https:\/\/mrnews.com.br\/index.php\/2026\/09\/01\/meteorologia-preve-ciclone-extratropical-com-chuvas-em-setembro\/","url":"https:\/\/agenciabrasil.ebc.com.br\/meio-ambiente\/noticia\/2026-09\/meteorologia-preve-ciclone-extratropical-com-chuvas-em-setembro","name":"Meteorologia prev\u00ea ciclone extratropical com chuvas em setembro","isPartOf":{"@id":"https:\/\/mrnews.com.br\/#website"},"datePublished":"2026-09-01T11:37:12+00:00","breadcrumb":{"@id":"https:\/\/agenciabrasil.ebc.com.br\/meio-ambiente\/noticia\/2026-09\/meteorologia-preve-ciclone-extratropical-com-chuvas-em-setembro#breadcrumb"},"inLanguage":"pt-BR","potentialAction":[{"@type":"ReadAction","target":["https:\/\/agenciabrasil.ebc.com.br\/meio-ambiente\/noticia\/2026-09\/meteorologia-preve-ciclone-extratropical-com-chuvas-em-setembro"]}]},{"@type":"BreadcrumbList","@id":"https:\/\/agenciabrasil.ebc.com.br\/meio-ambiente\/noticia\/2026-09\/meteorologia-preve-ciclone-extratropical-com-chuvas-em-setembro#breadcrumb","itemListElement":[{"@type":"ListItem","position":1,"name":"In\u00edcio","item":"https:\/\/mrnews.com.br\/"},{"@type":"ListItem","position":2,"name":"Meteorologia prev\u00ea ciclone extratropical com chuvas em setembro"}]},{"@type":"WebSite","@id":"https:\/\/mrnews.com.br\/#website","url":"https:\/\/mrnews.com.br\/","name":"MRNews","description":"MRNews Jogos de hoje da TV, transmiss\u00f5es ao vivo, Not\u00edcias de futebol, Jogos ao vivo, Lives, resumo de novelas, Programa\u00e7\u00e3o da Globo, A Fazenda e BBB","publisher":{"@id":"https:\/\/mrnews.com.br\/#organization"},"potentialAction":[{"@type":"SearchAction","target":{"@type":"EntryPoint","urlTemplate":"https:\/\/mrnews.com.br\/?s={search_term_string}"},"query-input":{"@type":"PropertyValueSpecification","valueRequired":true,"valueName":"search_term_string"}}],"inLanguage":"pt-BR"},{"@type":"Organization","@id":"https:\/\/mrnews.com.br\/#organization","name":"MRNews","url":"https:\/\/mrnews.com.br\/","logo":{"@type":"ImageObject","inLanguage":"pt-BR","@id":"https:\/\/mrnews.com.br\/#\/schema\/logo\/image\/","url":"https:\/\/mrnews.com.br\/wp-content\/uploads\/2026\/08\/MRNEws.png","contentUrl":"https:\/\/mrnews.com.br\/wp-content\/uploads\/2026\/08\/MRNEws.png","width":1254,"height":1254,"caption":"MRNews"},"image":{"@id":"https:\/\/mrnews.com.br\/#\/schema\/logo\/image\/"},"sameAs":["https:\/\/www.facebook.com\/eaipahpah\/?locale2=pt_BR","https:\/\/x.com\/conspirou","https:\/\/www.instagram.com\/eai_pahpah","https:\/\/br.pinterest.com\/mrnewsn\/boards\/","https:\/\/www.youtube.com\/channel\/UCacgnpznQ61fifLWr1tQ-vA?view_as=subscriber"]},{"@type":"Person","@id":"https:\/\/mrnews.com.br\/#\/schema\/person\/2f073f2d87903a2ff9a065e41bbf17d4","name":"Fernando Corraa","image":{"@type":"ImageObject","inLanguage":"pt-BR","@id":"https:\/\/secure.gravatar.com\/avatar\/9069acb0e588c9f4346ba747284aef18a5faaab575e89e9ccc64e315003f0b82?s=96&d=monsterid&r=g","url":"https:\/\/secure.gravatar.com\/avatar\/9069acb0e588c9f4346ba747284aef18a5faaab575e89e9ccc64e315003f0b82?s=96&d=monsterid&r=g","contentUrl":"https:\/\/secure.gravatar.com\/avatar\/9069acb0e588c9f4346ba747284aef18a5faaab575e89e9ccc64e315003f0b82?s=96&d=monsterid&r=g","caption":"Fernando Corraa"},"url":"https:\/\/mrnews.com.br\/index.php\/author\/fernando-corraa\/"}]}},"jetpack_sharing_enabled":true,"jetpack_shortlink":"https:\/\/wp.me\/pa2Qf7-1Xet","amp_enabled":true,"jetpack_featured_media_url":"","_links":{"self":[{"href":"https:\/\/mrnews.com.br\/index.php\/wp-json\/wp\/v2\/posts\/466021","targetHints":{"allow":["GET"]}}],"collection":[{"href":"https:\/\/mrnews.com.br\/index.php\/wp-json\/wp\/v2\/posts"}],"about":[{"href":"https:\/\/mrnews.com.br\/index.php\/wp-json\/wp\/v2\/types\/post"}],"author":[{"embeddable":true,"href":"https:\/\/mrnews.com.br\/index.php\/wp-json\/wp\/v2\/users\/39"}],"replies":[{"embeddable":true,"href":"https:\/\/mrnews.com.br\/index.php\/wp-json\/wp\/v2\/comments?post=466021"}],"version-history":[{"count":0,"href":"https:\/\/mrnews.com.br\/index.php\/wp-json\/wp\/v2\/posts\/466021\/revisions"}],"wp:attachment":[{"href":"https:\/\/mrnews.com.br\/index.php\/wp-json\/wp\/v2\/media?parent=466021"}],"wp:term":[{"taxonomy":"category","embeddable":true,"href":"https:\/\/mrnews.com.br\/index.php\/wp-json\/wp\/v2\/categories?post=466021"},{"taxonomy":"post_tag","embeddable":true,"href":"https:\/\/mrnews.com.br\/index.php\/wp-json\/wp\/v2\/tags?post=466021"}],"curies":[{"name":"wp","href":"https:\/\/api.w.org\/{rel}","templated":true}]}}