{"id":466023,"date":"2026-09-01T09:19:15","date_gmt":"2026-09-01T12:19:15","guid":{"rendered":"https:\/\/mrnews.com.br\/index.php\/2026\/09\/01\/justica-do-rio-condena-musico-a-28-anos-de-prisao-por-feminicidio\/"},"modified":"2026-09-01T09:19:15","modified_gmt":"2026-09-01T12:19:15","slug":"justica-do-rio-condena-musico-a-28-anos-de-prisao-por-feminicidio","status":"publish","type":"post","link":"https:\/\/mrnews.com.br\/index.php\/2026\/09\/01\/justica-do-rio-condena-musico-a-28-anos-de-prisao-por-feminicidio\/","title":{"rendered":"Justi\u00e7a do Rio condena m\u00fasico a 28 anos de pris\u00e3o por feminic\u00eddio"},"content":{"rendered":"<p>Por EBC, <\/p>\n<div>\n<p>O Conselho de Senten\u00e7a do Tribunal do J\u00fari de Niter\u00f3i, na regi\u00e3o metropolitana do Rio, condenou o m\u00fasico Clodoaldo Queiroz de Oliveira, conhecido como Gustavo, da dupla sertaneja Tony e Gustavo, \u00e0 pena de 28 anos de reclus\u00e3o, em regime inicialmente fechado, pelo crime de homic\u00eddio triplamente qualificado contra sua mulher, Karen Mancini, analista do Tribunal de Contas do Estado (TCE).<\/p>\n<p>O crime ocorreu em abril de 2024\u00a0em Lumiar, distrito de Nova Friburgo, regi\u00e3o serrana do Rio. Karen Mancini, ent\u00e3o com 39 anos de idade, foi morta ap\u00f3s ser agredida, segundo laudo da necropsia, por 114 golpes que causaram hemorragia e traumatismo<\/p>\n<p>Na decis\u00e3o, a ju\u00edza Nearis dos Santos Carvalho Arce destacou a crueldade da a\u00e7\u00e3o do r\u00e9u ao praticar o feminic\u00eddio com mais de 100 golpes, sem chances de defesa para a v\u00edtima.<\/p>\n<blockquote>\n<p>\u201cCom aud\u00e1cia extremamente reprov\u00e1vel, espancando a v\u00edtima de forma brutal\u00a0dentro de sua pr\u00f3pria resid\u00eancia, onde morava com\u00a0o r\u00e9u, golpeando-a por todo o corpo, em especial na regi\u00e3o da cabe\u00e7a. O r\u00e9u sequer prestou socorro a Karen, que teve como causa mortis \u2018traumatismo craniano\u00a0encef\u00e1lico\u2019, como demonstrou o laudo de necropsia, tornando ainda mais gravosa sua conduta\u201d, escreveu a magistrada.<\/p>\n<\/blockquote>\n<p>A frieza do r\u00e9u na pr\u00e1tica do feminic\u00eddio triplamente qualificado tamb\u00e9m foi ressaltada pela ju\u00edza na senten\u00e7a.<\/p>\n<p>\u201cAssim, foram reconhecidos pelos jurados a motiva\u00e7\u00e3o f\u00fatil &#8211; qual seja desentendimento entre o casal, o emprego de meio cruel, em raz\u00e3o da extensa quantidade de les\u00f5es empregadas &#8211; as quais causaram intenso e desnecess\u00e1rio sofrimento \u00e0 v\u00edtima, evidenciando a frieza e o menosprezo pela vida humana\u201d.\u00a0<\/p>\n<p>A ju\u00edza Nearis Carvalho destacou ainda na decis\u00e3o que \u201cdurante a a\u00e7\u00e3o criminosa, o perito respons\u00e1vel pelo laudo de necropsia\u00a0atestou que a quantidade de les\u00f5es \u00e9 classificada como tortura, pois causa padecimento desnecess\u00e1rio \u00e0 v\u00edtima\u201d.<\/p>\n<p>      <!-- Relacionada --><\/p>\n<p>            <!-- Relacionada -->\n    <\/div>\n","protected":false},"excerpt":{"rendered":"<p>Por EBC, O Conselho de Senten\u00e7a do Tribunal do J\u00fari de Niter\u00f3i, na regi\u00e3o metropolitana do Rio, condenou o m\u00fasico Clodoaldo Queiroz de Oliveira, conhecido como Gustavo, da dupla sertaneja Tony e Gustavo, \u00e0 pena de 28 anos de reclus\u00e3o, em regime inicialmente fechado, pelo crime de homic\u00eddio triplamente qualificado contra sua mulher, Karen Mancini, &hellip;<\/p>\n","protected":false},"author":39,"featured_media":0,"comment_status":"open","ping_status":"open","sticky":false,"template":"","format":"standard","meta":{"_jetpack_newsletter_access":"","_jetpack_dont_email_post_to_subs":false,"_jetpack_newsletter_tier_id":0,"_jetpack_memberships_contains_paywalled_content":false,"_jetpack_feature_clip_id":0,"_jetpack_memberships_contains_paid_content":false,"footnotes":"","jetpack_post_was_ever_published":false},"categories":[4],"tags":[],"class_list":["post-466023","post","type-post","status-publish","format-standard","hentry","category-servicos"],"yoast_head":"<!-- This site is optimized with the Yoast SEO plugin v28.3 - https:\/\/yoast.com\/product\/yoast-seo-wordpress\/ -->\n<title>Justi\u00e7a do Rio condena m\u00fasico a 28 anos de pris\u00e3o por feminic\u00eddio<\/title>\n<meta name=\"robots\" content=\"index, follow, max-snippet:-1, max-image-preview:large, max-video-preview:-1\" \/>\n<link rel=\"canonical\" href=\"https:\/\/agenciabrasil.ebc.com.br\/justica\/noticia\/2026-09\/justica-condena-musico-28-anos-de-prisao-por-crime-de-feminicidio\" \/>\n<meta property=\"og:locale\" content=\"pt_BR\" \/>\n<meta property=\"og:type\" content=\"article\" \/>\n<meta property=\"og:title\" content=\"Justi\u00e7a do Rio condena m\u00fasico a 28 anos de pris\u00e3o por feminic\u00eddio\" \/>\n<meta property=\"og:description\" content=\"Por EBC, O Conselho de Senten\u00e7a do Tribunal do J\u00fari de Niter\u00f3i, na regi\u00e3o metropolitana do Rio, condenou o m\u00fasico Clodoaldo Queiroz de Oliveira, conhecido como Gustavo, da dupla sertaneja Tony e Gustavo, \u00e0 pena de 28 anos de reclus\u00e3o, em regime inicialmente fechado, pelo crime de homic\u00eddio triplamente qualificado contra sua mulher, Karen Mancini, &hellip;\" \/>\n<meta property=\"og:url\" content=\"https:\/\/agenciabrasil.ebc.com.br\/justica\/noticia\/2026-09\/justica-condena-musico-28-anos-de-prisao-por-crime-de-feminicidio\" \/>\n<meta property=\"og:site_name\" content=\"MRNews\" \/>\n<meta property=\"article:publisher\" content=\"https:\/\/www.facebook.com\/eaipahpah\/?locale2=pt_BR\" \/>\n<meta property=\"article:published_time\" content=\"2026-09-01T12:19:15+00:00\" \/>\n<meta name=\"author\" content=\"Fernando Corraa\" \/>\n<meta name=\"twitter:card\" content=\"summary_large_image\" \/>\n<meta name=\"twitter:creator\" content=\"@conspirou\" \/>\n<meta name=\"twitter:site\" content=\"@conspirou\" \/>\n<meta name=\"twitter:label1\" content=\"Escrito por\" \/>\n\t<meta name=\"twitter:data1\" content=\"Fernando Corraa\" \/>\n\t<meta name=\"twitter:label2\" content=\"Est. tempo de leitura\" \/>\n\t<meta name=\"twitter:data2\" content=\"2 minutos\" \/>\n<script type=\"application\/ld+json\" class=\"yoast-schema-graph\">{\"@context\":\"https:\\\/\\\/schema.org\",\"@graph\":[{\"@type\":\"Article\",\"@id\":\"https:\\\/\\\/agenciabrasil.ebc.com.br\\\/justica\\\/noticia\\\/2026-09\\\/justica-condena-musico-28-anos-de-prisao-por-crime-de-feminicidio#article\",\"isPartOf\":{\"@id\":\"https:\\\/\\\/mrnews.com.br\\\/index.php\\\/2026\\\/09\\\/01\\\/justica-do-rio-condena-musico-a-28-anos-de-prisao-por-feminicidio\\\/\"},\"author\":{\"name\":\"Fernando Corraa\",\"@id\":\"https:\\\/\\\/mrnews.com.br\\\/#\\\/schema\\\/person\\\/2f073f2d87903a2ff9a065e41bbf17d4\"},\"headline\":\"Justi\u00e7a do Rio condena m\u00fasico a 28 anos de pris\u00e3o por feminic\u00eddio\",\"datePublished\":\"2026-09-01T12:19:15+00:00\",\"mainEntityOfPage\":{\"@id\":\"https:\\\/\\\/mrnews.com.br\\\/index.php\\\/2026\\\/09\\\/01\\\/justica-do-rio-condena-musico-a-28-anos-de-prisao-por-feminicidio\\\/\"},\"wordCount\":349,\"commentCount\":0,\"publisher\":{\"@id\":\"https:\\\/\\\/mrnews.com.br\\\/#organization\"},\"articleSection\":[\"SERVI\u00c7OS\"],\"inLanguage\":\"pt-BR\",\"potentialAction\":[{\"@type\":\"CommentAction\",\"name\":\"Comment\",\"target\":[\"https:\\\/\\\/agenciabrasil.ebc.com.br\\\/justica\\\/noticia\\\/2026-09\\\/justica-condena-musico-28-anos-de-prisao-por-crime-de-feminicidio#respond\"]}]},{\"@type\":\"WebPage\",\"@id\":\"https:\\\/\\\/mrnews.com.br\\\/index.php\\\/2026\\\/09\\\/01\\\/justica-do-rio-condena-musico-a-28-anos-de-prisao-por-feminicidio\\\/\",\"url\":\"https:\\\/\\\/agenciabrasil.ebc.com.br\\\/justica\\\/noticia\\\/2026-09\\\/justica-condena-musico-28-anos-de-prisao-por-crime-de-feminicidio\",\"name\":\"Justi\u00e7a do Rio condena m\u00fasico a 28 anos de pris\u00e3o por feminic\u00eddio\",\"isPartOf\":{\"@id\":\"https:\\\/\\\/mrnews.com.br\\\/#website\"},\"datePublished\":\"2026-09-01T12:19:15+00:00\",\"breadcrumb\":{\"@id\":\"https:\\\/\\\/agenciabrasil.ebc.com.br\\\/justica\\\/noticia\\\/2026-09\\\/justica-condena-musico-28-anos-de-prisao-por-crime-de-feminicidio#breadcrumb\"},\"inLanguage\":\"pt-BR\",\"potentialAction\":[{\"@type\":\"ReadAction\",\"target\":[\"https:\\\/\\\/agenciabrasil.ebc.com.br\\\/justica\\\/noticia\\\/2026-09\\\/justica-condena-musico-28-anos-de-prisao-por-crime-de-feminicidio\"]}]},{\"@type\":\"BreadcrumbList\",\"@id\":\"https:\\\/\\\/agenciabrasil.ebc.com.br\\\/justica\\\/noticia\\\/2026-09\\\/justica-condena-musico-28-anos-de-prisao-por-crime-de-feminicidio#breadcrumb\",\"itemListElement\":[{\"@type\":\"ListItem\",\"position\":1,\"name\":\"In\u00edcio\",\"item\":\"https:\\\/\\\/mrnews.com.br\\\/\"},{\"@type\":\"ListItem\",\"position\":2,\"name\":\"Justi\u00e7a do Rio condena m\u00fasico a 28 anos de pris\u00e3o por feminic\u00eddio\"}]},{\"@type\":\"WebSite\",\"@id\":\"https:\\\/\\\/mrnews.com.br\\\/#website\",\"url\":\"https:\\\/\\\/mrnews.com.br\\\/\",\"name\":\"MRNews\",\"description\":\"MRNews Jogos de hoje da TV, transmiss\u00f5es ao vivo, Not\u00edcias de futebol, Jogos ao vivo, Lives, resumo de novelas, Programa\u00e7\u00e3o da Globo, A Fazenda e BBB\",\"publisher\":{\"@id\":\"https:\\\/\\\/mrnews.com.br\\\/#organization\"},\"potentialAction\":[{\"@type\":\"SearchAction\",\"target\":{\"@type\":\"EntryPoint\",\"urlTemplate\":\"https:\\\/\\\/mrnews.com.br\\\/?s={search_term_string}\"},\"query-input\":{\"@type\":\"PropertyValueSpecification\",\"valueRequired\":true,\"valueName\":\"search_term_string\"}}],\"inLanguage\":\"pt-BR\"},{\"@type\":\"Organization\",\"@id\":\"https:\\\/\\\/mrnews.com.br\\\/#organization\",\"name\":\"MRNews\",\"url\":\"https:\\\/\\\/mrnews.com.br\\\/\",\"logo\":{\"@type\":\"ImageObject\",\"inLanguage\":\"pt-BR\",\"@id\":\"https:\\\/\\\/mrnews.com.br\\\/#\\\/schema\\\/logo\\\/image\\\/\",\"url\":\"https:\\\/\\\/mrnews.com.br\\\/wp-content\\\/uploads\\\/2026\\\/08\\\/MRNEws.png\",\"contentUrl\":\"https:\\\/\\\/mrnews.com.br\\\/wp-content\\\/uploads\\\/2026\\\/08\\\/MRNEws.png\",\"width\":1254,\"height\":1254,\"caption\":\"MRNews\"},\"image\":{\"@id\":\"https:\\\/\\\/mrnews.com.br\\\/#\\\/schema\\\/logo\\\/image\\\/\"},\"sameAs\":[\"https:\\\/\\\/www.facebook.com\\\/eaipahpah\\\/?locale2=pt_BR\",\"https:\\\/\\\/x.com\\\/conspirou\",\"https:\\\/\\\/www.instagram.com\\\/eai_pahpah\",\"https:\\\/\\\/br.pinterest.com\\\/mrnewsn\\\/boards\\\/\",\"https:\\\/\\\/www.youtube.com\\\/channel\\\/UCacgnpznQ61fifLWr1tQ-vA?view_as=subscriber\"]},{\"@type\":\"Person\",\"@id\":\"https:\\\/\\\/mrnews.com.br\\\/#\\\/schema\\\/person\\\/2f073f2d87903a2ff9a065e41bbf17d4\",\"name\":\"Fernando Corraa\",\"image\":{\"@type\":\"ImageObject\",\"inLanguage\":\"pt-BR\",\"@id\":\"https:\\\/\\\/secure.gravatar.com\\\/avatar\\\/9069acb0e588c9f4346ba747284aef18a5faaab575e89e9ccc64e315003f0b82?s=96&d=monsterid&r=g\",\"url\":\"https:\\\/\\\/secure.gravatar.com\\\/avatar\\\/9069acb0e588c9f4346ba747284aef18a5faaab575e89e9ccc64e315003f0b82?s=96&d=monsterid&r=g\",\"contentUrl\":\"https:\\\/\\\/secure.gravatar.com\\\/avatar\\\/9069acb0e588c9f4346ba747284aef18a5faaab575e89e9ccc64e315003f0b82?s=96&d=monsterid&r=g\",\"caption\":\"Fernando Corraa\"},\"url\":\"https:\\\/\\\/mrnews.com.br\\\/index.php\\\/author\\\/fernando-corraa\\\/\"}]}<\/script>\n<!-- \/ Yoast SEO plugin. -->","yoast_head_json":{"title":"Justi\u00e7a do Rio condena m\u00fasico a 28 anos de pris\u00e3o por feminic\u00eddio","robots":{"index":"index","follow":"follow","max-snippet":"max-snippet:-1","max-image-preview":"max-image-preview:large","max-video-preview":"max-video-preview:-1"},"canonical":"https:\/\/agenciabrasil.ebc.com.br\/justica\/noticia\/2026-09\/justica-condena-musico-28-anos-de-prisao-por-crime-de-feminicidio","og_locale":"pt_BR","og_type":"article","og_title":"Justi\u00e7a do Rio condena m\u00fasico a 28 anos de pris\u00e3o por feminic\u00eddio","og_description":"Por EBC, O Conselho de Senten\u00e7a do Tribunal do J\u00fari de Niter\u00f3i, na regi\u00e3o metropolitana do Rio, condenou o m\u00fasico Clodoaldo Queiroz de Oliveira, conhecido como Gustavo, da dupla sertaneja Tony e Gustavo, \u00e0 pena de 28 anos de reclus\u00e3o, em regime inicialmente fechado, pelo crime de homic\u00eddio triplamente qualificado contra sua mulher, Karen Mancini, &hellip;","og_url":"https:\/\/agenciabrasil.ebc.com.br\/justica\/noticia\/2026-09\/justica-condena-musico-28-anos-de-prisao-por-crime-de-feminicidio","og_site_name":"MRNews","article_publisher":"https:\/\/www.facebook.com\/eaipahpah\/?locale2=pt_BR","article_published_time":"2026-09-01T12:19:15+00:00","author":"Fernando Corraa","twitter_card":"summary_large_image","twitter_creator":"@conspirou","twitter_site":"@conspirou","twitter_misc":{"Escrito por":"Fernando Corraa","Est. tempo de leitura":"2 minutos"},"schema":{"@context":"https:\/\/schema.org","@graph":[{"@type":"Article","@id":"https:\/\/agenciabrasil.ebc.com.br\/justica\/noticia\/2026-09\/justica-condena-musico-28-anos-de-prisao-por-crime-de-feminicidio#article","isPartOf":{"@id":"https:\/\/mrnews.com.br\/index.php\/2026\/09\/01\/justica-do-rio-condena-musico-a-28-anos-de-prisao-por-feminicidio\/"},"author":{"name":"Fernando Corraa","@id":"https:\/\/mrnews.com.br\/#\/schema\/person\/2f073f2d87903a2ff9a065e41bbf17d4"},"headline":"Justi\u00e7a do Rio condena m\u00fasico a 28 anos de pris\u00e3o por feminic\u00eddio","datePublished":"2026-09-01T12:19:15+00:00","mainEntityOfPage":{"@id":"https:\/\/mrnews.com.br\/index.php\/2026\/09\/01\/justica-do-rio-condena-musico-a-28-anos-de-prisao-por-feminicidio\/"},"wordCount":349,"commentCount":0,"publisher":{"@id":"https:\/\/mrnews.com.br\/#organization"},"articleSection":["SERVI\u00c7OS"],"inLanguage":"pt-BR","potentialAction":[{"@type":"CommentAction","name":"Comment","target":["https:\/\/agenciabrasil.ebc.com.br\/justica\/noticia\/2026-09\/justica-condena-musico-28-anos-de-prisao-por-crime-de-feminicidio#respond"]}]},{"@type":"WebPage","@id":"https:\/\/mrnews.com.br\/index.php\/2026\/09\/01\/justica-do-rio-condena-musico-a-28-anos-de-prisao-por-feminicidio\/","url":"https:\/\/agenciabrasil.ebc.com.br\/justica\/noticia\/2026-09\/justica-condena-musico-28-anos-de-prisao-por-crime-de-feminicidio","name":"Justi\u00e7a do Rio condena m\u00fasico a 28 anos de pris\u00e3o por feminic\u00eddio","isPartOf":{"@id":"https:\/\/mrnews.com.br\/#website"},"datePublished":"2026-09-01T12:19:15+00:00","breadcrumb":{"@id":"https:\/\/agenciabrasil.ebc.com.br\/justica\/noticia\/2026-09\/justica-condena-musico-28-anos-de-prisao-por-crime-de-feminicidio#breadcrumb"},"inLanguage":"pt-BR","potentialAction":[{"@type":"ReadAction","target":["https:\/\/agenciabrasil.ebc.com.br\/justica\/noticia\/2026-09\/justica-condena-musico-28-anos-de-prisao-por-crime-de-feminicidio"]}]},{"@type":"BreadcrumbList","@id":"https:\/\/agenciabrasil.ebc.com.br\/justica\/noticia\/2026-09\/justica-condena-musico-28-anos-de-prisao-por-crime-de-feminicidio#breadcrumb","itemListElement":[{"@type":"ListItem","position":1,"name":"In\u00edcio","item":"https:\/\/mrnews.com.br\/"},{"@type":"ListItem","position":2,"name":"Justi\u00e7a do Rio condena m\u00fasico a 28 anos de pris\u00e3o por feminic\u00eddio"}]},{"@type":"WebSite","@id":"https:\/\/mrnews.com.br\/#website","url":"https:\/\/mrnews.com.br\/","name":"MRNews","description":"MRNews Jogos de hoje da TV, transmiss\u00f5es ao vivo, Not\u00edcias de futebol, Jogos ao vivo, Lives, resumo de novelas, Programa\u00e7\u00e3o da Globo, A Fazenda e BBB","publisher":{"@id":"https:\/\/mrnews.com.br\/#organization"},"potentialAction":[{"@type":"SearchAction","target":{"@type":"EntryPoint","urlTemplate":"https:\/\/mrnews.com.br\/?s={search_term_string}"},"query-input":{"@type":"PropertyValueSpecification","valueRequired":true,"valueName":"search_term_string"}}],"inLanguage":"pt-BR"},{"@type":"Organization","@id":"https:\/\/mrnews.com.br\/#organization","name":"MRNews","url":"https:\/\/mrnews.com.br\/","logo":{"@type":"ImageObject","inLanguage":"pt-BR","@id":"https:\/\/mrnews.com.br\/#\/schema\/logo\/image\/","url":"https:\/\/mrnews.com.br\/wp-content\/uploads\/2026\/08\/MRNEws.png","contentUrl":"https:\/\/mrnews.com.br\/wp-content\/uploads\/2026\/08\/MRNEws.png","width":1254,"height":1254,"caption":"MRNews"},"image":{"@id":"https:\/\/mrnews.com.br\/#\/schema\/logo\/image\/"},"sameAs":["https:\/\/www.facebook.com\/eaipahpah\/?locale2=pt_BR","https:\/\/x.com\/conspirou","https:\/\/www.instagram.com\/eai_pahpah","https:\/\/br.pinterest.com\/mrnewsn\/boards\/","https:\/\/www.youtube.com\/channel\/UCacgnpznQ61fifLWr1tQ-vA?view_as=subscriber"]},{"@type":"Person","@id":"https:\/\/mrnews.com.br\/#\/schema\/person\/2f073f2d87903a2ff9a065e41bbf17d4","name":"Fernando Corraa","image":{"@type":"ImageObject","inLanguage":"pt-BR","@id":"https:\/\/secure.gravatar.com\/avatar\/9069acb0e588c9f4346ba747284aef18a5faaab575e89e9ccc64e315003f0b82?s=96&d=monsterid&r=g","url":"https:\/\/secure.gravatar.com\/avatar\/9069acb0e588c9f4346ba747284aef18a5faaab575e89e9ccc64e315003f0b82?s=96&d=monsterid&r=g","contentUrl":"https:\/\/secure.gravatar.com\/avatar\/9069acb0e588c9f4346ba747284aef18a5faaab575e89e9ccc64e315003f0b82?s=96&d=monsterid&r=g","caption":"Fernando Corraa"},"url":"https:\/\/mrnews.com.br\/index.php\/author\/fernando-corraa\/"}]}},"jetpack_sharing_enabled":true,"jetpack_shortlink":"https:\/\/wp.me\/pa2Qf7-1Xev","amp_enabled":true,"jetpack_featured_media_url":"","_links":{"self":[{"href":"https:\/\/mrnews.com.br\/index.php\/wp-json\/wp\/v2\/posts\/466023","targetHints":{"allow":["GET"]}}],"collection":[{"href":"https:\/\/mrnews.com.br\/index.php\/wp-json\/wp\/v2\/posts"}],"about":[{"href":"https:\/\/mrnews.com.br\/index.php\/wp-json\/wp\/v2\/types\/post"}],"author":[{"embeddable":true,"href":"https:\/\/mrnews.com.br\/index.php\/wp-json\/wp\/v2\/users\/39"}],"replies":[{"embeddable":true,"href":"https:\/\/mrnews.com.br\/index.php\/wp-json\/wp\/v2\/comments?post=466023"}],"version-history":[{"count":0,"href":"https:\/\/mrnews.com.br\/index.php\/wp-json\/wp\/v2\/posts\/466023\/revisions"}],"wp:attachment":[{"href":"https:\/\/mrnews.com.br\/index.php\/wp-json\/wp\/v2\/media?parent=466023"}],"wp:term":[{"taxonomy":"category","embeddable":true,"href":"https:\/\/mrnews.com.br\/index.php\/wp-json\/wp\/v2\/categories?post=466023"},{"taxonomy":"post_tag","embeddable":true,"href":"https:\/\/mrnews.com.br\/index.php\/wp-json\/wp\/v2\/tags?post=466023"}],"curies":[{"name":"wp","href":"https:\/\/api.w.org\/{rel}","templated":true}]}}