{"id":466026,"date":"2026-09-01T11:25:17","date_gmt":"2026-09-01T14:25:17","guid":{"rendered":"https:\/\/mrnews.com.br\/index.php\/2026\/09\/01\/calor-foi-responsavel-por-2-149-mortes-na-espanha-no-mes-passado\/"},"modified":"2026-09-01T11:25:17","modified_gmt":"2026-09-01T14:25:17","slug":"calor-foi-responsavel-por-2-149-mortes-na-espanha-no-mes-passado","status":"publish","type":"post","link":"https:\/\/mrnews.com.br\/index.php\/2026\/09\/01\/calor-foi-responsavel-por-2-149-mortes-na-espanha-no-mes-passado\/","title":{"rendered":"Calor foi respons\u00e1vel por 2.149 mortes na Espanha no m\u00eas passado"},"content":{"rendered":"<p>Por EBC, <\/p>\n<div>\n<p>Estima-se que quase 2.150 pessoas tenham morrido por causas relacionadas ao calor na Espanha em agosto, segundo dados oficiais divulgados nesta ter\u00e7a-feira (1\u00ba), ap\u00f3s ondas de calor recordes terem assolado a Europa Ocidental durante o ver\u00e3o.<\/p>\n<p><strong>Dados do sistema de monitoramento di\u00e1rio de mortalidade do Minist\u00e9rio da Sa\u00fade, o MoMo, mostraram 2.149 mortes atribu\u00eddas\u00a0ao calor no m\u00eas passado, o segundo maior n\u00famero notificado\u00a0em agosto desde o in\u00edcio dos registros, em 2015, superado apenas pelo recorde do ano passado, de 2.184.<\/strong><\/p>\n<p>O MoMo estimou que 5.234 pessoas morreram por causas relacionadas ao calor entre 15 de maio e 31 de agosto, o maior n\u00famero registrado para o per\u00edodo de ver\u00e3o desde que o sistema de monitoramento foi lan\u00e7ado em 2015, mesmo sem os dados de setembro.<\/p>\n<p><strong>O maior n\u00famero de mortes em agosto ocorreu\u00a0na regi\u00e3o da Catalunha, com 1.164, segundo os dados, seguida pelas regi\u00f5es de Val\u00eancia e da Andaluzia, com 227 e 138 mortes, respectivamente.<\/strong><\/p>\n<p>Entre os mortos, 1.283 eram mulheres e 866 eram homens, enquanto 2.064 tinham mais de 65 anos, incluindo 1.285 com mais de 85 anos.<\/p>\n<p><strong>O calor extremo pode causar mortes ao provocar insola\u00e7\u00e3o ou agravar doen\u00e7as cardiovasculares e respirat\u00f3rias, sendo os idosos um dos grupos mais vulner\u00e1veis.<\/strong><\/p>\n<p>A ag\u00eancia meteorol\u00f3gica espanhola Aemet\u00a0informou que um per\u00edodo de calor at\u00edpico para o in\u00edcio de setembro se iniciaria a partir de quinta-feira (3) e, provavelmente, persistiria at\u00e9 o fim de semana, com temperaturas subindo bem acima das m\u00e9dias sazonais. A previs\u00e3o \u00e9 de que as m\u00e1ximas ultrapassem 35 graus Celsius em grande parte do interior da Espanha, acompanhadas por noites tropicais generalizadas, com temperaturas permanecendo acima de 20\u00b0C.<\/p>\n<p><em><strong>* \u00c9 proibida a reprodu\u00e7\u00e3o deste conte\u00fado.<\/strong><\/em><\/p>\n<p>      <!-- Relacionada --><\/p>\n<p>            <!-- Relacionada -->\n    <\/div>\n","protected":false},"excerpt":{"rendered":"<p>Por EBC, Estima-se que quase 2.150 pessoas tenham morrido por causas relacionadas ao calor na Espanha em agosto, segundo dados oficiais divulgados nesta ter\u00e7a-feira (1\u00ba), ap\u00f3s ondas de calor recordes terem assolado a Europa Ocidental durante o ver\u00e3o. Dados do sistema de monitoramento di\u00e1rio de mortalidade do Minist\u00e9rio da Sa\u00fade, o MoMo, mostraram 2.149 mortes &hellip;<\/p>\n","protected":false},"author":39,"featured_media":0,"comment_status":"open","ping_status":"open","sticky":false,"template":"","format":"standard","meta":{"_jetpack_newsletter_access":"","_jetpack_dont_email_post_to_subs":false,"_jetpack_newsletter_tier_id":0,"_jetpack_memberships_contains_paywalled_content":false,"_jetpack_feature_clip_id":0,"_jetpack_memberships_contains_paid_content":false,"footnotes":"","jetpack_post_was_ever_published":false},"categories":[4],"tags":[],"class_list":["post-466026","post","type-post","status-publish","format-standard","hentry","category-servicos"],"yoast_head":"<!-- This site is optimized with the Yoast SEO plugin v28.3 - https:\/\/yoast.com\/product\/yoast-seo-wordpress\/ -->\n<title>Calor foi respons\u00e1vel por 2.149 mortes na Espanha no m\u00eas passado<\/title>\n<meta name=\"robots\" content=\"index, follow, max-snippet:-1, max-image-preview:large, max-video-preview:-1\" \/>\n<link rel=\"canonical\" href=\"https:\/\/agenciabrasil.ebc.com.br\/internacional\/noticia\/2026-09\/calor-foi-responsavel-por-2149-mortes-na-espanha-no-mes-passado\" \/>\n<meta property=\"og:locale\" content=\"pt_BR\" \/>\n<meta property=\"og:type\" content=\"article\" \/>\n<meta property=\"og:title\" content=\"Calor foi respons\u00e1vel por 2.149 mortes na Espanha no m\u00eas passado\" \/>\n<meta property=\"og:description\" content=\"Por EBC, Estima-se que quase 2.150 pessoas tenham morrido por causas relacionadas ao calor na Espanha em agosto, segundo dados oficiais divulgados nesta ter\u00e7a-feira (1\u00ba), ap\u00f3s ondas de calor recordes terem assolado a Europa Ocidental durante o ver\u00e3o. Dados do sistema de monitoramento di\u00e1rio de mortalidade do Minist\u00e9rio da Sa\u00fade, o MoMo, mostraram 2.149 mortes &hellip;\" \/>\n<meta property=\"og:url\" content=\"https:\/\/agenciabrasil.ebc.com.br\/internacional\/noticia\/2026-09\/calor-foi-responsavel-por-2149-mortes-na-espanha-no-mes-passado\" \/>\n<meta property=\"og:site_name\" content=\"MRNews\" \/>\n<meta property=\"article:publisher\" content=\"https:\/\/www.facebook.com\/eaipahpah\/?locale2=pt_BR\" \/>\n<meta property=\"article:published_time\" content=\"2026-09-01T14:25:17+00:00\" \/>\n<meta name=\"author\" content=\"Fernando Corraa\" \/>\n<meta name=\"twitter:card\" content=\"summary_large_image\" \/>\n<meta name=\"twitter:creator\" content=\"@conspirou\" \/>\n<meta name=\"twitter:site\" content=\"@conspirou\" \/>\n<meta name=\"twitter:label1\" content=\"Escrito por\" \/>\n\t<meta name=\"twitter:data1\" content=\"Fernando Corraa\" \/>\n\t<meta name=\"twitter:label2\" content=\"Est. tempo de leitura\" \/>\n\t<meta name=\"twitter:data2\" content=\"1 minuto\" \/>\n<script type=\"application\/ld+json\" class=\"yoast-schema-graph\">{\"@context\":\"https:\\\/\\\/schema.org\",\"@graph\":[{\"@type\":\"Article\",\"@id\":\"https:\\\/\\\/agenciabrasil.ebc.com.br\\\/internacional\\\/noticia\\\/2026-09\\\/calor-foi-responsavel-por-2149-mortes-na-espanha-no-mes-passado#article\",\"isPartOf\":{\"@id\":\"https:\\\/\\\/mrnews.com.br\\\/index.php\\\/2026\\\/09\\\/01\\\/calor-foi-responsavel-por-2-149-mortes-na-espanha-no-mes-passado\\\/\"},\"author\":{\"name\":\"Fernando Corraa\",\"@id\":\"https:\\\/\\\/mrnews.com.br\\\/#\\\/schema\\\/person\\\/2f073f2d87903a2ff9a065e41bbf17d4\"},\"headline\":\"Calor foi respons\u00e1vel por 2.149 mortes na Espanha no m\u00eas passado\",\"datePublished\":\"2026-09-01T14:25:17+00:00\",\"mainEntityOfPage\":{\"@id\":\"https:\\\/\\\/mrnews.com.br\\\/index.php\\\/2026\\\/09\\\/01\\\/calor-foi-responsavel-por-2-149-mortes-na-espanha-no-mes-passado\\\/\"},\"wordCount\":304,\"commentCount\":0,\"publisher\":{\"@id\":\"https:\\\/\\\/mrnews.com.br\\\/#organization\"},\"articleSection\":[\"SERVI\u00c7OS\"],\"inLanguage\":\"pt-BR\",\"potentialAction\":[{\"@type\":\"CommentAction\",\"name\":\"Comment\",\"target\":[\"https:\\\/\\\/agenciabrasil.ebc.com.br\\\/internacional\\\/noticia\\\/2026-09\\\/calor-foi-responsavel-por-2149-mortes-na-espanha-no-mes-passado#respond\"]}]},{\"@type\":\"WebPage\",\"@id\":\"https:\\\/\\\/mrnews.com.br\\\/index.php\\\/2026\\\/09\\\/01\\\/calor-foi-responsavel-por-2-149-mortes-na-espanha-no-mes-passado\\\/\",\"url\":\"https:\\\/\\\/agenciabrasil.ebc.com.br\\\/internacional\\\/noticia\\\/2026-09\\\/calor-foi-responsavel-por-2149-mortes-na-espanha-no-mes-passado\",\"name\":\"Calor foi respons\u00e1vel por 2.149 mortes na Espanha no m\u00eas passado\",\"isPartOf\":{\"@id\":\"https:\\\/\\\/mrnews.com.br\\\/#website\"},\"datePublished\":\"2026-09-01T14:25:17+00:00\",\"breadcrumb\":{\"@id\":\"https:\\\/\\\/agenciabrasil.ebc.com.br\\\/internacional\\\/noticia\\\/2026-09\\\/calor-foi-responsavel-por-2149-mortes-na-espanha-no-mes-passado#breadcrumb\"},\"inLanguage\":\"pt-BR\",\"potentialAction\":[{\"@type\":\"ReadAction\",\"target\":[\"https:\\\/\\\/agenciabrasil.ebc.com.br\\\/internacional\\\/noticia\\\/2026-09\\\/calor-foi-responsavel-por-2149-mortes-na-espanha-no-mes-passado\"]}]},{\"@type\":\"BreadcrumbList\",\"@id\":\"https:\\\/\\\/agenciabrasil.ebc.com.br\\\/internacional\\\/noticia\\\/2026-09\\\/calor-foi-responsavel-por-2149-mortes-na-espanha-no-mes-passado#breadcrumb\",\"itemListElement\":[{\"@type\":\"ListItem\",\"position\":1,\"name\":\"In\u00edcio\",\"item\":\"https:\\\/\\\/mrnews.com.br\\\/\"},{\"@type\":\"ListItem\",\"position\":2,\"name\":\"Calor foi respons\u00e1vel por 2.149 mortes na Espanha no m\u00eas passado\"}]},{\"@type\":\"WebSite\",\"@id\":\"https:\\\/\\\/mrnews.com.br\\\/#website\",\"url\":\"https:\\\/\\\/mrnews.com.br\\\/\",\"name\":\"MRNews\",\"description\":\"MRNews Jogos de hoje da TV, transmiss\u00f5es ao vivo, Not\u00edcias de futebol, Jogos ao vivo, Lives, resumo de novelas, Programa\u00e7\u00e3o da Globo, A Fazenda e BBB\",\"publisher\":{\"@id\":\"https:\\\/\\\/mrnews.com.br\\\/#organization\"},\"potentialAction\":[{\"@type\":\"SearchAction\",\"target\":{\"@type\":\"EntryPoint\",\"urlTemplate\":\"https:\\\/\\\/mrnews.com.br\\\/?s={search_term_string}\"},\"query-input\":{\"@type\":\"PropertyValueSpecification\",\"valueRequired\":true,\"valueName\":\"search_term_string\"}}],\"inLanguage\":\"pt-BR\"},{\"@type\":\"Organization\",\"@id\":\"https:\\\/\\\/mrnews.com.br\\\/#organization\",\"name\":\"MRNews\",\"url\":\"https:\\\/\\\/mrnews.com.br\\\/\",\"logo\":{\"@type\":\"ImageObject\",\"inLanguage\":\"pt-BR\",\"@id\":\"https:\\\/\\\/mrnews.com.br\\\/#\\\/schema\\\/logo\\\/image\\\/\",\"url\":\"https:\\\/\\\/mrnews.com.br\\\/wp-content\\\/uploads\\\/2026\\\/08\\\/MRNEws.png\",\"contentUrl\":\"https:\\\/\\\/mrnews.com.br\\\/wp-content\\\/uploads\\\/2026\\\/08\\\/MRNEws.png\",\"width\":1254,\"height\":1254,\"caption\":\"MRNews\"},\"image\":{\"@id\":\"https:\\\/\\\/mrnews.com.br\\\/#\\\/schema\\\/logo\\\/image\\\/\"},\"sameAs\":[\"https:\\\/\\\/www.facebook.com\\\/eaipahpah\\\/?locale2=pt_BR\",\"https:\\\/\\\/x.com\\\/conspirou\",\"https:\\\/\\\/www.instagram.com\\\/eai_pahpah\",\"https:\\\/\\\/br.pinterest.com\\\/mrnewsn\\\/boards\\\/\",\"https:\\\/\\\/www.youtube.com\\\/channel\\\/UCacgnpznQ61fifLWr1tQ-vA?view_as=subscriber\"]},{\"@type\":\"Person\",\"@id\":\"https:\\\/\\\/mrnews.com.br\\\/#\\\/schema\\\/person\\\/2f073f2d87903a2ff9a065e41bbf17d4\",\"name\":\"Fernando Corraa\",\"image\":{\"@type\":\"ImageObject\",\"inLanguage\":\"pt-BR\",\"@id\":\"https:\\\/\\\/secure.gravatar.com\\\/avatar\\\/9069acb0e588c9f4346ba747284aef18a5faaab575e89e9ccc64e315003f0b82?s=96&d=monsterid&r=g\",\"url\":\"https:\\\/\\\/secure.gravatar.com\\\/avatar\\\/9069acb0e588c9f4346ba747284aef18a5faaab575e89e9ccc64e315003f0b82?s=96&d=monsterid&r=g\",\"contentUrl\":\"https:\\\/\\\/secure.gravatar.com\\\/avatar\\\/9069acb0e588c9f4346ba747284aef18a5faaab575e89e9ccc64e315003f0b82?s=96&d=monsterid&r=g\",\"caption\":\"Fernando Corraa\"},\"url\":\"https:\\\/\\\/mrnews.com.br\\\/index.php\\\/author\\\/fernando-corraa\\\/\"}]}<\/script>\n<!-- \/ Yoast SEO plugin. -->","yoast_head_json":{"title":"Calor foi respons\u00e1vel por 2.149 mortes na Espanha no m\u00eas passado","robots":{"index":"index","follow":"follow","max-snippet":"max-snippet:-1","max-image-preview":"max-image-preview:large","max-video-preview":"max-video-preview:-1"},"canonical":"https:\/\/agenciabrasil.ebc.com.br\/internacional\/noticia\/2026-09\/calor-foi-responsavel-por-2149-mortes-na-espanha-no-mes-passado","og_locale":"pt_BR","og_type":"article","og_title":"Calor foi respons\u00e1vel por 2.149 mortes na Espanha no m\u00eas passado","og_description":"Por EBC, Estima-se que quase 2.150 pessoas tenham morrido por causas relacionadas ao calor na Espanha em agosto, segundo dados oficiais divulgados nesta ter\u00e7a-feira (1\u00ba), ap\u00f3s ondas de calor recordes terem assolado a Europa Ocidental durante o ver\u00e3o. Dados do sistema de monitoramento di\u00e1rio de mortalidade do Minist\u00e9rio da Sa\u00fade, o MoMo, mostraram 2.149 mortes &hellip;","og_url":"https:\/\/agenciabrasil.ebc.com.br\/internacional\/noticia\/2026-09\/calor-foi-responsavel-por-2149-mortes-na-espanha-no-mes-passado","og_site_name":"MRNews","article_publisher":"https:\/\/www.facebook.com\/eaipahpah\/?locale2=pt_BR","article_published_time":"2026-09-01T14:25:17+00:00","author":"Fernando Corraa","twitter_card":"summary_large_image","twitter_creator":"@conspirou","twitter_site":"@conspirou","twitter_misc":{"Escrito por":"Fernando Corraa","Est. tempo de leitura":"1 minuto"},"schema":{"@context":"https:\/\/schema.org","@graph":[{"@type":"Article","@id":"https:\/\/agenciabrasil.ebc.com.br\/internacional\/noticia\/2026-09\/calor-foi-responsavel-por-2149-mortes-na-espanha-no-mes-passado#article","isPartOf":{"@id":"https:\/\/mrnews.com.br\/index.php\/2026\/09\/01\/calor-foi-responsavel-por-2-149-mortes-na-espanha-no-mes-passado\/"},"author":{"name":"Fernando Corraa","@id":"https:\/\/mrnews.com.br\/#\/schema\/person\/2f073f2d87903a2ff9a065e41bbf17d4"},"headline":"Calor foi respons\u00e1vel por 2.149 mortes na Espanha no m\u00eas passado","datePublished":"2026-09-01T14:25:17+00:00","mainEntityOfPage":{"@id":"https:\/\/mrnews.com.br\/index.php\/2026\/09\/01\/calor-foi-responsavel-por-2-149-mortes-na-espanha-no-mes-passado\/"},"wordCount":304,"commentCount":0,"publisher":{"@id":"https:\/\/mrnews.com.br\/#organization"},"articleSection":["SERVI\u00c7OS"],"inLanguage":"pt-BR","potentialAction":[{"@type":"CommentAction","name":"Comment","target":["https:\/\/agenciabrasil.ebc.com.br\/internacional\/noticia\/2026-09\/calor-foi-responsavel-por-2149-mortes-na-espanha-no-mes-passado#respond"]}]},{"@type":"WebPage","@id":"https:\/\/mrnews.com.br\/index.php\/2026\/09\/01\/calor-foi-responsavel-por-2-149-mortes-na-espanha-no-mes-passado\/","url":"https:\/\/agenciabrasil.ebc.com.br\/internacional\/noticia\/2026-09\/calor-foi-responsavel-por-2149-mortes-na-espanha-no-mes-passado","name":"Calor foi respons\u00e1vel por 2.149 mortes na Espanha no m\u00eas passado","isPartOf":{"@id":"https:\/\/mrnews.com.br\/#website"},"datePublished":"2026-09-01T14:25:17+00:00","breadcrumb":{"@id":"https:\/\/agenciabrasil.ebc.com.br\/internacional\/noticia\/2026-09\/calor-foi-responsavel-por-2149-mortes-na-espanha-no-mes-passado#breadcrumb"},"inLanguage":"pt-BR","potentialAction":[{"@type":"ReadAction","target":["https:\/\/agenciabrasil.ebc.com.br\/internacional\/noticia\/2026-09\/calor-foi-responsavel-por-2149-mortes-na-espanha-no-mes-passado"]}]},{"@type":"BreadcrumbList","@id":"https:\/\/agenciabrasil.ebc.com.br\/internacional\/noticia\/2026-09\/calor-foi-responsavel-por-2149-mortes-na-espanha-no-mes-passado#breadcrumb","itemListElement":[{"@type":"ListItem","position":1,"name":"In\u00edcio","item":"https:\/\/mrnews.com.br\/"},{"@type":"ListItem","position":2,"name":"Calor foi respons\u00e1vel por 2.149 mortes na Espanha no m\u00eas passado"}]},{"@type":"WebSite","@id":"https:\/\/mrnews.com.br\/#website","url":"https:\/\/mrnews.com.br\/","name":"MRNews","description":"MRNews Jogos de hoje da TV, transmiss\u00f5es ao vivo, Not\u00edcias de futebol, Jogos ao vivo, Lives, resumo de novelas, Programa\u00e7\u00e3o da Globo, A Fazenda e BBB","publisher":{"@id":"https:\/\/mrnews.com.br\/#organization"},"potentialAction":[{"@type":"SearchAction","target":{"@type":"EntryPoint","urlTemplate":"https:\/\/mrnews.com.br\/?s={search_term_string}"},"query-input":{"@type":"PropertyValueSpecification","valueRequired":true,"valueName":"search_term_string"}}],"inLanguage":"pt-BR"},{"@type":"Organization","@id":"https:\/\/mrnews.com.br\/#organization","name":"MRNews","url":"https:\/\/mrnews.com.br\/","logo":{"@type":"ImageObject","inLanguage":"pt-BR","@id":"https:\/\/mrnews.com.br\/#\/schema\/logo\/image\/","url":"https:\/\/mrnews.com.br\/wp-content\/uploads\/2026\/08\/MRNEws.png","contentUrl":"https:\/\/mrnews.com.br\/wp-content\/uploads\/2026\/08\/MRNEws.png","width":1254,"height":1254,"caption":"MRNews"},"image":{"@id":"https:\/\/mrnews.com.br\/#\/schema\/logo\/image\/"},"sameAs":["https:\/\/www.facebook.com\/eaipahpah\/?locale2=pt_BR","https:\/\/x.com\/conspirou","https:\/\/www.instagram.com\/eai_pahpah","https:\/\/br.pinterest.com\/mrnewsn\/boards\/","https:\/\/www.youtube.com\/channel\/UCacgnpznQ61fifLWr1tQ-vA?view_as=subscriber"]},{"@type":"Person","@id":"https:\/\/mrnews.com.br\/#\/schema\/person\/2f073f2d87903a2ff9a065e41bbf17d4","name":"Fernando Corraa","image":{"@type":"ImageObject","inLanguage":"pt-BR","@id":"https:\/\/secure.gravatar.com\/avatar\/9069acb0e588c9f4346ba747284aef18a5faaab575e89e9ccc64e315003f0b82?s=96&d=monsterid&r=g","url":"https:\/\/secure.gravatar.com\/avatar\/9069acb0e588c9f4346ba747284aef18a5faaab575e89e9ccc64e315003f0b82?s=96&d=monsterid&r=g","contentUrl":"https:\/\/secure.gravatar.com\/avatar\/9069acb0e588c9f4346ba747284aef18a5faaab575e89e9ccc64e315003f0b82?s=96&d=monsterid&r=g","caption":"Fernando Corraa"},"url":"https:\/\/mrnews.com.br\/index.php\/author\/fernando-corraa\/"}]}},"jetpack_sharing_enabled":true,"jetpack_shortlink":"https:\/\/wp.me\/pa2Qf7-1Xey","amp_enabled":true,"jetpack_featured_media_url":"","_links":{"self":[{"href":"https:\/\/mrnews.com.br\/index.php\/wp-json\/wp\/v2\/posts\/466026","targetHints":{"allow":["GET"]}}],"collection":[{"href":"https:\/\/mrnews.com.br\/index.php\/wp-json\/wp\/v2\/posts"}],"about":[{"href":"https:\/\/mrnews.com.br\/index.php\/wp-json\/wp\/v2\/types\/post"}],"author":[{"embeddable":true,"href":"https:\/\/mrnews.com.br\/index.php\/wp-json\/wp\/v2\/users\/39"}],"replies":[{"embeddable":true,"href":"https:\/\/mrnews.com.br\/index.php\/wp-json\/wp\/v2\/comments?post=466026"}],"version-history":[{"count":0,"href":"https:\/\/mrnews.com.br\/index.php\/wp-json\/wp\/v2\/posts\/466026\/revisions"}],"wp:attachment":[{"href":"https:\/\/mrnews.com.br\/index.php\/wp-json\/wp\/v2\/media?parent=466026"}],"wp:term":[{"taxonomy":"category","embeddable":true,"href":"https:\/\/mrnews.com.br\/index.php\/wp-json\/wp\/v2\/categories?post=466026"},{"taxonomy":"post_tag","embeddable":true,"href":"https:\/\/mrnews.com.br\/index.php\/wp-json\/wp\/v2\/tags?post=466026"}],"curies":[{"name":"wp","href":"https:\/\/api.w.org\/{rel}","templated":true}]}}