{"id":466027,"date":"2026-09-01T12:07:17","date_gmt":"2026-09-01T15:07:17","guid":{"rendered":"https:\/\/mrnews.com.br\/index.php\/2026\/09\/01\/bienal-do-livro-tem-novo-projeto-para-incentivar-leitura-no-brasil\/"},"modified":"2026-09-01T12:07:17","modified_gmt":"2026-09-01T15:07:17","slug":"bienal-do-livro-tem-novo-projeto-para-incentivar-leitura-no-brasil","status":"publish","type":"post","link":"https:\/\/mrnews.com.br\/index.php\/2026\/09\/01\/bienal-do-livro-tem-novo-projeto-para-incentivar-leitura-no-brasil\/","title":{"rendered":"Bienal do Livro tem novo projeto para incentivar leitura no Brasil"},"content":{"rendered":"<p>Por EBC, <\/p>\n<div>\n<p>A Bienal do Livro do Rio de Janeiro inaugura neste m\u00eas de setembro um novo projeto, dentro da proposta de incentivar a leitura no Brasil e aumentar o alcance do festival mesmo em anos intermedi\u00e1rios \u00e0 sua realiza\u00e7\u00e3o. Trata-se do projeto Esta\u00e7\u00e3o Bienal, que far\u00e1 a aproxima\u00e7\u00e3o dos leitores de seus autores preferidos e suas obras.<\/p>\n<p><strong>A primeira parada da Esta\u00e7\u00e3o Bienal est\u00e1 marcada para o dia 9 de setembro, no Teatro Clara Nunes, no Shopping da G\u00e1vea, zona sul do Rio de Janeiro. Nessa data,\u00a0os f\u00e3s da escritora inglesa Alice Oseman, autora da s\u00e9rie \u201cHeartstopper\u201d, ter\u00e3o a oportunidade de conhec\u00ea-la ao vivo e ganhar seu aut\u00f3grafo<\/strong>. Esse primeiro programa da Esta\u00e7\u00e3o Bienal tem a parceria da Companhia das Letras, por meio da Seguinte, selo jovem da editora.<\/p>\n<p>O diretor de Marketing e Conte\u00fado da GL events Exhibitions, que realiza a Bienal do Livro do Rio juntamente com o Sindicato Nacional dos Editores de Livros (SNEL), Bruno Henrique, disse \u00e0 <strong>Ag\u00eancia Brasil<\/strong> que a ideia, no\u00a0primeiro momento, \u00e9 trazer para o novo projeto somente autores internacionais, a quem o p\u00fablico tem mais dificuldade de acesso.<\/p>\n<blockquote>\n<p>\u201cA gente quer criar esse produto para aproximar autores mais dif\u00edceis do seu p\u00fablico, com certa periodicidade que ainda ser\u00e1 definida\u201d.<\/p>\n<\/blockquote>\n<p><strong>Depois, a ideia \u00e9 ampliar o projeto, como ocorreu\u00a0com a Bienal nas Escolas, que leva autores a unidades da rede p\u00fablica de ensino ao longo do ano e acabou se tornando uma proposta permanente. \u201cA gente pretende ir evoluindo\u201d, garantiu Bruno Henrique.<\/strong><\/p>\n<h2>Escritores demandados<\/h2>\n<p>O diretor da GL events Exhibitions informou que a organiza\u00e7\u00e3o da Bienal tem uma lista de escritores que s\u00e3o muito demandados pelos leitores e a escritora Alice Oseman \u00e9 uma das mais pedidas. Junto \u00e0 Companhia das Letras, percebeu-se a oportunidade de traz\u00ea-la agora, j\u00e1 que sua agenda permitia a\u00a0vinda ao Brasil e, em especial, ao Rio de Janeiro, para uma a\u00e7\u00e3o espec\u00edfica.<\/p>\n<blockquote>\n<p>\u201cFoi uma quest\u00e3o de oportunidade, casando com a grande demanda que a gente j\u00e1 tinha por esse nome nas bienais anteriores\u201d, disse Bruno Henrique.<\/p>\n<\/blockquote>\n<p><strong>Alice Oseman atende uma parcela significativa do p\u00fablico jovem da Bienal do Livro do Rio. A inglesa \u00e9 considerada \u201cbest seller\u201d (mais vendido) e, em seus livros, trata com delicadeza de temas ligados aos jovens, especialmente da popula\u00e7\u00e3o LGBTQIA+.<\/strong><\/p>\n<p>Segundo Bruno Henrique, a mobiliza\u00e7\u00e3o dos f\u00e3s para a compra de\u00a0ingressos para o encontro com a escritora estrangeira, inclusive nas redes sociais, sinaliza a exist\u00eancia de um recorte espec\u00edfico do p\u00fablico bastante abrangente de uma gera\u00e7\u00e3o de milhares de seguidores que ela j\u00e1 tem no pa\u00eds. N\u00e3o h\u00e1 prazo determinado para encerramento das vendas de ingressos, informou o diretor.<\/p>\n<p><strong>Os ingressos podem ser adquiridos no <em>site<\/em> da Sympla ou no pr\u00f3prio teatro<\/strong>. H\u00e1 tr\u00eas pre\u00e7os: Simples, de R$ 85 (meia entrada) e R$ 170 (inteira) para acesso somente ao bate-papo; Master (acesso ao bate-papo + um exemplar de Heartstopper 6 previamente autografado): R$ 175,00 (meia) e R$ 350,00 (inteira); e Full Experience (acesso ao bate-papo + um exemplar de Heartstopper 6 + participa\u00e7\u00e3o na sess\u00e3o de aut\u00f3grafos, podendo tirar foto do momento): R$ 199,90 (meia) e R$ 399,90 (inteira).<\/p>\n<p>Bruno Henrique destacou que haver\u00e1 tamb\u00e9m a meia entrada social, acess\u00edvel a qualquer pessoa, desde que fa\u00e7a a doa\u00e7\u00e3o de um livro, em bom estado, que ser\u00e1 destinado a uma institui\u00e7\u00e3o apoiada pela Bienal do Livro Rio. \u201cA ideia, disse, \u00e9 fazer os livros girarem tamb\u00e9m, estimulando a leitura sob todas as perspectivas\u201d.<\/p>\n<h2>Itiner\u00e2ncia<\/h2>\n<p><strong>A Esta\u00e7\u00e3o Bienal pretende ser itinerante, abrindo a possibilidade de transformar teatros, centros culturais e outros espa\u00e7os da cidade em pontos de encontro para v\u00e1rios locais e segmentos da popula\u00e7\u00e3o carioca<\/strong>. \u201cDa\u00ed ser uma Esta\u00e7\u00e3o Bienal, com o prop\u00f3sito de ir parando em v\u00e1rios locais diferentes, com obras e autores diversos\u201d.<\/p>\n<p>O nome de um novo escritor estrangeiro j\u00e1 foi levantado para a pr\u00f3xima edi\u00e7\u00e3o do projeto. A GL events Exhibitions j\u00e1 est\u00e1 em conversa com os agentes do autor e seu editor, mas n\u00e3o pode adiantar\u00a0o nome, por se tratar de uma opera\u00e7\u00e3o complexa, que depende da log\u00edstica e agenda dos escritores estrangeiros.<\/p>\n<p><strong>A ideia \u00e9 conseguir fazer, \u201cainda este ano, mais uma Esta\u00e7\u00e3o Bienal, com outro nome conhecido do p\u00fablico e cuja presen\u00e7a \u00e9 bastante pedida nas bienais do Livro Rio\u201d.<\/strong><\/p>\n<p>Todos os participantes receber\u00e3o um pin especial em cada edi\u00e7\u00e3o da Esta\u00e7\u00e3o Bienal. A pe\u00e7a \u00e9 colecion\u00e1vel e a primeira ter\u00e1 a capa do sexto volume de \u201cHeartstopper\u201d. Cada nova parada ter\u00e1 seu pr\u00f3prio pin, com identidade exclusiva, para que os leitores possam guardar e colecionar as experi\u00eancias vividas ao longo do projeto.<\/p>\n<h2>Incentivo \u00e0 leitura<\/h2>\n<p><strong>A trajet\u00f3ria de incentivo \u00e0 leitura da Bienal do Livro do Rio \u00e9 feita\u00a0tamb\u00e9m no ano do festival e um pouco antes, por meio de parcerias, visando a doa\u00e7\u00e3o de livros. Com o Hemorio, por exemplo, o resultado do projeto \u201cLer t\u00e1 no Sangue\u201d tem sido super positivo, resultando no aumento do n\u00famero de doadores para o instituto.<\/strong><\/p>\n<p>Com o Metr\u00f4 Rio, s\u00e3o distribu\u00eddos livros pelos vag\u00f5es, com a sugest\u00e3o \u201cEmbarque na Leitura\u201d. \u201cPorque a gente entende que esse \u00e9 um lugar de muita leitura. As pessoas usam livros como companheiros nessa locomo\u00e7\u00e3o di\u00e1ria\u201d.<\/p>\n<p><strong>Outro projeto, com o objetivo de estimular a leitura, denominado \u201cInvas\u00e3o dos Livros\u201d, \u00e9 realizado com a Voz das Comunidades, no Complexo do Alem\u00e3o.<\/strong> \u201cA gente retoma ali a quest\u00e3o de uma a\u00e7\u00e3o social com a distribui\u00e7\u00e3o de livros no local e o apoio da comunidade\u201d.<\/p>\n<p>Para o diretor, isso significa tentar\u00a0ampliar o prop\u00f3sito da Bienal\u00a0para outros momentos, para mais lugares da cidade, em outros tempos, \u201cpara mais pessoas ficarem em contato com esse h\u00e1bito da leitura, com os livros. O prop\u00f3sito \u00e9 ir caminhando no sentido de tornar cada vez mais o Brasil um pa\u00eds leitor\u201d, concluiu Bruno Henrique.<\/p>\n<p>      <!-- Relacionada --><\/p>\n<p>            <!-- Relacionada -->\n    <\/div>\n","protected":false},"excerpt":{"rendered":"<p>Por EBC, A Bienal do Livro do Rio de Janeiro inaugura neste m\u00eas de setembro um novo projeto, dentro da proposta de incentivar a leitura no Brasil e aumentar o alcance do festival mesmo em anos intermedi\u00e1rios \u00e0 sua realiza\u00e7\u00e3o. Trata-se do projeto Esta\u00e7\u00e3o Bienal, que far\u00e1 a aproxima\u00e7\u00e3o dos leitores de seus autores preferidos &hellip;<\/p>\n","protected":false},"author":39,"featured_media":0,"comment_status":"open","ping_status":"open","sticky":false,"template":"","format":"standard","meta":{"_jetpack_newsletter_access":"","_jetpack_dont_email_post_to_subs":false,"_jetpack_newsletter_tier_id":0,"_jetpack_memberships_contains_paywalled_content":false,"_jetpack_feature_clip_id":0,"_jetpack_memberships_contains_paid_content":false,"footnotes":"","jetpack_post_was_ever_published":false},"categories":[4],"tags":[],"class_list":["post-466027","post","type-post","status-publish","format-standard","hentry","category-servicos"],"yoast_head":"<!-- This site is optimized with the Yoast SEO plugin v28.3 - https:\/\/yoast.com\/product\/yoast-seo-wordpress\/ -->\n<title>Bienal do Livro tem novo projeto para incentivar leitura no Brasil<\/title>\n<meta name=\"robots\" content=\"index, follow, max-snippet:-1, max-image-preview:large, max-video-preview:-1\" \/>\n<link rel=\"canonical\" href=\"https:\/\/agenciabrasil.ebc.com.br\/cultura\/noticia\/2026-09\/bienal-do-livro-tem-novo-projeto-para-incentivar-leitura-no-brasil\" \/>\n<meta property=\"og:locale\" content=\"pt_BR\" \/>\n<meta property=\"og:type\" content=\"article\" \/>\n<meta property=\"og:title\" content=\"Bienal do Livro tem novo projeto para incentivar leitura no Brasil\" \/>\n<meta property=\"og:description\" content=\"Por EBC, A Bienal do Livro do Rio de Janeiro inaugura neste m\u00eas de setembro um novo projeto, dentro da proposta de incentivar a leitura no Brasil e aumentar o alcance do festival mesmo em anos intermedi\u00e1rios \u00e0 sua realiza\u00e7\u00e3o. Trata-se do projeto Esta\u00e7\u00e3o Bienal, que far\u00e1 a aproxima\u00e7\u00e3o dos leitores de seus autores preferidos &hellip;\" \/>\n<meta property=\"og:url\" content=\"https:\/\/agenciabrasil.ebc.com.br\/cultura\/noticia\/2026-09\/bienal-do-livro-tem-novo-projeto-para-incentivar-leitura-no-brasil\" \/>\n<meta property=\"og:site_name\" content=\"MRNews\" \/>\n<meta property=\"article:publisher\" content=\"https:\/\/www.facebook.com\/eaipahpah\/?locale2=pt_BR\" \/>\n<meta property=\"article:published_time\" content=\"2026-09-01T15:07:17+00:00\" \/>\n<meta name=\"author\" content=\"Fernando Corraa\" \/>\n<meta name=\"twitter:card\" content=\"summary_large_image\" \/>\n<meta name=\"twitter:creator\" content=\"@conspirou\" \/>\n<meta name=\"twitter:site\" content=\"@conspirou\" \/>\n<meta name=\"twitter:label1\" content=\"Escrito por\" \/>\n\t<meta name=\"twitter:data1\" content=\"Fernando Corraa\" \/>\n\t<meta name=\"twitter:label2\" content=\"Est. tempo de leitura\" \/>\n\t<meta name=\"twitter:data2\" content=\"5 minutos\" \/>\n<script type=\"application\/ld+json\" class=\"yoast-schema-graph\">{\"@context\":\"https:\\\/\\\/schema.org\",\"@graph\":[{\"@type\":\"Article\",\"@id\":\"https:\\\/\\\/agenciabrasil.ebc.com.br\\\/cultura\\\/noticia\\\/2026-09\\\/bienal-do-livro-tem-novo-projeto-para-incentivar-leitura-no-brasil#article\",\"isPartOf\":{\"@id\":\"https:\\\/\\\/mrnews.com.br\\\/index.php\\\/2026\\\/09\\\/01\\\/bienal-do-livro-tem-novo-projeto-para-incentivar-leitura-no-brasil\\\/\"},\"author\":{\"name\":\"Fernando Corraa\",\"@id\":\"https:\\\/\\\/mrnews.com.br\\\/#\\\/schema\\\/person\\\/2f073f2d87903a2ff9a065e41bbf17d4\"},\"headline\":\"Bienal do Livro tem novo projeto para incentivar leitura no Brasil\",\"datePublished\":\"2026-09-01T15:07:17+00:00\",\"mainEntityOfPage\":{\"@id\":\"https:\\\/\\\/mrnews.com.br\\\/index.php\\\/2026\\\/09\\\/01\\\/bienal-do-livro-tem-novo-projeto-para-incentivar-leitura-no-brasil\\\/\"},\"wordCount\":1034,\"commentCount\":0,\"publisher\":{\"@id\":\"https:\\\/\\\/mrnews.com.br\\\/#organization\"},\"articleSection\":[\"SERVI\u00c7OS\"],\"inLanguage\":\"pt-BR\",\"potentialAction\":[{\"@type\":\"CommentAction\",\"name\":\"Comment\",\"target\":[\"https:\\\/\\\/agenciabrasil.ebc.com.br\\\/cultura\\\/noticia\\\/2026-09\\\/bienal-do-livro-tem-novo-projeto-para-incentivar-leitura-no-brasil#respond\"]}]},{\"@type\":\"WebPage\",\"@id\":\"https:\\\/\\\/mrnews.com.br\\\/index.php\\\/2026\\\/09\\\/01\\\/bienal-do-livro-tem-novo-projeto-para-incentivar-leitura-no-brasil\\\/\",\"url\":\"https:\\\/\\\/agenciabrasil.ebc.com.br\\\/cultura\\\/noticia\\\/2026-09\\\/bienal-do-livro-tem-novo-projeto-para-incentivar-leitura-no-brasil\",\"name\":\"Bienal do Livro tem novo projeto para incentivar leitura no Brasil\",\"isPartOf\":{\"@id\":\"https:\\\/\\\/mrnews.com.br\\\/#website\"},\"datePublished\":\"2026-09-01T15:07:17+00:00\",\"breadcrumb\":{\"@id\":\"https:\\\/\\\/agenciabrasil.ebc.com.br\\\/cultura\\\/noticia\\\/2026-09\\\/bienal-do-livro-tem-novo-projeto-para-incentivar-leitura-no-brasil#breadcrumb\"},\"inLanguage\":\"pt-BR\",\"potentialAction\":[{\"@type\":\"ReadAction\",\"target\":[\"https:\\\/\\\/agenciabrasil.ebc.com.br\\\/cultura\\\/noticia\\\/2026-09\\\/bienal-do-livro-tem-novo-projeto-para-incentivar-leitura-no-brasil\"]}]},{\"@type\":\"BreadcrumbList\",\"@id\":\"https:\\\/\\\/agenciabrasil.ebc.com.br\\\/cultura\\\/noticia\\\/2026-09\\\/bienal-do-livro-tem-novo-projeto-para-incentivar-leitura-no-brasil#breadcrumb\",\"itemListElement\":[{\"@type\":\"ListItem\",\"position\":1,\"name\":\"In\u00edcio\",\"item\":\"https:\\\/\\\/mrnews.com.br\\\/\"},{\"@type\":\"ListItem\",\"position\":2,\"name\":\"Bienal do Livro tem novo projeto para incentivar leitura no Brasil\"}]},{\"@type\":\"WebSite\",\"@id\":\"https:\\\/\\\/mrnews.com.br\\\/#website\",\"url\":\"https:\\\/\\\/mrnews.com.br\\\/\",\"name\":\"MRNews\",\"description\":\"MRNews Jogos de hoje da TV, transmiss\u00f5es ao vivo, Not\u00edcias de futebol, Jogos ao vivo, Lives, resumo de novelas, Programa\u00e7\u00e3o da Globo, A Fazenda e BBB\",\"publisher\":{\"@id\":\"https:\\\/\\\/mrnews.com.br\\\/#organization\"},\"potentialAction\":[{\"@type\":\"SearchAction\",\"target\":{\"@type\":\"EntryPoint\",\"urlTemplate\":\"https:\\\/\\\/mrnews.com.br\\\/?s={search_term_string}\"},\"query-input\":{\"@type\":\"PropertyValueSpecification\",\"valueRequired\":true,\"valueName\":\"search_term_string\"}}],\"inLanguage\":\"pt-BR\"},{\"@type\":\"Organization\",\"@id\":\"https:\\\/\\\/mrnews.com.br\\\/#organization\",\"name\":\"MRNews\",\"url\":\"https:\\\/\\\/mrnews.com.br\\\/\",\"logo\":{\"@type\":\"ImageObject\",\"inLanguage\":\"pt-BR\",\"@id\":\"https:\\\/\\\/mrnews.com.br\\\/#\\\/schema\\\/logo\\\/image\\\/\",\"url\":\"https:\\\/\\\/mrnews.com.br\\\/wp-content\\\/uploads\\\/2026\\\/08\\\/MRNEws.png\",\"contentUrl\":\"https:\\\/\\\/mrnews.com.br\\\/wp-content\\\/uploads\\\/2026\\\/08\\\/MRNEws.png\",\"width\":1254,\"height\":1254,\"caption\":\"MRNews\"},\"image\":{\"@id\":\"https:\\\/\\\/mrnews.com.br\\\/#\\\/schema\\\/logo\\\/image\\\/\"},\"sameAs\":[\"https:\\\/\\\/www.facebook.com\\\/eaipahpah\\\/?locale2=pt_BR\",\"https:\\\/\\\/x.com\\\/conspirou\",\"https:\\\/\\\/www.instagram.com\\\/eai_pahpah\",\"https:\\\/\\\/br.pinterest.com\\\/mrnewsn\\\/boards\\\/\",\"https:\\\/\\\/www.youtube.com\\\/channel\\\/UCacgnpznQ61fifLWr1tQ-vA?view_as=subscriber\"]},{\"@type\":\"Person\",\"@id\":\"https:\\\/\\\/mrnews.com.br\\\/#\\\/schema\\\/person\\\/2f073f2d87903a2ff9a065e41bbf17d4\",\"name\":\"Fernando Corraa\",\"image\":{\"@type\":\"ImageObject\",\"inLanguage\":\"pt-BR\",\"@id\":\"https:\\\/\\\/secure.gravatar.com\\\/avatar\\\/9069acb0e588c9f4346ba747284aef18a5faaab575e89e9ccc64e315003f0b82?s=96&d=monsterid&r=g\",\"url\":\"https:\\\/\\\/secure.gravatar.com\\\/avatar\\\/9069acb0e588c9f4346ba747284aef18a5faaab575e89e9ccc64e315003f0b82?s=96&d=monsterid&r=g\",\"contentUrl\":\"https:\\\/\\\/secure.gravatar.com\\\/avatar\\\/9069acb0e588c9f4346ba747284aef18a5faaab575e89e9ccc64e315003f0b82?s=96&d=monsterid&r=g\",\"caption\":\"Fernando Corraa\"},\"url\":\"https:\\\/\\\/mrnews.com.br\\\/index.php\\\/author\\\/fernando-corraa\\\/\"}]}<\/script>\n<!-- \/ Yoast SEO plugin. -->","yoast_head_json":{"title":"Bienal do Livro tem novo projeto para incentivar leitura no Brasil","robots":{"index":"index","follow":"follow","max-snippet":"max-snippet:-1","max-image-preview":"max-image-preview:large","max-video-preview":"max-video-preview:-1"},"canonical":"https:\/\/agenciabrasil.ebc.com.br\/cultura\/noticia\/2026-09\/bienal-do-livro-tem-novo-projeto-para-incentivar-leitura-no-brasil","og_locale":"pt_BR","og_type":"article","og_title":"Bienal do Livro tem novo projeto para incentivar leitura no Brasil","og_description":"Por EBC, A Bienal do Livro do Rio de Janeiro inaugura neste m\u00eas de setembro um novo projeto, dentro da proposta de incentivar a leitura no Brasil e aumentar o alcance do festival mesmo em anos intermedi\u00e1rios \u00e0 sua realiza\u00e7\u00e3o. Trata-se do projeto Esta\u00e7\u00e3o Bienal, que far\u00e1 a aproxima\u00e7\u00e3o dos leitores de seus autores preferidos &hellip;","og_url":"https:\/\/agenciabrasil.ebc.com.br\/cultura\/noticia\/2026-09\/bienal-do-livro-tem-novo-projeto-para-incentivar-leitura-no-brasil","og_site_name":"MRNews","article_publisher":"https:\/\/www.facebook.com\/eaipahpah\/?locale2=pt_BR","article_published_time":"2026-09-01T15:07:17+00:00","author":"Fernando Corraa","twitter_card":"summary_large_image","twitter_creator":"@conspirou","twitter_site":"@conspirou","twitter_misc":{"Escrito por":"Fernando Corraa","Est. tempo de leitura":"5 minutos"},"schema":{"@context":"https:\/\/schema.org","@graph":[{"@type":"Article","@id":"https:\/\/agenciabrasil.ebc.com.br\/cultura\/noticia\/2026-09\/bienal-do-livro-tem-novo-projeto-para-incentivar-leitura-no-brasil#article","isPartOf":{"@id":"https:\/\/mrnews.com.br\/index.php\/2026\/09\/01\/bienal-do-livro-tem-novo-projeto-para-incentivar-leitura-no-brasil\/"},"author":{"name":"Fernando Corraa","@id":"https:\/\/mrnews.com.br\/#\/schema\/person\/2f073f2d87903a2ff9a065e41bbf17d4"},"headline":"Bienal do Livro tem novo projeto para incentivar leitura no Brasil","datePublished":"2026-09-01T15:07:17+00:00","mainEntityOfPage":{"@id":"https:\/\/mrnews.com.br\/index.php\/2026\/09\/01\/bienal-do-livro-tem-novo-projeto-para-incentivar-leitura-no-brasil\/"},"wordCount":1034,"commentCount":0,"publisher":{"@id":"https:\/\/mrnews.com.br\/#organization"},"articleSection":["SERVI\u00c7OS"],"inLanguage":"pt-BR","potentialAction":[{"@type":"CommentAction","name":"Comment","target":["https:\/\/agenciabrasil.ebc.com.br\/cultura\/noticia\/2026-09\/bienal-do-livro-tem-novo-projeto-para-incentivar-leitura-no-brasil#respond"]}]},{"@type":"WebPage","@id":"https:\/\/mrnews.com.br\/index.php\/2026\/09\/01\/bienal-do-livro-tem-novo-projeto-para-incentivar-leitura-no-brasil\/","url":"https:\/\/agenciabrasil.ebc.com.br\/cultura\/noticia\/2026-09\/bienal-do-livro-tem-novo-projeto-para-incentivar-leitura-no-brasil","name":"Bienal do Livro tem novo projeto para incentivar leitura no Brasil","isPartOf":{"@id":"https:\/\/mrnews.com.br\/#website"},"datePublished":"2026-09-01T15:07:17+00:00","breadcrumb":{"@id":"https:\/\/agenciabrasil.ebc.com.br\/cultura\/noticia\/2026-09\/bienal-do-livro-tem-novo-projeto-para-incentivar-leitura-no-brasil#breadcrumb"},"inLanguage":"pt-BR","potentialAction":[{"@type":"ReadAction","target":["https:\/\/agenciabrasil.ebc.com.br\/cultura\/noticia\/2026-09\/bienal-do-livro-tem-novo-projeto-para-incentivar-leitura-no-brasil"]}]},{"@type":"BreadcrumbList","@id":"https:\/\/agenciabrasil.ebc.com.br\/cultura\/noticia\/2026-09\/bienal-do-livro-tem-novo-projeto-para-incentivar-leitura-no-brasil#breadcrumb","itemListElement":[{"@type":"ListItem","position":1,"name":"In\u00edcio","item":"https:\/\/mrnews.com.br\/"},{"@type":"ListItem","position":2,"name":"Bienal do Livro tem novo projeto para incentivar leitura no Brasil"}]},{"@type":"WebSite","@id":"https:\/\/mrnews.com.br\/#website","url":"https:\/\/mrnews.com.br\/","name":"MRNews","description":"MRNews Jogos de hoje da TV, transmiss\u00f5es ao vivo, Not\u00edcias de futebol, Jogos ao vivo, Lives, resumo de novelas, Programa\u00e7\u00e3o da Globo, A Fazenda e BBB","publisher":{"@id":"https:\/\/mrnews.com.br\/#organization"},"potentialAction":[{"@type":"SearchAction","target":{"@type":"EntryPoint","urlTemplate":"https:\/\/mrnews.com.br\/?s={search_term_string}"},"query-input":{"@type":"PropertyValueSpecification","valueRequired":true,"valueName":"search_term_string"}}],"inLanguage":"pt-BR"},{"@type":"Organization","@id":"https:\/\/mrnews.com.br\/#organization","name":"MRNews","url":"https:\/\/mrnews.com.br\/","logo":{"@type":"ImageObject","inLanguage":"pt-BR","@id":"https:\/\/mrnews.com.br\/#\/schema\/logo\/image\/","url":"https:\/\/mrnews.com.br\/wp-content\/uploads\/2026\/08\/MRNEws.png","contentUrl":"https:\/\/mrnews.com.br\/wp-content\/uploads\/2026\/08\/MRNEws.png","width":1254,"height":1254,"caption":"MRNews"},"image":{"@id":"https:\/\/mrnews.com.br\/#\/schema\/logo\/image\/"},"sameAs":["https:\/\/www.facebook.com\/eaipahpah\/?locale2=pt_BR","https:\/\/x.com\/conspirou","https:\/\/www.instagram.com\/eai_pahpah","https:\/\/br.pinterest.com\/mrnewsn\/boards\/","https:\/\/www.youtube.com\/channel\/UCacgnpznQ61fifLWr1tQ-vA?view_as=subscriber"]},{"@type":"Person","@id":"https:\/\/mrnews.com.br\/#\/schema\/person\/2f073f2d87903a2ff9a065e41bbf17d4","name":"Fernando Corraa","image":{"@type":"ImageObject","inLanguage":"pt-BR","@id":"https:\/\/secure.gravatar.com\/avatar\/9069acb0e588c9f4346ba747284aef18a5faaab575e89e9ccc64e315003f0b82?s=96&d=monsterid&r=g","url":"https:\/\/secure.gravatar.com\/avatar\/9069acb0e588c9f4346ba747284aef18a5faaab575e89e9ccc64e315003f0b82?s=96&d=monsterid&r=g","contentUrl":"https:\/\/secure.gravatar.com\/avatar\/9069acb0e588c9f4346ba747284aef18a5faaab575e89e9ccc64e315003f0b82?s=96&d=monsterid&r=g","caption":"Fernando Corraa"},"url":"https:\/\/mrnews.com.br\/index.php\/author\/fernando-corraa\/"}]}},"jetpack_sharing_enabled":true,"jetpack_shortlink":"https:\/\/wp.me\/pa2Qf7-1Xez","amp_enabled":true,"jetpack_featured_media_url":"","_links":{"self":[{"href":"https:\/\/mrnews.com.br\/index.php\/wp-json\/wp\/v2\/posts\/466027","targetHints":{"allow":["GET"]}}],"collection":[{"href":"https:\/\/mrnews.com.br\/index.php\/wp-json\/wp\/v2\/posts"}],"about":[{"href":"https:\/\/mrnews.com.br\/index.php\/wp-json\/wp\/v2\/types\/post"}],"author":[{"embeddable":true,"href":"https:\/\/mrnews.com.br\/index.php\/wp-json\/wp\/v2\/users\/39"}],"replies":[{"embeddable":true,"href":"https:\/\/mrnews.com.br\/index.php\/wp-json\/wp\/v2\/comments?post=466027"}],"version-history":[{"count":0,"href":"https:\/\/mrnews.com.br\/index.php\/wp-json\/wp\/v2\/posts\/466027\/revisions"}],"wp:attachment":[{"href":"https:\/\/mrnews.com.br\/index.php\/wp-json\/wp\/v2\/media?parent=466027"}],"wp:term":[{"taxonomy":"category","embeddable":true,"href":"https:\/\/mrnews.com.br\/index.php\/wp-json\/wp\/v2\/categories?post=466027"},{"taxonomy":"post_tag","embeddable":true,"href":"https:\/\/mrnews.com.br\/index.php\/wp-json\/wp\/v2\/tags?post=466027"}],"curies":[{"name":"wp","href":"https:\/\/api.w.org\/{rel}","templated":true}]}}