{"id":466028,"date":"2026-09-01T12:49:47","date_gmt":"2026-09-01T15:49:47","guid":{"rendered":"https:\/\/mrnews.com.br\/index.php\/2026\/09\/01\/campanha-nacional-de-multivacinacao-termina-nesta-terca-feira\/"},"modified":"2026-09-01T12:49:47","modified_gmt":"2026-09-01T15:49:47","slug":"campanha-nacional-de-multivacinacao-termina-nesta-terca-feira","status":"publish","type":"post","link":"https:\/\/mrnews.com.br\/index.php\/2026\/09\/01\/campanha-nacional-de-multivacinacao-termina-nesta-terca-feira\/","title":{"rendered":"Campanha Nacional de Multivacina\u00e7\u00e3o termina nesta ter\u00e7a-feira"},"content":{"rendered":"<p>Por EBC, <\/p>\n<div>\n<p>Mais de 8 milh\u00f5es de doses de vacinas foram aplicadas em todo o pa\u00eds durante a Campanha Nacional de Multivacina\u00e7\u00e3o de 2026, iniciada em 3 de agosto e que se encerra nesta ter\u00e7a-feira (1\u00ba).<\/p>\n<p>Realizada pelo Minist\u00e9rio da Sa\u00fade, em parceria com estados e munic\u00edpios, a campanha nacional combate doen\u00e7as preven\u00edveis por imuniza\u00e7\u00e3o. <strong>O p\u00fablico alvo \u00e9 de crian\u00e7as e adolescentes menores de 15 anos<\/strong>.<\/p>\n<p>Somente no Dia D da Multivacina\u00e7\u00e3o, realizado em 22 de agosto,\u00a0mais de 1 milh\u00e3o de doses foram aplicadas.<\/p>\n<p>Os pais e respons\u00e1veis ainda podem aproveitar o \u00faltimo dia da mobiliza\u00e7\u00e3o e procurar a Unidade B\u00e1sica de Sa\u00fade (UBS) mais pr\u00f3xima para atualiza\u00e7\u00e3o do Calend\u00e1rio Vacinal das crian\u00e7as e adolescentes.<\/p>\n<h2>Doen\u00e7as que podem ser prevenidas<\/h2>\n<p>Entre as enfermidades\u00a0que podem ser evitadas pela vacina\u00e7\u00e3o ofertada pelo SUS est\u00e3o:<\/p>\n<ul>\n<li><strong>sarampo, <\/strong><\/li>\n<li><strong>dengue, <\/strong><\/li>\n<li><strong>formas graves de tuberculose, <\/strong><\/li>\n<li><strong>hepatites A e B, <\/strong><\/li>\n<li><strong>difteria, <\/strong><\/li>\n<li><strong>t\u00e9tano, <\/strong><\/li>\n<li><strong>coqueluche, <\/strong><\/li>\n<li><strong>poliomielite, <\/strong><\/li>\n<li><strong>infec\u00e7\u00f5es por rotav\u00edrus, <\/strong><\/li>\n<li><strong>pneumonias e meningites causadas por pneumococos e meningococos, <\/strong><\/li>\n<li><strong>influenza (gripe), <\/strong><\/li>\n<li><strong>covid-19, <\/strong><\/li>\n<li><strong>febre amarela, <\/strong><\/li>\n<li><strong>caxumba, <\/strong><\/li>\n<li><strong>rub\u00e9ola, <\/strong><\/li>\n<li><strong>varicela (catapora), <\/strong><\/li>\n<li><strong>infec\u00e7\u00f5es pelo papilomav\u00edrus humano (HPV)<\/strong>.<\/li>\n<\/ul>\n<p>Pela primeira vez, a vacina pneumoc\u00f3cica 20-valente (Pneumo 20)\u00a0foi ofertada em uma Campanha Nacional de Multivacina\u00e7\u00e3o, ap\u00f3s ter sido incorporada, neste ano, ao Calend\u00e1rio Nacional de Vacina\u00e7\u00e3o.<\/p>\n<p>O novo imunizante conjugado protege contra 20 sorotipos da bact\u00e9ria\u00a0<em>Streptococcus pneumoniae<\/em>\u00a0que causam doen\u00e7as como pneumonias e meningites,<\/p>\n<h2>Vacina\u00e7\u00e3o o ano inteiro<\/h2>\n<p>Mesmo com o fim da Campanha Nacional de Multivacina\u00e7\u00e3o de 2026, as vacinas previstas no Calend\u00e1rio Nacional de Vacina\u00e7\u00e3o\u00a0permanecem dispon\u00edveis regularmente durante todo o ano no Sistema \u00danico de Sa\u00fade (SUS) e nos pontos de vacina\u00e7\u00e3o organizados pelos estados e munic\u00edpios.<\/p>\n<p>A vacina\u00e7\u00e3o \u00e9 feita de acordo com o hist\u00f3rico de cada crian\u00e7a ou adolescente: ap\u00f3s a avalia\u00e7\u00e3o da caderneta, os profissionais de sa\u00fade identificam quais vacinas s\u00e3o necess\u00e1rias para iniciar, completar ou atualizar o esquema recomendado.<\/p>\n<h2>Refor\u00e7o contra o sarampo<\/h2>\n<p>A vacina\u00e7\u00e3o contra o sarampo tamb\u00e9m foi intensificada nos munic\u00edpios de S\u00e3o Paulo, Guarulhos e S\u00e3o Bernardo do Campo, em S\u00e3o Paulo.<\/p>\n<p>O refor\u00e7o contra o sarampo foi adotado depois que a Secretaria de Estado da Sa\u00fade de S\u00e3o Paulo\u00a0confirmou a ocorr\u00eancia de casos da doen\u00e7a.<\/p>\n<p>Somente em 2026, at\u00e9 27 de agosto, j\u00e1 s\u00e3o 26\u00a0ocorr\u00eancias do tipo. Entre as pessoas infectadas, 19 delas n\u00e3o tinham se vacinado ou tinham esquema vacinal incompleto.<\/p>\n<p>Em 2025, foram registrados 38 casos de sarampo importados ou relacionados \u00e0 importa\u00e7\u00e3o no pa\u00eds.<\/p>\n<p>      <!-- Relacionada --><\/p>\n<p>            <!-- Relacionada -->\n    <\/div>\n","protected":false},"excerpt":{"rendered":"<p>Por EBC, Mais de 8 milh\u00f5es de doses de vacinas foram aplicadas em todo o pa\u00eds durante a Campanha Nacional de Multivacina\u00e7\u00e3o de 2026, iniciada em 3 de agosto e que se encerra nesta ter\u00e7a-feira (1\u00ba). Realizada pelo Minist\u00e9rio da Sa\u00fade, em parceria com estados e munic\u00edpios, a campanha nacional combate doen\u00e7as preven\u00edveis por imuniza\u00e7\u00e3o. &hellip;<\/p>\n","protected":false},"author":39,"featured_media":0,"comment_status":"open","ping_status":"open","sticky":false,"template":"","format":"standard","meta":{"_jetpack_newsletter_access":"","_jetpack_dont_email_post_to_subs":false,"_jetpack_newsletter_tier_id":0,"_jetpack_memberships_contains_paywalled_content":false,"_jetpack_feature_clip_id":0,"_jetpack_memberships_contains_paid_content":false,"footnotes":"","jetpack_post_was_ever_published":false},"categories":[4],"tags":[],"class_list":["post-466028","post","type-post","status-publish","format-standard","hentry","category-servicos"],"yoast_head":"<!-- This site is optimized with the Yoast SEO plugin v28.3 - https:\/\/yoast.com\/product\/yoast-seo-wordpress\/ -->\n<title>Campanha Nacional de Multivacina\u00e7\u00e3o termina nesta ter\u00e7a-feira<\/title>\n<meta name=\"robots\" content=\"index, follow, max-snippet:-1, max-image-preview:large, max-video-preview:-1\" \/>\n<link rel=\"canonical\" href=\"https:\/\/agenciabrasil.ebc.com.br\/saude\/noticia\/2026-09\/campanha-nacional-de-multivacinacao-termina-nesta-terca-feira\" \/>\n<meta property=\"og:locale\" content=\"pt_BR\" \/>\n<meta property=\"og:type\" content=\"article\" \/>\n<meta property=\"og:title\" content=\"Campanha Nacional de Multivacina\u00e7\u00e3o termina nesta ter\u00e7a-feira\" \/>\n<meta property=\"og:description\" content=\"Por EBC, Mais de 8 milh\u00f5es de doses de vacinas foram aplicadas em todo o pa\u00eds durante a Campanha Nacional de Multivacina\u00e7\u00e3o de 2026, iniciada em 3 de agosto e que se encerra nesta ter\u00e7a-feira (1\u00ba). Realizada pelo Minist\u00e9rio da Sa\u00fade, em parceria com estados e munic\u00edpios, a campanha nacional combate doen\u00e7as preven\u00edveis por imuniza\u00e7\u00e3o. &hellip;\" \/>\n<meta property=\"og:url\" content=\"https:\/\/agenciabrasil.ebc.com.br\/saude\/noticia\/2026-09\/campanha-nacional-de-multivacinacao-termina-nesta-terca-feira\" \/>\n<meta property=\"og:site_name\" content=\"MRNews\" \/>\n<meta property=\"article:publisher\" content=\"https:\/\/www.facebook.com\/eaipahpah\/?locale2=pt_BR\" \/>\n<meta property=\"article:published_time\" content=\"2026-09-01T15:49:47+00:00\" \/>\n<meta name=\"author\" content=\"Fernando Corraa\" \/>\n<meta name=\"twitter:card\" content=\"summary_large_image\" \/>\n<meta name=\"twitter:creator\" content=\"@conspirou\" \/>\n<meta name=\"twitter:site\" content=\"@conspirou\" \/>\n<meta name=\"twitter:label1\" content=\"Escrito por\" \/>\n\t<meta name=\"twitter:data1\" content=\"Fernando Corraa\" \/>\n\t<meta name=\"twitter:label2\" content=\"Est. tempo de leitura\" \/>\n\t<meta name=\"twitter:data2\" content=\"2 minutos\" \/>\n<script type=\"application\/ld+json\" class=\"yoast-schema-graph\">{\"@context\":\"https:\\\/\\\/schema.org\",\"@graph\":[{\"@type\":\"Article\",\"@id\":\"https:\\\/\\\/agenciabrasil.ebc.com.br\\\/saude\\\/noticia\\\/2026-09\\\/campanha-nacional-de-multivacinacao-termina-nesta-terca-feira#article\",\"isPartOf\":{\"@id\":\"https:\\\/\\\/mrnews.com.br\\\/index.php\\\/2026\\\/09\\\/01\\\/campanha-nacional-de-multivacinacao-termina-nesta-terca-feira\\\/\"},\"author\":{\"name\":\"Fernando Corraa\",\"@id\":\"https:\\\/\\\/mrnews.com.br\\\/#\\\/schema\\\/person\\\/2f073f2d87903a2ff9a065e41bbf17d4\"},\"headline\":\"Campanha Nacional de Multivacina\u00e7\u00e3o termina nesta ter\u00e7a-feira\",\"datePublished\":\"2026-09-01T15:49:47+00:00\",\"mainEntityOfPage\":{\"@id\":\"https:\\\/\\\/mrnews.com.br\\\/index.php\\\/2026\\\/09\\\/01\\\/campanha-nacional-de-multivacinacao-termina-nesta-terca-feira\\\/\"},\"wordCount\":458,\"commentCount\":0,\"publisher\":{\"@id\":\"https:\\\/\\\/mrnews.com.br\\\/#organization\"},\"articleSection\":[\"SERVI\u00c7OS\"],\"inLanguage\":\"pt-BR\",\"potentialAction\":[{\"@type\":\"CommentAction\",\"name\":\"Comment\",\"target\":[\"https:\\\/\\\/agenciabrasil.ebc.com.br\\\/saude\\\/noticia\\\/2026-09\\\/campanha-nacional-de-multivacinacao-termina-nesta-terca-feira#respond\"]}]},{\"@type\":\"WebPage\",\"@id\":\"https:\\\/\\\/mrnews.com.br\\\/index.php\\\/2026\\\/09\\\/01\\\/campanha-nacional-de-multivacinacao-termina-nesta-terca-feira\\\/\",\"url\":\"https:\\\/\\\/agenciabrasil.ebc.com.br\\\/saude\\\/noticia\\\/2026-09\\\/campanha-nacional-de-multivacinacao-termina-nesta-terca-feira\",\"name\":\"Campanha Nacional de Multivacina\u00e7\u00e3o termina nesta ter\u00e7a-feira\",\"isPartOf\":{\"@id\":\"https:\\\/\\\/mrnews.com.br\\\/#website\"},\"datePublished\":\"2026-09-01T15:49:47+00:00\",\"breadcrumb\":{\"@id\":\"https:\\\/\\\/agenciabrasil.ebc.com.br\\\/saude\\\/noticia\\\/2026-09\\\/campanha-nacional-de-multivacinacao-termina-nesta-terca-feira#breadcrumb\"},\"inLanguage\":\"pt-BR\",\"potentialAction\":[{\"@type\":\"ReadAction\",\"target\":[\"https:\\\/\\\/agenciabrasil.ebc.com.br\\\/saude\\\/noticia\\\/2026-09\\\/campanha-nacional-de-multivacinacao-termina-nesta-terca-feira\"]}]},{\"@type\":\"BreadcrumbList\",\"@id\":\"https:\\\/\\\/agenciabrasil.ebc.com.br\\\/saude\\\/noticia\\\/2026-09\\\/campanha-nacional-de-multivacinacao-termina-nesta-terca-feira#breadcrumb\",\"itemListElement\":[{\"@type\":\"ListItem\",\"position\":1,\"name\":\"In\u00edcio\",\"item\":\"https:\\\/\\\/mrnews.com.br\\\/\"},{\"@type\":\"ListItem\",\"position\":2,\"name\":\"Campanha Nacional de Multivacina\u00e7\u00e3o termina nesta ter\u00e7a-feira\"}]},{\"@type\":\"WebSite\",\"@id\":\"https:\\\/\\\/mrnews.com.br\\\/#website\",\"url\":\"https:\\\/\\\/mrnews.com.br\\\/\",\"name\":\"MRNews\",\"description\":\"MRNews Jogos de hoje da TV, transmiss\u00f5es ao vivo, Not\u00edcias de futebol, Jogos ao vivo, Lives, resumo de novelas, Programa\u00e7\u00e3o da Globo, A Fazenda e BBB\",\"publisher\":{\"@id\":\"https:\\\/\\\/mrnews.com.br\\\/#organization\"},\"potentialAction\":[{\"@type\":\"SearchAction\",\"target\":{\"@type\":\"EntryPoint\",\"urlTemplate\":\"https:\\\/\\\/mrnews.com.br\\\/?s={search_term_string}\"},\"query-input\":{\"@type\":\"PropertyValueSpecification\",\"valueRequired\":true,\"valueName\":\"search_term_string\"}}],\"inLanguage\":\"pt-BR\"},{\"@type\":\"Organization\",\"@id\":\"https:\\\/\\\/mrnews.com.br\\\/#organization\",\"name\":\"MRNews\",\"url\":\"https:\\\/\\\/mrnews.com.br\\\/\",\"logo\":{\"@type\":\"ImageObject\",\"inLanguage\":\"pt-BR\",\"@id\":\"https:\\\/\\\/mrnews.com.br\\\/#\\\/schema\\\/logo\\\/image\\\/\",\"url\":\"https:\\\/\\\/mrnews.com.br\\\/wp-content\\\/uploads\\\/2026\\\/08\\\/MRNEws.png\",\"contentUrl\":\"https:\\\/\\\/mrnews.com.br\\\/wp-content\\\/uploads\\\/2026\\\/08\\\/MRNEws.png\",\"width\":1254,\"height\":1254,\"caption\":\"MRNews\"},\"image\":{\"@id\":\"https:\\\/\\\/mrnews.com.br\\\/#\\\/schema\\\/logo\\\/image\\\/\"},\"sameAs\":[\"https:\\\/\\\/www.facebook.com\\\/eaipahpah\\\/?locale2=pt_BR\",\"https:\\\/\\\/x.com\\\/conspirou\",\"https:\\\/\\\/www.instagram.com\\\/eai_pahpah\",\"https:\\\/\\\/br.pinterest.com\\\/mrnewsn\\\/boards\\\/\",\"https:\\\/\\\/www.youtube.com\\\/channel\\\/UCacgnpznQ61fifLWr1tQ-vA?view_as=subscriber\"]},{\"@type\":\"Person\",\"@id\":\"https:\\\/\\\/mrnews.com.br\\\/#\\\/schema\\\/person\\\/2f073f2d87903a2ff9a065e41bbf17d4\",\"name\":\"Fernando Corraa\",\"image\":{\"@type\":\"ImageObject\",\"inLanguage\":\"pt-BR\",\"@id\":\"https:\\\/\\\/secure.gravatar.com\\\/avatar\\\/9069acb0e588c9f4346ba747284aef18a5faaab575e89e9ccc64e315003f0b82?s=96&d=monsterid&r=g\",\"url\":\"https:\\\/\\\/secure.gravatar.com\\\/avatar\\\/9069acb0e588c9f4346ba747284aef18a5faaab575e89e9ccc64e315003f0b82?s=96&d=monsterid&r=g\",\"contentUrl\":\"https:\\\/\\\/secure.gravatar.com\\\/avatar\\\/9069acb0e588c9f4346ba747284aef18a5faaab575e89e9ccc64e315003f0b82?s=96&d=monsterid&r=g\",\"caption\":\"Fernando Corraa\"},\"url\":\"https:\\\/\\\/mrnews.com.br\\\/index.php\\\/author\\\/fernando-corraa\\\/\"}]}<\/script>\n<!-- \/ Yoast SEO plugin. -->","yoast_head_json":{"title":"Campanha Nacional de Multivacina\u00e7\u00e3o termina nesta ter\u00e7a-feira","robots":{"index":"index","follow":"follow","max-snippet":"max-snippet:-1","max-image-preview":"max-image-preview:large","max-video-preview":"max-video-preview:-1"},"canonical":"https:\/\/agenciabrasil.ebc.com.br\/saude\/noticia\/2026-09\/campanha-nacional-de-multivacinacao-termina-nesta-terca-feira","og_locale":"pt_BR","og_type":"article","og_title":"Campanha Nacional de Multivacina\u00e7\u00e3o termina nesta ter\u00e7a-feira","og_description":"Por EBC, Mais de 8 milh\u00f5es de doses de vacinas foram aplicadas em todo o pa\u00eds durante a Campanha Nacional de Multivacina\u00e7\u00e3o de 2026, iniciada em 3 de agosto e que se encerra nesta ter\u00e7a-feira (1\u00ba). Realizada pelo Minist\u00e9rio da Sa\u00fade, em parceria com estados e munic\u00edpios, a campanha nacional combate doen\u00e7as preven\u00edveis por imuniza\u00e7\u00e3o. &hellip;","og_url":"https:\/\/agenciabrasil.ebc.com.br\/saude\/noticia\/2026-09\/campanha-nacional-de-multivacinacao-termina-nesta-terca-feira","og_site_name":"MRNews","article_publisher":"https:\/\/www.facebook.com\/eaipahpah\/?locale2=pt_BR","article_published_time":"2026-09-01T15:49:47+00:00","author":"Fernando Corraa","twitter_card":"summary_large_image","twitter_creator":"@conspirou","twitter_site":"@conspirou","twitter_misc":{"Escrito por":"Fernando Corraa","Est. tempo de leitura":"2 minutos"},"schema":{"@context":"https:\/\/schema.org","@graph":[{"@type":"Article","@id":"https:\/\/agenciabrasil.ebc.com.br\/saude\/noticia\/2026-09\/campanha-nacional-de-multivacinacao-termina-nesta-terca-feira#article","isPartOf":{"@id":"https:\/\/mrnews.com.br\/index.php\/2026\/09\/01\/campanha-nacional-de-multivacinacao-termina-nesta-terca-feira\/"},"author":{"name":"Fernando Corraa","@id":"https:\/\/mrnews.com.br\/#\/schema\/person\/2f073f2d87903a2ff9a065e41bbf17d4"},"headline":"Campanha Nacional de Multivacina\u00e7\u00e3o termina nesta ter\u00e7a-feira","datePublished":"2026-09-01T15:49:47+00:00","mainEntityOfPage":{"@id":"https:\/\/mrnews.com.br\/index.php\/2026\/09\/01\/campanha-nacional-de-multivacinacao-termina-nesta-terca-feira\/"},"wordCount":458,"commentCount":0,"publisher":{"@id":"https:\/\/mrnews.com.br\/#organization"},"articleSection":["SERVI\u00c7OS"],"inLanguage":"pt-BR","potentialAction":[{"@type":"CommentAction","name":"Comment","target":["https:\/\/agenciabrasil.ebc.com.br\/saude\/noticia\/2026-09\/campanha-nacional-de-multivacinacao-termina-nesta-terca-feira#respond"]}]},{"@type":"WebPage","@id":"https:\/\/mrnews.com.br\/index.php\/2026\/09\/01\/campanha-nacional-de-multivacinacao-termina-nesta-terca-feira\/","url":"https:\/\/agenciabrasil.ebc.com.br\/saude\/noticia\/2026-09\/campanha-nacional-de-multivacinacao-termina-nesta-terca-feira","name":"Campanha Nacional de Multivacina\u00e7\u00e3o termina nesta ter\u00e7a-feira","isPartOf":{"@id":"https:\/\/mrnews.com.br\/#website"},"datePublished":"2026-09-01T15:49:47+00:00","breadcrumb":{"@id":"https:\/\/agenciabrasil.ebc.com.br\/saude\/noticia\/2026-09\/campanha-nacional-de-multivacinacao-termina-nesta-terca-feira#breadcrumb"},"inLanguage":"pt-BR","potentialAction":[{"@type":"ReadAction","target":["https:\/\/agenciabrasil.ebc.com.br\/saude\/noticia\/2026-09\/campanha-nacional-de-multivacinacao-termina-nesta-terca-feira"]}]},{"@type":"BreadcrumbList","@id":"https:\/\/agenciabrasil.ebc.com.br\/saude\/noticia\/2026-09\/campanha-nacional-de-multivacinacao-termina-nesta-terca-feira#breadcrumb","itemListElement":[{"@type":"ListItem","position":1,"name":"In\u00edcio","item":"https:\/\/mrnews.com.br\/"},{"@type":"ListItem","position":2,"name":"Campanha Nacional de Multivacina\u00e7\u00e3o termina nesta ter\u00e7a-feira"}]},{"@type":"WebSite","@id":"https:\/\/mrnews.com.br\/#website","url":"https:\/\/mrnews.com.br\/","name":"MRNews","description":"MRNews Jogos de hoje da TV, transmiss\u00f5es ao vivo, Not\u00edcias de futebol, Jogos ao vivo, Lives, resumo de novelas, Programa\u00e7\u00e3o da Globo, A Fazenda e BBB","publisher":{"@id":"https:\/\/mrnews.com.br\/#organization"},"potentialAction":[{"@type":"SearchAction","target":{"@type":"EntryPoint","urlTemplate":"https:\/\/mrnews.com.br\/?s={search_term_string}"},"query-input":{"@type":"PropertyValueSpecification","valueRequired":true,"valueName":"search_term_string"}}],"inLanguage":"pt-BR"},{"@type":"Organization","@id":"https:\/\/mrnews.com.br\/#organization","name":"MRNews","url":"https:\/\/mrnews.com.br\/","logo":{"@type":"ImageObject","inLanguage":"pt-BR","@id":"https:\/\/mrnews.com.br\/#\/schema\/logo\/image\/","url":"https:\/\/mrnews.com.br\/wp-content\/uploads\/2026\/08\/MRNEws.png","contentUrl":"https:\/\/mrnews.com.br\/wp-content\/uploads\/2026\/08\/MRNEws.png","width":1254,"height":1254,"caption":"MRNews"},"image":{"@id":"https:\/\/mrnews.com.br\/#\/schema\/logo\/image\/"},"sameAs":["https:\/\/www.facebook.com\/eaipahpah\/?locale2=pt_BR","https:\/\/x.com\/conspirou","https:\/\/www.instagram.com\/eai_pahpah","https:\/\/br.pinterest.com\/mrnewsn\/boards\/","https:\/\/www.youtube.com\/channel\/UCacgnpznQ61fifLWr1tQ-vA?view_as=subscriber"]},{"@type":"Person","@id":"https:\/\/mrnews.com.br\/#\/schema\/person\/2f073f2d87903a2ff9a065e41bbf17d4","name":"Fernando Corraa","image":{"@type":"ImageObject","inLanguage":"pt-BR","@id":"https:\/\/secure.gravatar.com\/avatar\/9069acb0e588c9f4346ba747284aef18a5faaab575e89e9ccc64e315003f0b82?s=96&d=monsterid&r=g","url":"https:\/\/secure.gravatar.com\/avatar\/9069acb0e588c9f4346ba747284aef18a5faaab575e89e9ccc64e315003f0b82?s=96&d=monsterid&r=g","contentUrl":"https:\/\/secure.gravatar.com\/avatar\/9069acb0e588c9f4346ba747284aef18a5faaab575e89e9ccc64e315003f0b82?s=96&d=monsterid&r=g","caption":"Fernando Corraa"},"url":"https:\/\/mrnews.com.br\/index.php\/author\/fernando-corraa\/"}]}},"jetpack_sharing_enabled":true,"jetpack_shortlink":"https:\/\/wp.me\/pa2Qf7-1XeA","amp_enabled":true,"jetpack_featured_media_url":"","_links":{"self":[{"href":"https:\/\/mrnews.com.br\/index.php\/wp-json\/wp\/v2\/posts\/466028","targetHints":{"allow":["GET"]}}],"collection":[{"href":"https:\/\/mrnews.com.br\/index.php\/wp-json\/wp\/v2\/posts"}],"about":[{"href":"https:\/\/mrnews.com.br\/index.php\/wp-json\/wp\/v2\/types\/post"}],"author":[{"embeddable":true,"href":"https:\/\/mrnews.com.br\/index.php\/wp-json\/wp\/v2\/users\/39"}],"replies":[{"embeddable":true,"href":"https:\/\/mrnews.com.br\/index.php\/wp-json\/wp\/v2\/comments?post=466028"}],"version-history":[{"count":0,"href":"https:\/\/mrnews.com.br\/index.php\/wp-json\/wp\/v2\/posts\/466028\/revisions"}],"wp:attachment":[{"href":"https:\/\/mrnews.com.br\/index.php\/wp-json\/wp\/v2\/media?parent=466028"}],"wp:term":[{"taxonomy":"category","embeddable":true,"href":"https:\/\/mrnews.com.br\/index.php\/wp-json\/wp\/v2\/categories?post=466028"},{"taxonomy":"post_tag","embeddable":true,"href":"https:\/\/mrnews.com.br\/index.php\/wp-json\/wp\/v2\/tags?post=466028"}],"curies":[{"name":"wp","href":"https:\/\/api.w.org\/{rel}","templated":true}]}}