{"id":466029,"date":"2026-09-01T13:31:30","date_gmt":"2026-09-01T16:31:30","guid":{"rendered":"https:\/\/mrnews.com.br\/index.php\/2026\/09\/01\/pesquisa-analisa-propostas-dirigidas-as-mulheres-em-planos-de-governo\/"},"modified":"2026-09-01T13:31:30","modified_gmt":"2026-09-01T16:31:30","slug":"pesquisa-analisa-propostas-dirigidas-as-mulheres-em-planos-de-governo","status":"publish","type":"post","link":"https:\/\/mrnews.com.br\/index.php\/2026\/09\/01\/pesquisa-analisa-propostas-dirigidas-as-mulheres-em-planos-de-governo\/","title":{"rendered":"Pesquisa analisa propostas dirigidas \u00e0s mulheres em planos de governo"},"content":{"rendered":"<p>Por EBC, <\/p>\n<div>\n<p>Levantamento do Instituto Update sobre 12 candidaturas \u00e0 Presid\u00eancia da Rep\u00fablica mostra que propostas dirigidas \u00e0s mulheres est\u00e3o presentes em diferentes campos pol\u00edticos e se concentram principalmente em quatro temas: viol\u00eancia, sa\u00fade e cuidado.<\/p>\n<p>No entanto, tiveram menos espa\u00e7o quest\u00f5es ligadas \u00e0 participa\u00e7\u00e3o pol\u00edtica, \u00e0 presen\u00e7a das mulheres nos espa\u00e7os de poder, \u00e0 seguran\u00e7a no ambiente p\u00fablico ou autonomia.\u00a0<\/p>\n<blockquote>\n<p>\u201cOs programas reconhecem problemas que afetam diretamente as mulheres, mas avan\u00e7am menos quando se trata de incorpor\u00e1-las como sujeitos de decis\u00e3o e de pensar sua experi\u00eancia cotidiana de forma mais ampla\u201d, afirmou Carol Althaller, diretora executiva do Instituto Update.<\/p>\n<\/blockquote>\n<p>A an\u00e1lise considerou apenas propostas explicitamente relacionadas \u00e0s mulheres. <strong>Pol\u00edticas universais de seguran\u00e7a, emprego, sa\u00fade, educa\u00e7\u00e3o ou transporte n\u00e3o foram contabilizadas automaticamente como pol\u00edticas para mulheres.<\/strong><\/p>\n<p>\u201cOutro ponto importante \u00e9 diferenciar a presen\u00e7a de um tema de uma proposta de fato estruturada. Em v\u00e1rios casos, h\u00e1 refer\u00eancias relevantes, mas com pouco detalhamento sobre implementa\u00e7\u00e3o, metas, instrumentos ou articula\u00e7\u00e3o com pol\u00edticas j\u00e1 existentes\u201d, destacou a diretora executiva.<\/p>\n<h2>Participa\u00e7\u00e3o pol\u00edtica<\/h2>\n<p><strong>A pesquisa concluiu que as mulheres aparecem mais como destinat\u00e1rias de pol\u00edticas do que participantes do poder.<\/strong> Na pesquisa Mulheres em Di\u00e1logo (2025), do Instituto Update, 72% das entrevistadas concordam plenamente com o aumento da representa\u00e7\u00e3o feminina em cargos pol\u00edticos.<\/p>\n<p>Por\u00e9m, apenas um candidato apresentou uma proposta espec\u00edfica sobre participa\u00e7\u00e3o pol\u00edtico-eleitoral feminina, incluindo combate \u00e0 viol\u00eancia pol\u00edtica de g\u00eanero, forma\u00e7\u00e3o de candidatas e lideran\u00e7as e regras relacionadas ao financiamento partid\u00e1rio. <strong>Uma das pautas com forte apoio entre as mulheres \u00e9 uma das menos presentes nos programas presidenciais.<\/strong><\/p>\n<p>Se o crit\u00e9rio for ampliado para a presen\u00e7a de mulheres em espa\u00e7os de lideran\u00e7a e decis\u00e3o, um segundo candidato passa a contemplar o quesito, com propostas de incentivo \u00e0 lideran\u00e7a feminina e o compromisso de indicar mulheres para vagas dispon\u00edveis no Supremo Tribunal Federal.<\/p>\n<p>\u201cA seguran\u00e7a \u00e9 um bom exemplo. Na pesquisa realizada este ano pelo Instituto Update e pelo Fogo Cruzado, 70% das mulheres concordam total ou parcialmente que mulheres t\u00eam melhores ideias e solu\u00e7\u00f5es para a seguran\u00e7a p\u00fablica. O dado mostra que elas pr\u00f3prias reconhecem valor nas experi\u00eancias e nas respostas formuladas por outras mulheres\u201d, lembrou Carol.<\/p>\n<p><strong>Ela ressalta, no entanto, que h\u00e1 uma dist\u00e2ncia entre o reconhecimento que as mulheres t\u00eam da pr\u00f3pria capacidade de formular solu\u00e7\u00f5es e o espa\u00e7o que essa dimens\u00e3o ocupa nos programas.<\/strong>\u00a0<\/p>\n<h2>Viol\u00eancia contra as mulheres<\/h2>\n<p><strong>Nove dos 12 planos analisados &#8211; ou 75% &#8211;\u00a0t\u00eam propostas expl\u00edcitas sobre viol\u00eancia contra mulheres, feminic\u00eddio ou prote\u00e7\u00e3o \u00e0s v\u00edtimas.<\/strong> Se o crit\u00e9rio inclu\u00edsse toda proposta sobre viol\u00eancia dom\u00e9stica independentemente do recorte de g\u00eanero, seriam 10 de 12 planos.<\/p>\n<p>Segundo a pesquisa, a viol\u00eancia contra mulheres \u00e9 a agenda mais disseminada, ainda que as propostas para tratar do problema sejam diferentes. Elas incluem amplia\u00e7\u00e3o de redes de prote\u00e7\u00e3o e casas-abrigo; integra\u00e7\u00e3o entre seguran\u00e7a, Justi\u00e7a, sa\u00fade e assist\u00eancia social; monitoramento eletr\u00f4nico de agressores, medidas protetivas e endurecimento penal.<\/p>\n<p><strong>Para o instituto, os programas reconhecem amplamente a mulher como v\u00edtima da viol\u00eancia, mas ainda incorporam pouco a inseguran\u00e7a que restringe sua circula\u00e7\u00e3o e o uso da cidade.<\/strong> Quando os planos de governo s\u00e3o observados a partir dessa experi\u00eancia, surge uma diferen\u00e7a relevante: apenas um candidato relaciona explicitamente a seguran\u00e7a das mulheres \u00e0 mobilidade e ao transporte urbano.<\/p>\n<p>A pesquisa Mulheres, Pol\u00edcia e Fac\u00e7\u00f5es (2026), feita pelo Instituto Update em parceria com o Instituto Fogo Cruzado, mostrou que 79% das mulheres sentem medo ao sair \u00e0 noite, 59% j\u00e1 deixaram de frequentar determinados lugares por inseguran\u00e7a e 31,4% deixaram de utilizar algum meio de transporte pelo mesmo motivo. Para Carol Althaller, os resultados ajudam a ampliar a pr\u00f3pria no\u00e7\u00e3o de seguran\u00e7a.\u00a0<\/p>\n<blockquote>\n<p>\u201cNos grupos qualitativos da pesquisa, quando as mulheres falam sobre o tema, aparecem quest\u00f5es como ilumina\u00e7\u00e3o, transporte, preven\u00e7\u00e3o da viol\u00eancia de g\u00eanero, cuidado com \u00e1reas abandonadas e fortalecimento das redes comunit\u00e1rias. Ou seja, entram dimens\u00f5es do cotidiano que muitas vezes ficam fora de uma agenda centrada apenas em policiamento e puni\u00e7\u00e3o\u201d, disse.\u00a0<\/p>\n<\/blockquote>\n<h2>Autonomia econ\u00f4mica<\/h2>\n<p>A autonomia econ\u00f4mica aparece em mais da metade dos planos, mas n\u00e3o significa a mesma coisa para todos os candidatos. Sete dos 12 planos, ou 58%, apresentam propostas espec\u00edficas relacionadas a trabalho, renda, cr\u00e9dito, empreendedorismo ou independ\u00eancia econ\u00f4mica das mulheres. Em 5 deles aparece tamb\u00e9m a igualdade salarial ou remunerat\u00f3ria entre homens e mulheres.<\/p>\n<p><strong>O tema encontra respaldo entre as pr\u00f3prias mulheres, segundo a pesquisa Mulheres em Di\u00e1logo (2025), cujos resultados mostraram que 94% das entrevistadas concordam que homens e mulheres devem receber o mesmo sal\u00e1rio em cargos equivalentes.<\/strong><\/p>\n<p>Os planos, no entanto, mostram diferentes formas de compreender a autonomia. Em alguns programas, ela aparece associada a sal\u00e1rio, direitos, prote\u00e7\u00e3o social, creches e pol\u00edticas p\u00fablicas. Em outros, ganha maior peso o acesso ao cr\u00e9dito, a educa\u00e7\u00e3o financeira, o empreendedorismo e a constru\u00e7\u00e3o de patrim\u00f4nio.\u00a0<\/p>\n<p><strong>O Update concluiu que h\u00e1, portanto, uma converg\u00eancia em torno da ideia de autonomia das mulheres, mas uma disputa sobre os caminhos para atingi-la.<\/strong><\/p>\n<h2>Pol\u00edticas de cuidado<\/h2>\n<p><strong>O levantamento mostrou ainda que 7 dos 12 planos, ou 58%, relacionam de maneira expl\u00edcita creches ou pol\u00edticas de cuidado \u00e0 vida econ\u00f4mica e social das mulheres. <\/strong>Em alguns casos, o cuidado \u00e9 tratado como infraestrutura p\u00fablica capaz de liberar tempo das mulheres, ampliar sua participa\u00e7\u00e3o no mercado de trabalho e reduzir desigualdades.<\/p>\n<p>Em outros, aparece mais associado \u00e0 maternidade, \u00e0 prote\u00e7\u00e3o da fam\u00edlia ou ao apoio \u00e0s responsabilidades familiares. H\u00e1 ainda programas que prop\u00f5em ampliar servi\u00e7os p\u00fablicos de cuidado como forma de reduzir a sobrecarga dom\u00e9stica das mulheres.\u00a0<\/p>\n<p><strong>De acordo com o instituto, o ponto de converg\u00eancia \u00e9 o reconhecimento de que o cuidado interfere diretamente na autonomia.<\/strong><\/p>\n<p>\u201cA diferen\u00e7a est\u00e1 em quem deve assumir essa responsabilidade e qual deve ser o papel do Estado. Essa disputa de significado tamb\u00e9m ajuda a compreender por que uma mesma palavra pode aparecer em projetos pol\u00edticos bastante distintos\u201d, analisou o Update.<\/p>\n<div class=\"dnd-widget-wrapper context-grande_6colunas type-image\">\n<div class=\"dnd-atom-rendered\"><!-- scald=473206:grande_6colunas {\"additionalClasses\":\"\"} --><\/p>\n<p>    <!-- END scald=473206 --><\/div>\n<p><h6 class=\"meta\">Propostas dirigidas \u00e0s mulheres em planos de governo. Foto:\u00a0<strong>Instituto Update\/Divulga\u00e7\u00e3o<\/strong><!--END copyright=473206--><\/h6>\n<\/p>\n<\/div>\n<p>      <!-- Relacionada --><\/p>\n<p>            <!-- Relacionada -->\n    <\/div>\n","protected":false},"excerpt":{"rendered":"<p>Por EBC, Levantamento do Instituto Update sobre 12 candidaturas \u00e0 Presid\u00eancia da Rep\u00fablica mostra que propostas dirigidas \u00e0s mulheres est\u00e3o presentes em diferentes campos pol\u00edticos e se concentram principalmente em quatro temas: viol\u00eancia, sa\u00fade e cuidado. No entanto, tiveram menos espa\u00e7o quest\u00f5es ligadas \u00e0 participa\u00e7\u00e3o pol\u00edtica, \u00e0 presen\u00e7a das mulheres nos espa\u00e7os de poder, \u00e0 &hellip;<\/p>\n","protected":false},"author":39,"featured_media":0,"comment_status":"open","ping_status":"open","sticky":false,"template":"","format":"standard","meta":{"_jetpack_newsletter_access":"","_jetpack_dont_email_post_to_subs":false,"_jetpack_newsletter_tier_id":0,"_jetpack_memberships_contains_paywalled_content":false,"_jetpack_feature_clip_id":0,"_jetpack_memberships_contains_paid_content":false,"footnotes":"","jetpack_post_was_ever_published":false},"categories":[4],"tags":[],"class_list":["post-466029","post","type-post","status-publish","format-standard","hentry","category-servicos"],"yoast_head":"<!-- This site is optimized with the Yoast SEO plugin v28.3 - https:\/\/yoast.com\/product\/yoast-seo-wordpress\/ -->\n<title>Pesquisa analisa propostas dirigidas \u00e0s mulheres em planos de governo<\/title>\n<meta name=\"robots\" content=\"index, follow, max-snippet:-1, max-image-preview:large, max-video-preview:-1\" \/>\n<link rel=\"canonical\" href=\"https:\/\/agenciabrasil.ebc.com.br\/politica\/noticia\/2026-09\/pesquisa-analisa-propostas-dirigidas-mulheres-em-planos-de-governo\" \/>\n<meta property=\"og:locale\" content=\"pt_BR\" \/>\n<meta property=\"og:type\" content=\"article\" \/>\n<meta property=\"og:title\" content=\"Pesquisa analisa propostas dirigidas \u00e0s mulheres em planos de governo\" \/>\n<meta property=\"og:description\" content=\"Por EBC, Levantamento do Instituto Update sobre 12 candidaturas \u00e0 Presid\u00eancia da Rep\u00fablica mostra que propostas dirigidas \u00e0s mulheres est\u00e3o presentes em diferentes campos pol\u00edticos e se concentram principalmente em quatro temas: viol\u00eancia, sa\u00fade e cuidado. No entanto, tiveram menos espa\u00e7o quest\u00f5es ligadas \u00e0 participa\u00e7\u00e3o pol\u00edtica, \u00e0 presen\u00e7a das mulheres nos espa\u00e7os de poder, \u00e0 &hellip;\" \/>\n<meta property=\"og:url\" content=\"https:\/\/agenciabrasil.ebc.com.br\/politica\/noticia\/2026-09\/pesquisa-analisa-propostas-dirigidas-mulheres-em-planos-de-governo\" \/>\n<meta property=\"og:site_name\" content=\"MRNews\" \/>\n<meta property=\"article:publisher\" content=\"https:\/\/www.facebook.com\/eaipahpah\/?locale2=pt_BR\" \/>\n<meta property=\"article:published_time\" content=\"2026-09-01T16:31:30+00:00\" \/>\n<meta name=\"author\" content=\"Fernando Corraa\" \/>\n<meta name=\"twitter:card\" content=\"summary_large_image\" \/>\n<meta name=\"twitter:creator\" content=\"@conspirou\" \/>\n<meta name=\"twitter:site\" content=\"@conspirou\" \/>\n<meta name=\"twitter:label1\" content=\"Escrito por\" \/>\n\t<meta name=\"twitter:data1\" content=\"Fernando Corraa\" \/>\n\t<meta name=\"twitter:label2\" content=\"Est. tempo de leitura\" \/>\n\t<meta name=\"twitter:data2\" content=\"5 minutos\" \/>\n<script type=\"application\/ld+json\" class=\"yoast-schema-graph\">{\"@context\":\"https:\\\/\\\/schema.org\",\"@graph\":[{\"@type\":\"Article\",\"@id\":\"https:\\\/\\\/agenciabrasil.ebc.com.br\\\/politica\\\/noticia\\\/2026-09\\\/pesquisa-analisa-propostas-dirigidas-mulheres-em-planos-de-governo#article\",\"isPartOf\":{\"@id\":\"https:\\\/\\\/mrnews.com.br\\\/index.php\\\/2026\\\/09\\\/01\\\/pesquisa-analisa-propostas-dirigidas-as-mulheres-em-planos-de-governo\\\/\"},\"author\":{\"name\":\"Fernando Corraa\",\"@id\":\"https:\\\/\\\/mrnews.com.br\\\/#\\\/schema\\\/person\\\/2f073f2d87903a2ff9a065e41bbf17d4\"},\"headline\":\"Pesquisa analisa propostas dirigidas \u00e0s mulheres em planos de governo\",\"datePublished\":\"2026-09-01T16:31:30+00:00\",\"mainEntityOfPage\":{\"@id\":\"https:\\\/\\\/mrnews.com.br\\\/index.php\\\/2026\\\/09\\\/01\\\/pesquisa-analisa-propostas-dirigidas-as-mulheres-em-planos-de-governo\\\/\"},\"wordCount\":1095,\"commentCount\":0,\"publisher\":{\"@id\":\"https:\\\/\\\/mrnews.com.br\\\/#organization\"},\"articleSection\":[\"SERVI\u00c7OS\"],\"inLanguage\":\"pt-BR\",\"potentialAction\":[{\"@type\":\"CommentAction\",\"name\":\"Comment\",\"target\":[\"https:\\\/\\\/agenciabrasil.ebc.com.br\\\/politica\\\/noticia\\\/2026-09\\\/pesquisa-analisa-propostas-dirigidas-mulheres-em-planos-de-governo#respond\"]}]},{\"@type\":\"WebPage\",\"@id\":\"https:\\\/\\\/mrnews.com.br\\\/index.php\\\/2026\\\/09\\\/01\\\/pesquisa-analisa-propostas-dirigidas-as-mulheres-em-planos-de-governo\\\/\",\"url\":\"https:\\\/\\\/agenciabrasil.ebc.com.br\\\/politica\\\/noticia\\\/2026-09\\\/pesquisa-analisa-propostas-dirigidas-mulheres-em-planos-de-governo\",\"name\":\"Pesquisa analisa propostas dirigidas \u00e0s mulheres em planos de governo\",\"isPartOf\":{\"@id\":\"https:\\\/\\\/mrnews.com.br\\\/#website\"},\"datePublished\":\"2026-09-01T16:31:30+00:00\",\"breadcrumb\":{\"@id\":\"https:\\\/\\\/agenciabrasil.ebc.com.br\\\/politica\\\/noticia\\\/2026-09\\\/pesquisa-analisa-propostas-dirigidas-mulheres-em-planos-de-governo#breadcrumb\"},\"inLanguage\":\"pt-BR\",\"potentialAction\":[{\"@type\":\"ReadAction\",\"target\":[\"https:\\\/\\\/agenciabrasil.ebc.com.br\\\/politica\\\/noticia\\\/2026-09\\\/pesquisa-analisa-propostas-dirigidas-mulheres-em-planos-de-governo\"]}]},{\"@type\":\"BreadcrumbList\",\"@id\":\"https:\\\/\\\/agenciabrasil.ebc.com.br\\\/politica\\\/noticia\\\/2026-09\\\/pesquisa-analisa-propostas-dirigidas-mulheres-em-planos-de-governo#breadcrumb\",\"itemListElement\":[{\"@type\":\"ListItem\",\"position\":1,\"name\":\"In\u00edcio\",\"item\":\"https:\\\/\\\/mrnews.com.br\\\/\"},{\"@type\":\"ListItem\",\"position\":2,\"name\":\"Pesquisa analisa propostas dirigidas \u00e0s mulheres em planos de governo\"}]},{\"@type\":\"WebSite\",\"@id\":\"https:\\\/\\\/mrnews.com.br\\\/#website\",\"url\":\"https:\\\/\\\/mrnews.com.br\\\/\",\"name\":\"MRNews\",\"description\":\"MRNews Jogos de hoje da TV, transmiss\u00f5es ao vivo, Not\u00edcias de futebol, Jogos ao vivo, Lives, resumo de novelas, Programa\u00e7\u00e3o da Globo, A Fazenda e BBB\",\"publisher\":{\"@id\":\"https:\\\/\\\/mrnews.com.br\\\/#organization\"},\"potentialAction\":[{\"@type\":\"SearchAction\",\"target\":{\"@type\":\"EntryPoint\",\"urlTemplate\":\"https:\\\/\\\/mrnews.com.br\\\/?s={search_term_string}\"},\"query-input\":{\"@type\":\"PropertyValueSpecification\",\"valueRequired\":true,\"valueName\":\"search_term_string\"}}],\"inLanguage\":\"pt-BR\"},{\"@type\":\"Organization\",\"@id\":\"https:\\\/\\\/mrnews.com.br\\\/#organization\",\"name\":\"MRNews\",\"url\":\"https:\\\/\\\/mrnews.com.br\\\/\",\"logo\":{\"@type\":\"ImageObject\",\"inLanguage\":\"pt-BR\",\"@id\":\"https:\\\/\\\/mrnews.com.br\\\/#\\\/schema\\\/logo\\\/image\\\/\",\"url\":\"https:\\\/\\\/mrnews.com.br\\\/wp-content\\\/uploads\\\/2026\\\/08\\\/MRNEws.png\",\"contentUrl\":\"https:\\\/\\\/mrnews.com.br\\\/wp-content\\\/uploads\\\/2026\\\/08\\\/MRNEws.png\",\"width\":1254,\"height\":1254,\"caption\":\"MRNews\"},\"image\":{\"@id\":\"https:\\\/\\\/mrnews.com.br\\\/#\\\/schema\\\/logo\\\/image\\\/\"},\"sameAs\":[\"https:\\\/\\\/www.facebook.com\\\/eaipahpah\\\/?locale2=pt_BR\",\"https:\\\/\\\/x.com\\\/conspirou\",\"https:\\\/\\\/www.instagram.com\\\/eai_pahpah\",\"https:\\\/\\\/br.pinterest.com\\\/mrnewsn\\\/boards\\\/\",\"https:\\\/\\\/www.youtube.com\\\/channel\\\/UCacgnpznQ61fifLWr1tQ-vA?view_as=subscriber\"]},{\"@type\":\"Person\",\"@id\":\"https:\\\/\\\/mrnews.com.br\\\/#\\\/schema\\\/person\\\/2f073f2d87903a2ff9a065e41bbf17d4\",\"name\":\"Fernando Corraa\",\"image\":{\"@type\":\"ImageObject\",\"inLanguage\":\"pt-BR\",\"@id\":\"https:\\\/\\\/secure.gravatar.com\\\/avatar\\\/9069acb0e588c9f4346ba747284aef18a5faaab575e89e9ccc64e315003f0b82?s=96&d=monsterid&r=g\",\"url\":\"https:\\\/\\\/secure.gravatar.com\\\/avatar\\\/9069acb0e588c9f4346ba747284aef18a5faaab575e89e9ccc64e315003f0b82?s=96&d=monsterid&r=g\",\"contentUrl\":\"https:\\\/\\\/secure.gravatar.com\\\/avatar\\\/9069acb0e588c9f4346ba747284aef18a5faaab575e89e9ccc64e315003f0b82?s=96&d=monsterid&r=g\",\"caption\":\"Fernando Corraa\"},\"url\":\"https:\\\/\\\/mrnews.com.br\\\/index.php\\\/author\\\/fernando-corraa\\\/\"}]}<\/script>\n<!-- \/ Yoast SEO plugin. -->","yoast_head_json":{"title":"Pesquisa analisa propostas dirigidas \u00e0s mulheres em planos de governo","robots":{"index":"index","follow":"follow","max-snippet":"max-snippet:-1","max-image-preview":"max-image-preview:large","max-video-preview":"max-video-preview:-1"},"canonical":"https:\/\/agenciabrasil.ebc.com.br\/politica\/noticia\/2026-09\/pesquisa-analisa-propostas-dirigidas-mulheres-em-planos-de-governo","og_locale":"pt_BR","og_type":"article","og_title":"Pesquisa analisa propostas dirigidas \u00e0s mulheres em planos de governo","og_description":"Por EBC, Levantamento do Instituto Update sobre 12 candidaturas \u00e0 Presid\u00eancia da Rep\u00fablica mostra que propostas dirigidas \u00e0s mulheres est\u00e3o presentes em diferentes campos pol\u00edticos e se concentram principalmente em quatro temas: viol\u00eancia, sa\u00fade e cuidado. No entanto, tiveram menos espa\u00e7o quest\u00f5es ligadas \u00e0 participa\u00e7\u00e3o pol\u00edtica, \u00e0 presen\u00e7a das mulheres nos espa\u00e7os de poder, \u00e0 &hellip;","og_url":"https:\/\/agenciabrasil.ebc.com.br\/politica\/noticia\/2026-09\/pesquisa-analisa-propostas-dirigidas-mulheres-em-planos-de-governo","og_site_name":"MRNews","article_publisher":"https:\/\/www.facebook.com\/eaipahpah\/?locale2=pt_BR","article_published_time":"2026-09-01T16:31:30+00:00","author":"Fernando Corraa","twitter_card":"summary_large_image","twitter_creator":"@conspirou","twitter_site":"@conspirou","twitter_misc":{"Escrito por":"Fernando Corraa","Est. tempo de leitura":"5 minutos"},"schema":{"@context":"https:\/\/schema.org","@graph":[{"@type":"Article","@id":"https:\/\/agenciabrasil.ebc.com.br\/politica\/noticia\/2026-09\/pesquisa-analisa-propostas-dirigidas-mulheres-em-planos-de-governo#article","isPartOf":{"@id":"https:\/\/mrnews.com.br\/index.php\/2026\/09\/01\/pesquisa-analisa-propostas-dirigidas-as-mulheres-em-planos-de-governo\/"},"author":{"name":"Fernando Corraa","@id":"https:\/\/mrnews.com.br\/#\/schema\/person\/2f073f2d87903a2ff9a065e41bbf17d4"},"headline":"Pesquisa analisa propostas dirigidas \u00e0s mulheres em planos de governo","datePublished":"2026-09-01T16:31:30+00:00","mainEntityOfPage":{"@id":"https:\/\/mrnews.com.br\/index.php\/2026\/09\/01\/pesquisa-analisa-propostas-dirigidas-as-mulheres-em-planos-de-governo\/"},"wordCount":1095,"commentCount":0,"publisher":{"@id":"https:\/\/mrnews.com.br\/#organization"},"articleSection":["SERVI\u00c7OS"],"inLanguage":"pt-BR","potentialAction":[{"@type":"CommentAction","name":"Comment","target":["https:\/\/agenciabrasil.ebc.com.br\/politica\/noticia\/2026-09\/pesquisa-analisa-propostas-dirigidas-mulheres-em-planos-de-governo#respond"]}]},{"@type":"WebPage","@id":"https:\/\/mrnews.com.br\/index.php\/2026\/09\/01\/pesquisa-analisa-propostas-dirigidas-as-mulheres-em-planos-de-governo\/","url":"https:\/\/agenciabrasil.ebc.com.br\/politica\/noticia\/2026-09\/pesquisa-analisa-propostas-dirigidas-mulheres-em-planos-de-governo","name":"Pesquisa analisa propostas dirigidas \u00e0s mulheres em planos de governo","isPartOf":{"@id":"https:\/\/mrnews.com.br\/#website"},"datePublished":"2026-09-01T16:31:30+00:00","breadcrumb":{"@id":"https:\/\/agenciabrasil.ebc.com.br\/politica\/noticia\/2026-09\/pesquisa-analisa-propostas-dirigidas-mulheres-em-planos-de-governo#breadcrumb"},"inLanguage":"pt-BR","potentialAction":[{"@type":"ReadAction","target":["https:\/\/agenciabrasil.ebc.com.br\/politica\/noticia\/2026-09\/pesquisa-analisa-propostas-dirigidas-mulheres-em-planos-de-governo"]}]},{"@type":"BreadcrumbList","@id":"https:\/\/agenciabrasil.ebc.com.br\/politica\/noticia\/2026-09\/pesquisa-analisa-propostas-dirigidas-mulheres-em-planos-de-governo#breadcrumb","itemListElement":[{"@type":"ListItem","position":1,"name":"In\u00edcio","item":"https:\/\/mrnews.com.br\/"},{"@type":"ListItem","position":2,"name":"Pesquisa analisa propostas dirigidas \u00e0s mulheres em planos de governo"}]},{"@type":"WebSite","@id":"https:\/\/mrnews.com.br\/#website","url":"https:\/\/mrnews.com.br\/","name":"MRNews","description":"MRNews Jogos de hoje da TV, transmiss\u00f5es ao vivo, Not\u00edcias de futebol, Jogos ao vivo, Lives, resumo de novelas, Programa\u00e7\u00e3o da Globo, A Fazenda e BBB","publisher":{"@id":"https:\/\/mrnews.com.br\/#organization"},"potentialAction":[{"@type":"SearchAction","target":{"@type":"EntryPoint","urlTemplate":"https:\/\/mrnews.com.br\/?s={search_term_string}"},"query-input":{"@type":"PropertyValueSpecification","valueRequired":true,"valueName":"search_term_string"}}],"inLanguage":"pt-BR"},{"@type":"Organization","@id":"https:\/\/mrnews.com.br\/#organization","name":"MRNews","url":"https:\/\/mrnews.com.br\/","logo":{"@type":"ImageObject","inLanguage":"pt-BR","@id":"https:\/\/mrnews.com.br\/#\/schema\/logo\/image\/","url":"https:\/\/mrnews.com.br\/wp-content\/uploads\/2026\/08\/MRNEws.png","contentUrl":"https:\/\/mrnews.com.br\/wp-content\/uploads\/2026\/08\/MRNEws.png","width":1254,"height":1254,"caption":"MRNews"},"image":{"@id":"https:\/\/mrnews.com.br\/#\/schema\/logo\/image\/"},"sameAs":["https:\/\/www.facebook.com\/eaipahpah\/?locale2=pt_BR","https:\/\/x.com\/conspirou","https:\/\/www.instagram.com\/eai_pahpah","https:\/\/br.pinterest.com\/mrnewsn\/boards\/","https:\/\/www.youtube.com\/channel\/UCacgnpznQ61fifLWr1tQ-vA?view_as=subscriber"]},{"@type":"Person","@id":"https:\/\/mrnews.com.br\/#\/schema\/person\/2f073f2d87903a2ff9a065e41bbf17d4","name":"Fernando Corraa","image":{"@type":"ImageObject","inLanguage":"pt-BR","@id":"https:\/\/secure.gravatar.com\/avatar\/9069acb0e588c9f4346ba747284aef18a5faaab575e89e9ccc64e315003f0b82?s=96&d=monsterid&r=g","url":"https:\/\/secure.gravatar.com\/avatar\/9069acb0e588c9f4346ba747284aef18a5faaab575e89e9ccc64e315003f0b82?s=96&d=monsterid&r=g","contentUrl":"https:\/\/secure.gravatar.com\/avatar\/9069acb0e588c9f4346ba747284aef18a5faaab575e89e9ccc64e315003f0b82?s=96&d=monsterid&r=g","caption":"Fernando Corraa"},"url":"https:\/\/mrnews.com.br\/index.php\/author\/fernando-corraa\/"}]}},"jetpack_sharing_enabled":true,"jetpack_shortlink":"https:\/\/wp.me\/pa2Qf7-1XeB","amp_enabled":true,"jetpack_featured_media_url":"","_links":{"self":[{"href":"https:\/\/mrnews.com.br\/index.php\/wp-json\/wp\/v2\/posts\/466029","targetHints":{"allow":["GET"]}}],"collection":[{"href":"https:\/\/mrnews.com.br\/index.php\/wp-json\/wp\/v2\/posts"}],"about":[{"href":"https:\/\/mrnews.com.br\/index.php\/wp-json\/wp\/v2\/types\/post"}],"author":[{"embeddable":true,"href":"https:\/\/mrnews.com.br\/index.php\/wp-json\/wp\/v2\/users\/39"}],"replies":[{"embeddable":true,"href":"https:\/\/mrnews.com.br\/index.php\/wp-json\/wp\/v2\/comments?post=466029"}],"version-history":[{"count":0,"href":"https:\/\/mrnews.com.br\/index.php\/wp-json\/wp\/v2\/posts\/466029\/revisions"}],"wp:attachment":[{"href":"https:\/\/mrnews.com.br\/index.php\/wp-json\/wp\/v2\/media?parent=466029"}],"wp:term":[{"taxonomy":"category","embeddable":true,"href":"https:\/\/mrnews.com.br\/index.php\/wp-json\/wp\/v2\/categories?post=466029"},{"taxonomy":"post_tag","embeddable":true,"href":"https:\/\/mrnews.com.br\/index.php\/wp-json\/wp\/v2\/tags?post=466029"}],"curies":[{"name":"wp","href":"https:\/\/api.w.org\/{rel}","templated":true}]}}