{"id":466030,"date":"2026-09-01T14:13:15","date_gmt":"2026-09-01T17:13:15","guid":{"rendered":"https:\/\/mrnews.com.br\/index.php\/2026\/09\/01\/pib-brasileiro-tem-5o-maior-crescimento-no-segundo-trimestre\/"},"modified":"2026-09-01T14:13:15","modified_gmt":"2026-09-01T17:13:15","slug":"pib-brasileiro-tem-5o-maior-crescimento-no-segundo-trimestre","status":"publish","type":"post","link":"https:\/\/mrnews.com.br\/index.php\/2026\/09\/01\/pib-brasileiro-tem-5o-maior-crescimento-no-segundo-trimestre\/","title":{"rendered":"PIB brasileiro tem 5\u00ba maior crescimento no segundo trimestre"},"content":{"rendered":"<p>Por EBC, <\/p>\n<div>\n<p>O crescimento de 0,5% da economia brasileira na passagem do primeiro para o segundo trimestre de 2026 coloca o pa\u00eds como dono da quinta maior alta do Produto Interno Bruto (PIB, conjunto de bens e servi\u00e7os produzidos no pa\u00eds) nessa compara\u00e7\u00e3o entre trimestres imediatamente seguidos, \u00e0 frente de pa\u00edses como Estados Unidos e China.<\/p>\n<p><strong>O ranqueamento foi divulgado pela ag\u00eancia classificadora de risco de cr\u00e9dito Austin Rating, com dados do Fundo Monet\u00e1rio Internacional (FMI), \u00f3rg\u00e3o ligado \u00e0s Na\u00e7\u00f5es Unidas.<\/strong><\/p>\n<p>O ranking leva em considera\u00e7\u00e3o 50 pa\u00edses que j\u00e1 divulgaram o resultado do PIB do segundo trimestre. O topo \u00e9 ocupado pela Irlanda, com expans\u00e3o de 1%.<\/p>\n<p><strong>Al\u00e9m de figurar na quinta posi\u00e7\u00e3o, o Brasil apresenta desempenho superior \u00e0 m\u00e9dia dos pa\u00edses (0,2%), dos pa\u00edses da Zona do Euro (0,1%) e do G7 (Alemanha, Canad\u00e1, Estados Unidos, Fran\u00e7a, It\u00e1lia, Jap\u00e3o e Reino Unido).<\/strong><\/p>\n<p>De acordo com boletim da Secretaria de Pol\u00edtica Econ\u00f4mica (SPE) do Minist\u00e9rio da Fazenda, a varia\u00e7\u00e3o positiva do PIB no segundo trimestre veio acima das expectativas de mercado, que acreditava em alta de 0,4%.\u00a0<\/p>\n<p><strong>Confira os 20 pa\u00edses mais bem colocados no ranking de crescimento de PIB no segundo trimestre:<\/strong><\/p>\n<p>Irlanda: 1%<\/p>\n<p>Indon\u00e9sia: 0,9%<\/p>\n<p>Angola: 0,7%<\/p>\n<p>Mal\u00e1sia: 0,6%<\/p>\n<p>Brasil: 0,5%<\/p>\n<p>Eslov\u00eania: 0,4%<\/p>\n<p>Litu\u00e2nia: 0,4%<\/p>\n<p>Su\u00e9cia: 0,4%<\/p>\n<p>Estados Unidos: 0,4%<\/p>\n<p>S\u00e9rvia: 0,4%<\/p>\n<p>Su\u00ed\u00e7a: 0,4%<\/p>\n<p>Singapura: 0,3%<\/p>\n<p>M\u00e9xico: 0,3%<\/p>\n<p>Tun\u00edsia: 0,3%<\/p>\n<p>Taiwan: 0,3%<\/p>\n<p>Col\u00f4mbia: 0,3%<\/p>\n<p>Turquia: 0,3%<\/p>\n<p>Pol\u00f4nia: 0,2%<\/p>\n<p>China: 0,2%<\/p>\n<p><strong>Canad\u00e1: 0,2%<\/strong><\/p>\n<h2>Maiores economias<\/h2>\n<p><strong>O PIB ajuda a compreender a realidade de um pa\u00eds, mas n\u00e3o expressa fatores como distribui\u00e7\u00e3o de renda e condi\u00e7\u00e3o de vida<\/strong>. \u00c9 poss\u00edvel, por exemplo, um pa\u00eds ter PIB alto e padr\u00e3o de vida relativamente baixo, assim como pode haver na\u00e7\u00e3o com PIB baixo e alt\u00edssima qualidade de vida.<\/p>\n<p><strong>A Austin Rating compara tamb\u00e9m os pa\u00edses por tamanho do PIB. O Brasil era a 11\u00aa maior economia em 2025. Em 2026, subiu para a d\u00e9cima posi\u00e7\u00e3o. A proje\u00e7\u00e3o \u00e9 que ultrapasse a R\u00fassia e alcance o nono lugar em 2027.<\/strong><\/p>\n<h2>Veja o tamanho das 15 maiores economias do mundo<\/h2>\n<p>1\u00ba Estados Unidos: US$ 32,38 tri<\/p>\n<p>2\u00ba China: US$ 20,85 tri<\/p>\n<p>3\u00ba Alemanha: US$ 5,45 tri<\/p>\n<p>4\u00ba Jap\u00e3o: US$ 4,38 tri<\/p>\n<p>5\u00ba Reino Unido: US$ 4,26 tri<\/p>\n<p>6\u00ba \u00cdndia: US$ 4,15 tri<\/p>\n<p>7\u00ba Fran\u00e7a: US$ 3,60 tri<\/p>\n<p>8\u00ba It\u00e1lia: US$ 2,74 tri<\/p>\n<p>9\u00ba R\u00fassia: US$ 2,66 tri<\/p>\n<p>10\u00ba Brasil: US$ 2,64 tri<\/p>\n<p>11\u00ba Canad\u00e1: US$ 2,51 tri<\/p>\n<p>12\u00ba Austr\u00e1lia: US$ 2,12 tri<\/p>\n<p>13\u00ba M\u00e9xico: US$ 2,12 tri<\/p>\n<p>14\u00ba Espanha: US$ 2,09 tri<\/p>\n<p>15\u00ba Coreia: US$ 1,93 tri<\/p>\n<p>A melhor posi\u00e7\u00e3o j\u00e1 alcan\u00e7ada pelo Brasil foi s\u00e9tima maior economia, de 2011 a 2014.<\/p>\n<p>      <!-- Relacionada --><\/p>\n<p>            <!-- Relacionada -->\n    <\/div>\n","protected":false},"excerpt":{"rendered":"<p>Por EBC, O crescimento de 0,5% da economia brasileira na passagem do primeiro para o segundo trimestre de 2026 coloca o pa\u00eds como dono da quinta maior alta do Produto Interno Bruto (PIB, conjunto de bens e servi\u00e7os produzidos no pa\u00eds) nessa compara\u00e7\u00e3o entre trimestres imediatamente seguidos, \u00e0 frente de pa\u00edses como Estados Unidos e &hellip;<\/p>\n","protected":false},"author":39,"featured_media":0,"comment_status":"open","ping_status":"open","sticky":false,"template":"","format":"standard","meta":{"_jetpack_newsletter_access":"","_jetpack_dont_email_post_to_subs":false,"_jetpack_newsletter_tier_id":0,"_jetpack_memberships_contains_paywalled_content":false,"_jetpack_feature_clip_id":0,"_jetpack_memberships_contains_paid_content":false,"footnotes":"","jetpack_post_was_ever_published":false},"categories":[4],"tags":[],"class_list":["post-466030","post","type-post","status-publish","format-standard","hentry","category-servicos"],"yoast_head":"<!-- This site is optimized with the Yoast SEO plugin v28.3 - https:\/\/yoast.com\/product\/yoast-seo-wordpress\/ -->\n<title>PIB brasileiro tem 5\u00ba maior crescimento no segundo trimestre<\/title>\n<meta name=\"robots\" content=\"index, follow, max-snippet:-1, max-image-preview:large, max-video-preview:-1\" \/>\n<link rel=\"canonical\" href=\"https:\/\/agenciabrasil.ebc.com.br\/economia\/noticia\/2026-09\/pib-brasileiro-tem-5o-maior-crescimento-no-segundo-trimestre\" \/>\n<meta property=\"og:locale\" content=\"pt_BR\" \/>\n<meta property=\"og:type\" content=\"article\" \/>\n<meta property=\"og:title\" content=\"PIB brasileiro tem 5\u00ba maior crescimento no segundo trimestre\" \/>\n<meta property=\"og:description\" content=\"Por EBC, O crescimento de 0,5% da economia brasileira na passagem do primeiro para o segundo trimestre de 2026 coloca o pa\u00eds como dono da quinta maior alta do Produto Interno Bruto (PIB, conjunto de bens e servi\u00e7os produzidos no pa\u00eds) nessa compara\u00e7\u00e3o entre trimestres imediatamente seguidos, \u00e0 frente de pa\u00edses como Estados Unidos e &hellip;\" \/>\n<meta property=\"og:url\" content=\"https:\/\/agenciabrasil.ebc.com.br\/economia\/noticia\/2026-09\/pib-brasileiro-tem-5o-maior-crescimento-no-segundo-trimestre\" \/>\n<meta property=\"og:site_name\" content=\"MRNews\" \/>\n<meta property=\"article:publisher\" content=\"https:\/\/www.facebook.com\/eaipahpah\/?locale2=pt_BR\" \/>\n<meta property=\"article:published_time\" content=\"2026-09-01T17:13:15+00:00\" \/>\n<meta name=\"author\" content=\"Fernando Corraa\" \/>\n<meta name=\"twitter:card\" content=\"summary_large_image\" \/>\n<meta name=\"twitter:creator\" content=\"@conspirou\" \/>\n<meta name=\"twitter:site\" content=\"@conspirou\" \/>\n<meta name=\"twitter:label1\" content=\"Escrito por\" \/>\n\t<meta name=\"twitter:data1\" content=\"Fernando Corraa\" \/>\n\t<meta name=\"twitter:label2\" content=\"Est. tempo de leitura\" \/>\n\t<meta name=\"twitter:data2\" content=\"2 minutos\" \/>\n<script type=\"application\/ld+json\" class=\"yoast-schema-graph\">{\"@context\":\"https:\\\/\\\/schema.org\",\"@graph\":[{\"@type\":\"Article\",\"@id\":\"https:\\\/\\\/agenciabrasil.ebc.com.br\\\/economia\\\/noticia\\\/2026-09\\\/pib-brasileiro-tem-5o-maior-crescimento-no-segundo-trimestre#article\",\"isPartOf\":{\"@id\":\"https:\\\/\\\/mrnews.com.br\\\/index.php\\\/2026\\\/09\\\/01\\\/pib-brasileiro-tem-5o-maior-crescimento-no-segundo-trimestre\\\/\"},\"author\":{\"name\":\"Fernando Corraa\",\"@id\":\"https:\\\/\\\/mrnews.com.br\\\/#\\\/schema\\\/person\\\/2f073f2d87903a2ff9a065e41bbf17d4\"},\"headline\":\"PIB brasileiro tem 5\u00ba maior crescimento no segundo trimestre\",\"datePublished\":\"2026-09-01T17:13:15+00:00\",\"mainEntityOfPage\":{\"@id\":\"https:\\\/\\\/mrnews.com.br\\\/index.php\\\/2026\\\/09\\\/01\\\/pib-brasileiro-tem-5o-maior-crescimento-no-segundo-trimestre\\\/\"},\"wordCount\":428,\"commentCount\":0,\"publisher\":{\"@id\":\"https:\\\/\\\/mrnews.com.br\\\/#organization\"},\"articleSection\":[\"SERVI\u00c7OS\"],\"inLanguage\":\"pt-BR\",\"potentialAction\":[{\"@type\":\"CommentAction\",\"name\":\"Comment\",\"target\":[\"https:\\\/\\\/agenciabrasil.ebc.com.br\\\/economia\\\/noticia\\\/2026-09\\\/pib-brasileiro-tem-5o-maior-crescimento-no-segundo-trimestre#respond\"]}]},{\"@type\":\"WebPage\",\"@id\":\"https:\\\/\\\/mrnews.com.br\\\/index.php\\\/2026\\\/09\\\/01\\\/pib-brasileiro-tem-5o-maior-crescimento-no-segundo-trimestre\\\/\",\"url\":\"https:\\\/\\\/agenciabrasil.ebc.com.br\\\/economia\\\/noticia\\\/2026-09\\\/pib-brasileiro-tem-5o-maior-crescimento-no-segundo-trimestre\",\"name\":\"PIB brasileiro tem 5\u00ba maior crescimento no segundo trimestre\",\"isPartOf\":{\"@id\":\"https:\\\/\\\/mrnews.com.br\\\/#website\"},\"datePublished\":\"2026-09-01T17:13:15+00:00\",\"breadcrumb\":{\"@id\":\"https:\\\/\\\/agenciabrasil.ebc.com.br\\\/economia\\\/noticia\\\/2026-09\\\/pib-brasileiro-tem-5o-maior-crescimento-no-segundo-trimestre#breadcrumb\"},\"inLanguage\":\"pt-BR\",\"potentialAction\":[{\"@type\":\"ReadAction\",\"target\":[\"https:\\\/\\\/agenciabrasil.ebc.com.br\\\/economia\\\/noticia\\\/2026-09\\\/pib-brasileiro-tem-5o-maior-crescimento-no-segundo-trimestre\"]}]},{\"@type\":\"BreadcrumbList\",\"@id\":\"https:\\\/\\\/agenciabrasil.ebc.com.br\\\/economia\\\/noticia\\\/2026-09\\\/pib-brasileiro-tem-5o-maior-crescimento-no-segundo-trimestre#breadcrumb\",\"itemListElement\":[{\"@type\":\"ListItem\",\"position\":1,\"name\":\"In\u00edcio\",\"item\":\"https:\\\/\\\/mrnews.com.br\\\/\"},{\"@type\":\"ListItem\",\"position\":2,\"name\":\"PIB brasileiro tem 5\u00ba maior crescimento no segundo trimestre\"}]},{\"@type\":\"WebSite\",\"@id\":\"https:\\\/\\\/mrnews.com.br\\\/#website\",\"url\":\"https:\\\/\\\/mrnews.com.br\\\/\",\"name\":\"MRNews\",\"description\":\"MRNews Jogos de hoje da TV, transmiss\u00f5es ao vivo, Not\u00edcias de futebol, Jogos ao vivo, Lives, resumo de novelas, Programa\u00e7\u00e3o da Globo, A Fazenda e BBB\",\"publisher\":{\"@id\":\"https:\\\/\\\/mrnews.com.br\\\/#organization\"},\"potentialAction\":[{\"@type\":\"SearchAction\",\"target\":{\"@type\":\"EntryPoint\",\"urlTemplate\":\"https:\\\/\\\/mrnews.com.br\\\/?s={search_term_string}\"},\"query-input\":{\"@type\":\"PropertyValueSpecification\",\"valueRequired\":true,\"valueName\":\"search_term_string\"}}],\"inLanguage\":\"pt-BR\"},{\"@type\":\"Organization\",\"@id\":\"https:\\\/\\\/mrnews.com.br\\\/#organization\",\"name\":\"MRNews\",\"url\":\"https:\\\/\\\/mrnews.com.br\\\/\",\"logo\":{\"@type\":\"ImageObject\",\"inLanguage\":\"pt-BR\",\"@id\":\"https:\\\/\\\/mrnews.com.br\\\/#\\\/schema\\\/logo\\\/image\\\/\",\"url\":\"https:\\\/\\\/mrnews.com.br\\\/wp-content\\\/uploads\\\/2026\\\/08\\\/MRNEws.png\",\"contentUrl\":\"https:\\\/\\\/mrnews.com.br\\\/wp-content\\\/uploads\\\/2026\\\/08\\\/MRNEws.png\",\"width\":1254,\"height\":1254,\"caption\":\"MRNews\"},\"image\":{\"@id\":\"https:\\\/\\\/mrnews.com.br\\\/#\\\/schema\\\/logo\\\/image\\\/\"},\"sameAs\":[\"https:\\\/\\\/www.facebook.com\\\/eaipahpah\\\/?locale2=pt_BR\",\"https:\\\/\\\/x.com\\\/conspirou\",\"https:\\\/\\\/www.instagram.com\\\/eai_pahpah\",\"https:\\\/\\\/br.pinterest.com\\\/mrnewsn\\\/boards\\\/\",\"https:\\\/\\\/www.youtube.com\\\/channel\\\/UCacgnpznQ61fifLWr1tQ-vA?view_as=subscriber\"]},{\"@type\":\"Person\",\"@id\":\"https:\\\/\\\/mrnews.com.br\\\/#\\\/schema\\\/person\\\/2f073f2d87903a2ff9a065e41bbf17d4\",\"name\":\"Fernando Corraa\",\"image\":{\"@type\":\"ImageObject\",\"inLanguage\":\"pt-BR\",\"@id\":\"https:\\\/\\\/secure.gravatar.com\\\/avatar\\\/9069acb0e588c9f4346ba747284aef18a5faaab575e89e9ccc64e315003f0b82?s=96&d=monsterid&r=g\",\"url\":\"https:\\\/\\\/secure.gravatar.com\\\/avatar\\\/9069acb0e588c9f4346ba747284aef18a5faaab575e89e9ccc64e315003f0b82?s=96&d=monsterid&r=g\",\"contentUrl\":\"https:\\\/\\\/secure.gravatar.com\\\/avatar\\\/9069acb0e588c9f4346ba747284aef18a5faaab575e89e9ccc64e315003f0b82?s=96&d=monsterid&r=g\",\"caption\":\"Fernando Corraa\"},\"url\":\"https:\\\/\\\/mrnews.com.br\\\/index.php\\\/author\\\/fernando-corraa\\\/\"}]}<\/script>\n<!-- \/ Yoast SEO plugin. -->","yoast_head_json":{"title":"PIB brasileiro tem 5\u00ba maior crescimento no segundo trimestre","robots":{"index":"index","follow":"follow","max-snippet":"max-snippet:-1","max-image-preview":"max-image-preview:large","max-video-preview":"max-video-preview:-1"},"canonical":"https:\/\/agenciabrasil.ebc.com.br\/economia\/noticia\/2026-09\/pib-brasileiro-tem-5o-maior-crescimento-no-segundo-trimestre","og_locale":"pt_BR","og_type":"article","og_title":"PIB brasileiro tem 5\u00ba maior crescimento no segundo trimestre","og_description":"Por EBC, O crescimento de 0,5% da economia brasileira na passagem do primeiro para o segundo trimestre de 2026 coloca o pa\u00eds como dono da quinta maior alta do Produto Interno Bruto (PIB, conjunto de bens e servi\u00e7os produzidos no pa\u00eds) nessa compara\u00e7\u00e3o entre trimestres imediatamente seguidos, \u00e0 frente de pa\u00edses como Estados Unidos e &hellip;","og_url":"https:\/\/agenciabrasil.ebc.com.br\/economia\/noticia\/2026-09\/pib-brasileiro-tem-5o-maior-crescimento-no-segundo-trimestre","og_site_name":"MRNews","article_publisher":"https:\/\/www.facebook.com\/eaipahpah\/?locale2=pt_BR","article_published_time":"2026-09-01T17:13:15+00:00","author":"Fernando Corraa","twitter_card":"summary_large_image","twitter_creator":"@conspirou","twitter_site":"@conspirou","twitter_misc":{"Escrito por":"Fernando Corraa","Est. tempo de leitura":"2 minutos"},"schema":{"@context":"https:\/\/schema.org","@graph":[{"@type":"Article","@id":"https:\/\/agenciabrasil.ebc.com.br\/economia\/noticia\/2026-09\/pib-brasileiro-tem-5o-maior-crescimento-no-segundo-trimestre#article","isPartOf":{"@id":"https:\/\/mrnews.com.br\/index.php\/2026\/09\/01\/pib-brasileiro-tem-5o-maior-crescimento-no-segundo-trimestre\/"},"author":{"name":"Fernando Corraa","@id":"https:\/\/mrnews.com.br\/#\/schema\/person\/2f073f2d87903a2ff9a065e41bbf17d4"},"headline":"PIB brasileiro tem 5\u00ba maior crescimento no segundo trimestre","datePublished":"2026-09-01T17:13:15+00:00","mainEntityOfPage":{"@id":"https:\/\/mrnews.com.br\/index.php\/2026\/09\/01\/pib-brasileiro-tem-5o-maior-crescimento-no-segundo-trimestre\/"},"wordCount":428,"commentCount":0,"publisher":{"@id":"https:\/\/mrnews.com.br\/#organization"},"articleSection":["SERVI\u00c7OS"],"inLanguage":"pt-BR","potentialAction":[{"@type":"CommentAction","name":"Comment","target":["https:\/\/agenciabrasil.ebc.com.br\/economia\/noticia\/2026-09\/pib-brasileiro-tem-5o-maior-crescimento-no-segundo-trimestre#respond"]}]},{"@type":"WebPage","@id":"https:\/\/mrnews.com.br\/index.php\/2026\/09\/01\/pib-brasileiro-tem-5o-maior-crescimento-no-segundo-trimestre\/","url":"https:\/\/agenciabrasil.ebc.com.br\/economia\/noticia\/2026-09\/pib-brasileiro-tem-5o-maior-crescimento-no-segundo-trimestre","name":"PIB brasileiro tem 5\u00ba maior crescimento no segundo trimestre","isPartOf":{"@id":"https:\/\/mrnews.com.br\/#website"},"datePublished":"2026-09-01T17:13:15+00:00","breadcrumb":{"@id":"https:\/\/agenciabrasil.ebc.com.br\/economia\/noticia\/2026-09\/pib-brasileiro-tem-5o-maior-crescimento-no-segundo-trimestre#breadcrumb"},"inLanguage":"pt-BR","potentialAction":[{"@type":"ReadAction","target":["https:\/\/agenciabrasil.ebc.com.br\/economia\/noticia\/2026-09\/pib-brasileiro-tem-5o-maior-crescimento-no-segundo-trimestre"]}]},{"@type":"BreadcrumbList","@id":"https:\/\/agenciabrasil.ebc.com.br\/economia\/noticia\/2026-09\/pib-brasileiro-tem-5o-maior-crescimento-no-segundo-trimestre#breadcrumb","itemListElement":[{"@type":"ListItem","position":1,"name":"In\u00edcio","item":"https:\/\/mrnews.com.br\/"},{"@type":"ListItem","position":2,"name":"PIB brasileiro tem 5\u00ba maior crescimento no segundo trimestre"}]},{"@type":"WebSite","@id":"https:\/\/mrnews.com.br\/#website","url":"https:\/\/mrnews.com.br\/","name":"MRNews","description":"MRNews Jogos de hoje da TV, transmiss\u00f5es ao vivo, Not\u00edcias de futebol, Jogos ao vivo, Lives, resumo de novelas, Programa\u00e7\u00e3o da Globo, A Fazenda e BBB","publisher":{"@id":"https:\/\/mrnews.com.br\/#organization"},"potentialAction":[{"@type":"SearchAction","target":{"@type":"EntryPoint","urlTemplate":"https:\/\/mrnews.com.br\/?s={search_term_string}"},"query-input":{"@type":"PropertyValueSpecification","valueRequired":true,"valueName":"search_term_string"}}],"inLanguage":"pt-BR"},{"@type":"Organization","@id":"https:\/\/mrnews.com.br\/#organization","name":"MRNews","url":"https:\/\/mrnews.com.br\/","logo":{"@type":"ImageObject","inLanguage":"pt-BR","@id":"https:\/\/mrnews.com.br\/#\/schema\/logo\/image\/","url":"https:\/\/mrnews.com.br\/wp-content\/uploads\/2026\/08\/MRNEws.png","contentUrl":"https:\/\/mrnews.com.br\/wp-content\/uploads\/2026\/08\/MRNEws.png","width":1254,"height":1254,"caption":"MRNews"},"image":{"@id":"https:\/\/mrnews.com.br\/#\/schema\/logo\/image\/"},"sameAs":["https:\/\/www.facebook.com\/eaipahpah\/?locale2=pt_BR","https:\/\/x.com\/conspirou","https:\/\/www.instagram.com\/eai_pahpah","https:\/\/br.pinterest.com\/mrnewsn\/boards\/","https:\/\/www.youtube.com\/channel\/UCacgnpznQ61fifLWr1tQ-vA?view_as=subscriber"]},{"@type":"Person","@id":"https:\/\/mrnews.com.br\/#\/schema\/person\/2f073f2d87903a2ff9a065e41bbf17d4","name":"Fernando Corraa","image":{"@type":"ImageObject","inLanguage":"pt-BR","@id":"https:\/\/secure.gravatar.com\/avatar\/9069acb0e588c9f4346ba747284aef18a5faaab575e89e9ccc64e315003f0b82?s=96&d=monsterid&r=g","url":"https:\/\/secure.gravatar.com\/avatar\/9069acb0e588c9f4346ba747284aef18a5faaab575e89e9ccc64e315003f0b82?s=96&d=monsterid&r=g","contentUrl":"https:\/\/secure.gravatar.com\/avatar\/9069acb0e588c9f4346ba747284aef18a5faaab575e89e9ccc64e315003f0b82?s=96&d=monsterid&r=g","caption":"Fernando Corraa"},"url":"https:\/\/mrnews.com.br\/index.php\/author\/fernando-corraa\/"}]}},"jetpack_sharing_enabled":true,"jetpack_shortlink":"https:\/\/wp.me\/pa2Qf7-1XeC","amp_enabled":true,"jetpack_featured_media_url":"","_links":{"self":[{"href":"https:\/\/mrnews.com.br\/index.php\/wp-json\/wp\/v2\/posts\/466030","targetHints":{"allow":["GET"]}}],"collection":[{"href":"https:\/\/mrnews.com.br\/index.php\/wp-json\/wp\/v2\/posts"}],"about":[{"href":"https:\/\/mrnews.com.br\/index.php\/wp-json\/wp\/v2\/types\/post"}],"author":[{"embeddable":true,"href":"https:\/\/mrnews.com.br\/index.php\/wp-json\/wp\/v2\/users\/39"}],"replies":[{"embeddable":true,"href":"https:\/\/mrnews.com.br\/index.php\/wp-json\/wp\/v2\/comments?post=466030"}],"version-history":[{"count":0,"href":"https:\/\/mrnews.com.br\/index.php\/wp-json\/wp\/v2\/posts\/466030\/revisions"}],"wp:attachment":[{"href":"https:\/\/mrnews.com.br\/index.php\/wp-json\/wp\/v2\/media?parent=466030"}],"wp:term":[{"taxonomy":"category","embeddable":true,"href":"https:\/\/mrnews.com.br\/index.php\/wp-json\/wp\/v2\/categories?post=466030"},{"taxonomy":"post_tag","embeddable":true,"href":"https:\/\/mrnews.com.br\/index.php\/wp-json\/wp\/v2\/tags?post=466030"}],"curies":[{"name":"wp","href":"https:\/\/api.w.org\/{rel}","templated":true}]}}