{"id":466031,"date":"2026-09-01T14:50:21","date_gmt":"2026-09-01T17:50:21","guid":{"rendered":"https:\/\/mrnews.com.br\/index.php\/2026\/09\/01\/projeto-leva-prevencao-a-violencia-contra-a-mulher-para-escolas-cgnoticias\/"},"modified":"2026-09-01T14:50:21","modified_gmt":"2026-09-01T17:50:21","slug":"projeto-leva-prevencao-a-violencia-contra-a-mulher-para-escolas-cgnoticias","status":"publish","type":"post","link":"https:\/\/mrnews.com.br\/index.php\/2026\/09\/01\/projeto-leva-prevencao-a-violencia-contra-a-mulher-para-escolas-cgnoticias\/","title":{"rendered":"Projeto leva preven\u00e7\u00e3o \u00e0 viol\u00eancia contra a mulher para escolas\u00a0 \u2013 CGNot\u00edcias"},"content":{"rendered":"<p><\/p>\n<div>\n<p>Estudantes do 5\u00ba ano de cinco escolas da Rede Municipal de Ensino (Reme) participar\u00e3o do \u201cClarisse me disse\u201d, projeto que utiliza literatura, teatro e atividades em sala de aula para abordar, de forma adequada \u00e0 inf\u00e2ncia, a viol\u00eancia dom\u00e9stica e familiar contra a mulher. A parceria foi firmada nesta segunda-feira (31) entre a Prefeitura de Campo Grande e o Tribunal de Justi\u00e7a de Mato Grosso do Sul (TJMS).\u00a0<\/p>\n<p>O trabalho tem como ponto de partida o livro infantil \u201cClarisse me disse\u201d, escrito e ilustrado pela ju\u00edza Caroline Costa de Camargo. A obra apresenta diferentes formas de viol\u00eancia e ajuda as crian\u00e7as a reconhecerem comportamentos abusivos, compreender rela\u00e7\u00f5es de respeito e identificar espa\u00e7os seguros de apoio.\u00a0<\/p>\n<p>\u201cClarisse nasceu para dizer a essas crian\u00e7as: a hist\u00f3ria que voc\u00ea recebeu n\u00e3o precisa ser a hist\u00f3ria que voc\u00ea vai escrever no futuro\u201d, afirmou Caroline. Para a autora, a aproxima\u00e7\u00e3o entre Justi\u00e7a e educa\u00e7\u00e3o permite que o tema chegue \u00e0s crian\u00e7as antes que situa\u00e7\u00f5es de viol\u00eancia sejam naturalizadas.\u00a0<\/p>\n<p>Em Campo Grande, participam inicialmente as escolas municipais Ana L\u00facia de Oliveira Batista, Iracema Maria Vicente, Prof.\u00aa Hilda de Souza Ferreira, Consulesa Margarida Maksoud Trad e Kam\u00e9 Adania. As unidades foram definidas a partir de crit\u00e9rios t\u00e9cnicos e pedag\u00f3gicos, considerando regi\u00f5es de maior vulnerabilidade social.\u00a0<\/p>\n<p>Antes das a\u00e7\u00f5es com os estudantes, professores indicados pelas escolas passar\u00e3o por forma\u00e7\u00e3o preparat\u00f3ria. Na sequ\u00eancia, as crian\u00e7as receber\u00e3o exemplares do livro e acompanhar\u00e3o uma dramatiza\u00e7\u00e3o da hist\u00f3ria. O tema continuar\u00e1 sendo trabalhado em sala, com leitura orientada, rodas de conversa, desenhos e reflex\u00f5es sobre respeito, conviv\u00eancia e prote\u00e7\u00e3o.\u00a0<\/p>\n<p>Durante a assinatura, a prefeita Adriane Lopes lembrou que a Reme j\u00e1 desenvolve a\u00e7\u00f5es voltadas ao enfrentamento da viol\u00eancia por meio do \u201cMeninas e Meninos Fortes\u201d e ressaltou a import\u00e2ncia de envolver meninas e meninos desde a inf\u00e2ncia. \u201cN\u00f3s temos que trabalhar tamb\u00e9m com os meninos na a\u00e7\u00e3o preventiva dentro das nossas escolas. Ent\u00e3o lan\u00e7amos o Meninas e Meninos Fortes e acredito que o \u2018Clarisse me disse\u2019 vem como uma grande parceria\u201d, afirmou.\u00a0<\/p>\n<p>Coordenadora Estadual da Mulher em Situa\u00e7\u00e3o de Viol\u00eancia Dom\u00e9stica e Familiar do TJMS, a desembargadora Sandra Regina da Silva Ribeiro Artioli explicou que as cinco unidades representam a etapa inicial do trabalho. \u201cCome\u00e7amos com cinco porque \u00e9 um projeto piloto, n\u00f3s precisamos ainda aprender com o caminhar do projeto. A ideia \u00e9 que se estenda realmente para outras escolas\u201d, disse.\u00a0<\/p>\n<p>O termo tem vig\u00eancia de 12 meses e prev\u00ea o acompanhamento das a\u00e7\u00f5es nas escolas participantes. Ap\u00f3s a avalia\u00e7\u00e3o dessa primeira etapa, o \u201cClarisse me disse\u201d poder\u00e1 chegar a outras unidades da Reme.\u00a0<\/p>\n<\/div>\n<p><script async defer async defer src=\"https:\/\/connect.facebook.net\/en_US\/sdk.js?ver=1#xfbml=1&amp;version=v3.2\" id=\"prefeitura-campogrande-script-facebook-sdk-js\"><\/script><\/p>\n","protected":false},"excerpt":{"rendered":"<p>Estudantes do 5\u00ba ano de cinco escolas da Rede Municipal de Ensino (Reme) participar\u00e3o do \u201cClarisse me disse\u201d, projeto que utiliza literatura, teatro e atividades em sala de aula para abordar, de forma adequada \u00e0 inf\u00e2ncia, a viol\u00eancia dom\u00e9stica e familiar contra a mulher. A parceria foi firmada nesta segunda-feira (31) entre a Prefeitura de &hellip;<\/p>\n","protected":false},"author":39,"featured_media":0,"comment_status":"open","ping_status":"open","sticky":false,"template":"","format":"standard","meta":{"_jetpack_newsletter_access":"","_jetpack_dont_email_post_to_subs":false,"_jetpack_newsletter_tier_id":0,"_jetpack_memberships_contains_paywalled_content":false,"_jetpack_feature_clip_id":0,"_jetpack_memberships_contains_paid_content":false,"footnotes":"","jetpack_post_was_ever_published":false},"categories":[12410],"tags":[],"class_list":["post-466031","post","type-post","status-publish","format-standard","hentry","category-ms"],"yoast_head":"<!-- This site is optimized with the Yoast SEO plugin v28.3 - https:\/\/yoast.com\/product\/yoast-seo-wordpress\/ -->\n<title>Projeto leva preven\u00e7\u00e3o \u00e0 viol\u00eancia contra a mulher para escolas\u00a0 \u2013 CGNot\u00edcias<\/title>\n<meta name=\"robots\" content=\"index, follow, max-snippet:-1, max-image-preview:large, max-video-preview:-1\" \/>\n<link rel=\"canonical\" href=\"https:\/\/www.campogrande.ms.gov.br\/cgnoticias\/noticia\/projeto-leva-prevencao-a-violencia-contra-a-mulher-para-escolas\/\" \/>\n<meta property=\"og:locale\" content=\"pt_BR\" \/>\n<meta property=\"og:type\" content=\"article\" \/>\n<meta property=\"og:title\" content=\"Projeto leva preven\u00e7\u00e3o \u00e0 viol\u00eancia contra a mulher para escolas\u00a0 \u2013 CGNot\u00edcias\" \/>\n<meta property=\"og:description\" content=\"Estudantes do 5\u00ba ano de cinco escolas da Rede Municipal de Ensino (Reme) participar\u00e3o do \u201cClarisse me disse\u201d, projeto que utiliza literatura, teatro e atividades em sala de aula para abordar, de forma adequada \u00e0 inf\u00e2ncia, a viol\u00eancia dom\u00e9stica e familiar contra a mulher. A parceria foi firmada nesta segunda-feira (31) entre a Prefeitura de &hellip;\" \/>\n<meta property=\"og:url\" content=\"https:\/\/www.campogrande.ms.gov.br\/cgnoticias\/noticia\/projeto-leva-prevencao-a-violencia-contra-a-mulher-para-escolas\/\" \/>\n<meta property=\"og:site_name\" content=\"MRNews\" \/>\n<meta property=\"article:publisher\" content=\"https:\/\/www.facebook.com\/eaipahpah\/?locale2=pt_BR\" \/>\n<meta property=\"article:published_time\" content=\"2026-09-01T17:50:21+00:00\" \/>\n<meta name=\"author\" content=\"Fernando Corraa\" \/>\n<meta name=\"twitter:card\" content=\"summary_large_image\" \/>\n<meta name=\"twitter:creator\" content=\"@conspirou\" \/>\n<meta name=\"twitter:site\" content=\"@conspirou\" \/>\n<meta name=\"twitter:label1\" content=\"Escrito por\" \/>\n\t<meta name=\"twitter:data1\" content=\"Fernando Corraa\" \/>\n\t<meta name=\"twitter:label2\" content=\"Est. tempo de leitura\" \/>\n\t<meta name=\"twitter:data2\" content=\"2 minutos\" \/>\n<script type=\"application\/ld+json\" class=\"yoast-schema-graph\">{\"@context\":\"https:\\\/\\\/schema.org\",\"@graph\":[{\"@type\":\"Article\",\"@id\":\"https:\\\/\\\/www.campogrande.ms.gov.br\\\/cgnoticias\\\/noticia\\\/projeto-leva-prevencao-a-violencia-contra-a-mulher-para-escolas\\\/#article\",\"isPartOf\":{\"@id\":\"https:\\\/\\\/mrnews.com.br\\\/index.php\\\/2026\\\/09\\\/01\\\/projeto-leva-prevencao-a-violencia-contra-a-mulher-para-escolas-cgnoticias\\\/\"},\"author\":{\"name\":\"Fernando Corraa\",\"@id\":\"https:\\\/\\\/mrnews.com.br\\\/#\\\/schema\\\/person\\\/2f073f2d87903a2ff9a065e41bbf17d4\"},\"headline\":\"Projeto leva preven\u00e7\u00e3o \u00e0 viol\u00eancia contra a mulher para escolas\u00a0 \u2013 CGNot\u00edcias\",\"datePublished\":\"2026-09-01T17:50:21+00:00\",\"mainEntityOfPage\":{\"@id\":\"https:\\\/\\\/mrnews.com.br\\\/index.php\\\/2026\\\/09\\\/01\\\/projeto-leva-prevencao-a-violencia-contra-a-mulher-para-escolas-cgnoticias\\\/\"},\"wordCount\":486,\"commentCount\":0,\"publisher\":{\"@id\":\"https:\\\/\\\/mrnews.com.br\\\/#organization\"},\"articleSection\":[\"Mato Grosso do Sul\"],\"inLanguage\":\"pt-BR\",\"potentialAction\":[{\"@type\":\"CommentAction\",\"name\":\"Comment\",\"target\":[\"https:\\\/\\\/www.campogrande.ms.gov.br\\\/cgnoticias\\\/noticia\\\/projeto-leva-prevencao-a-violencia-contra-a-mulher-para-escolas\\\/#respond\"]}]},{\"@type\":\"WebPage\",\"@id\":\"https:\\\/\\\/mrnews.com.br\\\/index.php\\\/2026\\\/09\\\/01\\\/projeto-leva-prevencao-a-violencia-contra-a-mulher-para-escolas-cgnoticias\\\/\",\"url\":\"https:\\\/\\\/www.campogrande.ms.gov.br\\\/cgnoticias\\\/noticia\\\/projeto-leva-prevencao-a-violencia-contra-a-mulher-para-escolas\\\/\",\"name\":\"Projeto leva preven\u00e7\u00e3o \u00e0 viol\u00eancia contra a mulher para escolas\u00a0 \u2013 CGNot\u00edcias\",\"isPartOf\":{\"@id\":\"https:\\\/\\\/mrnews.com.br\\\/#website\"},\"datePublished\":\"2026-09-01T17:50:21+00:00\",\"breadcrumb\":{\"@id\":\"https:\\\/\\\/www.campogrande.ms.gov.br\\\/cgnoticias\\\/noticia\\\/projeto-leva-prevencao-a-violencia-contra-a-mulher-para-escolas\\\/#breadcrumb\"},\"inLanguage\":\"pt-BR\",\"potentialAction\":[{\"@type\":\"ReadAction\",\"target\":[\"https:\\\/\\\/www.campogrande.ms.gov.br\\\/cgnoticias\\\/noticia\\\/projeto-leva-prevencao-a-violencia-contra-a-mulher-para-escolas\\\/\"]}]},{\"@type\":\"BreadcrumbList\",\"@id\":\"https:\\\/\\\/www.campogrande.ms.gov.br\\\/cgnoticias\\\/noticia\\\/projeto-leva-prevencao-a-violencia-contra-a-mulher-para-escolas\\\/#breadcrumb\",\"itemListElement\":[{\"@type\":\"ListItem\",\"position\":1,\"name\":\"In\u00edcio\",\"item\":\"https:\\\/\\\/mrnews.com.br\\\/\"},{\"@type\":\"ListItem\",\"position\":2,\"name\":\"Projeto leva preven\u00e7\u00e3o \u00e0 viol\u00eancia contra a mulher para escolas\u00a0 \u2013 CGNot\u00edcias\"}]},{\"@type\":\"WebSite\",\"@id\":\"https:\\\/\\\/mrnews.com.br\\\/#website\",\"url\":\"https:\\\/\\\/mrnews.com.br\\\/\",\"name\":\"MRNews\",\"description\":\"MRNews Jogos de hoje da TV, transmiss\u00f5es ao vivo, Not\u00edcias de futebol, Jogos ao vivo, Lives, resumo de novelas, Programa\u00e7\u00e3o da Globo, A Fazenda e BBB\",\"publisher\":{\"@id\":\"https:\\\/\\\/mrnews.com.br\\\/#organization\"},\"potentialAction\":[{\"@type\":\"SearchAction\",\"target\":{\"@type\":\"EntryPoint\",\"urlTemplate\":\"https:\\\/\\\/mrnews.com.br\\\/?s={search_term_string}\"},\"query-input\":{\"@type\":\"PropertyValueSpecification\",\"valueRequired\":true,\"valueName\":\"search_term_string\"}}],\"inLanguage\":\"pt-BR\"},{\"@type\":\"Organization\",\"@id\":\"https:\\\/\\\/mrnews.com.br\\\/#organization\",\"name\":\"MRNews\",\"url\":\"https:\\\/\\\/mrnews.com.br\\\/\",\"logo\":{\"@type\":\"ImageObject\",\"inLanguage\":\"pt-BR\",\"@id\":\"https:\\\/\\\/mrnews.com.br\\\/#\\\/schema\\\/logo\\\/image\\\/\",\"url\":\"https:\\\/\\\/mrnews.com.br\\\/wp-content\\\/uploads\\\/2026\\\/08\\\/MRNEws.png\",\"contentUrl\":\"https:\\\/\\\/mrnews.com.br\\\/wp-content\\\/uploads\\\/2026\\\/08\\\/MRNEws.png\",\"width\":1254,\"height\":1254,\"caption\":\"MRNews\"},\"image\":{\"@id\":\"https:\\\/\\\/mrnews.com.br\\\/#\\\/schema\\\/logo\\\/image\\\/\"},\"sameAs\":[\"https:\\\/\\\/www.facebook.com\\\/eaipahpah\\\/?locale2=pt_BR\",\"https:\\\/\\\/x.com\\\/conspirou\",\"https:\\\/\\\/www.instagram.com\\\/eai_pahpah\",\"https:\\\/\\\/br.pinterest.com\\\/mrnewsn\\\/boards\\\/\",\"https:\\\/\\\/www.youtube.com\\\/channel\\\/UCacgnpznQ61fifLWr1tQ-vA?view_as=subscriber\"]},{\"@type\":\"Person\",\"@id\":\"https:\\\/\\\/mrnews.com.br\\\/#\\\/schema\\\/person\\\/2f073f2d87903a2ff9a065e41bbf17d4\",\"name\":\"Fernando Corraa\",\"image\":{\"@type\":\"ImageObject\",\"inLanguage\":\"pt-BR\",\"@id\":\"https:\\\/\\\/secure.gravatar.com\\\/avatar\\\/9069acb0e588c9f4346ba747284aef18a5faaab575e89e9ccc64e315003f0b82?s=96&d=monsterid&r=g\",\"url\":\"https:\\\/\\\/secure.gravatar.com\\\/avatar\\\/9069acb0e588c9f4346ba747284aef18a5faaab575e89e9ccc64e315003f0b82?s=96&d=monsterid&r=g\",\"contentUrl\":\"https:\\\/\\\/secure.gravatar.com\\\/avatar\\\/9069acb0e588c9f4346ba747284aef18a5faaab575e89e9ccc64e315003f0b82?s=96&d=monsterid&r=g\",\"caption\":\"Fernando Corraa\"},\"url\":\"https:\\\/\\\/mrnews.com.br\\\/index.php\\\/author\\\/fernando-corraa\\\/\"}]}<\/script>\n<!-- \/ Yoast SEO plugin. -->","yoast_head_json":{"title":"Projeto leva preven\u00e7\u00e3o \u00e0 viol\u00eancia contra a mulher para escolas\u00a0 \u2013 CGNot\u00edcias","robots":{"index":"index","follow":"follow","max-snippet":"max-snippet:-1","max-image-preview":"max-image-preview:large","max-video-preview":"max-video-preview:-1"},"canonical":"https:\/\/www.campogrande.ms.gov.br\/cgnoticias\/noticia\/projeto-leva-prevencao-a-violencia-contra-a-mulher-para-escolas\/","og_locale":"pt_BR","og_type":"article","og_title":"Projeto leva preven\u00e7\u00e3o \u00e0 viol\u00eancia contra a mulher para escolas\u00a0 \u2013 CGNot\u00edcias","og_description":"Estudantes do 5\u00ba ano de cinco escolas da Rede Municipal de Ensino (Reme) participar\u00e3o do \u201cClarisse me disse\u201d, projeto que utiliza literatura, teatro e atividades em sala de aula para abordar, de forma adequada \u00e0 inf\u00e2ncia, a viol\u00eancia dom\u00e9stica e familiar contra a mulher. A parceria foi firmada nesta segunda-feira (31) entre a Prefeitura de &hellip;","og_url":"https:\/\/www.campogrande.ms.gov.br\/cgnoticias\/noticia\/projeto-leva-prevencao-a-violencia-contra-a-mulher-para-escolas\/","og_site_name":"MRNews","article_publisher":"https:\/\/www.facebook.com\/eaipahpah\/?locale2=pt_BR","article_published_time":"2026-09-01T17:50:21+00:00","author":"Fernando Corraa","twitter_card":"summary_large_image","twitter_creator":"@conspirou","twitter_site":"@conspirou","twitter_misc":{"Escrito por":"Fernando Corraa","Est. tempo de leitura":"2 minutos"},"schema":{"@context":"https:\/\/schema.org","@graph":[{"@type":"Article","@id":"https:\/\/www.campogrande.ms.gov.br\/cgnoticias\/noticia\/projeto-leva-prevencao-a-violencia-contra-a-mulher-para-escolas\/#article","isPartOf":{"@id":"https:\/\/mrnews.com.br\/index.php\/2026\/09\/01\/projeto-leva-prevencao-a-violencia-contra-a-mulher-para-escolas-cgnoticias\/"},"author":{"name":"Fernando Corraa","@id":"https:\/\/mrnews.com.br\/#\/schema\/person\/2f073f2d87903a2ff9a065e41bbf17d4"},"headline":"Projeto leva preven\u00e7\u00e3o \u00e0 viol\u00eancia contra a mulher para escolas\u00a0 \u2013 CGNot\u00edcias","datePublished":"2026-09-01T17:50:21+00:00","mainEntityOfPage":{"@id":"https:\/\/mrnews.com.br\/index.php\/2026\/09\/01\/projeto-leva-prevencao-a-violencia-contra-a-mulher-para-escolas-cgnoticias\/"},"wordCount":486,"commentCount":0,"publisher":{"@id":"https:\/\/mrnews.com.br\/#organization"},"articleSection":["Mato Grosso do Sul"],"inLanguage":"pt-BR","potentialAction":[{"@type":"CommentAction","name":"Comment","target":["https:\/\/www.campogrande.ms.gov.br\/cgnoticias\/noticia\/projeto-leva-prevencao-a-violencia-contra-a-mulher-para-escolas\/#respond"]}]},{"@type":"WebPage","@id":"https:\/\/mrnews.com.br\/index.php\/2026\/09\/01\/projeto-leva-prevencao-a-violencia-contra-a-mulher-para-escolas-cgnoticias\/","url":"https:\/\/www.campogrande.ms.gov.br\/cgnoticias\/noticia\/projeto-leva-prevencao-a-violencia-contra-a-mulher-para-escolas\/","name":"Projeto leva preven\u00e7\u00e3o \u00e0 viol\u00eancia contra a mulher para escolas\u00a0 \u2013 CGNot\u00edcias","isPartOf":{"@id":"https:\/\/mrnews.com.br\/#website"},"datePublished":"2026-09-01T17:50:21+00:00","breadcrumb":{"@id":"https:\/\/www.campogrande.ms.gov.br\/cgnoticias\/noticia\/projeto-leva-prevencao-a-violencia-contra-a-mulher-para-escolas\/#breadcrumb"},"inLanguage":"pt-BR","potentialAction":[{"@type":"ReadAction","target":["https:\/\/www.campogrande.ms.gov.br\/cgnoticias\/noticia\/projeto-leva-prevencao-a-violencia-contra-a-mulher-para-escolas\/"]}]},{"@type":"BreadcrumbList","@id":"https:\/\/www.campogrande.ms.gov.br\/cgnoticias\/noticia\/projeto-leva-prevencao-a-violencia-contra-a-mulher-para-escolas\/#breadcrumb","itemListElement":[{"@type":"ListItem","position":1,"name":"In\u00edcio","item":"https:\/\/mrnews.com.br\/"},{"@type":"ListItem","position":2,"name":"Projeto leva preven\u00e7\u00e3o \u00e0 viol\u00eancia contra a mulher para escolas\u00a0 \u2013 CGNot\u00edcias"}]},{"@type":"WebSite","@id":"https:\/\/mrnews.com.br\/#website","url":"https:\/\/mrnews.com.br\/","name":"MRNews","description":"MRNews Jogos de hoje da TV, transmiss\u00f5es ao vivo, Not\u00edcias de futebol, Jogos ao vivo, Lives, resumo de novelas, Programa\u00e7\u00e3o da Globo, A Fazenda e BBB","publisher":{"@id":"https:\/\/mrnews.com.br\/#organization"},"potentialAction":[{"@type":"SearchAction","target":{"@type":"EntryPoint","urlTemplate":"https:\/\/mrnews.com.br\/?s={search_term_string}"},"query-input":{"@type":"PropertyValueSpecification","valueRequired":true,"valueName":"search_term_string"}}],"inLanguage":"pt-BR"},{"@type":"Organization","@id":"https:\/\/mrnews.com.br\/#organization","name":"MRNews","url":"https:\/\/mrnews.com.br\/","logo":{"@type":"ImageObject","inLanguage":"pt-BR","@id":"https:\/\/mrnews.com.br\/#\/schema\/logo\/image\/","url":"https:\/\/mrnews.com.br\/wp-content\/uploads\/2026\/08\/MRNEws.png","contentUrl":"https:\/\/mrnews.com.br\/wp-content\/uploads\/2026\/08\/MRNEws.png","width":1254,"height":1254,"caption":"MRNews"},"image":{"@id":"https:\/\/mrnews.com.br\/#\/schema\/logo\/image\/"},"sameAs":["https:\/\/www.facebook.com\/eaipahpah\/?locale2=pt_BR","https:\/\/x.com\/conspirou","https:\/\/www.instagram.com\/eai_pahpah","https:\/\/br.pinterest.com\/mrnewsn\/boards\/","https:\/\/www.youtube.com\/channel\/UCacgnpznQ61fifLWr1tQ-vA?view_as=subscriber"]},{"@type":"Person","@id":"https:\/\/mrnews.com.br\/#\/schema\/person\/2f073f2d87903a2ff9a065e41bbf17d4","name":"Fernando Corraa","image":{"@type":"ImageObject","inLanguage":"pt-BR","@id":"https:\/\/secure.gravatar.com\/avatar\/9069acb0e588c9f4346ba747284aef18a5faaab575e89e9ccc64e315003f0b82?s=96&d=monsterid&r=g","url":"https:\/\/secure.gravatar.com\/avatar\/9069acb0e588c9f4346ba747284aef18a5faaab575e89e9ccc64e315003f0b82?s=96&d=monsterid&r=g","contentUrl":"https:\/\/secure.gravatar.com\/avatar\/9069acb0e588c9f4346ba747284aef18a5faaab575e89e9ccc64e315003f0b82?s=96&d=monsterid&r=g","caption":"Fernando Corraa"},"url":"https:\/\/mrnews.com.br\/index.php\/author\/fernando-corraa\/"}]}},"jetpack_sharing_enabled":true,"jetpack_shortlink":"https:\/\/wp.me\/pa2Qf7-1XeD","amp_enabled":true,"jetpack_featured_media_url":"","_links":{"self":[{"href":"https:\/\/mrnews.com.br\/index.php\/wp-json\/wp\/v2\/posts\/466031","targetHints":{"allow":["GET"]}}],"collection":[{"href":"https:\/\/mrnews.com.br\/index.php\/wp-json\/wp\/v2\/posts"}],"about":[{"href":"https:\/\/mrnews.com.br\/index.php\/wp-json\/wp\/v2\/types\/post"}],"author":[{"embeddable":true,"href":"https:\/\/mrnews.com.br\/index.php\/wp-json\/wp\/v2\/users\/39"}],"replies":[{"embeddable":true,"href":"https:\/\/mrnews.com.br\/index.php\/wp-json\/wp\/v2\/comments?post=466031"}],"version-history":[{"count":0,"href":"https:\/\/mrnews.com.br\/index.php\/wp-json\/wp\/v2\/posts\/466031\/revisions"}],"wp:attachment":[{"href":"https:\/\/mrnews.com.br\/index.php\/wp-json\/wp\/v2\/media?parent=466031"}],"wp:term":[{"taxonomy":"category","embeddable":true,"href":"https:\/\/mrnews.com.br\/index.php\/wp-json\/wp\/v2\/categories?post=466031"},{"taxonomy":"post_tag","embeddable":true,"href":"https:\/\/mrnews.com.br\/index.php\/wp-json\/wp\/v2\/tags?post=466031"}],"curies":[{"name":"wp","href":"https:\/\/api.w.org\/{rel}","templated":true}]}}