{"id":466032,"date":"2026-09-01T14:55:15","date_gmt":"2026-09-01T17:55:15","guid":{"rendered":"https:\/\/mrnews.com.br\/index.php\/2026\/09\/01\/pnd-2026-cartao-de-confirmacao-da-inscricao-sera-divulgado-no-dia-9\/"},"modified":"2026-09-01T14:55:15","modified_gmt":"2026-09-01T17:55:15","slug":"pnd-2026-cartao-de-confirmacao-da-inscricao-sera-divulgado-no-dia-9","status":"publish","type":"post","link":"https:\/\/mrnews.com.br\/index.php\/2026\/09\/01\/pnd-2026-cartao-de-confirmacao-da-inscricao-sera-divulgado-no-dia-9\/","title":{"rendered":"PND 2026: cart\u00e3o de confirma\u00e7\u00e3o da inscri\u00e7\u00e3o ser\u00e1 divulgado no dia 9"},"content":{"rendered":"<p>Por EBC, <\/p>\n<div>\n<p><strong>O cart\u00e3o de confirma\u00e7\u00e3o de inscri\u00e7\u00e3o na\u00a0Prova Nacional Docente (PND) 2026 ser\u00e1 divulgado no pr\u00f3ximo dia 9 pelo Instituto Nacional de Estudos e Pesquisas Educacionais An\u00edsio Teixeira (Inep). <\/strong>A data inicial prevista para publica\u00e7\u00e3o do documento estava marcada para esta segunda-feira (31).<\/p>\n<p><strong>O documento informa data, hor\u00e1rio e local de aplica\u00e7\u00e3o da prova, n\u00famero de inscri\u00e7\u00e3o, al\u00e9m de indicar, quando for o caso, o atendimento especializado aprovado e uso do nome social. O candidato pode acessar o cart\u00e3o na P\u00e1gina do Participante da Prova Nacional Docente (PND) diretamente pelo Sistema PND.<\/strong><\/p>\n<p>A Prova Nacional Docente (PND) \u00e9 um exame anual do Minist\u00e9rio da Educa\u00e7\u00e3o (MEC) para facilitar a contrata\u00e7\u00e3o de professores. As redes p\u00fablicas de ensino podem usar os resultados do certame &#8211;\u00a0chamada de\u00a0Enem dos Professores &#8211;\u00a0em processos seletivos,\u00a0de forma classificat\u00f3ria, eliminat\u00f3ria ou complementar \u00e0 prova pr\u00e1tica. A PND n\u00e3o \u00e9 obrigat\u00f3ria para os professores.<\/p>\n<p>Para orientar os candidatos\u00a0a n\u00e3o perderem\u00a0prazos importantes, o Inep elaborou o Guia do Participante da Prova Nacional Docente \u2013 2026.<\/p>\n<h2>Cronograma<\/h2>\n<p>A retifica\u00e7\u00e3o da nova data de divulga\u00e7\u00e3o do cart\u00e3o de confirma\u00e7\u00e3o da inscri\u00e7\u00e3o\u00a0foi publicada pelo Inep no Di\u00e1rio Oficial da Uni\u00e3o. As demais datas do cronograma da PND 2026 est\u00e3o mantidas.<\/p>\n<p><strong>Conforme previsto no\u00a0edital da PND 2026, a aplica\u00e7\u00e3o das provas est\u00e1 marcada para 20 de setembro em todos os estados, no Distrito Federal e nos munic\u00edpios listados no Portal do Inep<\/strong>.<\/p>\n<p>Confira as demais datas do cronograma da PND 2026:<\/p>\n<ul>\n<li>aplica\u00e7\u00e3o da prova: 20 de setembro;<\/li>\n<li>divulga\u00e7\u00e3o dos cadernos de prova, da grade de corre\u00e7\u00e3o da quest\u00e3o discursiva e das vers\u00f5es preliminares dos gabaritos das quest\u00f5es objetivas: 24 de setembro;<\/li>\n<li>recurso da vers\u00e3o preliminar dos gabaritos das quest\u00f5es objetivas: 24 e 25 de setembro;<\/li>\n<li>reaplica\u00e7\u00e3o da prova para casos espec\u00edficos: 18 de outubro;<\/li>\n<li>divulga\u00e7\u00e3o dos cadernos de prova, da grade de corre\u00e7\u00e3o da quest\u00e3o discursiva e das vers\u00f5es preliminares dos gabaritos das quest\u00f5es objetiva: 24 de outubro;<\/li>\n<li>divulga\u00e7\u00e3o da corre\u00e7\u00e3o preliminar da resposta da quest\u00e3o discursiva: 10 de novembro;<\/li>\n<li>recurso da corre\u00e7\u00e3o da resposta da quest\u00e3o discursiva: 10 a 12 de novembro;<\/li>\n<li>divulga\u00e7\u00e3o do resultado final: 15 de dezembro.<\/li>\n<\/ul>\n<h2>Provas<\/h2>\n<p>A avalia\u00e7\u00e3o te\u00f3rica ter\u00e1 como base o Exame Nacional de Desempenho de Estudantes (Enade) das Licenciaturas, que, desde a edi\u00e7\u00e3o de 2024, foca nos cursos de forma\u00e7\u00e3o docente.<\/p>\n<p><strong>A prova, com dura\u00e7\u00e3o total de cinco horas e 30 minutos, ser\u00e1 composta por uma parte de forma\u00e7\u00e3o geral docente, comum aos cursos de todas as \u00e1reas, e outra de componente espec\u00edfico, pr\u00f3prio de cada \u00e1rea de avalia\u00e7\u00e3o das licenciaturas.<\/strong><\/p>\n<p>A parte de forma\u00e7\u00e3o geral docente ter\u00e1 30 quest\u00f5es de m\u00faltipla escolha, envolvendo situa\u00e7\u00f5es-problema e uma quest\u00e3o discursiva que avaliar\u00e1 aspectos como clareza, coer\u00eancia, coes\u00e3o, estrat\u00e9gias argumentativas, vocabul\u00e1rio e gram\u00e1tica adequados \u00e0 norma padr\u00e3o da l\u00edngua portuguesa.<\/p>\n<p>A parte de componente espec\u00edfico de cada \u00e1rea de avalia\u00e7\u00e3o da PND ter\u00e1 50 quest\u00f5es de m\u00faltipla escolha envolvendo situa\u00e7\u00f5es-problema e estudos de caso.<\/p>\n<h2>\u00c1reas da licenciatura<\/h2>\n<p><strong>Nesta edi\u00e7\u00e3o, 21 \u00e1reas da licenciatura ser\u00e3o avaliadas. Em rela\u00e7\u00e3o a 2025, a amplia\u00e7\u00e3o de \u00e1reas da PND em 2026 incluiu as licenciaturas em: teatro, dan\u00e7a, ci\u00eancias naturais e letras e espanhol.<\/strong><\/p>\n<ul>\n<li>artes visuais<\/li>\n<li>ci\u00eancias biol\u00f3gicas (biologia)<\/li>\n<li>ci\u00eancias naturais (ci\u00eancias da natureza)<\/li>\n<li>ci\u00eancias sociais<\/li>\n<li>computa\u00e7\u00e3o<\/li>\n<li>dan\u00e7a<\/li>\n<li>educa\u00e7\u00e3o f\u00edsica<\/li>\n<li>filosofia<\/li>\n<li>f\u00edsica<\/li>\n<li>geografia<\/li>\n<li>hist\u00f3ria<\/li>\n<li>letras espanhol<\/li>\n<li>letras ingl\u00eas<\/li>\n<li>letras portugu\u00eas<\/li>\n<li>letras portugu\u00eas e espanhol<\/li>\n<li>letras portugu\u00eas e ingl\u00eas<\/li>\n<li>matem\u00e1tica<\/li>\n<li>m\u00fasica<\/li>\n<li>pedagogia<\/li>\n<li>qu\u00edmica<\/li>\n<li>teatro<\/li>\n<\/ul>\n<h2>PND<\/h2>\n<p>A Prova Nacional Docente, al\u00e9m de estimular a realiza\u00e7\u00e3o de concursos p\u00fablicos nas redes p\u00fablicas de ensino, tem os objetivos de melhorar a qualidade dos processos seletivos para professores, e, tamb\u00e9m, induzir o aumento de professores qualificados no magist\u00e9rio p\u00fablico.<\/p>\n<p>A iniciativa federal voltada aos licenciados integra o programa\u00a0Mais Professores\u00a0para o Brasil que re\u00fane a\u00e7\u00f5es integradas para promover a valoriza\u00e7\u00e3o e a qualifica\u00e7\u00e3o do magist\u00e9rio da educa\u00e7\u00e3o b\u00e1sica e o incentivo \u00e0 doc\u00eancia no Brasil.<\/p>\n<p>      <!-- Relacionada --><\/p>\n<p>            <!-- Relacionada -->\n    <\/div>\n","protected":false},"excerpt":{"rendered":"<p>Por EBC, O cart\u00e3o de confirma\u00e7\u00e3o de inscri\u00e7\u00e3o na\u00a0Prova Nacional Docente (PND) 2026 ser\u00e1 divulgado no pr\u00f3ximo dia 9 pelo Instituto Nacional de Estudos e Pesquisas Educacionais An\u00edsio Teixeira (Inep). A data inicial prevista para publica\u00e7\u00e3o do documento estava marcada para esta segunda-feira (31). O documento informa data, hor\u00e1rio e local de aplica\u00e7\u00e3o da prova, &hellip;<\/p>\n","protected":false},"author":39,"featured_media":0,"comment_status":"open","ping_status":"open","sticky":false,"template":"","format":"standard","meta":{"_jetpack_newsletter_access":"","_jetpack_dont_email_post_to_subs":false,"_jetpack_newsletter_tier_id":0,"_jetpack_memberships_contains_paywalled_content":false,"_jetpack_feature_clip_id":0,"_jetpack_memberships_contains_paid_content":false,"footnotes":"","jetpack_post_was_ever_published":false},"categories":[4],"tags":[],"class_list":["post-466032","post","type-post","status-publish","format-standard","hentry","category-servicos"],"yoast_head":"<!-- This site is optimized with the Yoast SEO plugin v28.3 - https:\/\/yoast.com\/product\/yoast-seo-wordpress\/ -->\n<title>PND 2026: cart\u00e3o de confirma\u00e7\u00e3o da inscri\u00e7\u00e3o ser\u00e1 divulgado no dia 9<\/title>\n<meta name=\"robots\" content=\"index, follow, max-snippet:-1, max-image-preview:large, max-video-preview:-1\" \/>\n<link rel=\"canonical\" href=\"https:\/\/agenciabrasil.ebc.com.br\/educacao\/noticia\/2026-09\/pnd-2026-cartao-de-confirmacao-da-inscricao-sera-divulgado-no-dia-9\" \/>\n<meta property=\"og:locale\" content=\"pt_BR\" \/>\n<meta property=\"og:type\" content=\"article\" \/>\n<meta property=\"og:title\" content=\"PND 2026: cart\u00e3o de confirma\u00e7\u00e3o da inscri\u00e7\u00e3o ser\u00e1 divulgado no dia 9\" \/>\n<meta property=\"og:description\" content=\"Por EBC, O cart\u00e3o de confirma\u00e7\u00e3o de inscri\u00e7\u00e3o na\u00a0Prova Nacional Docente (PND) 2026 ser\u00e1 divulgado no pr\u00f3ximo dia 9 pelo Instituto Nacional de Estudos e Pesquisas Educacionais An\u00edsio Teixeira (Inep). A data inicial prevista para publica\u00e7\u00e3o do documento estava marcada para esta segunda-feira (31). O documento informa data, hor\u00e1rio e local de aplica\u00e7\u00e3o da prova, &hellip;\" \/>\n<meta property=\"og:url\" content=\"https:\/\/agenciabrasil.ebc.com.br\/educacao\/noticia\/2026-09\/pnd-2026-cartao-de-confirmacao-da-inscricao-sera-divulgado-no-dia-9\" \/>\n<meta property=\"og:site_name\" content=\"MRNews\" \/>\n<meta property=\"article:publisher\" content=\"https:\/\/www.facebook.com\/eaipahpah\/?locale2=pt_BR\" \/>\n<meta property=\"article:published_time\" content=\"2026-09-01T17:55:15+00:00\" \/>\n<meta name=\"author\" content=\"Fernando Corraa\" \/>\n<meta name=\"twitter:card\" content=\"summary_large_image\" \/>\n<meta name=\"twitter:creator\" content=\"@conspirou\" \/>\n<meta name=\"twitter:site\" content=\"@conspirou\" \/>\n<meta name=\"twitter:label1\" content=\"Escrito por\" \/>\n\t<meta name=\"twitter:data1\" content=\"Fernando Corraa\" \/>\n\t<meta name=\"twitter:label2\" content=\"Est. tempo de leitura\" \/>\n\t<meta name=\"twitter:data2\" content=\"4 minutos\" \/>\n<script type=\"application\/ld+json\" class=\"yoast-schema-graph\">{\"@context\":\"https:\\\/\\\/schema.org\",\"@graph\":[{\"@type\":\"Article\",\"@id\":\"https:\\\/\\\/agenciabrasil.ebc.com.br\\\/educacao\\\/noticia\\\/2026-09\\\/pnd-2026-cartao-de-confirmacao-da-inscricao-sera-divulgado-no-dia-9#article\",\"isPartOf\":{\"@id\":\"https:\\\/\\\/mrnews.com.br\\\/index.php\\\/2026\\\/09\\\/01\\\/pnd-2026-cartao-de-confirmacao-da-inscricao-sera-divulgado-no-dia-9\\\/\"},\"author\":{\"name\":\"Fernando Corraa\",\"@id\":\"https:\\\/\\\/mrnews.com.br\\\/#\\\/schema\\\/person\\\/2f073f2d87903a2ff9a065e41bbf17d4\"},\"headline\":\"PND 2026: cart\u00e3o de confirma\u00e7\u00e3o da inscri\u00e7\u00e3o ser\u00e1 divulgado no dia 9\",\"datePublished\":\"2026-09-01T17:55:15+00:00\",\"mainEntityOfPage\":{\"@id\":\"https:\\\/\\\/mrnews.com.br\\\/index.php\\\/2026\\\/09\\\/01\\\/pnd-2026-cartao-de-confirmacao-da-inscricao-sera-divulgado-no-dia-9\\\/\"},\"wordCount\":741,\"commentCount\":0,\"publisher\":{\"@id\":\"https:\\\/\\\/mrnews.com.br\\\/#organization\"},\"articleSection\":[\"SERVI\u00c7OS\"],\"inLanguage\":\"pt-BR\",\"potentialAction\":[{\"@type\":\"CommentAction\",\"name\":\"Comment\",\"target\":[\"https:\\\/\\\/agenciabrasil.ebc.com.br\\\/educacao\\\/noticia\\\/2026-09\\\/pnd-2026-cartao-de-confirmacao-da-inscricao-sera-divulgado-no-dia-9#respond\"]}]},{\"@type\":\"WebPage\",\"@id\":\"https:\\\/\\\/mrnews.com.br\\\/index.php\\\/2026\\\/09\\\/01\\\/pnd-2026-cartao-de-confirmacao-da-inscricao-sera-divulgado-no-dia-9\\\/\",\"url\":\"https:\\\/\\\/agenciabrasil.ebc.com.br\\\/educacao\\\/noticia\\\/2026-09\\\/pnd-2026-cartao-de-confirmacao-da-inscricao-sera-divulgado-no-dia-9\",\"name\":\"PND 2026: cart\u00e3o de confirma\u00e7\u00e3o da inscri\u00e7\u00e3o ser\u00e1 divulgado no dia 9\",\"isPartOf\":{\"@id\":\"https:\\\/\\\/mrnews.com.br\\\/#website\"},\"datePublished\":\"2026-09-01T17:55:15+00:00\",\"breadcrumb\":{\"@id\":\"https:\\\/\\\/agenciabrasil.ebc.com.br\\\/educacao\\\/noticia\\\/2026-09\\\/pnd-2026-cartao-de-confirmacao-da-inscricao-sera-divulgado-no-dia-9#breadcrumb\"},\"inLanguage\":\"pt-BR\",\"potentialAction\":[{\"@type\":\"ReadAction\",\"target\":[\"https:\\\/\\\/agenciabrasil.ebc.com.br\\\/educacao\\\/noticia\\\/2026-09\\\/pnd-2026-cartao-de-confirmacao-da-inscricao-sera-divulgado-no-dia-9\"]}]},{\"@type\":\"BreadcrumbList\",\"@id\":\"https:\\\/\\\/agenciabrasil.ebc.com.br\\\/educacao\\\/noticia\\\/2026-09\\\/pnd-2026-cartao-de-confirmacao-da-inscricao-sera-divulgado-no-dia-9#breadcrumb\",\"itemListElement\":[{\"@type\":\"ListItem\",\"position\":1,\"name\":\"In\u00edcio\",\"item\":\"https:\\\/\\\/mrnews.com.br\\\/\"},{\"@type\":\"ListItem\",\"position\":2,\"name\":\"PND 2026: cart\u00e3o de confirma\u00e7\u00e3o da inscri\u00e7\u00e3o ser\u00e1 divulgado no dia 9\"}]},{\"@type\":\"WebSite\",\"@id\":\"https:\\\/\\\/mrnews.com.br\\\/#website\",\"url\":\"https:\\\/\\\/mrnews.com.br\\\/\",\"name\":\"MRNews\",\"description\":\"MRNews Jogos de hoje da TV, transmiss\u00f5es ao vivo, Not\u00edcias de futebol, Jogos ao vivo, Lives, resumo de novelas, Programa\u00e7\u00e3o da Globo, A Fazenda e BBB\",\"publisher\":{\"@id\":\"https:\\\/\\\/mrnews.com.br\\\/#organization\"},\"potentialAction\":[{\"@type\":\"SearchAction\",\"target\":{\"@type\":\"EntryPoint\",\"urlTemplate\":\"https:\\\/\\\/mrnews.com.br\\\/?s={search_term_string}\"},\"query-input\":{\"@type\":\"PropertyValueSpecification\",\"valueRequired\":true,\"valueName\":\"search_term_string\"}}],\"inLanguage\":\"pt-BR\"},{\"@type\":\"Organization\",\"@id\":\"https:\\\/\\\/mrnews.com.br\\\/#organization\",\"name\":\"MRNews\",\"url\":\"https:\\\/\\\/mrnews.com.br\\\/\",\"logo\":{\"@type\":\"ImageObject\",\"inLanguage\":\"pt-BR\",\"@id\":\"https:\\\/\\\/mrnews.com.br\\\/#\\\/schema\\\/logo\\\/image\\\/\",\"url\":\"https:\\\/\\\/mrnews.com.br\\\/wp-content\\\/uploads\\\/2026\\\/08\\\/MRNEws.png\",\"contentUrl\":\"https:\\\/\\\/mrnews.com.br\\\/wp-content\\\/uploads\\\/2026\\\/08\\\/MRNEws.png\",\"width\":1254,\"height\":1254,\"caption\":\"MRNews\"},\"image\":{\"@id\":\"https:\\\/\\\/mrnews.com.br\\\/#\\\/schema\\\/logo\\\/image\\\/\"},\"sameAs\":[\"https:\\\/\\\/www.facebook.com\\\/eaipahpah\\\/?locale2=pt_BR\",\"https:\\\/\\\/x.com\\\/conspirou\",\"https:\\\/\\\/www.instagram.com\\\/eai_pahpah\",\"https:\\\/\\\/br.pinterest.com\\\/mrnewsn\\\/boards\\\/\",\"https:\\\/\\\/www.youtube.com\\\/channel\\\/UCacgnpznQ61fifLWr1tQ-vA?view_as=subscriber\"]},{\"@type\":\"Person\",\"@id\":\"https:\\\/\\\/mrnews.com.br\\\/#\\\/schema\\\/person\\\/2f073f2d87903a2ff9a065e41bbf17d4\",\"name\":\"Fernando Corraa\",\"image\":{\"@type\":\"ImageObject\",\"inLanguage\":\"pt-BR\",\"@id\":\"https:\\\/\\\/secure.gravatar.com\\\/avatar\\\/9069acb0e588c9f4346ba747284aef18a5faaab575e89e9ccc64e315003f0b82?s=96&d=monsterid&r=g\",\"url\":\"https:\\\/\\\/secure.gravatar.com\\\/avatar\\\/9069acb0e588c9f4346ba747284aef18a5faaab575e89e9ccc64e315003f0b82?s=96&d=monsterid&r=g\",\"contentUrl\":\"https:\\\/\\\/secure.gravatar.com\\\/avatar\\\/9069acb0e588c9f4346ba747284aef18a5faaab575e89e9ccc64e315003f0b82?s=96&d=monsterid&r=g\",\"caption\":\"Fernando Corraa\"},\"url\":\"https:\\\/\\\/mrnews.com.br\\\/index.php\\\/author\\\/fernando-corraa\\\/\"}]}<\/script>\n<!-- \/ Yoast SEO plugin. -->","yoast_head_json":{"title":"PND 2026: cart\u00e3o de confirma\u00e7\u00e3o da inscri\u00e7\u00e3o ser\u00e1 divulgado no dia 9","robots":{"index":"index","follow":"follow","max-snippet":"max-snippet:-1","max-image-preview":"max-image-preview:large","max-video-preview":"max-video-preview:-1"},"canonical":"https:\/\/agenciabrasil.ebc.com.br\/educacao\/noticia\/2026-09\/pnd-2026-cartao-de-confirmacao-da-inscricao-sera-divulgado-no-dia-9","og_locale":"pt_BR","og_type":"article","og_title":"PND 2026: cart\u00e3o de confirma\u00e7\u00e3o da inscri\u00e7\u00e3o ser\u00e1 divulgado no dia 9","og_description":"Por EBC, O cart\u00e3o de confirma\u00e7\u00e3o de inscri\u00e7\u00e3o na\u00a0Prova Nacional Docente (PND) 2026 ser\u00e1 divulgado no pr\u00f3ximo dia 9 pelo Instituto Nacional de Estudos e Pesquisas Educacionais An\u00edsio Teixeira (Inep). A data inicial prevista para publica\u00e7\u00e3o do documento estava marcada para esta segunda-feira (31). O documento informa data, hor\u00e1rio e local de aplica\u00e7\u00e3o da prova, &hellip;","og_url":"https:\/\/agenciabrasil.ebc.com.br\/educacao\/noticia\/2026-09\/pnd-2026-cartao-de-confirmacao-da-inscricao-sera-divulgado-no-dia-9","og_site_name":"MRNews","article_publisher":"https:\/\/www.facebook.com\/eaipahpah\/?locale2=pt_BR","article_published_time":"2026-09-01T17:55:15+00:00","author":"Fernando Corraa","twitter_card":"summary_large_image","twitter_creator":"@conspirou","twitter_site":"@conspirou","twitter_misc":{"Escrito por":"Fernando Corraa","Est. tempo de leitura":"4 minutos"},"schema":{"@context":"https:\/\/schema.org","@graph":[{"@type":"Article","@id":"https:\/\/agenciabrasil.ebc.com.br\/educacao\/noticia\/2026-09\/pnd-2026-cartao-de-confirmacao-da-inscricao-sera-divulgado-no-dia-9#article","isPartOf":{"@id":"https:\/\/mrnews.com.br\/index.php\/2026\/09\/01\/pnd-2026-cartao-de-confirmacao-da-inscricao-sera-divulgado-no-dia-9\/"},"author":{"name":"Fernando Corraa","@id":"https:\/\/mrnews.com.br\/#\/schema\/person\/2f073f2d87903a2ff9a065e41bbf17d4"},"headline":"PND 2026: cart\u00e3o de confirma\u00e7\u00e3o da inscri\u00e7\u00e3o ser\u00e1 divulgado no dia 9","datePublished":"2026-09-01T17:55:15+00:00","mainEntityOfPage":{"@id":"https:\/\/mrnews.com.br\/index.php\/2026\/09\/01\/pnd-2026-cartao-de-confirmacao-da-inscricao-sera-divulgado-no-dia-9\/"},"wordCount":741,"commentCount":0,"publisher":{"@id":"https:\/\/mrnews.com.br\/#organization"},"articleSection":["SERVI\u00c7OS"],"inLanguage":"pt-BR","potentialAction":[{"@type":"CommentAction","name":"Comment","target":["https:\/\/agenciabrasil.ebc.com.br\/educacao\/noticia\/2026-09\/pnd-2026-cartao-de-confirmacao-da-inscricao-sera-divulgado-no-dia-9#respond"]}]},{"@type":"WebPage","@id":"https:\/\/mrnews.com.br\/index.php\/2026\/09\/01\/pnd-2026-cartao-de-confirmacao-da-inscricao-sera-divulgado-no-dia-9\/","url":"https:\/\/agenciabrasil.ebc.com.br\/educacao\/noticia\/2026-09\/pnd-2026-cartao-de-confirmacao-da-inscricao-sera-divulgado-no-dia-9","name":"PND 2026: cart\u00e3o de confirma\u00e7\u00e3o da inscri\u00e7\u00e3o ser\u00e1 divulgado no dia 9","isPartOf":{"@id":"https:\/\/mrnews.com.br\/#website"},"datePublished":"2026-09-01T17:55:15+00:00","breadcrumb":{"@id":"https:\/\/agenciabrasil.ebc.com.br\/educacao\/noticia\/2026-09\/pnd-2026-cartao-de-confirmacao-da-inscricao-sera-divulgado-no-dia-9#breadcrumb"},"inLanguage":"pt-BR","potentialAction":[{"@type":"ReadAction","target":["https:\/\/agenciabrasil.ebc.com.br\/educacao\/noticia\/2026-09\/pnd-2026-cartao-de-confirmacao-da-inscricao-sera-divulgado-no-dia-9"]}]},{"@type":"BreadcrumbList","@id":"https:\/\/agenciabrasil.ebc.com.br\/educacao\/noticia\/2026-09\/pnd-2026-cartao-de-confirmacao-da-inscricao-sera-divulgado-no-dia-9#breadcrumb","itemListElement":[{"@type":"ListItem","position":1,"name":"In\u00edcio","item":"https:\/\/mrnews.com.br\/"},{"@type":"ListItem","position":2,"name":"PND 2026: cart\u00e3o de confirma\u00e7\u00e3o da inscri\u00e7\u00e3o ser\u00e1 divulgado no dia 9"}]},{"@type":"WebSite","@id":"https:\/\/mrnews.com.br\/#website","url":"https:\/\/mrnews.com.br\/","name":"MRNews","description":"MRNews Jogos de hoje da TV, transmiss\u00f5es ao vivo, Not\u00edcias de futebol, Jogos ao vivo, Lives, resumo de novelas, Programa\u00e7\u00e3o da Globo, A Fazenda e BBB","publisher":{"@id":"https:\/\/mrnews.com.br\/#organization"},"potentialAction":[{"@type":"SearchAction","target":{"@type":"EntryPoint","urlTemplate":"https:\/\/mrnews.com.br\/?s={search_term_string}"},"query-input":{"@type":"PropertyValueSpecification","valueRequired":true,"valueName":"search_term_string"}}],"inLanguage":"pt-BR"},{"@type":"Organization","@id":"https:\/\/mrnews.com.br\/#organization","name":"MRNews","url":"https:\/\/mrnews.com.br\/","logo":{"@type":"ImageObject","inLanguage":"pt-BR","@id":"https:\/\/mrnews.com.br\/#\/schema\/logo\/image\/","url":"https:\/\/mrnews.com.br\/wp-content\/uploads\/2026\/08\/MRNEws.png","contentUrl":"https:\/\/mrnews.com.br\/wp-content\/uploads\/2026\/08\/MRNEws.png","width":1254,"height":1254,"caption":"MRNews"},"image":{"@id":"https:\/\/mrnews.com.br\/#\/schema\/logo\/image\/"},"sameAs":["https:\/\/www.facebook.com\/eaipahpah\/?locale2=pt_BR","https:\/\/x.com\/conspirou","https:\/\/www.instagram.com\/eai_pahpah","https:\/\/br.pinterest.com\/mrnewsn\/boards\/","https:\/\/www.youtube.com\/channel\/UCacgnpznQ61fifLWr1tQ-vA?view_as=subscriber"]},{"@type":"Person","@id":"https:\/\/mrnews.com.br\/#\/schema\/person\/2f073f2d87903a2ff9a065e41bbf17d4","name":"Fernando Corraa","image":{"@type":"ImageObject","inLanguage":"pt-BR","@id":"https:\/\/secure.gravatar.com\/avatar\/9069acb0e588c9f4346ba747284aef18a5faaab575e89e9ccc64e315003f0b82?s=96&d=monsterid&r=g","url":"https:\/\/secure.gravatar.com\/avatar\/9069acb0e588c9f4346ba747284aef18a5faaab575e89e9ccc64e315003f0b82?s=96&d=monsterid&r=g","contentUrl":"https:\/\/secure.gravatar.com\/avatar\/9069acb0e588c9f4346ba747284aef18a5faaab575e89e9ccc64e315003f0b82?s=96&d=monsterid&r=g","caption":"Fernando Corraa"},"url":"https:\/\/mrnews.com.br\/index.php\/author\/fernando-corraa\/"}]}},"jetpack_sharing_enabled":true,"jetpack_shortlink":"https:\/\/wp.me\/pa2Qf7-1XeE","amp_enabled":true,"jetpack_featured_media_url":"","_links":{"self":[{"href":"https:\/\/mrnews.com.br\/index.php\/wp-json\/wp\/v2\/posts\/466032","targetHints":{"allow":["GET"]}}],"collection":[{"href":"https:\/\/mrnews.com.br\/index.php\/wp-json\/wp\/v2\/posts"}],"about":[{"href":"https:\/\/mrnews.com.br\/index.php\/wp-json\/wp\/v2\/types\/post"}],"author":[{"embeddable":true,"href":"https:\/\/mrnews.com.br\/index.php\/wp-json\/wp\/v2\/users\/39"}],"replies":[{"embeddable":true,"href":"https:\/\/mrnews.com.br\/index.php\/wp-json\/wp\/v2\/comments?post=466032"}],"version-history":[{"count":0,"href":"https:\/\/mrnews.com.br\/index.php\/wp-json\/wp\/v2\/posts\/466032\/revisions"}],"wp:attachment":[{"href":"https:\/\/mrnews.com.br\/index.php\/wp-json\/wp\/v2\/media?parent=466032"}],"wp:term":[{"taxonomy":"category","embeddable":true,"href":"https:\/\/mrnews.com.br\/index.php\/wp-json\/wp\/v2\/categories?post=466032"},{"taxonomy":"post_tag","embeddable":true,"href":"https:\/\/mrnews.com.br\/index.php\/wp-json\/wp\/v2\/tags?post=466032"}],"curies":[{"name":"wp","href":"https:\/\/api.w.org\/{rel}","templated":true}]}}