{"id":466033,"date":"2026-09-01T15:37:47","date_gmt":"2026-09-01T18:37:47","guid":{"rendered":"https:\/\/mrnews.com.br\/index.php\/2026\/09\/01\/festival-em-tiradentes-celebra-lacos-da-cozinha-mineira-com-portugal\/"},"modified":"2026-09-01T15:37:47","modified_gmt":"2026-09-01T18:37:47","slug":"festival-em-tiradentes-celebra-lacos-da-cozinha-mineira-com-portugal","status":"publish","type":"post","link":"https:\/\/mrnews.com.br\/index.php\/2026\/09\/01\/festival-em-tiradentes-celebra-lacos-da-cozinha-mineira-com-portugal\/","title":{"rendered":"Festival em Tiradentes celebra la\u00e7os da cozinha mineira com Portugal"},"content":{"rendered":"<p>Por EBC, <\/p>\n<div>\n<p>Cerca de 70 mil pessoas circularam nos dez dias da 29\u00aa edi\u00e7\u00e3o do Festival Cultura e Gastronomia de Tiradentes, que se encerrou no \u00faltimo domingo (30) na cidade hist\u00f3rica de Minas Gerais. Visitantes, chefes de cozinha e produtores locais puderam trocar experi\u00eancias e aprender novas t\u00e9cnicas em aulas de cozinha ao vivo, palestras e espa\u00e7os interativos.<\/p>\n<p>Em 2026, esse encontro de sabores, hist\u00f3rias e culturas teve como tema <em>Minas Lusit\u00e2nia \u2013 um elo entre culturas<\/em>, que revelou como <strong>ingredientes, t\u00e9cnicas, costumes e modos de preparar os alimentos com refer\u00eancias portuguesas se tornaram parte da identidade gastron\u00f4mica mineira<\/strong>.<\/p>\n<p>O curador gastron\u00f4mico Rusty Marcellini conta que suas viagens a Portugal o fizeram perceber as similaridades da gastronomia lusitana com Minas Gerais. Para ele, um festival deve ter como objetivo ensinar para o p\u00fablico sobre a cultura gastron\u00f4mica e estimular o interc\u00e2mbio de ingredientes e t\u00e9cnicas entre os chefes.<\/p>\n<blockquote>\n<p>\u201cExiste uma identidade muito grande entre Portugal e Minas Gerais, e as pessoas n\u00e3o t\u00eam essa consci\u00eancia. A cultura dos quintais e das hortas, a cultura do porco, como o caso do leit\u00e3o a pururuca. No Alentejo, \u00e9 muito forte a cultura do porco, a charcutaria\u201d, disse Rusty.<\/p>\n<\/blockquote>\n<p>\u00a0<\/p>\n<div class=\"dnd-widget-wrapper context-cheio_8colunas type-image\">\n<div class=\"dnd-atom-rendered\"><!-- scald=473148:cheio_8colunas --><\/p>\n<p>    <!-- END scald=473148 --><\/div>\n<p><h6 class=\"meta\">O curador do\u00a0Festival Cultura e Gastronomia de Tiradentes, Rusty Marcellini, na pra\u00e7a Sant\u00edssimo. Foto:\u00a0<strong>Fernando Fraz\u00e3o\/Ag\u00eancia Brasil<\/strong><!--END copyright=473148--><\/h6>\n<\/p>\n<\/div>\n<p>A plataforma Fartura Brasil, organizadora do evento, tamb\u00e9m realiza a\u00e7\u00f5es em Portugal desde 2018, com expedi\u00e7\u00f5es de pesquisa gastron\u00f4mica, uma edi\u00e7\u00e3o do Festival Fartura em Lisboa e participa\u00e7\u00e3o no Ess\u00eancia do Vinho na capital portuguesa e na cidade do Porto.<\/p>\n<p>Para a 30\u00aa edi\u00e7\u00e3o do Festival de Tiradentes, em 2027, ainda n\u00e3o h\u00e1 um tema definido. Rusty afirma que gostaria muito de homenagear as pessoas que mais participaram do evento ao longo dos anos.<\/p>\n<p>\u201cTalvez falar tamb\u00e9m da Am\u00e9rica Latina, sair um pouco da Europa e voltar \u00e0s nossas origens. Ser\u00e1 uma grande festa. \u00c9 o festival gastron\u00f4mico mais longevo do Brasil. Depois do Festival de Tiradentes, vimos esse modelo sendo seguido por outros festivais pelo Brasil. Ele inspira outros festivais\u201d.<\/p>\n<h2>Gastronomia na pra\u00e7a<\/h2>\n<p>O Largo das Forras, principal pra\u00e7a da cidade mineira, foi ocupado pelo Espa\u00e7o Conhecimento e Espa\u00e7o Interativo do Sistema Fecom\u00e9rcio de Minas Gerais. Um dos eventos mais concorridos eram os desafios culin\u00e1rios, competi\u00e7\u00e3o do p\u00fablico para fazer o prato proposto por um chefe que o preparava ao vivo. Os participantes aprendiam v\u00e1rias t\u00e9cnicas ao longo da prova e os tr\u00eas melhores eram premiados.<\/p>\n<p>No domingo (30), o chefe Ronie Peterson, especialista em gastronomia do Servi\u00e7o Nacional de Aprendizagem Comercial (Senac) de Minas Gerais, em Belo Horizonte, ensinou uma galinhada. Ele conta que participa do festival desde a primeira edi\u00e7\u00e3o como estudante de gastronomia do Senac.<\/p>\n<p>\u201cTive a oportunidade de estar aqui crescendo, aprendendo. Faz muito parte da minha jornada professional, conhecendo outros chefs, novidades da \u00e1rea. A gente tem a oportunidade de trocar. \u00c9 um grande congresso em que todos os chefs se re\u00fanem para trazer o melhor da gastronomia. Eu aprendo o tempo todo\u201d, disse Ronie.<\/p>\n<p>\u00a0<\/p>\n<div class=\"dnd-widget-wrapper context-cheio_8colunas type-image\">\n<div class=\"dnd-atom-rendered\"><!-- scald=473145:cheio_8colunas --><\/p>\n<p>    <!-- END scald=473145 --><\/div>\n<p><h6 class=\"meta\">O chef Ronie Peterson (e) ensina o preparo de uma galinhada aos participantes do Desafio Culin\u00e1rio no Festival Cultura e Gastronomia de Tiradentes. Foto:\u00a0<strong>Fernando Fraz\u00e3o\/Ag\u00eancia Brasil<\/strong><!--END copyright=473145--><\/h6>\n<\/p>\n<\/div>\n<p>A primeira colocada neste desafio foi Zoraide Santos, de 58 anos, que atua na culin\u00e1ria em Teres\u00f3polis, na Regi\u00e3o Serrana do Rio de Janeiro. Ela conta que participa h\u00e1 cinco anos do festival de Tiradentes.<\/p>\n<p>\u201cEu acho fundamental a gente estar sempre atr\u00e1s de conhecimentos novos. A gente sempre aprende uma t\u00e9cnica nova que facilita nossa vida\u201d.<\/p>\n<p>A professora de gastronomia na Universidade de Lavras e criadora de conte\u00fados de receita para a internet Juju Guerra participou de um Cozinha ao Vivo, apresenta\u00e7\u00e3o em que os chefes cozinham em tempo real, compartilhando t\u00e9cnicas e hist\u00f3rias com o p\u00fablico. Ela preparou o risoni das Gerais com pato, paio, cacha\u00e7a e torresmo no s\u00e1bado (29).<\/p>\n<p>Juju Guerra conta que j\u00e1 frequentava o festival como estudante de gastronomia, mas que participou como chef convidada pela primeira vez no ano passado.<\/p>\n<p>\u201cO festival \u00e9 um lugar que todo cozinheiro gostaria de estar, porque aqui voc\u00ea se conecta com as pessoas. A gente troca ideias e viv\u00eancias\u201d, afirmou Juju.<\/p>\n<p>\u00a0<\/p>\n<div class=\"dnd-widget-wrapper context-cheio_8colunas type-image\">\n<div class=\"dnd-atom-rendered\"><!-- scald=473129:cheio_8colunas --><\/p>\n<p>    <!-- END scald=473129 --><\/div>\n<p><h6 class=\"meta\">\u00a0A chef Juju Guerra cozinha ao vivo para o p\u00fablico no Festival Cultura e Gastronomia de Tiradentes, em sua 29\u00aa edi\u00e7\u00e3o, na pra\u00e7a Sant\u00edssimo. Foto:\u00a0<strong>Fernando Fraz\u00e3o\/Ag\u00eancia Brasil<\/strong><!--END copyright=473129--><\/h6>\n<\/p>\n<\/div>\n<h2>Mar e montanha<\/h2>\n<p>O evento tamb\u00e9m contemplava estandes de restaurantes. O Bar do Zez\u00e9, de Barreiro, em Belo Horizonte, preparou\u00a0seu consagrado torresmo de rolo. <strong>Vitor Jos\u00e9 Martins conta que trouxe uma tonelada de barriga de porco para dar conta dos pedidos<\/strong>. O bar come\u00e7ou como uma mercearia e virou restaurante familiar em 1999.<\/p>\n<p>\u201cA gente faz amigos, conhece a t\u00e9cnica deles, v\u00ea o que funciona. Meu vizinho de estande, o Ilhote, j\u00e1 falou que ano que vem vamos criar um prato de frutos do mar com torresmo. Vamos casar mar e montanha\u201d, disse Vitor.<\/p>\n<p>O chefe Rafael Pires, do restaurante Ilhote Sul, em Maca\u00e9, no Rio de Janeiro, filho do fundador do festival, Ralph Justino, frequenta o evento desde os 10 anos de idade e gostava de participar das aulas.<\/p>\n<p>\u201cFui crescendo vivenciando o festival e a gastronomia at\u00e9 o momento em que fui me formar no Senac. Depois, voltei a participar do festival de outra forma, dando aula, com participa\u00e7\u00e3o no estande, ajudando grandes chefes\u201d.<\/p>\n<p>\u00a0<\/p>\n<div class=\"dnd-widget-wrapper context-cheio_8colunas type-image\">\n<div class=\"dnd-atom-rendered\"><!-- scald=473152:cheio_8colunas --><\/p>\n<p>    <!-- END scald=473152 --><\/div>\n<p><h6 class=\"meta\">O chefe Rafael Pires, do restaurante Ilhote Sul, serve pratos com frutos do mar no Festival Cultura e Gastronomia de Tiradentes, na pra\u00e7a Sant\u00edssimo. Foto:\u00a0<strong>Fernando Fraz\u00e3o\/Ag\u00eancia Brasil<\/strong><!--END copyright=473152--><\/h6>\n<\/p>\n<\/div>\n<p>Rafael conta que trouxe quase uma tonelada de frutos do mar para servir 3 mil por\u00e7\u00f5es. <strong>Um dos sucessos do card\u00e1pio foi o p\u00e3o de queijo recheado com polvo e molho romesco<\/strong>.<\/p>\n<p>\u201cAqui \u00e9 um ponto de encontro para conhecer novos cozinheiros e novas tend\u00eancias\u201d.<\/p>\n<h2>Enoturismo<\/h2>\n<p>Na Vin\u00edcola Trindade, foi lan\u00e7ado um guia com as rotas do vinho e das vin\u00edcolas do Brasil, da Argentina, do Chile e do Uruguai. A publica\u00e7\u00e3o \u00e9 promovida pela Organiza\u00e7\u00e3o das Na\u00e7\u00f5es Unidas (ONU) Turismo e visa a dar visibilidade ao enoturismo.<\/p>\n<p>Segundo o diretor de investimentos do escrit\u00f3rio para as Am\u00e9ricas da ONU Turismo, Daniel Nepomuceno, a iniciativa privada brasileira investe R$ 20 bilh\u00f5es no setor.<\/p>\n<div class=\"dnd-widget-wrapper context-cheio_8colunas type-image\">\n<div class=\"dnd-atom-rendered\"><!-- scald=473137:cheio_8colunas --><\/p>\n<p>    <!-- END scald=473137 --><\/div>\n<p><h6 class=\"meta\">Lan\u00e7amento do Guia Adega de Rotas de Vinhos das Am\u00e9ricas, em parceria com a ONU Turismo, no Festival Cultura e Gastronomia de Tiradentes, durante degusta\u00e7\u00e3o de vinhos na Vin\u00edcola Trindade. Foto:\u00a0\u00a0<strong>Fernando Fraz\u00e3o\/Ag\u00eancia Brasil<\/strong><!--END copyright=473137--><\/h6>\n<\/p>\n<\/div>\n<p>\u201cCatalogamos todas as experi\u00eancias tur\u00edsticas que j\u00e1 est\u00e3o no mercado para auxiliar os turistas para que reconhe\u00e7am quem est\u00e1 investindo no enoturismo, como uma maneira de colocar o Brasil na rota do vinho mundial.\u201d, afirmou.<\/p>\n<p><em>*A reportagem viajou a convite do Fartura Brasil.<\/em><\/p>\n<p>      <!-- Relacionada --><\/p>\n<p>            <!-- Relacionada -->\n    <\/div>\n","protected":false},"excerpt":{"rendered":"<p>Por EBC, Cerca de 70 mil pessoas circularam nos dez dias da 29\u00aa edi\u00e7\u00e3o do Festival Cultura e Gastronomia de Tiradentes, que se encerrou no \u00faltimo domingo (30) na cidade hist\u00f3rica de Minas Gerais. Visitantes, chefes de cozinha e produtores locais puderam trocar experi\u00eancias e aprender novas t\u00e9cnicas em aulas de cozinha ao vivo, palestras &hellip;<\/p>\n","protected":false},"author":39,"featured_media":0,"comment_status":"open","ping_status":"open","sticky":false,"template":"","format":"standard","meta":{"_jetpack_newsletter_access":"","_jetpack_dont_email_post_to_subs":false,"_jetpack_newsletter_tier_id":0,"_jetpack_memberships_contains_paywalled_content":false,"_jetpack_feature_clip_id":0,"_jetpack_memberships_contains_paid_content":false,"footnotes":"","jetpack_post_was_ever_published":false},"categories":[4],"tags":[],"class_list":["post-466033","post","type-post","status-publish","format-standard","hentry","category-servicos"],"yoast_head":"<!-- This site is optimized with the Yoast SEO plugin v28.3 - https:\/\/yoast.com\/product\/yoast-seo-wordpress\/ -->\n<title>Festival em Tiradentes celebra la\u00e7os da cozinha mineira com Portugal<\/title>\n<meta name=\"robots\" content=\"index, follow, max-snippet:-1, max-image-preview:large, max-video-preview:-1\" \/>\n<link rel=\"canonical\" href=\"https:\/\/agenciabrasil.ebc.com.br\/cultura\/noticia\/2026-09\/festival-de-tiradentes-celebra-lacos-da-cozinha-mineira-com-portugal\" \/>\n<meta property=\"og:locale\" content=\"pt_BR\" \/>\n<meta property=\"og:type\" content=\"article\" \/>\n<meta property=\"og:title\" content=\"Festival em Tiradentes celebra la\u00e7os da cozinha mineira com Portugal\" \/>\n<meta property=\"og:description\" content=\"Por EBC, Cerca de 70 mil pessoas circularam nos dez dias da 29\u00aa edi\u00e7\u00e3o do Festival Cultura e Gastronomia de Tiradentes, que se encerrou no \u00faltimo domingo (30) na cidade hist\u00f3rica de Minas Gerais. Visitantes, chefes de cozinha e produtores locais puderam trocar experi\u00eancias e aprender novas t\u00e9cnicas em aulas de cozinha ao vivo, palestras &hellip;\" \/>\n<meta property=\"og:url\" content=\"https:\/\/agenciabrasil.ebc.com.br\/cultura\/noticia\/2026-09\/festival-de-tiradentes-celebra-lacos-da-cozinha-mineira-com-portugal\" \/>\n<meta property=\"og:site_name\" content=\"MRNews\" \/>\n<meta property=\"article:publisher\" content=\"https:\/\/www.facebook.com\/eaipahpah\/?locale2=pt_BR\" \/>\n<meta property=\"article:published_time\" content=\"2026-09-01T18:37:47+00:00\" \/>\n<meta name=\"author\" content=\"Fernando Corraa\" \/>\n<meta name=\"twitter:card\" content=\"summary_large_image\" \/>\n<meta name=\"twitter:creator\" content=\"@conspirou\" \/>\n<meta name=\"twitter:site\" content=\"@conspirou\" \/>\n<meta name=\"twitter:label1\" content=\"Escrito por\" \/>\n\t<meta name=\"twitter:data1\" content=\"Fernando Corraa\" \/>\n\t<meta name=\"twitter:label2\" content=\"Est. tempo de leitura\" \/>\n\t<meta name=\"twitter:data2\" content=\"6 minutos\" \/>\n<script type=\"application\/ld+json\" class=\"yoast-schema-graph\">{\"@context\":\"https:\\\/\\\/schema.org\",\"@graph\":[{\"@type\":\"Article\",\"@id\":\"https:\\\/\\\/agenciabrasil.ebc.com.br\\\/cultura\\\/noticia\\\/2026-09\\\/festival-de-tiradentes-celebra-lacos-da-cozinha-mineira-com-portugal#article\",\"isPartOf\":{\"@id\":\"https:\\\/\\\/mrnews.com.br\\\/index.php\\\/2026\\\/09\\\/01\\\/festival-em-tiradentes-celebra-lacos-da-cozinha-mineira-com-portugal\\\/\"},\"author\":{\"name\":\"Fernando Corraa\",\"@id\":\"https:\\\/\\\/mrnews.com.br\\\/#\\\/schema\\\/person\\\/2f073f2d87903a2ff9a065e41bbf17d4\"},\"headline\":\"Festival em Tiradentes celebra la\u00e7os da cozinha mineira com Portugal\",\"datePublished\":\"2026-09-01T18:37:47+00:00\",\"mainEntityOfPage\":{\"@id\":\"https:\\\/\\\/mrnews.com.br\\\/index.php\\\/2026\\\/09\\\/01\\\/festival-em-tiradentes-celebra-lacos-da-cozinha-mineira-com-portugal\\\/\"},\"wordCount\":1195,\"commentCount\":0,\"publisher\":{\"@id\":\"https:\\\/\\\/mrnews.com.br\\\/#organization\"},\"articleSection\":[\"SERVI\u00c7OS\"],\"inLanguage\":\"pt-BR\",\"potentialAction\":[{\"@type\":\"CommentAction\",\"name\":\"Comment\",\"target\":[\"https:\\\/\\\/agenciabrasil.ebc.com.br\\\/cultura\\\/noticia\\\/2026-09\\\/festival-de-tiradentes-celebra-lacos-da-cozinha-mineira-com-portugal#respond\"]}]},{\"@type\":\"WebPage\",\"@id\":\"https:\\\/\\\/mrnews.com.br\\\/index.php\\\/2026\\\/09\\\/01\\\/festival-em-tiradentes-celebra-lacos-da-cozinha-mineira-com-portugal\\\/\",\"url\":\"https:\\\/\\\/agenciabrasil.ebc.com.br\\\/cultura\\\/noticia\\\/2026-09\\\/festival-de-tiradentes-celebra-lacos-da-cozinha-mineira-com-portugal\",\"name\":\"Festival em Tiradentes celebra la\u00e7os da cozinha mineira com Portugal\",\"isPartOf\":{\"@id\":\"https:\\\/\\\/mrnews.com.br\\\/#website\"},\"datePublished\":\"2026-09-01T18:37:47+00:00\",\"breadcrumb\":{\"@id\":\"https:\\\/\\\/agenciabrasil.ebc.com.br\\\/cultura\\\/noticia\\\/2026-09\\\/festival-de-tiradentes-celebra-lacos-da-cozinha-mineira-com-portugal#breadcrumb\"},\"inLanguage\":\"pt-BR\",\"potentialAction\":[{\"@type\":\"ReadAction\",\"target\":[\"https:\\\/\\\/agenciabrasil.ebc.com.br\\\/cultura\\\/noticia\\\/2026-09\\\/festival-de-tiradentes-celebra-lacos-da-cozinha-mineira-com-portugal\"]}]},{\"@type\":\"BreadcrumbList\",\"@id\":\"https:\\\/\\\/agenciabrasil.ebc.com.br\\\/cultura\\\/noticia\\\/2026-09\\\/festival-de-tiradentes-celebra-lacos-da-cozinha-mineira-com-portugal#breadcrumb\",\"itemListElement\":[{\"@type\":\"ListItem\",\"position\":1,\"name\":\"In\u00edcio\",\"item\":\"https:\\\/\\\/mrnews.com.br\\\/\"},{\"@type\":\"ListItem\",\"position\":2,\"name\":\"Festival em Tiradentes celebra la\u00e7os da cozinha mineira com Portugal\"}]},{\"@type\":\"WebSite\",\"@id\":\"https:\\\/\\\/mrnews.com.br\\\/#website\",\"url\":\"https:\\\/\\\/mrnews.com.br\\\/\",\"name\":\"MRNews\",\"description\":\"MRNews Jogos de hoje da TV, transmiss\u00f5es ao vivo, Not\u00edcias de futebol, Jogos ao vivo, Lives, resumo de novelas, Programa\u00e7\u00e3o da Globo, A Fazenda e BBB\",\"publisher\":{\"@id\":\"https:\\\/\\\/mrnews.com.br\\\/#organization\"},\"potentialAction\":[{\"@type\":\"SearchAction\",\"target\":{\"@type\":\"EntryPoint\",\"urlTemplate\":\"https:\\\/\\\/mrnews.com.br\\\/?s={search_term_string}\"},\"query-input\":{\"@type\":\"PropertyValueSpecification\",\"valueRequired\":true,\"valueName\":\"search_term_string\"}}],\"inLanguage\":\"pt-BR\"},{\"@type\":\"Organization\",\"@id\":\"https:\\\/\\\/mrnews.com.br\\\/#organization\",\"name\":\"MRNews\",\"url\":\"https:\\\/\\\/mrnews.com.br\\\/\",\"logo\":{\"@type\":\"ImageObject\",\"inLanguage\":\"pt-BR\",\"@id\":\"https:\\\/\\\/mrnews.com.br\\\/#\\\/schema\\\/logo\\\/image\\\/\",\"url\":\"https:\\\/\\\/mrnews.com.br\\\/wp-content\\\/uploads\\\/2026\\\/08\\\/MRNEws.png\",\"contentUrl\":\"https:\\\/\\\/mrnews.com.br\\\/wp-content\\\/uploads\\\/2026\\\/08\\\/MRNEws.png\",\"width\":1254,\"height\":1254,\"caption\":\"MRNews\"},\"image\":{\"@id\":\"https:\\\/\\\/mrnews.com.br\\\/#\\\/schema\\\/logo\\\/image\\\/\"},\"sameAs\":[\"https:\\\/\\\/www.facebook.com\\\/eaipahpah\\\/?locale2=pt_BR\",\"https:\\\/\\\/x.com\\\/conspirou\",\"https:\\\/\\\/www.instagram.com\\\/eai_pahpah\",\"https:\\\/\\\/br.pinterest.com\\\/mrnewsn\\\/boards\\\/\",\"https:\\\/\\\/www.youtube.com\\\/channel\\\/UCacgnpznQ61fifLWr1tQ-vA?view_as=subscriber\"]},{\"@type\":\"Person\",\"@id\":\"https:\\\/\\\/mrnews.com.br\\\/#\\\/schema\\\/person\\\/2f073f2d87903a2ff9a065e41bbf17d4\",\"name\":\"Fernando Corraa\",\"image\":{\"@type\":\"ImageObject\",\"inLanguage\":\"pt-BR\",\"@id\":\"https:\\\/\\\/secure.gravatar.com\\\/avatar\\\/9069acb0e588c9f4346ba747284aef18a5faaab575e89e9ccc64e315003f0b82?s=96&d=monsterid&r=g\",\"url\":\"https:\\\/\\\/secure.gravatar.com\\\/avatar\\\/9069acb0e588c9f4346ba747284aef18a5faaab575e89e9ccc64e315003f0b82?s=96&d=monsterid&r=g\",\"contentUrl\":\"https:\\\/\\\/secure.gravatar.com\\\/avatar\\\/9069acb0e588c9f4346ba747284aef18a5faaab575e89e9ccc64e315003f0b82?s=96&d=monsterid&r=g\",\"caption\":\"Fernando Corraa\"},\"url\":\"https:\\\/\\\/mrnews.com.br\\\/index.php\\\/author\\\/fernando-corraa\\\/\"}]}<\/script>\n<!-- \/ Yoast SEO plugin. -->","yoast_head_json":{"title":"Festival em Tiradentes celebra la\u00e7os da cozinha mineira com Portugal","robots":{"index":"index","follow":"follow","max-snippet":"max-snippet:-1","max-image-preview":"max-image-preview:large","max-video-preview":"max-video-preview:-1"},"canonical":"https:\/\/agenciabrasil.ebc.com.br\/cultura\/noticia\/2026-09\/festival-de-tiradentes-celebra-lacos-da-cozinha-mineira-com-portugal","og_locale":"pt_BR","og_type":"article","og_title":"Festival em Tiradentes celebra la\u00e7os da cozinha mineira com Portugal","og_description":"Por EBC, Cerca de 70 mil pessoas circularam nos dez dias da 29\u00aa edi\u00e7\u00e3o do Festival Cultura e Gastronomia de Tiradentes, que se encerrou no \u00faltimo domingo (30) na cidade hist\u00f3rica de Minas Gerais. Visitantes, chefes de cozinha e produtores locais puderam trocar experi\u00eancias e aprender novas t\u00e9cnicas em aulas de cozinha ao vivo, palestras &hellip;","og_url":"https:\/\/agenciabrasil.ebc.com.br\/cultura\/noticia\/2026-09\/festival-de-tiradentes-celebra-lacos-da-cozinha-mineira-com-portugal","og_site_name":"MRNews","article_publisher":"https:\/\/www.facebook.com\/eaipahpah\/?locale2=pt_BR","article_published_time":"2026-09-01T18:37:47+00:00","author":"Fernando Corraa","twitter_card":"summary_large_image","twitter_creator":"@conspirou","twitter_site":"@conspirou","twitter_misc":{"Escrito por":"Fernando Corraa","Est. tempo de leitura":"6 minutos"},"schema":{"@context":"https:\/\/schema.org","@graph":[{"@type":"Article","@id":"https:\/\/agenciabrasil.ebc.com.br\/cultura\/noticia\/2026-09\/festival-de-tiradentes-celebra-lacos-da-cozinha-mineira-com-portugal#article","isPartOf":{"@id":"https:\/\/mrnews.com.br\/index.php\/2026\/09\/01\/festival-em-tiradentes-celebra-lacos-da-cozinha-mineira-com-portugal\/"},"author":{"name":"Fernando Corraa","@id":"https:\/\/mrnews.com.br\/#\/schema\/person\/2f073f2d87903a2ff9a065e41bbf17d4"},"headline":"Festival em Tiradentes celebra la\u00e7os da cozinha mineira com Portugal","datePublished":"2026-09-01T18:37:47+00:00","mainEntityOfPage":{"@id":"https:\/\/mrnews.com.br\/index.php\/2026\/09\/01\/festival-em-tiradentes-celebra-lacos-da-cozinha-mineira-com-portugal\/"},"wordCount":1195,"commentCount":0,"publisher":{"@id":"https:\/\/mrnews.com.br\/#organization"},"articleSection":["SERVI\u00c7OS"],"inLanguage":"pt-BR","potentialAction":[{"@type":"CommentAction","name":"Comment","target":["https:\/\/agenciabrasil.ebc.com.br\/cultura\/noticia\/2026-09\/festival-de-tiradentes-celebra-lacos-da-cozinha-mineira-com-portugal#respond"]}]},{"@type":"WebPage","@id":"https:\/\/mrnews.com.br\/index.php\/2026\/09\/01\/festival-em-tiradentes-celebra-lacos-da-cozinha-mineira-com-portugal\/","url":"https:\/\/agenciabrasil.ebc.com.br\/cultura\/noticia\/2026-09\/festival-de-tiradentes-celebra-lacos-da-cozinha-mineira-com-portugal","name":"Festival em Tiradentes celebra la\u00e7os da cozinha mineira com Portugal","isPartOf":{"@id":"https:\/\/mrnews.com.br\/#website"},"datePublished":"2026-09-01T18:37:47+00:00","breadcrumb":{"@id":"https:\/\/agenciabrasil.ebc.com.br\/cultura\/noticia\/2026-09\/festival-de-tiradentes-celebra-lacos-da-cozinha-mineira-com-portugal#breadcrumb"},"inLanguage":"pt-BR","potentialAction":[{"@type":"ReadAction","target":["https:\/\/agenciabrasil.ebc.com.br\/cultura\/noticia\/2026-09\/festival-de-tiradentes-celebra-lacos-da-cozinha-mineira-com-portugal"]}]},{"@type":"BreadcrumbList","@id":"https:\/\/agenciabrasil.ebc.com.br\/cultura\/noticia\/2026-09\/festival-de-tiradentes-celebra-lacos-da-cozinha-mineira-com-portugal#breadcrumb","itemListElement":[{"@type":"ListItem","position":1,"name":"In\u00edcio","item":"https:\/\/mrnews.com.br\/"},{"@type":"ListItem","position":2,"name":"Festival em Tiradentes celebra la\u00e7os da cozinha mineira com Portugal"}]},{"@type":"WebSite","@id":"https:\/\/mrnews.com.br\/#website","url":"https:\/\/mrnews.com.br\/","name":"MRNews","description":"MRNews Jogos de hoje da TV, transmiss\u00f5es ao vivo, Not\u00edcias de futebol, Jogos ao vivo, Lives, resumo de novelas, Programa\u00e7\u00e3o da Globo, A Fazenda e BBB","publisher":{"@id":"https:\/\/mrnews.com.br\/#organization"},"potentialAction":[{"@type":"SearchAction","target":{"@type":"EntryPoint","urlTemplate":"https:\/\/mrnews.com.br\/?s={search_term_string}"},"query-input":{"@type":"PropertyValueSpecification","valueRequired":true,"valueName":"search_term_string"}}],"inLanguage":"pt-BR"},{"@type":"Organization","@id":"https:\/\/mrnews.com.br\/#organization","name":"MRNews","url":"https:\/\/mrnews.com.br\/","logo":{"@type":"ImageObject","inLanguage":"pt-BR","@id":"https:\/\/mrnews.com.br\/#\/schema\/logo\/image\/","url":"https:\/\/mrnews.com.br\/wp-content\/uploads\/2026\/08\/MRNEws.png","contentUrl":"https:\/\/mrnews.com.br\/wp-content\/uploads\/2026\/08\/MRNEws.png","width":1254,"height":1254,"caption":"MRNews"},"image":{"@id":"https:\/\/mrnews.com.br\/#\/schema\/logo\/image\/"},"sameAs":["https:\/\/www.facebook.com\/eaipahpah\/?locale2=pt_BR","https:\/\/x.com\/conspirou","https:\/\/www.instagram.com\/eai_pahpah","https:\/\/br.pinterest.com\/mrnewsn\/boards\/","https:\/\/www.youtube.com\/channel\/UCacgnpznQ61fifLWr1tQ-vA?view_as=subscriber"]},{"@type":"Person","@id":"https:\/\/mrnews.com.br\/#\/schema\/person\/2f073f2d87903a2ff9a065e41bbf17d4","name":"Fernando Corraa","image":{"@type":"ImageObject","inLanguage":"pt-BR","@id":"https:\/\/secure.gravatar.com\/avatar\/9069acb0e588c9f4346ba747284aef18a5faaab575e89e9ccc64e315003f0b82?s=96&d=monsterid&r=g","url":"https:\/\/secure.gravatar.com\/avatar\/9069acb0e588c9f4346ba747284aef18a5faaab575e89e9ccc64e315003f0b82?s=96&d=monsterid&r=g","contentUrl":"https:\/\/secure.gravatar.com\/avatar\/9069acb0e588c9f4346ba747284aef18a5faaab575e89e9ccc64e315003f0b82?s=96&d=monsterid&r=g","caption":"Fernando Corraa"},"url":"https:\/\/mrnews.com.br\/index.php\/author\/fernando-corraa\/"}]}},"jetpack_sharing_enabled":true,"jetpack_shortlink":"https:\/\/wp.me\/pa2Qf7-1XeF","amp_enabled":true,"jetpack_featured_media_url":"","_links":{"self":[{"href":"https:\/\/mrnews.com.br\/index.php\/wp-json\/wp\/v2\/posts\/466033","targetHints":{"allow":["GET"]}}],"collection":[{"href":"https:\/\/mrnews.com.br\/index.php\/wp-json\/wp\/v2\/posts"}],"about":[{"href":"https:\/\/mrnews.com.br\/index.php\/wp-json\/wp\/v2\/types\/post"}],"author":[{"embeddable":true,"href":"https:\/\/mrnews.com.br\/index.php\/wp-json\/wp\/v2\/users\/39"}],"replies":[{"embeddable":true,"href":"https:\/\/mrnews.com.br\/index.php\/wp-json\/wp\/v2\/comments?post=466033"}],"version-history":[{"count":0,"href":"https:\/\/mrnews.com.br\/index.php\/wp-json\/wp\/v2\/posts\/466033\/revisions"}],"wp:attachment":[{"href":"https:\/\/mrnews.com.br\/index.php\/wp-json\/wp\/v2\/media?parent=466033"}],"wp:term":[{"taxonomy":"category","embeddable":true,"href":"https:\/\/mrnews.com.br\/index.php\/wp-json\/wp\/v2\/categories?post=466033"},{"taxonomy":"post_tag","embeddable":true,"href":"https:\/\/mrnews.com.br\/index.php\/wp-json\/wp\/v2\/tags?post=466033"}],"curies":[{"name":"wp","href":"https:\/\/api.w.org\/{rel}","templated":true}]}}