{"id":466035,"date":"2026-09-01T17:00:55","date_gmt":"2026-09-01T20:00:55","guid":{"rendered":"https:\/\/mrnews.com.br\/index.php\/2026\/09\/01\/petrobras-reajusta-preco-medio-do-querosene-de-aviacao-em-139\/"},"modified":"2026-09-01T17:00:55","modified_gmt":"2026-09-01T20:00:55","slug":"petrobras-reajusta-preco-medio-do-querosene-de-aviacao-em-139","status":"publish","type":"post","link":"https:\/\/mrnews.com.br\/index.php\/2026\/09\/01\/petrobras-reajusta-preco-medio-do-querosene-de-aviacao-em-139\/","title":{"rendered":"Petrobras reajusta pre\u00e7o m\u00e9dio do querosene de avia\u00e7\u00e3o em 13,9%"},"content":{"rendered":"<p>Por EBC, <\/p>\n<div>\n<p>A Petrobras reajustou o pre\u00e7o do querosene de avia\u00e7\u00e3o (QAV) em 13,9%, em m\u00e9dia. <strong>O novo valor est\u00e1 em vigor a partir desta ter\u00e7a-feira (1\u00ba).<\/strong> A empresa atribuiu o aumento a reflexos da guerra no Oriente M\u00e9dio, que causa problemas na log\u00edstica da ind\u00fastria do petr\u00f3leo.<\/p>\n<p>De acordo com a estatal, o combust\u00edvel passa a custar, na m\u00e9dia, R$ 0,68 a mais por litro. Nas refinarias da companhia espalhadas pelo pa\u00eds, o novo pre\u00e7o do QAV varia de R$ 5,44 a R$ 5,70 por litro.\u00a0<\/p>\n<p>A varia\u00e7\u00e3o na compara\u00e7\u00e3o com o m\u00eas passado chega a 14,34% em S\u00e3o Lu\u00eds. O menor aumento \u00e9 de 13,51% em Canoas, no Rio Grande do Sul.<\/p>\n<p><strong>Por contrato, o pre\u00e7o do combust\u00edvel vendido \u00e0s distribuidoras \u00e9 reajustado sempre no dia 1\u00ba de cada m\u00eas.<\/strong> O QAV \u00e9 utilizado por avi\u00f5es e helic\u00f3pteros.<\/p>\n<p>O combust\u00edvel responde por cerca de 30% das despesas operacionais das companhias a\u00e9reas brasileiras, segundo a Ag\u00eancia Nacional de Avia\u00e7\u00e3o Civil (Anac), \u00f3rg\u00e3o regulador do setor.\u00a0<\/p>\n<h2>Efeito a guerra<\/h2>\n<p><strong>Desde o in\u00edcio do ano, o QAV subiu 53,3%, o que representa R$ 1,94 a mais por litro.<\/strong> De acordo com a Petrobras, o reajuste \u201creflete a eleva\u00e7\u00e3o das cota\u00e7\u00f5es internacionais do Querosene de Avia\u00e7\u00e3o, impulsionada pelas tens\u00f5es geopol\u00edticas no Oriente M\u00e9dio\u201d.<\/p>\n<p>Com o desencadeamento da guerra\u00a0dos Estados Unidos e Israel contra o Ir\u00e3, em 28 de fevereiro, a cadeia log\u00edstica da ind\u00fastria do petr\u00f3leo sofreu perturba\u00e7\u00f5es, o que levou \u00e0 disparada de pre\u00e7os.\u00a0<\/p>\n<p><strong>O motivo principal \u00e9 a instabilidade do Estreito de Ormuz<\/strong>, passagem mar\u00edtima ao sul do Ir\u00e3. Antes da guerra, 20% da produ\u00e7\u00e3o internacional de \u00f3leo e g\u00e1s passavam pela regi\u00e3o. Com menos oferta de petr\u00f3leo nos mercados, o pre\u00e7o subiu.<\/p>\n<p>Apesar de o Brasil ser produtor de petr\u00f3leo, o produto e seus derivados, por serem commodities (mat\u00e9ria-prima negociada em grandes quantidades), t\u00eam o pre\u00e7o definido no mercado internacional.<\/p>\n<h2>Parcelamento<\/h2>\n<p>Em abril, a Petrobras reajustou o QAV em 55%. Em maio houve alta de 18%. Na ocasi\u00e3o, para suavizar o efeito do encarecimento nos caixas das companhias a\u00e9reas, a <strong>estatal permitiu que as distribuidoras parcelassem o reajuste<\/strong>.<\/p>\n<p>Como houve momentos em que os EUA e o Ir\u00e3 se aproximaram de um acordo, a Petrobras chegou a reduzir o QAV em junho e julho. Mas em agosto, voltou a subir 1,9%, assim como agora em setembro.<\/p>\n<p>A empresa explica que o pre\u00e7o do QAV no Brasil segue \u201cf\u00f3rmula param\u00e9trica contratual que atua como amortecedor de curto prazo, resultando em ajustes mais moderados do que os observados nos mercados internacionais\u201d.<\/p>\n<p><strong>A Petrobras informou que retomou, em setembro, o programa de parcelamento dos reajustes.<\/strong><\/p>\n<p>\u201cA iniciativa permitir\u00e1 que as distribuidoras parcelem o aumento em tr\u00eas parcelas mensais, reduzindo o impacto financeiro\u201d, declarou.<\/p>\n<p><strong>A estatal confirmou tamb\u00e9m que todo volume solicitado pelas distribuidoras est\u00e1 garantido.<\/strong><\/p>\n<h2>Cadeia de venda<\/h2>\n<p>A Petrobras comercializa para as distribuidoras o QAV produzido nas refinarias da empresa ou importado. Uma vez comprado pelas distribuidoras, as empresas transportam o combust\u00edvel e vendem para companhias de transporte e outros consumidores finais nos aeroportos ou ainda para revendedores.<\/p>\n<p><strong>A estatal tem participa\u00e7\u00e3o de cerca de 85% da produ\u00e7\u00e3o do QAV, mas o mercado \u00e9 aberto \u00e0 livre concorr\u00eancia<\/strong>, sem restri\u00e7\u00f5es para outras empresas atuarem como produtoras ou importadoras.<\/p>\n<p>      <!-- Relacionada --><\/p>\n<p>            <!-- Relacionada -->\n    <\/div>\n","protected":false},"excerpt":{"rendered":"<p>Por EBC, A Petrobras reajustou o pre\u00e7o do querosene de avia\u00e7\u00e3o (QAV) em 13,9%, em m\u00e9dia. O novo valor est\u00e1 em vigor a partir desta ter\u00e7a-feira (1\u00ba). A empresa atribuiu o aumento a reflexos da guerra no Oriente M\u00e9dio, que causa problemas na log\u00edstica da ind\u00fastria do petr\u00f3leo. De acordo com a estatal, o combust\u00edvel &hellip;<\/p>\n","protected":false},"author":39,"featured_media":0,"comment_status":"open","ping_status":"open","sticky":false,"template":"","format":"standard","meta":{"_jetpack_newsletter_access":"","_jetpack_dont_email_post_to_subs":false,"_jetpack_newsletter_tier_id":0,"_jetpack_memberships_contains_paywalled_content":false,"_jetpack_feature_clip_id":0,"_jetpack_memberships_contains_paid_content":false,"footnotes":"","jetpack_post_was_ever_published":false},"categories":[4],"tags":[],"class_list":["post-466035","post","type-post","status-publish","format-standard","hentry","category-servicos"],"yoast_head":"<!-- This site is optimized with the Yoast SEO plugin v28.3 - https:\/\/yoast.com\/product\/yoast-seo-wordpress\/ -->\n<title>Petrobras reajusta pre\u00e7o m\u00e9dio do querosene de avia\u00e7\u00e3o em 13,9%<\/title>\n<meta name=\"robots\" content=\"index, follow, max-snippet:-1, max-image-preview:large, max-video-preview:-1\" \/>\n<link rel=\"canonical\" href=\"https:\/\/agenciabrasil.ebc.com.br\/economia\/noticia\/2026-09\/petrobras-reajusta-preco-medio-do-querosene-de-aviacao-em-139\" \/>\n<meta property=\"og:locale\" content=\"pt_BR\" \/>\n<meta property=\"og:type\" content=\"article\" \/>\n<meta property=\"og:title\" content=\"Petrobras reajusta pre\u00e7o m\u00e9dio do querosene de avia\u00e7\u00e3o em 13,9%\" \/>\n<meta property=\"og:description\" content=\"Por EBC, A Petrobras reajustou o pre\u00e7o do querosene de avia\u00e7\u00e3o (QAV) em 13,9%, em m\u00e9dia. O novo valor est\u00e1 em vigor a partir desta ter\u00e7a-feira (1\u00ba). A empresa atribuiu o aumento a reflexos da guerra no Oriente M\u00e9dio, que causa problemas na log\u00edstica da ind\u00fastria do petr\u00f3leo. De acordo com a estatal, o combust\u00edvel &hellip;\" \/>\n<meta property=\"og:url\" content=\"https:\/\/agenciabrasil.ebc.com.br\/economia\/noticia\/2026-09\/petrobras-reajusta-preco-medio-do-querosene-de-aviacao-em-139\" \/>\n<meta property=\"og:site_name\" content=\"MRNews\" \/>\n<meta property=\"article:publisher\" content=\"https:\/\/www.facebook.com\/eaipahpah\/?locale2=pt_BR\" \/>\n<meta property=\"article:published_time\" content=\"2026-09-01T20:00:55+00:00\" \/>\n<meta name=\"author\" content=\"Fernando Corraa\" \/>\n<meta name=\"twitter:card\" content=\"summary_large_image\" \/>\n<meta name=\"twitter:creator\" content=\"@conspirou\" \/>\n<meta name=\"twitter:site\" content=\"@conspirou\" \/>\n<meta name=\"twitter:label1\" content=\"Escrito por\" \/>\n\t<meta name=\"twitter:data1\" content=\"Fernando Corraa\" \/>\n\t<meta name=\"twitter:label2\" content=\"Est. tempo de leitura\" \/>\n\t<meta name=\"twitter:data2\" content=\"3 minutos\" \/>\n<script type=\"application\/ld+json\" class=\"yoast-schema-graph\">{\"@context\":\"https:\\\/\\\/schema.org\",\"@graph\":[{\"@type\":\"Article\",\"@id\":\"https:\\\/\\\/agenciabrasil.ebc.com.br\\\/economia\\\/noticia\\\/2026-09\\\/petrobras-reajusta-preco-medio-do-querosene-de-aviacao-em-139#article\",\"isPartOf\":{\"@id\":\"https:\\\/\\\/mrnews.com.br\\\/index.php\\\/2026\\\/09\\\/01\\\/petrobras-reajusta-preco-medio-do-querosene-de-aviacao-em-139\\\/\"},\"author\":{\"name\":\"Fernando Corraa\",\"@id\":\"https:\\\/\\\/mrnews.com.br\\\/#\\\/schema\\\/person\\\/2f073f2d87903a2ff9a065e41bbf17d4\"},\"headline\":\"Petrobras reajusta pre\u00e7o m\u00e9dio do querosene de avia\u00e7\u00e3o em 13,9%\",\"datePublished\":\"2026-09-01T20:00:55+00:00\",\"mainEntityOfPage\":{\"@id\":\"https:\\\/\\\/mrnews.com.br\\\/index.php\\\/2026\\\/09\\\/01\\\/petrobras-reajusta-preco-medio-do-querosene-de-aviacao-em-139\\\/\"},\"wordCount\":587,\"commentCount\":0,\"publisher\":{\"@id\":\"https:\\\/\\\/mrnews.com.br\\\/#organization\"},\"articleSection\":[\"SERVI\u00c7OS\"],\"inLanguage\":\"pt-BR\",\"potentialAction\":[{\"@type\":\"CommentAction\",\"name\":\"Comment\",\"target\":[\"https:\\\/\\\/agenciabrasil.ebc.com.br\\\/economia\\\/noticia\\\/2026-09\\\/petrobras-reajusta-preco-medio-do-querosene-de-aviacao-em-139#respond\"]}]},{\"@type\":\"WebPage\",\"@id\":\"https:\\\/\\\/mrnews.com.br\\\/index.php\\\/2026\\\/09\\\/01\\\/petrobras-reajusta-preco-medio-do-querosene-de-aviacao-em-139\\\/\",\"url\":\"https:\\\/\\\/agenciabrasil.ebc.com.br\\\/economia\\\/noticia\\\/2026-09\\\/petrobras-reajusta-preco-medio-do-querosene-de-aviacao-em-139\",\"name\":\"Petrobras reajusta pre\u00e7o m\u00e9dio do querosene de avia\u00e7\u00e3o em 13,9%\",\"isPartOf\":{\"@id\":\"https:\\\/\\\/mrnews.com.br\\\/#website\"},\"datePublished\":\"2026-09-01T20:00:55+00:00\",\"breadcrumb\":{\"@id\":\"https:\\\/\\\/agenciabrasil.ebc.com.br\\\/economia\\\/noticia\\\/2026-09\\\/petrobras-reajusta-preco-medio-do-querosene-de-aviacao-em-139#breadcrumb\"},\"inLanguage\":\"pt-BR\",\"potentialAction\":[{\"@type\":\"ReadAction\",\"target\":[\"https:\\\/\\\/agenciabrasil.ebc.com.br\\\/economia\\\/noticia\\\/2026-09\\\/petrobras-reajusta-preco-medio-do-querosene-de-aviacao-em-139\"]}]},{\"@type\":\"BreadcrumbList\",\"@id\":\"https:\\\/\\\/agenciabrasil.ebc.com.br\\\/economia\\\/noticia\\\/2026-09\\\/petrobras-reajusta-preco-medio-do-querosene-de-aviacao-em-139#breadcrumb\",\"itemListElement\":[{\"@type\":\"ListItem\",\"position\":1,\"name\":\"In\u00edcio\",\"item\":\"https:\\\/\\\/mrnews.com.br\\\/\"},{\"@type\":\"ListItem\",\"position\":2,\"name\":\"Petrobras reajusta pre\u00e7o m\u00e9dio do querosene de avia\u00e7\u00e3o em 13,9%\"}]},{\"@type\":\"WebSite\",\"@id\":\"https:\\\/\\\/mrnews.com.br\\\/#website\",\"url\":\"https:\\\/\\\/mrnews.com.br\\\/\",\"name\":\"MRNews\",\"description\":\"MRNews Jogos de hoje da TV, transmiss\u00f5es ao vivo, Not\u00edcias de futebol, Jogos ao vivo, Lives, resumo de novelas, Programa\u00e7\u00e3o da Globo, A Fazenda e BBB\",\"publisher\":{\"@id\":\"https:\\\/\\\/mrnews.com.br\\\/#organization\"},\"potentialAction\":[{\"@type\":\"SearchAction\",\"target\":{\"@type\":\"EntryPoint\",\"urlTemplate\":\"https:\\\/\\\/mrnews.com.br\\\/?s={search_term_string}\"},\"query-input\":{\"@type\":\"PropertyValueSpecification\",\"valueRequired\":true,\"valueName\":\"search_term_string\"}}],\"inLanguage\":\"pt-BR\"},{\"@type\":\"Organization\",\"@id\":\"https:\\\/\\\/mrnews.com.br\\\/#organization\",\"name\":\"MRNews\",\"url\":\"https:\\\/\\\/mrnews.com.br\\\/\",\"logo\":{\"@type\":\"ImageObject\",\"inLanguage\":\"pt-BR\",\"@id\":\"https:\\\/\\\/mrnews.com.br\\\/#\\\/schema\\\/logo\\\/image\\\/\",\"url\":\"https:\\\/\\\/mrnews.com.br\\\/wp-content\\\/uploads\\\/2026\\\/08\\\/MRNEws.png\",\"contentUrl\":\"https:\\\/\\\/mrnews.com.br\\\/wp-content\\\/uploads\\\/2026\\\/08\\\/MRNEws.png\",\"width\":1254,\"height\":1254,\"caption\":\"MRNews\"},\"image\":{\"@id\":\"https:\\\/\\\/mrnews.com.br\\\/#\\\/schema\\\/logo\\\/image\\\/\"},\"sameAs\":[\"https:\\\/\\\/www.facebook.com\\\/eaipahpah\\\/?locale2=pt_BR\",\"https:\\\/\\\/x.com\\\/conspirou\",\"https:\\\/\\\/www.instagram.com\\\/eai_pahpah\",\"https:\\\/\\\/br.pinterest.com\\\/mrnewsn\\\/boards\\\/\",\"https:\\\/\\\/www.youtube.com\\\/channel\\\/UCacgnpznQ61fifLWr1tQ-vA?view_as=subscriber\"]},{\"@type\":\"Person\",\"@id\":\"https:\\\/\\\/mrnews.com.br\\\/#\\\/schema\\\/person\\\/2f073f2d87903a2ff9a065e41bbf17d4\",\"name\":\"Fernando Corraa\",\"image\":{\"@type\":\"ImageObject\",\"inLanguage\":\"pt-BR\",\"@id\":\"https:\\\/\\\/secure.gravatar.com\\\/avatar\\\/9069acb0e588c9f4346ba747284aef18a5faaab575e89e9ccc64e315003f0b82?s=96&d=monsterid&r=g\",\"url\":\"https:\\\/\\\/secure.gravatar.com\\\/avatar\\\/9069acb0e588c9f4346ba747284aef18a5faaab575e89e9ccc64e315003f0b82?s=96&d=monsterid&r=g\",\"contentUrl\":\"https:\\\/\\\/secure.gravatar.com\\\/avatar\\\/9069acb0e588c9f4346ba747284aef18a5faaab575e89e9ccc64e315003f0b82?s=96&d=monsterid&r=g\",\"caption\":\"Fernando Corraa\"},\"url\":\"https:\\\/\\\/mrnews.com.br\\\/index.php\\\/author\\\/fernando-corraa\\\/\"}]}<\/script>\n<!-- \/ Yoast SEO plugin. -->","yoast_head_json":{"title":"Petrobras reajusta pre\u00e7o m\u00e9dio do querosene de avia\u00e7\u00e3o em 13,9%","robots":{"index":"index","follow":"follow","max-snippet":"max-snippet:-1","max-image-preview":"max-image-preview:large","max-video-preview":"max-video-preview:-1"},"canonical":"https:\/\/agenciabrasil.ebc.com.br\/economia\/noticia\/2026-09\/petrobras-reajusta-preco-medio-do-querosene-de-aviacao-em-139","og_locale":"pt_BR","og_type":"article","og_title":"Petrobras reajusta pre\u00e7o m\u00e9dio do querosene de avia\u00e7\u00e3o em 13,9%","og_description":"Por EBC, A Petrobras reajustou o pre\u00e7o do querosene de avia\u00e7\u00e3o (QAV) em 13,9%, em m\u00e9dia. O novo valor est\u00e1 em vigor a partir desta ter\u00e7a-feira (1\u00ba). A empresa atribuiu o aumento a reflexos da guerra no Oriente M\u00e9dio, que causa problemas na log\u00edstica da ind\u00fastria do petr\u00f3leo. De acordo com a estatal, o combust\u00edvel &hellip;","og_url":"https:\/\/agenciabrasil.ebc.com.br\/economia\/noticia\/2026-09\/petrobras-reajusta-preco-medio-do-querosene-de-aviacao-em-139","og_site_name":"MRNews","article_publisher":"https:\/\/www.facebook.com\/eaipahpah\/?locale2=pt_BR","article_published_time":"2026-09-01T20:00:55+00:00","author":"Fernando Corraa","twitter_card":"summary_large_image","twitter_creator":"@conspirou","twitter_site":"@conspirou","twitter_misc":{"Escrito por":"Fernando Corraa","Est. tempo de leitura":"3 minutos"},"schema":{"@context":"https:\/\/schema.org","@graph":[{"@type":"Article","@id":"https:\/\/agenciabrasil.ebc.com.br\/economia\/noticia\/2026-09\/petrobras-reajusta-preco-medio-do-querosene-de-aviacao-em-139#article","isPartOf":{"@id":"https:\/\/mrnews.com.br\/index.php\/2026\/09\/01\/petrobras-reajusta-preco-medio-do-querosene-de-aviacao-em-139\/"},"author":{"name":"Fernando Corraa","@id":"https:\/\/mrnews.com.br\/#\/schema\/person\/2f073f2d87903a2ff9a065e41bbf17d4"},"headline":"Petrobras reajusta pre\u00e7o m\u00e9dio do querosene de avia\u00e7\u00e3o em 13,9%","datePublished":"2026-09-01T20:00:55+00:00","mainEntityOfPage":{"@id":"https:\/\/mrnews.com.br\/index.php\/2026\/09\/01\/petrobras-reajusta-preco-medio-do-querosene-de-aviacao-em-139\/"},"wordCount":587,"commentCount":0,"publisher":{"@id":"https:\/\/mrnews.com.br\/#organization"},"articleSection":["SERVI\u00c7OS"],"inLanguage":"pt-BR","potentialAction":[{"@type":"CommentAction","name":"Comment","target":["https:\/\/agenciabrasil.ebc.com.br\/economia\/noticia\/2026-09\/petrobras-reajusta-preco-medio-do-querosene-de-aviacao-em-139#respond"]}]},{"@type":"WebPage","@id":"https:\/\/mrnews.com.br\/index.php\/2026\/09\/01\/petrobras-reajusta-preco-medio-do-querosene-de-aviacao-em-139\/","url":"https:\/\/agenciabrasil.ebc.com.br\/economia\/noticia\/2026-09\/petrobras-reajusta-preco-medio-do-querosene-de-aviacao-em-139","name":"Petrobras reajusta pre\u00e7o m\u00e9dio do querosene de avia\u00e7\u00e3o em 13,9%","isPartOf":{"@id":"https:\/\/mrnews.com.br\/#website"},"datePublished":"2026-09-01T20:00:55+00:00","breadcrumb":{"@id":"https:\/\/agenciabrasil.ebc.com.br\/economia\/noticia\/2026-09\/petrobras-reajusta-preco-medio-do-querosene-de-aviacao-em-139#breadcrumb"},"inLanguage":"pt-BR","potentialAction":[{"@type":"ReadAction","target":["https:\/\/agenciabrasil.ebc.com.br\/economia\/noticia\/2026-09\/petrobras-reajusta-preco-medio-do-querosene-de-aviacao-em-139"]}]},{"@type":"BreadcrumbList","@id":"https:\/\/agenciabrasil.ebc.com.br\/economia\/noticia\/2026-09\/petrobras-reajusta-preco-medio-do-querosene-de-aviacao-em-139#breadcrumb","itemListElement":[{"@type":"ListItem","position":1,"name":"In\u00edcio","item":"https:\/\/mrnews.com.br\/"},{"@type":"ListItem","position":2,"name":"Petrobras reajusta pre\u00e7o m\u00e9dio do querosene de avia\u00e7\u00e3o em 13,9%"}]},{"@type":"WebSite","@id":"https:\/\/mrnews.com.br\/#website","url":"https:\/\/mrnews.com.br\/","name":"MRNews","description":"MRNews Jogos de hoje da TV, transmiss\u00f5es ao vivo, Not\u00edcias de futebol, Jogos ao vivo, Lives, resumo de novelas, Programa\u00e7\u00e3o da Globo, A Fazenda e BBB","publisher":{"@id":"https:\/\/mrnews.com.br\/#organization"},"potentialAction":[{"@type":"SearchAction","target":{"@type":"EntryPoint","urlTemplate":"https:\/\/mrnews.com.br\/?s={search_term_string}"},"query-input":{"@type":"PropertyValueSpecification","valueRequired":true,"valueName":"search_term_string"}}],"inLanguage":"pt-BR"},{"@type":"Organization","@id":"https:\/\/mrnews.com.br\/#organization","name":"MRNews","url":"https:\/\/mrnews.com.br\/","logo":{"@type":"ImageObject","inLanguage":"pt-BR","@id":"https:\/\/mrnews.com.br\/#\/schema\/logo\/image\/","url":"https:\/\/mrnews.com.br\/wp-content\/uploads\/2026\/08\/MRNEws.png","contentUrl":"https:\/\/mrnews.com.br\/wp-content\/uploads\/2026\/08\/MRNEws.png","width":1254,"height":1254,"caption":"MRNews"},"image":{"@id":"https:\/\/mrnews.com.br\/#\/schema\/logo\/image\/"},"sameAs":["https:\/\/www.facebook.com\/eaipahpah\/?locale2=pt_BR","https:\/\/x.com\/conspirou","https:\/\/www.instagram.com\/eai_pahpah","https:\/\/br.pinterest.com\/mrnewsn\/boards\/","https:\/\/www.youtube.com\/channel\/UCacgnpznQ61fifLWr1tQ-vA?view_as=subscriber"]},{"@type":"Person","@id":"https:\/\/mrnews.com.br\/#\/schema\/person\/2f073f2d87903a2ff9a065e41bbf17d4","name":"Fernando Corraa","image":{"@type":"ImageObject","inLanguage":"pt-BR","@id":"https:\/\/secure.gravatar.com\/avatar\/9069acb0e588c9f4346ba747284aef18a5faaab575e89e9ccc64e315003f0b82?s=96&d=monsterid&r=g","url":"https:\/\/secure.gravatar.com\/avatar\/9069acb0e588c9f4346ba747284aef18a5faaab575e89e9ccc64e315003f0b82?s=96&d=monsterid&r=g","contentUrl":"https:\/\/secure.gravatar.com\/avatar\/9069acb0e588c9f4346ba747284aef18a5faaab575e89e9ccc64e315003f0b82?s=96&d=monsterid&r=g","caption":"Fernando Corraa"},"url":"https:\/\/mrnews.com.br\/index.php\/author\/fernando-corraa\/"}]}},"jetpack_sharing_enabled":true,"jetpack_shortlink":"https:\/\/wp.me\/pa2Qf7-1XeH","amp_enabled":true,"jetpack_featured_media_url":"","_links":{"self":[{"href":"https:\/\/mrnews.com.br\/index.php\/wp-json\/wp\/v2\/posts\/466035","targetHints":{"allow":["GET"]}}],"collection":[{"href":"https:\/\/mrnews.com.br\/index.php\/wp-json\/wp\/v2\/posts"}],"about":[{"href":"https:\/\/mrnews.com.br\/index.php\/wp-json\/wp\/v2\/types\/post"}],"author":[{"embeddable":true,"href":"https:\/\/mrnews.com.br\/index.php\/wp-json\/wp\/v2\/users\/39"}],"replies":[{"embeddable":true,"href":"https:\/\/mrnews.com.br\/index.php\/wp-json\/wp\/v2\/comments?post=466035"}],"version-history":[{"count":0,"href":"https:\/\/mrnews.com.br\/index.php\/wp-json\/wp\/v2\/posts\/466035\/revisions"}],"wp:attachment":[{"href":"https:\/\/mrnews.com.br\/index.php\/wp-json\/wp\/v2\/media?parent=466035"}],"wp:term":[{"taxonomy":"category","embeddable":true,"href":"https:\/\/mrnews.com.br\/index.php\/wp-json\/wp\/v2\/categories?post=466035"},{"taxonomy":"post_tag","embeddable":true,"href":"https:\/\/mrnews.com.br\/index.php\/wp-json\/wp\/v2\/tags?post=466035"}],"curies":[{"name":"wp","href":"https:\/\/api.w.org\/{rel}","templated":true}]}}