{"id":466036,"date":"2026-09-01T17:43:14","date_gmt":"2026-09-01T20:43:14","guid":{"rendered":"https:\/\/mrnews.com.br\/index.php\/2026\/09\/01\/uniao-tera-que-indenizar-familia-de-perseguido-pela-ditadura-no-amapa\/"},"modified":"2026-09-01T17:43:14","modified_gmt":"2026-09-01T20:43:14","slug":"uniao-tera-que-indenizar-familia-de-perseguido-pela-ditadura-no-amapa","status":"publish","type":"post","link":"https:\/\/mrnews.com.br\/index.php\/2026\/09\/01\/uniao-tera-que-indenizar-familia-de-perseguido-pela-ditadura-no-amapa\/","title":{"rendered":"Uni\u00e3o ter\u00e1 que indenizar fam\u00edlia de perseguido pela ditadura no Amap\u00e1"},"content":{"rendered":"<p>Por EBC, <\/p>\n<div>\n<p>A Justi\u00e7a Federal do Amap\u00e1 condenou a Uni\u00e3o a pagar R$ 200 mil por danos morais \u00e0 vi\u00fava e aos seis filhos de Lu\u00eds Messias Tavares, perseguido pol\u00edtico pela ditadura civil-militar instaurada em 1964. A senten\u00e7a, do \u00faltimo dia 24, foi baseada no relat\u00f3rio final da Comiss\u00e3o Estadual da Verdade do Amap\u00e1.<\/p>\n<p><strong>Al\u00e9m de\u00a0reconhecer que\u00a0Lu\u00eds Messias foi alvo de<\/strong><strong>\u00a0pris\u00e3o arbitr\u00e1ria e\u00a0exonera\u00e7\u00e3o do cargo p\u00fablico de agente de pol\u00edcia em 1964, a decis\u00e3o\u00a0atribui ao Estado a responsabilidade por graves sequelas f\u00edsicas e psicol\u00f3gicas sofridas por ele em decorr\u00eancia da repress\u00e3o<\/strong>.<\/p>\n<p>A senten\u00e7a, do juiz federal Felipe Handro, considerou que as informa\u00e7\u00f5es que constam no relat\u00f3rio Comiss\u00e3o Estadual da Verdade do Amap\u00e1 t\u00eam\u00a0for\u00e7a probat\u00f3ria e demonstram a persegui\u00e7\u00e3o pol\u00edtica sofrida por Lu\u00eds Messias Tavares.<\/p>\n<p>Depoimentos contidos no texto\u00a0confirmam a atua\u00e7\u00e3o de Lu\u00eds Messias no movimento estudantil, tendo sido presidente e um dos fundadores do Gr\u00eamio Estudantil da Uni\u00e3o dos Estudantes dos Cursos Secund\u00e1rios do Amap\u00e1 (UECSA).<\/p>\n<h2>Falta de assist\u00eancia<\/h2>\n<p>Os depoimentos trazem ainda informa\u00e7\u00f5es sobre a pris\u00e3o por motiva\u00e7\u00e3o pol\u00edtica, as condi\u00e7\u00f5es de encarceramento e o impacto psicol\u00f3gico causado pela repress\u00e3o estatal, incluindo\u00a0o surto psic\u00f3tico associado a acidente vascular cerebral (AVC), que Lu\u00eds Messias sofreu com 25 anos de idade.<\/p>\n<p><strong>N\u00e3o houve assist\u00eancia psicol\u00f3gica ou neurol\u00f3gica, o que culminou na perda de forma irrevers\u00edvel da mem\u00f3ria recente<\/strong> \u2013 circunst\u00e2ncia que o impedia de reconhecer, no dia seguinte, pessoas com quem havia acabado de conversar.<\/p>\n<p>Para o juiz, ficou claro que a repara\u00e7\u00e3o deveria compreender n\u00e3o apenas a compensa\u00e7\u00e3o financeira, mas tamb\u00e9m o direito \u00e0 mem\u00f3ria, \u00e0 verdade e \u00e0s garantias de n\u00e3o repeti\u00e7\u00e3o das viola\u00e7\u00f5es.<\/p>\n<p>Al\u00e9m disso, o juiz reconheceu que os efeitos da persegui\u00e7\u00e3o se estenderam \u00e0 esposa e aos filhos de Lu\u00eds Messias, que sofreram dano moral reflexo.<\/p>\n<blockquote>\n<p>\u201c[A fam\u00edlia experimentou], de forma direta e aut\u00f4noma, a desestrutura\u00e7\u00e3o da unidade familiar decorrente da priva\u00e7\u00e3o de liberdade do chefe de fam\u00edlia, a perda do sustento em raz\u00e3o da demiss\u00e3o arbitr\u00e1ria, o estigma social de serem rotulados como &#8220;fam\u00edlia de subversivos&#8221; (&#8230;) e, sobretudo, o sofrimento prolongado de conviver com o quadro de enfermidade mental irrevers\u00edvel do ente querido\u201d, diz trecho da senten\u00e7a.<\/p>\n<\/blockquote>\n<p>A defensora p\u00fablica federal\u00a0da Uni\u00e3o (DPU) Nayara Ribeiro Schr\u00f6der Xavier, que atuou no caso, ressaltou que <strong>a decis\u00e3o tamb\u00e9m refor\u00e7a o entendimento de que familiares t\u00eam direito \u00e0 repara\u00e7\u00e3o pelos danos morais reflexos decorrentes da persegui\u00e7\u00e3o<\/strong>.<\/p>\n<p>Ela destacou ainda que a senten\u00e7a aprofunda o entendimento de que a\u00e7\u00f5es indenizat\u00f3rias relacionadas a graves viola\u00e7\u00f5es de direitos humanos praticadas durante a ditadura s\u00e3o imprescrit\u00edveis.<\/p>\n<p>Tal repara\u00e7\u00e3o civil n\u00e3o deve ser confundida com o pedido de reconhecimento da condi\u00e7\u00e3o de anistiado pol\u00edtico, previsto na Lei da Anistia, e sob responsabilidade do Minist\u00e9rio dos Direitos Humanos e da Cidadania.<\/p>\n<p>\u201cA senten\u00e7a possui especial relev\u00e2ncia por conferir efetividade, no \u00e2mbito local, ao direito \u00e0 mem\u00f3ria, \u00e0 verdade e \u00e0 repara\u00e7\u00e3o, al\u00e9m de reconhecer juridicamente fatos hist\u00f3ricos documentados pela Comiss\u00e3o Estadual da Verdade do Amap\u00e1 e seus efeitos sobre a v\u00edtima e sua fam\u00edlia\u201d, destaca a defensora p\u00fablica federal Nayara Ribeiro Schr\u00f6der Xavier, que atuou no caso.<\/p>\n<h2>Quem foi Lu\u00eds Messias<\/h2>\n<p>O ex-agente de pol\u00edcia e lideran\u00e7a estudantil do Amap\u00e1\u00a0Lu\u00eds Messias Tavares foi identificado pelos militares como opositor do regime e rotulado como &#8220;comunista&#8221;. Ele foi preso pelo Ex\u00e9rcito e mantido na Fortaleza de S\u00e3o Jos\u00e9 de Macap\u00e1, em condi\u00e7\u00f5es degradantes\u00a0de higiene e alimenta\u00e7\u00e3o e sob vigil\u00e2ncia armada, al\u00e9m de ter sido exonerado sumariamente do servi\u00e7o p\u00fablico.<\/p>\n<p>De acordo com o processo, o encarceramento provocou um surto psic\u00f3tico e um acidente vascular cerebral (AVC), que resultaram em perda irrevers\u00edvel da mem\u00f3ria e comprometimento permanente de sua sa\u00fade mental at\u00e9 sua morte, em 2011.<\/p>\n<p>      <!-- Relacionada --><\/p>\n<p>            <!-- Relacionada -->\n    <\/div>\n","protected":false},"excerpt":{"rendered":"<p>Por EBC, A Justi\u00e7a Federal do Amap\u00e1 condenou a Uni\u00e3o a pagar R$ 200 mil por danos morais \u00e0 vi\u00fava e aos seis filhos de Lu\u00eds Messias Tavares, perseguido pol\u00edtico pela ditadura civil-militar instaurada em 1964. A senten\u00e7a, do \u00faltimo dia 24, foi baseada no relat\u00f3rio final da Comiss\u00e3o Estadual da Verdade do Amap\u00e1. Al\u00e9m &hellip;<\/p>\n","protected":false},"author":39,"featured_media":0,"comment_status":"open","ping_status":"open","sticky":false,"template":"","format":"standard","meta":{"_jetpack_newsletter_access":"","_jetpack_dont_email_post_to_subs":false,"_jetpack_newsletter_tier_id":0,"_jetpack_memberships_contains_paywalled_content":false,"_jetpack_feature_clip_id":0,"_jetpack_memberships_contains_paid_content":false,"footnotes":"","jetpack_post_was_ever_published":false},"categories":[4],"tags":[],"class_list":["post-466036","post","type-post","status-publish","format-standard","hentry","category-servicos"],"yoast_head":"<!-- This site is optimized with the Yoast SEO plugin v28.4 - https:\/\/yoast.com\/product\/yoast-seo-wordpress\/ -->\n<title>Uni\u00e3o ter\u00e1 que indenizar fam\u00edlia de perseguido pela ditadura no Amap\u00e1<\/title>\n<meta name=\"robots\" content=\"index, follow, max-snippet:-1, max-image-preview:large, max-video-preview:-1\" \/>\n<link rel=\"canonical\" href=\"https:\/\/agenciabrasil.ebc.com.br\/direitos-humanos\/noticia\/2026-09\/uniao-tera-que-indenizar-familia-de-perseguido-pela-ditadura-no-amapa\" \/>\n<meta property=\"og:locale\" content=\"pt_BR\" \/>\n<meta property=\"og:type\" content=\"article\" \/>\n<meta property=\"og:title\" content=\"Uni\u00e3o ter\u00e1 que indenizar fam\u00edlia de perseguido pela ditadura no Amap\u00e1\" \/>\n<meta property=\"og:description\" content=\"Por EBC, A Justi\u00e7a Federal do Amap\u00e1 condenou a Uni\u00e3o a pagar R$ 200 mil por danos morais \u00e0 vi\u00fava e aos seis filhos de Lu\u00eds Messias Tavares, perseguido pol\u00edtico pela ditadura civil-militar instaurada em 1964. A senten\u00e7a, do \u00faltimo dia 24, foi baseada no relat\u00f3rio final da Comiss\u00e3o Estadual da Verdade do Amap\u00e1. Al\u00e9m &hellip;\" \/>\n<meta property=\"og:url\" content=\"https:\/\/agenciabrasil.ebc.com.br\/direitos-humanos\/noticia\/2026-09\/uniao-tera-que-indenizar-familia-de-perseguido-pela-ditadura-no-amapa\" \/>\n<meta property=\"og:site_name\" content=\"MRNews\" \/>\n<meta property=\"article:publisher\" content=\"https:\/\/www.facebook.com\/eaipahpah\/?locale2=pt_BR\" \/>\n<meta property=\"article:published_time\" content=\"2026-09-01T20:43:14+00:00\" \/>\n<meta name=\"author\" content=\"Fernando Corraa\" \/>\n<meta name=\"twitter:card\" content=\"summary_large_image\" \/>\n<meta name=\"twitter:creator\" content=\"@conspirou\" \/>\n<meta name=\"twitter:site\" content=\"@conspirou\" \/>\n<meta name=\"twitter:label1\" content=\"Escrito por\" \/>\n\t<meta name=\"twitter:data1\" content=\"Fernando Corraa\" \/>\n\t<meta name=\"twitter:label2\" content=\"Est. tempo de leitura\" \/>\n\t<meta name=\"twitter:data2\" content=\"4 minutos\" \/>\n<script type=\"application\/ld+json\" class=\"yoast-schema-graph\">{\"@context\":\"https:\\\/\\\/schema.org\",\"@graph\":[{\"@type\":\"Article\",\"@id\":\"https:\\\/\\\/agenciabrasil.ebc.com.br\\\/direitos-humanos\\\/noticia\\\/2026-09\\\/uniao-tera-que-indenizar-familia-de-perseguido-pela-ditadura-no-amapa#article\",\"isPartOf\":{\"@id\":\"https:\\\/\\\/mrnews.com.br\\\/index.php\\\/2026\\\/09\\\/01\\\/uniao-tera-que-indenizar-familia-de-perseguido-pela-ditadura-no-amapa\\\/\"},\"author\":{\"name\":\"Fernando Corraa\",\"@id\":\"https:\\\/\\\/mrnews.com.br\\\/#\\\/schema\\\/person\\\/2f073f2d87903a2ff9a065e41bbf17d4\"},\"headline\":\"Uni\u00e3o ter\u00e1 que indenizar fam\u00edlia de perseguido pela ditadura no Amap\u00e1\",\"datePublished\":\"2026-09-01T20:43:14+00:00\",\"mainEntityOfPage\":{\"@id\":\"https:\\\/\\\/mrnews.com.br\\\/index.php\\\/2026\\\/09\\\/01\\\/uniao-tera-que-indenizar-familia-de-perseguido-pela-ditadura-no-amapa\\\/\"},\"wordCount\":729,\"commentCount\":0,\"publisher\":{\"@id\":\"https:\\\/\\\/mrnews.com.br\\\/#organization\"},\"articleSection\":[\"SERVI\u00c7OS\"],\"inLanguage\":\"pt-BR\",\"potentialAction\":[{\"@type\":\"CommentAction\",\"name\":\"Comment\",\"target\":[\"https:\\\/\\\/agenciabrasil.ebc.com.br\\\/direitos-humanos\\\/noticia\\\/2026-09\\\/uniao-tera-que-indenizar-familia-de-perseguido-pela-ditadura-no-amapa#respond\"]}]},{\"@type\":\"WebPage\",\"@id\":\"https:\\\/\\\/mrnews.com.br\\\/index.php\\\/2026\\\/09\\\/01\\\/uniao-tera-que-indenizar-familia-de-perseguido-pela-ditadura-no-amapa\\\/\",\"url\":\"https:\\\/\\\/agenciabrasil.ebc.com.br\\\/direitos-humanos\\\/noticia\\\/2026-09\\\/uniao-tera-que-indenizar-familia-de-perseguido-pela-ditadura-no-amapa\",\"name\":\"Uni\u00e3o ter\u00e1 que indenizar fam\u00edlia de perseguido pela ditadura no Amap\u00e1\",\"isPartOf\":{\"@id\":\"https:\\\/\\\/mrnews.com.br\\\/#website\"},\"datePublished\":\"2026-09-01T20:43:14+00:00\",\"breadcrumb\":{\"@id\":\"https:\\\/\\\/agenciabrasil.ebc.com.br\\\/direitos-humanos\\\/noticia\\\/2026-09\\\/uniao-tera-que-indenizar-familia-de-perseguido-pela-ditadura-no-amapa#breadcrumb\"},\"inLanguage\":\"pt-BR\",\"potentialAction\":[{\"@type\":\"ReadAction\",\"target\":[\"https:\\\/\\\/agenciabrasil.ebc.com.br\\\/direitos-humanos\\\/noticia\\\/2026-09\\\/uniao-tera-que-indenizar-familia-de-perseguido-pela-ditadura-no-amapa\"]}]},{\"@type\":\"BreadcrumbList\",\"@id\":\"https:\\\/\\\/agenciabrasil.ebc.com.br\\\/direitos-humanos\\\/noticia\\\/2026-09\\\/uniao-tera-que-indenizar-familia-de-perseguido-pela-ditadura-no-amapa#breadcrumb\",\"itemListElement\":[{\"@type\":\"ListItem\",\"position\":1,\"name\":\"In\u00edcio\",\"item\":\"https:\\\/\\\/mrnews.com.br\\\/\"},{\"@type\":\"ListItem\",\"position\":2,\"name\":\"Uni\u00e3o ter\u00e1 que indenizar fam\u00edlia de perseguido pela ditadura no Amap\u00e1\"}]},{\"@type\":\"WebSite\",\"@id\":\"https:\\\/\\\/mrnews.com.br\\\/#website\",\"url\":\"https:\\\/\\\/mrnews.com.br\\\/\",\"name\":\"MRNews\",\"description\":\"MRNews Jogos de hoje da TV, transmiss\u00f5es ao vivo, Not\u00edcias de futebol, Jogos ao vivo, Lives, resumo de novelas, Programa\u00e7\u00e3o da Globo, A Fazenda e BBB\",\"publisher\":{\"@id\":\"https:\\\/\\\/mrnews.com.br\\\/#organization\"},\"potentialAction\":[{\"@type\":\"SearchAction\",\"target\":{\"@type\":\"EntryPoint\",\"urlTemplate\":\"https:\\\/\\\/mrnews.com.br\\\/?s={search_term_string}\"},\"query-input\":{\"@type\":\"PropertyValueSpecification\",\"valueRequired\":true,\"valueName\":\"search_term_string\"}}],\"inLanguage\":\"pt-BR\"},{\"@type\":\"Organization\",\"@id\":\"https:\\\/\\\/mrnews.com.br\\\/#organization\",\"name\":\"MRNews\",\"url\":\"https:\\\/\\\/mrnews.com.br\\\/\",\"logo\":{\"@type\":\"ImageObject\",\"inLanguage\":\"pt-BR\",\"@id\":\"https:\\\/\\\/mrnews.com.br\\\/#\\\/schema\\\/logo\\\/image\\\/\",\"url\":\"https:\\\/\\\/mrnews.com.br\\\/wp-content\\\/uploads\\\/2026\\\/08\\\/MRNEws.png\",\"contentUrl\":\"https:\\\/\\\/mrnews.com.br\\\/wp-content\\\/uploads\\\/2026\\\/08\\\/MRNEws.png\",\"width\":1254,\"height\":1254,\"caption\":\"MRNews\"},\"image\":{\"@id\":\"https:\\\/\\\/mrnews.com.br\\\/#\\\/schema\\\/logo\\\/image\\\/\"},\"sameAs\":[\"https:\\\/\\\/www.facebook.com\\\/eaipahpah\\\/?locale2=pt_BR\",\"https:\\\/\\\/x.com\\\/conspirou\",\"https:\\\/\\\/www.instagram.com\\\/eai_pahpah\",\"https:\\\/\\\/br.pinterest.com\\\/mrnewsn\\\/boards\\\/\",\"https:\\\/\\\/www.youtube.com\\\/channel\\\/UCacgnpznQ61fifLWr1tQ-vA?view_as=subscriber\"]},{\"@type\":\"Person\",\"@id\":\"https:\\\/\\\/mrnews.com.br\\\/#\\\/schema\\\/person\\\/2f073f2d87903a2ff9a065e41bbf17d4\",\"name\":\"Fernando Corraa\",\"image\":{\"@type\":\"ImageObject\",\"inLanguage\":\"pt-BR\",\"@id\":\"https:\\\/\\\/secure.gravatar.com\\\/avatar\\\/9069acb0e588c9f4346ba747284aef18a5faaab575e89e9ccc64e315003f0b82?s=96&d=monsterid&r=g\",\"url\":\"https:\\\/\\\/secure.gravatar.com\\\/avatar\\\/9069acb0e588c9f4346ba747284aef18a5faaab575e89e9ccc64e315003f0b82?s=96&d=monsterid&r=g\",\"contentUrl\":\"https:\\\/\\\/secure.gravatar.com\\\/avatar\\\/9069acb0e588c9f4346ba747284aef18a5faaab575e89e9ccc64e315003f0b82?s=96&d=monsterid&r=g\",\"caption\":\"Fernando Corraa\"},\"url\":\"https:\\\/\\\/mrnews.com.br\\\/index.php\\\/author\\\/fernando-corraa\\\/\"}]}<\/script>\n<!-- \/ Yoast SEO plugin. -->","yoast_head_json":{"title":"Uni\u00e3o ter\u00e1 que indenizar fam\u00edlia de perseguido pela ditadura no Amap\u00e1","robots":{"index":"index","follow":"follow","max-snippet":"max-snippet:-1","max-image-preview":"max-image-preview:large","max-video-preview":"max-video-preview:-1"},"canonical":"https:\/\/agenciabrasil.ebc.com.br\/direitos-humanos\/noticia\/2026-09\/uniao-tera-que-indenizar-familia-de-perseguido-pela-ditadura-no-amapa","og_locale":"pt_BR","og_type":"article","og_title":"Uni\u00e3o ter\u00e1 que indenizar fam\u00edlia de perseguido pela ditadura no Amap\u00e1","og_description":"Por EBC, A Justi\u00e7a Federal do Amap\u00e1 condenou a Uni\u00e3o a pagar R$ 200 mil por danos morais \u00e0 vi\u00fava e aos seis filhos de Lu\u00eds Messias Tavares, perseguido pol\u00edtico pela ditadura civil-militar instaurada em 1964. A senten\u00e7a, do \u00faltimo dia 24, foi baseada no relat\u00f3rio final da Comiss\u00e3o Estadual da Verdade do Amap\u00e1. Al\u00e9m &hellip;","og_url":"https:\/\/agenciabrasil.ebc.com.br\/direitos-humanos\/noticia\/2026-09\/uniao-tera-que-indenizar-familia-de-perseguido-pela-ditadura-no-amapa","og_site_name":"MRNews","article_publisher":"https:\/\/www.facebook.com\/eaipahpah\/?locale2=pt_BR","article_published_time":"2026-09-01T20:43:14+00:00","author":"Fernando Corraa","twitter_card":"summary_large_image","twitter_creator":"@conspirou","twitter_site":"@conspirou","twitter_misc":{"Escrito por":"Fernando Corraa","Est. tempo de leitura":"4 minutos"},"schema":{"@context":"https:\/\/schema.org","@graph":[{"@type":"Article","@id":"https:\/\/agenciabrasil.ebc.com.br\/direitos-humanos\/noticia\/2026-09\/uniao-tera-que-indenizar-familia-de-perseguido-pela-ditadura-no-amapa#article","isPartOf":{"@id":"https:\/\/mrnews.com.br\/index.php\/2026\/09\/01\/uniao-tera-que-indenizar-familia-de-perseguido-pela-ditadura-no-amapa\/"},"author":{"name":"Fernando Corraa","@id":"https:\/\/mrnews.com.br\/#\/schema\/person\/2f073f2d87903a2ff9a065e41bbf17d4"},"headline":"Uni\u00e3o ter\u00e1 que indenizar fam\u00edlia de perseguido pela ditadura no Amap\u00e1","datePublished":"2026-09-01T20:43:14+00:00","mainEntityOfPage":{"@id":"https:\/\/mrnews.com.br\/index.php\/2026\/09\/01\/uniao-tera-que-indenizar-familia-de-perseguido-pela-ditadura-no-amapa\/"},"wordCount":729,"commentCount":0,"publisher":{"@id":"https:\/\/mrnews.com.br\/#organization"},"articleSection":["SERVI\u00c7OS"],"inLanguage":"pt-BR","potentialAction":[{"@type":"CommentAction","name":"Comment","target":["https:\/\/agenciabrasil.ebc.com.br\/direitos-humanos\/noticia\/2026-09\/uniao-tera-que-indenizar-familia-de-perseguido-pela-ditadura-no-amapa#respond"]}]},{"@type":"WebPage","@id":"https:\/\/mrnews.com.br\/index.php\/2026\/09\/01\/uniao-tera-que-indenizar-familia-de-perseguido-pela-ditadura-no-amapa\/","url":"https:\/\/agenciabrasil.ebc.com.br\/direitos-humanos\/noticia\/2026-09\/uniao-tera-que-indenizar-familia-de-perseguido-pela-ditadura-no-amapa","name":"Uni\u00e3o ter\u00e1 que indenizar fam\u00edlia de perseguido pela ditadura no Amap\u00e1","isPartOf":{"@id":"https:\/\/mrnews.com.br\/#website"},"datePublished":"2026-09-01T20:43:14+00:00","breadcrumb":{"@id":"https:\/\/agenciabrasil.ebc.com.br\/direitos-humanos\/noticia\/2026-09\/uniao-tera-que-indenizar-familia-de-perseguido-pela-ditadura-no-amapa#breadcrumb"},"inLanguage":"pt-BR","potentialAction":[{"@type":"ReadAction","target":["https:\/\/agenciabrasil.ebc.com.br\/direitos-humanos\/noticia\/2026-09\/uniao-tera-que-indenizar-familia-de-perseguido-pela-ditadura-no-amapa"]}]},{"@type":"BreadcrumbList","@id":"https:\/\/agenciabrasil.ebc.com.br\/direitos-humanos\/noticia\/2026-09\/uniao-tera-que-indenizar-familia-de-perseguido-pela-ditadura-no-amapa#breadcrumb","itemListElement":[{"@type":"ListItem","position":1,"name":"In\u00edcio","item":"https:\/\/mrnews.com.br\/"},{"@type":"ListItem","position":2,"name":"Uni\u00e3o ter\u00e1 que indenizar fam\u00edlia de perseguido pela ditadura no Amap\u00e1"}]},{"@type":"WebSite","@id":"https:\/\/mrnews.com.br\/#website","url":"https:\/\/mrnews.com.br\/","name":"MRNews","description":"MRNews Jogos de hoje da TV, transmiss\u00f5es ao vivo, Not\u00edcias de futebol, Jogos ao vivo, Lives, resumo de novelas, Programa\u00e7\u00e3o da Globo, A Fazenda e BBB","publisher":{"@id":"https:\/\/mrnews.com.br\/#organization"},"potentialAction":[{"@type":"SearchAction","target":{"@type":"EntryPoint","urlTemplate":"https:\/\/mrnews.com.br\/?s={search_term_string}"},"query-input":{"@type":"PropertyValueSpecification","valueRequired":true,"valueName":"search_term_string"}}],"inLanguage":"pt-BR"},{"@type":"Organization","@id":"https:\/\/mrnews.com.br\/#organization","name":"MRNews","url":"https:\/\/mrnews.com.br\/","logo":{"@type":"ImageObject","inLanguage":"pt-BR","@id":"https:\/\/mrnews.com.br\/#\/schema\/logo\/image\/","url":"https:\/\/mrnews.com.br\/wp-content\/uploads\/2026\/08\/MRNEws.png","contentUrl":"https:\/\/mrnews.com.br\/wp-content\/uploads\/2026\/08\/MRNEws.png","width":1254,"height":1254,"caption":"MRNews"},"image":{"@id":"https:\/\/mrnews.com.br\/#\/schema\/logo\/image\/"},"sameAs":["https:\/\/www.facebook.com\/eaipahpah\/?locale2=pt_BR","https:\/\/x.com\/conspirou","https:\/\/www.instagram.com\/eai_pahpah","https:\/\/br.pinterest.com\/mrnewsn\/boards\/","https:\/\/www.youtube.com\/channel\/UCacgnpznQ61fifLWr1tQ-vA?view_as=subscriber"]},{"@type":"Person","@id":"https:\/\/mrnews.com.br\/#\/schema\/person\/2f073f2d87903a2ff9a065e41bbf17d4","name":"Fernando Corraa","image":{"@type":"ImageObject","inLanguage":"pt-BR","@id":"https:\/\/secure.gravatar.com\/avatar\/9069acb0e588c9f4346ba747284aef18a5faaab575e89e9ccc64e315003f0b82?s=96&d=monsterid&r=g","url":"https:\/\/secure.gravatar.com\/avatar\/9069acb0e588c9f4346ba747284aef18a5faaab575e89e9ccc64e315003f0b82?s=96&d=monsterid&r=g","contentUrl":"https:\/\/secure.gravatar.com\/avatar\/9069acb0e588c9f4346ba747284aef18a5faaab575e89e9ccc64e315003f0b82?s=96&d=monsterid&r=g","caption":"Fernando Corraa"},"url":"https:\/\/mrnews.com.br\/index.php\/author\/fernando-corraa\/"}]}},"jetpack_sharing_enabled":true,"jetpack_shortlink":"https:\/\/wp.me\/pa2Qf7-1XeI","amp_enabled":true,"jetpack_featured_media_url":"","_links":{"self":[{"href":"https:\/\/mrnews.com.br\/index.php\/wp-json\/wp\/v2\/posts\/466036","targetHints":{"allow":["GET"]}}],"collection":[{"href":"https:\/\/mrnews.com.br\/index.php\/wp-json\/wp\/v2\/posts"}],"about":[{"href":"https:\/\/mrnews.com.br\/index.php\/wp-json\/wp\/v2\/types\/post"}],"author":[{"embeddable":true,"href":"https:\/\/mrnews.com.br\/index.php\/wp-json\/wp\/v2\/users\/39"}],"replies":[{"embeddable":true,"href":"https:\/\/mrnews.com.br\/index.php\/wp-json\/wp\/v2\/comments?post=466036"}],"version-history":[{"count":0,"href":"https:\/\/mrnews.com.br\/index.php\/wp-json\/wp\/v2\/posts\/466036\/revisions"}],"wp:attachment":[{"href":"https:\/\/mrnews.com.br\/index.php\/wp-json\/wp\/v2\/media?parent=466036"}],"wp:term":[{"taxonomy":"category","embeddable":true,"href":"https:\/\/mrnews.com.br\/index.php\/wp-json\/wp\/v2\/categories?post=466036"},{"taxonomy":"post_tag","embeddable":true,"href":"https:\/\/mrnews.com.br\/index.php\/wp-json\/wp\/v2\/tags?post=466036"}],"curies":[{"name":"wp","href":"https:\/\/api.w.org\/{rel}","templated":true}]}}