{"id":466038,"date":"2026-09-01T19:06:26","date_gmt":"2026-09-01T22:06:26","guid":{"rendered":"https:\/\/mrnews.com.br\/index.php\/2026\/09\/01\/desembargador-mantem-cobranca-de-imposto-de-exportacao-de-petroleo\/"},"modified":"2026-09-01T19:06:26","modified_gmt":"2026-09-01T22:06:26","slug":"desembargador-mantem-cobranca-de-imposto-de-exportacao-de-petroleo","status":"publish","type":"post","link":"https:\/\/mrnews.com.br\/index.php\/2026\/09\/01\/desembargador-mantem-cobranca-de-imposto-de-exportacao-de-petroleo\/","title":{"rendered":"Desembargador mant\u00e9m cobran\u00e7a de imposto de exporta\u00e7\u00e3o de petr\u00f3leo"},"content":{"rendered":"<p>Por EBC, <\/p>\n<div>\n<p>O desembargador federal Roberto Carvalho Veloso, do Tribunal Regional Federal da 1\u00aa Regi\u00e3o (TRF1), derrubou nesta ter\u00e7a-feira (1\u00ba) a<strong> liminar da 17\u00aa Vara Federal do Distrito Federal que suspendia a cobran\u00e7a do imposto de 12% sobre as exporta\u00e7\u00f5es de \u00f3leo bruto de petr\u00f3leo<\/strong>\u00a0e de minerais betuminosos (rochas e subst\u00e2ncias ricas em hidrocarbonetos).\u00a0<\/p>\n<p>A decis\u00e3o atende a um recurso interposto pela Advocacia-Geral da Uni\u00e3o (AGU) contra a suspens\u00e3o do tributo.<\/p>\n<p>No pedido de revis\u00e3o, a defesa da Uni\u00e3o argumentou pela legalidade do ato administrativo do Comit\u00ea Executivo de Gest\u00e3o da C\u00e2mara de Com\u00e9rcio Exterior (Gecex-Camex), que instituiu a al\u00edquota de 12% do imposto de exporta\u00e7\u00e3o sobre esses produtos ainda em julho.\u00a0<\/p>\n<p><strong>A tarifa foi definida pelo comit\u00ea ap\u00f3s o fim da validade da Medida Provis\u00f3ria (MP) 1.340\/2026<\/strong>, editada em mar\u00e7o pelo presidente Luiz In\u00e1cio Lula da Silva, para compensar a redu\u00e7\u00e3o de tributos federais sobre o diesel, adotada pelo governo para amenizar os impactos da alta internacional dos combust\u00edveis provocada pelo conflito militar no Oriente M\u00e9dio.<\/p>\n<p>A guerra entre Estados Unidos e Ir\u00e3 acarretou no fechamento do Estreito de Ormuz, uma das principais rotas internacionais de exporta\u00e7\u00e3o de petr\u00f3leo, situa\u00e7\u00e3o que impactou fortemente na alta do pre\u00e7o do barril do produto em todo o planeta.<\/p>\n<p><strong>Al\u00e9m do imposto de exporta\u00e7\u00e3o, a MP incluiu ainda o subs\u00eddio de R$ 0,32 por litro do diesel<\/strong> e a\u00e7\u00f5es de refor\u00e7o na fiscaliza\u00e7\u00e3o contra aumentos abusivos no pre\u00e7o dos combust\u00edveis.<\/p>\n<p>A a\u00e7\u00e3o que pediu a suspens\u00e3o da cobran\u00e7a do imposto foi proposta pela Associa\u00e7\u00e3o Brasileira de Empresas de Explora\u00e7\u00e3o e de Produ\u00e7\u00e3o de Petr\u00f3leo e G\u00e1s (Abep), que alegou, em a\u00e7\u00e3o coletiva contra a Receita Federal, que a resolu\u00e7\u00e3o do Gecex-Camex era, na pr\u00e1tica, uma reprodu\u00e7\u00e3o da cobran\u00e7a que o Congresso havia deixado caducar com o fim da MP, o que seria vedado pela Constitui\u00e7\u00e3o Federal.\u00a0<\/p>\n<p>O argumento foi acatado pelo juiz Diego C\u00e2mara, da 17\u00aa Vara Federal, que considerou o ato da Camex &#8220;burla ao devido processo legislativo&#8221;.\u00a0\u00a0<\/p>\n<p>Ao examinar o recurso, no entanto, o desembargador Roberto Carvalho Veloso refutou o argumento de descumprimento da Constitui\u00e7\u00e3o. Segundo ele, <strong>a veda\u00e7\u00e3o, neste caso, s\u00f3 se aplicaria se o governo editasse uma nova MP com o mesmo teor, o que n\u00e3o vale para um ato administrativo do Gecex-Camex, que tem atribui\u00e7\u00e3o de deliberar sobre tributos regulat\u00f3rios<\/strong>.<\/p>\n<p>&#8220;A compet\u00eancia do Poder Executivo para alterar as al\u00edquotas do IE [imposto de exporta\u00e7\u00e3o], portanto, preexiste \u00e0 edi\u00e7\u00e3o da MP 1.340\/2026 e a ela sobrevive, n\u00e3o havendo, em exame preliminar, identidade de fundamento de validade entre os dois atos normativos capaz de caracterizar fraude \u00e0 veda\u00e7\u00e3o constitucional invocada&#8221;, afirmou.<\/p>\n<p><strong>O magistrado tamb\u00e9m sustentou que a suspens\u00e3o do imposto implica &#8220;risco de dano \u00e0 ordem econ\u00f4mica e ao planejamento estatal em mat\u00e9ria de pol\u00edtica cambial e de com\u00e9rcio exterior, notadamente em contexto de instabilidade geopol\u00edtica internacional, al\u00e9m de configurar risco de efeito multiplicador de decis\u00f5es similares em todo o territ\u00f3rio nacional&#8221;.<\/strong><\/p>\n<p>As exporta\u00e7\u00f5es de petr\u00f3leo bruto e minerais betuminosos tiveram a tributa\u00e7\u00e3o de 12% prorrogada por mais 60 dias, a partir de 8 de setembro.\u00a0<\/p>\n<p><strong>A Receita Federal informou, na semana passada, que o imposto de exporta\u00e7\u00e3o sobre petr\u00f3leo arrecadou R$ 7,98 bilh\u00f5es at\u00e9 julho.<\/strong>\u00a0<\/p>\n<p>Cabe recurso da decis\u00e3o do Tribunal Regional Federal da 1\u00aa Regi\u00e3o.<\/p>\n<p>      <!-- Relacionada --><\/p>\n<p>            <!-- Relacionada -->\n    <\/div>\n","protected":false},"excerpt":{"rendered":"<p>Por EBC, O desembargador federal Roberto Carvalho Veloso, do Tribunal Regional Federal da 1\u00aa Regi\u00e3o (TRF1), derrubou nesta ter\u00e7a-feira (1\u00ba) a liminar da 17\u00aa Vara Federal do Distrito Federal que suspendia a cobran\u00e7a do imposto de 12% sobre as exporta\u00e7\u00f5es de \u00f3leo bruto de petr\u00f3leo\u00a0e de minerais betuminosos (rochas e subst\u00e2ncias ricas em hidrocarbonetos).\u00a0 A &hellip;<\/p>\n","protected":false},"author":39,"featured_media":0,"comment_status":"open","ping_status":"open","sticky":false,"template":"","format":"standard","meta":{"_jetpack_newsletter_access":"","_jetpack_dont_email_post_to_subs":false,"_jetpack_newsletter_tier_id":0,"_jetpack_memberships_contains_paywalled_content":false,"_jetpack_feature_clip_id":0,"_jetpack_memberships_contains_paid_content":false,"footnotes":"","jetpack_post_was_ever_published":false},"categories":[4],"tags":[],"class_list":["post-466038","post","type-post","status-publish","format-standard","hentry","category-servicos"],"yoast_head":"<!-- This site is optimized with the Yoast SEO plugin v28.4 - https:\/\/yoast.com\/product\/yoast-seo-wordpress\/ -->\n<title>Desembargador mant\u00e9m cobran\u00e7a de imposto de exporta\u00e7\u00e3o de petr\u00f3leo<\/title>\n<meta name=\"robots\" content=\"index, follow, max-snippet:-1, max-image-preview:large, max-video-preview:-1\" \/>\n<link rel=\"canonical\" href=\"https:\/\/agenciabrasil.ebc.com.br\/justica\/noticia\/2026-09\/desembargador-mantem-cobranca-de-imposto-de-exportacao-de-petroleo\" \/>\n<meta property=\"og:locale\" content=\"pt_BR\" \/>\n<meta property=\"og:type\" content=\"article\" \/>\n<meta property=\"og:title\" content=\"Desembargador mant\u00e9m cobran\u00e7a de imposto de exporta\u00e7\u00e3o de petr\u00f3leo\" \/>\n<meta property=\"og:description\" content=\"Por EBC, O desembargador federal Roberto Carvalho Veloso, do Tribunal Regional Federal da 1\u00aa Regi\u00e3o (TRF1), derrubou nesta ter\u00e7a-feira (1\u00ba) a liminar da 17\u00aa Vara Federal do Distrito Federal que suspendia a cobran\u00e7a do imposto de 12% sobre as exporta\u00e7\u00f5es de \u00f3leo bruto de petr\u00f3leo\u00a0e de minerais betuminosos (rochas e subst\u00e2ncias ricas em hidrocarbonetos).\u00a0 A &hellip;\" \/>\n<meta property=\"og:url\" content=\"https:\/\/agenciabrasil.ebc.com.br\/justica\/noticia\/2026-09\/desembargador-mantem-cobranca-de-imposto-de-exportacao-de-petroleo\" \/>\n<meta property=\"og:site_name\" content=\"MRNews\" \/>\n<meta property=\"article:publisher\" content=\"https:\/\/www.facebook.com\/eaipahpah\/?locale2=pt_BR\" \/>\n<meta property=\"article:published_time\" content=\"2026-09-01T22:06:26+00:00\" \/>\n<meta name=\"author\" content=\"Fernando Corraa\" \/>\n<meta name=\"twitter:card\" content=\"summary_large_image\" \/>\n<meta name=\"twitter:creator\" content=\"@conspirou\" \/>\n<meta name=\"twitter:site\" content=\"@conspirou\" \/>\n<meta name=\"twitter:label1\" content=\"Escrito por\" \/>\n\t<meta name=\"twitter:data1\" content=\"Fernando Corraa\" \/>\n\t<meta name=\"twitter:label2\" content=\"Est. tempo de leitura\" \/>\n\t<meta name=\"twitter:data2\" content=\"3 minutos\" \/>\n<script type=\"application\/ld+json\" class=\"yoast-schema-graph\">{\"@context\":\"https:\\\/\\\/schema.org\",\"@graph\":[{\"@type\":\"Article\",\"@id\":\"https:\\\/\\\/agenciabrasil.ebc.com.br\\\/justica\\\/noticia\\\/2026-09\\\/desembargador-mantem-cobranca-de-imposto-de-exportacao-de-petroleo#article\",\"isPartOf\":{\"@id\":\"https:\\\/\\\/mrnews.com.br\\\/index.php\\\/2026\\\/09\\\/01\\\/desembargador-mantem-cobranca-de-imposto-de-exportacao-de-petroleo\\\/\"},\"author\":{\"name\":\"Fernando Corraa\",\"@id\":\"https:\\\/\\\/mrnews.com.br\\\/#\\\/schema\\\/person\\\/2f073f2d87903a2ff9a065e41bbf17d4\"},\"headline\":\"Desembargador mant\u00e9m cobran\u00e7a de imposto de exporta\u00e7\u00e3o de petr\u00f3leo\",\"datePublished\":\"2026-09-01T22:06:26+00:00\",\"mainEntityOfPage\":{\"@id\":\"https:\\\/\\\/mrnews.com.br\\\/index.php\\\/2026\\\/09\\\/01\\\/desembargador-mantem-cobranca-de-imposto-de-exportacao-de-petroleo\\\/\"},\"wordCount\":613,\"commentCount\":0,\"publisher\":{\"@id\":\"https:\\\/\\\/mrnews.com.br\\\/#organization\"},\"articleSection\":[\"SERVI\u00c7OS\"],\"inLanguage\":\"pt-BR\",\"potentialAction\":[{\"@type\":\"CommentAction\",\"name\":\"Comment\",\"target\":[\"https:\\\/\\\/agenciabrasil.ebc.com.br\\\/justica\\\/noticia\\\/2026-09\\\/desembargador-mantem-cobranca-de-imposto-de-exportacao-de-petroleo#respond\"]}]},{\"@type\":\"WebPage\",\"@id\":\"https:\\\/\\\/mrnews.com.br\\\/index.php\\\/2026\\\/09\\\/01\\\/desembargador-mantem-cobranca-de-imposto-de-exportacao-de-petroleo\\\/\",\"url\":\"https:\\\/\\\/agenciabrasil.ebc.com.br\\\/justica\\\/noticia\\\/2026-09\\\/desembargador-mantem-cobranca-de-imposto-de-exportacao-de-petroleo\",\"name\":\"Desembargador mant\u00e9m cobran\u00e7a de imposto de exporta\u00e7\u00e3o de petr\u00f3leo\",\"isPartOf\":{\"@id\":\"https:\\\/\\\/mrnews.com.br\\\/#website\"},\"datePublished\":\"2026-09-01T22:06:26+00:00\",\"breadcrumb\":{\"@id\":\"https:\\\/\\\/agenciabrasil.ebc.com.br\\\/justica\\\/noticia\\\/2026-09\\\/desembargador-mantem-cobranca-de-imposto-de-exportacao-de-petroleo#breadcrumb\"},\"inLanguage\":\"pt-BR\",\"potentialAction\":[{\"@type\":\"ReadAction\",\"target\":[\"https:\\\/\\\/agenciabrasil.ebc.com.br\\\/justica\\\/noticia\\\/2026-09\\\/desembargador-mantem-cobranca-de-imposto-de-exportacao-de-petroleo\"]}]},{\"@type\":\"BreadcrumbList\",\"@id\":\"https:\\\/\\\/agenciabrasil.ebc.com.br\\\/justica\\\/noticia\\\/2026-09\\\/desembargador-mantem-cobranca-de-imposto-de-exportacao-de-petroleo#breadcrumb\",\"itemListElement\":[{\"@type\":\"ListItem\",\"position\":1,\"name\":\"In\u00edcio\",\"item\":\"https:\\\/\\\/mrnews.com.br\\\/\"},{\"@type\":\"ListItem\",\"position\":2,\"name\":\"Desembargador mant\u00e9m cobran\u00e7a de imposto de exporta\u00e7\u00e3o de petr\u00f3leo\"}]},{\"@type\":\"WebSite\",\"@id\":\"https:\\\/\\\/mrnews.com.br\\\/#website\",\"url\":\"https:\\\/\\\/mrnews.com.br\\\/\",\"name\":\"MRNews\",\"description\":\"MRNews Jogos de hoje da TV, transmiss\u00f5es ao vivo, Not\u00edcias de futebol, Jogos ao vivo, Lives, resumo de novelas, Programa\u00e7\u00e3o da Globo, A Fazenda e BBB\",\"publisher\":{\"@id\":\"https:\\\/\\\/mrnews.com.br\\\/#organization\"},\"potentialAction\":[{\"@type\":\"SearchAction\",\"target\":{\"@type\":\"EntryPoint\",\"urlTemplate\":\"https:\\\/\\\/mrnews.com.br\\\/?s={search_term_string}\"},\"query-input\":{\"@type\":\"PropertyValueSpecification\",\"valueRequired\":true,\"valueName\":\"search_term_string\"}}],\"inLanguage\":\"pt-BR\"},{\"@type\":\"Organization\",\"@id\":\"https:\\\/\\\/mrnews.com.br\\\/#organization\",\"name\":\"MRNews\",\"url\":\"https:\\\/\\\/mrnews.com.br\\\/\",\"logo\":{\"@type\":\"ImageObject\",\"inLanguage\":\"pt-BR\",\"@id\":\"https:\\\/\\\/mrnews.com.br\\\/#\\\/schema\\\/logo\\\/image\\\/\",\"url\":\"https:\\\/\\\/mrnews.com.br\\\/wp-content\\\/uploads\\\/2026\\\/08\\\/MRNEws.png\",\"contentUrl\":\"https:\\\/\\\/mrnews.com.br\\\/wp-content\\\/uploads\\\/2026\\\/08\\\/MRNEws.png\",\"width\":1254,\"height\":1254,\"caption\":\"MRNews\"},\"image\":{\"@id\":\"https:\\\/\\\/mrnews.com.br\\\/#\\\/schema\\\/logo\\\/image\\\/\"},\"sameAs\":[\"https:\\\/\\\/www.facebook.com\\\/eaipahpah\\\/?locale2=pt_BR\",\"https:\\\/\\\/x.com\\\/conspirou\",\"https:\\\/\\\/www.instagram.com\\\/eai_pahpah\",\"https:\\\/\\\/br.pinterest.com\\\/mrnewsn\\\/boards\\\/\",\"https:\\\/\\\/www.youtube.com\\\/channel\\\/UCacgnpznQ61fifLWr1tQ-vA?view_as=subscriber\"]},{\"@type\":\"Person\",\"@id\":\"https:\\\/\\\/mrnews.com.br\\\/#\\\/schema\\\/person\\\/2f073f2d87903a2ff9a065e41bbf17d4\",\"name\":\"Fernando Corraa\",\"image\":{\"@type\":\"ImageObject\",\"inLanguage\":\"pt-BR\",\"@id\":\"https:\\\/\\\/secure.gravatar.com\\\/avatar\\\/9069acb0e588c9f4346ba747284aef18a5faaab575e89e9ccc64e315003f0b82?s=96&d=monsterid&r=g\",\"url\":\"https:\\\/\\\/secure.gravatar.com\\\/avatar\\\/9069acb0e588c9f4346ba747284aef18a5faaab575e89e9ccc64e315003f0b82?s=96&d=monsterid&r=g\",\"contentUrl\":\"https:\\\/\\\/secure.gravatar.com\\\/avatar\\\/9069acb0e588c9f4346ba747284aef18a5faaab575e89e9ccc64e315003f0b82?s=96&d=monsterid&r=g\",\"caption\":\"Fernando Corraa\"},\"url\":\"https:\\\/\\\/mrnews.com.br\\\/index.php\\\/author\\\/fernando-corraa\\\/\"}]}<\/script>\n<!-- \/ Yoast SEO plugin. -->","yoast_head_json":{"title":"Desembargador mant\u00e9m cobran\u00e7a de imposto de exporta\u00e7\u00e3o de petr\u00f3leo","robots":{"index":"index","follow":"follow","max-snippet":"max-snippet:-1","max-image-preview":"max-image-preview:large","max-video-preview":"max-video-preview:-1"},"canonical":"https:\/\/agenciabrasil.ebc.com.br\/justica\/noticia\/2026-09\/desembargador-mantem-cobranca-de-imposto-de-exportacao-de-petroleo","og_locale":"pt_BR","og_type":"article","og_title":"Desembargador mant\u00e9m cobran\u00e7a de imposto de exporta\u00e7\u00e3o de petr\u00f3leo","og_description":"Por EBC, O desembargador federal Roberto Carvalho Veloso, do Tribunal Regional Federal da 1\u00aa Regi\u00e3o (TRF1), derrubou nesta ter\u00e7a-feira (1\u00ba) a liminar da 17\u00aa Vara Federal do Distrito Federal que suspendia a cobran\u00e7a do imposto de 12% sobre as exporta\u00e7\u00f5es de \u00f3leo bruto de petr\u00f3leo\u00a0e de minerais betuminosos (rochas e subst\u00e2ncias ricas em hidrocarbonetos).\u00a0 A &hellip;","og_url":"https:\/\/agenciabrasil.ebc.com.br\/justica\/noticia\/2026-09\/desembargador-mantem-cobranca-de-imposto-de-exportacao-de-petroleo","og_site_name":"MRNews","article_publisher":"https:\/\/www.facebook.com\/eaipahpah\/?locale2=pt_BR","article_published_time":"2026-09-01T22:06:26+00:00","author":"Fernando Corraa","twitter_card":"summary_large_image","twitter_creator":"@conspirou","twitter_site":"@conspirou","twitter_misc":{"Escrito por":"Fernando Corraa","Est. tempo de leitura":"3 minutos"},"schema":{"@context":"https:\/\/schema.org","@graph":[{"@type":"Article","@id":"https:\/\/agenciabrasil.ebc.com.br\/justica\/noticia\/2026-09\/desembargador-mantem-cobranca-de-imposto-de-exportacao-de-petroleo#article","isPartOf":{"@id":"https:\/\/mrnews.com.br\/index.php\/2026\/09\/01\/desembargador-mantem-cobranca-de-imposto-de-exportacao-de-petroleo\/"},"author":{"name":"Fernando Corraa","@id":"https:\/\/mrnews.com.br\/#\/schema\/person\/2f073f2d87903a2ff9a065e41bbf17d4"},"headline":"Desembargador mant\u00e9m cobran\u00e7a de imposto de exporta\u00e7\u00e3o de petr\u00f3leo","datePublished":"2026-09-01T22:06:26+00:00","mainEntityOfPage":{"@id":"https:\/\/mrnews.com.br\/index.php\/2026\/09\/01\/desembargador-mantem-cobranca-de-imposto-de-exportacao-de-petroleo\/"},"wordCount":613,"commentCount":0,"publisher":{"@id":"https:\/\/mrnews.com.br\/#organization"},"articleSection":["SERVI\u00c7OS"],"inLanguage":"pt-BR","potentialAction":[{"@type":"CommentAction","name":"Comment","target":["https:\/\/agenciabrasil.ebc.com.br\/justica\/noticia\/2026-09\/desembargador-mantem-cobranca-de-imposto-de-exportacao-de-petroleo#respond"]}]},{"@type":"WebPage","@id":"https:\/\/mrnews.com.br\/index.php\/2026\/09\/01\/desembargador-mantem-cobranca-de-imposto-de-exportacao-de-petroleo\/","url":"https:\/\/agenciabrasil.ebc.com.br\/justica\/noticia\/2026-09\/desembargador-mantem-cobranca-de-imposto-de-exportacao-de-petroleo","name":"Desembargador mant\u00e9m cobran\u00e7a de imposto de exporta\u00e7\u00e3o de petr\u00f3leo","isPartOf":{"@id":"https:\/\/mrnews.com.br\/#website"},"datePublished":"2026-09-01T22:06:26+00:00","breadcrumb":{"@id":"https:\/\/agenciabrasil.ebc.com.br\/justica\/noticia\/2026-09\/desembargador-mantem-cobranca-de-imposto-de-exportacao-de-petroleo#breadcrumb"},"inLanguage":"pt-BR","potentialAction":[{"@type":"ReadAction","target":["https:\/\/agenciabrasil.ebc.com.br\/justica\/noticia\/2026-09\/desembargador-mantem-cobranca-de-imposto-de-exportacao-de-petroleo"]}]},{"@type":"BreadcrumbList","@id":"https:\/\/agenciabrasil.ebc.com.br\/justica\/noticia\/2026-09\/desembargador-mantem-cobranca-de-imposto-de-exportacao-de-petroleo#breadcrumb","itemListElement":[{"@type":"ListItem","position":1,"name":"In\u00edcio","item":"https:\/\/mrnews.com.br\/"},{"@type":"ListItem","position":2,"name":"Desembargador mant\u00e9m cobran\u00e7a de imposto de exporta\u00e7\u00e3o de petr\u00f3leo"}]},{"@type":"WebSite","@id":"https:\/\/mrnews.com.br\/#website","url":"https:\/\/mrnews.com.br\/","name":"MRNews","description":"MRNews Jogos de hoje da TV, transmiss\u00f5es ao vivo, Not\u00edcias de futebol, Jogos ao vivo, Lives, resumo de novelas, Programa\u00e7\u00e3o da Globo, A Fazenda e BBB","publisher":{"@id":"https:\/\/mrnews.com.br\/#organization"},"potentialAction":[{"@type":"SearchAction","target":{"@type":"EntryPoint","urlTemplate":"https:\/\/mrnews.com.br\/?s={search_term_string}"},"query-input":{"@type":"PropertyValueSpecification","valueRequired":true,"valueName":"search_term_string"}}],"inLanguage":"pt-BR"},{"@type":"Organization","@id":"https:\/\/mrnews.com.br\/#organization","name":"MRNews","url":"https:\/\/mrnews.com.br\/","logo":{"@type":"ImageObject","inLanguage":"pt-BR","@id":"https:\/\/mrnews.com.br\/#\/schema\/logo\/image\/","url":"https:\/\/mrnews.com.br\/wp-content\/uploads\/2026\/08\/MRNEws.png","contentUrl":"https:\/\/mrnews.com.br\/wp-content\/uploads\/2026\/08\/MRNEws.png","width":1254,"height":1254,"caption":"MRNews"},"image":{"@id":"https:\/\/mrnews.com.br\/#\/schema\/logo\/image\/"},"sameAs":["https:\/\/www.facebook.com\/eaipahpah\/?locale2=pt_BR","https:\/\/x.com\/conspirou","https:\/\/www.instagram.com\/eai_pahpah","https:\/\/br.pinterest.com\/mrnewsn\/boards\/","https:\/\/www.youtube.com\/channel\/UCacgnpznQ61fifLWr1tQ-vA?view_as=subscriber"]},{"@type":"Person","@id":"https:\/\/mrnews.com.br\/#\/schema\/person\/2f073f2d87903a2ff9a065e41bbf17d4","name":"Fernando Corraa","image":{"@type":"ImageObject","inLanguage":"pt-BR","@id":"https:\/\/secure.gravatar.com\/avatar\/9069acb0e588c9f4346ba747284aef18a5faaab575e89e9ccc64e315003f0b82?s=96&d=monsterid&r=g","url":"https:\/\/secure.gravatar.com\/avatar\/9069acb0e588c9f4346ba747284aef18a5faaab575e89e9ccc64e315003f0b82?s=96&d=monsterid&r=g","contentUrl":"https:\/\/secure.gravatar.com\/avatar\/9069acb0e588c9f4346ba747284aef18a5faaab575e89e9ccc64e315003f0b82?s=96&d=monsterid&r=g","caption":"Fernando Corraa"},"url":"https:\/\/mrnews.com.br\/index.php\/author\/fernando-corraa\/"}]}},"jetpack_sharing_enabled":true,"jetpack_shortlink":"https:\/\/wp.me\/pa2Qf7-1XeK","amp_enabled":true,"jetpack_featured_media_url":"","_links":{"self":[{"href":"https:\/\/mrnews.com.br\/index.php\/wp-json\/wp\/v2\/posts\/466038","targetHints":{"allow":["GET"]}}],"collection":[{"href":"https:\/\/mrnews.com.br\/index.php\/wp-json\/wp\/v2\/posts"}],"about":[{"href":"https:\/\/mrnews.com.br\/index.php\/wp-json\/wp\/v2\/types\/post"}],"author":[{"embeddable":true,"href":"https:\/\/mrnews.com.br\/index.php\/wp-json\/wp\/v2\/users\/39"}],"replies":[{"embeddable":true,"href":"https:\/\/mrnews.com.br\/index.php\/wp-json\/wp\/v2\/comments?post=466038"}],"version-history":[{"count":0,"href":"https:\/\/mrnews.com.br\/index.php\/wp-json\/wp\/v2\/posts\/466038\/revisions"}],"wp:attachment":[{"href":"https:\/\/mrnews.com.br\/index.php\/wp-json\/wp\/v2\/media?parent=466038"}],"wp:term":[{"taxonomy":"category","embeddable":true,"href":"https:\/\/mrnews.com.br\/index.php\/wp-json\/wp\/v2\/categories?post=466038"},{"taxonomy":"post_tag","embeddable":true,"href":"https:\/\/mrnews.com.br\/index.php\/wp-json\/wp\/v2\/tags?post=466038"}],"curies":[{"name":"wp","href":"https:\/\/api.w.org\/{rel}","templated":true}]}}