{"id":466043,"date":"2026-09-01T20:30:15","date_gmt":"2026-09-01T23:30:15","guid":{"rendered":"https:\/\/mrnews.com.br\/index.php\/2026\/09\/01\/festival-de-cinema-fantastico-estreia-com-homenagem-a-liz-marins\/"},"modified":"2026-09-01T20:30:15","modified_gmt":"2026-09-01T23:30:15","slug":"festival-de-cinema-fantastico-estreia-com-homenagem-a-liz-marins","status":"publish","type":"post","link":"https:\/\/mrnews.com.br\/index.php\/2026\/09\/01\/festival-de-cinema-fantastico-estreia-com-homenagem-a-liz-marins\/","title":{"rendered":"Festival de cinema fant\u00e1stico estreia com homenagem a Liz Marins"},"content":{"rendered":"<p>Por EBC, <\/p>\n<div>\n<p>H\u00e1 25 anos, Liz Marins criou a personagem Liz Vamp, um \u00edcone do cinema e da televis\u00e3o brasileira. Assim como o\u00a0pai,\u00a0 Jos\u00e9 Mojica Marins, o Z\u00e9 do Caix\u00e3o,\u00a0a atriz ganhou reconhecimento por explorar o cinema fant\u00e1stico, g\u00eanero que engloba horror, fic\u00e7\u00e3o cient\u00edfica, contos e lendas.<\/p>\n<p><strong>A trajet\u00f3ria de Liz ser\u00e1 celebrada na 17\u00aa edi\u00e7\u00e3o do CineFantasy. O Festival Internacional de Cinema Fant\u00e1stico come\u00e7a nesta ter\u00e7a-feira (1\u00ba)\u00a0em S\u00e3o Paulo e vai at\u00e9 dia 6 de setembro, com 70 filmes de 24 pa\u00edses e territ\u00f3rios.<\/strong><\/p>\n<p><strong>O festival apresenta curtas e longas-metragens nacionais, latino-americanos e de outros continentes que ser\u00e3o exibidos pela primeira vez na capital paulista.<\/strong> Os filmes s\u00e3o distribu\u00eddos entre as mostras Anima\u00e7\u00e3o Fant\u00e1stica, Brasil Fant\u00e1stico, Estudante, Fantasia, FantasTeen, Fic\u00e7\u00e3o Cient\u00edfica e Horror.<\/p>\n<p>O diretor e idealizador do CineFantasy, Eduardo Santana, destaca que o evento se prop\u00f5e a ser uma porta de entrada para que filmes de novos cineastas encontrem visibilidade.<\/p>\n<p><strong>Diferentemente das edi\u00e7\u00f5es anteriores, nas quais o festival acontecia em apenas\u00a0um local, desta vez, o a organiza\u00e7\u00e3o levar\u00e1 o evento ao Museu da Imagem e do Som, ao Cine Olido, ao Centro de Forma\u00e7\u00e3o Cidade Tiradentes e para 26 Centros de Educa\u00e7\u00e3o Unificados (CEUs). Os filmes tamb\u00e9m ser\u00e3o exibidos nas plataformas de streaming gratuitas DarkFlix+ e SpCine Play.<\/strong><\/p>\n<p>A decis\u00e3o partiu das necessidades do p\u00fablico, que relatava sentir dificuldade para se locomover at\u00e9 o local do evento, que geralmente acontecia no Centro. \u201cS\u00e3o Paulo \u00e9 uma cidade grande, com uma extens\u00e3o territorial enorme e problemas de locomo\u00e7\u00e3o\u201d, diz Eduardo Santana.<\/p>\n<p>Al\u00e9m da exibi\u00e7\u00e3o de filmes, o festival tamb\u00e9m sedia mostras competitivas, com categorias de Melhor Filme, Melhor Dire\u00e7\u00e3o, Melhor Ator, Melhor Atriz e Melhor Roteiro. A premia\u00e7\u00e3o ser\u00e1 feita\u00a0na sess\u00e3o de encerramento do evento, no MIS, com o trof\u00e9u Jos\u00e9 Mujica\/CineFantasy para os melhores t\u00edtulos.<\/p>\n<p>O Melhor Curta-Metragem e o Melhor Longa-Metragem recebem\u00a0a indica\u00e7\u00e3o do CineFantasy para a Fantlatam \u2013 Alianza Latinoamericana de Festivales de Cine Fant\u00e1stico, um dos maiores festivais do g\u00eanero fant\u00e1stico.<\/p>\n<div class=\"dnd-widget-wrapper context-cheio_8colunas type-image\">\n<div class=\"dnd-atom-rendered\"><!-- scald=473220:cheio_8colunas --><\/p>\n<p>    <!-- END scald=473220 --><\/div>\n<p><h6 class=\"meta\">Festival de Cinema Fant\u00e1stico em SP\u00a0&#8211; <strong>MIS\/Divulga\u00e7\u00e3o<\/strong><!--END copyright=473220--><\/h6>\n<\/p>\n<\/div>\n<h2>Programa\u00e7\u00e3o<\/h2>\n<p>A sess\u00e3o de abertura do festival conta com a premi\u00e8re brasileira do document\u00e1rio <em>Occupy Cannes<\/em>, dirigida por Lily-Hayes Kaufman, e a exibi\u00e7\u00e3o de <em>L\u00famen<\/em>, curta brasileiro de Marcos DeBrito.<\/p>\n<p><em>L\u00famen<\/em> nasceu dentro da Oficina de Cinema da 16\u00aa edi\u00e7\u00e3o e retorna agora ao festival como obra finalizada, aproximando forma\u00e7\u00e3o, cria\u00e7\u00e3o e exibi\u00e7\u00e3o. O curta foi criado por 30 participantes, que tiveram que desenvolver e produzir um filme do zero em apenas um dia. O filme estreou na \u00cdndia, ganhou diversos pr\u00eamios e passou por v\u00e1rios festivais internacionais e nacionais.<\/p>\n<p>J\u00e1 o document\u00e1rio <em>Occupy Cannes<\/em>, de Lily-Hayes Kaufman, retrata a a\u00e7\u00e3o promovida por Lloyd Kaufman e a equipe da Troma durante o Festival de Cannes de 2013. O filme documenta a trajet\u00f3ria da produtora no mercado de filmes do Festival de Cannes desde 1974, mostrando as dificuldades de competir com os grandes est\u00fadios usando apenas volunt\u00e1rios fantasiados e cartazes na rua.<\/p>\n<p>A Troma \u00e9 uma das principais produtoras independentes do mundo, ativa desde a d\u00e9cada de 1970. \u201cA produtora serviu de celeiro para grandes nomes, como Samuel L. Jackson e os criadores de South Park\u201d, explica o diretor do festival.<\/p>\n<p>Na mostra competitiva de Longas-Metragens Nacionais, o p\u00fablico poder\u00e1 conferir duas estreias mundiais de produ\u00e7\u00f5es brasileiras. Sob a dire\u00e7\u00e3o de Roger Elarrat, <em>Juliana contra o Jambeiro do Diabo pelo Cora\u00e7\u00e3o de Jo\u00e3o Batista<\/em> conduz os espectadores \u00e0 Amaz\u00f4nia em uma trama fascinante de horror e realismo fant\u00e1stico.<\/p>\n<p>J\u00e1 <em>O Retrato de Sarah<\/em>, de Leonardo Costa, explora o horror por meio da obsess\u00e3o, da frustra\u00e7\u00e3o e do processo de cria\u00e7\u00e3o art\u00edstica, narrando a hist\u00f3ria de uma jovem artista que come\u00e7a a converter seus pr\u00f3prios compradores em arte. Ambos os t\u00edtulos contar\u00e3o com exibi\u00e7\u00f5es seguidas de encontros com elenco, diretores e integrantes das equipes de produ\u00e7\u00e3o.<\/p>\n<p>A sele\u00e7\u00e3o internacional destaca a estreia mundial do longa norte-americano <em>Sangrar<\/em> (<em>Bleed<\/em>), dirigido por Dawson Doup\u00e9, Ryder Doup\u00e9 e Tadea\u0161 Tapper. A trama acompanha uma fam\u00edlia em crise que, em plena noite de Halloween, tem a rotina abalada pela chegada de um parente distante ensanguentado ap\u00f3s a pr\u00e1tica de um crime brutal. A exibi\u00e7\u00e3o contar\u00e1 com a presen\u00e7a de um dos diretores.<\/p>\n<p><em>*Estagi\u00e1rio da Ag\u00eancia Brasil sob supervis\u00e3o de Odair Braz Junior<\/em><\/p>\n<p>      <!-- Relacionada --><\/p>\n<p>            <!-- Relacionada -->\n    <\/div>\n","protected":false},"excerpt":{"rendered":"<p>Por EBC, H\u00e1 25 anos, Liz Marins criou a personagem Liz Vamp, um \u00edcone do cinema e da televis\u00e3o brasileira. Assim como o\u00a0pai,\u00a0 Jos\u00e9 Mojica Marins, o Z\u00e9 do Caix\u00e3o,\u00a0a atriz ganhou reconhecimento por explorar o cinema fant\u00e1stico, g\u00eanero que engloba horror, fic\u00e7\u00e3o cient\u00edfica, contos e lendas. A trajet\u00f3ria de Liz ser\u00e1 celebrada na 17\u00aa &hellip;<\/p>\n","protected":false},"author":39,"featured_media":0,"comment_status":"open","ping_status":"open","sticky":false,"template":"","format":"standard","meta":{"_jetpack_newsletter_access":"","_jetpack_dont_email_post_to_subs":false,"_jetpack_newsletter_tier_id":0,"_jetpack_memberships_contains_paywalled_content":false,"_jetpack_feature_clip_id":0,"_jetpack_memberships_contains_paid_content":false,"footnotes":"","jetpack_post_was_ever_published":false},"categories":[4],"tags":[],"class_list":["post-466043","post","type-post","status-publish","format-standard","hentry","category-servicos"],"yoast_head":"<!-- This site is optimized with the Yoast SEO plugin v28.4 - https:\/\/yoast.com\/product\/yoast-seo-wordpress\/ -->\n<title>Festival de cinema fant\u00e1stico estreia com homenagem a Liz Marins<\/title>\n<meta name=\"robots\" content=\"index, follow, max-snippet:-1, max-image-preview:large, max-video-preview:-1\" \/>\n<link rel=\"canonical\" href=\"https:\/\/agenciabrasil.ebc.com.br\/cultura\/noticia\/2026-09\/festival-de-cinema-fantastico-estreia-com-homenagem-liz-marins\" \/>\n<meta property=\"og:locale\" content=\"pt_BR\" \/>\n<meta property=\"og:type\" content=\"article\" \/>\n<meta property=\"og:title\" content=\"Festival de cinema fant\u00e1stico estreia com homenagem a Liz Marins\" \/>\n<meta property=\"og:description\" content=\"Por EBC, H\u00e1 25 anos, Liz Marins criou a personagem Liz Vamp, um \u00edcone do cinema e da televis\u00e3o brasileira. Assim como o\u00a0pai,\u00a0 Jos\u00e9 Mojica Marins, o Z\u00e9 do Caix\u00e3o,\u00a0a atriz ganhou reconhecimento por explorar o cinema fant\u00e1stico, g\u00eanero que engloba horror, fic\u00e7\u00e3o cient\u00edfica, contos e lendas. A trajet\u00f3ria de Liz ser\u00e1 celebrada na 17\u00aa &hellip;\" \/>\n<meta property=\"og:url\" content=\"https:\/\/agenciabrasil.ebc.com.br\/cultura\/noticia\/2026-09\/festival-de-cinema-fantastico-estreia-com-homenagem-liz-marins\" \/>\n<meta property=\"og:site_name\" content=\"MRNews\" \/>\n<meta property=\"article:publisher\" content=\"https:\/\/www.facebook.com\/eaipahpah\/?locale2=pt_BR\" \/>\n<meta property=\"article:published_time\" content=\"2026-09-01T23:30:15+00:00\" \/>\n<meta name=\"author\" content=\"Fernando Corraa\" \/>\n<meta name=\"twitter:card\" content=\"summary_large_image\" \/>\n<meta name=\"twitter:creator\" content=\"@conspirou\" \/>\n<meta name=\"twitter:site\" content=\"@conspirou\" \/>\n<meta name=\"twitter:label1\" content=\"Escrito por\" \/>\n\t<meta name=\"twitter:data1\" content=\"Fernando Corraa\" \/>\n\t<meta name=\"twitter:label2\" content=\"Est. tempo de leitura\" \/>\n\t<meta name=\"twitter:data2\" content=\"4 minutos\" \/>\n<script type=\"application\/ld+json\" class=\"yoast-schema-graph\">{\"@context\":\"https:\\\/\\\/schema.org\",\"@graph\":[{\"@type\":\"Article\",\"@id\":\"https:\\\/\\\/agenciabrasil.ebc.com.br\\\/cultura\\\/noticia\\\/2026-09\\\/festival-de-cinema-fantastico-estreia-com-homenagem-liz-marins#article\",\"isPartOf\":{\"@id\":\"https:\\\/\\\/mrnews.com.br\\\/index.php\\\/2026\\\/09\\\/01\\\/festival-de-cinema-fantastico-estreia-com-homenagem-a-liz-marins\\\/\"},\"author\":{\"name\":\"Fernando Corraa\",\"@id\":\"https:\\\/\\\/mrnews.com.br\\\/#\\\/schema\\\/person\\\/2f073f2d87903a2ff9a065e41bbf17d4\"},\"headline\":\"Festival de cinema fant\u00e1stico estreia com homenagem a Liz Marins\",\"datePublished\":\"2026-09-01T23:30:15+00:00\",\"mainEntityOfPage\":{\"@id\":\"https:\\\/\\\/mrnews.com.br\\\/index.php\\\/2026\\\/09\\\/01\\\/festival-de-cinema-fantastico-estreia-com-homenagem-a-liz-marins\\\/\"},\"wordCount\":797,\"commentCount\":0,\"publisher\":{\"@id\":\"https:\\\/\\\/mrnews.com.br\\\/#organization\"},\"articleSection\":[\"SERVI\u00c7OS\"],\"inLanguage\":\"pt-BR\",\"potentialAction\":[{\"@type\":\"CommentAction\",\"name\":\"Comment\",\"target\":[\"https:\\\/\\\/agenciabrasil.ebc.com.br\\\/cultura\\\/noticia\\\/2026-09\\\/festival-de-cinema-fantastico-estreia-com-homenagem-liz-marins#respond\"]}]},{\"@type\":\"WebPage\",\"@id\":\"https:\\\/\\\/mrnews.com.br\\\/index.php\\\/2026\\\/09\\\/01\\\/festival-de-cinema-fantastico-estreia-com-homenagem-a-liz-marins\\\/\",\"url\":\"https:\\\/\\\/agenciabrasil.ebc.com.br\\\/cultura\\\/noticia\\\/2026-09\\\/festival-de-cinema-fantastico-estreia-com-homenagem-liz-marins\",\"name\":\"Festival de cinema fant\u00e1stico estreia com homenagem a Liz Marins\",\"isPartOf\":{\"@id\":\"https:\\\/\\\/mrnews.com.br\\\/#website\"},\"datePublished\":\"2026-09-01T23:30:15+00:00\",\"breadcrumb\":{\"@id\":\"https:\\\/\\\/agenciabrasil.ebc.com.br\\\/cultura\\\/noticia\\\/2026-09\\\/festival-de-cinema-fantastico-estreia-com-homenagem-liz-marins#breadcrumb\"},\"inLanguage\":\"pt-BR\",\"potentialAction\":[{\"@type\":\"ReadAction\",\"target\":[\"https:\\\/\\\/agenciabrasil.ebc.com.br\\\/cultura\\\/noticia\\\/2026-09\\\/festival-de-cinema-fantastico-estreia-com-homenagem-liz-marins\"]}]},{\"@type\":\"BreadcrumbList\",\"@id\":\"https:\\\/\\\/agenciabrasil.ebc.com.br\\\/cultura\\\/noticia\\\/2026-09\\\/festival-de-cinema-fantastico-estreia-com-homenagem-liz-marins#breadcrumb\",\"itemListElement\":[{\"@type\":\"ListItem\",\"position\":1,\"name\":\"In\u00edcio\",\"item\":\"https:\\\/\\\/mrnews.com.br\\\/\"},{\"@type\":\"ListItem\",\"position\":2,\"name\":\"Festival de cinema fant\u00e1stico estreia com homenagem a Liz Marins\"}]},{\"@type\":\"WebSite\",\"@id\":\"https:\\\/\\\/mrnews.com.br\\\/#website\",\"url\":\"https:\\\/\\\/mrnews.com.br\\\/\",\"name\":\"MRNews\",\"description\":\"MRNews Jogos de hoje da TV, transmiss\u00f5es ao vivo, Not\u00edcias de futebol, Jogos ao vivo, Lives, resumo de novelas, Programa\u00e7\u00e3o da Globo, A Fazenda e BBB\",\"publisher\":{\"@id\":\"https:\\\/\\\/mrnews.com.br\\\/#organization\"},\"potentialAction\":[{\"@type\":\"SearchAction\",\"target\":{\"@type\":\"EntryPoint\",\"urlTemplate\":\"https:\\\/\\\/mrnews.com.br\\\/?s={search_term_string}\"},\"query-input\":{\"@type\":\"PropertyValueSpecification\",\"valueRequired\":true,\"valueName\":\"search_term_string\"}}],\"inLanguage\":\"pt-BR\"},{\"@type\":\"Organization\",\"@id\":\"https:\\\/\\\/mrnews.com.br\\\/#organization\",\"name\":\"MRNews\",\"url\":\"https:\\\/\\\/mrnews.com.br\\\/\",\"logo\":{\"@type\":\"ImageObject\",\"inLanguage\":\"pt-BR\",\"@id\":\"https:\\\/\\\/mrnews.com.br\\\/#\\\/schema\\\/logo\\\/image\\\/\",\"url\":\"https:\\\/\\\/mrnews.com.br\\\/wp-content\\\/uploads\\\/2026\\\/08\\\/MRNEws.png\",\"contentUrl\":\"https:\\\/\\\/mrnews.com.br\\\/wp-content\\\/uploads\\\/2026\\\/08\\\/MRNEws.png\",\"width\":1254,\"height\":1254,\"caption\":\"MRNews\"},\"image\":{\"@id\":\"https:\\\/\\\/mrnews.com.br\\\/#\\\/schema\\\/logo\\\/image\\\/\"},\"sameAs\":[\"https:\\\/\\\/www.facebook.com\\\/eaipahpah\\\/?locale2=pt_BR\",\"https:\\\/\\\/x.com\\\/conspirou\",\"https:\\\/\\\/www.instagram.com\\\/eai_pahpah\",\"https:\\\/\\\/br.pinterest.com\\\/mrnewsn\\\/boards\\\/\",\"https:\\\/\\\/www.youtube.com\\\/channel\\\/UCacgnpznQ61fifLWr1tQ-vA?view_as=subscriber\"]},{\"@type\":\"Person\",\"@id\":\"https:\\\/\\\/mrnews.com.br\\\/#\\\/schema\\\/person\\\/2f073f2d87903a2ff9a065e41bbf17d4\",\"name\":\"Fernando Corraa\",\"image\":{\"@type\":\"ImageObject\",\"inLanguage\":\"pt-BR\",\"@id\":\"https:\\\/\\\/secure.gravatar.com\\\/avatar\\\/9069acb0e588c9f4346ba747284aef18a5faaab575e89e9ccc64e315003f0b82?s=96&d=monsterid&r=g\",\"url\":\"https:\\\/\\\/secure.gravatar.com\\\/avatar\\\/9069acb0e588c9f4346ba747284aef18a5faaab575e89e9ccc64e315003f0b82?s=96&d=monsterid&r=g\",\"contentUrl\":\"https:\\\/\\\/secure.gravatar.com\\\/avatar\\\/9069acb0e588c9f4346ba747284aef18a5faaab575e89e9ccc64e315003f0b82?s=96&d=monsterid&r=g\",\"caption\":\"Fernando Corraa\"},\"url\":\"https:\\\/\\\/mrnews.com.br\\\/index.php\\\/author\\\/fernando-corraa\\\/\"}]}<\/script>\n<!-- \/ Yoast SEO plugin. -->","yoast_head_json":{"title":"Festival de cinema fant\u00e1stico estreia com homenagem a Liz Marins","robots":{"index":"index","follow":"follow","max-snippet":"max-snippet:-1","max-image-preview":"max-image-preview:large","max-video-preview":"max-video-preview:-1"},"canonical":"https:\/\/agenciabrasil.ebc.com.br\/cultura\/noticia\/2026-09\/festival-de-cinema-fantastico-estreia-com-homenagem-liz-marins","og_locale":"pt_BR","og_type":"article","og_title":"Festival de cinema fant\u00e1stico estreia com homenagem a Liz Marins","og_description":"Por EBC, H\u00e1 25 anos, Liz Marins criou a personagem Liz Vamp, um \u00edcone do cinema e da televis\u00e3o brasileira. Assim como o\u00a0pai,\u00a0 Jos\u00e9 Mojica Marins, o Z\u00e9 do Caix\u00e3o,\u00a0a atriz ganhou reconhecimento por explorar o cinema fant\u00e1stico, g\u00eanero que engloba horror, fic\u00e7\u00e3o cient\u00edfica, contos e lendas. A trajet\u00f3ria de Liz ser\u00e1 celebrada na 17\u00aa &hellip;","og_url":"https:\/\/agenciabrasil.ebc.com.br\/cultura\/noticia\/2026-09\/festival-de-cinema-fantastico-estreia-com-homenagem-liz-marins","og_site_name":"MRNews","article_publisher":"https:\/\/www.facebook.com\/eaipahpah\/?locale2=pt_BR","article_published_time":"2026-09-01T23:30:15+00:00","author":"Fernando Corraa","twitter_card":"summary_large_image","twitter_creator":"@conspirou","twitter_site":"@conspirou","twitter_misc":{"Escrito por":"Fernando Corraa","Est. tempo de leitura":"4 minutos"},"schema":{"@context":"https:\/\/schema.org","@graph":[{"@type":"Article","@id":"https:\/\/agenciabrasil.ebc.com.br\/cultura\/noticia\/2026-09\/festival-de-cinema-fantastico-estreia-com-homenagem-liz-marins#article","isPartOf":{"@id":"https:\/\/mrnews.com.br\/index.php\/2026\/09\/01\/festival-de-cinema-fantastico-estreia-com-homenagem-a-liz-marins\/"},"author":{"name":"Fernando Corraa","@id":"https:\/\/mrnews.com.br\/#\/schema\/person\/2f073f2d87903a2ff9a065e41bbf17d4"},"headline":"Festival de cinema fant\u00e1stico estreia com homenagem a Liz Marins","datePublished":"2026-09-01T23:30:15+00:00","mainEntityOfPage":{"@id":"https:\/\/mrnews.com.br\/index.php\/2026\/09\/01\/festival-de-cinema-fantastico-estreia-com-homenagem-a-liz-marins\/"},"wordCount":797,"commentCount":0,"publisher":{"@id":"https:\/\/mrnews.com.br\/#organization"},"articleSection":["SERVI\u00c7OS"],"inLanguage":"pt-BR","potentialAction":[{"@type":"CommentAction","name":"Comment","target":["https:\/\/agenciabrasil.ebc.com.br\/cultura\/noticia\/2026-09\/festival-de-cinema-fantastico-estreia-com-homenagem-liz-marins#respond"]}]},{"@type":"WebPage","@id":"https:\/\/mrnews.com.br\/index.php\/2026\/09\/01\/festival-de-cinema-fantastico-estreia-com-homenagem-a-liz-marins\/","url":"https:\/\/agenciabrasil.ebc.com.br\/cultura\/noticia\/2026-09\/festival-de-cinema-fantastico-estreia-com-homenagem-liz-marins","name":"Festival de cinema fant\u00e1stico estreia com homenagem a Liz Marins","isPartOf":{"@id":"https:\/\/mrnews.com.br\/#website"},"datePublished":"2026-09-01T23:30:15+00:00","breadcrumb":{"@id":"https:\/\/agenciabrasil.ebc.com.br\/cultura\/noticia\/2026-09\/festival-de-cinema-fantastico-estreia-com-homenagem-liz-marins#breadcrumb"},"inLanguage":"pt-BR","potentialAction":[{"@type":"ReadAction","target":["https:\/\/agenciabrasil.ebc.com.br\/cultura\/noticia\/2026-09\/festival-de-cinema-fantastico-estreia-com-homenagem-liz-marins"]}]},{"@type":"BreadcrumbList","@id":"https:\/\/agenciabrasil.ebc.com.br\/cultura\/noticia\/2026-09\/festival-de-cinema-fantastico-estreia-com-homenagem-liz-marins#breadcrumb","itemListElement":[{"@type":"ListItem","position":1,"name":"In\u00edcio","item":"https:\/\/mrnews.com.br\/"},{"@type":"ListItem","position":2,"name":"Festival de cinema fant\u00e1stico estreia com homenagem a Liz Marins"}]},{"@type":"WebSite","@id":"https:\/\/mrnews.com.br\/#website","url":"https:\/\/mrnews.com.br\/","name":"MRNews","description":"MRNews Jogos de hoje da TV, transmiss\u00f5es ao vivo, Not\u00edcias de futebol, Jogos ao vivo, Lives, resumo de novelas, Programa\u00e7\u00e3o da Globo, A Fazenda e BBB","publisher":{"@id":"https:\/\/mrnews.com.br\/#organization"},"potentialAction":[{"@type":"SearchAction","target":{"@type":"EntryPoint","urlTemplate":"https:\/\/mrnews.com.br\/?s={search_term_string}"},"query-input":{"@type":"PropertyValueSpecification","valueRequired":true,"valueName":"search_term_string"}}],"inLanguage":"pt-BR"},{"@type":"Organization","@id":"https:\/\/mrnews.com.br\/#organization","name":"MRNews","url":"https:\/\/mrnews.com.br\/","logo":{"@type":"ImageObject","inLanguage":"pt-BR","@id":"https:\/\/mrnews.com.br\/#\/schema\/logo\/image\/","url":"https:\/\/mrnews.com.br\/wp-content\/uploads\/2026\/08\/MRNEws.png","contentUrl":"https:\/\/mrnews.com.br\/wp-content\/uploads\/2026\/08\/MRNEws.png","width":1254,"height":1254,"caption":"MRNews"},"image":{"@id":"https:\/\/mrnews.com.br\/#\/schema\/logo\/image\/"},"sameAs":["https:\/\/www.facebook.com\/eaipahpah\/?locale2=pt_BR","https:\/\/x.com\/conspirou","https:\/\/www.instagram.com\/eai_pahpah","https:\/\/br.pinterest.com\/mrnewsn\/boards\/","https:\/\/www.youtube.com\/channel\/UCacgnpznQ61fifLWr1tQ-vA?view_as=subscriber"]},{"@type":"Person","@id":"https:\/\/mrnews.com.br\/#\/schema\/person\/2f073f2d87903a2ff9a065e41bbf17d4","name":"Fernando Corraa","image":{"@type":"ImageObject","inLanguage":"pt-BR","@id":"https:\/\/secure.gravatar.com\/avatar\/9069acb0e588c9f4346ba747284aef18a5faaab575e89e9ccc64e315003f0b82?s=96&d=monsterid&r=g","url":"https:\/\/secure.gravatar.com\/avatar\/9069acb0e588c9f4346ba747284aef18a5faaab575e89e9ccc64e315003f0b82?s=96&d=monsterid&r=g","contentUrl":"https:\/\/secure.gravatar.com\/avatar\/9069acb0e588c9f4346ba747284aef18a5faaab575e89e9ccc64e315003f0b82?s=96&d=monsterid&r=g","caption":"Fernando Corraa"},"url":"https:\/\/mrnews.com.br\/index.php\/author\/fernando-corraa\/"}]}},"jetpack_sharing_enabled":true,"jetpack_shortlink":"https:\/\/wp.me\/pa2Qf7-1XeP","amp_enabled":true,"jetpack_featured_media_url":"","_links":{"self":[{"href":"https:\/\/mrnews.com.br\/index.php\/wp-json\/wp\/v2\/posts\/466043","targetHints":{"allow":["GET"]}}],"collection":[{"href":"https:\/\/mrnews.com.br\/index.php\/wp-json\/wp\/v2\/posts"}],"about":[{"href":"https:\/\/mrnews.com.br\/index.php\/wp-json\/wp\/v2\/types\/post"}],"author":[{"embeddable":true,"href":"https:\/\/mrnews.com.br\/index.php\/wp-json\/wp\/v2\/users\/39"}],"replies":[{"embeddable":true,"href":"https:\/\/mrnews.com.br\/index.php\/wp-json\/wp\/v2\/comments?post=466043"}],"version-history":[{"count":0,"href":"https:\/\/mrnews.com.br\/index.php\/wp-json\/wp\/v2\/posts\/466043\/revisions"}],"wp:attachment":[{"href":"https:\/\/mrnews.com.br\/index.php\/wp-json\/wp\/v2\/media?parent=466043"}],"wp:term":[{"taxonomy":"category","embeddable":true,"href":"https:\/\/mrnews.com.br\/index.php\/wp-json\/wp\/v2\/categories?post=466043"},{"taxonomy":"post_tag","embeddable":true,"href":"https:\/\/mrnews.com.br\/index.php\/wp-json\/wp\/v2\/tags?post=466043"}],"curies":[{"name":"wp","href":"https:\/\/api.w.org\/{rel}","templated":true}]}}