{"id":466048,"date":"2026-09-01T22:37:25","date_gmt":"2026-09-02T01:37:25","guid":{"rendered":"https:\/\/mrnews.com.br\/index.php\/2026\/09\/01\/confira-como-foi-a-terca-feira-1o-dos-candidatos-a-presidente\/"},"modified":"2026-09-01T22:37:25","modified_gmt":"2026-09-02T01:37:25","slug":"confira-como-foi-a-terca-feira-1o-dos-candidatos-a-presidente","status":"publish","type":"post","link":"https:\/\/mrnews.com.br\/index.php\/2026\/09\/01\/confira-como-foi-a-terca-feira-1o-dos-candidatos-a-presidente\/","title":{"rendered":"Confira como foi a ter\u00e7a-feira (1\u00ba) dos candidatos a presidente"},"content":{"rendered":"<p>Por EBC, <\/p>\n<div>\n<p>A agenda dos candidatos \u00e0 Presid\u00eancia da Rep\u00fablica nesta ter\u00e7a-feira (1\u00ba) inclui visitas a institui\u00e7\u00f5es e eventos, entrevistas \u00e0 imprensa e encontros com representantes da sociedade.\u00a0<\/p>\n<p>Tamb\u00e9m est\u00e3o previstas caminhadas e panfletagens pelas ruas, al\u00e9m de atividades voltadas a temas como educa\u00e7\u00e3o e sa\u00fade.<\/p>\n<p><strong>Ronaldo Caiado<\/strong> (PSD)<br \/>O candidato Ronaldo Caiado (PSD) disse, ao visitar a\u00a0Santa Casa de Miseric\u00f3rdia de S\u00e3o Paulo, que, caso seja eleito, implantar\u00e1 o &#8220;Agiliza SUS&#8221;, programa que\u00a0visa reduzir as filas de cirurgias eletivas.\u00a0<\/p>\n<p>\u201cNossa pretens\u00e3o \u00e9 a amplia\u00e7\u00e3o da oferta de atendimento por meio de uma parceria que integre hospitais p\u00fablicos, filantr\u00f3picos, Santas Casas e a rede privada. Al\u00e9m do mais, o atendimento n\u00e3o deve seguir a ordem cronol\u00f3gica, mas sim a gravidade de cada caso\u201d, afirmou.<\/p>\n<p>Caiado ainda prop\u00f4s\u00a0limitar as despesas obrigat\u00f3rias em 50% do Produto Interno Bruto (PIB).<\/p>\n<p><strong>Rui Costa Pimenta<\/strong> (PCO)<br \/>Em Bras\u00edlia, o candidato Rui Costa Pimenta participou de panfletagem em frente ao restaurante universit\u00e1rio da Universidade de Bras\u00edlia (UnB), com militantes e apoiadores.<\/p>\n<p>Ele ainda concedeu entrevista ao portal de not\u00edcias Metr\u00f3poles.<\/p>\n<p><strong>Samara Martins<\/strong> (UP)<br \/>A candidata Samara Martins n\u00e3o teve agenda p\u00fablica de campanha.<\/p>\n<p><strong>Wilson Grassi <\/strong>(Democrata)\u00a0<br \/>O candidato Wilson Grassi\u00a0concedeu entrevista aos portais\u00a0Poder 360 e ao Metr\u00f3poles, em Bras\u00edlia.<\/p>\n<p>Ele criticou a decis\u00e3o do ministro Dias Toffoli, do Tribunal Superior Eleitoral (TSE), que suspendeu\u00a0sua campanha digital.<\/p>\n<p><strong>Augusto Cury <\/strong>(Avante)<br \/>O\u00a0candidato Augusto Cury teve agenda\u00a0na cidade de Cachoeirinha (RS), onde participou de atividades no Centro das Ind\u00fastrias.\u00a0<\/p>\n<p>Ele visitou a 49\u00aa Expointer, em Esteio (RS) e\u00a0defendeu o respeito \u00e0 diversidade de ideias que, segundo o candidato, &#8220;\u00e9 a beleza da democracia\u201d.<\/p>\n<p>Cury participou da inaugura\u00e7\u00e3o da Casa Cury do Brasil, em Belo Horizonte.\u00a0<\/p>\n<p><strong>Clariana Bar\u00e3o<\/strong> (DC)<br \/>A candidata Clariana Bar\u00e3o n\u00e3o teve agenda p\u00fablica de campanha.\u00a0<\/p>\n<p><strong>Edmilson Costa <\/strong>(PCB)<br \/>O candidato Edmilson Costa fez\u00a0caminhada pelo centro de S\u00e3o Paulo. \u00a0<\/p>\n<p><strong>Fl\u00e1vio Bolsonaro<\/strong> (PL)<br \/>O candidato Fl\u00e1vio Bolsonaro n\u00e3o teve agenda p\u00fablica de\u00a0campanha.<\/p>\n<p><strong>Hertz Dias <\/strong>(PSTU)<br \/>O candidato Hertz Dias fez campanha em Santa Cruz do Sul (RS), onde participou de atividades no Sindicato dos Comerci\u00e1rios.\u00a0<\/p>\n<p>Ele defendeu mais uma vez o fim da escala 6&#215;1 e a redu\u00e7\u00e3o da jornada de trabalho sem corte salarial e de direitos.\u00a0<\/p>\n<p>&#8220;N\u00e3o \u00e9 normal que uma pessoa trabalhe praticamente todos os dias da semana e tenha apenas um dia para descansar, resolver problemas pessoais, conviver com a fam\u00edlia e recuperar suas energias&#8221;, declarou, ao fazer panfletagem na rua.<\/p>\n<p><strong>Luiz In\u00e1cio Lula da Silva<\/strong> (PT)<br \/>O candidato Luiz In\u00e1cio Lula da Silva n\u00e3o teve agenda p\u00fablica de campanha.<\/p>\n<p><strong>Renan Santos<\/strong> (Miss\u00e3o)<br \/>O candidato Renan Santos participou de um ato no centro de S\u00e3o Paulo.<\/p>\n<p>O ato ocorreu ap\u00f3s entrevista \u00e0 imprensa em que tratou da revoga\u00e7\u00e3o da suspens\u00e3o de sua campanha digital.<\/p>\n<p><strong>Romeu Zema<\/strong> (Novo)\u00a0<br \/>O candidato Romeu Zema participou da abertura da Semana da P\u00e1tria em Joinville (SC) e visitou uma escola\u00a0refer\u00eancia no \u00cdndice de Desenvolvimento da Educa\u00e7\u00e3o B\u00e1sica (Ideb).<\/p>\n<p>Ele conversou com pais de alunos e representantes da cidade sobre educa\u00e7\u00e3o e prop\u00f4s ensino com acompanhamento no pa\u00eds.<\/p>\n<p>&#8220;O Brasil precisa \u00e9 exatamente disto: uma boa educa\u00e7\u00e3o, uma educa\u00e7\u00e3o que tem acompanhamento, que tem valoriza\u00e7\u00e3o do resultado&#8221;, disse.<\/p>\n<p>Zema se encontrou ainda\u00a0com empres\u00e1rios na Associa\u00e7\u00e3o Empresarial de Joinville.<br \/>\u00a0<\/p>\n<p>A ordem de apresenta\u00e7\u00e3o da cobertura da agenda dos candidatos a presidente segue rod\u00edzio di\u00e1rio em ordem alfab\u00e9tica.<\/p>\n<p><em>* Colaboraram Fl\u00e1via Albuquerque (S\u00e3o Paulo) e Luciano Nascimento (S\u00e3o Lu\u00eds).<\/em><\/p>\n<p>      <!-- Relacionada --><\/p>\n<p>            <!-- Relacionada -->\n    <\/div>\n","protected":false},"excerpt":{"rendered":"<p>Por EBC, A agenda dos candidatos \u00e0 Presid\u00eancia da Rep\u00fablica nesta ter\u00e7a-feira (1\u00ba) inclui visitas a institui\u00e7\u00f5es e eventos, entrevistas \u00e0 imprensa e encontros com representantes da sociedade.\u00a0 Tamb\u00e9m est\u00e3o previstas caminhadas e panfletagens pelas ruas, al\u00e9m de atividades voltadas a temas como educa\u00e7\u00e3o e sa\u00fade. Ronaldo Caiado (PSD)O candidato Ronaldo Caiado (PSD) disse, ao &hellip;<\/p>\n","protected":false},"author":39,"featured_media":0,"comment_status":"open","ping_status":"open","sticky":false,"template":"","format":"standard","meta":{"_jetpack_newsletter_access":"","_jetpack_dont_email_post_to_subs":false,"_jetpack_newsletter_tier_id":0,"_jetpack_memberships_contains_paywalled_content":false,"_jetpack_feature_clip_id":0,"_jetpack_memberships_contains_paid_content":false,"footnotes":"","jetpack_post_was_ever_published":false},"categories":[4],"tags":[],"class_list":["post-466048","post","type-post","status-publish","format-standard","hentry","category-servicos"],"yoast_head":"<!-- This site is optimized with the Yoast SEO plugin v28.4 - https:\/\/yoast.com\/product\/yoast-seo-wordpress\/ -->\n<title>Confira como foi a ter\u00e7a-feira (1\u00ba) dos candidatos a presidente<\/title>\n<meta name=\"robots\" content=\"index, follow, max-snippet:-1, max-image-preview:large, max-video-preview:-1\" \/>\n<link rel=\"canonical\" href=\"https:\/\/agenciabrasil.ebc.com.br\/politica\/noticia\/2026-09\/confira-como-foi-terca-feira-1o-dos-candidatos-presidente\" \/>\n<meta property=\"og:locale\" content=\"pt_BR\" \/>\n<meta property=\"og:type\" content=\"article\" \/>\n<meta property=\"og:title\" content=\"Confira como foi a ter\u00e7a-feira (1\u00ba) dos candidatos a presidente\" \/>\n<meta property=\"og:description\" content=\"Por EBC, A agenda dos candidatos \u00e0 Presid\u00eancia da Rep\u00fablica nesta ter\u00e7a-feira (1\u00ba) inclui visitas a institui\u00e7\u00f5es e eventos, entrevistas \u00e0 imprensa e encontros com representantes da sociedade.\u00a0 Tamb\u00e9m est\u00e3o previstas caminhadas e panfletagens pelas ruas, al\u00e9m de atividades voltadas a temas como educa\u00e7\u00e3o e sa\u00fade. Ronaldo Caiado (PSD)O candidato Ronaldo Caiado (PSD) disse, ao &hellip;\" \/>\n<meta property=\"og:url\" content=\"https:\/\/agenciabrasil.ebc.com.br\/politica\/noticia\/2026-09\/confira-como-foi-terca-feira-1o-dos-candidatos-presidente\" \/>\n<meta property=\"og:site_name\" content=\"MRNews\" \/>\n<meta property=\"article:publisher\" content=\"https:\/\/www.facebook.com\/eaipahpah\/?locale2=pt_BR\" \/>\n<meta property=\"article:published_time\" content=\"2026-09-02T01:37:25+00:00\" \/>\n<meta name=\"author\" content=\"Fernando Corraa\" \/>\n<meta name=\"twitter:card\" content=\"summary_large_image\" \/>\n<meta name=\"twitter:creator\" content=\"@conspirou\" \/>\n<meta name=\"twitter:site\" content=\"@conspirou\" \/>\n<meta name=\"twitter:label1\" content=\"Escrito por\" \/>\n\t<meta name=\"twitter:data1\" content=\"Fernando Corraa\" \/>\n\t<meta name=\"twitter:label2\" content=\"Est. tempo de leitura\" \/>\n\t<meta name=\"twitter:data2\" content=\"3 minutos\" \/>\n<script type=\"application\/ld+json\" class=\"yoast-schema-graph\">{\"@context\":\"https:\\\/\\\/schema.org\",\"@graph\":[{\"@type\":\"Article\",\"@id\":\"https:\\\/\\\/agenciabrasil.ebc.com.br\\\/politica\\\/noticia\\\/2026-09\\\/confira-como-foi-terca-feira-1o-dos-candidatos-presidente#article\",\"isPartOf\":{\"@id\":\"https:\\\/\\\/mrnews.com.br\\\/index.php\\\/2026\\\/09\\\/01\\\/confira-como-foi-a-terca-feira-1o-dos-candidatos-a-presidente\\\/\"},\"author\":{\"name\":\"Fernando Corraa\",\"@id\":\"https:\\\/\\\/mrnews.com.br\\\/#\\\/schema\\\/person\\\/2f073f2d87903a2ff9a065e41bbf17d4\"},\"headline\":\"Confira como foi a ter\u00e7a-feira (1\u00ba) dos candidatos a presidente\",\"datePublished\":\"2026-09-02T01:37:25+00:00\",\"mainEntityOfPage\":{\"@id\":\"https:\\\/\\\/mrnews.com.br\\\/index.php\\\/2026\\\/09\\\/01\\\/confira-como-foi-a-terca-feira-1o-dos-candidatos-a-presidente\\\/\"},\"wordCount\":641,\"commentCount\":0,\"publisher\":{\"@id\":\"https:\\\/\\\/mrnews.com.br\\\/#organization\"},\"articleSection\":[\"SERVI\u00c7OS\"],\"inLanguage\":\"pt-BR\",\"potentialAction\":[{\"@type\":\"CommentAction\",\"name\":\"Comment\",\"target\":[\"https:\\\/\\\/agenciabrasil.ebc.com.br\\\/politica\\\/noticia\\\/2026-09\\\/confira-como-foi-terca-feira-1o-dos-candidatos-presidente#respond\"]}]},{\"@type\":\"WebPage\",\"@id\":\"https:\\\/\\\/mrnews.com.br\\\/index.php\\\/2026\\\/09\\\/01\\\/confira-como-foi-a-terca-feira-1o-dos-candidatos-a-presidente\\\/\",\"url\":\"https:\\\/\\\/agenciabrasil.ebc.com.br\\\/politica\\\/noticia\\\/2026-09\\\/confira-como-foi-terca-feira-1o-dos-candidatos-presidente\",\"name\":\"Confira como foi a ter\u00e7a-feira (1\u00ba) dos candidatos a presidente\",\"isPartOf\":{\"@id\":\"https:\\\/\\\/mrnews.com.br\\\/#website\"},\"datePublished\":\"2026-09-02T01:37:25+00:00\",\"breadcrumb\":{\"@id\":\"https:\\\/\\\/agenciabrasil.ebc.com.br\\\/politica\\\/noticia\\\/2026-09\\\/confira-como-foi-terca-feira-1o-dos-candidatos-presidente#breadcrumb\"},\"inLanguage\":\"pt-BR\",\"potentialAction\":[{\"@type\":\"ReadAction\",\"target\":[\"https:\\\/\\\/agenciabrasil.ebc.com.br\\\/politica\\\/noticia\\\/2026-09\\\/confira-como-foi-terca-feira-1o-dos-candidatos-presidente\"]}]},{\"@type\":\"BreadcrumbList\",\"@id\":\"https:\\\/\\\/agenciabrasil.ebc.com.br\\\/politica\\\/noticia\\\/2026-09\\\/confira-como-foi-terca-feira-1o-dos-candidatos-presidente#breadcrumb\",\"itemListElement\":[{\"@type\":\"ListItem\",\"position\":1,\"name\":\"In\u00edcio\",\"item\":\"https:\\\/\\\/mrnews.com.br\\\/\"},{\"@type\":\"ListItem\",\"position\":2,\"name\":\"Confira como foi a ter\u00e7a-feira (1\u00ba) dos candidatos a presidente\"}]},{\"@type\":\"WebSite\",\"@id\":\"https:\\\/\\\/mrnews.com.br\\\/#website\",\"url\":\"https:\\\/\\\/mrnews.com.br\\\/\",\"name\":\"MRNews\",\"description\":\"MRNews Jogos de hoje da TV, transmiss\u00f5es ao vivo, Not\u00edcias de futebol, Jogos ao vivo, Lives, resumo de novelas, Programa\u00e7\u00e3o da Globo, A Fazenda e BBB\",\"publisher\":{\"@id\":\"https:\\\/\\\/mrnews.com.br\\\/#organization\"},\"potentialAction\":[{\"@type\":\"SearchAction\",\"target\":{\"@type\":\"EntryPoint\",\"urlTemplate\":\"https:\\\/\\\/mrnews.com.br\\\/?s={search_term_string}\"},\"query-input\":{\"@type\":\"PropertyValueSpecification\",\"valueRequired\":true,\"valueName\":\"search_term_string\"}}],\"inLanguage\":\"pt-BR\"},{\"@type\":\"Organization\",\"@id\":\"https:\\\/\\\/mrnews.com.br\\\/#organization\",\"name\":\"MRNews\",\"url\":\"https:\\\/\\\/mrnews.com.br\\\/\",\"logo\":{\"@type\":\"ImageObject\",\"inLanguage\":\"pt-BR\",\"@id\":\"https:\\\/\\\/mrnews.com.br\\\/#\\\/schema\\\/logo\\\/image\\\/\",\"url\":\"https:\\\/\\\/mrnews.com.br\\\/wp-content\\\/uploads\\\/2026\\\/08\\\/MRNEws.png\",\"contentUrl\":\"https:\\\/\\\/mrnews.com.br\\\/wp-content\\\/uploads\\\/2026\\\/08\\\/MRNEws.png\",\"width\":1254,\"height\":1254,\"caption\":\"MRNews\"},\"image\":{\"@id\":\"https:\\\/\\\/mrnews.com.br\\\/#\\\/schema\\\/logo\\\/image\\\/\"},\"sameAs\":[\"https:\\\/\\\/www.facebook.com\\\/eaipahpah\\\/?locale2=pt_BR\",\"https:\\\/\\\/x.com\\\/conspirou\",\"https:\\\/\\\/www.instagram.com\\\/eai_pahpah\",\"https:\\\/\\\/br.pinterest.com\\\/mrnewsn\\\/boards\\\/\",\"https:\\\/\\\/www.youtube.com\\\/channel\\\/UCacgnpznQ61fifLWr1tQ-vA?view_as=subscriber\"]},{\"@type\":\"Person\",\"@id\":\"https:\\\/\\\/mrnews.com.br\\\/#\\\/schema\\\/person\\\/2f073f2d87903a2ff9a065e41bbf17d4\",\"name\":\"Fernando Corraa\",\"image\":{\"@type\":\"ImageObject\",\"inLanguage\":\"pt-BR\",\"@id\":\"https:\\\/\\\/secure.gravatar.com\\\/avatar\\\/9069acb0e588c9f4346ba747284aef18a5faaab575e89e9ccc64e315003f0b82?s=96&d=monsterid&r=g\",\"url\":\"https:\\\/\\\/secure.gravatar.com\\\/avatar\\\/9069acb0e588c9f4346ba747284aef18a5faaab575e89e9ccc64e315003f0b82?s=96&d=monsterid&r=g\",\"contentUrl\":\"https:\\\/\\\/secure.gravatar.com\\\/avatar\\\/9069acb0e588c9f4346ba747284aef18a5faaab575e89e9ccc64e315003f0b82?s=96&d=monsterid&r=g\",\"caption\":\"Fernando Corraa\"},\"url\":\"https:\\\/\\\/mrnews.com.br\\\/index.php\\\/author\\\/fernando-corraa\\\/\"}]}<\/script>\n<!-- \/ Yoast SEO plugin. -->","yoast_head_json":{"title":"Confira como foi a ter\u00e7a-feira (1\u00ba) dos candidatos a presidente","robots":{"index":"index","follow":"follow","max-snippet":"max-snippet:-1","max-image-preview":"max-image-preview:large","max-video-preview":"max-video-preview:-1"},"canonical":"https:\/\/agenciabrasil.ebc.com.br\/politica\/noticia\/2026-09\/confira-como-foi-terca-feira-1o-dos-candidatos-presidente","og_locale":"pt_BR","og_type":"article","og_title":"Confira como foi a ter\u00e7a-feira (1\u00ba) dos candidatos a presidente","og_description":"Por EBC, A agenda dos candidatos \u00e0 Presid\u00eancia da Rep\u00fablica nesta ter\u00e7a-feira (1\u00ba) inclui visitas a institui\u00e7\u00f5es e eventos, entrevistas \u00e0 imprensa e encontros com representantes da sociedade.\u00a0 Tamb\u00e9m est\u00e3o previstas caminhadas e panfletagens pelas ruas, al\u00e9m de atividades voltadas a temas como educa\u00e7\u00e3o e sa\u00fade. Ronaldo Caiado (PSD)O candidato Ronaldo Caiado (PSD) disse, ao &hellip;","og_url":"https:\/\/agenciabrasil.ebc.com.br\/politica\/noticia\/2026-09\/confira-como-foi-terca-feira-1o-dos-candidatos-presidente","og_site_name":"MRNews","article_publisher":"https:\/\/www.facebook.com\/eaipahpah\/?locale2=pt_BR","article_published_time":"2026-09-02T01:37:25+00:00","author":"Fernando Corraa","twitter_card":"summary_large_image","twitter_creator":"@conspirou","twitter_site":"@conspirou","twitter_misc":{"Escrito por":"Fernando Corraa","Est. tempo de leitura":"3 minutos"},"schema":{"@context":"https:\/\/schema.org","@graph":[{"@type":"Article","@id":"https:\/\/agenciabrasil.ebc.com.br\/politica\/noticia\/2026-09\/confira-como-foi-terca-feira-1o-dos-candidatos-presidente#article","isPartOf":{"@id":"https:\/\/mrnews.com.br\/index.php\/2026\/09\/01\/confira-como-foi-a-terca-feira-1o-dos-candidatos-a-presidente\/"},"author":{"name":"Fernando Corraa","@id":"https:\/\/mrnews.com.br\/#\/schema\/person\/2f073f2d87903a2ff9a065e41bbf17d4"},"headline":"Confira como foi a ter\u00e7a-feira (1\u00ba) dos candidatos a presidente","datePublished":"2026-09-02T01:37:25+00:00","mainEntityOfPage":{"@id":"https:\/\/mrnews.com.br\/index.php\/2026\/09\/01\/confira-como-foi-a-terca-feira-1o-dos-candidatos-a-presidente\/"},"wordCount":641,"commentCount":0,"publisher":{"@id":"https:\/\/mrnews.com.br\/#organization"},"articleSection":["SERVI\u00c7OS"],"inLanguage":"pt-BR","potentialAction":[{"@type":"CommentAction","name":"Comment","target":["https:\/\/agenciabrasil.ebc.com.br\/politica\/noticia\/2026-09\/confira-como-foi-terca-feira-1o-dos-candidatos-presidente#respond"]}]},{"@type":"WebPage","@id":"https:\/\/mrnews.com.br\/index.php\/2026\/09\/01\/confira-como-foi-a-terca-feira-1o-dos-candidatos-a-presidente\/","url":"https:\/\/agenciabrasil.ebc.com.br\/politica\/noticia\/2026-09\/confira-como-foi-terca-feira-1o-dos-candidatos-presidente","name":"Confira como foi a ter\u00e7a-feira (1\u00ba) dos candidatos a presidente","isPartOf":{"@id":"https:\/\/mrnews.com.br\/#website"},"datePublished":"2026-09-02T01:37:25+00:00","breadcrumb":{"@id":"https:\/\/agenciabrasil.ebc.com.br\/politica\/noticia\/2026-09\/confira-como-foi-terca-feira-1o-dos-candidatos-presidente#breadcrumb"},"inLanguage":"pt-BR","potentialAction":[{"@type":"ReadAction","target":["https:\/\/agenciabrasil.ebc.com.br\/politica\/noticia\/2026-09\/confira-como-foi-terca-feira-1o-dos-candidatos-presidente"]}]},{"@type":"BreadcrumbList","@id":"https:\/\/agenciabrasil.ebc.com.br\/politica\/noticia\/2026-09\/confira-como-foi-terca-feira-1o-dos-candidatos-presidente#breadcrumb","itemListElement":[{"@type":"ListItem","position":1,"name":"In\u00edcio","item":"https:\/\/mrnews.com.br\/"},{"@type":"ListItem","position":2,"name":"Confira como foi a ter\u00e7a-feira (1\u00ba) dos candidatos a presidente"}]},{"@type":"WebSite","@id":"https:\/\/mrnews.com.br\/#website","url":"https:\/\/mrnews.com.br\/","name":"MRNews","description":"MRNews Jogos de hoje da TV, transmiss\u00f5es ao vivo, Not\u00edcias de futebol, Jogos ao vivo, Lives, resumo de novelas, Programa\u00e7\u00e3o da Globo, A Fazenda e BBB","publisher":{"@id":"https:\/\/mrnews.com.br\/#organization"},"potentialAction":[{"@type":"SearchAction","target":{"@type":"EntryPoint","urlTemplate":"https:\/\/mrnews.com.br\/?s={search_term_string}"},"query-input":{"@type":"PropertyValueSpecification","valueRequired":true,"valueName":"search_term_string"}}],"inLanguage":"pt-BR"},{"@type":"Organization","@id":"https:\/\/mrnews.com.br\/#organization","name":"MRNews","url":"https:\/\/mrnews.com.br\/","logo":{"@type":"ImageObject","inLanguage":"pt-BR","@id":"https:\/\/mrnews.com.br\/#\/schema\/logo\/image\/","url":"https:\/\/mrnews.com.br\/wp-content\/uploads\/2026\/08\/MRNEws.png","contentUrl":"https:\/\/mrnews.com.br\/wp-content\/uploads\/2026\/08\/MRNEws.png","width":1254,"height":1254,"caption":"MRNews"},"image":{"@id":"https:\/\/mrnews.com.br\/#\/schema\/logo\/image\/"},"sameAs":["https:\/\/www.facebook.com\/eaipahpah\/?locale2=pt_BR","https:\/\/x.com\/conspirou","https:\/\/www.instagram.com\/eai_pahpah","https:\/\/br.pinterest.com\/mrnewsn\/boards\/","https:\/\/www.youtube.com\/channel\/UCacgnpznQ61fifLWr1tQ-vA?view_as=subscriber"]},{"@type":"Person","@id":"https:\/\/mrnews.com.br\/#\/schema\/person\/2f073f2d87903a2ff9a065e41bbf17d4","name":"Fernando Corraa","image":{"@type":"ImageObject","inLanguage":"pt-BR","@id":"https:\/\/secure.gravatar.com\/avatar\/9069acb0e588c9f4346ba747284aef18a5faaab575e89e9ccc64e315003f0b82?s=96&d=monsterid&r=g","url":"https:\/\/secure.gravatar.com\/avatar\/9069acb0e588c9f4346ba747284aef18a5faaab575e89e9ccc64e315003f0b82?s=96&d=monsterid&r=g","contentUrl":"https:\/\/secure.gravatar.com\/avatar\/9069acb0e588c9f4346ba747284aef18a5faaab575e89e9ccc64e315003f0b82?s=96&d=monsterid&r=g","caption":"Fernando Corraa"},"url":"https:\/\/mrnews.com.br\/index.php\/author\/fernando-corraa\/"}]}},"jetpack_sharing_enabled":true,"jetpack_shortlink":"https:\/\/wp.me\/pa2Qf7-1XeU","amp_enabled":true,"jetpack_featured_media_url":"","_links":{"self":[{"href":"https:\/\/mrnews.com.br\/index.php\/wp-json\/wp\/v2\/posts\/466048","targetHints":{"allow":["GET"]}}],"collection":[{"href":"https:\/\/mrnews.com.br\/index.php\/wp-json\/wp\/v2\/posts"}],"about":[{"href":"https:\/\/mrnews.com.br\/index.php\/wp-json\/wp\/v2\/types\/post"}],"author":[{"embeddable":true,"href":"https:\/\/mrnews.com.br\/index.php\/wp-json\/wp\/v2\/users\/39"}],"replies":[{"embeddable":true,"href":"https:\/\/mrnews.com.br\/index.php\/wp-json\/wp\/v2\/comments?post=466048"}],"version-history":[{"count":0,"href":"https:\/\/mrnews.com.br\/index.php\/wp-json\/wp\/v2\/posts\/466048\/revisions"}],"wp:attachment":[{"href":"https:\/\/mrnews.com.br\/index.php\/wp-json\/wp\/v2\/media?parent=466048"}],"wp:term":[{"taxonomy":"category","embeddable":true,"href":"https:\/\/mrnews.com.br\/index.php\/wp-json\/wp\/v2\/categories?post=466048"},{"taxonomy":"post_tag","embeddable":true,"href":"https:\/\/mrnews.com.br\/index.php\/wp-json\/wp\/v2\/tags?post=466048"}],"curies":[{"name":"wp","href":"https:\/\/api.w.org\/{rel}","templated":true}]}}