{"id":466052,"date":"2026-09-02T01:25:25","date_gmt":"2026-09-02T04:25:25","guid":{"rendered":"https:\/\/mrnews.com.br\/index.php\/2026\/09\/02\/aziz-articula-rito-especial-para-levar-pec-da-escala-6x1-ao-plenario\/"},"modified":"2026-09-02T01:25:25","modified_gmt":"2026-09-02T04:25:25","slug":"aziz-articula-rito-especial-para-levar-pec-da-escala-6x1-ao-plenario","status":"publish","type":"post","link":"https:\/\/mrnews.com.br\/index.php\/2026\/09\/02\/aziz-articula-rito-especial-para-levar-pec-da-escala-6x1-ao-plenario\/","title":{"rendered":"Aziz articula rito especial para levar PEC da escala 6&#215;1 ao plen\u00e1rio"},"content":{"rendered":"<p>Por EBC, <\/p>\n<div>\n<p><strong>O senador Omar Aziz (PSD-AM), relator da Proposta de Emenda Constitucional (PEC) que acaba com a escala 6&#215;1 e reduz a jornada m\u00e1xima de trabalho para 40 horas semanais no Brasil, afirmou nesta ter\u00e7a-feira (1\u00ba) que o texto dever\u00e1 ser aprovado com ampla maioria na Comiss\u00e3o de Constitui\u00e7\u00e3o e Justi\u00e7a (CCJ).<\/strong><\/p>\n<p><strong>Aziz disse que\u00a0apresentar\u00e1 um requerimento para acelerar a tramita\u00e7\u00e3o da proposta, eliminando intervalos regimentais (chamados de interst\u00edcios), para que a mat\u00e9ria possa ser votada em plen\u00e1rio, em regime de urg\u00eancia. A sess\u00e3o na CCJ que votar\u00e1 o relat\u00f3rio est\u00e1 marcada para esta quarta-feira (2), como segundo item da pauta, ap\u00f3s a vota\u00e7\u00e3o da PEC da Seguran\u00e7a P\u00fablica.<\/strong><\/p>\n<blockquote>\n<p>&#8220;A gente aprovando na CCJ, vamos pedir o calend\u00e1rio especial para votar no plen\u00e1rio. O que \u00e9 esse calend\u00e1rio especial? Voc\u00ea quebra os interst\u00edcios, voc\u00ea n\u00e3o precisa ler cinco vezes, em cinco sess\u00f5es seguidas. Voc\u00ea pode votar no primeiro e segundo turnos no mesmo dia&#8221;, explicou em entrevista a jornalistas.<\/p>\n<\/blockquote>\n<p>A estrat\u00e9gia, segundo o relator, foi acertada em reuni\u00e3o com a l\u00edder do governo no Senado, senadora Teresa Leit\u00e3o (PT-PE), o l\u00edder do governo no Congresso, senador Randolfe Rodrigues (PT-AP) e o presidente da CCJ, senador Otto Alencar (PSD-BA). Apesar disso, n\u00e3o houve, at\u00e9 o momento, nenhuma garantia do presidente do Senado, Davi Alcolumbre (Uni\u00e3o-AP), de que o texto ser\u00e1 levado ao plen\u00e1rio.<\/p>\n<blockquote>\n<p>&#8220;\u00c9\u00a0uma mat\u00e9ria que mexe com 37 milh\u00f5es de brasileiros, dos quais quase 20 milh\u00f5es s\u00e3o mulheres que t\u00eam uma jornada dupla de trabalho. A maioria delas \u00e9 m\u00e3e solo e precisa cuidar dos filhos e sair ara trabalhar. E eu chamo essa PEC de PEC da empatia&#8221;, defendeu Aziz.<\/p>\n<\/blockquote>\n<p>O senador informou ter recebido representantes de diferentes segmentos empresariais nos \u00faltimos dias, como com\u00e9rcio, servi\u00e7os, educa\u00e7\u00e3o e comunica\u00e7\u00e3o, mas reafirmou que n\u00e3o mudar\u00e1 o relat\u00f3rio da PEC aprovada na C\u00e2mara, para que o texto n\u00e3o precise retornar para an\u00e1lise dos deputados.<\/p>\n<p><strong>Segundo Omar Aziz, determinados setores, que t\u00eam caracter\u00edsticas espec\u00edficas de jornada de trabalho, dever\u00e3o discutir essa situa\u00e7\u00e3o em projeto de complementar ou at\u00e9 mesmo uma eventual nova PEC.<\/strong><\/p>\n<p>Na semana passada, Aziz apresentou relat\u00f3rio favor\u00e1vel ao fim da escala 6&#215;1 de trabalhar e \u00e0 redu\u00e7\u00e3o da jornada m\u00e1xima semanal para 40 horas. \u00a0<\/p>\n<h2>Saiba o que prev\u00ea os principais pontos do texto:<\/h2>\n<ul>\n<li>Dois dias de repouso semanal remunerado, sendo um deles preferencialmente aos domingos<\/li>\n<li>Sal\u00e1rio n\u00e3o poder\u00e1 ser reduzido por causa da diminui\u00e7\u00e3o da jornada<\/li>\n<li>Dois meses ap\u00f3s a promulga\u00e7\u00e3o da PEC, a jornada m\u00e1xima passa das atuais 44 para 42 horas semanais.<\/li>\n<li>Um ano depois do fim desse primeiro per\u00edodo, cai definitivamente para 40 horas.<\/li>\n<\/ul>\n<p>Sobre a resist\u00eancia da oposi\u00e7\u00e3o, que promete obstruir a vota\u00e7\u00e3o, o relator afirmou que isso faz parte do jogo democr\u00e1tico. &#8220;V\u00e3o usar todos os argumentos que o Regimento permite a eles usarem, \u00e9 normal. Agora, cada um \u00e9 dono da sua opini\u00e3o&#8221;.<\/p>\n<p>O qu\u00f3rum para aprova\u00e7\u00e3o de uma PEC \u00e9 de tr\u00eas quintos dos votos (60%) dos senadores, o que equivale a pelo menos 49 votos favor\u00e1veis, em dois turnos de discuss\u00e3o e vota\u00e7\u00e3o.<\/p>\n<p>      <!-- Relacionada --><\/p>\n<p>            <!-- Relacionada -->\n    <\/div>\n","protected":false},"excerpt":{"rendered":"<p>Por EBC, O senador Omar Aziz (PSD-AM), relator da Proposta de Emenda Constitucional (PEC) que acaba com a escala 6&#215;1 e reduz a jornada m\u00e1xima de trabalho para 40 horas semanais no Brasil, afirmou nesta ter\u00e7a-feira (1\u00ba) que o texto dever\u00e1 ser aprovado com ampla maioria na Comiss\u00e3o de Constitui\u00e7\u00e3o e Justi\u00e7a (CCJ). Aziz disse &hellip;<\/p>\n","protected":false},"author":39,"featured_media":0,"comment_status":"open","ping_status":"open","sticky":false,"template":"","format":"standard","meta":{"_jetpack_newsletter_access":"","_jetpack_dont_email_post_to_subs":false,"_jetpack_newsletter_tier_id":0,"_jetpack_memberships_contains_paywalled_content":false,"_jetpack_feature_clip_id":0,"_jetpack_memberships_contains_paid_content":false,"footnotes":"","jetpack_post_was_ever_published":false},"categories":[4],"tags":[],"class_list":["post-466052","post","type-post","status-publish","format-standard","hentry","category-servicos"],"yoast_head":"<!-- This site is optimized with the Yoast SEO plugin v28.4 - https:\/\/yoast.com\/product\/yoast-seo-wordpress\/ -->\n<title>Aziz articula rito especial para levar PEC da escala 6x1 ao plen\u00e1rio<\/title>\n<meta name=\"robots\" content=\"index, follow, max-snippet:-1, max-image-preview:large, max-video-preview:-1\" \/>\n<link rel=\"canonical\" href=\"https:\/\/agenciabrasil.ebc.com.br\/politica\/noticia\/2026-09\/aziz-articula-rito-especial-para-levar-pec-da-escala-6x1-ao-plenario\" \/>\n<meta property=\"og:locale\" content=\"pt_BR\" \/>\n<meta property=\"og:type\" content=\"article\" \/>\n<meta property=\"og:title\" content=\"Aziz articula rito especial para levar PEC da escala 6x1 ao plen\u00e1rio\" \/>\n<meta property=\"og:description\" content=\"Por EBC, O senador Omar Aziz (PSD-AM), relator da Proposta de Emenda Constitucional (PEC) que acaba com a escala 6&#215;1 e reduz a jornada m\u00e1xima de trabalho para 40 horas semanais no Brasil, afirmou nesta ter\u00e7a-feira (1\u00ba) que o texto dever\u00e1 ser aprovado com ampla maioria na Comiss\u00e3o de Constitui\u00e7\u00e3o e Justi\u00e7a (CCJ). Aziz disse &hellip;\" \/>\n<meta property=\"og:url\" content=\"https:\/\/agenciabrasil.ebc.com.br\/politica\/noticia\/2026-09\/aziz-articula-rito-especial-para-levar-pec-da-escala-6x1-ao-plenario\" \/>\n<meta property=\"og:site_name\" content=\"MRNews\" \/>\n<meta property=\"article:publisher\" content=\"https:\/\/www.facebook.com\/eaipahpah\/?locale2=pt_BR\" \/>\n<meta property=\"article:published_time\" content=\"2026-09-02T04:25:25+00:00\" \/>\n<meta name=\"author\" content=\"Fernando Corraa\" \/>\n<meta name=\"twitter:card\" content=\"summary_large_image\" \/>\n<meta name=\"twitter:creator\" content=\"@conspirou\" \/>\n<meta name=\"twitter:site\" content=\"@conspirou\" \/>\n<meta name=\"twitter:label1\" content=\"Escrito por\" \/>\n\t<meta name=\"twitter:data1\" content=\"Fernando Corraa\" \/>\n\t<meta name=\"twitter:label2\" content=\"Est. tempo de leitura\" \/>\n\t<meta name=\"twitter:data2\" content=\"3 minutos\" \/>\n<script type=\"application\/ld+json\" class=\"yoast-schema-graph\">{\"@context\":\"https:\\\/\\\/schema.org\",\"@graph\":[{\"@type\":\"Article\",\"@id\":\"https:\\\/\\\/agenciabrasil.ebc.com.br\\\/politica\\\/noticia\\\/2026-09\\\/aziz-articula-rito-especial-para-levar-pec-da-escala-6x1-ao-plenario#article\",\"isPartOf\":{\"@id\":\"https:\\\/\\\/mrnews.com.br\\\/index.php\\\/2026\\\/09\\\/02\\\/aziz-articula-rito-especial-para-levar-pec-da-escala-6x1-ao-plenario\\\/\"},\"author\":{\"name\":\"Fernando Corraa\",\"@id\":\"https:\\\/\\\/mrnews.com.br\\\/#\\\/schema\\\/person\\\/2f073f2d87903a2ff9a065e41bbf17d4\"},\"headline\":\"Aziz articula rito especial para levar PEC da escala 6&#215;1 ao plen\u00e1rio\",\"datePublished\":\"2026-09-02T04:25:25+00:00\",\"mainEntityOfPage\":{\"@id\":\"https:\\\/\\\/mrnews.com.br\\\/index.php\\\/2026\\\/09\\\/02\\\/aziz-articula-rito-especial-para-levar-pec-da-escala-6x1-ao-plenario\\\/\"},\"wordCount\":573,\"commentCount\":0,\"publisher\":{\"@id\":\"https:\\\/\\\/mrnews.com.br\\\/#organization\"},\"articleSection\":[\"SERVI\u00c7OS\"],\"inLanguage\":\"pt-BR\",\"potentialAction\":[{\"@type\":\"CommentAction\",\"name\":\"Comment\",\"target\":[\"https:\\\/\\\/agenciabrasil.ebc.com.br\\\/politica\\\/noticia\\\/2026-09\\\/aziz-articula-rito-especial-para-levar-pec-da-escala-6x1-ao-plenario#respond\"]}]},{\"@type\":\"WebPage\",\"@id\":\"https:\\\/\\\/mrnews.com.br\\\/index.php\\\/2026\\\/09\\\/02\\\/aziz-articula-rito-especial-para-levar-pec-da-escala-6x1-ao-plenario\\\/\",\"url\":\"https:\\\/\\\/agenciabrasil.ebc.com.br\\\/politica\\\/noticia\\\/2026-09\\\/aziz-articula-rito-especial-para-levar-pec-da-escala-6x1-ao-plenario\",\"name\":\"Aziz articula rito especial para levar PEC da escala 6x1 ao plen\u00e1rio\",\"isPartOf\":{\"@id\":\"https:\\\/\\\/mrnews.com.br\\\/#website\"},\"datePublished\":\"2026-09-02T04:25:25+00:00\",\"breadcrumb\":{\"@id\":\"https:\\\/\\\/agenciabrasil.ebc.com.br\\\/politica\\\/noticia\\\/2026-09\\\/aziz-articula-rito-especial-para-levar-pec-da-escala-6x1-ao-plenario#breadcrumb\"},\"inLanguage\":\"pt-BR\",\"potentialAction\":[{\"@type\":\"ReadAction\",\"target\":[\"https:\\\/\\\/agenciabrasil.ebc.com.br\\\/politica\\\/noticia\\\/2026-09\\\/aziz-articula-rito-especial-para-levar-pec-da-escala-6x1-ao-plenario\"]}]},{\"@type\":\"BreadcrumbList\",\"@id\":\"https:\\\/\\\/agenciabrasil.ebc.com.br\\\/politica\\\/noticia\\\/2026-09\\\/aziz-articula-rito-especial-para-levar-pec-da-escala-6x1-ao-plenario#breadcrumb\",\"itemListElement\":[{\"@type\":\"ListItem\",\"position\":1,\"name\":\"In\u00edcio\",\"item\":\"https:\\\/\\\/mrnews.com.br\\\/\"},{\"@type\":\"ListItem\",\"position\":2,\"name\":\"Aziz articula rito especial para levar PEC da escala 6&#215;1 ao plen\u00e1rio\"}]},{\"@type\":\"WebSite\",\"@id\":\"https:\\\/\\\/mrnews.com.br\\\/#website\",\"url\":\"https:\\\/\\\/mrnews.com.br\\\/\",\"name\":\"MRNews\",\"description\":\"MRNews Jogos de hoje da TV, transmiss\u00f5es ao vivo, Not\u00edcias de futebol, Jogos ao vivo, Lives, resumo de novelas, Programa\u00e7\u00e3o da Globo, A Fazenda e BBB\",\"publisher\":{\"@id\":\"https:\\\/\\\/mrnews.com.br\\\/#organization\"},\"potentialAction\":[{\"@type\":\"SearchAction\",\"target\":{\"@type\":\"EntryPoint\",\"urlTemplate\":\"https:\\\/\\\/mrnews.com.br\\\/?s={search_term_string}\"},\"query-input\":{\"@type\":\"PropertyValueSpecification\",\"valueRequired\":true,\"valueName\":\"search_term_string\"}}],\"inLanguage\":\"pt-BR\"},{\"@type\":\"Organization\",\"@id\":\"https:\\\/\\\/mrnews.com.br\\\/#organization\",\"name\":\"MRNews\",\"url\":\"https:\\\/\\\/mrnews.com.br\\\/\",\"logo\":{\"@type\":\"ImageObject\",\"inLanguage\":\"pt-BR\",\"@id\":\"https:\\\/\\\/mrnews.com.br\\\/#\\\/schema\\\/logo\\\/image\\\/\",\"url\":\"https:\\\/\\\/mrnews.com.br\\\/wp-content\\\/uploads\\\/2026\\\/08\\\/MRNEws.png\",\"contentUrl\":\"https:\\\/\\\/mrnews.com.br\\\/wp-content\\\/uploads\\\/2026\\\/08\\\/MRNEws.png\",\"width\":1254,\"height\":1254,\"caption\":\"MRNews\"},\"image\":{\"@id\":\"https:\\\/\\\/mrnews.com.br\\\/#\\\/schema\\\/logo\\\/image\\\/\"},\"sameAs\":[\"https:\\\/\\\/www.facebook.com\\\/eaipahpah\\\/?locale2=pt_BR\",\"https:\\\/\\\/x.com\\\/conspirou\",\"https:\\\/\\\/www.instagram.com\\\/eai_pahpah\",\"https:\\\/\\\/br.pinterest.com\\\/mrnewsn\\\/boards\\\/\",\"https:\\\/\\\/www.youtube.com\\\/channel\\\/UCacgnpznQ61fifLWr1tQ-vA?view_as=subscriber\"]},{\"@type\":\"Person\",\"@id\":\"https:\\\/\\\/mrnews.com.br\\\/#\\\/schema\\\/person\\\/2f073f2d87903a2ff9a065e41bbf17d4\",\"name\":\"Fernando Corraa\",\"image\":{\"@type\":\"ImageObject\",\"inLanguage\":\"pt-BR\",\"@id\":\"https:\\\/\\\/secure.gravatar.com\\\/avatar\\\/9069acb0e588c9f4346ba747284aef18a5faaab575e89e9ccc64e315003f0b82?s=96&d=monsterid&r=g\",\"url\":\"https:\\\/\\\/secure.gravatar.com\\\/avatar\\\/9069acb0e588c9f4346ba747284aef18a5faaab575e89e9ccc64e315003f0b82?s=96&d=monsterid&r=g\",\"contentUrl\":\"https:\\\/\\\/secure.gravatar.com\\\/avatar\\\/9069acb0e588c9f4346ba747284aef18a5faaab575e89e9ccc64e315003f0b82?s=96&d=monsterid&r=g\",\"caption\":\"Fernando Corraa\"},\"url\":\"https:\\\/\\\/mrnews.com.br\\\/index.php\\\/author\\\/fernando-corraa\\\/\"}]}<\/script>\n<!-- \/ Yoast SEO plugin. -->","yoast_head_json":{"title":"Aziz articula rito especial para levar PEC da escala 6x1 ao plen\u00e1rio","robots":{"index":"index","follow":"follow","max-snippet":"max-snippet:-1","max-image-preview":"max-image-preview:large","max-video-preview":"max-video-preview:-1"},"canonical":"https:\/\/agenciabrasil.ebc.com.br\/politica\/noticia\/2026-09\/aziz-articula-rito-especial-para-levar-pec-da-escala-6x1-ao-plenario","og_locale":"pt_BR","og_type":"article","og_title":"Aziz articula rito especial para levar PEC da escala 6x1 ao plen\u00e1rio","og_description":"Por EBC, O senador Omar Aziz (PSD-AM), relator da Proposta de Emenda Constitucional (PEC) que acaba com a escala 6&#215;1 e reduz a jornada m\u00e1xima de trabalho para 40 horas semanais no Brasil, afirmou nesta ter\u00e7a-feira (1\u00ba) que o texto dever\u00e1 ser aprovado com ampla maioria na Comiss\u00e3o de Constitui\u00e7\u00e3o e Justi\u00e7a (CCJ). Aziz disse &hellip;","og_url":"https:\/\/agenciabrasil.ebc.com.br\/politica\/noticia\/2026-09\/aziz-articula-rito-especial-para-levar-pec-da-escala-6x1-ao-plenario","og_site_name":"MRNews","article_publisher":"https:\/\/www.facebook.com\/eaipahpah\/?locale2=pt_BR","article_published_time":"2026-09-02T04:25:25+00:00","author":"Fernando Corraa","twitter_card":"summary_large_image","twitter_creator":"@conspirou","twitter_site":"@conspirou","twitter_misc":{"Escrito por":"Fernando Corraa","Est. tempo de leitura":"3 minutos"},"schema":{"@context":"https:\/\/schema.org","@graph":[{"@type":"Article","@id":"https:\/\/agenciabrasil.ebc.com.br\/politica\/noticia\/2026-09\/aziz-articula-rito-especial-para-levar-pec-da-escala-6x1-ao-plenario#article","isPartOf":{"@id":"https:\/\/mrnews.com.br\/index.php\/2026\/09\/02\/aziz-articula-rito-especial-para-levar-pec-da-escala-6x1-ao-plenario\/"},"author":{"name":"Fernando Corraa","@id":"https:\/\/mrnews.com.br\/#\/schema\/person\/2f073f2d87903a2ff9a065e41bbf17d4"},"headline":"Aziz articula rito especial para levar PEC da escala 6&#215;1 ao plen\u00e1rio","datePublished":"2026-09-02T04:25:25+00:00","mainEntityOfPage":{"@id":"https:\/\/mrnews.com.br\/index.php\/2026\/09\/02\/aziz-articula-rito-especial-para-levar-pec-da-escala-6x1-ao-plenario\/"},"wordCount":573,"commentCount":0,"publisher":{"@id":"https:\/\/mrnews.com.br\/#organization"},"articleSection":["SERVI\u00c7OS"],"inLanguage":"pt-BR","potentialAction":[{"@type":"CommentAction","name":"Comment","target":["https:\/\/agenciabrasil.ebc.com.br\/politica\/noticia\/2026-09\/aziz-articula-rito-especial-para-levar-pec-da-escala-6x1-ao-plenario#respond"]}]},{"@type":"WebPage","@id":"https:\/\/mrnews.com.br\/index.php\/2026\/09\/02\/aziz-articula-rito-especial-para-levar-pec-da-escala-6x1-ao-plenario\/","url":"https:\/\/agenciabrasil.ebc.com.br\/politica\/noticia\/2026-09\/aziz-articula-rito-especial-para-levar-pec-da-escala-6x1-ao-plenario","name":"Aziz articula rito especial para levar PEC da escala 6x1 ao plen\u00e1rio","isPartOf":{"@id":"https:\/\/mrnews.com.br\/#website"},"datePublished":"2026-09-02T04:25:25+00:00","breadcrumb":{"@id":"https:\/\/agenciabrasil.ebc.com.br\/politica\/noticia\/2026-09\/aziz-articula-rito-especial-para-levar-pec-da-escala-6x1-ao-plenario#breadcrumb"},"inLanguage":"pt-BR","potentialAction":[{"@type":"ReadAction","target":["https:\/\/agenciabrasil.ebc.com.br\/politica\/noticia\/2026-09\/aziz-articula-rito-especial-para-levar-pec-da-escala-6x1-ao-plenario"]}]},{"@type":"BreadcrumbList","@id":"https:\/\/agenciabrasil.ebc.com.br\/politica\/noticia\/2026-09\/aziz-articula-rito-especial-para-levar-pec-da-escala-6x1-ao-plenario#breadcrumb","itemListElement":[{"@type":"ListItem","position":1,"name":"In\u00edcio","item":"https:\/\/mrnews.com.br\/"},{"@type":"ListItem","position":2,"name":"Aziz articula rito especial para levar PEC da escala 6&#215;1 ao plen\u00e1rio"}]},{"@type":"WebSite","@id":"https:\/\/mrnews.com.br\/#website","url":"https:\/\/mrnews.com.br\/","name":"MRNews","description":"MRNews Jogos de hoje da TV, transmiss\u00f5es ao vivo, Not\u00edcias de futebol, Jogos ao vivo, Lives, resumo de novelas, Programa\u00e7\u00e3o da Globo, A Fazenda e BBB","publisher":{"@id":"https:\/\/mrnews.com.br\/#organization"},"potentialAction":[{"@type":"SearchAction","target":{"@type":"EntryPoint","urlTemplate":"https:\/\/mrnews.com.br\/?s={search_term_string}"},"query-input":{"@type":"PropertyValueSpecification","valueRequired":true,"valueName":"search_term_string"}}],"inLanguage":"pt-BR"},{"@type":"Organization","@id":"https:\/\/mrnews.com.br\/#organization","name":"MRNews","url":"https:\/\/mrnews.com.br\/","logo":{"@type":"ImageObject","inLanguage":"pt-BR","@id":"https:\/\/mrnews.com.br\/#\/schema\/logo\/image\/","url":"https:\/\/mrnews.com.br\/wp-content\/uploads\/2026\/08\/MRNEws.png","contentUrl":"https:\/\/mrnews.com.br\/wp-content\/uploads\/2026\/08\/MRNEws.png","width":1254,"height":1254,"caption":"MRNews"},"image":{"@id":"https:\/\/mrnews.com.br\/#\/schema\/logo\/image\/"},"sameAs":["https:\/\/www.facebook.com\/eaipahpah\/?locale2=pt_BR","https:\/\/x.com\/conspirou","https:\/\/www.instagram.com\/eai_pahpah","https:\/\/br.pinterest.com\/mrnewsn\/boards\/","https:\/\/www.youtube.com\/channel\/UCacgnpznQ61fifLWr1tQ-vA?view_as=subscriber"]},{"@type":"Person","@id":"https:\/\/mrnews.com.br\/#\/schema\/person\/2f073f2d87903a2ff9a065e41bbf17d4","name":"Fernando Corraa","image":{"@type":"ImageObject","inLanguage":"pt-BR","@id":"https:\/\/secure.gravatar.com\/avatar\/9069acb0e588c9f4346ba747284aef18a5faaab575e89e9ccc64e315003f0b82?s=96&d=monsterid&r=g","url":"https:\/\/secure.gravatar.com\/avatar\/9069acb0e588c9f4346ba747284aef18a5faaab575e89e9ccc64e315003f0b82?s=96&d=monsterid&r=g","contentUrl":"https:\/\/secure.gravatar.com\/avatar\/9069acb0e588c9f4346ba747284aef18a5faaab575e89e9ccc64e315003f0b82?s=96&d=monsterid&r=g","caption":"Fernando Corraa"},"url":"https:\/\/mrnews.com.br\/index.php\/author\/fernando-corraa\/"}]}},"jetpack_sharing_enabled":true,"jetpack_shortlink":"https:\/\/wp.me\/pa2Qf7-1XeY","amp_enabled":true,"jetpack_featured_media_url":"","_links":{"self":[{"href":"https:\/\/mrnews.com.br\/index.php\/wp-json\/wp\/v2\/posts\/466052","targetHints":{"allow":["GET"]}}],"collection":[{"href":"https:\/\/mrnews.com.br\/index.php\/wp-json\/wp\/v2\/posts"}],"about":[{"href":"https:\/\/mrnews.com.br\/index.php\/wp-json\/wp\/v2\/types\/post"}],"author":[{"embeddable":true,"href":"https:\/\/mrnews.com.br\/index.php\/wp-json\/wp\/v2\/users\/39"}],"replies":[{"embeddable":true,"href":"https:\/\/mrnews.com.br\/index.php\/wp-json\/wp\/v2\/comments?post=466052"}],"version-history":[{"count":0,"href":"https:\/\/mrnews.com.br\/index.php\/wp-json\/wp\/v2\/posts\/466052\/revisions"}],"wp:attachment":[{"href":"https:\/\/mrnews.com.br\/index.php\/wp-json\/wp\/v2\/media?parent=466052"}],"wp:term":[{"taxonomy":"category","embeddable":true,"href":"https:\/\/mrnews.com.br\/index.php\/wp-json\/wp\/v2\/categories?post=466052"},{"taxonomy":"post_tag","embeddable":true,"href":"https:\/\/mrnews.com.br\/index.php\/wp-json\/wp\/v2\/tags?post=466052"}],"curies":[{"name":"wp","href":"https:\/\/api.w.org\/{rel}","templated":true}]}}