{"id":466057,"date":"2026-09-02T07:43:26","date_gmt":"2026-09-02T10:43:26","guid":{"rendered":"https:\/\/mrnews.com.br\/index.php\/2026\/09\/02\/rio-tera-dia-de-chuva-com-temperatura-em-declinio-e-mar-de-ressaca\/"},"modified":"2026-09-02T07:43:26","modified_gmt":"2026-09-02T10:43:26","slug":"rio-tera-dia-de-chuva-com-temperatura-em-declinio-e-mar-de-ressaca","status":"publish","type":"post","link":"https:\/\/mrnews.com.br\/index.php\/2026\/09\/02\/rio-tera-dia-de-chuva-com-temperatura-em-declinio-e-mar-de-ressaca\/","title":{"rendered":"Rio ter\u00e1 dia de chuva, com temperatura em decl\u00ednio e mar de ressaca"},"content":{"rendered":"<p>Por EBC, <\/p>\n<div>\n<p>O Sistema Alerta Rio, da prefeitura carioca, prev\u00ea para esta quarta-feira (2)\u00a0c\u00e9u encoberto com pancadas de chuva e temperatura em decl\u00ednio, variando entre a m\u00ednima de 15\u00baC e a m\u00e1xima de 24\u00baC. Os ventos estar\u00e3o moderados a fortes at\u00e9 o per\u00edodo da manh\u00e3.<\/p>\n<p><strong>O munic\u00edpio do Rio de Janeiro entrou em est\u00e1gio\u00a02, devido \u00e0 previs\u00e3o de pancadas de chuva com raios e rajadas de ventos fortes e pontuais, em raz\u00e3o da passagem de uma frente fria, procedente\u00a0do oceano.<\/strong><\/p>\n<p>O est\u00e1gio 2 \u00e9 o segundo n\u00edvel em uma escala de cinco e significa que h\u00e1 riscos de ocorr\u00eancias de alto impacto na cidade. H\u00e1 possibilidade de nova mudan\u00e7a de est\u00e1gio devido \u00e0 chuva e\/ou a outros fatores.<\/p>\n<p><strong>A Marinha do Brasil emitiu aviso de ressaca, que vai at\u00e9 as 9h desta\u00a0quinta-feira (3). As ondas podem variar entre 2,5 e 3 metros de altura e atingir a orla da cidade.<\/strong><\/p>\n<p><strong>O Centro de Opera\u00e7\u00f5es Rio adverte aos banhistas que evitem:<\/strong><\/p>\n<p>\u2013 Permanecer em mirantes na orla ou em locais pr\u00f3ximos ao mar durante o per\u00edodo do aviso.<\/p>\n<p>\u2013 Os frequentadores de praias devem seguir rigorosamente as orienta\u00e7\u00f5es das equipes do Corpo de Bombeiros.<\/p>\n<p>\u2013 Pescadores devem evitar navegar enquanto a ressaca estiver ativa.<\/p>\n<p>\u2013 Evite pedalar de bicicleta na orla se as ondas estiverem alcan\u00e7ando a ciclovia.<\/p>\n<p>\u2013 Em caso de acidentes no mar, n\u00e3o tente resgatar v\u00edtimas por conta pr\u00f3pria. Acione imediatamente o Corpo de Bombeiros pelo telefone 193.<\/p>\n<p>      <!-- Relacionada --><\/p>\n<p>            <!-- Relacionada -->\n    <\/div>\n","protected":false},"excerpt":{"rendered":"<p>Por EBC, O Sistema Alerta Rio, da prefeitura carioca, prev\u00ea para esta quarta-feira (2)\u00a0c\u00e9u encoberto com pancadas de chuva e temperatura em decl\u00ednio, variando entre a m\u00ednima de 15\u00baC e a m\u00e1xima de 24\u00baC. Os ventos estar\u00e3o moderados a fortes at\u00e9 o per\u00edodo da manh\u00e3. O munic\u00edpio do Rio de Janeiro entrou em est\u00e1gio\u00a02, devido &hellip;<\/p>\n","protected":false},"author":39,"featured_media":0,"comment_status":"open","ping_status":"open","sticky":false,"template":"","format":"standard","meta":{"_jetpack_newsletter_access":"","_jetpack_dont_email_post_to_subs":false,"_jetpack_newsletter_tier_id":0,"_jetpack_memberships_contains_paywalled_content":false,"_jetpack_feature_clip_id":0,"_jetpack_memberships_contains_paid_content":false,"footnotes":"","jetpack_post_was_ever_published":false},"categories":[4],"tags":[],"class_list":["post-466057","post","type-post","status-publish","format-standard","hentry","category-servicos"],"yoast_head":"<!-- This site is optimized with the Yoast SEO plugin v28.4 - https:\/\/yoast.com\/product\/yoast-seo-wordpress\/ -->\n<title>Rio ter\u00e1 dia de chuva, com temperatura em decl\u00ednio e mar de ressaca<\/title>\n<meta name=\"robots\" content=\"index, follow, max-snippet:-1, max-image-preview:large, max-video-preview:-1\" \/>\n<link rel=\"canonical\" href=\"https:\/\/agenciabrasil.ebc.com.br\/meio-ambiente\/noticia\/2026-09\/rio-tera-dia-de-chuva-com-temperatura-em-declinio-e-mar-de-ressaca\" \/>\n<meta property=\"og:locale\" content=\"pt_BR\" \/>\n<meta property=\"og:type\" content=\"article\" \/>\n<meta property=\"og:title\" content=\"Rio ter\u00e1 dia de chuva, com temperatura em decl\u00ednio e mar de ressaca\" \/>\n<meta property=\"og:description\" content=\"Por EBC, O Sistema Alerta Rio, da prefeitura carioca, prev\u00ea para esta quarta-feira (2)\u00a0c\u00e9u encoberto com pancadas de chuva e temperatura em decl\u00ednio, variando entre a m\u00ednima de 15\u00baC e a m\u00e1xima de 24\u00baC. Os ventos estar\u00e3o moderados a fortes at\u00e9 o per\u00edodo da manh\u00e3. O munic\u00edpio do Rio de Janeiro entrou em est\u00e1gio\u00a02, devido &hellip;\" \/>\n<meta property=\"og:url\" content=\"https:\/\/agenciabrasil.ebc.com.br\/meio-ambiente\/noticia\/2026-09\/rio-tera-dia-de-chuva-com-temperatura-em-declinio-e-mar-de-ressaca\" \/>\n<meta property=\"og:site_name\" content=\"MRNews\" \/>\n<meta property=\"article:publisher\" content=\"https:\/\/www.facebook.com\/eaipahpah\/?locale2=pt_BR\" \/>\n<meta property=\"article:published_time\" content=\"2026-09-02T10:43:26+00:00\" \/>\n<meta name=\"author\" content=\"Fernando Corraa\" \/>\n<meta name=\"twitter:card\" content=\"summary_large_image\" \/>\n<meta name=\"twitter:creator\" content=\"@conspirou\" \/>\n<meta name=\"twitter:site\" content=\"@conspirou\" \/>\n<meta name=\"twitter:label1\" content=\"Escrito por\" \/>\n\t<meta name=\"twitter:data1\" content=\"Fernando Corraa\" \/>\n\t<meta name=\"twitter:label2\" content=\"Est. tempo de leitura\" \/>\n\t<meta name=\"twitter:data2\" content=\"1 minuto\" \/>\n<script type=\"application\/ld+json\" class=\"yoast-schema-graph\">{\"@context\":\"https:\\\/\\\/schema.org\",\"@graph\":[{\"@type\":\"Article\",\"@id\":\"https:\\\/\\\/agenciabrasil.ebc.com.br\\\/meio-ambiente\\\/noticia\\\/2026-09\\\/rio-tera-dia-de-chuva-com-temperatura-em-declinio-e-mar-de-ressaca#article\",\"isPartOf\":{\"@id\":\"https:\\\/\\\/mrnews.com.br\\\/index.php\\\/2026\\\/09\\\/02\\\/rio-tera-dia-de-chuva-com-temperatura-em-declinio-e-mar-de-ressaca\\\/\"},\"author\":{\"name\":\"Fernando Corraa\",\"@id\":\"https:\\\/\\\/mrnews.com.br\\\/#\\\/schema\\\/person\\\/2f073f2d87903a2ff9a065e41bbf17d4\"},\"headline\":\"Rio ter\u00e1 dia de chuva, com temperatura em decl\u00ednio e mar de ressaca\",\"datePublished\":\"2026-09-02T10:43:26+00:00\",\"mainEntityOfPage\":{\"@id\":\"https:\\\/\\\/mrnews.com.br\\\/index.php\\\/2026\\\/09\\\/02\\\/rio-tera-dia-de-chuva-com-temperatura-em-declinio-e-mar-de-ressaca\\\/\"},\"wordCount\":267,\"commentCount\":0,\"publisher\":{\"@id\":\"https:\\\/\\\/mrnews.com.br\\\/#organization\"},\"articleSection\":[\"SERVI\u00c7OS\"],\"inLanguage\":\"pt-BR\",\"potentialAction\":[{\"@type\":\"CommentAction\",\"name\":\"Comment\",\"target\":[\"https:\\\/\\\/agenciabrasil.ebc.com.br\\\/meio-ambiente\\\/noticia\\\/2026-09\\\/rio-tera-dia-de-chuva-com-temperatura-em-declinio-e-mar-de-ressaca#respond\"]}]},{\"@type\":\"WebPage\",\"@id\":\"https:\\\/\\\/mrnews.com.br\\\/index.php\\\/2026\\\/09\\\/02\\\/rio-tera-dia-de-chuva-com-temperatura-em-declinio-e-mar-de-ressaca\\\/\",\"url\":\"https:\\\/\\\/agenciabrasil.ebc.com.br\\\/meio-ambiente\\\/noticia\\\/2026-09\\\/rio-tera-dia-de-chuva-com-temperatura-em-declinio-e-mar-de-ressaca\",\"name\":\"Rio ter\u00e1 dia de chuva, com temperatura em decl\u00ednio e mar de ressaca\",\"isPartOf\":{\"@id\":\"https:\\\/\\\/mrnews.com.br\\\/#website\"},\"datePublished\":\"2026-09-02T10:43:26+00:00\",\"breadcrumb\":{\"@id\":\"https:\\\/\\\/agenciabrasil.ebc.com.br\\\/meio-ambiente\\\/noticia\\\/2026-09\\\/rio-tera-dia-de-chuva-com-temperatura-em-declinio-e-mar-de-ressaca#breadcrumb\"},\"inLanguage\":\"pt-BR\",\"potentialAction\":[{\"@type\":\"ReadAction\",\"target\":[\"https:\\\/\\\/agenciabrasil.ebc.com.br\\\/meio-ambiente\\\/noticia\\\/2026-09\\\/rio-tera-dia-de-chuva-com-temperatura-em-declinio-e-mar-de-ressaca\"]}]},{\"@type\":\"BreadcrumbList\",\"@id\":\"https:\\\/\\\/agenciabrasil.ebc.com.br\\\/meio-ambiente\\\/noticia\\\/2026-09\\\/rio-tera-dia-de-chuva-com-temperatura-em-declinio-e-mar-de-ressaca#breadcrumb\",\"itemListElement\":[{\"@type\":\"ListItem\",\"position\":1,\"name\":\"In\u00edcio\",\"item\":\"https:\\\/\\\/mrnews.com.br\\\/\"},{\"@type\":\"ListItem\",\"position\":2,\"name\":\"Rio ter\u00e1 dia de chuva, com temperatura em decl\u00ednio e mar de ressaca\"}]},{\"@type\":\"WebSite\",\"@id\":\"https:\\\/\\\/mrnews.com.br\\\/#website\",\"url\":\"https:\\\/\\\/mrnews.com.br\\\/\",\"name\":\"MRNews\",\"description\":\"MRNews Jogos de hoje da TV, transmiss\u00f5es ao vivo, Not\u00edcias de futebol, Jogos ao vivo, Lives, resumo de novelas, Programa\u00e7\u00e3o da Globo, A Fazenda e BBB\",\"publisher\":{\"@id\":\"https:\\\/\\\/mrnews.com.br\\\/#organization\"},\"potentialAction\":[{\"@type\":\"SearchAction\",\"target\":{\"@type\":\"EntryPoint\",\"urlTemplate\":\"https:\\\/\\\/mrnews.com.br\\\/?s={search_term_string}\"},\"query-input\":{\"@type\":\"PropertyValueSpecification\",\"valueRequired\":true,\"valueName\":\"search_term_string\"}}],\"inLanguage\":\"pt-BR\"},{\"@type\":\"Organization\",\"@id\":\"https:\\\/\\\/mrnews.com.br\\\/#organization\",\"name\":\"MRNews\",\"url\":\"https:\\\/\\\/mrnews.com.br\\\/\",\"logo\":{\"@type\":\"ImageObject\",\"inLanguage\":\"pt-BR\",\"@id\":\"https:\\\/\\\/mrnews.com.br\\\/#\\\/schema\\\/logo\\\/image\\\/\",\"url\":\"https:\\\/\\\/mrnews.com.br\\\/wp-content\\\/uploads\\\/2026\\\/08\\\/MRNEws.png\",\"contentUrl\":\"https:\\\/\\\/mrnews.com.br\\\/wp-content\\\/uploads\\\/2026\\\/08\\\/MRNEws.png\",\"width\":1254,\"height\":1254,\"caption\":\"MRNews\"},\"image\":{\"@id\":\"https:\\\/\\\/mrnews.com.br\\\/#\\\/schema\\\/logo\\\/image\\\/\"},\"sameAs\":[\"https:\\\/\\\/www.facebook.com\\\/eaipahpah\\\/?locale2=pt_BR\",\"https:\\\/\\\/x.com\\\/conspirou\",\"https:\\\/\\\/www.instagram.com\\\/eai_pahpah\",\"https:\\\/\\\/br.pinterest.com\\\/mrnewsn\\\/boards\\\/\",\"https:\\\/\\\/www.youtube.com\\\/channel\\\/UCacgnpznQ61fifLWr1tQ-vA?view_as=subscriber\"]},{\"@type\":\"Person\",\"@id\":\"https:\\\/\\\/mrnews.com.br\\\/#\\\/schema\\\/person\\\/2f073f2d87903a2ff9a065e41bbf17d4\",\"name\":\"Fernando Corraa\",\"image\":{\"@type\":\"ImageObject\",\"inLanguage\":\"pt-BR\",\"@id\":\"https:\\\/\\\/secure.gravatar.com\\\/avatar\\\/9069acb0e588c9f4346ba747284aef18a5faaab575e89e9ccc64e315003f0b82?s=96&d=monsterid&r=g\",\"url\":\"https:\\\/\\\/secure.gravatar.com\\\/avatar\\\/9069acb0e588c9f4346ba747284aef18a5faaab575e89e9ccc64e315003f0b82?s=96&d=monsterid&r=g\",\"contentUrl\":\"https:\\\/\\\/secure.gravatar.com\\\/avatar\\\/9069acb0e588c9f4346ba747284aef18a5faaab575e89e9ccc64e315003f0b82?s=96&d=monsterid&r=g\",\"caption\":\"Fernando Corraa\"},\"url\":\"https:\\\/\\\/mrnews.com.br\\\/index.php\\\/author\\\/fernando-corraa\\\/\"}]}<\/script>\n<!-- \/ Yoast SEO plugin. -->","yoast_head_json":{"title":"Rio ter\u00e1 dia de chuva, com temperatura em decl\u00ednio e mar de ressaca","robots":{"index":"index","follow":"follow","max-snippet":"max-snippet:-1","max-image-preview":"max-image-preview:large","max-video-preview":"max-video-preview:-1"},"canonical":"https:\/\/agenciabrasil.ebc.com.br\/meio-ambiente\/noticia\/2026-09\/rio-tera-dia-de-chuva-com-temperatura-em-declinio-e-mar-de-ressaca","og_locale":"pt_BR","og_type":"article","og_title":"Rio ter\u00e1 dia de chuva, com temperatura em decl\u00ednio e mar de ressaca","og_description":"Por EBC, O Sistema Alerta Rio, da prefeitura carioca, prev\u00ea para esta quarta-feira (2)\u00a0c\u00e9u encoberto com pancadas de chuva e temperatura em decl\u00ednio, variando entre a m\u00ednima de 15\u00baC e a m\u00e1xima de 24\u00baC. Os ventos estar\u00e3o moderados a fortes at\u00e9 o per\u00edodo da manh\u00e3. O munic\u00edpio do Rio de Janeiro entrou em est\u00e1gio\u00a02, devido &hellip;","og_url":"https:\/\/agenciabrasil.ebc.com.br\/meio-ambiente\/noticia\/2026-09\/rio-tera-dia-de-chuva-com-temperatura-em-declinio-e-mar-de-ressaca","og_site_name":"MRNews","article_publisher":"https:\/\/www.facebook.com\/eaipahpah\/?locale2=pt_BR","article_published_time":"2026-09-02T10:43:26+00:00","author":"Fernando Corraa","twitter_card":"summary_large_image","twitter_creator":"@conspirou","twitter_site":"@conspirou","twitter_misc":{"Escrito por":"Fernando Corraa","Est. tempo de leitura":"1 minuto"},"schema":{"@context":"https:\/\/schema.org","@graph":[{"@type":"Article","@id":"https:\/\/agenciabrasil.ebc.com.br\/meio-ambiente\/noticia\/2026-09\/rio-tera-dia-de-chuva-com-temperatura-em-declinio-e-mar-de-ressaca#article","isPartOf":{"@id":"https:\/\/mrnews.com.br\/index.php\/2026\/09\/02\/rio-tera-dia-de-chuva-com-temperatura-em-declinio-e-mar-de-ressaca\/"},"author":{"name":"Fernando Corraa","@id":"https:\/\/mrnews.com.br\/#\/schema\/person\/2f073f2d87903a2ff9a065e41bbf17d4"},"headline":"Rio ter\u00e1 dia de chuva, com temperatura em decl\u00ednio e mar de ressaca","datePublished":"2026-09-02T10:43:26+00:00","mainEntityOfPage":{"@id":"https:\/\/mrnews.com.br\/index.php\/2026\/09\/02\/rio-tera-dia-de-chuva-com-temperatura-em-declinio-e-mar-de-ressaca\/"},"wordCount":267,"commentCount":0,"publisher":{"@id":"https:\/\/mrnews.com.br\/#organization"},"articleSection":["SERVI\u00c7OS"],"inLanguage":"pt-BR","potentialAction":[{"@type":"CommentAction","name":"Comment","target":["https:\/\/agenciabrasil.ebc.com.br\/meio-ambiente\/noticia\/2026-09\/rio-tera-dia-de-chuva-com-temperatura-em-declinio-e-mar-de-ressaca#respond"]}]},{"@type":"WebPage","@id":"https:\/\/mrnews.com.br\/index.php\/2026\/09\/02\/rio-tera-dia-de-chuva-com-temperatura-em-declinio-e-mar-de-ressaca\/","url":"https:\/\/agenciabrasil.ebc.com.br\/meio-ambiente\/noticia\/2026-09\/rio-tera-dia-de-chuva-com-temperatura-em-declinio-e-mar-de-ressaca","name":"Rio ter\u00e1 dia de chuva, com temperatura em decl\u00ednio e mar de ressaca","isPartOf":{"@id":"https:\/\/mrnews.com.br\/#website"},"datePublished":"2026-09-02T10:43:26+00:00","breadcrumb":{"@id":"https:\/\/agenciabrasil.ebc.com.br\/meio-ambiente\/noticia\/2026-09\/rio-tera-dia-de-chuva-com-temperatura-em-declinio-e-mar-de-ressaca#breadcrumb"},"inLanguage":"pt-BR","potentialAction":[{"@type":"ReadAction","target":["https:\/\/agenciabrasil.ebc.com.br\/meio-ambiente\/noticia\/2026-09\/rio-tera-dia-de-chuva-com-temperatura-em-declinio-e-mar-de-ressaca"]}]},{"@type":"BreadcrumbList","@id":"https:\/\/agenciabrasil.ebc.com.br\/meio-ambiente\/noticia\/2026-09\/rio-tera-dia-de-chuva-com-temperatura-em-declinio-e-mar-de-ressaca#breadcrumb","itemListElement":[{"@type":"ListItem","position":1,"name":"In\u00edcio","item":"https:\/\/mrnews.com.br\/"},{"@type":"ListItem","position":2,"name":"Rio ter\u00e1 dia de chuva, com temperatura em decl\u00ednio e mar de ressaca"}]},{"@type":"WebSite","@id":"https:\/\/mrnews.com.br\/#website","url":"https:\/\/mrnews.com.br\/","name":"MRNews","description":"MRNews Jogos de hoje da TV, transmiss\u00f5es ao vivo, Not\u00edcias de futebol, Jogos ao vivo, Lives, resumo de novelas, Programa\u00e7\u00e3o da Globo, A Fazenda e BBB","publisher":{"@id":"https:\/\/mrnews.com.br\/#organization"},"potentialAction":[{"@type":"SearchAction","target":{"@type":"EntryPoint","urlTemplate":"https:\/\/mrnews.com.br\/?s={search_term_string}"},"query-input":{"@type":"PropertyValueSpecification","valueRequired":true,"valueName":"search_term_string"}}],"inLanguage":"pt-BR"},{"@type":"Organization","@id":"https:\/\/mrnews.com.br\/#organization","name":"MRNews","url":"https:\/\/mrnews.com.br\/","logo":{"@type":"ImageObject","inLanguage":"pt-BR","@id":"https:\/\/mrnews.com.br\/#\/schema\/logo\/image\/","url":"https:\/\/mrnews.com.br\/wp-content\/uploads\/2026\/08\/MRNEws.png","contentUrl":"https:\/\/mrnews.com.br\/wp-content\/uploads\/2026\/08\/MRNEws.png","width":1254,"height":1254,"caption":"MRNews"},"image":{"@id":"https:\/\/mrnews.com.br\/#\/schema\/logo\/image\/"},"sameAs":["https:\/\/www.facebook.com\/eaipahpah\/?locale2=pt_BR","https:\/\/x.com\/conspirou","https:\/\/www.instagram.com\/eai_pahpah","https:\/\/br.pinterest.com\/mrnewsn\/boards\/","https:\/\/www.youtube.com\/channel\/UCacgnpznQ61fifLWr1tQ-vA?view_as=subscriber"]},{"@type":"Person","@id":"https:\/\/mrnews.com.br\/#\/schema\/person\/2f073f2d87903a2ff9a065e41bbf17d4","name":"Fernando Corraa","image":{"@type":"ImageObject","inLanguage":"pt-BR","@id":"https:\/\/secure.gravatar.com\/avatar\/9069acb0e588c9f4346ba747284aef18a5faaab575e89e9ccc64e315003f0b82?s=96&d=monsterid&r=g","url":"https:\/\/secure.gravatar.com\/avatar\/9069acb0e588c9f4346ba747284aef18a5faaab575e89e9ccc64e315003f0b82?s=96&d=monsterid&r=g","contentUrl":"https:\/\/secure.gravatar.com\/avatar\/9069acb0e588c9f4346ba747284aef18a5faaab575e89e9ccc64e315003f0b82?s=96&d=monsterid&r=g","caption":"Fernando Corraa"},"url":"https:\/\/mrnews.com.br\/index.php\/author\/fernando-corraa\/"}]}},"jetpack_sharing_enabled":true,"jetpack_shortlink":"https:\/\/wp.me\/pa2Qf7-1Xf3","amp_enabled":true,"jetpack_featured_media_url":"","_links":{"self":[{"href":"https:\/\/mrnews.com.br\/index.php\/wp-json\/wp\/v2\/posts\/466057","targetHints":{"allow":["GET"]}}],"collection":[{"href":"https:\/\/mrnews.com.br\/index.php\/wp-json\/wp\/v2\/posts"}],"about":[{"href":"https:\/\/mrnews.com.br\/index.php\/wp-json\/wp\/v2\/types\/post"}],"author":[{"embeddable":true,"href":"https:\/\/mrnews.com.br\/index.php\/wp-json\/wp\/v2\/users\/39"}],"replies":[{"embeddable":true,"href":"https:\/\/mrnews.com.br\/index.php\/wp-json\/wp\/v2\/comments?post=466057"}],"version-history":[{"count":0,"href":"https:\/\/mrnews.com.br\/index.php\/wp-json\/wp\/v2\/posts\/466057\/revisions"}],"wp:attachment":[{"href":"https:\/\/mrnews.com.br\/index.php\/wp-json\/wp\/v2\/media?parent=466057"}],"wp:term":[{"taxonomy":"category","embeddable":true,"href":"https:\/\/mrnews.com.br\/index.php\/wp-json\/wp\/v2\/categories?post=466057"},{"taxonomy":"post_tag","embeddable":true,"href":"https:\/\/mrnews.com.br\/index.php\/wp-json\/wp\/v2\/tags?post=466057"}],"curies":[{"name":"wp","href":"https:\/\/api.w.org\/{rel}","templated":true}]}}