{"id":466062,"date":"2026-09-02T09:07:27","date_gmt":"2026-09-02T12:07:27","guid":{"rendered":"https:\/\/mrnews.com.br\/index.php\/2026\/09\/02\/quarta-feira-e-de-chuvas-no-sudeste-centro-oeste-e-sul-do-nordeste\/"},"modified":"2026-09-02T09:07:27","modified_gmt":"2026-09-02T12:07:27","slug":"quarta-feira-e-de-chuvas-no-sudeste-centro-oeste-e-sul-do-nordeste","status":"publish","type":"post","link":"https:\/\/mrnews.com.br\/index.php\/2026\/09\/02\/quarta-feira-e-de-chuvas-no-sudeste-centro-oeste-e-sul-do-nordeste\/","title":{"rendered":"Quarta-feira \u00e9 de chuvas no Sudeste, Centro-Oeste e sul do Nordeste"},"content":{"rendered":"<p>Por EBC, <\/p>\n<div>\n<p>Uma frente fria associada \u00e0 passagem de um ciclone extratropical mant\u00e9m chuvas e trovoadas no Sudeste e sul do Nordeste nesta quarta-feira (2), informa o Instituto Nacional de Meteorologia (Inmet). No Centro-Oeste tamb\u00e9m h\u00e1 previs\u00e3o de chuvas isoladas.<\/p>\n<p>No Centro-Oeste do pa\u00eds, as \u00e1reas de instabilidade levam chuva isolada ao Mato Grosso, centro-norte de Goi\u00e1s e Distrito Federal. J\u00e1 no Mato Grosso do Sul, o c\u00e9u ter\u00e1 muitas nuvens no norte e no restante do estado o dia \u00e9 de pouca nebulosidade e temperaturas amenas.<\/p>\n<p>Entre as capitais, a temperatura m\u00ednima prevista \u00e9 de 15 graus Celsius (\u00b0C), em Campo Grande, e a m\u00e1xima de 35\u00b0C, em Cuiab\u00e1.<\/p>\n<p>Na Regi\u00e3o Sudeste s\u00e3o esperadas pancadas de chuva no Rio de Janeiro, nordeste de Minas Gerais e no centro-norte do Esp\u00edrito Santo. Em S\u00e3o Paulo o dia ser\u00e1 ensolarado e com poucas nuvens.<\/p>\n<p>A regi\u00e3o ter\u00e1 m\u00ednima de 12\u00b0C em S\u00e3o Paulo e a m\u00e1xima nas capitais ser\u00e1 registrada em Belo Horizonte, onde os term\u00f4metros devem atingir 27\u00b0C.<\/p>\n<p>No Nordeste brasileiro o dia tem possibilidade de chuva isolada pela manh\u00e3 no litoral norte de Alagoas, na faixa litor\u00e2nea de Pernambuco e da Para\u00edba, no litoral leste do Rio Grande do Norte e no extremo sul da Bahia.<\/p>\n<p>Pancadas de chuva isoladas ocorrem no oeste e noroeste do Maranh\u00e3o, e no norte e centro-sul do estado h\u00e1 possibilidade de chuva isolada.<\/p>\n<p>Na divisa da Bahia com Minas Gerais e Goi\u00e1s, h\u00e1 possibilidade de chuva isolada durante a tarde e pela noite chove com mais intensidade e trovoadas no sul da Bahia.<\/p>\n<p>A temperatura m\u00ednima entre as capitais ser\u00e1 de 22\u00b0C em Macei\u00f3 e Salvador e a m\u00e1xima prevista \u00e9 de 40\u00b0C, em Teresina.<\/p>\n<p>No Norte do pa\u00eds, a previs\u00e3o \u00e9 de pancadas de chuva e trovoadas isoladas no oeste e norte do Amazonas e no centro-oeste do Acre. Em Rond\u00f4nia, nas demais \u00e1reas do Amazonas, em Roraima, no Amap\u00e1 e no centro-norte e leste do Par\u00e1, tamb\u00e9m pode haver pancadas de chuva.<\/p>\n<p>Em Palmas, h\u00e1 possibilidade de chuva isolada ap\u00f3s muitos dias de tempo seco. Mas, no leste do Tocantins, n\u00e3o h\u00e1 previs\u00e3o de chuva.<\/p>\n<p>A temperatura nas capitais prevista para esta quarta-feira deve atingir m\u00ednima de 23\u00b0C em Rio Branco e m\u00e1xima, de 39\u00b0C em Palmas.<\/p>\n<p>Na Regi\u00e3o Sul o dia ser\u00e1 de muito sol, tempo est\u00e1vel e poucas nuvens em toda regi\u00e3o, mas poder\u00e1 gear nos pontos mais altos das serras do Rio Grande do Sul e de Santa Catarina.<\/p>\n<p>Entre as capitais, a m\u00e1xima n\u00e3o passa dos 19\u00b0C em Curitiba e a temperatura m\u00ednima ser\u00e1 de 6\u00b0C tamb\u00e9m na capital paranaense.<\/p>\n<p>\u00a0<\/p>\n<p>      <!-- Relacionada --><br \/>\n            <!-- Relacionada -->\n    <\/div>\n","protected":false},"excerpt":{"rendered":"<p>Por EBC, Uma frente fria associada \u00e0 passagem de um ciclone extratropical mant\u00e9m chuvas e trovoadas no Sudeste e sul do Nordeste nesta quarta-feira (2), informa o Instituto Nacional de Meteorologia (Inmet). No Centro-Oeste tamb\u00e9m h\u00e1 previs\u00e3o de chuvas isoladas. No Centro-Oeste do pa\u00eds, as \u00e1reas de instabilidade levam chuva isolada ao Mato Grosso, centro-norte &hellip;<\/p>\n","protected":false},"author":39,"featured_media":0,"comment_status":"open","ping_status":"open","sticky":false,"template":"","format":"standard","meta":{"_jetpack_newsletter_access":"","_jetpack_dont_email_post_to_subs":false,"_jetpack_newsletter_tier_id":0,"_jetpack_memberships_contains_paywalled_content":false,"_jetpack_feature_clip_id":0,"_jetpack_memberships_contains_paid_content":false,"footnotes":"","jetpack_post_was_ever_published":false},"categories":[4],"tags":[],"class_list":["post-466062","post","type-post","status-publish","format-standard","hentry","category-servicos"],"yoast_head":"<!-- This site is optimized with the Yoast SEO plugin v28.4 - https:\/\/yoast.com\/product\/yoast-seo-wordpress\/ -->\n<title>Quarta-feira \u00e9 de chuvas no Sudeste, Centro-Oeste e sul do Nordeste<\/title>\n<meta name=\"robots\" content=\"index, follow, max-snippet:-1, max-image-preview:large, max-video-preview:-1\" \/>\n<link rel=\"canonical\" href=\"https:\/\/agenciabrasil.ebc.com.br\/meio-ambiente\/noticia\/2026-09\/quarta-feira-e-de-chuvas-no-sudeste-centro-oeste-e-sul-do-nordeste\" \/>\n<meta property=\"og:locale\" content=\"pt_BR\" \/>\n<meta property=\"og:type\" content=\"article\" \/>\n<meta property=\"og:title\" content=\"Quarta-feira \u00e9 de chuvas no Sudeste, Centro-Oeste e sul do Nordeste\" \/>\n<meta property=\"og:description\" content=\"Por EBC, Uma frente fria associada \u00e0 passagem de um ciclone extratropical mant\u00e9m chuvas e trovoadas no Sudeste e sul do Nordeste nesta quarta-feira (2), informa o Instituto Nacional de Meteorologia (Inmet). No Centro-Oeste tamb\u00e9m h\u00e1 previs\u00e3o de chuvas isoladas. No Centro-Oeste do pa\u00eds, as \u00e1reas de instabilidade levam chuva isolada ao Mato Grosso, centro-norte &hellip;\" \/>\n<meta property=\"og:url\" content=\"https:\/\/agenciabrasil.ebc.com.br\/meio-ambiente\/noticia\/2026-09\/quarta-feira-e-de-chuvas-no-sudeste-centro-oeste-e-sul-do-nordeste\" \/>\n<meta property=\"og:site_name\" content=\"MRNews\" \/>\n<meta property=\"article:publisher\" content=\"https:\/\/www.facebook.com\/eaipahpah\/?locale2=pt_BR\" \/>\n<meta property=\"article:published_time\" content=\"2026-09-02T12:07:27+00:00\" \/>\n<meta name=\"author\" content=\"Fernando Corraa\" \/>\n<meta name=\"twitter:card\" content=\"summary_large_image\" \/>\n<meta name=\"twitter:creator\" content=\"@conspirou\" \/>\n<meta name=\"twitter:site\" content=\"@conspirou\" \/>\n<meta name=\"twitter:label1\" content=\"Escrito por\" \/>\n\t<meta name=\"twitter:data1\" content=\"Fernando Corraa\" \/>\n\t<meta name=\"twitter:label2\" content=\"Est. tempo de leitura\" \/>\n\t<meta name=\"twitter:data2\" content=\"2 minutos\" \/>\n<script type=\"application\/ld+json\" class=\"yoast-schema-graph\">{\"@context\":\"https:\\\/\\\/schema.org\",\"@graph\":[{\"@type\":\"Article\",\"@id\":\"https:\\\/\\\/agenciabrasil.ebc.com.br\\\/meio-ambiente\\\/noticia\\\/2026-09\\\/quarta-feira-e-de-chuvas-no-sudeste-centro-oeste-e-sul-do-nordeste#article\",\"isPartOf\":{\"@id\":\"https:\\\/\\\/mrnews.com.br\\\/index.php\\\/2026\\\/09\\\/02\\\/quarta-feira-e-de-chuvas-no-sudeste-centro-oeste-e-sul-do-nordeste\\\/\"},\"author\":{\"name\":\"Fernando Corraa\",\"@id\":\"https:\\\/\\\/mrnews.com.br\\\/#\\\/schema\\\/person\\\/2f073f2d87903a2ff9a065e41bbf17d4\"},\"headline\":\"Quarta-feira \u00e9 de chuvas no Sudeste, Centro-Oeste e sul do Nordeste\",\"datePublished\":\"2026-09-02T12:07:27+00:00\",\"mainEntityOfPage\":{\"@id\":\"https:\\\/\\\/mrnews.com.br\\\/index.php\\\/2026\\\/09\\\/02\\\/quarta-feira-e-de-chuvas-no-sudeste-centro-oeste-e-sul-do-nordeste\\\/\"},\"wordCount\":475,\"commentCount\":0,\"publisher\":{\"@id\":\"https:\\\/\\\/mrnews.com.br\\\/#organization\"},\"articleSection\":[\"SERVI\u00c7OS\"],\"inLanguage\":\"pt-BR\",\"potentialAction\":[{\"@type\":\"CommentAction\",\"name\":\"Comment\",\"target\":[\"https:\\\/\\\/agenciabrasil.ebc.com.br\\\/meio-ambiente\\\/noticia\\\/2026-09\\\/quarta-feira-e-de-chuvas-no-sudeste-centro-oeste-e-sul-do-nordeste#respond\"]}]},{\"@type\":\"WebPage\",\"@id\":\"https:\\\/\\\/mrnews.com.br\\\/index.php\\\/2026\\\/09\\\/02\\\/quarta-feira-e-de-chuvas-no-sudeste-centro-oeste-e-sul-do-nordeste\\\/\",\"url\":\"https:\\\/\\\/agenciabrasil.ebc.com.br\\\/meio-ambiente\\\/noticia\\\/2026-09\\\/quarta-feira-e-de-chuvas-no-sudeste-centro-oeste-e-sul-do-nordeste\",\"name\":\"Quarta-feira \u00e9 de chuvas no Sudeste, Centro-Oeste e sul do Nordeste\",\"isPartOf\":{\"@id\":\"https:\\\/\\\/mrnews.com.br\\\/#website\"},\"datePublished\":\"2026-09-02T12:07:27+00:00\",\"breadcrumb\":{\"@id\":\"https:\\\/\\\/agenciabrasil.ebc.com.br\\\/meio-ambiente\\\/noticia\\\/2026-09\\\/quarta-feira-e-de-chuvas-no-sudeste-centro-oeste-e-sul-do-nordeste#breadcrumb\"},\"inLanguage\":\"pt-BR\",\"potentialAction\":[{\"@type\":\"ReadAction\",\"target\":[\"https:\\\/\\\/agenciabrasil.ebc.com.br\\\/meio-ambiente\\\/noticia\\\/2026-09\\\/quarta-feira-e-de-chuvas-no-sudeste-centro-oeste-e-sul-do-nordeste\"]}]},{\"@type\":\"BreadcrumbList\",\"@id\":\"https:\\\/\\\/agenciabrasil.ebc.com.br\\\/meio-ambiente\\\/noticia\\\/2026-09\\\/quarta-feira-e-de-chuvas-no-sudeste-centro-oeste-e-sul-do-nordeste#breadcrumb\",\"itemListElement\":[{\"@type\":\"ListItem\",\"position\":1,\"name\":\"In\u00edcio\",\"item\":\"https:\\\/\\\/mrnews.com.br\\\/\"},{\"@type\":\"ListItem\",\"position\":2,\"name\":\"Quarta-feira \u00e9 de chuvas no Sudeste, Centro-Oeste e sul do Nordeste\"}]},{\"@type\":\"WebSite\",\"@id\":\"https:\\\/\\\/mrnews.com.br\\\/#website\",\"url\":\"https:\\\/\\\/mrnews.com.br\\\/\",\"name\":\"MRNews\",\"description\":\"MRNews Jogos de hoje da TV, transmiss\u00f5es ao vivo, Not\u00edcias de futebol, Jogos ao vivo, Lives, resumo de novelas, Programa\u00e7\u00e3o da Globo, A Fazenda e BBB\",\"publisher\":{\"@id\":\"https:\\\/\\\/mrnews.com.br\\\/#organization\"},\"potentialAction\":[{\"@type\":\"SearchAction\",\"target\":{\"@type\":\"EntryPoint\",\"urlTemplate\":\"https:\\\/\\\/mrnews.com.br\\\/?s={search_term_string}\"},\"query-input\":{\"@type\":\"PropertyValueSpecification\",\"valueRequired\":true,\"valueName\":\"search_term_string\"}}],\"inLanguage\":\"pt-BR\"},{\"@type\":\"Organization\",\"@id\":\"https:\\\/\\\/mrnews.com.br\\\/#organization\",\"name\":\"MRNews\",\"url\":\"https:\\\/\\\/mrnews.com.br\\\/\",\"logo\":{\"@type\":\"ImageObject\",\"inLanguage\":\"pt-BR\",\"@id\":\"https:\\\/\\\/mrnews.com.br\\\/#\\\/schema\\\/logo\\\/image\\\/\",\"url\":\"https:\\\/\\\/mrnews.com.br\\\/wp-content\\\/uploads\\\/2026\\\/08\\\/MRNEws.png\",\"contentUrl\":\"https:\\\/\\\/mrnews.com.br\\\/wp-content\\\/uploads\\\/2026\\\/08\\\/MRNEws.png\",\"width\":1254,\"height\":1254,\"caption\":\"MRNews\"},\"image\":{\"@id\":\"https:\\\/\\\/mrnews.com.br\\\/#\\\/schema\\\/logo\\\/image\\\/\"},\"sameAs\":[\"https:\\\/\\\/www.facebook.com\\\/eaipahpah\\\/?locale2=pt_BR\",\"https:\\\/\\\/x.com\\\/conspirou\",\"https:\\\/\\\/www.instagram.com\\\/eai_pahpah\",\"https:\\\/\\\/br.pinterest.com\\\/mrnewsn\\\/boards\\\/\",\"https:\\\/\\\/www.youtube.com\\\/channel\\\/UCacgnpznQ61fifLWr1tQ-vA?view_as=subscriber\"]},{\"@type\":\"Person\",\"@id\":\"https:\\\/\\\/mrnews.com.br\\\/#\\\/schema\\\/person\\\/2f073f2d87903a2ff9a065e41bbf17d4\",\"name\":\"Fernando Corraa\",\"image\":{\"@type\":\"ImageObject\",\"inLanguage\":\"pt-BR\",\"@id\":\"https:\\\/\\\/secure.gravatar.com\\\/avatar\\\/9069acb0e588c9f4346ba747284aef18a5faaab575e89e9ccc64e315003f0b82?s=96&d=monsterid&r=g\",\"url\":\"https:\\\/\\\/secure.gravatar.com\\\/avatar\\\/9069acb0e588c9f4346ba747284aef18a5faaab575e89e9ccc64e315003f0b82?s=96&d=monsterid&r=g\",\"contentUrl\":\"https:\\\/\\\/secure.gravatar.com\\\/avatar\\\/9069acb0e588c9f4346ba747284aef18a5faaab575e89e9ccc64e315003f0b82?s=96&d=monsterid&r=g\",\"caption\":\"Fernando Corraa\"},\"url\":\"https:\\\/\\\/mrnews.com.br\\\/index.php\\\/author\\\/fernando-corraa\\\/\"}]}<\/script>\n<!-- \/ Yoast SEO plugin. -->","yoast_head_json":{"title":"Quarta-feira \u00e9 de chuvas no Sudeste, Centro-Oeste e sul do Nordeste","robots":{"index":"index","follow":"follow","max-snippet":"max-snippet:-1","max-image-preview":"max-image-preview:large","max-video-preview":"max-video-preview:-1"},"canonical":"https:\/\/agenciabrasil.ebc.com.br\/meio-ambiente\/noticia\/2026-09\/quarta-feira-e-de-chuvas-no-sudeste-centro-oeste-e-sul-do-nordeste","og_locale":"pt_BR","og_type":"article","og_title":"Quarta-feira \u00e9 de chuvas no Sudeste, Centro-Oeste e sul do Nordeste","og_description":"Por EBC, Uma frente fria associada \u00e0 passagem de um ciclone extratropical mant\u00e9m chuvas e trovoadas no Sudeste e sul do Nordeste nesta quarta-feira (2), informa o Instituto Nacional de Meteorologia (Inmet). No Centro-Oeste tamb\u00e9m h\u00e1 previs\u00e3o de chuvas isoladas. No Centro-Oeste do pa\u00eds, as \u00e1reas de instabilidade levam chuva isolada ao Mato Grosso, centro-norte &hellip;","og_url":"https:\/\/agenciabrasil.ebc.com.br\/meio-ambiente\/noticia\/2026-09\/quarta-feira-e-de-chuvas-no-sudeste-centro-oeste-e-sul-do-nordeste","og_site_name":"MRNews","article_publisher":"https:\/\/www.facebook.com\/eaipahpah\/?locale2=pt_BR","article_published_time":"2026-09-02T12:07:27+00:00","author":"Fernando Corraa","twitter_card":"summary_large_image","twitter_creator":"@conspirou","twitter_site":"@conspirou","twitter_misc":{"Escrito por":"Fernando Corraa","Est. tempo de leitura":"2 minutos"},"schema":{"@context":"https:\/\/schema.org","@graph":[{"@type":"Article","@id":"https:\/\/agenciabrasil.ebc.com.br\/meio-ambiente\/noticia\/2026-09\/quarta-feira-e-de-chuvas-no-sudeste-centro-oeste-e-sul-do-nordeste#article","isPartOf":{"@id":"https:\/\/mrnews.com.br\/index.php\/2026\/09\/02\/quarta-feira-e-de-chuvas-no-sudeste-centro-oeste-e-sul-do-nordeste\/"},"author":{"name":"Fernando Corraa","@id":"https:\/\/mrnews.com.br\/#\/schema\/person\/2f073f2d87903a2ff9a065e41bbf17d4"},"headline":"Quarta-feira \u00e9 de chuvas no Sudeste, Centro-Oeste e sul do Nordeste","datePublished":"2026-09-02T12:07:27+00:00","mainEntityOfPage":{"@id":"https:\/\/mrnews.com.br\/index.php\/2026\/09\/02\/quarta-feira-e-de-chuvas-no-sudeste-centro-oeste-e-sul-do-nordeste\/"},"wordCount":475,"commentCount":0,"publisher":{"@id":"https:\/\/mrnews.com.br\/#organization"},"articleSection":["SERVI\u00c7OS"],"inLanguage":"pt-BR","potentialAction":[{"@type":"CommentAction","name":"Comment","target":["https:\/\/agenciabrasil.ebc.com.br\/meio-ambiente\/noticia\/2026-09\/quarta-feira-e-de-chuvas-no-sudeste-centro-oeste-e-sul-do-nordeste#respond"]}]},{"@type":"WebPage","@id":"https:\/\/mrnews.com.br\/index.php\/2026\/09\/02\/quarta-feira-e-de-chuvas-no-sudeste-centro-oeste-e-sul-do-nordeste\/","url":"https:\/\/agenciabrasil.ebc.com.br\/meio-ambiente\/noticia\/2026-09\/quarta-feira-e-de-chuvas-no-sudeste-centro-oeste-e-sul-do-nordeste","name":"Quarta-feira \u00e9 de chuvas no Sudeste, Centro-Oeste e sul do Nordeste","isPartOf":{"@id":"https:\/\/mrnews.com.br\/#website"},"datePublished":"2026-09-02T12:07:27+00:00","breadcrumb":{"@id":"https:\/\/agenciabrasil.ebc.com.br\/meio-ambiente\/noticia\/2026-09\/quarta-feira-e-de-chuvas-no-sudeste-centro-oeste-e-sul-do-nordeste#breadcrumb"},"inLanguage":"pt-BR","potentialAction":[{"@type":"ReadAction","target":["https:\/\/agenciabrasil.ebc.com.br\/meio-ambiente\/noticia\/2026-09\/quarta-feira-e-de-chuvas-no-sudeste-centro-oeste-e-sul-do-nordeste"]}]},{"@type":"BreadcrumbList","@id":"https:\/\/agenciabrasil.ebc.com.br\/meio-ambiente\/noticia\/2026-09\/quarta-feira-e-de-chuvas-no-sudeste-centro-oeste-e-sul-do-nordeste#breadcrumb","itemListElement":[{"@type":"ListItem","position":1,"name":"In\u00edcio","item":"https:\/\/mrnews.com.br\/"},{"@type":"ListItem","position":2,"name":"Quarta-feira \u00e9 de chuvas no Sudeste, Centro-Oeste e sul do Nordeste"}]},{"@type":"WebSite","@id":"https:\/\/mrnews.com.br\/#website","url":"https:\/\/mrnews.com.br\/","name":"MRNews","description":"MRNews Jogos de hoje da TV, transmiss\u00f5es ao vivo, Not\u00edcias de futebol, Jogos ao vivo, Lives, resumo de novelas, Programa\u00e7\u00e3o da Globo, A Fazenda e BBB","publisher":{"@id":"https:\/\/mrnews.com.br\/#organization"},"potentialAction":[{"@type":"SearchAction","target":{"@type":"EntryPoint","urlTemplate":"https:\/\/mrnews.com.br\/?s={search_term_string}"},"query-input":{"@type":"PropertyValueSpecification","valueRequired":true,"valueName":"search_term_string"}}],"inLanguage":"pt-BR"},{"@type":"Organization","@id":"https:\/\/mrnews.com.br\/#organization","name":"MRNews","url":"https:\/\/mrnews.com.br\/","logo":{"@type":"ImageObject","inLanguage":"pt-BR","@id":"https:\/\/mrnews.com.br\/#\/schema\/logo\/image\/","url":"https:\/\/mrnews.com.br\/wp-content\/uploads\/2026\/08\/MRNEws.png","contentUrl":"https:\/\/mrnews.com.br\/wp-content\/uploads\/2026\/08\/MRNEws.png","width":1254,"height":1254,"caption":"MRNews"},"image":{"@id":"https:\/\/mrnews.com.br\/#\/schema\/logo\/image\/"},"sameAs":["https:\/\/www.facebook.com\/eaipahpah\/?locale2=pt_BR","https:\/\/x.com\/conspirou","https:\/\/www.instagram.com\/eai_pahpah","https:\/\/br.pinterest.com\/mrnewsn\/boards\/","https:\/\/www.youtube.com\/channel\/UCacgnpznQ61fifLWr1tQ-vA?view_as=subscriber"]},{"@type":"Person","@id":"https:\/\/mrnews.com.br\/#\/schema\/person\/2f073f2d87903a2ff9a065e41bbf17d4","name":"Fernando Corraa","image":{"@type":"ImageObject","inLanguage":"pt-BR","@id":"https:\/\/secure.gravatar.com\/avatar\/9069acb0e588c9f4346ba747284aef18a5faaab575e89e9ccc64e315003f0b82?s=96&d=monsterid&r=g","url":"https:\/\/secure.gravatar.com\/avatar\/9069acb0e588c9f4346ba747284aef18a5faaab575e89e9ccc64e315003f0b82?s=96&d=monsterid&r=g","contentUrl":"https:\/\/secure.gravatar.com\/avatar\/9069acb0e588c9f4346ba747284aef18a5faaab575e89e9ccc64e315003f0b82?s=96&d=monsterid&r=g","caption":"Fernando Corraa"},"url":"https:\/\/mrnews.com.br\/index.php\/author\/fernando-corraa\/"}]}},"jetpack_sharing_enabled":true,"jetpack_shortlink":"https:\/\/wp.me\/pa2Qf7-1Xf8","amp_enabled":true,"jetpack_featured_media_url":"","_links":{"self":[{"href":"https:\/\/mrnews.com.br\/index.php\/wp-json\/wp\/v2\/posts\/466062","targetHints":{"allow":["GET"]}}],"collection":[{"href":"https:\/\/mrnews.com.br\/index.php\/wp-json\/wp\/v2\/posts"}],"about":[{"href":"https:\/\/mrnews.com.br\/index.php\/wp-json\/wp\/v2\/types\/post"}],"author":[{"embeddable":true,"href":"https:\/\/mrnews.com.br\/index.php\/wp-json\/wp\/v2\/users\/39"}],"replies":[{"embeddable":true,"href":"https:\/\/mrnews.com.br\/index.php\/wp-json\/wp\/v2\/comments?post=466062"}],"version-history":[{"count":0,"href":"https:\/\/mrnews.com.br\/index.php\/wp-json\/wp\/v2\/posts\/466062\/revisions"}],"wp:attachment":[{"href":"https:\/\/mrnews.com.br\/index.php\/wp-json\/wp\/v2\/media?parent=466062"}],"wp:term":[{"taxonomy":"category","embeddable":true,"href":"https:\/\/mrnews.com.br\/index.php\/wp-json\/wp\/v2\/categories?post=466062"},{"taxonomy":"post_tag","embeddable":true,"href":"https:\/\/mrnews.com.br\/index.php\/wp-json\/wp\/v2\/tags?post=466062"}],"curies":[{"name":"wp","href":"https:\/\/api.w.org\/{rel}","templated":true}]}}