{"id":466065,"date":"2026-09-02T10:31:29","date_gmt":"2026-09-02T13:31:29","guid":{"rendered":"https:\/\/mrnews.com.br\/index.php\/2026\/09\/02\/livro-inspirado-na-trajetoria-de-helena-theodoro-sera-lancado-no-rio\/"},"modified":"2026-09-02T10:31:29","modified_gmt":"2026-09-02T13:31:29","slug":"livro-inspirado-na-trajetoria-de-helena-theodoro-sera-lancado-no-rio","status":"publish","type":"post","link":"https:\/\/mrnews.com.br\/index.php\/2026\/09\/02\/livro-inspirado-na-trajetoria-de-helena-theodoro-sera-lancado-no-rio\/","title":{"rendered":"Livro inspirado na trajet\u00f3ria de Helena Theodoro ser\u00e1 lan\u00e7ado no Rio"},"content":{"rendered":"<p>Por EBC, <\/p>\n<div>\n<p>O lan\u00e7amento da biografia Dona Helena Theodoro \u2014 Uma Tia Negra da Filosofia Popular Brasileira, na Biblioteca Parque Estadual (BPE), nesta quarta-feira (2), vai trazer o\u00a0encontro da\u00a0professora e da aluna, que t\u00eam em comum a admira\u00e7\u00e3o pela jornada uma da outra.<\/p>\n<p>Por meio da trajet\u00f3ria da professora Helena Theodoro, uma lideran\u00e7a na defesa da inclus\u00e3o dos saberes africanos, afro-brasileiros e ind\u00edgenas nas universidades, a aluna Carla Rocha apresenta a hist\u00f3ria das chamadas Tias Negras, mulheres reconhecidas pelas suas atua\u00e7\u00f5es de acolhimento da coletividade e de preserva\u00e7\u00e3o da mem\u00f3ria das suas comunidades.<\/p>\n<p><strong>\u201cNo mundo africano \u00e9 o Bantu [princ\u00edpio ancestral africano], \u2018eu sou, porque n\u00f3s somos. Eu existo, logo penso, e n\u00e3o penso, logo existo\u2019. N\u00f3s temos ancestralidade\u201d, citou a professora, em entrevista \u00e0 Ag\u00eancia Brasil, para exemplificar o que \u00e9 o acolhimento da coletividade na comunidade negra.<\/strong><\/p>\n<blockquote>\n<p>\u201cEla tem um vigor fant\u00e1stico e n\u00e3o \u00e9 uma pessoa que busca ser absoluta. Ela quer empoderar todas as pessoas. Quer todo mundo junto com ela, n\u00e3o quer atr\u00e1s dela. Ela d\u00e1 a m\u00e3o para todo mundo\u201d, disse Carla em entrevista \u00e0 <strong>Ag\u00eancia Brasil<\/strong>.<\/p>\n<\/blockquote>\n<p><strong>Para Carla, ser orientada por Helena Theodoro, que est\u00e1 viva, e assistir a aulas dela h\u00e1 mais 30\u00a0anos \u00e9 um diferencial. \u201cN\u00e3o tenho capacidade de dizer o quanto \u00e9 grandioso\u201d, completou.<\/strong><\/p>\n<p>\u201cHelena est\u00e1 aqui e a possibilidade de estar com ela \u00e9 gigante. \u00c9 uma mulher de muita for\u00e7a. Tem 83 anos e sai para dar aula, tem evento quase todo dia. Eu falo \u2018dona Helena, \u00e0s vezes fico cansada s\u00f3 de lhe ver. De manh\u00e3, a senhora est\u00e1 no Rio, \u00e0\u00a0tarde em S\u00e3o Paulo e \u00e0 noite j\u00e1 est\u00e1 em casa de volta\u2019\u201d, disse Carla sorrindo.<\/p>\n<p><strong>\u201cEla sempre esteve na luta, atuante junto ao povo negro do Brasil e\u00a0buscando refer\u00eancia em viagens a pa\u00edses africanos e em outros como convidada, por saberem que aqui tinha essa mulher\u201d, acrescentou a aluna.<\/strong><\/p>\n<p><strong>A publica\u00e7\u00e3o \u00e9 resultado de uma tese de mestrado de Carla no Programa de P\u00f3s-Gradua\u00e7\u00e3o em Filosofia da Universidade Federal do Rio de Janeiro (UFRJ).<\/strong> A ideia de escolher Helena Theodoro para contar o que representam essas mulheres fortes foi do professor Rafael Haddock-Lobo, que era o orientador da aluna, junto com o coorientador, Marcelo Derzi Moraes.<\/p>\n<p>A professora, que sempre teve aproxima\u00e7\u00e3o muito grande com seus alunos e, com frequ\u00eancia, contava sobre sua participa\u00e7\u00e3o nesse processo de milit\u00e2ncia, ao ser convidada por Rafael para participar da banca do mestrado de Carla, n\u00e3o sabia qual era o tema do trabalho.<\/p>\n<p>\u201cEu n\u00e3o sabia o que ela estava fazendo como tema da tese, mas sabia que estava trabalhando na linha de filosofia popular brasileira, que \u00e9 o que eu trato no sentido de filosofias africanas e ind\u00edgena estarem na universidade na medida em que os povos origin\u00e1rios e a comunidade negra s\u00e3o muito anteriores ao pensamento europeu\u201d, relatou.<\/p>\n<p>\u201cQuando chego \u00e0\u00a0banca e ele me entrega a tese, come\u00e7o a chorar. \u2018Como voc\u00ea faz isso comigo?\u2019. Foi assim encantador. Muita emo\u00e7\u00e3o\u201d, confessou a primeira mulher negra a ter uma tese de doutorado em filosofia africana, o que ocorreu em 1985. Em 1975 tinha conclu\u00eddo um mestrado.<\/p>\n<p><strong>Carla, que agora est\u00e1 fazendo doutorado, conta tamb\u00e9m com Helena Theodoro como orientadora, o que j\u00e1 tinha ocorrido no mestrado. A professora destacou que o livro trata muito da sua participa\u00e7\u00e3o efetiva na valoriza\u00e7\u00e3o da comunidade negra e da import\u00e2ncia do conhecimento,\u00a0e n\u00e3o \u00e9 uma biografia dela.<\/strong><\/p>\n<blockquote>\n<p>\u201c\u00c9 um estudo de pensamentos filos\u00f3ficos e de maneira de atua\u00e7\u00e3o. Fiquei muito feliz porque n\u00e3o \u00e9 uma coisa presa \u00e0 minha vida. \u00c9 um pensamento que venho buscando desde que fiz doutorado\u201d.<\/p>\n<\/blockquote>\n<p>Naquele momento, a professora estava com um n\u00famero alto de participa\u00e7\u00e3o em bancas. S\u00f3 no ano passado\u00a0foram 32, porque era a \u00fanica professora p\u00f3s-doc em filosofia africana e a \u00fanica negra do departamento de filosofia da UFRJ.<\/p>\n<p>\u201cEu tenho 83 anos de idade e continuo na milit\u00e2ncia, escrevendo e trabalhando porque os meus pais eram militantes. Os meus pais tinham curso superior e aglutinavam a fam\u00edlia. Meu pai dizia que a minha m\u00e3e e as irm\u00e3s dela formavam a m\u00e1fia do bem, porque tudo era coletivo\u201d, afirmou.<\/p>\n<p>Na lembran\u00e7a est\u00e3o todos os anivers\u00e1rios da fam\u00edlia comemorados na casa da sua Tia Alice, no bairro da Tijuca, zona norte do Rio, chegando a ter 94 pessoas presentes. A exce\u00e7\u00e3o era o Natal, que reunia a fam\u00edlia na casa da Tia Concei\u00e7\u00e3o, quituteira, na Ilha do Governador, tamb\u00e9m zona norte da cidade.<\/p>\n<blockquote>\n<p>\u201cA gente aprendeu a se amar, a se gostar, a se aglutinar. Sempre foi a vis\u00e3o do Buntu \u2019eu sou porque n\u00f3s somos\u2019\u201d, disse.<\/p>\n<\/blockquote>\n<p>A vida teve tamb\u00e9m momentos dif\u00edceis como a morte, em 1981, do filho Maur\u00edcio aos 4 anos que teve com o ex-marido Nei Lopes, escritor, cantor, compositor e pesquisador das culturas africanas. Na \u00e9poca, teve apoio de diversos representantes da comunidade negra e de integrantes de terreiros.<\/p>\n<p>\u201cEu fui muito amparada pelo Il\u00ea Ax\u00e9 Op\u00f4 Afonj\u00e1 [ terreiro de candombl\u00e9], pelo mestre Didi e todo o pessoal. Acho que se\u00a0n\u00e3o tivesse esse tipo de apoio, n\u00e3o teria conseguido superar. Me fizeram, com 15\u00a0dias, voltar para a escola e\u00a0dar aula\u201d, contou.<\/p>\n<p>A Biblioteca Parque Estadual (BPE) \u00e9 um equipamento da Secretaria de Estado de Cultura e Economia Criativa do Rio de Janeiro (Secec-RJ), \u201cdedicado \u00e0 democratiza\u00e7\u00e3o do acesso ao livro, \u00e0 leitura e \u00e0 literatura\u201d.<\/p>\n<p><strong>O encontro come\u00e7ar\u00e1 \u00e0s 14h e seguir\u00e1 at\u00e9 \u00e0s 17h. Al\u00e9m de Helena Theodoro, ter\u00e1 a participa\u00e7\u00e3o dos professores Rafael Haddock-Lobo (UFRJ), Marcelo Jos\u00e9 Derzi Moraes (UERJ) e Mariane Biteti (UERJ).<\/strong><\/p>\n<p>Nascida no Rio de Janeiro, Carla Rocha foi criada no conjunto habitacional do Ipase\u00a0[Instituto de Previd\u00eancia e Assist\u00eancia dos Servidores do Estado, extinta autarquia federal] , em Vicente de Carvalho, na zona norte da capital. Al\u00e9m da licenciatura em filosofia, \u00e9 formada em jornalismo e especializada em assessoria de comunica\u00e7\u00e3o e gest\u00e3o de neg\u00f3cios sustent\u00e1veis.<\/p>\n<p><strong>Mestre e doutoranda em filosofia pelo Laborat\u00f3rio Encruzilhadas Filos\u00f3ficas, do Programa de P\u00f3s-Gradua\u00e7\u00e3o em Filosofia da Universidade Federal do Rio, \u00e9 autora de ensaios e contos pelo selo da Festa Liter\u00e1ria das Periferias (Flup) e integra o coletivo Mulheres Sambistas.<\/strong><\/p>\n<p>A biografia Dona Helena Theodoro \u2014 Uma Tia Negra da Filosofia Popular Brasileira, de acordo com a Biblioteca Parque Estadual, \u2018tamb\u00e9m re\u00fane textos de Rafael Haddock-Lobo, respons\u00e1vel pela orelha; Mariane Biteti, autora do pref\u00e1cio; Marcelo Jos\u00e9 Derzi Moraes, que assina a apresenta\u00e7\u00e3o; e Helena Theodoro, respons\u00e1vel pelo posf\u00e1cio\u2019.<\/p>\n<p>      <!-- Relacionada --><br \/>\n            <!-- Relacionada -->\n    <\/div>\n","protected":false},"excerpt":{"rendered":"<p>Por EBC, O lan\u00e7amento da biografia Dona Helena Theodoro \u2014 Uma Tia Negra da Filosofia Popular Brasileira, na Biblioteca Parque Estadual (BPE), nesta quarta-feira (2), vai trazer o\u00a0encontro da\u00a0professora e da aluna, que t\u00eam em comum a admira\u00e7\u00e3o pela jornada uma da outra. Por meio da trajet\u00f3ria da professora Helena Theodoro, uma lideran\u00e7a na defesa &hellip;<\/p>\n","protected":false},"author":39,"featured_media":0,"comment_status":"open","ping_status":"open","sticky":false,"template":"","format":"standard","meta":{"_jetpack_newsletter_access":"","_jetpack_dont_email_post_to_subs":false,"_jetpack_newsletter_tier_id":0,"_jetpack_memberships_contains_paywalled_content":false,"_jetpack_feature_clip_id":0,"_jetpack_memberships_contains_paid_content":false,"footnotes":"","jetpack_post_was_ever_published":false},"categories":[4],"tags":[],"class_list":["post-466065","post","type-post","status-publish","format-standard","hentry","category-servicos"],"yoast_head":"<!-- This site is optimized with the Yoast SEO plugin v28.4 - https:\/\/yoast.com\/product\/yoast-seo-wordpress\/ -->\n<title>Livro inspirado na trajet\u00f3ria de Helena Theodoro ser\u00e1 lan\u00e7ado no Rio<\/title>\n<meta name=\"robots\" content=\"index, follow, max-snippet:-1, max-image-preview:large, max-video-preview:-1\" \/>\n<link rel=\"canonical\" href=\"https:\/\/agenciabrasil.ebc.com.br\/cultura\/noticia\/2026-09\/livro-inspirado-na-trajetoria-de-helena-theodoro-sera-lancado-no-rio\" \/>\n<meta property=\"og:locale\" content=\"pt_BR\" \/>\n<meta property=\"og:type\" content=\"article\" \/>\n<meta property=\"og:title\" content=\"Livro inspirado na trajet\u00f3ria de Helena Theodoro ser\u00e1 lan\u00e7ado no Rio\" \/>\n<meta property=\"og:description\" content=\"Por EBC, O lan\u00e7amento da biografia Dona Helena Theodoro \u2014 Uma Tia Negra da Filosofia Popular Brasileira, na Biblioteca Parque Estadual (BPE), nesta quarta-feira (2), vai trazer o\u00a0encontro da\u00a0professora e da aluna, que t\u00eam em comum a admira\u00e7\u00e3o pela jornada uma da outra. Por meio da trajet\u00f3ria da professora Helena Theodoro, uma lideran\u00e7a na defesa &hellip;\" \/>\n<meta property=\"og:url\" content=\"https:\/\/agenciabrasil.ebc.com.br\/cultura\/noticia\/2026-09\/livro-inspirado-na-trajetoria-de-helena-theodoro-sera-lancado-no-rio\" \/>\n<meta property=\"og:site_name\" content=\"MRNews\" \/>\n<meta property=\"article:publisher\" content=\"https:\/\/www.facebook.com\/eaipahpah\/?locale2=pt_BR\" \/>\n<meta property=\"article:published_time\" content=\"2026-09-02T13:31:29+00:00\" \/>\n<meta name=\"author\" content=\"Fernando Corraa\" \/>\n<meta name=\"twitter:card\" content=\"summary_large_image\" \/>\n<meta name=\"twitter:creator\" content=\"@conspirou\" \/>\n<meta name=\"twitter:site\" content=\"@conspirou\" \/>\n<meta name=\"twitter:label1\" content=\"Escrito por\" \/>\n\t<meta name=\"twitter:data1\" content=\"Fernando Corraa\" \/>\n\t<meta name=\"twitter:label2\" content=\"Est. tempo de leitura\" \/>\n\t<meta name=\"twitter:data2\" content=\"6 minutos\" \/>\n<script type=\"application\/ld+json\" class=\"yoast-schema-graph\">{\"@context\":\"https:\\\/\\\/schema.org\",\"@graph\":[{\"@type\":\"Article\",\"@id\":\"https:\\\/\\\/agenciabrasil.ebc.com.br\\\/cultura\\\/noticia\\\/2026-09\\\/livro-inspirado-na-trajetoria-de-helena-theodoro-sera-lancado-no-rio#article\",\"isPartOf\":{\"@id\":\"https:\\\/\\\/mrnews.com.br\\\/index.php\\\/2026\\\/09\\\/02\\\/livro-inspirado-na-trajetoria-de-helena-theodoro-sera-lancado-no-rio\\\/\"},\"author\":{\"name\":\"Fernando Corraa\",\"@id\":\"https:\\\/\\\/mrnews.com.br\\\/#\\\/schema\\\/person\\\/2f073f2d87903a2ff9a065e41bbf17d4\"},\"headline\":\"Livro inspirado na trajet\u00f3ria de Helena Theodoro ser\u00e1 lan\u00e7ado no Rio\",\"datePublished\":\"2026-09-02T13:31:29+00:00\",\"mainEntityOfPage\":{\"@id\":\"https:\\\/\\\/mrnews.com.br\\\/index.php\\\/2026\\\/09\\\/02\\\/livro-inspirado-na-trajetoria-de-helena-theodoro-sera-lancado-no-rio\\\/\"},\"wordCount\":1141,\"commentCount\":0,\"publisher\":{\"@id\":\"https:\\\/\\\/mrnews.com.br\\\/#organization\"},\"articleSection\":[\"SERVI\u00c7OS\"],\"inLanguage\":\"pt-BR\",\"potentialAction\":[{\"@type\":\"CommentAction\",\"name\":\"Comment\",\"target\":[\"https:\\\/\\\/agenciabrasil.ebc.com.br\\\/cultura\\\/noticia\\\/2026-09\\\/livro-inspirado-na-trajetoria-de-helena-theodoro-sera-lancado-no-rio#respond\"]}]},{\"@type\":\"WebPage\",\"@id\":\"https:\\\/\\\/mrnews.com.br\\\/index.php\\\/2026\\\/09\\\/02\\\/livro-inspirado-na-trajetoria-de-helena-theodoro-sera-lancado-no-rio\\\/\",\"url\":\"https:\\\/\\\/agenciabrasil.ebc.com.br\\\/cultura\\\/noticia\\\/2026-09\\\/livro-inspirado-na-trajetoria-de-helena-theodoro-sera-lancado-no-rio\",\"name\":\"Livro inspirado na trajet\u00f3ria de Helena Theodoro ser\u00e1 lan\u00e7ado no Rio\",\"isPartOf\":{\"@id\":\"https:\\\/\\\/mrnews.com.br\\\/#website\"},\"datePublished\":\"2026-09-02T13:31:29+00:00\",\"breadcrumb\":{\"@id\":\"https:\\\/\\\/agenciabrasil.ebc.com.br\\\/cultura\\\/noticia\\\/2026-09\\\/livro-inspirado-na-trajetoria-de-helena-theodoro-sera-lancado-no-rio#breadcrumb\"},\"inLanguage\":\"pt-BR\",\"potentialAction\":[{\"@type\":\"ReadAction\",\"target\":[\"https:\\\/\\\/agenciabrasil.ebc.com.br\\\/cultura\\\/noticia\\\/2026-09\\\/livro-inspirado-na-trajetoria-de-helena-theodoro-sera-lancado-no-rio\"]}]},{\"@type\":\"BreadcrumbList\",\"@id\":\"https:\\\/\\\/agenciabrasil.ebc.com.br\\\/cultura\\\/noticia\\\/2026-09\\\/livro-inspirado-na-trajetoria-de-helena-theodoro-sera-lancado-no-rio#breadcrumb\",\"itemListElement\":[{\"@type\":\"ListItem\",\"position\":1,\"name\":\"In\u00edcio\",\"item\":\"https:\\\/\\\/mrnews.com.br\\\/\"},{\"@type\":\"ListItem\",\"position\":2,\"name\":\"Livro inspirado na trajet\u00f3ria de Helena Theodoro ser\u00e1 lan\u00e7ado no Rio\"}]},{\"@type\":\"WebSite\",\"@id\":\"https:\\\/\\\/mrnews.com.br\\\/#website\",\"url\":\"https:\\\/\\\/mrnews.com.br\\\/\",\"name\":\"MRNews\",\"description\":\"MRNews Jogos de hoje da TV, transmiss\u00f5es ao vivo, Not\u00edcias de futebol, Jogos ao vivo, Lives, resumo de novelas, Programa\u00e7\u00e3o da Globo, A Fazenda e BBB\",\"publisher\":{\"@id\":\"https:\\\/\\\/mrnews.com.br\\\/#organization\"},\"potentialAction\":[{\"@type\":\"SearchAction\",\"target\":{\"@type\":\"EntryPoint\",\"urlTemplate\":\"https:\\\/\\\/mrnews.com.br\\\/?s={search_term_string}\"},\"query-input\":{\"@type\":\"PropertyValueSpecification\",\"valueRequired\":true,\"valueName\":\"search_term_string\"}}],\"inLanguage\":\"pt-BR\"},{\"@type\":\"Organization\",\"@id\":\"https:\\\/\\\/mrnews.com.br\\\/#organization\",\"name\":\"MRNews\",\"url\":\"https:\\\/\\\/mrnews.com.br\\\/\",\"logo\":{\"@type\":\"ImageObject\",\"inLanguage\":\"pt-BR\",\"@id\":\"https:\\\/\\\/mrnews.com.br\\\/#\\\/schema\\\/logo\\\/image\\\/\",\"url\":\"https:\\\/\\\/mrnews.com.br\\\/wp-content\\\/uploads\\\/2026\\\/08\\\/MRNEws.png\",\"contentUrl\":\"https:\\\/\\\/mrnews.com.br\\\/wp-content\\\/uploads\\\/2026\\\/08\\\/MRNEws.png\",\"width\":1254,\"height\":1254,\"caption\":\"MRNews\"},\"image\":{\"@id\":\"https:\\\/\\\/mrnews.com.br\\\/#\\\/schema\\\/logo\\\/image\\\/\"},\"sameAs\":[\"https:\\\/\\\/www.facebook.com\\\/eaipahpah\\\/?locale2=pt_BR\",\"https:\\\/\\\/x.com\\\/conspirou\",\"https:\\\/\\\/www.instagram.com\\\/eai_pahpah\",\"https:\\\/\\\/br.pinterest.com\\\/mrnewsn\\\/boards\\\/\",\"https:\\\/\\\/www.youtube.com\\\/channel\\\/UCacgnpznQ61fifLWr1tQ-vA?view_as=subscriber\"]},{\"@type\":\"Person\",\"@id\":\"https:\\\/\\\/mrnews.com.br\\\/#\\\/schema\\\/person\\\/2f073f2d87903a2ff9a065e41bbf17d4\",\"name\":\"Fernando Corraa\",\"image\":{\"@type\":\"ImageObject\",\"inLanguage\":\"pt-BR\",\"@id\":\"https:\\\/\\\/secure.gravatar.com\\\/avatar\\\/9069acb0e588c9f4346ba747284aef18a5faaab575e89e9ccc64e315003f0b82?s=96&d=monsterid&r=g\",\"url\":\"https:\\\/\\\/secure.gravatar.com\\\/avatar\\\/9069acb0e588c9f4346ba747284aef18a5faaab575e89e9ccc64e315003f0b82?s=96&d=monsterid&r=g\",\"contentUrl\":\"https:\\\/\\\/secure.gravatar.com\\\/avatar\\\/9069acb0e588c9f4346ba747284aef18a5faaab575e89e9ccc64e315003f0b82?s=96&d=monsterid&r=g\",\"caption\":\"Fernando Corraa\"},\"url\":\"https:\\\/\\\/mrnews.com.br\\\/index.php\\\/author\\\/fernando-corraa\\\/\"}]}<\/script>\n<!-- \/ Yoast SEO plugin. -->","yoast_head_json":{"title":"Livro inspirado na trajet\u00f3ria de Helena Theodoro ser\u00e1 lan\u00e7ado no Rio","robots":{"index":"index","follow":"follow","max-snippet":"max-snippet:-1","max-image-preview":"max-image-preview:large","max-video-preview":"max-video-preview:-1"},"canonical":"https:\/\/agenciabrasil.ebc.com.br\/cultura\/noticia\/2026-09\/livro-inspirado-na-trajetoria-de-helena-theodoro-sera-lancado-no-rio","og_locale":"pt_BR","og_type":"article","og_title":"Livro inspirado na trajet\u00f3ria de Helena Theodoro ser\u00e1 lan\u00e7ado no Rio","og_description":"Por EBC, O lan\u00e7amento da biografia Dona Helena Theodoro \u2014 Uma Tia Negra da Filosofia Popular Brasileira, na Biblioteca Parque Estadual (BPE), nesta quarta-feira (2), vai trazer o\u00a0encontro da\u00a0professora e da aluna, que t\u00eam em comum a admira\u00e7\u00e3o pela jornada uma da outra. Por meio da trajet\u00f3ria da professora Helena Theodoro, uma lideran\u00e7a na defesa &hellip;","og_url":"https:\/\/agenciabrasil.ebc.com.br\/cultura\/noticia\/2026-09\/livro-inspirado-na-trajetoria-de-helena-theodoro-sera-lancado-no-rio","og_site_name":"MRNews","article_publisher":"https:\/\/www.facebook.com\/eaipahpah\/?locale2=pt_BR","article_published_time":"2026-09-02T13:31:29+00:00","author":"Fernando Corraa","twitter_card":"summary_large_image","twitter_creator":"@conspirou","twitter_site":"@conspirou","twitter_misc":{"Escrito por":"Fernando Corraa","Est. tempo de leitura":"6 minutos"},"schema":{"@context":"https:\/\/schema.org","@graph":[{"@type":"Article","@id":"https:\/\/agenciabrasil.ebc.com.br\/cultura\/noticia\/2026-09\/livro-inspirado-na-trajetoria-de-helena-theodoro-sera-lancado-no-rio#article","isPartOf":{"@id":"https:\/\/mrnews.com.br\/index.php\/2026\/09\/02\/livro-inspirado-na-trajetoria-de-helena-theodoro-sera-lancado-no-rio\/"},"author":{"name":"Fernando Corraa","@id":"https:\/\/mrnews.com.br\/#\/schema\/person\/2f073f2d87903a2ff9a065e41bbf17d4"},"headline":"Livro inspirado na trajet\u00f3ria de Helena Theodoro ser\u00e1 lan\u00e7ado no Rio","datePublished":"2026-09-02T13:31:29+00:00","mainEntityOfPage":{"@id":"https:\/\/mrnews.com.br\/index.php\/2026\/09\/02\/livro-inspirado-na-trajetoria-de-helena-theodoro-sera-lancado-no-rio\/"},"wordCount":1141,"commentCount":0,"publisher":{"@id":"https:\/\/mrnews.com.br\/#organization"},"articleSection":["SERVI\u00c7OS"],"inLanguage":"pt-BR","potentialAction":[{"@type":"CommentAction","name":"Comment","target":["https:\/\/agenciabrasil.ebc.com.br\/cultura\/noticia\/2026-09\/livro-inspirado-na-trajetoria-de-helena-theodoro-sera-lancado-no-rio#respond"]}]},{"@type":"WebPage","@id":"https:\/\/mrnews.com.br\/index.php\/2026\/09\/02\/livro-inspirado-na-trajetoria-de-helena-theodoro-sera-lancado-no-rio\/","url":"https:\/\/agenciabrasil.ebc.com.br\/cultura\/noticia\/2026-09\/livro-inspirado-na-trajetoria-de-helena-theodoro-sera-lancado-no-rio","name":"Livro inspirado na trajet\u00f3ria de Helena Theodoro ser\u00e1 lan\u00e7ado no Rio","isPartOf":{"@id":"https:\/\/mrnews.com.br\/#website"},"datePublished":"2026-09-02T13:31:29+00:00","breadcrumb":{"@id":"https:\/\/agenciabrasil.ebc.com.br\/cultura\/noticia\/2026-09\/livro-inspirado-na-trajetoria-de-helena-theodoro-sera-lancado-no-rio#breadcrumb"},"inLanguage":"pt-BR","potentialAction":[{"@type":"ReadAction","target":["https:\/\/agenciabrasil.ebc.com.br\/cultura\/noticia\/2026-09\/livro-inspirado-na-trajetoria-de-helena-theodoro-sera-lancado-no-rio"]}]},{"@type":"BreadcrumbList","@id":"https:\/\/agenciabrasil.ebc.com.br\/cultura\/noticia\/2026-09\/livro-inspirado-na-trajetoria-de-helena-theodoro-sera-lancado-no-rio#breadcrumb","itemListElement":[{"@type":"ListItem","position":1,"name":"In\u00edcio","item":"https:\/\/mrnews.com.br\/"},{"@type":"ListItem","position":2,"name":"Livro inspirado na trajet\u00f3ria de Helena Theodoro ser\u00e1 lan\u00e7ado no Rio"}]},{"@type":"WebSite","@id":"https:\/\/mrnews.com.br\/#website","url":"https:\/\/mrnews.com.br\/","name":"MRNews","description":"MRNews Jogos de hoje da TV, transmiss\u00f5es ao vivo, Not\u00edcias de futebol, Jogos ao vivo, Lives, resumo de novelas, Programa\u00e7\u00e3o da Globo, A Fazenda e BBB","publisher":{"@id":"https:\/\/mrnews.com.br\/#organization"},"potentialAction":[{"@type":"SearchAction","target":{"@type":"EntryPoint","urlTemplate":"https:\/\/mrnews.com.br\/?s={search_term_string}"},"query-input":{"@type":"PropertyValueSpecification","valueRequired":true,"valueName":"search_term_string"}}],"inLanguage":"pt-BR"},{"@type":"Organization","@id":"https:\/\/mrnews.com.br\/#organization","name":"MRNews","url":"https:\/\/mrnews.com.br\/","logo":{"@type":"ImageObject","inLanguage":"pt-BR","@id":"https:\/\/mrnews.com.br\/#\/schema\/logo\/image\/","url":"https:\/\/mrnews.com.br\/wp-content\/uploads\/2026\/08\/MRNEws.png","contentUrl":"https:\/\/mrnews.com.br\/wp-content\/uploads\/2026\/08\/MRNEws.png","width":1254,"height":1254,"caption":"MRNews"},"image":{"@id":"https:\/\/mrnews.com.br\/#\/schema\/logo\/image\/"},"sameAs":["https:\/\/www.facebook.com\/eaipahpah\/?locale2=pt_BR","https:\/\/x.com\/conspirou","https:\/\/www.instagram.com\/eai_pahpah","https:\/\/br.pinterest.com\/mrnewsn\/boards\/","https:\/\/www.youtube.com\/channel\/UCacgnpznQ61fifLWr1tQ-vA?view_as=subscriber"]},{"@type":"Person","@id":"https:\/\/mrnews.com.br\/#\/schema\/person\/2f073f2d87903a2ff9a065e41bbf17d4","name":"Fernando Corraa","image":{"@type":"ImageObject","inLanguage":"pt-BR","@id":"https:\/\/secure.gravatar.com\/avatar\/9069acb0e588c9f4346ba747284aef18a5faaab575e89e9ccc64e315003f0b82?s=96&d=monsterid&r=g","url":"https:\/\/secure.gravatar.com\/avatar\/9069acb0e588c9f4346ba747284aef18a5faaab575e89e9ccc64e315003f0b82?s=96&d=monsterid&r=g","contentUrl":"https:\/\/secure.gravatar.com\/avatar\/9069acb0e588c9f4346ba747284aef18a5faaab575e89e9ccc64e315003f0b82?s=96&d=monsterid&r=g","caption":"Fernando Corraa"},"url":"https:\/\/mrnews.com.br\/index.php\/author\/fernando-corraa\/"}]}},"jetpack_sharing_enabled":true,"jetpack_shortlink":"https:\/\/wp.me\/pa2Qf7-1Xfb","amp_enabled":true,"jetpack_featured_media_url":"","_links":{"self":[{"href":"https:\/\/mrnews.com.br\/index.php\/wp-json\/wp\/v2\/posts\/466065","targetHints":{"allow":["GET"]}}],"collection":[{"href":"https:\/\/mrnews.com.br\/index.php\/wp-json\/wp\/v2\/posts"}],"about":[{"href":"https:\/\/mrnews.com.br\/index.php\/wp-json\/wp\/v2\/types\/post"}],"author":[{"embeddable":true,"href":"https:\/\/mrnews.com.br\/index.php\/wp-json\/wp\/v2\/users\/39"}],"replies":[{"embeddable":true,"href":"https:\/\/mrnews.com.br\/index.php\/wp-json\/wp\/v2\/comments?post=466065"}],"version-history":[{"count":0,"href":"https:\/\/mrnews.com.br\/index.php\/wp-json\/wp\/v2\/posts\/466065\/revisions"}],"wp:attachment":[{"href":"https:\/\/mrnews.com.br\/index.php\/wp-json\/wp\/v2\/media?parent=466065"}],"wp:term":[{"taxonomy":"category","embeddable":true,"href":"https:\/\/mrnews.com.br\/index.php\/wp-json\/wp\/v2\/categories?post=466065"},{"taxonomy":"post_tag","embeddable":true,"href":"https:\/\/mrnews.com.br\/index.php\/wp-json\/wp\/v2\/tags?post=466065"}],"curies":[{"name":"wp","href":"https:\/\/api.w.org\/{rel}","templated":true}]}}