{"id":466066,"date":"2026-09-02T11:13:26","date_gmt":"2026-09-02T14:13:26","guid":{"rendered":"https:\/\/mrnews.com.br\/index.php\/2026\/09\/02\/producao-industrial-interrompe-2-meses-de-queda-e-sobe-02-em-julho\/"},"modified":"2026-09-02T11:13:26","modified_gmt":"2026-09-02T14:13:26","slug":"producao-industrial-interrompe-2-meses-de-queda-e-sobe-02-em-julho","status":"publish","type":"post","link":"https:\/\/mrnews.com.br\/index.php\/2026\/09\/02\/producao-industrial-interrompe-2-meses-de-queda-e-sobe-02-em-julho\/","title":{"rendered":"Produ\u00e7\u00e3o industrial interrompe 2 meses de queda e sobe 0,2% em julho"},"content":{"rendered":"<p>Por EBC, <\/p>\n<div>\n<p>A produ\u00e7\u00e3o da ind\u00fastria brasileira cresceu 0,2% na passagem de junho para julho. O resultado interrompe dois meses seguidos de queda. Dessa forma, o setor acumula alta de 1,1% ao longo de 2026 e soma expans\u00e3o de 0,6% nos \u00faltimos 12 meses.<\/p>\n<p><strong>Na compara\u00e7\u00e3o com julho de 2025, a ind\u00fastria recuou 0,5%. A m\u00e9dia m\u00f3vel trimestral, que ajuda a identificar a trajet\u00f3ria recente do setor, encolheu 0,8%.<\/strong><\/p>\n<p>Os dados fazem parte da Pesquisa Industrial Mensal (PIM), divulgada nesta quarta-feira (2) pelo Instituto Brasileiro de Geografia e Estat\u00edstica (IBGE).<\/p>\n<p><strong>De acordo com o IBGE, a varia\u00e7\u00e3o positiva acumulada em 12 meses (0,6%) representa \u201cligeira perda de ritmo\u201d em compara\u00e7\u00e3o ao acumulado at\u00e9 junho de 2026 (0,7%).<\/strong><\/p>\n<p>Veja o comportamento da ind\u00fastria brasileira ao longo do ano, na compara\u00e7\u00e3o entre meses imediatamente seguidos:<\/p>\n<p>Janeiro: 2,1%<\/p>\n<p>Fevereiro: 1,0%<\/p>\n<p>Mar\u00e7o: 0,1%<\/p>\n<p>Abril: 1,2%<\/p>\n<p>Maio: -1,0%<\/p>\n<p>Junho: -1,6%<\/p>\n<p>Julho: 0,2%<\/p>\n<p><strong>O desempenho de julho deixa a ind\u00fastria 2,1% acima do patamar pr\u00e9-pandemia de covid-19 (fevereiro de 2020) e 15% abaixo do n\u00edvel mais alto j\u00e1 registrado, alcan\u00e7ado em maio de 2001.<\/strong><\/p>\n<h2>Influ\u00eancias<\/h2>\n<p>A pesquisa revela que tr\u00eas das quatro grandes categorias econ\u00f4micas apresentaram avan\u00e7o de junho para julho:<\/p>\n<p>bens de consumo dur\u00e1veis: 3,2%<\/p>\n<p>bens de capital: 2,4%<\/p>\n<p>bens de consumo semi e n\u00e3o dur\u00e1veis: 0,5%<\/p>\n<p>bens intermedi\u00e1rios: -0,2%<\/p>\n<p>Das atividades monitoradas pelo IBGE, 13 das 25 tiveram alta entre os meses:<\/p>\n<p>equipamentos de inform\u00e1tica, produtos eletr\u00f4nicos e \u00f3pticos: 12,2%<\/p>\n<p>produtos aliment\u00edcios: 1%<\/p>\n<p>coque, produtos derivados do petr\u00f3leo e biocombust\u00edveis: 1,1%<\/p>\n<p>outros equipamentos de transporte: 11,2%<\/p>\n<p>produtos do fumo: 11,1%<\/p>\n<p>m\u00e1quinas, aparelhos e materiais el\u00e9tricos: 2,3%<\/p>\n<p>confec\u00e7\u00e3o de artigos do vestu\u00e1rio e acess\u00f3rios: 2,6%<\/p>\n<p><strong>Pelo lado negativo, a maior press\u00e3o de baixa veio da ind\u00fastria extrativa, que recuou 1%.<\/strong><\/p>\n<p>O IBGE acrescenta que outras contribui\u00e7\u00f5es negativas relevantes ficaram como impress\u00e3o e reprodu\u00e7\u00e3o de grava\u00e7\u00f5es (-17,2%), produtos diversos (-9,0%), metalurgia (-1,4%), produtos qu\u00edmicos (-0,8%) e celulose, papel e produtos de papel (-1,3%).<\/p>\n<p><strong>O \u00edndice de difus\u00e3o mostrou que 69,6% dos 789 produtos pesquisados pelo IBGE apresentaram desempenho positivo na passagem de junho para julho<\/strong>. Esse \u00e9 o segundo maior indicador do ano, perdendo apenas para mar\u00e7o (80,6%).\u00a0<\/p>\n<p>      <!-- Relacionada --><\/p>\n<p>            <!-- Relacionada -->\n    <\/div>\n","protected":false},"excerpt":{"rendered":"<p>Por EBC, A produ\u00e7\u00e3o da ind\u00fastria brasileira cresceu 0,2% na passagem de junho para julho. O resultado interrompe dois meses seguidos de queda. Dessa forma, o setor acumula alta de 1,1% ao longo de 2026 e soma expans\u00e3o de 0,6% nos \u00faltimos 12 meses. Na compara\u00e7\u00e3o com julho de 2025, a ind\u00fastria recuou 0,5%. A &hellip;<\/p>\n","protected":false},"author":39,"featured_media":0,"comment_status":"open","ping_status":"open","sticky":false,"template":"","format":"standard","meta":{"_jetpack_newsletter_access":"","_jetpack_dont_email_post_to_subs":false,"_jetpack_newsletter_tier_id":0,"_jetpack_memberships_contains_paywalled_content":false,"_jetpack_feature_clip_id":0,"_jetpack_memberships_contains_paid_content":false,"footnotes":"","jetpack_post_was_ever_published":false},"categories":[4],"tags":[],"class_list":["post-466066","post","type-post","status-publish","format-standard","hentry","category-servicos"],"yoast_head":"<!-- This site is optimized with the Yoast SEO plugin v28.4 - https:\/\/yoast.com\/product\/yoast-seo-wordpress\/ -->\n<title>Produ\u00e7\u00e3o industrial interrompe 2 meses de queda e sobe 0,2% em julho<\/title>\n<meta name=\"robots\" content=\"index, follow, max-snippet:-1, max-image-preview:large, max-video-preview:-1\" \/>\n<link rel=\"canonical\" href=\"https:\/\/agenciabrasil.ebc.com.br\/economia\/noticia\/2026-09\/producao-industrial-interrompe-2-meses-de-queda-e-sobe-02-em-julho\" \/>\n<meta property=\"og:locale\" content=\"pt_BR\" \/>\n<meta property=\"og:type\" content=\"article\" \/>\n<meta property=\"og:title\" content=\"Produ\u00e7\u00e3o industrial interrompe 2 meses de queda e sobe 0,2% em julho\" \/>\n<meta property=\"og:description\" content=\"Por EBC, A produ\u00e7\u00e3o da ind\u00fastria brasileira cresceu 0,2% na passagem de junho para julho. O resultado interrompe dois meses seguidos de queda. Dessa forma, o setor acumula alta de 1,1% ao longo de 2026 e soma expans\u00e3o de 0,6% nos \u00faltimos 12 meses. Na compara\u00e7\u00e3o com julho de 2025, a ind\u00fastria recuou 0,5%. A &hellip;\" \/>\n<meta property=\"og:url\" content=\"https:\/\/agenciabrasil.ebc.com.br\/economia\/noticia\/2026-09\/producao-industrial-interrompe-2-meses-de-queda-e-sobe-02-em-julho\" \/>\n<meta property=\"og:site_name\" content=\"MRNews\" \/>\n<meta property=\"article:publisher\" content=\"https:\/\/www.facebook.com\/eaipahpah\/?locale2=pt_BR\" \/>\n<meta property=\"article:published_time\" content=\"2026-09-02T14:13:26+00:00\" \/>\n<meta name=\"author\" content=\"Fernando Corraa\" \/>\n<meta name=\"twitter:card\" content=\"summary_large_image\" \/>\n<meta name=\"twitter:creator\" content=\"@conspirou\" \/>\n<meta name=\"twitter:site\" content=\"@conspirou\" \/>\n<meta name=\"twitter:label1\" content=\"Escrito por\" \/>\n\t<meta name=\"twitter:data1\" content=\"Fernando Corraa\" \/>\n\t<meta name=\"twitter:label2\" content=\"Est. tempo de leitura\" \/>\n\t<meta name=\"twitter:data2\" content=\"2 minutos\" \/>\n<script type=\"application\/ld+json\" class=\"yoast-schema-graph\">{\"@context\":\"https:\\\/\\\/schema.org\",\"@graph\":[{\"@type\":\"Article\",\"@id\":\"https:\\\/\\\/agenciabrasil.ebc.com.br\\\/economia\\\/noticia\\\/2026-09\\\/producao-industrial-interrompe-2-meses-de-queda-e-sobe-02-em-julho#article\",\"isPartOf\":{\"@id\":\"https:\\\/\\\/mrnews.com.br\\\/index.php\\\/2026\\\/09\\\/02\\\/producao-industrial-interrompe-2-meses-de-queda-e-sobe-02-em-julho\\\/\"},\"author\":{\"name\":\"Fernando Corraa\",\"@id\":\"https:\\\/\\\/mrnews.com.br\\\/#\\\/schema\\\/person\\\/2f073f2d87903a2ff9a065e41bbf17d4\"},\"headline\":\"Produ\u00e7\u00e3o industrial interrompe 2 meses de queda e sobe 0,2% em julho\",\"datePublished\":\"2026-09-02T14:13:26+00:00\",\"mainEntityOfPage\":{\"@id\":\"https:\\\/\\\/mrnews.com.br\\\/index.php\\\/2026\\\/09\\\/02\\\/producao-industrial-interrompe-2-meses-de-queda-e-sobe-02-em-julho\\\/\"},\"wordCount\":369,\"commentCount\":0,\"publisher\":{\"@id\":\"https:\\\/\\\/mrnews.com.br\\\/#organization\"},\"articleSection\":[\"SERVI\u00c7OS\"],\"inLanguage\":\"pt-BR\",\"potentialAction\":[{\"@type\":\"CommentAction\",\"name\":\"Comment\",\"target\":[\"https:\\\/\\\/agenciabrasil.ebc.com.br\\\/economia\\\/noticia\\\/2026-09\\\/producao-industrial-interrompe-2-meses-de-queda-e-sobe-02-em-julho#respond\"]}]},{\"@type\":\"WebPage\",\"@id\":\"https:\\\/\\\/mrnews.com.br\\\/index.php\\\/2026\\\/09\\\/02\\\/producao-industrial-interrompe-2-meses-de-queda-e-sobe-02-em-julho\\\/\",\"url\":\"https:\\\/\\\/agenciabrasil.ebc.com.br\\\/economia\\\/noticia\\\/2026-09\\\/producao-industrial-interrompe-2-meses-de-queda-e-sobe-02-em-julho\",\"name\":\"Produ\u00e7\u00e3o industrial interrompe 2 meses de queda e sobe 0,2% em julho\",\"isPartOf\":{\"@id\":\"https:\\\/\\\/mrnews.com.br\\\/#website\"},\"datePublished\":\"2026-09-02T14:13:26+00:00\",\"breadcrumb\":{\"@id\":\"https:\\\/\\\/agenciabrasil.ebc.com.br\\\/economia\\\/noticia\\\/2026-09\\\/producao-industrial-interrompe-2-meses-de-queda-e-sobe-02-em-julho#breadcrumb\"},\"inLanguage\":\"pt-BR\",\"potentialAction\":[{\"@type\":\"ReadAction\",\"target\":[\"https:\\\/\\\/agenciabrasil.ebc.com.br\\\/economia\\\/noticia\\\/2026-09\\\/producao-industrial-interrompe-2-meses-de-queda-e-sobe-02-em-julho\"]}]},{\"@type\":\"BreadcrumbList\",\"@id\":\"https:\\\/\\\/agenciabrasil.ebc.com.br\\\/economia\\\/noticia\\\/2026-09\\\/producao-industrial-interrompe-2-meses-de-queda-e-sobe-02-em-julho#breadcrumb\",\"itemListElement\":[{\"@type\":\"ListItem\",\"position\":1,\"name\":\"In\u00edcio\",\"item\":\"https:\\\/\\\/mrnews.com.br\\\/\"},{\"@type\":\"ListItem\",\"position\":2,\"name\":\"Produ\u00e7\u00e3o industrial interrompe 2 meses de queda e sobe 0,2% em julho\"}]},{\"@type\":\"WebSite\",\"@id\":\"https:\\\/\\\/mrnews.com.br\\\/#website\",\"url\":\"https:\\\/\\\/mrnews.com.br\\\/\",\"name\":\"MRNews\",\"description\":\"MRNews Jogos de hoje da TV, transmiss\u00f5es ao vivo, Not\u00edcias de futebol, Jogos ao vivo, Lives, resumo de novelas, Programa\u00e7\u00e3o da Globo, A Fazenda e BBB\",\"publisher\":{\"@id\":\"https:\\\/\\\/mrnews.com.br\\\/#organization\"},\"potentialAction\":[{\"@type\":\"SearchAction\",\"target\":{\"@type\":\"EntryPoint\",\"urlTemplate\":\"https:\\\/\\\/mrnews.com.br\\\/?s={search_term_string}\"},\"query-input\":{\"@type\":\"PropertyValueSpecification\",\"valueRequired\":true,\"valueName\":\"search_term_string\"}}],\"inLanguage\":\"pt-BR\"},{\"@type\":\"Organization\",\"@id\":\"https:\\\/\\\/mrnews.com.br\\\/#organization\",\"name\":\"MRNews\",\"url\":\"https:\\\/\\\/mrnews.com.br\\\/\",\"logo\":{\"@type\":\"ImageObject\",\"inLanguage\":\"pt-BR\",\"@id\":\"https:\\\/\\\/mrnews.com.br\\\/#\\\/schema\\\/logo\\\/image\\\/\",\"url\":\"https:\\\/\\\/mrnews.com.br\\\/wp-content\\\/uploads\\\/2026\\\/08\\\/MRNEws.png\",\"contentUrl\":\"https:\\\/\\\/mrnews.com.br\\\/wp-content\\\/uploads\\\/2026\\\/08\\\/MRNEws.png\",\"width\":1254,\"height\":1254,\"caption\":\"MRNews\"},\"image\":{\"@id\":\"https:\\\/\\\/mrnews.com.br\\\/#\\\/schema\\\/logo\\\/image\\\/\"},\"sameAs\":[\"https:\\\/\\\/www.facebook.com\\\/eaipahpah\\\/?locale2=pt_BR\",\"https:\\\/\\\/x.com\\\/conspirou\",\"https:\\\/\\\/www.instagram.com\\\/eai_pahpah\",\"https:\\\/\\\/br.pinterest.com\\\/mrnewsn\\\/boards\\\/\",\"https:\\\/\\\/www.youtube.com\\\/channel\\\/UCacgnpznQ61fifLWr1tQ-vA?view_as=subscriber\"]},{\"@type\":\"Person\",\"@id\":\"https:\\\/\\\/mrnews.com.br\\\/#\\\/schema\\\/person\\\/2f073f2d87903a2ff9a065e41bbf17d4\",\"name\":\"Fernando Corraa\",\"image\":{\"@type\":\"ImageObject\",\"inLanguage\":\"pt-BR\",\"@id\":\"https:\\\/\\\/secure.gravatar.com\\\/avatar\\\/9069acb0e588c9f4346ba747284aef18a5faaab575e89e9ccc64e315003f0b82?s=96&d=monsterid&r=g\",\"url\":\"https:\\\/\\\/secure.gravatar.com\\\/avatar\\\/9069acb0e588c9f4346ba747284aef18a5faaab575e89e9ccc64e315003f0b82?s=96&d=monsterid&r=g\",\"contentUrl\":\"https:\\\/\\\/secure.gravatar.com\\\/avatar\\\/9069acb0e588c9f4346ba747284aef18a5faaab575e89e9ccc64e315003f0b82?s=96&d=monsterid&r=g\",\"caption\":\"Fernando Corraa\"},\"url\":\"https:\\\/\\\/mrnews.com.br\\\/index.php\\\/author\\\/fernando-corraa\\\/\"}]}<\/script>\n<!-- \/ Yoast SEO plugin. -->","yoast_head_json":{"title":"Produ\u00e7\u00e3o industrial interrompe 2 meses de queda e sobe 0,2% em julho","robots":{"index":"index","follow":"follow","max-snippet":"max-snippet:-1","max-image-preview":"max-image-preview:large","max-video-preview":"max-video-preview:-1"},"canonical":"https:\/\/agenciabrasil.ebc.com.br\/economia\/noticia\/2026-09\/producao-industrial-interrompe-2-meses-de-queda-e-sobe-02-em-julho","og_locale":"pt_BR","og_type":"article","og_title":"Produ\u00e7\u00e3o industrial interrompe 2 meses de queda e sobe 0,2% em julho","og_description":"Por EBC, A produ\u00e7\u00e3o da ind\u00fastria brasileira cresceu 0,2% na passagem de junho para julho. O resultado interrompe dois meses seguidos de queda. Dessa forma, o setor acumula alta de 1,1% ao longo de 2026 e soma expans\u00e3o de 0,6% nos \u00faltimos 12 meses. Na compara\u00e7\u00e3o com julho de 2025, a ind\u00fastria recuou 0,5%. A &hellip;","og_url":"https:\/\/agenciabrasil.ebc.com.br\/economia\/noticia\/2026-09\/producao-industrial-interrompe-2-meses-de-queda-e-sobe-02-em-julho","og_site_name":"MRNews","article_publisher":"https:\/\/www.facebook.com\/eaipahpah\/?locale2=pt_BR","article_published_time":"2026-09-02T14:13:26+00:00","author":"Fernando Corraa","twitter_card":"summary_large_image","twitter_creator":"@conspirou","twitter_site":"@conspirou","twitter_misc":{"Escrito por":"Fernando Corraa","Est. tempo de leitura":"2 minutos"},"schema":{"@context":"https:\/\/schema.org","@graph":[{"@type":"Article","@id":"https:\/\/agenciabrasil.ebc.com.br\/economia\/noticia\/2026-09\/producao-industrial-interrompe-2-meses-de-queda-e-sobe-02-em-julho#article","isPartOf":{"@id":"https:\/\/mrnews.com.br\/index.php\/2026\/09\/02\/producao-industrial-interrompe-2-meses-de-queda-e-sobe-02-em-julho\/"},"author":{"name":"Fernando Corraa","@id":"https:\/\/mrnews.com.br\/#\/schema\/person\/2f073f2d87903a2ff9a065e41bbf17d4"},"headline":"Produ\u00e7\u00e3o industrial interrompe 2 meses de queda e sobe 0,2% em julho","datePublished":"2026-09-02T14:13:26+00:00","mainEntityOfPage":{"@id":"https:\/\/mrnews.com.br\/index.php\/2026\/09\/02\/producao-industrial-interrompe-2-meses-de-queda-e-sobe-02-em-julho\/"},"wordCount":369,"commentCount":0,"publisher":{"@id":"https:\/\/mrnews.com.br\/#organization"},"articleSection":["SERVI\u00c7OS"],"inLanguage":"pt-BR","potentialAction":[{"@type":"CommentAction","name":"Comment","target":["https:\/\/agenciabrasil.ebc.com.br\/economia\/noticia\/2026-09\/producao-industrial-interrompe-2-meses-de-queda-e-sobe-02-em-julho#respond"]}]},{"@type":"WebPage","@id":"https:\/\/mrnews.com.br\/index.php\/2026\/09\/02\/producao-industrial-interrompe-2-meses-de-queda-e-sobe-02-em-julho\/","url":"https:\/\/agenciabrasil.ebc.com.br\/economia\/noticia\/2026-09\/producao-industrial-interrompe-2-meses-de-queda-e-sobe-02-em-julho","name":"Produ\u00e7\u00e3o industrial interrompe 2 meses de queda e sobe 0,2% em julho","isPartOf":{"@id":"https:\/\/mrnews.com.br\/#website"},"datePublished":"2026-09-02T14:13:26+00:00","breadcrumb":{"@id":"https:\/\/agenciabrasil.ebc.com.br\/economia\/noticia\/2026-09\/producao-industrial-interrompe-2-meses-de-queda-e-sobe-02-em-julho#breadcrumb"},"inLanguage":"pt-BR","potentialAction":[{"@type":"ReadAction","target":["https:\/\/agenciabrasil.ebc.com.br\/economia\/noticia\/2026-09\/producao-industrial-interrompe-2-meses-de-queda-e-sobe-02-em-julho"]}]},{"@type":"BreadcrumbList","@id":"https:\/\/agenciabrasil.ebc.com.br\/economia\/noticia\/2026-09\/producao-industrial-interrompe-2-meses-de-queda-e-sobe-02-em-julho#breadcrumb","itemListElement":[{"@type":"ListItem","position":1,"name":"In\u00edcio","item":"https:\/\/mrnews.com.br\/"},{"@type":"ListItem","position":2,"name":"Produ\u00e7\u00e3o industrial interrompe 2 meses de queda e sobe 0,2% em julho"}]},{"@type":"WebSite","@id":"https:\/\/mrnews.com.br\/#website","url":"https:\/\/mrnews.com.br\/","name":"MRNews","description":"MRNews Jogos de hoje da TV, transmiss\u00f5es ao vivo, Not\u00edcias de futebol, Jogos ao vivo, Lives, resumo de novelas, Programa\u00e7\u00e3o da Globo, A Fazenda e BBB","publisher":{"@id":"https:\/\/mrnews.com.br\/#organization"},"potentialAction":[{"@type":"SearchAction","target":{"@type":"EntryPoint","urlTemplate":"https:\/\/mrnews.com.br\/?s={search_term_string}"},"query-input":{"@type":"PropertyValueSpecification","valueRequired":true,"valueName":"search_term_string"}}],"inLanguage":"pt-BR"},{"@type":"Organization","@id":"https:\/\/mrnews.com.br\/#organization","name":"MRNews","url":"https:\/\/mrnews.com.br\/","logo":{"@type":"ImageObject","inLanguage":"pt-BR","@id":"https:\/\/mrnews.com.br\/#\/schema\/logo\/image\/","url":"https:\/\/mrnews.com.br\/wp-content\/uploads\/2026\/08\/MRNEws.png","contentUrl":"https:\/\/mrnews.com.br\/wp-content\/uploads\/2026\/08\/MRNEws.png","width":1254,"height":1254,"caption":"MRNews"},"image":{"@id":"https:\/\/mrnews.com.br\/#\/schema\/logo\/image\/"},"sameAs":["https:\/\/www.facebook.com\/eaipahpah\/?locale2=pt_BR","https:\/\/x.com\/conspirou","https:\/\/www.instagram.com\/eai_pahpah","https:\/\/br.pinterest.com\/mrnewsn\/boards\/","https:\/\/www.youtube.com\/channel\/UCacgnpznQ61fifLWr1tQ-vA?view_as=subscriber"]},{"@type":"Person","@id":"https:\/\/mrnews.com.br\/#\/schema\/person\/2f073f2d87903a2ff9a065e41bbf17d4","name":"Fernando Corraa","image":{"@type":"ImageObject","inLanguage":"pt-BR","@id":"https:\/\/secure.gravatar.com\/avatar\/9069acb0e588c9f4346ba747284aef18a5faaab575e89e9ccc64e315003f0b82?s=96&d=monsterid&r=g","url":"https:\/\/secure.gravatar.com\/avatar\/9069acb0e588c9f4346ba747284aef18a5faaab575e89e9ccc64e315003f0b82?s=96&d=monsterid&r=g","contentUrl":"https:\/\/secure.gravatar.com\/avatar\/9069acb0e588c9f4346ba747284aef18a5faaab575e89e9ccc64e315003f0b82?s=96&d=monsterid&r=g","caption":"Fernando Corraa"},"url":"https:\/\/mrnews.com.br\/index.php\/author\/fernando-corraa\/"}]}},"jetpack_sharing_enabled":true,"jetpack_shortlink":"https:\/\/wp.me\/pa2Qf7-1Xfc","amp_enabled":true,"jetpack_featured_media_url":"","_links":{"self":[{"href":"https:\/\/mrnews.com.br\/index.php\/wp-json\/wp\/v2\/posts\/466066","targetHints":{"allow":["GET"]}}],"collection":[{"href":"https:\/\/mrnews.com.br\/index.php\/wp-json\/wp\/v2\/posts"}],"about":[{"href":"https:\/\/mrnews.com.br\/index.php\/wp-json\/wp\/v2\/types\/post"}],"author":[{"embeddable":true,"href":"https:\/\/mrnews.com.br\/index.php\/wp-json\/wp\/v2\/users\/39"}],"replies":[{"embeddable":true,"href":"https:\/\/mrnews.com.br\/index.php\/wp-json\/wp\/v2\/comments?post=466066"}],"version-history":[{"count":0,"href":"https:\/\/mrnews.com.br\/index.php\/wp-json\/wp\/v2\/posts\/466066\/revisions"}],"wp:attachment":[{"href":"https:\/\/mrnews.com.br\/index.php\/wp-json\/wp\/v2\/media?parent=466066"}],"wp:term":[{"taxonomy":"category","embeddable":true,"href":"https:\/\/mrnews.com.br\/index.php\/wp-json\/wp\/v2\/categories?post=466066"},{"taxonomy":"post_tag","embeddable":true,"href":"https:\/\/mrnews.com.br\/index.php\/wp-json\/wp\/v2\/tags?post=466066"}],"curies":[{"name":"wp","href":"https:\/\/api.w.org\/{rel}","templated":true}]}}