{"id":466068,"date":"2026-09-02T12:37:33","date_gmt":"2026-09-02T15:37:33","guid":{"rendered":"https:\/\/mrnews.com.br\/index.php\/2026\/09\/02\/anvisa-interrompe-fabricacao-de-produtos-de-limpeza-da-unilever\/"},"modified":"2026-09-02T12:37:33","modified_gmt":"2026-09-02T15:37:33","slug":"anvisa-interrompe-fabricacao-de-produtos-de-limpeza-da-unilever","status":"publish","type":"post","link":"https:\/\/mrnews.com.br\/index.php\/2026\/09\/02\/anvisa-interrompe-fabricacao-de-produtos-de-limpeza-da-unilever\/","title":{"rendered":"Anvisa interrompe fabrica\u00e7\u00e3o de produtos de limpeza da Unilever"},"content":{"rendered":"<p>Por EBC, <\/p>\n<div>\n<p>A Ag\u00eancia Nacional de Vigil\u00e2ncia Sanit\u00e1ria (Anvisa) suspendeu, nesta quarta-feira (2), a fabrica\u00e7\u00e3o de produtos de limpeza na unidade da empresa Unilever, em Vinhedo, S\u00e3o Paulo.\u00a0<\/p>\n<p>De acordo com a ag\u00eancia reguladora, o <strong>objetivo \u00e9 assegurar que futuros lotes dos produtos da empresa disponibilizados \u00e0 popula\u00e7\u00e3o n\u00e3o ofere\u00e7am risco \u00e0 sa\u00fade p\u00fablica<\/strong>. Na unidade s\u00e3o produzidos sab\u00e3o l\u00edquido para lavar roupas e amaciante l\u00edquido para roupas, entre outros.<\/p>\n<p>A determina\u00e7\u00e3o est\u00e1 na Resolu\u00e7\u00e3o 3.443\/2026\u00a0publicada no <em>Di\u00e1rio Oficial da Uni\u00e3o<\/em> desta quarta-feira.<\/p>\n<p>A a\u00e7\u00e3o \u00e9 preventiva e foi adotada ap\u00f3s inspe\u00e7\u00e3o na f\u00e1brica de saneantes entre os dias 24 e 28 de agosto em conjunto com o Centro de Vigil\u00e2ncia Sanit\u00e1ria do Estado de S\u00e3o Paulo e a Vigil\u00e2ncia Sanit\u00e1ria do Munic\u00edpio de Vinhedo.<\/p>\n<p>Foram identificadas <strong>falhas nas Boas Pr\u00e1ticas de Fabrica\u00e7\u00e3o (BPF)<\/strong>, que s\u00e3o requisitos que as empresas devem cumprir para assegurar que a produ\u00e7\u00e3o conte com sistemas de controle de qualidade adequados.<\/p>\n<p>Entre os problemas percebidos na unidade da multinacional, est\u00e3o <strong>falhas nos controles realizados durante a fabrica\u00e7\u00e3o e antes da libera\u00e7\u00e3o dos produtos e defici\u00eancias no monitoramento da \u00e1gua usada na produ\u00e7\u00e3o<\/strong>. Tamb\u00e9m foram apontadas fragilidades na investiga\u00e7\u00e3o e corre\u00e7\u00e3o de problemas identificados pela pr\u00f3pria empresa.<\/p>\n<h2>Produtos<\/h2>\n<p>A Anvisa esclarece que at\u00e9 o momento <strong>n\u00e3o h\u00e1 indica\u00e7\u00e3o de contamina\u00e7\u00e3o microbiol\u00f3gica<\/strong> ou outros problemas sobre os lotes produzidos na f\u00e1brica, e por esse motivo n\u00e3o determinou a suspens\u00e3o da comercializa\u00e7\u00e3o, da distribui\u00e7\u00e3o ou do uso dos produtos j\u00e1 fabricados e dispon\u00edveis no mercado, nem seu recolhimento.<\/p>\n<h2>Fabricante<\/h2>\n<p>Em comunicado \u00e0 popula\u00e7\u00e3o, a <strong>Unilever Brasil esclarece que a inspe\u00e7\u00e3o resultou \u201cem oportunidades de melhorias em processos de documenta\u00e7\u00e3o e controle relacionadas \u00e0s linhas de sab\u00e3o l\u00edquido para lavar roupas e amaciante l\u00edquido para roupas\u201d<\/strong>.<\/p>\n<p>A empresa informa que todas as a\u00e7\u00f5es determinadas pela Anvisa foram prontamente iniciadas, com a suspens\u00e3o tempor\u00e1ria da produ\u00e7\u00e3o desses itens, que <strong>j\u00e1 est\u00e3o sendo implementadas as corre\u00e7\u00f5es<\/strong> e que as demais linhas de produ\u00e7\u00e3o da unidade seguem operando normalmente dos produtos de cuidados com a casa.<\/p>\n<p>A ind\u00fastria disse que continua atuando em colabora\u00e7\u00e3o com a Anvisa. \u201c[A Unilever] considera os apontamentos parte importante para a evolu\u00e7\u00e3o cont\u00ednua de seus processos produtivos e de todo o setor\u201d, conclui a nota institucional.<\/p>\n<h2>Fiscaliza\u00e7\u00e3o<\/h2>\n<p><strong>A ag\u00eancia reguladora esclarece que essa vistoria faz parte de outras a\u00e7\u00f5es integradas de fiscaliza\u00e7\u00e3o sanit\u00e1ria de empresas fabricantes de saneantes<\/strong>, categoria que inclui produtos destinados \u00e0 limpeza, desinfec\u00e7\u00e3o e conserva\u00e7\u00e3o de ambientes.<\/p>\n<p>Este ano, j\u00e1 foram realizadas sete inspe\u00e7\u00f5es em fabricantes, incluindo quatro dos maiores fabricantes do Brasil, conforme contabilizou a Anvisa.<\/p>\n<p>      <!-- Relacionada --><\/p>\n<p>            <!-- Relacionada -->\n    <\/div>\n","protected":false},"excerpt":{"rendered":"<p>Por EBC, A Ag\u00eancia Nacional de Vigil\u00e2ncia Sanit\u00e1ria (Anvisa) suspendeu, nesta quarta-feira (2), a fabrica\u00e7\u00e3o de produtos de limpeza na unidade da empresa Unilever, em Vinhedo, S\u00e3o Paulo.\u00a0 De acordo com a ag\u00eancia reguladora, o objetivo \u00e9 assegurar que futuros lotes dos produtos da empresa disponibilizados \u00e0 popula\u00e7\u00e3o n\u00e3o ofere\u00e7am risco \u00e0 sa\u00fade p\u00fablica. Na &hellip;<\/p>\n","protected":false},"author":39,"featured_media":0,"comment_status":"open","ping_status":"open","sticky":false,"template":"","format":"standard","meta":{"_jetpack_newsletter_access":"","_jetpack_dont_email_post_to_subs":false,"_jetpack_newsletter_tier_id":0,"_jetpack_memberships_contains_paywalled_content":false,"_jetpack_feature_clip_id":0,"_jetpack_memberships_contains_paid_content":false,"footnotes":"","jetpack_post_was_ever_published":false},"categories":[4],"tags":[],"class_list":["post-466068","post","type-post","status-publish","format-standard","hentry","category-servicos"],"yoast_head":"<!-- This site is optimized with the Yoast SEO plugin v28.4 - https:\/\/yoast.com\/product\/yoast-seo-wordpress\/ -->\n<title>Anvisa interrompe fabrica\u00e7\u00e3o de produtos de limpeza da Unilever<\/title>\n<meta name=\"robots\" content=\"index, follow, max-snippet:-1, max-image-preview:large, max-video-preview:-1\" \/>\n<link rel=\"canonical\" href=\"https:\/\/agenciabrasil.ebc.com.br\/saude\/noticia\/2026-09\/anvisa-interrompe-fabricacao-de-produtos-de-limpeza-da-unilever\" \/>\n<meta property=\"og:locale\" content=\"pt_BR\" \/>\n<meta property=\"og:type\" content=\"article\" \/>\n<meta property=\"og:title\" content=\"Anvisa interrompe fabrica\u00e7\u00e3o de produtos de limpeza da Unilever\" \/>\n<meta property=\"og:description\" content=\"Por EBC, A Ag\u00eancia Nacional de Vigil\u00e2ncia Sanit\u00e1ria (Anvisa) suspendeu, nesta quarta-feira (2), a fabrica\u00e7\u00e3o de produtos de limpeza na unidade da empresa Unilever, em Vinhedo, S\u00e3o Paulo.\u00a0 De acordo com a ag\u00eancia reguladora, o objetivo \u00e9 assegurar que futuros lotes dos produtos da empresa disponibilizados \u00e0 popula\u00e7\u00e3o n\u00e3o ofere\u00e7am risco \u00e0 sa\u00fade p\u00fablica. Na &hellip;\" \/>\n<meta property=\"og:url\" content=\"https:\/\/agenciabrasil.ebc.com.br\/saude\/noticia\/2026-09\/anvisa-interrompe-fabricacao-de-produtos-de-limpeza-da-unilever\" \/>\n<meta property=\"og:site_name\" content=\"MRNews\" \/>\n<meta property=\"article:publisher\" content=\"https:\/\/www.facebook.com\/eaipahpah\/?locale2=pt_BR\" \/>\n<meta property=\"article:published_time\" content=\"2026-09-02T15:37:33+00:00\" \/>\n<meta name=\"author\" content=\"Fernando Corraa\" \/>\n<meta name=\"twitter:card\" content=\"summary_large_image\" \/>\n<meta name=\"twitter:creator\" content=\"@conspirou\" \/>\n<meta name=\"twitter:site\" content=\"@conspirou\" \/>\n<meta name=\"twitter:label1\" content=\"Escrito por\" \/>\n\t<meta name=\"twitter:data1\" content=\"Fernando Corraa\" \/>\n\t<meta name=\"twitter:label2\" content=\"Est. tempo de leitura\" \/>\n\t<meta name=\"twitter:data2\" content=\"2 minutos\" \/>\n<script type=\"application\/ld+json\" class=\"yoast-schema-graph\">{\"@context\":\"https:\\\/\\\/schema.org\",\"@graph\":[{\"@type\":\"Article\",\"@id\":\"https:\\\/\\\/agenciabrasil.ebc.com.br\\\/saude\\\/noticia\\\/2026-09\\\/anvisa-interrompe-fabricacao-de-produtos-de-limpeza-da-unilever#article\",\"isPartOf\":{\"@id\":\"https:\\\/\\\/mrnews.com.br\\\/index.php\\\/2026\\\/09\\\/02\\\/anvisa-interrompe-fabricacao-de-produtos-de-limpeza-da-unilever\\\/\"},\"author\":{\"name\":\"Fernando Corraa\",\"@id\":\"https:\\\/\\\/mrnews.com.br\\\/#\\\/schema\\\/person\\\/2f073f2d87903a2ff9a065e41bbf17d4\"},\"headline\":\"Anvisa interrompe fabrica\u00e7\u00e3o de produtos de limpeza da Unilever\",\"datePublished\":\"2026-09-02T15:37:33+00:00\",\"mainEntityOfPage\":{\"@id\":\"https:\\\/\\\/mrnews.com.br\\\/index.php\\\/2026\\\/09\\\/02\\\/anvisa-interrompe-fabricacao-de-produtos-de-limpeza-da-unilever\\\/\"},\"wordCount\":500,\"commentCount\":0,\"publisher\":{\"@id\":\"https:\\\/\\\/mrnews.com.br\\\/#organization\"},\"articleSection\":[\"SERVI\u00c7OS\"],\"inLanguage\":\"pt-BR\",\"potentialAction\":[{\"@type\":\"CommentAction\",\"name\":\"Comment\",\"target\":[\"https:\\\/\\\/agenciabrasil.ebc.com.br\\\/saude\\\/noticia\\\/2026-09\\\/anvisa-interrompe-fabricacao-de-produtos-de-limpeza-da-unilever#respond\"]}]},{\"@type\":\"WebPage\",\"@id\":\"https:\\\/\\\/mrnews.com.br\\\/index.php\\\/2026\\\/09\\\/02\\\/anvisa-interrompe-fabricacao-de-produtos-de-limpeza-da-unilever\\\/\",\"url\":\"https:\\\/\\\/agenciabrasil.ebc.com.br\\\/saude\\\/noticia\\\/2026-09\\\/anvisa-interrompe-fabricacao-de-produtos-de-limpeza-da-unilever\",\"name\":\"Anvisa interrompe fabrica\u00e7\u00e3o de produtos de limpeza da Unilever\",\"isPartOf\":{\"@id\":\"https:\\\/\\\/mrnews.com.br\\\/#website\"},\"datePublished\":\"2026-09-02T15:37:33+00:00\",\"breadcrumb\":{\"@id\":\"https:\\\/\\\/agenciabrasil.ebc.com.br\\\/saude\\\/noticia\\\/2026-09\\\/anvisa-interrompe-fabricacao-de-produtos-de-limpeza-da-unilever#breadcrumb\"},\"inLanguage\":\"pt-BR\",\"potentialAction\":[{\"@type\":\"ReadAction\",\"target\":[\"https:\\\/\\\/agenciabrasil.ebc.com.br\\\/saude\\\/noticia\\\/2026-09\\\/anvisa-interrompe-fabricacao-de-produtos-de-limpeza-da-unilever\"]}]},{\"@type\":\"BreadcrumbList\",\"@id\":\"https:\\\/\\\/agenciabrasil.ebc.com.br\\\/saude\\\/noticia\\\/2026-09\\\/anvisa-interrompe-fabricacao-de-produtos-de-limpeza-da-unilever#breadcrumb\",\"itemListElement\":[{\"@type\":\"ListItem\",\"position\":1,\"name\":\"In\u00edcio\",\"item\":\"https:\\\/\\\/mrnews.com.br\\\/\"},{\"@type\":\"ListItem\",\"position\":2,\"name\":\"Anvisa interrompe fabrica\u00e7\u00e3o de produtos de limpeza da Unilever\"}]},{\"@type\":\"WebSite\",\"@id\":\"https:\\\/\\\/mrnews.com.br\\\/#website\",\"url\":\"https:\\\/\\\/mrnews.com.br\\\/\",\"name\":\"MRNews\",\"description\":\"MRNews Jogos de hoje da TV, transmiss\u00f5es ao vivo, Not\u00edcias de futebol, Jogos ao vivo, Lives, resumo de novelas, Programa\u00e7\u00e3o da Globo, A Fazenda e BBB\",\"publisher\":{\"@id\":\"https:\\\/\\\/mrnews.com.br\\\/#organization\"},\"potentialAction\":[{\"@type\":\"SearchAction\",\"target\":{\"@type\":\"EntryPoint\",\"urlTemplate\":\"https:\\\/\\\/mrnews.com.br\\\/?s={search_term_string}\"},\"query-input\":{\"@type\":\"PropertyValueSpecification\",\"valueRequired\":true,\"valueName\":\"search_term_string\"}}],\"inLanguage\":\"pt-BR\"},{\"@type\":\"Organization\",\"@id\":\"https:\\\/\\\/mrnews.com.br\\\/#organization\",\"name\":\"MRNews\",\"url\":\"https:\\\/\\\/mrnews.com.br\\\/\",\"logo\":{\"@type\":\"ImageObject\",\"inLanguage\":\"pt-BR\",\"@id\":\"https:\\\/\\\/mrnews.com.br\\\/#\\\/schema\\\/logo\\\/image\\\/\",\"url\":\"https:\\\/\\\/mrnews.com.br\\\/wp-content\\\/uploads\\\/2026\\\/08\\\/MRNEws.png\",\"contentUrl\":\"https:\\\/\\\/mrnews.com.br\\\/wp-content\\\/uploads\\\/2026\\\/08\\\/MRNEws.png\",\"width\":1254,\"height\":1254,\"caption\":\"MRNews\"},\"image\":{\"@id\":\"https:\\\/\\\/mrnews.com.br\\\/#\\\/schema\\\/logo\\\/image\\\/\"},\"sameAs\":[\"https:\\\/\\\/www.facebook.com\\\/eaipahpah\\\/?locale2=pt_BR\",\"https:\\\/\\\/x.com\\\/conspirou\",\"https:\\\/\\\/www.instagram.com\\\/eai_pahpah\",\"https:\\\/\\\/br.pinterest.com\\\/mrnewsn\\\/boards\\\/\",\"https:\\\/\\\/www.youtube.com\\\/channel\\\/UCacgnpznQ61fifLWr1tQ-vA?view_as=subscriber\"]},{\"@type\":\"Person\",\"@id\":\"https:\\\/\\\/mrnews.com.br\\\/#\\\/schema\\\/person\\\/2f073f2d87903a2ff9a065e41bbf17d4\",\"name\":\"Fernando Corraa\",\"image\":{\"@type\":\"ImageObject\",\"inLanguage\":\"pt-BR\",\"@id\":\"https:\\\/\\\/secure.gravatar.com\\\/avatar\\\/9069acb0e588c9f4346ba747284aef18a5faaab575e89e9ccc64e315003f0b82?s=96&d=monsterid&r=g\",\"url\":\"https:\\\/\\\/secure.gravatar.com\\\/avatar\\\/9069acb0e588c9f4346ba747284aef18a5faaab575e89e9ccc64e315003f0b82?s=96&d=monsterid&r=g\",\"contentUrl\":\"https:\\\/\\\/secure.gravatar.com\\\/avatar\\\/9069acb0e588c9f4346ba747284aef18a5faaab575e89e9ccc64e315003f0b82?s=96&d=monsterid&r=g\",\"caption\":\"Fernando Corraa\"},\"url\":\"https:\\\/\\\/mrnews.com.br\\\/index.php\\\/author\\\/fernando-corraa\\\/\"}]}<\/script>\n<!-- \/ Yoast SEO plugin. -->","yoast_head_json":{"title":"Anvisa interrompe fabrica\u00e7\u00e3o de produtos de limpeza da Unilever","robots":{"index":"index","follow":"follow","max-snippet":"max-snippet:-1","max-image-preview":"max-image-preview:large","max-video-preview":"max-video-preview:-1"},"canonical":"https:\/\/agenciabrasil.ebc.com.br\/saude\/noticia\/2026-09\/anvisa-interrompe-fabricacao-de-produtos-de-limpeza-da-unilever","og_locale":"pt_BR","og_type":"article","og_title":"Anvisa interrompe fabrica\u00e7\u00e3o de produtos de limpeza da Unilever","og_description":"Por EBC, A Ag\u00eancia Nacional de Vigil\u00e2ncia Sanit\u00e1ria (Anvisa) suspendeu, nesta quarta-feira (2), a fabrica\u00e7\u00e3o de produtos de limpeza na unidade da empresa Unilever, em Vinhedo, S\u00e3o Paulo.\u00a0 De acordo com a ag\u00eancia reguladora, o objetivo \u00e9 assegurar que futuros lotes dos produtos da empresa disponibilizados \u00e0 popula\u00e7\u00e3o n\u00e3o ofere\u00e7am risco \u00e0 sa\u00fade p\u00fablica. Na &hellip;","og_url":"https:\/\/agenciabrasil.ebc.com.br\/saude\/noticia\/2026-09\/anvisa-interrompe-fabricacao-de-produtos-de-limpeza-da-unilever","og_site_name":"MRNews","article_publisher":"https:\/\/www.facebook.com\/eaipahpah\/?locale2=pt_BR","article_published_time":"2026-09-02T15:37:33+00:00","author":"Fernando Corraa","twitter_card":"summary_large_image","twitter_creator":"@conspirou","twitter_site":"@conspirou","twitter_misc":{"Escrito por":"Fernando Corraa","Est. tempo de leitura":"2 minutos"},"schema":{"@context":"https:\/\/schema.org","@graph":[{"@type":"Article","@id":"https:\/\/agenciabrasil.ebc.com.br\/saude\/noticia\/2026-09\/anvisa-interrompe-fabricacao-de-produtos-de-limpeza-da-unilever#article","isPartOf":{"@id":"https:\/\/mrnews.com.br\/index.php\/2026\/09\/02\/anvisa-interrompe-fabricacao-de-produtos-de-limpeza-da-unilever\/"},"author":{"name":"Fernando Corraa","@id":"https:\/\/mrnews.com.br\/#\/schema\/person\/2f073f2d87903a2ff9a065e41bbf17d4"},"headline":"Anvisa interrompe fabrica\u00e7\u00e3o de produtos de limpeza da Unilever","datePublished":"2026-09-02T15:37:33+00:00","mainEntityOfPage":{"@id":"https:\/\/mrnews.com.br\/index.php\/2026\/09\/02\/anvisa-interrompe-fabricacao-de-produtos-de-limpeza-da-unilever\/"},"wordCount":500,"commentCount":0,"publisher":{"@id":"https:\/\/mrnews.com.br\/#organization"},"articleSection":["SERVI\u00c7OS"],"inLanguage":"pt-BR","potentialAction":[{"@type":"CommentAction","name":"Comment","target":["https:\/\/agenciabrasil.ebc.com.br\/saude\/noticia\/2026-09\/anvisa-interrompe-fabricacao-de-produtos-de-limpeza-da-unilever#respond"]}]},{"@type":"WebPage","@id":"https:\/\/mrnews.com.br\/index.php\/2026\/09\/02\/anvisa-interrompe-fabricacao-de-produtos-de-limpeza-da-unilever\/","url":"https:\/\/agenciabrasil.ebc.com.br\/saude\/noticia\/2026-09\/anvisa-interrompe-fabricacao-de-produtos-de-limpeza-da-unilever","name":"Anvisa interrompe fabrica\u00e7\u00e3o de produtos de limpeza da Unilever","isPartOf":{"@id":"https:\/\/mrnews.com.br\/#website"},"datePublished":"2026-09-02T15:37:33+00:00","breadcrumb":{"@id":"https:\/\/agenciabrasil.ebc.com.br\/saude\/noticia\/2026-09\/anvisa-interrompe-fabricacao-de-produtos-de-limpeza-da-unilever#breadcrumb"},"inLanguage":"pt-BR","potentialAction":[{"@type":"ReadAction","target":["https:\/\/agenciabrasil.ebc.com.br\/saude\/noticia\/2026-09\/anvisa-interrompe-fabricacao-de-produtos-de-limpeza-da-unilever"]}]},{"@type":"BreadcrumbList","@id":"https:\/\/agenciabrasil.ebc.com.br\/saude\/noticia\/2026-09\/anvisa-interrompe-fabricacao-de-produtos-de-limpeza-da-unilever#breadcrumb","itemListElement":[{"@type":"ListItem","position":1,"name":"In\u00edcio","item":"https:\/\/mrnews.com.br\/"},{"@type":"ListItem","position":2,"name":"Anvisa interrompe fabrica\u00e7\u00e3o de produtos de limpeza da Unilever"}]},{"@type":"WebSite","@id":"https:\/\/mrnews.com.br\/#website","url":"https:\/\/mrnews.com.br\/","name":"MRNews","description":"MRNews Jogos de hoje da TV, transmiss\u00f5es ao vivo, Not\u00edcias de futebol, Jogos ao vivo, Lives, resumo de novelas, Programa\u00e7\u00e3o da Globo, A Fazenda e BBB","publisher":{"@id":"https:\/\/mrnews.com.br\/#organization"},"potentialAction":[{"@type":"SearchAction","target":{"@type":"EntryPoint","urlTemplate":"https:\/\/mrnews.com.br\/?s={search_term_string}"},"query-input":{"@type":"PropertyValueSpecification","valueRequired":true,"valueName":"search_term_string"}}],"inLanguage":"pt-BR"},{"@type":"Organization","@id":"https:\/\/mrnews.com.br\/#organization","name":"MRNews","url":"https:\/\/mrnews.com.br\/","logo":{"@type":"ImageObject","inLanguage":"pt-BR","@id":"https:\/\/mrnews.com.br\/#\/schema\/logo\/image\/","url":"https:\/\/mrnews.com.br\/wp-content\/uploads\/2026\/08\/MRNEws.png","contentUrl":"https:\/\/mrnews.com.br\/wp-content\/uploads\/2026\/08\/MRNEws.png","width":1254,"height":1254,"caption":"MRNews"},"image":{"@id":"https:\/\/mrnews.com.br\/#\/schema\/logo\/image\/"},"sameAs":["https:\/\/www.facebook.com\/eaipahpah\/?locale2=pt_BR","https:\/\/x.com\/conspirou","https:\/\/www.instagram.com\/eai_pahpah","https:\/\/br.pinterest.com\/mrnewsn\/boards\/","https:\/\/www.youtube.com\/channel\/UCacgnpznQ61fifLWr1tQ-vA?view_as=subscriber"]},{"@type":"Person","@id":"https:\/\/mrnews.com.br\/#\/schema\/person\/2f073f2d87903a2ff9a065e41bbf17d4","name":"Fernando Corraa","image":{"@type":"ImageObject","inLanguage":"pt-BR","@id":"https:\/\/secure.gravatar.com\/avatar\/9069acb0e588c9f4346ba747284aef18a5faaab575e89e9ccc64e315003f0b82?s=96&d=monsterid&r=g","url":"https:\/\/secure.gravatar.com\/avatar\/9069acb0e588c9f4346ba747284aef18a5faaab575e89e9ccc64e315003f0b82?s=96&d=monsterid&r=g","contentUrl":"https:\/\/secure.gravatar.com\/avatar\/9069acb0e588c9f4346ba747284aef18a5faaab575e89e9ccc64e315003f0b82?s=96&d=monsterid&r=g","caption":"Fernando Corraa"},"url":"https:\/\/mrnews.com.br\/index.php\/author\/fernando-corraa\/"}]}},"jetpack_sharing_enabled":true,"jetpack_shortlink":"https:\/\/wp.me\/pa2Qf7-1Xfe","amp_enabled":true,"jetpack_featured_media_url":"","_links":{"self":[{"href":"https:\/\/mrnews.com.br\/index.php\/wp-json\/wp\/v2\/posts\/466068","targetHints":{"allow":["GET"]}}],"collection":[{"href":"https:\/\/mrnews.com.br\/index.php\/wp-json\/wp\/v2\/posts"}],"about":[{"href":"https:\/\/mrnews.com.br\/index.php\/wp-json\/wp\/v2\/types\/post"}],"author":[{"embeddable":true,"href":"https:\/\/mrnews.com.br\/index.php\/wp-json\/wp\/v2\/users\/39"}],"replies":[{"embeddable":true,"href":"https:\/\/mrnews.com.br\/index.php\/wp-json\/wp\/v2\/comments?post=466068"}],"version-history":[{"count":0,"href":"https:\/\/mrnews.com.br\/index.php\/wp-json\/wp\/v2\/posts\/466068\/revisions"}],"wp:attachment":[{"href":"https:\/\/mrnews.com.br\/index.php\/wp-json\/wp\/v2\/media?parent=466068"}],"wp:term":[{"taxonomy":"category","embeddable":true,"href":"https:\/\/mrnews.com.br\/index.php\/wp-json\/wp\/v2\/categories?post=466068"},{"taxonomy":"post_tag","embeddable":true,"href":"https:\/\/mrnews.com.br\/index.php\/wp-json\/wp\/v2\/tags?post=466068"}],"curies":[{"name":"wp","href":"https:\/\/api.w.org\/{rel}","templated":true}]}}