{"id":466074,"date":"2026-09-02T14:43:25","date_gmt":"2026-09-02T17:43:25","guid":{"rendered":"https:\/\/mrnews.com.br\/index.php\/2026\/09\/02\/casos-confirmados-de-sarampo-chegam-a-28-em-sao-paulo\/"},"modified":"2026-09-02T14:43:25","modified_gmt":"2026-09-02T17:43:25","slug":"casos-confirmados-de-sarampo-chegam-a-28-em-sao-paulo","status":"publish","type":"post","link":"https:\/\/mrnews.com.br\/index.php\/2026\/09\/02\/casos-confirmados-de-sarampo-chegam-a-28-em-sao-paulo\/","title":{"rendered":"Casos confirmados de sarampo chegam a 28 em S\u00e3o Paulo"},"content":{"rendered":"<p>Por EBC, <\/p>\n<div>\n<p><strong>O estado de S\u00e3o Paulo registrou nesta ter\u00e7a-feira (1) mais dois casos de sarampo, chegando a 28 registrados neste ano. Um beb\u00ea e uma mulher de 40 anos foram infectados pelo v\u00edrus. A informa\u00e7\u00e3o foi confirmada pela Secretaria de Sa\u00fade no \u00faltimo balan\u00e7o epidemiol\u00f3gico.<\/strong><\/p>\n<p>Segundo dados do governo do estado, 25 infec\u00e7\u00f5es ocorreram\u00a0na capital paulista, duas em S\u00e3o Bernardo do Campo e uma em Guarulhos, cidades da regi\u00e3o metropolitana da capital paulista.<\/p>\n<h2>Vacina\u00e7\u00e3o<\/h2>\n<p><strong>Durante o m\u00eas de agosto, o estado aplicou mais de 2,5 milh\u00f5es de doses da vacina contra o sarampo. Do total, 2,4 milh\u00f5es de aplica\u00e7\u00f5es se concentraram em tr\u00eas munic\u00edpios: capital (2 milh\u00f5es), Guarulhos (230,1 mil) e S\u00e3o Bernardo do Campo (169,5 mil).<\/strong><\/p>\n<p>A vacina\u00e7\u00e3o em massa \u00e9 resultado da Campanha de Multivacina\u00e7\u00e3o que chegou ao fim na ter\u00e7a-feira, dia 1\u00ba de setembro. Tamb\u00e9m terminaram as a\u00e7\u00f5es de\u00a0estrat\u00e9gia ampliada de imuniza\u00e7\u00e3o contra o sarampo nos tr\u00eas munic\u00edpios.<\/p>\n<p>A campanha, que teve in\u00edcio no dia 3 de agosto, buscou refor\u00e7ar a vacina\u00e7\u00e3o ap\u00f3s o s\u00fabito aumento de casos de sarampo na regi\u00e3o metropolitana de S\u00e3o Paulo.\u00a0A cidade concentra 90% dos casos de sarampo. Al\u00e9m disso, a secretaria de sa\u00fade informa que 20 dos pacientes confirmados n\u00e3o tinham registro de vacina\u00e7\u00e3o contra a doen\u00e7a.<\/p>\n<h2>Vacina\u00e7\u00e3o\u00a0<\/h2>\n<p><strong>Mesmo com o fim da campanha, os imunizantes continuam \u00e0 disposi\u00e7\u00e3o da popula\u00e7\u00e3o nas unidades b\u00e1sicas de sa\u00fade (UBSs), de acordo com o calend\u00e1rio vacinal de cada faixa et\u00e1ria. <\/strong>Por conta da situa\u00e7\u00e3o epidemiol\u00f3gica local, a imuniza\u00e7\u00e3o sem restri\u00e7\u00f5es para quem tem entre 6 meses e 59 anos segue mantida nos distritos de Vila Medeiros, Vila Guilherme e Vila Maria, na zona norte de S\u00e3o Paulo.<\/p>\n<p>Al\u00e9m disso, a chamada &#8220;dose zero&#8221; contra o sarampo permanece dispon\u00edvel em todas as UBSs para beb\u00eas de 6 a 11 meses. A primeira dose n\u00e3o dispensa as doses regulares do Calend\u00e1rio Nacional de Vacina\u00e7\u00e3o,\u00a0aplicadas aos 12 e 15 meses de idade. <strong>\u00c9 preciso guardar um intervalo m\u00ednimo de 30 dias entre a &#8220;dose zero&#8221; e a vacina tr\u00edplice viral ou qualquer outro imunizante de v\u00edrus vivo atenuado.<\/strong><\/p>\n<p>O atendimento nas UBSs ocorre de segunda a sexta-feira, das 7h \u00e0s 19h. Nas assist\u00eancias m\u00e9dicas ambulatoriais (AMAs)\/UBSs Integradas, a vacina\u00e7\u00e3o tamb\u00e9m \u00e9 feita aos s\u00e1bados e feriados, no mesmo hor\u00e1rio. Para checar o estoque de vacinas em tempo real, pacientes podem acessar a plataforma De Olho na Fila.\u00a0<\/p>\n<p><em>*Estagi\u00e1rio da Ag\u00eancia Brasil sob supervis\u00e3o de Odair Braz Junior<\/em><\/p>\n<p>      <!-- Relacionada --><\/p>\n<p>            <!-- Relacionada -->\n    <\/div>\n","protected":false},"excerpt":{"rendered":"<p>Por EBC, O estado de S\u00e3o Paulo registrou nesta ter\u00e7a-feira (1) mais dois casos de sarampo, chegando a 28 registrados neste ano. Um beb\u00ea e uma mulher de 40 anos foram infectados pelo v\u00edrus. A informa\u00e7\u00e3o foi confirmada pela Secretaria de Sa\u00fade no \u00faltimo balan\u00e7o epidemiol\u00f3gico. Segundo dados do governo do estado, 25 infec\u00e7\u00f5es ocorreram\u00a0na &hellip;<\/p>\n","protected":false},"author":39,"featured_media":0,"comment_status":"open","ping_status":"open","sticky":false,"template":"","format":"standard","meta":{"_jetpack_newsletter_access":"","_jetpack_dont_email_post_to_subs":false,"_jetpack_newsletter_tier_id":0,"_jetpack_memberships_contains_paywalled_content":false,"_jetpack_feature_clip_id":0,"_jetpack_memberships_contains_paid_content":false,"footnotes":"","jetpack_post_was_ever_published":false},"categories":[4],"tags":[],"class_list":["post-466074","post","type-post","status-publish","format-standard","hentry","category-servicos"],"yoast_head":"<!-- This site is optimized with the Yoast SEO plugin v28.4 - https:\/\/yoast.com\/product\/yoast-seo-wordpress\/ -->\n<title>Casos confirmados de sarampo chegam a 28 em S\u00e3o Paulo<\/title>\n<meta name=\"robots\" content=\"index, follow, max-snippet:-1, max-image-preview:large, max-video-preview:-1\" \/>\n<link rel=\"canonical\" href=\"https:\/\/agenciabrasil.ebc.com.br\/saude\/noticia\/2026-09\/casos-confirmados-de-sarampo-chegam-28-em-sao-paulo\" \/>\n<meta property=\"og:locale\" content=\"pt_BR\" \/>\n<meta property=\"og:type\" content=\"article\" \/>\n<meta property=\"og:title\" content=\"Casos confirmados de sarampo chegam a 28 em S\u00e3o Paulo\" \/>\n<meta property=\"og:description\" content=\"Por EBC, O estado de S\u00e3o Paulo registrou nesta ter\u00e7a-feira (1) mais dois casos de sarampo, chegando a 28 registrados neste ano. Um beb\u00ea e uma mulher de 40 anos foram infectados pelo v\u00edrus. A informa\u00e7\u00e3o foi confirmada pela Secretaria de Sa\u00fade no \u00faltimo balan\u00e7o epidemiol\u00f3gico. Segundo dados do governo do estado, 25 infec\u00e7\u00f5es ocorreram\u00a0na &hellip;\" \/>\n<meta property=\"og:url\" content=\"https:\/\/agenciabrasil.ebc.com.br\/saude\/noticia\/2026-09\/casos-confirmados-de-sarampo-chegam-28-em-sao-paulo\" \/>\n<meta property=\"og:site_name\" content=\"MRNews\" \/>\n<meta property=\"article:publisher\" content=\"https:\/\/www.facebook.com\/eaipahpah\/?locale2=pt_BR\" \/>\n<meta property=\"article:published_time\" content=\"2026-09-02T17:43:25+00:00\" \/>\n<meta name=\"author\" content=\"Fernando Corraa\" \/>\n<meta name=\"twitter:card\" content=\"summary_large_image\" \/>\n<meta name=\"twitter:creator\" content=\"@conspirou\" \/>\n<meta name=\"twitter:site\" content=\"@conspirou\" \/>\n<meta name=\"twitter:label1\" content=\"Escrito por\" \/>\n\t<meta name=\"twitter:data1\" content=\"Fernando Corraa\" \/>\n\t<meta name=\"twitter:label2\" content=\"Est. tempo de leitura\" \/>\n\t<meta name=\"twitter:data2\" content=\"2 minutos\" \/>\n<script type=\"application\/ld+json\" class=\"yoast-schema-graph\">{\"@context\":\"https:\\\/\\\/schema.org\",\"@graph\":[{\"@type\":\"Article\",\"@id\":\"https:\\\/\\\/agenciabrasil.ebc.com.br\\\/saude\\\/noticia\\\/2026-09\\\/casos-confirmados-de-sarampo-chegam-28-em-sao-paulo#article\",\"isPartOf\":{\"@id\":\"https:\\\/\\\/mrnews.com.br\\\/index.php\\\/2026\\\/09\\\/02\\\/casos-confirmados-de-sarampo-chegam-a-28-em-sao-paulo\\\/\"},\"author\":{\"name\":\"Fernando Corraa\",\"@id\":\"https:\\\/\\\/mrnews.com.br\\\/#\\\/schema\\\/person\\\/2f073f2d87903a2ff9a065e41bbf17d4\"},\"headline\":\"Casos confirmados de sarampo chegam a 28 em S\u00e3o Paulo\",\"datePublished\":\"2026-09-02T17:43:25+00:00\",\"mainEntityOfPage\":{\"@id\":\"https:\\\/\\\/mrnews.com.br\\\/index.php\\\/2026\\\/09\\\/02\\\/casos-confirmados-de-sarampo-chegam-a-28-em-sao-paulo\\\/\"},\"wordCount\":462,\"commentCount\":0,\"publisher\":{\"@id\":\"https:\\\/\\\/mrnews.com.br\\\/#organization\"},\"articleSection\":[\"SERVI\u00c7OS\"],\"inLanguage\":\"pt-BR\",\"potentialAction\":[{\"@type\":\"CommentAction\",\"name\":\"Comment\",\"target\":[\"https:\\\/\\\/agenciabrasil.ebc.com.br\\\/saude\\\/noticia\\\/2026-09\\\/casos-confirmados-de-sarampo-chegam-28-em-sao-paulo#respond\"]}]},{\"@type\":\"WebPage\",\"@id\":\"https:\\\/\\\/mrnews.com.br\\\/index.php\\\/2026\\\/09\\\/02\\\/casos-confirmados-de-sarampo-chegam-a-28-em-sao-paulo\\\/\",\"url\":\"https:\\\/\\\/agenciabrasil.ebc.com.br\\\/saude\\\/noticia\\\/2026-09\\\/casos-confirmados-de-sarampo-chegam-28-em-sao-paulo\",\"name\":\"Casos confirmados de sarampo chegam a 28 em S\u00e3o Paulo\",\"isPartOf\":{\"@id\":\"https:\\\/\\\/mrnews.com.br\\\/#website\"},\"datePublished\":\"2026-09-02T17:43:25+00:00\",\"breadcrumb\":{\"@id\":\"https:\\\/\\\/agenciabrasil.ebc.com.br\\\/saude\\\/noticia\\\/2026-09\\\/casos-confirmados-de-sarampo-chegam-28-em-sao-paulo#breadcrumb\"},\"inLanguage\":\"pt-BR\",\"potentialAction\":[{\"@type\":\"ReadAction\",\"target\":[\"https:\\\/\\\/agenciabrasil.ebc.com.br\\\/saude\\\/noticia\\\/2026-09\\\/casos-confirmados-de-sarampo-chegam-28-em-sao-paulo\"]}]},{\"@type\":\"BreadcrumbList\",\"@id\":\"https:\\\/\\\/agenciabrasil.ebc.com.br\\\/saude\\\/noticia\\\/2026-09\\\/casos-confirmados-de-sarampo-chegam-28-em-sao-paulo#breadcrumb\",\"itemListElement\":[{\"@type\":\"ListItem\",\"position\":1,\"name\":\"In\u00edcio\",\"item\":\"https:\\\/\\\/mrnews.com.br\\\/\"},{\"@type\":\"ListItem\",\"position\":2,\"name\":\"Casos confirmados de sarampo chegam a 28 em S\u00e3o Paulo\"}]},{\"@type\":\"WebSite\",\"@id\":\"https:\\\/\\\/mrnews.com.br\\\/#website\",\"url\":\"https:\\\/\\\/mrnews.com.br\\\/\",\"name\":\"MRNews\",\"description\":\"MRNews Jogos de hoje da TV, transmiss\u00f5es ao vivo, Not\u00edcias de futebol, Jogos ao vivo, Lives, resumo de novelas, Programa\u00e7\u00e3o da Globo, A Fazenda e BBB\",\"publisher\":{\"@id\":\"https:\\\/\\\/mrnews.com.br\\\/#organization\"},\"potentialAction\":[{\"@type\":\"SearchAction\",\"target\":{\"@type\":\"EntryPoint\",\"urlTemplate\":\"https:\\\/\\\/mrnews.com.br\\\/?s={search_term_string}\"},\"query-input\":{\"@type\":\"PropertyValueSpecification\",\"valueRequired\":true,\"valueName\":\"search_term_string\"}}],\"inLanguage\":\"pt-BR\"},{\"@type\":\"Organization\",\"@id\":\"https:\\\/\\\/mrnews.com.br\\\/#organization\",\"name\":\"MRNews\",\"url\":\"https:\\\/\\\/mrnews.com.br\\\/\",\"logo\":{\"@type\":\"ImageObject\",\"inLanguage\":\"pt-BR\",\"@id\":\"https:\\\/\\\/mrnews.com.br\\\/#\\\/schema\\\/logo\\\/image\\\/\",\"url\":\"https:\\\/\\\/mrnews.com.br\\\/wp-content\\\/uploads\\\/2026\\\/08\\\/MRNEws.png\",\"contentUrl\":\"https:\\\/\\\/mrnews.com.br\\\/wp-content\\\/uploads\\\/2026\\\/08\\\/MRNEws.png\",\"width\":1254,\"height\":1254,\"caption\":\"MRNews\"},\"image\":{\"@id\":\"https:\\\/\\\/mrnews.com.br\\\/#\\\/schema\\\/logo\\\/image\\\/\"},\"sameAs\":[\"https:\\\/\\\/www.facebook.com\\\/eaipahpah\\\/?locale2=pt_BR\",\"https:\\\/\\\/x.com\\\/conspirou\",\"https:\\\/\\\/www.instagram.com\\\/eai_pahpah\",\"https:\\\/\\\/br.pinterest.com\\\/mrnewsn\\\/boards\\\/\",\"https:\\\/\\\/www.youtube.com\\\/channel\\\/UCacgnpznQ61fifLWr1tQ-vA?view_as=subscriber\"]},{\"@type\":\"Person\",\"@id\":\"https:\\\/\\\/mrnews.com.br\\\/#\\\/schema\\\/person\\\/2f073f2d87903a2ff9a065e41bbf17d4\",\"name\":\"Fernando Corraa\",\"image\":{\"@type\":\"ImageObject\",\"inLanguage\":\"pt-BR\",\"@id\":\"https:\\\/\\\/secure.gravatar.com\\\/avatar\\\/9069acb0e588c9f4346ba747284aef18a5faaab575e89e9ccc64e315003f0b82?s=96&d=monsterid&r=g\",\"url\":\"https:\\\/\\\/secure.gravatar.com\\\/avatar\\\/9069acb0e588c9f4346ba747284aef18a5faaab575e89e9ccc64e315003f0b82?s=96&d=monsterid&r=g\",\"contentUrl\":\"https:\\\/\\\/secure.gravatar.com\\\/avatar\\\/9069acb0e588c9f4346ba747284aef18a5faaab575e89e9ccc64e315003f0b82?s=96&d=monsterid&r=g\",\"caption\":\"Fernando Corraa\"},\"url\":\"https:\\\/\\\/mrnews.com.br\\\/index.php\\\/author\\\/fernando-corraa\\\/\"}]}<\/script>\n<!-- \/ Yoast SEO plugin. -->","yoast_head_json":{"title":"Casos confirmados de sarampo chegam a 28 em S\u00e3o Paulo","robots":{"index":"index","follow":"follow","max-snippet":"max-snippet:-1","max-image-preview":"max-image-preview:large","max-video-preview":"max-video-preview:-1"},"canonical":"https:\/\/agenciabrasil.ebc.com.br\/saude\/noticia\/2026-09\/casos-confirmados-de-sarampo-chegam-28-em-sao-paulo","og_locale":"pt_BR","og_type":"article","og_title":"Casos confirmados de sarampo chegam a 28 em S\u00e3o Paulo","og_description":"Por EBC, O estado de S\u00e3o Paulo registrou nesta ter\u00e7a-feira (1) mais dois casos de sarampo, chegando a 28 registrados neste ano. Um beb\u00ea e uma mulher de 40 anos foram infectados pelo v\u00edrus. A informa\u00e7\u00e3o foi confirmada pela Secretaria de Sa\u00fade no \u00faltimo balan\u00e7o epidemiol\u00f3gico. Segundo dados do governo do estado, 25 infec\u00e7\u00f5es ocorreram\u00a0na &hellip;","og_url":"https:\/\/agenciabrasil.ebc.com.br\/saude\/noticia\/2026-09\/casos-confirmados-de-sarampo-chegam-28-em-sao-paulo","og_site_name":"MRNews","article_publisher":"https:\/\/www.facebook.com\/eaipahpah\/?locale2=pt_BR","article_published_time":"2026-09-02T17:43:25+00:00","author":"Fernando Corraa","twitter_card":"summary_large_image","twitter_creator":"@conspirou","twitter_site":"@conspirou","twitter_misc":{"Escrito por":"Fernando Corraa","Est. tempo de leitura":"2 minutos"},"schema":{"@context":"https:\/\/schema.org","@graph":[{"@type":"Article","@id":"https:\/\/agenciabrasil.ebc.com.br\/saude\/noticia\/2026-09\/casos-confirmados-de-sarampo-chegam-28-em-sao-paulo#article","isPartOf":{"@id":"https:\/\/mrnews.com.br\/index.php\/2026\/09\/02\/casos-confirmados-de-sarampo-chegam-a-28-em-sao-paulo\/"},"author":{"name":"Fernando Corraa","@id":"https:\/\/mrnews.com.br\/#\/schema\/person\/2f073f2d87903a2ff9a065e41bbf17d4"},"headline":"Casos confirmados de sarampo chegam a 28 em S\u00e3o Paulo","datePublished":"2026-09-02T17:43:25+00:00","mainEntityOfPage":{"@id":"https:\/\/mrnews.com.br\/index.php\/2026\/09\/02\/casos-confirmados-de-sarampo-chegam-a-28-em-sao-paulo\/"},"wordCount":462,"commentCount":0,"publisher":{"@id":"https:\/\/mrnews.com.br\/#organization"},"articleSection":["SERVI\u00c7OS"],"inLanguage":"pt-BR","potentialAction":[{"@type":"CommentAction","name":"Comment","target":["https:\/\/agenciabrasil.ebc.com.br\/saude\/noticia\/2026-09\/casos-confirmados-de-sarampo-chegam-28-em-sao-paulo#respond"]}]},{"@type":"WebPage","@id":"https:\/\/mrnews.com.br\/index.php\/2026\/09\/02\/casos-confirmados-de-sarampo-chegam-a-28-em-sao-paulo\/","url":"https:\/\/agenciabrasil.ebc.com.br\/saude\/noticia\/2026-09\/casos-confirmados-de-sarampo-chegam-28-em-sao-paulo","name":"Casos confirmados de sarampo chegam a 28 em S\u00e3o Paulo","isPartOf":{"@id":"https:\/\/mrnews.com.br\/#website"},"datePublished":"2026-09-02T17:43:25+00:00","breadcrumb":{"@id":"https:\/\/agenciabrasil.ebc.com.br\/saude\/noticia\/2026-09\/casos-confirmados-de-sarampo-chegam-28-em-sao-paulo#breadcrumb"},"inLanguage":"pt-BR","potentialAction":[{"@type":"ReadAction","target":["https:\/\/agenciabrasil.ebc.com.br\/saude\/noticia\/2026-09\/casos-confirmados-de-sarampo-chegam-28-em-sao-paulo"]}]},{"@type":"BreadcrumbList","@id":"https:\/\/agenciabrasil.ebc.com.br\/saude\/noticia\/2026-09\/casos-confirmados-de-sarampo-chegam-28-em-sao-paulo#breadcrumb","itemListElement":[{"@type":"ListItem","position":1,"name":"In\u00edcio","item":"https:\/\/mrnews.com.br\/"},{"@type":"ListItem","position":2,"name":"Casos confirmados de sarampo chegam a 28 em S\u00e3o Paulo"}]},{"@type":"WebSite","@id":"https:\/\/mrnews.com.br\/#website","url":"https:\/\/mrnews.com.br\/","name":"MRNews","description":"MRNews Jogos de hoje da TV, transmiss\u00f5es ao vivo, Not\u00edcias de futebol, Jogos ao vivo, Lives, resumo de novelas, Programa\u00e7\u00e3o da Globo, A Fazenda e BBB","publisher":{"@id":"https:\/\/mrnews.com.br\/#organization"},"potentialAction":[{"@type":"SearchAction","target":{"@type":"EntryPoint","urlTemplate":"https:\/\/mrnews.com.br\/?s={search_term_string}"},"query-input":{"@type":"PropertyValueSpecification","valueRequired":true,"valueName":"search_term_string"}}],"inLanguage":"pt-BR"},{"@type":"Organization","@id":"https:\/\/mrnews.com.br\/#organization","name":"MRNews","url":"https:\/\/mrnews.com.br\/","logo":{"@type":"ImageObject","inLanguage":"pt-BR","@id":"https:\/\/mrnews.com.br\/#\/schema\/logo\/image\/","url":"https:\/\/mrnews.com.br\/wp-content\/uploads\/2026\/08\/MRNEws.png","contentUrl":"https:\/\/mrnews.com.br\/wp-content\/uploads\/2026\/08\/MRNEws.png","width":1254,"height":1254,"caption":"MRNews"},"image":{"@id":"https:\/\/mrnews.com.br\/#\/schema\/logo\/image\/"},"sameAs":["https:\/\/www.facebook.com\/eaipahpah\/?locale2=pt_BR","https:\/\/x.com\/conspirou","https:\/\/www.instagram.com\/eai_pahpah","https:\/\/br.pinterest.com\/mrnewsn\/boards\/","https:\/\/www.youtube.com\/channel\/UCacgnpznQ61fifLWr1tQ-vA?view_as=subscriber"]},{"@type":"Person","@id":"https:\/\/mrnews.com.br\/#\/schema\/person\/2f073f2d87903a2ff9a065e41bbf17d4","name":"Fernando Corraa","image":{"@type":"ImageObject","inLanguage":"pt-BR","@id":"https:\/\/secure.gravatar.com\/avatar\/9069acb0e588c9f4346ba747284aef18a5faaab575e89e9ccc64e315003f0b82?s=96&d=monsterid&r=g","url":"https:\/\/secure.gravatar.com\/avatar\/9069acb0e588c9f4346ba747284aef18a5faaab575e89e9ccc64e315003f0b82?s=96&d=monsterid&r=g","contentUrl":"https:\/\/secure.gravatar.com\/avatar\/9069acb0e588c9f4346ba747284aef18a5faaab575e89e9ccc64e315003f0b82?s=96&d=monsterid&r=g","caption":"Fernando Corraa"},"url":"https:\/\/mrnews.com.br\/index.php\/author\/fernando-corraa\/"}]}},"jetpack_sharing_enabled":true,"jetpack_shortlink":"https:\/\/wp.me\/pa2Qf7-1Xfk","amp_enabled":true,"jetpack_featured_media_url":"","_links":{"self":[{"href":"https:\/\/mrnews.com.br\/index.php\/wp-json\/wp\/v2\/posts\/466074","targetHints":{"allow":["GET"]}}],"collection":[{"href":"https:\/\/mrnews.com.br\/index.php\/wp-json\/wp\/v2\/posts"}],"about":[{"href":"https:\/\/mrnews.com.br\/index.php\/wp-json\/wp\/v2\/types\/post"}],"author":[{"embeddable":true,"href":"https:\/\/mrnews.com.br\/index.php\/wp-json\/wp\/v2\/users\/39"}],"replies":[{"embeddable":true,"href":"https:\/\/mrnews.com.br\/index.php\/wp-json\/wp\/v2\/comments?post=466074"}],"version-history":[{"count":0,"href":"https:\/\/mrnews.com.br\/index.php\/wp-json\/wp\/v2\/posts\/466074\/revisions"}],"wp:attachment":[{"href":"https:\/\/mrnews.com.br\/index.php\/wp-json\/wp\/v2\/media?parent=466074"}],"wp:term":[{"taxonomy":"category","embeddable":true,"href":"https:\/\/mrnews.com.br\/index.php\/wp-json\/wp\/v2\/categories?post=466074"},{"taxonomy":"post_tag","embeddable":true,"href":"https:\/\/mrnews.com.br\/index.php\/wp-json\/wp\/v2\/tags?post=466074"}],"curies":[{"name":"wp","href":"https:\/\/api.w.org\/{rel}","templated":true}]}}