{"id":466075,"date":"2026-09-02T15:14:25","date_gmt":"2026-09-02T18:14:25","guid":{"rendered":"https:\/\/mrnews.com.br\/index.php\/2026\/09\/02\/prefeito-sanciona-lei-que-oficializa-asseb-como-entidade-de-utilidade-publica-em-bonito-prefeitura-municipal-de-bonito\/"},"modified":"2026-09-02T15:14:25","modified_gmt":"2026-09-02T18:14:25","slug":"prefeito-sanciona-lei-que-oficializa-asseb-como-entidade-de-utilidade-publica-em-bonito-prefeitura-municipal-de-bonito","status":"publish","type":"post","link":"https:\/\/mrnews.com.br\/index.php\/2026\/09\/02\/prefeito-sanciona-lei-que-oficializa-asseb-como-entidade-de-utilidade-publica-em-bonito-prefeitura-municipal-de-bonito\/","title":{"rendered":"Prefeito sanciona lei que oficializa ASSEB como entidade de utilidade p\u00fablica em Bonito &#8211; Prefeitura Municipal de Bonito"},"content":{"rendered":"<p><\/p>\n<div>\n<div class=\"td-post-featured-image\"><\/div>\n<p class=\"wp-block-paragraph\">A Associa\u00e7\u00e3o Empresarial de Bonito (ASSEB) foi oficialmente declarada de utilidade p\u00fablica municipal. A medida foi sancionada pelo prefeito Josmail Rodrigues por meio da Lei n\u00ba 1.831, de 1\u00ba de setembro de 2026, aprovada pela C\u00e2mara Municipal de Bonito por iniciativa do presidente do Legislativo, vereador Paulo Henrique Breda Santos.<\/p>\n<p class=\"wp-block-paragraph\">Na manh\u00e3 desta quarta-feira (2), o presidente da ASSEB, Rodrigo Loureiro, esteve no gabinete do prefeito Josmail Rodrigues para acompanhar a san\u00e7\u00e3o da lei, que representa um importante reconhecimento institucional \u00e0 atua\u00e7\u00e3o da entidade no munic\u00edpio.<\/p>\n<p class=\"wp-block-paragraph\">Com a nova legisla\u00e7\u00e3o, a ASSEB passa a ser reconhecida formalmente pelo Poder P\u00fablico Municipal como entidade de utilidade p\u00fablica, refor\u00e7ando sua import\u00e2ncia na representa\u00e7\u00e3o do setor empresarial e na promo\u00e7\u00e3o de a\u00e7\u00f5es que contribuem para o desenvolvimento de Bonito.<\/p>\n<p class=\"wp-block-paragraph\">O prefeito Josmail Rodrigues destacou a parceria entre o Munic\u00edpio e a Associa\u00e7\u00e3o Empresarial de Bonito e agradeceu ao Poder Legislativo pela aprova\u00e7\u00e3o da proposta.<\/p>\n<p class=\"wp-block-paragraph\">\u201cQuero agradecer ao Poder Legislativo, especialmente ao presidente Paulo Henrique Breda, pela aprova\u00e7\u00e3o dessa lei, que reconhece a import\u00e2ncia da ASSEB para o nosso munic\u00edpio. A ASSEB \u00e9 uma grande parceira da Prefeitura, principalmente na realiza\u00e7\u00e3o e apoio aos eventos de Bonito, ajudando a fomentar a nossa economia, movimentar o com\u00e9rcio, gerar emprego e renda e fortalecer os nossos empres\u00e1rios. Esse reconhecimento \u00e9 mais do que justo e refor\u00e7a uma parceria que \u00e9 muito importante para o desenvolvimento de Bonito\u201d, afirmou o prefeito.<\/p>\n<figure class=\"wp-block-gallery has-nested-images columns-default is-cropped wp-block-gallery-1 is-layout-flex wp-block-gallery-is-layout-flex\">\n<figure class=\"wp-block-image size-large\"><\/figure>\n<\/figure>\n<p class=\"wp-block-paragraph\">A declara\u00e7\u00e3o de utilidade p\u00fablica tamb\u00e9m representa um marco para a ASSEB, ao reconhecer oficialmente a relev\u00e2ncia de suas atividades para a coletividade bonitense. A entidade atua na defesa dos interesses do setor empresarial e na promo\u00e7\u00e3o de iniciativas voltadas ao fortalecimento da economia local.<\/p>\n<p class=\"wp-block-paragraph\">Em um munic\u00edpio cuja economia tem forte rela\u00e7\u00e3o com o turismo, o com\u00e9rcio e a presta\u00e7\u00e3o de servi\u00e7os, a atua\u00e7\u00e3o conjunta entre poder p\u00fablico e iniciativa privada \u00e9 fundamental para estimular novos neg\u00f3cios, fortalecer empresas e ampliar oportunidades para a popula\u00e7\u00e3o.<\/p>\n<p class=\"wp-block-paragraph\">A lei estabelece que a Secretaria Municipal de Administra\u00e7\u00e3o dever\u00e1 expedir o respectivo T\u00edtulo Declarat\u00f3rio de Utilidade P\u00fablica no prazo m\u00e1ximo de 30 dias, contados da publica\u00e7\u00e3o da legisla\u00e7\u00e3o.<\/p>\n<p class=\"wp-block-paragraph\">O texto tamb\u00e9m determina que a ASSEB dever\u00e1 apresentar, sempre que exigido, rela\u00e7\u00e3o circunstanciada dos servi\u00e7os prestados \u00e0 coletividade bonitense, al\u00e9m da comprova\u00e7\u00e3o do regular exerc\u00edcio das atividades previstas em seu estatuto.<\/p>\n<p class=\"wp-block-paragraph\">A declara\u00e7\u00e3o de utilidade p\u00fablica n\u00e3o implica qualquer \u00f4nus para o Er\u00e1rio Municipal.<\/p>\n<\/p><\/div>\n","protected":false},"excerpt":{"rendered":"<p>A Associa\u00e7\u00e3o Empresarial de Bonito (ASSEB) foi oficialmente declarada de utilidade p\u00fablica municipal. A medida foi sancionada pelo prefeito Josmail Rodrigues por meio da Lei n\u00ba 1.831, de 1\u00ba de setembro de 2026, aprovada pela C\u00e2mara Municipal de Bonito por iniciativa do presidente do Legislativo, vereador Paulo Henrique Breda Santos. Na manh\u00e3 desta quarta-feira (2), &hellip;<\/p>\n","protected":false},"author":39,"featured_media":0,"comment_status":"open","ping_status":"open","sticky":false,"template":"","format":"standard","meta":{"_jetpack_newsletter_access":"","_jetpack_dont_email_post_to_subs":false,"_jetpack_newsletter_tier_id":0,"_jetpack_memberships_contains_paywalled_content":false,"_jetpack_feature_clip_id":0,"_jetpack_memberships_contains_paid_content":false,"footnotes":"","jetpack_post_was_ever_published":false},"categories":[12410],"tags":[],"class_list":["post-466075","post","type-post","status-publish","format-standard","hentry","category-ms"],"yoast_head":"<!-- This site is optimized with the Yoast SEO plugin v28.4 - https:\/\/yoast.com\/product\/yoast-seo-wordpress\/ -->\n<title>Prefeito sanciona lei que oficializa ASSEB como entidade de utilidade p\u00fablica em Bonito - Prefeitura Municipal de Bonito<\/title>\n<meta name=\"robots\" content=\"index, follow, max-snippet:-1, max-image-preview:large, max-video-preview:-1\" \/>\n<link rel=\"canonical\" href=\"https:\/\/www.bonito.ms.gov.br\/2026\/09\/02\/prefeito-sanciona-lei-que-oficializa-asseb-como-entidade-de-utilidade-publica-em-bonito\/\" \/>\n<meta property=\"og:locale\" content=\"pt_BR\" \/>\n<meta property=\"og:type\" content=\"article\" \/>\n<meta property=\"og:title\" content=\"Prefeito sanciona lei que oficializa ASSEB como entidade de utilidade p\u00fablica em Bonito - Prefeitura Municipal de Bonito\" \/>\n<meta property=\"og:description\" content=\"A Associa\u00e7\u00e3o Empresarial de Bonito (ASSEB) foi oficialmente declarada de utilidade p\u00fablica municipal. A medida foi sancionada pelo prefeito Josmail Rodrigues por meio da Lei n\u00ba 1.831, de 1\u00ba de setembro de 2026, aprovada pela C\u00e2mara Municipal de Bonito por iniciativa do presidente do Legislativo, vereador Paulo Henrique Breda Santos. Na manh\u00e3 desta quarta-feira (2), &hellip;\" \/>\n<meta property=\"og:url\" content=\"https:\/\/www.bonito.ms.gov.br\/2026\/09\/02\/prefeito-sanciona-lei-que-oficializa-asseb-como-entidade-de-utilidade-publica-em-bonito\/\" \/>\n<meta property=\"og:site_name\" content=\"MRNews\" \/>\n<meta property=\"article:publisher\" content=\"https:\/\/www.facebook.com\/eaipahpah\/?locale2=pt_BR\" \/>\n<meta property=\"article:published_time\" content=\"2026-09-02T18:14:25+00:00\" \/>\n<meta name=\"author\" content=\"Fernando Corraa\" \/>\n<meta name=\"twitter:card\" content=\"summary_large_image\" \/>\n<meta name=\"twitter:creator\" content=\"@conspirou\" \/>\n<meta name=\"twitter:site\" content=\"@conspirou\" \/>\n<meta name=\"twitter:label1\" content=\"Escrito por\" \/>\n\t<meta name=\"twitter:data1\" content=\"Fernando Corraa\" \/>\n\t<meta name=\"twitter:label2\" content=\"Est. tempo de leitura\" \/>\n\t<meta name=\"twitter:data2\" content=\"2 minutos\" \/>\n<script type=\"application\/ld+json\" class=\"yoast-schema-graph\">{\"@context\":\"https:\\\/\\\/schema.org\",\"@graph\":[{\"@type\":\"Article\",\"@id\":\"https:\\\/\\\/www.bonito.ms.gov.br\\\/2026\\\/09\\\/02\\\/prefeito-sanciona-lei-que-oficializa-asseb-como-entidade-de-utilidade-publica-em-bonito\\\/#article\",\"isPartOf\":{\"@id\":\"https:\\\/\\\/mrnews.com.br\\\/index.php\\\/2026\\\/09\\\/02\\\/prefeito-sanciona-lei-que-oficializa-asseb-como-entidade-de-utilidade-publica-em-bonito-prefeitura-municipal-de-bonito\\\/\"},\"author\":{\"name\":\"Fernando Corraa\",\"@id\":\"https:\\\/\\\/mrnews.com.br\\\/#\\\/schema\\\/person\\\/2f073f2d87903a2ff9a065e41bbf17d4\"},\"headline\":\"Prefeito sanciona lei que oficializa ASSEB como entidade de utilidade p\u00fablica em Bonito &#8211; Prefeitura Municipal de Bonito\",\"datePublished\":\"2026-09-02T18:14:25+00:00\",\"mainEntityOfPage\":{\"@id\":\"https:\\\/\\\/mrnews.com.br\\\/index.php\\\/2026\\\/09\\\/02\\\/prefeito-sanciona-lei-que-oficializa-asseb-como-entidade-de-utilidade-publica-em-bonito-prefeitura-municipal-de-bonito\\\/\"},\"wordCount\":457,\"commentCount\":0,\"publisher\":{\"@id\":\"https:\\\/\\\/mrnews.com.br\\\/#organization\"},\"articleSection\":[\"Mato Grosso do Sul\"],\"inLanguage\":\"pt-BR\",\"potentialAction\":[{\"@type\":\"CommentAction\",\"name\":\"Comment\",\"target\":[\"https:\\\/\\\/www.bonito.ms.gov.br\\\/2026\\\/09\\\/02\\\/prefeito-sanciona-lei-que-oficializa-asseb-como-entidade-de-utilidade-publica-em-bonito\\\/#respond\"]}]},{\"@type\":\"WebPage\",\"@id\":\"https:\\\/\\\/mrnews.com.br\\\/index.php\\\/2026\\\/09\\\/02\\\/prefeito-sanciona-lei-que-oficializa-asseb-como-entidade-de-utilidade-publica-em-bonito-prefeitura-municipal-de-bonito\\\/\",\"url\":\"https:\\\/\\\/www.bonito.ms.gov.br\\\/2026\\\/09\\\/02\\\/prefeito-sanciona-lei-que-oficializa-asseb-como-entidade-de-utilidade-publica-em-bonito\\\/\",\"name\":\"Prefeito sanciona lei que oficializa ASSEB como entidade de utilidade p\u00fablica em Bonito - Prefeitura Municipal de Bonito\",\"isPartOf\":{\"@id\":\"https:\\\/\\\/mrnews.com.br\\\/#website\"},\"datePublished\":\"2026-09-02T18:14:25+00:00\",\"breadcrumb\":{\"@id\":\"https:\\\/\\\/www.bonito.ms.gov.br\\\/2026\\\/09\\\/02\\\/prefeito-sanciona-lei-que-oficializa-asseb-como-entidade-de-utilidade-publica-em-bonito\\\/#breadcrumb\"},\"inLanguage\":\"pt-BR\",\"potentialAction\":[{\"@type\":\"ReadAction\",\"target\":[\"https:\\\/\\\/www.bonito.ms.gov.br\\\/2026\\\/09\\\/02\\\/prefeito-sanciona-lei-que-oficializa-asseb-como-entidade-de-utilidade-publica-em-bonito\\\/\"]}]},{\"@type\":\"BreadcrumbList\",\"@id\":\"https:\\\/\\\/www.bonito.ms.gov.br\\\/2026\\\/09\\\/02\\\/prefeito-sanciona-lei-que-oficializa-asseb-como-entidade-de-utilidade-publica-em-bonito\\\/#breadcrumb\",\"itemListElement\":[{\"@type\":\"ListItem\",\"position\":1,\"name\":\"In\u00edcio\",\"item\":\"https:\\\/\\\/mrnews.com.br\\\/\"},{\"@type\":\"ListItem\",\"position\":2,\"name\":\"Prefeito sanciona lei que oficializa ASSEB como entidade de utilidade p\u00fablica em Bonito &#8211; Prefeitura Municipal de Bonito\"}]},{\"@type\":\"WebSite\",\"@id\":\"https:\\\/\\\/mrnews.com.br\\\/#website\",\"url\":\"https:\\\/\\\/mrnews.com.br\\\/\",\"name\":\"MRNews\",\"description\":\"MRNews Jogos de hoje da TV, transmiss\u00f5es ao vivo, Not\u00edcias de futebol, Jogos ao vivo, Lives, resumo de novelas, Programa\u00e7\u00e3o da Globo, A Fazenda e BBB\",\"publisher\":{\"@id\":\"https:\\\/\\\/mrnews.com.br\\\/#organization\"},\"potentialAction\":[{\"@type\":\"SearchAction\",\"target\":{\"@type\":\"EntryPoint\",\"urlTemplate\":\"https:\\\/\\\/mrnews.com.br\\\/?s={search_term_string}\"},\"query-input\":{\"@type\":\"PropertyValueSpecification\",\"valueRequired\":true,\"valueName\":\"search_term_string\"}}],\"inLanguage\":\"pt-BR\"},{\"@type\":\"Organization\",\"@id\":\"https:\\\/\\\/mrnews.com.br\\\/#organization\",\"name\":\"MRNews\",\"url\":\"https:\\\/\\\/mrnews.com.br\\\/\",\"logo\":{\"@type\":\"ImageObject\",\"inLanguage\":\"pt-BR\",\"@id\":\"https:\\\/\\\/mrnews.com.br\\\/#\\\/schema\\\/logo\\\/image\\\/\",\"url\":\"https:\\\/\\\/mrnews.com.br\\\/wp-content\\\/uploads\\\/2026\\\/08\\\/MRNEws.png\",\"contentUrl\":\"https:\\\/\\\/mrnews.com.br\\\/wp-content\\\/uploads\\\/2026\\\/08\\\/MRNEws.png\",\"width\":1254,\"height\":1254,\"caption\":\"MRNews\"},\"image\":{\"@id\":\"https:\\\/\\\/mrnews.com.br\\\/#\\\/schema\\\/logo\\\/image\\\/\"},\"sameAs\":[\"https:\\\/\\\/www.facebook.com\\\/eaipahpah\\\/?locale2=pt_BR\",\"https:\\\/\\\/x.com\\\/conspirou\",\"https:\\\/\\\/www.instagram.com\\\/eai_pahpah\",\"https:\\\/\\\/br.pinterest.com\\\/mrnewsn\\\/boards\\\/\",\"https:\\\/\\\/www.youtube.com\\\/channel\\\/UCacgnpznQ61fifLWr1tQ-vA?view_as=subscriber\"]},{\"@type\":\"Person\",\"@id\":\"https:\\\/\\\/mrnews.com.br\\\/#\\\/schema\\\/person\\\/2f073f2d87903a2ff9a065e41bbf17d4\",\"name\":\"Fernando Corraa\",\"image\":{\"@type\":\"ImageObject\",\"inLanguage\":\"pt-BR\",\"@id\":\"https:\\\/\\\/secure.gravatar.com\\\/avatar\\\/9069acb0e588c9f4346ba747284aef18a5faaab575e89e9ccc64e315003f0b82?s=96&d=monsterid&r=g\",\"url\":\"https:\\\/\\\/secure.gravatar.com\\\/avatar\\\/9069acb0e588c9f4346ba747284aef18a5faaab575e89e9ccc64e315003f0b82?s=96&d=monsterid&r=g\",\"contentUrl\":\"https:\\\/\\\/secure.gravatar.com\\\/avatar\\\/9069acb0e588c9f4346ba747284aef18a5faaab575e89e9ccc64e315003f0b82?s=96&d=monsterid&r=g\",\"caption\":\"Fernando Corraa\"},\"url\":\"https:\\\/\\\/mrnews.com.br\\\/index.php\\\/author\\\/fernando-corraa\\\/\"}]}<\/script>\n<!-- \/ Yoast SEO plugin. -->","yoast_head_json":{"title":"Prefeito sanciona lei que oficializa ASSEB como entidade de utilidade p\u00fablica em Bonito - Prefeitura Municipal de Bonito","robots":{"index":"index","follow":"follow","max-snippet":"max-snippet:-1","max-image-preview":"max-image-preview:large","max-video-preview":"max-video-preview:-1"},"canonical":"https:\/\/www.bonito.ms.gov.br\/2026\/09\/02\/prefeito-sanciona-lei-que-oficializa-asseb-como-entidade-de-utilidade-publica-em-bonito\/","og_locale":"pt_BR","og_type":"article","og_title":"Prefeito sanciona lei que oficializa ASSEB como entidade de utilidade p\u00fablica em Bonito - Prefeitura Municipal de Bonito","og_description":"A Associa\u00e7\u00e3o Empresarial de Bonito (ASSEB) foi oficialmente declarada de utilidade p\u00fablica municipal. A medida foi sancionada pelo prefeito Josmail Rodrigues por meio da Lei n\u00ba 1.831, de 1\u00ba de setembro de 2026, aprovada pela C\u00e2mara Municipal de Bonito por iniciativa do presidente do Legislativo, vereador Paulo Henrique Breda Santos. Na manh\u00e3 desta quarta-feira (2), &hellip;","og_url":"https:\/\/www.bonito.ms.gov.br\/2026\/09\/02\/prefeito-sanciona-lei-que-oficializa-asseb-como-entidade-de-utilidade-publica-em-bonito\/","og_site_name":"MRNews","article_publisher":"https:\/\/www.facebook.com\/eaipahpah\/?locale2=pt_BR","article_published_time":"2026-09-02T18:14:25+00:00","author":"Fernando Corraa","twitter_card":"summary_large_image","twitter_creator":"@conspirou","twitter_site":"@conspirou","twitter_misc":{"Escrito por":"Fernando Corraa","Est. tempo de leitura":"2 minutos"},"schema":{"@context":"https:\/\/schema.org","@graph":[{"@type":"Article","@id":"https:\/\/www.bonito.ms.gov.br\/2026\/09\/02\/prefeito-sanciona-lei-que-oficializa-asseb-como-entidade-de-utilidade-publica-em-bonito\/#article","isPartOf":{"@id":"https:\/\/mrnews.com.br\/index.php\/2026\/09\/02\/prefeito-sanciona-lei-que-oficializa-asseb-como-entidade-de-utilidade-publica-em-bonito-prefeitura-municipal-de-bonito\/"},"author":{"name":"Fernando Corraa","@id":"https:\/\/mrnews.com.br\/#\/schema\/person\/2f073f2d87903a2ff9a065e41bbf17d4"},"headline":"Prefeito sanciona lei que oficializa ASSEB como entidade de utilidade p\u00fablica em Bonito &#8211; Prefeitura Municipal de Bonito","datePublished":"2026-09-02T18:14:25+00:00","mainEntityOfPage":{"@id":"https:\/\/mrnews.com.br\/index.php\/2026\/09\/02\/prefeito-sanciona-lei-que-oficializa-asseb-como-entidade-de-utilidade-publica-em-bonito-prefeitura-municipal-de-bonito\/"},"wordCount":457,"commentCount":0,"publisher":{"@id":"https:\/\/mrnews.com.br\/#organization"},"articleSection":["Mato Grosso do Sul"],"inLanguage":"pt-BR","potentialAction":[{"@type":"CommentAction","name":"Comment","target":["https:\/\/www.bonito.ms.gov.br\/2026\/09\/02\/prefeito-sanciona-lei-que-oficializa-asseb-como-entidade-de-utilidade-publica-em-bonito\/#respond"]}]},{"@type":"WebPage","@id":"https:\/\/mrnews.com.br\/index.php\/2026\/09\/02\/prefeito-sanciona-lei-que-oficializa-asseb-como-entidade-de-utilidade-publica-em-bonito-prefeitura-municipal-de-bonito\/","url":"https:\/\/www.bonito.ms.gov.br\/2026\/09\/02\/prefeito-sanciona-lei-que-oficializa-asseb-como-entidade-de-utilidade-publica-em-bonito\/","name":"Prefeito sanciona lei que oficializa ASSEB como entidade de utilidade p\u00fablica em Bonito - Prefeitura Municipal de Bonito","isPartOf":{"@id":"https:\/\/mrnews.com.br\/#website"},"datePublished":"2026-09-02T18:14:25+00:00","breadcrumb":{"@id":"https:\/\/www.bonito.ms.gov.br\/2026\/09\/02\/prefeito-sanciona-lei-que-oficializa-asseb-como-entidade-de-utilidade-publica-em-bonito\/#breadcrumb"},"inLanguage":"pt-BR","potentialAction":[{"@type":"ReadAction","target":["https:\/\/www.bonito.ms.gov.br\/2026\/09\/02\/prefeito-sanciona-lei-que-oficializa-asseb-como-entidade-de-utilidade-publica-em-bonito\/"]}]},{"@type":"BreadcrumbList","@id":"https:\/\/www.bonito.ms.gov.br\/2026\/09\/02\/prefeito-sanciona-lei-que-oficializa-asseb-como-entidade-de-utilidade-publica-em-bonito\/#breadcrumb","itemListElement":[{"@type":"ListItem","position":1,"name":"In\u00edcio","item":"https:\/\/mrnews.com.br\/"},{"@type":"ListItem","position":2,"name":"Prefeito sanciona lei que oficializa ASSEB como entidade de utilidade p\u00fablica em Bonito &#8211; Prefeitura Municipal de Bonito"}]},{"@type":"WebSite","@id":"https:\/\/mrnews.com.br\/#website","url":"https:\/\/mrnews.com.br\/","name":"MRNews","description":"MRNews Jogos de hoje da TV, transmiss\u00f5es ao vivo, Not\u00edcias de futebol, Jogos ao vivo, Lives, resumo de novelas, Programa\u00e7\u00e3o da Globo, A Fazenda e BBB","publisher":{"@id":"https:\/\/mrnews.com.br\/#organization"},"potentialAction":[{"@type":"SearchAction","target":{"@type":"EntryPoint","urlTemplate":"https:\/\/mrnews.com.br\/?s={search_term_string}"},"query-input":{"@type":"PropertyValueSpecification","valueRequired":true,"valueName":"search_term_string"}}],"inLanguage":"pt-BR"},{"@type":"Organization","@id":"https:\/\/mrnews.com.br\/#organization","name":"MRNews","url":"https:\/\/mrnews.com.br\/","logo":{"@type":"ImageObject","inLanguage":"pt-BR","@id":"https:\/\/mrnews.com.br\/#\/schema\/logo\/image\/","url":"https:\/\/mrnews.com.br\/wp-content\/uploads\/2026\/08\/MRNEws.png","contentUrl":"https:\/\/mrnews.com.br\/wp-content\/uploads\/2026\/08\/MRNEws.png","width":1254,"height":1254,"caption":"MRNews"},"image":{"@id":"https:\/\/mrnews.com.br\/#\/schema\/logo\/image\/"},"sameAs":["https:\/\/www.facebook.com\/eaipahpah\/?locale2=pt_BR","https:\/\/x.com\/conspirou","https:\/\/www.instagram.com\/eai_pahpah","https:\/\/br.pinterest.com\/mrnewsn\/boards\/","https:\/\/www.youtube.com\/channel\/UCacgnpznQ61fifLWr1tQ-vA?view_as=subscriber"]},{"@type":"Person","@id":"https:\/\/mrnews.com.br\/#\/schema\/person\/2f073f2d87903a2ff9a065e41bbf17d4","name":"Fernando Corraa","image":{"@type":"ImageObject","inLanguage":"pt-BR","@id":"https:\/\/secure.gravatar.com\/avatar\/9069acb0e588c9f4346ba747284aef18a5faaab575e89e9ccc64e315003f0b82?s=96&d=monsterid&r=g","url":"https:\/\/secure.gravatar.com\/avatar\/9069acb0e588c9f4346ba747284aef18a5faaab575e89e9ccc64e315003f0b82?s=96&d=monsterid&r=g","contentUrl":"https:\/\/secure.gravatar.com\/avatar\/9069acb0e588c9f4346ba747284aef18a5faaab575e89e9ccc64e315003f0b82?s=96&d=monsterid&r=g","caption":"Fernando Corraa"},"url":"https:\/\/mrnews.com.br\/index.php\/author\/fernando-corraa\/"}]}},"jetpack_sharing_enabled":true,"jetpack_shortlink":"https:\/\/wp.me\/pa2Qf7-1Xfl","amp_enabled":true,"jetpack_featured_media_url":"","_links":{"self":[{"href":"https:\/\/mrnews.com.br\/index.php\/wp-json\/wp\/v2\/posts\/466075","targetHints":{"allow":["GET"]}}],"collection":[{"href":"https:\/\/mrnews.com.br\/index.php\/wp-json\/wp\/v2\/posts"}],"about":[{"href":"https:\/\/mrnews.com.br\/index.php\/wp-json\/wp\/v2\/types\/post"}],"author":[{"embeddable":true,"href":"https:\/\/mrnews.com.br\/index.php\/wp-json\/wp\/v2\/users\/39"}],"replies":[{"embeddable":true,"href":"https:\/\/mrnews.com.br\/index.php\/wp-json\/wp\/v2\/comments?post=466075"}],"version-history":[{"count":0,"href":"https:\/\/mrnews.com.br\/index.php\/wp-json\/wp\/v2\/posts\/466075\/revisions"}],"wp:attachment":[{"href":"https:\/\/mrnews.com.br\/index.php\/wp-json\/wp\/v2\/media?parent=466075"}],"wp:term":[{"taxonomy":"category","embeddable":true,"href":"https:\/\/mrnews.com.br\/index.php\/wp-json\/wp\/v2\/categories?post=466075"},{"taxonomy":"post_tag","embeddable":true,"href":"https:\/\/mrnews.com.br\/index.php\/wp-json\/wp\/v2\/tags?post=466075"}],"curies":[{"name":"wp","href":"https:\/\/api.w.org\/{rel}","templated":true}]}}