{"id":466077,"date":"2026-09-02T16:07:34","date_gmt":"2026-09-02T19:07:34","guid":{"rendered":"https:\/\/mrnews.com.br\/index.php\/2026\/09\/02\/competitividade-do-mercado-de-carbono-moderniza-conservacao-florestal\/"},"modified":"2026-09-02T16:07:34","modified_gmt":"2026-09-02T19:07:34","slug":"competitividade-do-mercado-de-carbono-moderniza-conservacao-florestal","status":"publish","type":"post","link":"https:\/\/mrnews.com.br\/index.php\/2026\/09\/02\/competitividade-do-mercado-de-carbono-moderniza-conservacao-florestal\/","title":{"rendered":"Competitividade do mercado de carbono moderniza conserva\u00e7\u00e3o florestal"},"content":{"rendered":"<p>Por EBC, <\/p>\n<div>\n<p>No munic\u00edpio de Caracara\u00ed, em Roraima, um modelo de conserva\u00e7\u00e3o\u00a0aliou inova\u00e7\u00e3o tecnol\u00f3gica e a\u00e7\u00f5es socioambientais para garantir longevidade e competitividade no mercado de carbono em uma \u00e1rea de 14 mil hectares.<\/p>\n<p>A iniciativa, promovida pela empresa paulista de solu\u00e7\u00f5es para descarboniza\u00e7\u00e3o ZEG (Zero Emission Goal), \u00e9 uma alternativa produtiva para \u00e1reas florestais que ainda mant\u00e9m vegeta\u00e7\u00e3o nativa e que est\u00e3o sob press\u00e3o do desmatamento legal, a principal fonte de emiss\u00e3o de gases do efeito estufa no Brasil.<\/p>\n<p>O ac\u00famulo desses gases na atmosfera \u00e9 apontado como a causa para o aquecimento global, as mudan\u00e7as clim\u00e1ticas e o aumento da recorr\u00eancia de eventos clim\u00e1ticos extremos.<\/p>\n<p>Segundo o diretor-presidente da ZEG, Carlos Jacob, a \u00e1rea pertence a um produtor rural de soja de Goi\u00e1s\u00a0que havia solicitado ao Estado a autoriza\u00e7\u00e3o para desmate legal.<\/p>\n<p>\u201cO propriet\u00e1rio comprou essa \u00e1rea logo depois que Roraima passou por uma redu\u00e7\u00e3o da reserva legal\u201d, diz.<\/p>\n<p>\u00a0<\/p>\n<div class=\"dnd-widget-wrapper context-cheio_8colunas type-image\">\n<div class=\"dnd-atom-rendered\"><!-- scald=473290:cheio_8colunas --><\/p>\n<p>    <!-- END scald=473290 --><\/div>\n<p><h6 class=\"meta\">Carlos Jacob, diretor presidente da ZEG &#8211; Floresta Amaz\u00f4nica conservada em Caracara\u00ed Foto:\u00a0<strong>Fab\u00edola Sinimb\u00fa \/Ag\u00eancia Brasil<\/strong><!--END copyright=473290--><\/h6>\n<\/p>\n<\/div>\n<p>O C\u00f3digo Florestal (Lei 12.651\/2012) prev\u00ea que estados como Roraima, onde mais de 65% do territ\u00f3rio \u00e9 formado por unidades de conserva\u00e7\u00e3o, podem reduzir a reserva legal do bioma para 50% nas propriedades privadas, desde que haja um zoneamento ecol\u00f3gico econ\u00f4mico.<\/p>\n<p>Na \u00e1rea onde o modelo de conserva\u00e7\u00e3o foi implementado o bioma \u00e9 amaz\u00f4nico e, portanto, a reserva legal seria de 80% dos 14 mil hectares. Mas, como o estado de Roraima concluiu o zoneamento ecol\u00f3gico-econ\u00f4mico em 2022, o propriet\u00e1rio passou a ter direito de desmatar metade da \u00e1rea para plantar soja.<\/p>\n<blockquote>\n<p>\u201cA gente ficou sabendo que ele estava com esse pedido de supress\u00e3o da \u00e1rea. Ent\u00e3o, a gente contatou o produtor e no come\u00e7o ele ficou bastante com d\u00favidas se esse era o caminho a seguir, mas ele acreditou no nosso projeto e decidiu embarcar\u201d, conta Jacob.<\/p>\n<\/blockquote>\n<h2>Modelo<\/h2>\n<p>A proposta apresentada pela empresa ao produtor rural previa um modelo inovador com investimentos em tecnologia de monitoramento e preven\u00e7\u00e3o de inc\u00eandio, programa socioambiental voltado \u00e0s comunidades coletoras de castanha-do-Par\u00e1 do entorno e todo o processo de certifica\u00e7\u00e3o dos estoques de carbono existentes.<\/p>\n<p>Com a aprova\u00e7\u00e3o do propriet\u00e1rio, foi realizado um trabalho de seguran\u00e7a jur\u00eddica com a remontagem da cadeia dominial da propriedade, para evitar problemas sobre direito de posse. O propriet\u00e1rio tamb\u00e9m fez a cess\u00e3o do direito real da superf\u00edcie da \u00e1rea por 40 anos, o tempo de dura\u00e7\u00e3o do contrato para comercializa\u00e7\u00e3o dos estoques de carbono.<\/p>\n<p>Segundo Carlos Jacob, essa iniciativa \u00e9 decisiva para dar credibilidade aos investidores ap\u00f3s o colapso do mercado de conserva\u00e7\u00e3o, entre 2021 e 2023, causado por n\u00fameros de mitiga\u00e7\u00e3o superestimados e comercializa\u00e7\u00e3o de estoques em \u00e1reas sobrepostas a terras p\u00fablicas.<\/p>\n<p>\u201cFoi quando a gente entendeu que tinha que entrar no mercado de conserva\u00e7\u00e3o para fazer diferente\u201d, diz Jacob.<\/p>\n<h2>Preven\u00e7\u00e3o de inc\u00eandio<\/h2>\n<p>A \u00e1rea de conserva\u00e7\u00e3o tamb\u00e9m recebeu uma torre de 60 metros, com um sistema de monitoramento capaz de identificar focos de inc\u00eandio e alertar a equipe em campo. O sistema conta com uma\u00a0c\u00e2mera associada a um programa de intelig\u00eancia artificial.\u00a0<\/p>\n<p>\u201cA gente consegue saber em tempo recorde, dentro dos tr\u00eas minutos que a c\u00e2mera leva para dar um giro de 360 graus. Chega para a gente um relat\u00f3rio, que mostra exatamente onde est\u00e1 acontecendo o foco de inc\u00eandio, e a gente coloca a equipe de campo para ir at\u00e9 o local\u201d, explica Cineone Silva, coordenador de opera\u00e7\u00f5es de campo da ZEG.<\/p>\n<p>Toda a equipe local, composta por 20 pessoas, passou por treinamento da brigada de inc\u00eandio interna. E como a capacidade de alcance da c\u00e2mera vai al\u00e9m da \u00e1rea de conserva\u00e7\u00e3o, duas \u00e1reas de assentamento vizinhas ao local tamb\u00e9m passaram por atualiza\u00e7\u00e3o de treinamento em suas brigadas comunit\u00e1rias.<\/p>\n<p>\u201cO principal risco, que a gente tem mais dificuldade de mitigar, \u00e9 o inc\u00eandio. Ent\u00e3o, a gente investiu bastante na infraestrutura de combate a inc\u00eandio\u201d, refor\u00e7a Carlos Jacob.<\/p>\n<h2>\u00a0<\/h2>\n<div class=\"dnd-widget-wrapper context-cheio_8colunas type-image\">\n<div class=\"dnd-atom-rendered\"><!-- scald=473286:cheio_8colunas --><\/p>\n<p>    <!-- END scald=473286 --><\/div>\n<p><h6 class=\"meta\">Cineone Silva, coordenador de opera\u00e7\u00e3o da ZEG &#8211; Floresta Amaz\u00f4nica conservada em Caracara\u00ed Foto:\u00a0<strong>Fab\u00edola Sinimb\u00fa \/Ag\u00eancia Brasil<\/strong><!--END copyright=473286--><\/h6>\n<\/p>\n<\/div>\n<h2>Floresta em p\u00e9<\/h2>\n<p>Cerca de 36 fam\u00edlias\u00a0que vivem nos assentamentos vizinhos e que t\u00eam como fonte de renda a coleta da castanha-do-Par\u00e1\u00a0puderam manter o extrativismo de subsist\u00eancia.<\/p>\n<p>Um\u00a0desses moradores \u00e9 Jo\u00e3o In\u00e1cio Neto, que aprendeu a coletar a castanha desde crian\u00e7a, com o pai, que tamb\u00e9m era extrativista.<\/p>\n<blockquote>\n<p>\u201cEu nasci e me criei nesse estado e, nos \u00faltimos 15 anos, eu vi a transforma\u00e7\u00e3o com a entrada do agroneg\u00f3cio aqui na regi\u00e3o, com o plantio de soja e mais veneno que a gente n\u00e3o tinha. Quando venderam esse lugar, a gente imaginou tamb\u00e9m que n\u00e3o ia mais poder coletar\u201d, conta.<\/p>\n<\/blockquote>\n<p>\u00a0<\/p>\n<div class=\"dnd-widget-wrapper context-cheio_8colunas type-image\">\n<div class=\"dnd-atom-rendered\"><!-- scald=473288:cheio_8colunas --><\/p>\n<p>    <!-- END scald=473288 --><\/div>\n<p><h6 class=\"meta\">Jo\u00e3o In\u00e1cio Neto, extrativista de castanha Foto:\u00a0<strong>Fab\u00edola Sinimb\u00fa \/Ag\u00eancia Brasil<\/strong><!--END copyright=473288--><\/h6>\n<\/p>\n<\/div>\n<p>A conserva\u00e7\u00e3o da \u00e1rea e a parceria com a comunidade local resultaram tamb\u00e9m no fortalecimento da atividade por meio de capacita\u00e7\u00e3o e apoio para a constitui\u00e7\u00e3o da Associa\u00e7\u00e3o Agroextrativista do Munic\u00edpio de Caracara\u00ed (Agrocar).<\/p>\n<p>Em vez de trabalharem de forma isolada, as fam\u00edlias produziram juntas na \u00faltima safra,\u00a0para obterem pre\u00e7os mais vantajosos com a\u00a0pesagem e a venda coletiva.<\/p>\n<p>\u201cEste ano, eu achei que melhorou bastante, na compara\u00e7\u00e3o com os outros anos. Eu achei mais organizado\u00a0porque, antes, a gente vendia direto para o atravessador. Trabalhando junto, a gente j\u00e1 pode pensar em fazer uma venda melhor\u201d, diz a extrativista e secret\u00e1ria da Agrocar, Eliane de Sena.<\/p>\n<p>\u00a0<\/p>\n<div class=\"dnd-widget-wrapper context-cheio_8colunas type-image\">\n<div class=\"dnd-atom-rendered\"><!-- scald=473287:cheio_8colunas --><\/p>\n<p>    <!-- END scald=473287 --><\/div>\n<p><h6 class=\"meta\">Eliane de Sena, extrativista e secret\u00e1ria da Agrocar, extrativista de castanha Foto: <strong>Fab\u00edola Sinimb\u00fa \/Ag\u00eancia Brasil<\/strong><!--END copyright=473287--><\/h6>\n<\/p>\n<\/div>\n<p>Segundo Carlos Jacob, alcan\u00e7ando pre\u00e7os melhores, os extrativistas podem tamb\u00e9m melhorar a log\u00edstica e o transporte da castanha-do-Par\u00e1, o que\u00a0tamb\u00e9m permite o aproveitamento\u00a0do ouri\u00e7o.<\/p>\n<p>\u201cQuando a gente tira o caminho tradicional de desenvolvimento, a gente precisa dar uma alternativa que, nesse caso, \u00e9 a economia da floresta em p\u00e9, que passa por valorizar os bioativos e todos os produtos da floresta\u201d, diz o executivo.<\/p>\n<h2>Competitividade<\/h2>\n<p>Em todo o empreendimento,\u00a0foram investidos um total de R$ 20 milh\u00f5es, incluindo o processo de certifica\u00e7\u00e3o dos estoques de carbono.<\/p>\n<p>\u201cA gente usa a certifica\u00e7\u00e3o da Verra, passa pela auditoria da Earthwood, que \u00e9 uma empresa indiana, e, al\u00e9m dessas duas salvaguardas, a gente ainda tomou cuidado de pegar uma ag\u00eancia que vai certificar a qualidade\u201d, afirma Jacob.<\/p>\n<p>\u00a0<\/p>\n<div class=\"dnd-widget-wrapper context-cheio_8colunas type-image\">\n<div class=\"dnd-atom-rendered\"><!-- scald=473284:cheio_8colunas --><\/p>\n<p>    <!-- END scald=473284 --><\/div>\n<p><h6 class=\"meta\">Castanha-do-par\u00e1 coletada na \u00e1rea de conserva\u00e7\u00e3o em Caracara\u00ed (RR) Foto:\u00a0<strong>Fab\u00edola Sinimb\u00fa \/Ag\u00eancia Brasil<\/strong><!--END copyright=473284--><\/h6>\n<\/p>\n<\/div>\n<p>O estoque de carbono ainda n\u00e3o foi comercializado, mas a iniciativa j\u00e1 garantiu uma classifica\u00e7\u00e3o AA pela ag\u00eancia BeZero.<\/p>\n<p>\u201c\u00c9 a primeira nota duplo A de um projeto de carbono na Amaz\u00f4nia, e a primeira do mundo tamb\u00e9m para um projeto de desmatamento evitado\u201d, conclui Jacob.<\/p>\n<p><em>*A rep\u00f3rter viajou a convite da empresa ZEG<\/em>.<\/p>\n<p>      <!-- Relacionada --><\/p>\n<p>            <!-- Relacionada -->\n    <\/div>\n","protected":false},"excerpt":{"rendered":"<p>Por EBC, No munic\u00edpio de Caracara\u00ed, em Roraima, um modelo de conserva\u00e7\u00e3o\u00a0aliou inova\u00e7\u00e3o tecnol\u00f3gica e a\u00e7\u00f5es socioambientais para garantir longevidade e competitividade no mercado de carbono em uma \u00e1rea de 14 mil hectares. A iniciativa, promovida pela empresa paulista de solu\u00e7\u00f5es para descarboniza\u00e7\u00e3o ZEG (Zero Emission Goal), \u00e9 uma alternativa produtiva para \u00e1reas florestais que &hellip;<\/p>\n","protected":false},"author":39,"featured_media":0,"comment_status":"open","ping_status":"open","sticky":false,"template":"","format":"standard","meta":{"_jetpack_newsletter_access":"","_jetpack_dont_email_post_to_subs":false,"_jetpack_newsletter_tier_id":0,"_jetpack_memberships_contains_paywalled_content":false,"_jetpack_feature_clip_id":0,"_jetpack_memberships_contains_paid_content":false,"footnotes":"","jetpack_post_was_ever_published":false},"categories":[4],"tags":[],"class_list":["post-466077","post","type-post","status-publish","format-standard","hentry","category-servicos"],"yoast_head":"<!-- This site is optimized with the Yoast SEO plugin v28.4 - https:\/\/yoast.com\/product\/yoast-seo-wordpress\/ -->\n<title>Competitividade do mercado de carbono moderniza conserva\u00e7\u00e3o florestal<\/title>\n<meta name=\"robots\" content=\"index, follow, max-snippet:-1, max-image-preview:large, max-video-preview:-1\" \/>\n<link rel=\"canonical\" href=\"https:\/\/agenciabrasil.ebc.com.br\/meio-ambiente\/noticia\/2026-09\/competitividade-do-mercado-de-carbono-moderniza-conservacao-florestal\" \/>\n<meta property=\"og:locale\" content=\"pt_BR\" \/>\n<meta property=\"og:type\" content=\"article\" \/>\n<meta property=\"og:title\" content=\"Competitividade do mercado de carbono moderniza conserva\u00e7\u00e3o florestal\" \/>\n<meta property=\"og:description\" content=\"Por EBC, No munic\u00edpio de Caracara\u00ed, em Roraima, um modelo de conserva\u00e7\u00e3o\u00a0aliou inova\u00e7\u00e3o tecnol\u00f3gica e a\u00e7\u00f5es socioambientais para garantir longevidade e competitividade no mercado de carbono em uma \u00e1rea de 14 mil hectares. A iniciativa, promovida pela empresa paulista de solu\u00e7\u00f5es para descarboniza\u00e7\u00e3o ZEG (Zero Emission Goal), \u00e9 uma alternativa produtiva para \u00e1reas florestais que &hellip;\" \/>\n<meta property=\"og:url\" content=\"https:\/\/agenciabrasil.ebc.com.br\/meio-ambiente\/noticia\/2026-09\/competitividade-do-mercado-de-carbono-moderniza-conservacao-florestal\" \/>\n<meta property=\"og:site_name\" content=\"MRNews\" \/>\n<meta property=\"article:publisher\" content=\"https:\/\/www.facebook.com\/eaipahpah\/?locale2=pt_BR\" \/>\n<meta property=\"article:published_time\" content=\"2026-09-02T19:07:34+00:00\" \/>\n<meta name=\"author\" content=\"Fernando Corraa\" \/>\n<meta name=\"twitter:card\" content=\"summary_large_image\" \/>\n<meta name=\"twitter:creator\" content=\"@conspirou\" \/>\n<meta name=\"twitter:site\" content=\"@conspirou\" \/>\n<meta name=\"twitter:label1\" content=\"Escrito por\" \/>\n\t<meta name=\"twitter:data1\" content=\"Fernando Corraa\" \/>\n\t<meta name=\"twitter:label2\" content=\"Est. tempo de leitura\" \/>\n\t<meta name=\"twitter:data2\" content=\"6 minutos\" \/>\n<script type=\"application\/ld+json\" class=\"yoast-schema-graph\">{\"@context\":\"https:\\\/\\\/schema.org\",\"@graph\":[{\"@type\":\"Article\",\"@id\":\"https:\\\/\\\/agenciabrasil.ebc.com.br\\\/meio-ambiente\\\/noticia\\\/2026-09\\\/competitividade-do-mercado-de-carbono-moderniza-conservacao-florestal#article\",\"isPartOf\":{\"@id\":\"https:\\\/\\\/mrnews.com.br\\\/index.php\\\/2026\\\/09\\\/02\\\/competitividade-do-mercado-de-carbono-moderniza-conservacao-florestal\\\/\"},\"author\":{\"name\":\"Fernando Corraa\",\"@id\":\"https:\\\/\\\/mrnews.com.br\\\/#\\\/schema\\\/person\\\/2f073f2d87903a2ff9a065e41bbf17d4\"},\"headline\":\"Competitividade do mercado de carbono moderniza conserva\u00e7\u00e3o florestal\",\"datePublished\":\"2026-09-02T19:07:34+00:00\",\"mainEntityOfPage\":{\"@id\":\"https:\\\/\\\/mrnews.com.br\\\/index.php\\\/2026\\\/09\\\/02\\\/competitividade-do-mercado-de-carbono-moderniza-conservacao-florestal\\\/\"},\"wordCount\":1211,\"commentCount\":0,\"publisher\":{\"@id\":\"https:\\\/\\\/mrnews.com.br\\\/#organization\"},\"articleSection\":[\"SERVI\u00c7OS\"],\"inLanguage\":\"pt-BR\",\"potentialAction\":[{\"@type\":\"CommentAction\",\"name\":\"Comment\",\"target\":[\"https:\\\/\\\/agenciabrasil.ebc.com.br\\\/meio-ambiente\\\/noticia\\\/2026-09\\\/competitividade-do-mercado-de-carbono-moderniza-conservacao-florestal#respond\"]}]},{\"@type\":\"WebPage\",\"@id\":\"https:\\\/\\\/mrnews.com.br\\\/index.php\\\/2026\\\/09\\\/02\\\/competitividade-do-mercado-de-carbono-moderniza-conservacao-florestal\\\/\",\"url\":\"https:\\\/\\\/agenciabrasil.ebc.com.br\\\/meio-ambiente\\\/noticia\\\/2026-09\\\/competitividade-do-mercado-de-carbono-moderniza-conservacao-florestal\",\"name\":\"Competitividade do mercado de carbono moderniza conserva\u00e7\u00e3o florestal\",\"isPartOf\":{\"@id\":\"https:\\\/\\\/mrnews.com.br\\\/#website\"},\"datePublished\":\"2026-09-02T19:07:34+00:00\",\"breadcrumb\":{\"@id\":\"https:\\\/\\\/agenciabrasil.ebc.com.br\\\/meio-ambiente\\\/noticia\\\/2026-09\\\/competitividade-do-mercado-de-carbono-moderniza-conservacao-florestal#breadcrumb\"},\"inLanguage\":\"pt-BR\",\"potentialAction\":[{\"@type\":\"ReadAction\",\"target\":[\"https:\\\/\\\/agenciabrasil.ebc.com.br\\\/meio-ambiente\\\/noticia\\\/2026-09\\\/competitividade-do-mercado-de-carbono-moderniza-conservacao-florestal\"]}]},{\"@type\":\"BreadcrumbList\",\"@id\":\"https:\\\/\\\/agenciabrasil.ebc.com.br\\\/meio-ambiente\\\/noticia\\\/2026-09\\\/competitividade-do-mercado-de-carbono-moderniza-conservacao-florestal#breadcrumb\",\"itemListElement\":[{\"@type\":\"ListItem\",\"position\":1,\"name\":\"In\u00edcio\",\"item\":\"https:\\\/\\\/mrnews.com.br\\\/\"},{\"@type\":\"ListItem\",\"position\":2,\"name\":\"Competitividade do mercado de carbono moderniza conserva\u00e7\u00e3o florestal\"}]},{\"@type\":\"WebSite\",\"@id\":\"https:\\\/\\\/mrnews.com.br\\\/#website\",\"url\":\"https:\\\/\\\/mrnews.com.br\\\/\",\"name\":\"MRNews\",\"description\":\"MRNews Jogos de hoje da TV, transmiss\u00f5es ao vivo, Not\u00edcias de futebol, Jogos ao vivo, Lives, resumo de novelas, Programa\u00e7\u00e3o da Globo, A Fazenda e BBB\",\"publisher\":{\"@id\":\"https:\\\/\\\/mrnews.com.br\\\/#organization\"},\"potentialAction\":[{\"@type\":\"SearchAction\",\"target\":{\"@type\":\"EntryPoint\",\"urlTemplate\":\"https:\\\/\\\/mrnews.com.br\\\/?s={search_term_string}\"},\"query-input\":{\"@type\":\"PropertyValueSpecification\",\"valueRequired\":true,\"valueName\":\"search_term_string\"}}],\"inLanguage\":\"pt-BR\"},{\"@type\":\"Organization\",\"@id\":\"https:\\\/\\\/mrnews.com.br\\\/#organization\",\"name\":\"MRNews\",\"url\":\"https:\\\/\\\/mrnews.com.br\\\/\",\"logo\":{\"@type\":\"ImageObject\",\"inLanguage\":\"pt-BR\",\"@id\":\"https:\\\/\\\/mrnews.com.br\\\/#\\\/schema\\\/logo\\\/image\\\/\",\"url\":\"https:\\\/\\\/mrnews.com.br\\\/wp-content\\\/uploads\\\/2026\\\/08\\\/MRNEws.png\",\"contentUrl\":\"https:\\\/\\\/mrnews.com.br\\\/wp-content\\\/uploads\\\/2026\\\/08\\\/MRNEws.png\",\"width\":1254,\"height\":1254,\"caption\":\"MRNews\"},\"image\":{\"@id\":\"https:\\\/\\\/mrnews.com.br\\\/#\\\/schema\\\/logo\\\/image\\\/\"},\"sameAs\":[\"https:\\\/\\\/www.facebook.com\\\/eaipahpah\\\/?locale2=pt_BR\",\"https:\\\/\\\/x.com\\\/conspirou\",\"https:\\\/\\\/www.instagram.com\\\/eai_pahpah\",\"https:\\\/\\\/br.pinterest.com\\\/mrnewsn\\\/boards\\\/\",\"https:\\\/\\\/www.youtube.com\\\/channel\\\/UCacgnpznQ61fifLWr1tQ-vA?view_as=subscriber\"]},{\"@type\":\"Person\",\"@id\":\"https:\\\/\\\/mrnews.com.br\\\/#\\\/schema\\\/person\\\/2f073f2d87903a2ff9a065e41bbf17d4\",\"name\":\"Fernando Corraa\",\"image\":{\"@type\":\"ImageObject\",\"inLanguage\":\"pt-BR\",\"@id\":\"https:\\\/\\\/secure.gravatar.com\\\/avatar\\\/9069acb0e588c9f4346ba747284aef18a5faaab575e89e9ccc64e315003f0b82?s=96&d=monsterid&r=g\",\"url\":\"https:\\\/\\\/secure.gravatar.com\\\/avatar\\\/9069acb0e588c9f4346ba747284aef18a5faaab575e89e9ccc64e315003f0b82?s=96&d=monsterid&r=g\",\"contentUrl\":\"https:\\\/\\\/secure.gravatar.com\\\/avatar\\\/9069acb0e588c9f4346ba747284aef18a5faaab575e89e9ccc64e315003f0b82?s=96&d=monsterid&r=g\",\"caption\":\"Fernando Corraa\"},\"url\":\"https:\\\/\\\/mrnews.com.br\\\/index.php\\\/author\\\/fernando-corraa\\\/\"}]}<\/script>\n<!-- \/ Yoast SEO plugin. -->","yoast_head_json":{"title":"Competitividade do mercado de carbono moderniza conserva\u00e7\u00e3o florestal","robots":{"index":"index","follow":"follow","max-snippet":"max-snippet:-1","max-image-preview":"max-image-preview:large","max-video-preview":"max-video-preview:-1"},"canonical":"https:\/\/agenciabrasil.ebc.com.br\/meio-ambiente\/noticia\/2026-09\/competitividade-do-mercado-de-carbono-moderniza-conservacao-florestal","og_locale":"pt_BR","og_type":"article","og_title":"Competitividade do mercado de carbono moderniza conserva\u00e7\u00e3o florestal","og_description":"Por EBC, No munic\u00edpio de Caracara\u00ed, em Roraima, um modelo de conserva\u00e7\u00e3o\u00a0aliou inova\u00e7\u00e3o tecnol\u00f3gica e a\u00e7\u00f5es socioambientais para garantir longevidade e competitividade no mercado de carbono em uma \u00e1rea de 14 mil hectares. A iniciativa, promovida pela empresa paulista de solu\u00e7\u00f5es para descarboniza\u00e7\u00e3o ZEG (Zero Emission Goal), \u00e9 uma alternativa produtiva para \u00e1reas florestais que &hellip;","og_url":"https:\/\/agenciabrasil.ebc.com.br\/meio-ambiente\/noticia\/2026-09\/competitividade-do-mercado-de-carbono-moderniza-conservacao-florestal","og_site_name":"MRNews","article_publisher":"https:\/\/www.facebook.com\/eaipahpah\/?locale2=pt_BR","article_published_time":"2026-09-02T19:07:34+00:00","author":"Fernando Corraa","twitter_card":"summary_large_image","twitter_creator":"@conspirou","twitter_site":"@conspirou","twitter_misc":{"Escrito por":"Fernando Corraa","Est. tempo de leitura":"6 minutos"},"schema":{"@context":"https:\/\/schema.org","@graph":[{"@type":"Article","@id":"https:\/\/agenciabrasil.ebc.com.br\/meio-ambiente\/noticia\/2026-09\/competitividade-do-mercado-de-carbono-moderniza-conservacao-florestal#article","isPartOf":{"@id":"https:\/\/mrnews.com.br\/index.php\/2026\/09\/02\/competitividade-do-mercado-de-carbono-moderniza-conservacao-florestal\/"},"author":{"name":"Fernando Corraa","@id":"https:\/\/mrnews.com.br\/#\/schema\/person\/2f073f2d87903a2ff9a065e41bbf17d4"},"headline":"Competitividade do mercado de carbono moderniza conserva\u00e7\u00e3o florestal","datePublished":"2026-09-02T19:07:34+00:00","mainEntityOfPage":{"@id":"https:\/\/mrnews.com.br\/index.php\/2026\/09\/02\/competitividade-do-mercado-de-carbono-moderniza-conservacao-florestal\/"},"wordCount":1211,"commentCount":0,"publisher":{"@id":"https:\/\/mrnews.com.br\/#organization"},"articleSection":["SERVI\u00c7OS"],"inLanguage":"pt-BR","potentialAction":[{"@type":"CommentAction","name":"Comment","target":["https:\/\/agenciabrasil.ebc.com.br\/meio-ambiente\/noticia\/2026-09\/competitividade-do-mercado-de-carbono-moderniza-conservacao-florestal#respond"]}]},{"@type":"WebPage","@id":"https:\/\/mrnews.com.br\/index.php\/2026\/09\/02\/competitividade-do-mercado-de-carbono-moderniza-conservacao-florestal\/","url":"https:\/\/agenciabrasil.ebc.com.br\/meio-ambiente\/noticia\/2026-09\/competitividade-do-mercado-de-carbono-moderniza-conservacao-florestal","name":"Competitividade do mercado de carbono moderniza conserva\u00e7\u00e3o florestal","isPartOf":{"@id":"https:\/\/mrnews.com.br\/#website"},"datePublished":"2026-09-02T19:07:34+00:00","breadcrumb":{"@id":"https:\/\/agenciabrasil.ebc.com.br\/meio-ambiente\/noticia\/2026-09\/competitividade-do-mercado-de-carbono-moderniza-conservacao-florestal#breadcrumb"},"inLanguage":"pt-BR","potentialAction":[{"@type":"ReadAction","target":["https:\/\/agenciabrasil.ebc.com.br\/meio-ambiente\/noticia\/2026-09\/competitividade-do-mercado-de-carbono-moderniza-conservacao-florestal"]}]},{"@type":"BreadcrumbList","@id":"https:\/\/agenciabrasil.ebc.com.br\/meio-ambiente\/noticia\/2026-09\/competitividade-do-mercado-de-carbono-moderniza-conservacao-florestal#breadcrumb","itemListElement":[{"@type":"ListItem","position":1,"name":"In\u00edcio","item":"https:\/\/mrnews.com.br\/"},{"@type":"ListItem","position":2,"name":"Competitividade do mercado de carbono moderniza conserva\u00e7\u00e3o florestal"}]},{"@type":"WebSite","@id":"https:\/\/mrnews.com.br\/#website","url":"https:\/\/mrnews.com.br\/","name":"MRNews","description":"MRNews Jogos de hoje da TV, transmiss\u00f5es ao vivo, Not\u00edcias de futebol, Jogos ao vivo, Lives, resumo de novelas, Programa\u00e7\u00e3o da Globo, A Fazenda e BBB","publisher":{"@id":"https:\/\/mrnews.com.br\/#organization"},"potentialAction":[{"@type":"SearchAction","target":{"@type":"EntryPoint","urlTemplate":"https:\/\/mrnews.com.br\/?s={search_term_string}"},"query-input":{"@type":"PropertyValueSpecification","valueRequired":true,"valueName":"search_term_string"}}],"inLanguage":"pt-BR"},{"@type":"Organization","@id":"https:\/\/mrnews.com.br\/#organization","name":"MRNews","url":"https:\/\/mrnews.com.br\/","logo":{"@type":"ImageObject","inLanguage":"pt-BR","@id":"https:\/\/mrnews.com.br\/#\/schema\/logo\/image\/","url":"https:\/\/mrnews.com.br\/wp-content\/uploads\/2026\/08\/MRNEws.png","contentUrl":"https:\/\/mrnews.com.br\/wp-content\/uploads\/2026\/08\/MRNEws.png","width":1254,"height":1254,"caption":"MRNews"},"image":{"@id":"https:\/\/mrnews.com.br\/#\/schema\/logo\/image\/"},"sameAs":["https:\/\/www.facebook.com\/eaipahpah\/?locale2=pt_BR","https:\/\/x.com\/conspirou","https:\/\/www.instagram.com\/eai_pahpah","https:\/\/br.pinterest.com\/mrnewsn\/boards\/","https:\/\/www.youtube.com\/channel\/UCacgnpznQ61fifLWr1tQ-vA?view_as=subscriber"]},{"@type":"Person","@id":"https:\/\/mrnews.com.br\/#\/schema\/person\/2f073f2d87903a2ff9a065e41bbf17d4","name":"Fernando Corraa","image":{"@type":"ImageObject","inLanguage":"pt-BR","@id":"https:\/\/secure.gravatar.com\/avatar\/9069acb0e588c9f4346ba747284aef18a5faaab575e89e9ccc64e315003f0b82?s=96&d=monsterid&r=g","url":"https:\/\/secure.gravatar.com\/avatar\/9069acb0e588c9f4346ba747284aef18a5faaab575e89e9ccc64e315003f0b82?s=96&d=monsterid&r=g","contentUrl":"https:\/\/secure.gravatar.com\/avatar\/9069acb0e588c9f4346ba747284aef18a5faaab575e89e9ccc64e315003f0b82?s=96&d=monsterid&r=g","caption":"Fernando Corraa"},"url":"https:\/\/mrnews.com.br\/index.php\/author\/fernando-corraa\/"}]}},"jetpack_sharing_enabled":true,"jetpack_shortlink":"https:\/\/wp.me\/pa2Qf7-1Xfn","amp_enabled":true,"jetpack_featured_media_url":"","_links":{"self":[{"href":"https:\/\/mrnews.com.br\/index.php\/wp-json\/wp\/v2\/posts\/466077","targetHints":{"allow":["GET"]}}],"collection":[{"href":"https:\/\/mrnews.com.br\/index.php\/wp-json\/wp\/v2\/posts"}],"about":[{"href":"https:\/\/mrnews.com.br\/index.php\/wp-json\/wp\/v2\/types\/post"}],"author":[{"embeddable":true,"href":"https:\/\/mrnews.com.br\/index.php\/wp-json\/wp\/v2\/users\/39"}],"replies":[{"embeddable":true,"href":"https:\/\/mrnews.com.br\/index.php\/wp-json\/wp\/v2\/comments?post=466077"}],"version-history":[{"count":0,"href":"https:\/\/mrnews.com.br\/index.php\/wp-json\/wp\/v2\/posts\/466077\/revisions"}],"wp:attachment":[{"href":"https:\/\/mrnews.com.br\/index.php\/wp-json\/wp\/v2\/media?parent=466077"}],"wp:term":[{"taxonomy":"category","embeddable":true,"href":"https:\/\/mrnews.com.br\/index.php\/wp-json\/wp\/v2\/categories?post=466077"},{"taxonomy":"post_tag","embeddable":true,"href":"https:\/\/mrnews.com.br\/index.php\/wp-json\/wp\/v2\/tags?post=466077"}],"curies":[{"name":"wp","href":"https:\/\/api.w.org\/{rel}","templated":true}]}}