{"id":466081,"date":"2026-09-02T18:13:26","date_gmt":"2026-09-02T21:13:26","guid":{"rendered":"https:\/\/mrnews.com.br\/index.php\/2026\/09\/02\/professores-de-escolas-particulares-do-rio-fazem-greve-de-24-horas\/"},"modified":"2026-09-02T18:13:26","modified_gmt":"2026-09-02T21:13:26","slug":"professores-de-escolas-particulares-do-rio-fazem-greve-de-24-horas","status":"publish","type":"post","link":"https:\/\/mrnews.com.br\/index.php\/2026\/09\/02\/professores-de-escolas-particulares-do-rio-fazem-greve-de-24-horas\/","title":{"rendered":"Professores de escolas particulares do Rio fazem greve de 24 horas"},"content":{"rendered":"<p>Por EBC, <\/p>\n<div>\n<p>Professores de escolas particulares do Rio de Janeiro cruzaram os bra\u00e7os nesta quarta-feira (2) em reivindica\u00e7\u00e3o por melhores condi\u00e7\u00f5es de trabalho. A luta \u00e9 por reajuste salarial e pela valoriza\u00e7\u00e3o dos profissionais.\u00a0<\/p>\n<p><strong>A greve, de 24 horas, foi aprovada em assembleia conduzida pelo Sindicato dos Professores do Munic\u00edpio do Rio de Janeiro e Regi\u00e3o (Sinpro-Rio), no \u00faltimo s\u00e1bado (29), ap\u00f3s rodadas de negocia\u00e7\u00e3o sem acordo<\/strong>.<\/p>\n<p>Nesta quarta, mobilizados, os professores realizaram um ato no Largo do Machado, no bairro Catete, na zona sul da cidade. Participaram da paralisa\u00e7\u00e3o, de acordo com o sindicato, mais de 1 mil profissionais.\u00a0<\/p>\n<h2>Reivindica\u00e7\u00f5es<\/h2>\n<ul>\n<li><strong>pagamento da hora-atividade, trabalhada\u00a0fora da sala de aula\u00a0em atividades pedag\u00f3gicas; <\/strong><\/li>\n<li><strong>gratifica\u00e7\u00e3o pelo aprimoramento acad\u00eamico; <\/strong><\/li>\n<li><strong>equipara\u00e7\u00e3o salarial entre profissionais da educa\u00e7\u00e3o infantil, do ensino fundamental e do ensino m\u00e9dio; <\/strong><\/li>\n<li><strong>reajuste salarial de ao menos 5,5%.<\/strong><\/li>\n<\/ul>\n<p>De acordo com o diretor jur\u00eddico do SinproRio, F\u00e1bio Conde, o sal\u00e1rio est\u00e1 defasado. Al\u00e9m disso, <strong>principalmente ap\u00f3s a pandemia, o trabalho fora da sala de aula aumentou, com trabalho virtual, uso de plataformas de ensino, adapta\u00e7\u00e3o de materiais, entre outras tarefas<\/strong>.\u00a0<\/p>\n<p>&#8220;A gente vem solicitando que o patronato aceite que a gente inclua uma cl\u00e1usula para remunera\u00e7\u00e3o por essa hora-atividade fora de sala de aula, porque o professor tem trabalhado demais sem receber nada&#8221;, diz.<\/p>\n<blockquote>\n<p>&#8220;O professor est\u00e1 trabalhando na escala 7 por 0, porque ele trabalha todos os dias, ele tem fichas, tem trabalhos para corrigir, ele tem uma s\u00e9rie de coisas para fazer todos os dias, mesmo fora de sala de aula e n\u00e3o tem intervalo&#8221;, acrescenta. &#8220;A quantidade de professores que est\u00e3o afastados por quest\u00f5es mentais \u00e9 muito grande&#8221;.\u00a0<\/p>\n<\/blockquote>\n<p>A <strong>Ag\u00eancia Brasil<\/strong> entrou em contato com o Sindicato dos Esta\u00adbelecimentos de Ensino no Rio de Janeiro (SinepeRio) que optou por n\u00e3o se manifestar, neste momento, sobre o tema.\u00a0<\/p>\n<p>\u00a0<\/p>\n<div class=\"dnd-widget-wrapper context-cheio_8colunas type-image\">\n<div class=\"dnd-atom-rendered\"><!-- scald=473305:cheio_8colunas --><\/p>\n<p>    <!-- END scald=473305 --><\/div>\n<p><h6 class=\"meta\">Professores das escolas particulares do Rio de Janeiro, em greve por reajuste salarial e outras reivindica\u00e7\u00f5es, protestam nas ruas da regi\u00e3o do Largo do Machado. Foto:\u00a0<strong>Fernando Fraz\u00e3o\/Ag\u00eancia Brasil<\/strong><!--END copyright=473305--><\/h6>\n<\/p>\n<\/div>\n<p>      <!-- Relacionada --><\/p>\n<p>            <!-- Relacionada -->\n    <\/div>\n","protected":false},"excerpt":{"rendered":"<p>Por EBC, Professores de escolas particulares do Rio de Janeiro cruzaram os bra\u00e7os nesta quarta-feira (2) em reivindica\u00e7\u00e3o por melhores condi\u00e7\u00f5es de trabalho. A luta \u00e9 por reajuste salarial e pela valoriza\u00e7\u00e3o dos profissionais.\u00a0 A greve, de 24 horas, foi aprovada em assembleia conduzida pelo Sindicato dos Professores do Munic\u00edpio do Rio de Janeiro e &hellip;<\/p>\n","protected":false},"author":39,"featured_media":0,"comment_status":"open","ping_status":"open","sticky":false,"template":"","format":"standard","meta":{"_jetpack_newsletter_access":"","_jetpack_dont_email_post_to_subs":false,"_jetpack_newsletter_tier_id":0,"_jetpack_memberships_contains_paywalled_content":false,"_jetpack_feature_clip_id":0,"_jetpack_memberships_contains_paid_content":false,"footnotes":"","jetpack_post_was_ever_published":false},"categories":[4],"tags":[],"class_list":["post-466081","post","type-post","status-publish","format-standard","hentry","category-servicos"],"yoast_head":"<!-- This site is optimized with the Yoast SEO plugin v28.4 - https:\/\/yoast.com\/product\/yoast-seo-wordpress\/ -->\n<title>Professores de escolas particulares do Rio fazem greve de 24 horas<\/title>\n<meta name=\"robots\" content=\"index, follow, max-snippet:-1, max-image-preview:large, max-video-preview:-1\" \/>\n<link rel=\"canonical\" href=\"https:\/\/agenciabrasil.ebc.com.br\/educacao\/noticia\/2026-09\/professores-de-escolas-particulares-no-rio-fazem-greve-de-24-horas\" \/>\n<meta property=\"og:locale\" content=\"pt_BR\" \/>\n<meta property=\"og:type\" content=\"article\" \/>\n<meta property=\"og:title\" content=\"Professores de escolas particulares do Rio fazem greve de 24 horas\" \/>\n<meta property=\"og:description\" content=\"Por EBC, Professores de escolas particulares do Rio de Janeiro cruzaram os bra\u00e7os nesta quarta-feira (2) em reivindica\u00e7\u00e3o por melhores condi\u00e7\u00f5es de trabalho. A luta \u00e9 por reajuste salarial e pela valoriza\u00e7\u00e3o dos profissionais.\u00a0 A greve, de 24 horas, foi aprovada em assembleia conduzida pelo Sindicato dos Professores do Munic\u00edpio do Rio de Janeiro e &hellip;\" \/>\n<meta property=\"og:url\" content=\"https:\/\/agenciabrasil.ebc.com.br\/educacao\/noticia\/2026-09\/professores-de-escolas-particulares-no-rio-fazem-greve-de-24-horas\" \/>\n<meta property=\"og:site_name\" content=\"MRNews\" \/>\n<meta property=\"article:publisher\" content=\"https:\/\/www.facebook.com\/eaipahpah\/?locale2=pt_BR\" \/>\n<meta property=\"article:published_time\" content=\"2026-09-02T21:13:26+00:00\" \/>\n<meta name=\"author\" content=\"Fernando Corraa\" \/>\n<meta name=\"twitter:card\" content=\"summary_large_image\" \/>\n<meta name=\"twitter:creator\" content=\"@conspirou\" \/>\n<meta name=\"twitter:site\" content=\"@conspirou\" \/>\n<meta name=\"twitter:label1\" content=\"Escrito por\" \/>\n\t<meta name=\"twitter:data1\" content=\"Fernando Corraa\" \/>\n\t<meta name=\"twitter:label2\" content=\"Est. tempo de leitura\" \/>\n\t<meta name=\"twitter:data2\" content=\"2 minutos\" \/>\n<script type=\"application\/ld+json\" class=\"yoast-schema-graph\">{\"@context\":\"https:\\\/\\\/schema.org\",\"@graph\":[{\"@type\":\"Article\",\"@id\":\"https:\\\/\\\/agenciabrasil.ebc.com.br\\\/educacao\\\/noticia\\\/2026-09\\\/professores-de-escolas-particulares-no-rio-fazem-greve-de-24-horas#article\",\"isPartOf\":{\"@id\":\"https:\\\/\\\/mrnews.com.br\\\/index.php\\\/2026\\\/09\\\/02\\\/professores-de-escolas-particulares-do-rio-fazem-greve-de-24-horas\\\/\"},\"author\":{\"name\":\"Fernando Corraa\",\"@id\":\"https:\\\/\\\/mrnews.com.br\\\/#\\\/schema\\\/person\\\/2f073f2d87903a2ff9a065e41bbf17d4\"},\"headline\":\"Professores de escolas particulares do Rio fazem greve de 24 horas\",\"datePublished\":\"2026-09-02T21:13:26+00:00\",\"mainEntityOfPage\":{\"@id\":\"https:\\\/\\\/mrnews.com.br\\\/index.php\\\/2026\\\/09\\\/02\\\/professores-de-escolas-particulares-do-rio-fazem-greve-de-24-horas\\\/\"},\"wordCount\":366,\"commentCount\":0,\"publisher\":{\"@id\":\"https:\\\/\\\/mrnews.com.br\\\/#organization\"},\"articleSection\":[\"SERVI\u00c7OS\"],\"inLanguage\":\"pt-BR\",\"potentialAction\":[{\"@type\":\"CommentAction\",\"name\":\"Comment\",\"target\":[\"https:\\\/\\\/agenciabrasil.ebc.com.br\\\/educacao\\\/noticia\\\/2026-09\\\/professores-de-escolas-particulares-no-rio-fazem-greve-de-24-horas#respond\"]}]},{\"@type\":\"WebPage\",\"@id\":\"https:\\\/\\\/mrnews.com.br\\\/index.php\\\/2026\\\/09\\\/02\\\/professores-de-escolas-particulares-do-rio-fazem-greve-de-24-horas\\\/\",\"url\":\"https:\\\/\\\/agenciabrasil.ebc.com.br\\\/educacao\\\/noticia\\\/2026-09\\\/professores-de-escolas-particulares-no-rio-fazem-greve-de-24-horas\",\"name\":\"Professores de escolas particulares do Rio fazem greve de 24 horas\",\"isPartOf\":{\"@id\":\"https:\\\/\\\/mrnews.com.br\\\/#website\"},\"datePublished\":\"2026-09-02T21:13:26+00:00\",\"breadcrumb\":{\"@id\":\"https:\\\/\\\/agenciabrasil.ebc.com.br\\\/educacao\\\/noticia\\\/2026-09\\\/professores-de-escolas-particulares-no-rio-fazem-greve-de-24-horas#breadcrumb\"},\"inLanguage\":\"pt-BR\",\"potentialAction\":[{\"@type\":\"ReadAction\",\"target\":[\"https:\\\/\\\/agenciabrasil.ebc.com.br\\\/educacao\\\/noticia\\\/2026-09\\\/professores-de-escolas-particulares-no-rio-fazem-greve-de-24-horas\"]}]},{\"@type\":\"BreadcrumbList\",\"@id\":\"https:\\\/\\\/agenciabrasil.ebc.com.br\\\/educacao\\\/noticia\\\/2026-09\\\/professores-de-escolas-particulares-no-rio-fazem-greve-de-24-horas#breadcrumb\",\"itemListElement\":[{\"@type\":\"ListItem\",\"position\":1,\"name\":\"In\u00edcio\",\"item\":\"https:\\\/\\\/mrnews.com.br\\\/\"},{\"@type\":\"ListItem\",\"position\":2,\"name\":\"Professores de escolas particulares do Rio fazem greve de 24 horas\"}]},{\"@type\":\"WebSite\",\"@id\":\"https:\\\/\\\/mrnews.com.br\\\/#website\",\"url\":\"https:\\\/\\\/mrnews.com.br\\\/\",\"name\":\"MRNews\",\"description\":\"MRNews Jogos de hoje da TV, transmiss\u00f5es ao vivo, Not\u00edcias de futebol, Jogos ao vivo, Lives, resumo de novelas, Programa\u00e7\u00e3o da Globo, A Fazenda e BBB\",\"publisher\":{\"@id\":\"https:\\\/\\\/mrnews.com.br\\\/#organization\"},\"potentialAction\":[{\"@type\":\"SearchAction\",\"target\":{\"@type\":\"EntryPoint\",\"urlTemplate\":\"https:\\\/\\\/mrnews.com.br\\\/?s={search_term_string}\"},\"query-input\":{\"@type\":\"PropertyValueSpecification\",\"valueRequired\":true,\"valueName\":\"search_term_string\"}}],\"inLanguage\":\"pt-BR\"},{\"@type\":\"Organization\",\"@id\":\"https:\\\/\\\/mrnews.com.br\\\/#organization\",\"name\":\"MRNews\",\"url\":\"https:\\\/\\\/mrnews.com.br\\\/\",\"logo\":{\"@type\":\"ImageObject\",\"inLanguage\":\"pt-BR\",\"@id\":\"https:\\\/\\\/mrnews.com.br\\\/#\\\/schema\\\/logo\\\/image\\\/\",\"url\":\"https:\\\/\\\/mrnews.com.br\\\/wp-content\\\/uploads\\\/2026\\\/08\\\/MRNEws.png\",\"contentUrl\":\"https:\\\/\\\/mrnews.com.br\\\/wp-content\\\/uploads\\\/2026\\\/08\\\/MRNEws.png\",\"width\":1254,\"height\":1254,\"caption\":\"MRNews\"},\"image\":{\"@id\":\"https:\\\/\\\/mrnews.com.br\\\/#\\\/schema\\\/logo\\\/image\\\/\"},\"sameAs\":[\"https:\\\/\\\/www.facebook.com\\\/eaipahpah\\\/?locale2=pt_BR\",\"https:\\\/\\\/x.com\\\/conspirou\",\"https:\\\/\\\/www.instagram.com\\\/eai_pahpah\",\"https:\\\/\\\/br.pinterest.com\\\/mrnewsn\\\/boards\\\/\",\"https:\\\/\\\/www.youtube.com\\\/channel\\\/UCacgnpznQ61fifLWr1tQ-vA?view_as=subscriber\"]},{\"@type\":\"Person\",\"@id\":\"https:\\\/\\\/mrnews.com.br\\\/#\\\/schema\\\/person\\\/2f073f2d87903a2ff9a065e41bbf17d4\",\"name\":\"Fernando Corraa\",\"image\":{\"@type\":\"ImageObject\",\"inLanguage\":\"pt-BR\",\"@id\":\"https:\\\/\\\/secure.gravatar.com\\\/avatar\\\/9069acb0e588c9f4346ba747284aef18a5faaab575e89e9ccc64e315003f0b82?s=96&d=monsterid&r=g\",\"url\":\"https:\\\/\\\/secure.gravatar.com\\\/avatar\\\/9069acb0e588c9f4346ba747284aef18a5faaab575e89e9ccc64e315003f0b82?s=96&d=monsterid&r=g\",\"contentUrl\":\"https:\\\/\\\/secure.gravatar.com\\\/avatar\\\/9069acb0e588c9f4346ba747284aef18a5faaab575e89e9ccc64e315003f0b82?s=96&d=monsterid&r=g\",\"caption\":\"Fernando Corraa\"},\"url\":\"https:\\\/\\\/mrnews.com.br\\\/index.php\\\/author\\\/fernando-corraa\\\/\"}]}<\/script>\n<!-- \/ Yoast SEO plugin. -->","yoast_head_json":{"title":"Professores de escolas particulares do Rio fazem greve de 24 horas","robots":{"index":"index","follow":"follow","max-snippet":"max-snippet:-1","max-image-preview":"max-image-preview:large","max-video-preview":"max-video-preview:-1"},"canonical":"https:\/\/agenciabrasil.ebc.com.br\/educacao\/noticia\/2026-09\/professores-de-escolas-particulares-no-rio-fazem-greve-de-24-horas","og_locale":"pt_BR","og_type":"article","og_title":"Professores de escolas particulares do Rio fazem greve de 24 horas","og_description":"Por EBC, Professores de escolas particulares do Rio de Janeiro cruzaram os bra\u00e7os nesta quarta-feira (2) em reivindica\u00e7\u00e3o por melhores condi\u00e7\u00f5es de trabalho. A luta \u00e9 por reajuste salarial e pela valoriza\u00e7\u00e3o dos profissionais.\u00a0 A greve, de 24 horas, foi aprovada em assembleia conduzida pelo Sindicato dos Professores do Munic\u00edpio do Rio de Janeiro e &hellip;","og_url":"https:\/\/agenciabrasil.ebc.com.br\/educacao\/noticia\/2026-09\/professores-de-escolas-particulares-no-rio-fazem-greve-de-24-horas","og_site_name":"MRNews","article_publisher":"https:\/\/www.facebook.com\/eaipahpah\/?locale2=pt_BR","article_published_time":"2026-09-02T21:13:26+00:00","author":"Fernando Corraa","twitter_card":"summary_large_image","twitter_creator":"@conspirou","twitter_site":"@conspirou","twitter_misc":{"Escrito por":"Fernando Corraa","Est. tempo de leitura":"2 minutos"},"schema":{"@context":"https:\/\/schema.org","@graph":[{"@type":"Article","@id":"https:\/\/agenciabrasil.ebc.com.br\/educacao\/noticia\/2026-09\/professores-de-escolas-particulares-no-rio-fazem-greve-de-24-horas#article","isPartOf":{"@id":"https:\/\/mrnews.com.br\/index.php\/2026\/09\/02\/professores-de-escolas-particulares-do-rio-fazem-greve-de-24-horas\/"},"author":{"name":"Fernando Corraa","@id":"https:\/\/mrnews.com.br\/#\/schema\/person\/2f073f2d87903a2ff9a065e41bbf17d4"},"headline":"Professores de escolas particulares do Rio fazem greve de 24 horas","datePublished":"2026-09-02T21:13:26+00:00","mainEntityOfPage":{"@id":"https:\/\/mrnews.com.br\/index.php\/2026\/09\/02\/professores-de-escolas-particulares-do-rio-fazem-greve-de-24-horas\/"},"wordCount":366,"commentCount":0,"publisher":{"@id":"https:\/\/mrnews.com.br\/#organization"},"articleSection":["SERVI\u00c7OS"],"inLanguage":"pt-BR","potentialAction":[{"@type":"CommentAction","name":"Comment","target":["https:\/\/agenciabrasil.ebc.com.br\/educacao\/noticia\/2026-09\/professores-de-escolas-particulares-no-rio-fazem-greve-de-24-horas#respond"]}]},{"@type":"WebPage","@id":"https:\/\/mrnews.com.br\/index.php\/2026\/09\/02\/professores-de-escolas-particulares-do-rio-fazem-greve-de-24-horas\/","url":"https:\/\/agenciabrasil.ebc.com.br\/educacao\/noticia\/2026-09\/professores-de-escolas-particulares-no-rio-fazem-greve-de-24-horas","name":"Professores de escolas particulares do Rio fazem greve de 24 horas","isPartOf":{"@id":"https:\/\/mrnews.com.br\/#website"},"datePublished":"2026-09-02T21:13:26+00:00","breadcrumb":{"@id":"https:\/\/agenciabrasil.ebc.com.br\/educacao\/noticia\/2026-09\/professores-de-escolas-particulares-no-rio-fazem-greve-de-24-horas#breadcrumb"},"inLanguage":"pt-BR","potentialAction":[{"@type":"ReadAction","target":["https:\/\/agenciabrasil.ebc.com.br\/educacao\/noticia\/2026-09\/professores-de-escolas-particulares-no-rio-fazem-greve-de-24-horas"]}]},{"@type":"BreadcrumbList","@id":"https:\/\/agenciabrasil.ebc.com.br\/educacao\/noticia\/2026-09\/professores-de-escolas-particulares-no-rio-fazem-greve-de-24-horas#breadcrumb","itemListElement":[{"@type":"ListItem","position":1,"name":"In\u00edcio","item":"https:\/\/mrnews.com.br\/"},{"@type":"ListItem","position":2,"name":"Professores de escolas particulares do Rio fazem greve de 24 horas"}]},{"@type":"WebSite","@id":"https:\/\/mrnews.com.br\/#website","url":"https:\/\/mrnews.com.br\/","name":"MRNews","description":"MRNews Jogos de hoje da TV, transmiss\u00f5es ao vivo, Not\u00edcias de futebol, Jogos ao vivo, Lives, resumo de novelas, Programa\u00e7\u00e3o da Globo, A Fazenda e BBB","publisher":{"@id":"https:\/\/mrnews.com.br\/#organization"},"potentialAction":[{"@type":"SearchAction","target":{"@type":"EntryPoint","urlTemplate":"https:\/\/mrnews.com.br\/?s={search_term_string}"},"query-input":{"@type":"PropertyValueSpecification","valueRequired":true,"valueName":"search_term_string"}}],"inLanguage":"pt-BR"},{"@type":"Organization","@id":"https:\/\/mrnews.com.br\/#organization","name":"MRNews","url":"https:\/\/mrnews.com.br\/","logo":{"@type":"ImageObject","inLanguage":"pt-BR","@id":"https:\/\/mrnews.com.br\/#\/schema\/logo\/image\/","url":"https:\/\/mrnews.com.br\/wp-content\/uploads\/2026\/08\/MRNEws.png","contentUrl":"https:\/\/mrnews.com.br\/wp-content\/uploads\/2026\/08\/MRNEws.png","width":1254,"height":1254,"caption":"MRNews"},"image":{"@id":"https:\/\/mrnews.com.br\/#\/schema\/logo\/image\/"},"sameAs":["https:\/\/www.facebook.com\/eaipahpah\/?locale2=pt_BR","https:\/\/x.com\/conspirou","https:\/\/www.instagram.com\/eai_pahpah","https:\/\/br.pinterest.com\/mrnewsn\/boards\/","https:\/\/www.youtube.com\/channel\/UCacgnpznQ61fifLWr1tQ-vA?view_as=subscriber"]},{"@type":"Person","@id":"https:\/\/mrnews.com.br\/#\/schema\/person\/2f073f2d87903a2ff9a065e41bbf17d4","name":"Fernando Corraa","image":{"@type":"ImageObject","inLanguage":"pt-BR","@id":"https:\/\/secure.gravatar.com\/avatar\/9069acb0e588c9f4346ba747284aef18a5faaab575e89e9ccc64e315003f0b82?s=96&d=monsterid&r=g","url":"https:\/\/secure.gravatar.com\/avatar\/9069acb0e588c9f4346ba747284aef18a5faaab575e89e9ccc64e315003f0b82?s=96&d=monsterid&r=g","contentUrl":"https:\/\/secure.gravatar.com\/avatar\/9069acb0e588c9f4346ba747284aef18a5faaab575e89e9ccc64e315003f0b82?s=96&d=monsterid&r=g","caption":"Fernando Corraa"},"url":"https:\/\/mrnews.com.br\/index.php\/author\/fernando-corraa\/"}]}},"jetpack_sharing_enabled":true,"jetpack_shortlink":"https:\/\/wp.me\/pa2Qf7-1Xfr","amp_enabled":true,"jetpack_featured_media_url":"","_links":{"self":[{"href":"https:\/\/mrnews.com.br\/index.php\/wp-json\/wp\/v2\/posts\/466081","targetHints":{"allow":["GET"]}}],"collection":[{"href":"https:\/\/mrnews.com.br\/index.php\/wp-json\/wp\/v2\/posts"}],"about":[{"href":"https:\/\/mrnews.com.br\/index.php\/wp-json\/wp\/v2\/types\/post"}],"author":[{"embeddable":true,"href":"https:\/\/mrnews.com.br\/index.php\/wp-json\/wp\/v2\/users\/39"}],"replies":[{"embeddable":true,"href":"https:\/\/mrnews.com.br\/index.php\/wp-json\/wp\/v2\/comments?post=466081"}],"version-history":[{"count":0,"href":"https:\/\/mrnews.com.br\/index.php\/wp-json\/wp\/v2\/posts\/466081\/revisions"}],"wp:attachment":[{"href":"https:\/\/mrnews.com.br\/index.php\/wp-json\/wp\/v2\/media?parent=466081"}],"wp:term":[{"taxonomy":"category","embeddable":true,"href":"https:\/\/mrnews.com.br\/index.php\/wp-json\/wp\/v2\/categories?post=466081"},{"taxonomy":"post_tag","embeddable":true,"href":"https:\/\/mrnews.com.br\/index.php\/wp-json\/wp\/v2\/tags?post=466081"}],"curies":[{"name":"wp","href":"https:\/\/api.w.org\/{rel}","templated":true}]}}