{"id":466086,"date":"2026-09-02T20:34:55","date_gmt":"2026-09-02T23:34:55","guid":{"rendered":"https:\/\/mrnews.com.br\/?p=466086"},"modified":"2026-09-02T20:34:55","modified_gmt":"2026-09-02T23:34:55","slug":"itau-prepara-novo-cartao-personnalite-the-essential-essa-semana-veja-o-que-ja-se-sabe-antes-do-anuncio","status":"publish","type":"post","link":"https:\/\/mrnews.com.br\/index.php\/2026\/09\/02\/itau-prepara-novo-cartao-personnalite-the-essential-essa-semana-veja-o-que-ja-se-sabe-antes-do-anuncio\/","title":{"rendered":"Ita\u00fa prepara novo cart\u00e3o Personnalit\u00e9 The Essential essa semana; veja o que j\u00e1 se sabe antes do an\u00fancio"},"content":{"rendered":"<p><strong>Novo cart\u00e3o deve ocupar espa\u00e7o entre o Personnalit\u00e9 Black e o The One, com benef\u00edcios que podem variar de acordo com o relacionamento do cliente com o banco<\/strong><\/p>\n<p>O Ita\u00fa Personnalit\u00e9 est\u00e1 prestes a ganhar um novo integrante em sua linha de cart\u00f5es premium. O <a href=\"https:\/\/viagemblack.com.br\/2026\/09\/02\/the-essential-o-novo-cartao-do-itau-personnalite-o-que-ja-se-sabe-condicao-completa-nesta-sexta-04-09-no-viagem-black\/\"><strong>The Essential<\/strong><\/a> vem chamando aten\u00e7\u00e3o justamente por ocupar uma posi\u00e7\u00e3o diferente dentro do portf\u00f3lio do banco: a proposta \u00e9 ficar entre os cart\u00f5es Personnalit\u00e9 Black e o sofisticado The One.<\/p>\n<p>Embora parte das informa\u00e7\u00f5es ainda n\u00e3o tenha sido oficialmente apresentada pelo Ita\u00fa, j\u00e1 existem dados suficientes para entender qual dever\u00e1 ser a estrat\u00e9gia do novo cart\u00e3o.<\/p>\n<p>E h\u00e1 uma data importante para quem acompanha o mercado de cart\u00f5es de cr\u00e9dito: <strong>4 de setembro de 2026<\/strong>. \u00c9 quando dever\u00e3o ser conhecidas as condi\u00e7\u00f5es completas do The Essential, incluindo detalhes de pontua\u00e7\u00e3o, benef\u00edcios, salas VIP e regras relacionadas \u00e0 anuidade.<\/p>\n<h2>The Essential deve preencher uma lacuna no Personnalit\u00e9<\/h2>\n<p>O novo cart\u00e3o parece fazer parte de uma mudan\u00e7a na forma como o Ita\u00fa organiza sua linha Personnalit\u00e9.<\/p>\n<p>Em vez de oferecer simplesmente cart\u00f5es com benef\u00edcios fixos, o banco vem trabalhando cada vez mais com uma l\u00f3gica de relacionamento. Nesse modelo, o n\u00edvel do cliente, seus gastos e outros v\u00ednculos com a institui\u00e7\u00e3o podem influenciar diretamente os benef\u00edcios dispon\u00edveis.<\/p>\n<p>O The Essential deve justamente entrar nessa estrutura.<\/p>\n<p>A expectativa \u00e9 que ele fique acima do Personnalit\u00e9 Black tradicional, mas abaixo do The One.<\/p>\n<p>Na pr\u00e1tica, seria uma esp\u00e9cie de degrau intermedi\u00e1rio para o cliente que deseja um cart\u00e3o mais sofisticado, mas ainda n\u00e3o est\u00e1 no patamar necess\u00e1rio para chegar aos produtos mais exclusivos do Personnalit\u00e9.<\/p>\n<h2>Quanto o The Essential vai custar?<\/h2>\n<p>Um dos poucos valores que j\u00e1 apareceu de forma concreta \u00e9 o da tarifa.<\/p>\n<p>O <strong>Personnalit\u00e9 Mastercard The Essential aparece na tabela de tarifas do Ita\u00fa com valor de R$ 80 por m\u00eas<\/strong>, o equivalente a <strong>R$ 960 por ano<\/strong>.<\/p>\n<p>Esse valor \u00e9 importante porque ajuda a entender o posicionamento do produto.<\/p>\n<p>Ele n\u00e3o est\u00e1 na mesma faixa dos cart\u00f5es mais caros do Ita\u00fa, como o The One e o World Legend, mas tamb\u00e9m n\u00e3o \u00e9 um cart\u00e3o de entrada gratuito.<\/p>\n<p>Por isso, a grande pergunta passa a ser: <strong>o que o cliente receber\u00e1 em troca dos R$ 960 anuais?<\/strong><\/p>\n<p>\u00c9 justamente essa resposta que pode definir se o The Essential ser\u00e1 competitivo.<\/p>\n<h2>Pontua\u00e7\u00e3o pode variar conforme o relacionamento<\/h2>\n<p>Outro ponto que chama aten\u00e7\u00e3o \u00e9 a possibilidade de o cart\u00e3o n\u00e3o ter uma \u00fanica pontua\u00e7\u00e3o para todos os clientes.<\/p>\n<p>As informa\u00e7\u00f5es que circulam no mercado indicam uma estrutura escalonada, vinculada ao relacionamento do cliente com o Ita\u00fa e ao seu n\u00edvel no <strong>Minhas Vantagens Personnalit\u00e9<\/strong>.<\/p>\n<p>Nas condi\u00e7\u00f5es que v\u00eam sendo apuradas, o cart\u00e3o poderia trabalhar com faixas como:<\/p>\n<table>\n<thead>\n<tr>\n<th>Perfil\/condi\u00e7\u00e3o<\/th>\n<th align=\"right\">Compras nacionais<\/th>\n<th align=\"right\">Compras internacionais<\/th>\n<\/tr>\n<\/thead>\n<tbody>\n<tr>\n<td>Faixa inicial<\/td>\n<td align=\"right\">2 pontos\/US$<\/td>\n<td align=\"right\">3 pontos\/US$<\/td>\n<\/tr>\n<tr>\n<td>Faixa superior<\/td>\n<td align=\"right\">2,5 pontos\/US$<\/td>\n<td align=\"right\">3,5 pontos\/US$<\/td>\n<\/tr>\n<\/tbody>\n<\/table>\n<p>Esses n\u00fameros ainda devem ser tratados como <strong>informa\u00e7\u00f5es preliminares<\/strong>, at\u00e9 que o Ita\u00fa divulgue oficialmente a configura\u00e7\u00e3o definitiva.<\/p>\n<p>Caso a estrutura seja confirmada, ser\u00e1 uma mudan\u00e7a importante na compara\u00e7\u00e3o entre cart\u00f5es.<\/p>\n<p>Isso significa que dois clientes com o mesmo cart\u00e3o poder\u00e3o ter experi\u00eancias diferentes dependendo do relacionamento mantido com o banco.<\/p>\n<h2>Salas VIP tamb\u00e9m podem seguir uma l\u00f3gica escalonada<\/h2>\n<p>As salas VIP s\u00e3o outro ponto que merece aten\u00e7\u00e3o.<\/p>\n<p>As informa\u00e7\u00f5es dispon\u00edveis apontam para a possibilidade de os acessos tamb\u00e9m variarem conforme o n\u00edvel do cliente no programa de relacionamento.<\/p>\n<p>Nas condi\u00e7\u00f5es que v\u00eam sendo apuradas, o n\u00famero poderia chegar a <strong>at\u00e9 oito acessos por ano nas faixas superiores<\/strong>.<\/p>\n<p>Nas faixas mais baixas, entretanto, o cliente poderia n\u00e3o ter acessos gratuitos.<\/p>\n<p>Esse detalhe \u00e9 particularmente importante porque o mercado de cart\u00f5es premium est\u00e1 cada vez mais competitivo nesse quesito.<\/p>\n<p>Ter a bandeira Mastercard Black, por si s\u00f3, j\u00e1 n\u00e3o significa necessariamente ter acesso ilimitado \u00e0s salas VIP.<\/p>\n<p>Por isso, saber exatamente quantos acessos o The Essential oferecer\u00e1 \u2014 e para quem \u2014 ser\u00e1 fundamental para determinar o real valor do cart\u00e3o.<\/p>\n<h2>The Essential x Personnalit\u00e9 Black<\/h2>\n<p>A compara\u00e7\u00e3o com o Personnalit\u00e9 Black ser\u00e1 inevit\u00e1vel.<\/p>\n<p>O Black j\u00e1 \u00e9 um produto conhecido pelos clientes do Ita\u00fa e possui vers\u00f5es voltadas para ac\u00famulo de pontos e cashback.<\/p>\n<p>O The Essential poder\u00e1 ganhar vantagem principalmente na pontua\u00e7\u00e3o internacional, caso seja confirmada a possibilidade de chegar aos <strong>3,5 pontos por d\u00f3lar<\/strong>.<\/p>\n<p>Por outro lado, o Black possui uma estrutura de benef\u00edcios j\u00e1 conhecida e pode ter condi\u00e7\u00f5es de redu\u00e7\u00e3o ou isen\u00e7\u00e3o da anuidade para determinados perfis.<\/p>\n<p>Portanto, n\u00e3o basta olhar apenas para o n\u00famero de pontos.<\/p>\n<p>O cliente precisar\u00e1 colocar na conta:<\/p>\n<ul>\n<li>anuidade;<\/li>\n<li>pontua\u00e7\u00e3o;<\/li>\n<li>acessos a salas VIP;<\/li>\n<li>benef\u00edcios da Mastercard;<\/li>\n<li>regras de isen\u00e7\u00e3o;<\/li>\n<li>n\u00edvel no Minhas Vantagens;<\/li>\n<li>gastos mensais;<\/li>\n<li>relacionamento com o Ita\u00fa.<\/li>\n<\/ul>\n<p>\u00c9 justamente nessa compara\u00e7\u00e3o que o The Essential poder\u00e1 mostrar se realmente representa uma evolu\u00e7\u00e3o.<\/p>\n<h2>E o The One?<\/h2>\n<p>O The One continuar\u00e1 em uma categoria superior.<\/p>\n<p>O cart\u00e3o foi desenvolvido para clientes de um n\u00edvel mais elevado dentro do Personnalit\u00e9 e re\u00fane benef\u00edcios que v\u00e3o al\u00e9m da simples pontua\u00e7\u00e3o.<\/p>\n<p>Por isso, n\u00e3o parece que o Ita\u00fa esteja criando o The Essential para substituir o The One.<\/p>\n<p>A l\u00f3gica seria outra:<\/p>\n<p><strong>Personnalit\u00e9 Black \u2192 The Essential \u2192 The One \u2192 World Legend<\/strong><\/p>\n<p>Essa estrutura cria uma esp\u00e9cie de escada de relacionamento dentro do banco.<\/p>\n<p>Quanto maior o n\u00edvel do cliente, maior a possibilidade de acessar produtos e benef\u00edcios diferenciados.<\/p>\n<h2>O novo cart\u00e3o pode ser interessante para quem j\u00e1 \u00e9 Personnalit\u00e9<\/h2>\n<p>O p\u00fablico que mais deve prestar aten\u00e7\u00e3o ao The Essential \u00e9 justamente aquele que j\u00e1 possui relacionamento com o Ita\u00fa Personnalit\u00e9.<\/p>\n<p>Para esse cliente, o novo cart\u00e3o pode representar uma alternativa intermedi\u00e1ria.<\/p>\n<p>Quem atualmente possui um Black pode avaliar se vale a pena migrar para o The Essential.<\/p>\n<p>J\u00e1 quem est\u00e1 tentando alcan\u00e7ar um produto superior pode enxergar o cart\u00e3o como uma etapa intermedi\u00e1ria antes do The One.<\/p>\n<p>Mas existe uma condi\u00e7\u00e3o fundamental: <strong>a conta precisa fechar financeiramente<\/strong>.<\/p>\n<p>Pagar R$ 960 por ano para ganhar mais pontos pode n\u00e3o fazer sentido para todos.<\/p>\n<p>Por outro lado, para quem concentra gastos elevados no cart\u00e3o e consegue aproveitar os benef\u00edcios, a matem\u00e1tica pode ser diferente.<\/p>\n<h2>O que ainda falta descobrir<\/h2>\n<p>Apesar das informa\u00e7\u00f5es j\u00e1 dispon\u00edveis, v\u00e1rios detalhes continuam aguardando confirma\u00e7\u00e3o oficial.<\/p>\n<p>Entre os principais pontos est\u00e3o:<\/p>\n<ul>\n<li>regras definitivas para conseguir o cart\u00e3o;<\/li>\n<li>pontua\u00e7\u00e3o exata de cada faixa;<\/li>\n<li>exig\u00eancia de gastos;<\/li>\n<li>rela\u00e7\u00e3o entre pontua\u00e7\u00e3o e Minhas Vantagens;<\/li>\n<li>quantidade de acessos \u00e0s salas VIP;<\/li>\n<li>regras para isen\u00e7\u00e3o ou desconto da anuidade;<\/li>\n<li>benef\u00edcios adicionais;<\/li>\n<li>data oficial de lan\u00e7amento;<\/li>\n<li>crit\u00e9rios para evolu\u00e7\u00e3o entre os cart\u00f5es Personnalit\u00e9.<\/li>\n<\/ul>\n<p>Essas informa\u00e7\u00f5es ser\u00e3o determinantes para descobrir se o The Essential ser\u00e1 realmente uma novidade relevante ou apenas mais uma op\u00e7\u00e3o intermedi\u00e1ria no portf\u00f3lio do banco.<\/p>\n<h2>Afinal, vale a pena esperar pelo The Essential?<\/h2>\n<p>Por enquanto, a resposta \u00e9: <strong>sim, mas sem pressa para trocar de cart\u00e3o<\/strong>.<\/p>\n<p>O The Essential \u00e9 interessante principalmente porque pode criar uma nova categoria dentro do Personnalit\u00e9.<\/p>\n<p>A possibilidade de combinar uma pontua\u00e7\u00e3o maior nas compras internacionais com benef\u00edcios vinculados ao relacionamento \u00e9 atrativa, mas ainda falta conhecer a configura\u00e7\u00e3o definitiva.<\/p>\n<p>E existe um ponto que n\u00e3o pode ser ignorado: <strong>o cart\u00e3o ter\u00e1 uma tarifa indicada de R$ 960 por ano<\/strong>.<\/p>\n<p>Portanto, a an\u00e1lise final precisa comparar o custo com aquilo que efetivamente ser\u00e1 entregue ao cliente.<\/p>\n<p>Se o Ita\u00fa confirmar uma boa pontua\u00e7\u00e3o, quantidade relevante de acessos a salas VIP e uma pol\u00edtica razo\u00e1vel de isen\u00e7\u00e3o, o produto poder\u00e1 ganhar espa\u00e7o.<\/p>\n<p>Caso contr\u00e1rio, o Personnalit\u00e9 Black e o pr\u00f3prio The One continuar\u00e3o sendo alternativas mais interessantes dependendo do perfil.<\/p>\n<h2>Sexta-feira ser\u00e1 o dia decisivo<\/h2>\n<p>O mercado de cart\u00f5es est\u00e1 de olho no <strong>dia 4 de setembro de 2026<\/strong>.<\/p>\n<p>\u00c9 nessa data que dever\u00e3o ser apresentadas as condi\u00e7\u00f5es completas do Ita\u00fa Personnalit\u00e9 The Essential.<\/p>\n<p>At\u00e9 l\u00e1, as informa\u00e7\u00f5es sobre pontua\u00e7\u00e3o, salas VIP e demais benef\u00edcios devem ser encaradas como preliminares.<\/p>\n<p>O que j\u00e1 est\u00e1 claro \u00e9 que o Ita\u00fa est\u00e1 ampliando a sua estrat\u00e9gia de segmenta\u00e7\u00e3o dentro do Personnalit\u00e9.<\/p>\n<p>E o The Essential pode ser justamente a pe\u00e7a que faltava entre os cart\u00f5es Black e os produtos de maior exclusividade.<\/p>\n<p><strong>Assim que as condi\u00e7\u00f5es completas forem divulgadas, ser\u00e1 poss\u00edvel fazer a conta definitiva: quanto custa manter o cart\u00e3o, quanto ele pontua e se os benef\u00edcios realmente compensam.<\/strong><\/p>\n<h3>\ud83d\udcb3 Quer melhorar seu cart\u00e3o de cr\u00e9dito?<\/h3>\n<p>Voc\u00ea n\u00e3o precisa simplesmente aceitar o cart\u00e3o que o banco oferece. <strong>Melhorar seu cart\u00e3o de cr\u00e9dito \u00e9 uma estrat\u00e9gia, n\u00e3o apenas aceitar o cart\u00e3o que o banco oferece.<\/strong><\/p>\n<p>Aprenda como buscar cart\u00f5es melhores, aumentar seus benef\u00edcios, acumular mais pontos e aproveitar melhor salas VIP e vantagens para suas viagens.<\/p>\n<p>Conhe\u00e7a o <strong>M\u00e9todo CVB \u2013 Cart\u00f5es Viagem Black, do B\u00e1sico ao Black<\/strong>:<\/p>\n<p><a href=\"https:\/\/viagemblack.com.br\/metodo-cvb-cartoes-viagem-black-do-basico-ao-black\/?utm_source=chatgpt.com\">Conhe\u00e7a o M\u00e9todo CVB<\/a><\/p>\n<p><strong>MR News \u2014 informa\u00e7\u00e3o, an\u00e1lise e as principais novidades do mercado financeiro, cart\u00f5es e viagens.<\/strong><\/p>\n","protected":false},"excerpt":{"rendered":"<p>Novo cart\u00e3o deve ocupar espa\u00e7o entre o Personnalit\u00e9 Black e o The One, com benef\u00edcios que podem variar de acordo com o relacionamento do cliente com o banco O Ita\u00fa Personnalit\u00e9 est\u00e1 prestes a ganhar um novo integrante em sua linha de cart\u00f5es premium. O The Essential vem chamando aten\u00e7\u00e3o justamente por ocupar uma posi\u00e7\u00e3o &hellip;<\/p>\n","protected":false},"author":1,"featured_media":465297,"comment_status":"open","ping_status":"open","sticky":false,"template":"","format":"standard","meta":{"_jetpack_newsletter_access":"","_jetpack_dont_email_post_to_subs":false,"_jetpack_newsletter_tier_id":0,"_jetpack_memberships_contains_paywalled_content":false,"_jetpack_feature_clip_id":0,"_jetpack_memberships_contains_paid_content":false,"footnotes":"","jetpack_post_was_ever_published":false},"categories":[13978],"tags":[],"class_list":["post-466086","post","type-post","status-publish","format-standard","has-post-thumbnail","hentry","category-bancos-e-financas"],"yoast_head":"<!-- This site is optimized with the Yoast SEO plugin v28.4 - https:\/\/yoast.com\/product\/yoast-seo-wordpress\/ -->\n<title>Ita\u00fa prepara novo cart\u00e3o Personnalit\u00e9 The Essential essa semana; veja o que j\u00e1 se sabe antes do an\u00fancio<\/title>\n<meta name=\"robots\" content=\"index, follow, max-snippet:-1, max-image-preview:large, max-video-preview:-1\" \/>\n<link rel=\"canonical\" href=\"https:\/\/mrnews.com.br\/index.php\/2026\/09\/02\/itau-prepara-novo-cartao-personnalite-the-essential-essa-semana-veja-o-que-ja-se-sabe-antes-do-anuncio\/\" \/>\n<meta property=\"og:locale\" content=\"pt_BR\" \/>\n<meta property=\"og:type\" content=\"article\" \/>\n<meta property=\"og:title\" content=\"Ita\u00fa prepara novo cart\u00e3o Personnalit\u00e9 The Essential essa semana; veja o que j\u00e1 se sabe antes do an\u00fancio\" \/>\n<meta property=\"og:description\" content=\"Novo cart\u00e3o deve ocupar espa\u00e7o entre o Personnalit\u00e9 Black e o The One, com benef\u00edcios que podem variar de acordo com o relacionamento do cliente com o banco O Ita\u00fa Personnalit\u00e9 est\u00e1 prestes a ganhar um novo integrante em sua linha de cart\u00f5es premium. O The Essential vem chamando aten\u00e7\u00e3o justamente por ocupar uma posi\u00e7\u00e3o &hellip;\" \/>\n<meta property=\"og:url\" content=\"https:\/\/mrnews.com.br\/index.php\/2026\/09\/02\/itau-prepara-novo-cartao-personnalite-the-essential-essa-semana-veja-o-que-ja-se-sabe-antes-do-anuncio\/\" \/>\n<meta property=\"og:site_name\" content=\"MRNews\" \/>\n<meta property=\"article:publisher\" content=\"https:\/\/www.facebook.com\/eaipahpah\/?locale2=pt_BR\" \/>\n<meta property=\"article:published_time\" content=\"2026-09-02T23:34:55+00:00\" \/>\n<meta property=\"og:image\" content=\"https:\/\/mrnews.com.br\/wp-content\/uploads\/2026\/08\/the-essentials.png\" \/>\n\t<meta property=\"og:image:width\" content=\"1536\" \/>\n\t<meta property=\"og:image:height\" content=\"1024\" \/>\n\t<meta property=\"og:image:type\" content=\"image\/png\" \/>\n<meta name=\"author\" content=\"MR News\" \/>\n<meta name=\"twitter:card\" content=\"summary_large_image\" \/>\n<meta name=\"twitter:creator\" content=\"@conspirou\" \/>\n<meta name=\"twitter:site\" content=\"@conspirou\" \/>\n<meta name=\"twitter:label1\" content=\"Escrito por\" \/>\n\t<meta name=\"twitter:data1\" content=\"MR News\" \/>\n\t<meta name=\"twitter:label2\" content=\"Est. tempo de leitura\" \/>\n\t<meta name=\"twitter:data2\" content=\"8 minutos\" \/>\n<script type=\"application\/ld+json\" class=\"yoast-schema-graph\">{\"@context\":\"https:\\\/\\\/schema.org\",\"@graph\":[{\"@type\":\"Article\",\"@id\":\"https:\\\/\\\/mrnews.com.br\\\/index.php\\\/2026\\\/09\\\/02\\\/itau-prepara-novo-cartao-personnalite-the-essential-essa-semana-veja-o-que-ja-se-sabe-antes-do-anuncio\\\/#article\",\"isPartOf\":{\"@id\":\"https:\\\/\\\/mrnews.com.br\\\/index.php\\\/2026\\\/09\\\/02\\\/itau-prepara-novo-cartao-personnalite-the-essential-essa-semana-veja-o-que-ja-se-sabe-antes-do-anuncio\\\/\"},\"author\":{\"name\":\"MR News\",\"@id\":\"https:\\\/\\\/mrnews.com.br\\\/#\\\/schema\\\/person\\\/be3203154562a9f207407861cef7827b\"},\"headline\":\"Ita\u00fa prepara novo cart\u00e3o Personnalit\u00e9 The Essential essa semana; veja o que j\u00e1 se sabe antes do an\u00fancio\",\"datePublished\":\"2026-09-02T23:34:55+00:00\",\"mainEntityOfPage\":{\"@id\":\"https:\\\/\\\/mrnews.com.br\\\/index.php\\\/2026\\\/09\\\/02\\\/itau-prepara-novo-cartao-personnalite-the-essential-essa-semana-veja-o-que-ja-se-sabe-antes-do-anuncio\\\/\"},\"wordCount\":1605,\"commentCount\":0,\"publisher\":{\"@id\":\"https:\\\/\\\/mrnews.com.br\\\/#organization\"},\"image\":{\"@id\":\"https:\\\/\\\/mrnews.com.br\\\/index.php\\\/2026\\\/09\\\/02\\\/itau-prepara-novo-cartao-personnalite-the-essential-essa-semana-veja-o-que-ja-se-sabe-antes-do-anuncio\\\/#primaryimage\"},\"thumbnailUrl\":\"https:\\\/\\\/mrnews.com.br\\\/wp-content\\\/uploads\\\/2026\\\/08\\\/the-essentials.png\",\"articleSection\":[\"Bancos e Finan\u00e7as\"],\"inLanguage\":\"pt-BR\",\"potentialAction\":[{\"@type\":\"CommentAction\",\"name\":\"Comment\",\"target\":[\"https:\\\/\\\/mrnews.com.br\\\/index.php\\\/2026\\\/09\\\/02\\\/itau-prepara-novo-cartao-personnalite-the-essential-essa-semana-veja-o-que-ja-se-sabe-antes-do-anuncio\\\/#respond\"]}]},{\"@type\":\"WebPage\",\"@id\":\"https:\\\/\\\/mrnews.com.br\\\/index.php\\\/2026\\\/09\\\/02\\\/itau-prepara-novo-cartao-personnalite-the-essential-essa-semana-veja-o-que-ja-se-sabe-antes-do-anuncio\\\/\",\"url\":\"https:\\\/\\\/mrnews.com.br\\\/index.php\\\/2026\\\/09\\\/02\\\/itau-prepara-novo-cartao-personnalite-the-essential-essa-semana-veja-o-que-ja-se-sabe-antes-do-anuncio\\\/\",\"name\":\"Ita\u00fa prepara novo cart\u00e3o Personnalit\u00e9 The Essential essa semana; veja o que j\u00e1 se sabe antes do an\u00fancio\",\"isPartOf\":{\"@id\":\"https:\\\/\\\/mrnews.com.br\\\/#website\"},\"primaryImageOfPage\":{\"@id\":\"https:\\\/\\\/mrnews.com.br\\\/index.php\\\/2026\\\/09\\\/02\\\/itau-prepara-novo-cartao-personnalite-the-essential-essa-semana-veja-o-que-ja-se-sabe-antes-do-anuncio\\\/#primaryimage\"},\"image\":{\"@id\":\"https:\\\/\\\/mrnews.com.br\\\/index.php\\\/2026\\\/09\\\/02\\\/itau-prepara-novo-cartao-personnalite-the-essential-essa-semana-veja-o-que-ja-se-sabe-antes-do-anuncio\\\/#primaryimage\"},\"thumbnailUrl\":\"https:\\\/\\\/mrnews.com.br\\\/wp-content\\\/uploads\\\/2026\\\/08\\\/the-essentials.png\",\"datePublished\":\"2026-09-02T23:34:55+00:00\",\"breadcrumb\":{\"@id\":\"https:\\\/\\\/mrnews.com.br\\\/index.php\\\/2026\\\/09\\\/02\\\/itau-prepara-novo-cartao-personnalite-the-essential-essa-semana-veja-o-que-ja-se-sabe-antes-do-anuncio\\\/#breadcrumb\"},\"inLanguage\":\"pt-BR\",\"potentialAction\":[{\"@type\":\"ReadAction\",\"target\":[\"https:\\\/\\\/mrnews.com.br\\\/index.php\\\/2026\\\/09\\\/02\\\/itau-prepara-novo-cartao-personnalite-the-essential-essa-semana-veja-o-que-ja-se-sabe-antes-do-anuncio\\\/\"]}]},{\"@type\":\"ImageObject\",\"inLanguage\":\"pt-BR\",\"@id\":\"https:\\\/\\\/mrnews.com.br\\\/index.php\\\/2026\\\/09\\\/02\\\/itau-prepara-novo-cartao-personnalite-the-essential-essa-semana-veja-o-que-ja-se-sabe-antes-do-anuncio\\\/#primaryimage\",\"url\":\"https:\\\/\\\/mrnews.com.br\\\/wp-content\\\/uploads\\\/2026\\\/08\\\/the-essentials.png\",\"contentUrl\":\"https:\\\/\\\/mrnews.com.br\\\/wp-content\\\/uploads\\\/2026\\\/08\\\/the-essentials.png\",\"width\":1536,\"height\":1024,\"caption\":\"the essentials viagemblack\"},{\"@type\":\"BreadcrumbList\",\"@id\":\"https:\\\/\\\/mrnews.com.br\\\/index.php\\\/2026\\\/09\\\/02\\\/itau-prepara-novo-cartao-personnalite-the-essential-essa-semana-veja-o-que-ja-se-sabe-antes-do-anuncio\\\/#breadcrumb\",\"itemListElement\":[{\"@type\":\"ListItem\",\"position\":1,\"name\":\"In\u00edcio\",\"item\":\"https:\\\/\\\/mrnews.com.br\\\/\"},{\"@type\":\"ListItem\",\"position\":2,\"name\":\"Ita\u00fa prepara novo cart\u00e3o Personnalit\u00e9 The Essential essa semana; veja o que j\u00e1 se sabe antes do an\u00fancio\"}]},{\"@type\":\"WebSite\",\"@id\":\"https:\\\/\\\/mrnews.com.br\\\/#website\",\"url\":\"https:\\\/\\\/mrnews.com.br\\\/\",\"name\":\"MRNews\",\"description\":\"MRNews Jogos de hoje da TV, transmiss\u00f5es ao vivo, Not\u00edcias de futebol, Jogos ao vivo, Lives, resumo de novelas, Programa\u00e7\u00e3o da Globo, A Fazenda e BBB\",\"publisher\":{\"@id\":\"https:\\\/\\\/mrnews.com.br\\\/#organization\"},\"potentialAction\":[{\"@type\":\"SearchAction\",\"target\":{\"@type\":\"EntryPoint\",\"urlTemplate\":\"https:\\\/\\\/mrnews.com.br\\\/?s={search_term_string}\"},\"query-input\":{\"@type\":\"PropertyValueSpecification\",\"valueRequired\":true,\"valueName\":\"search_term_string\"}}],\"inLanguage\":\"pt-BR\"},{\"@type\":\"Organization\",\"@id\":\"https:\\\/\\\/mrnews.com.br\\\/#organization\",\"name\":\"MRNews\",\"url\":\"https:\\\/\\\/mrnews.com.br\\\/\",\"logo\":{\"@type\":\"ImageObject\",\"inLanguage\":\"pt-BR\",\"@id\":\"https:\\\/\\\/mrnews.com.br\\\/#\\\/schema\\\/logo\\\/image\\\/\",\"url\":\"https:\\\/\\\/mrnews.com.br\\\/wp-content\\\/uploads\\\/2026\\\/08\\\/MRNEws.png\",\"contentUrl\":\"https:\\\/\\\/mrnews.com.br\\\/wp-content\\\/uploads\\\/2026\\\/08\\\/MRNEws.png\",\"width\":1254,\"height\":1254,\"caption\":\"MRNews\"},\"image\":{\"@id\":\"https:\\\/\\\/mrnews.com.br\\\/#\\\/schema\\\/logo\\\/image\\\/\"},\"sameAs\":[\"https:\\\/\\\/www.facebook.com\\\/eaipahpah\\\/?locale2=pt_BR\",\"https:\\\/\\\/x.com\\\/conspirou\",\"https:\\\/\\\/www.instagram.com\\\/eai_pahpah\",\"https:\\\/\\\/br.pinterest.com\\\/mrnewsn\\\/boards\\\/\",\"https:\\\/\\\/www.youtube.com\\\/channel\\\/UCacgnpznQ61fifLWr1tQ-vA?view_as=subscriber\"]},{\"@type\":\"Person\",\"@id\":\"https:\\\/\\\/mrnews.com.br\\\/#\\\/schema\\\/person\\\/be3203154562a9f207407861cef7827b\",\"name\":\"MR News\",\"image\":{\"@type\":\"ImageObject\",\"inLanguage\":\"pt-BR\",\"@id\":\"https:\\\/\\\/secure.gravatar.com\\\/avatar\\\/04084e6d73c042b8646e7c17b494073bf0ede3ea13c7105cfc45cbbbc28385a4?s=96&d=monsterid&r=g\",\"url\":\"https:\\\/\\\/secure.gravatar.com\\\/avatar\\\/04084e6d73c042b8646e7c17b494073bf0ede3ea13c7105cfc45cbbbc28385a4?s=96&d=monsterid&r=g\",\"contentUrl\":\"https:\\\/\\\/secure.gravatar.com\\\/avatar\\\/04084e6d73c042b8646e7c17b494073bf0ede3ea13c7105cfc45cbbbc28385a4?s=96&d=monsterid&r=g\",\"caption\":\"MR News\"},\"description\":\"Especializado em jornalismo colaborativo pela FTP em n\u00edvel de p\u00f3s-gradua\u00e7\u00e3o. suporte@oimeliga.combr\",\"sameAs\":[\"HUGO R.\",\"Admin\"],\"url\":\"https:\\\/\\\/mrnews.com.br\\\/index.php\\\/author\\\/admin\\\/\"}]}<\/script>\n<!-- \/ Yoast SEO plugin. -->","yoast_head_json":{"title":"Ita\u00fa prepara novo cart\u00e3o Personnalit\u00e9 The Essential essa semana; veja o que j\u00e1 se sabe antes do an\u00fancio","robots":{"index":"index","follow":"follow","max-snippet":"max-snippet:-1","max-image-preview":"max-image-preview:large","max-video-preview":"max-video-preview:-1"},"canonical":"https:\/\/mrnews.com.br\/index.php\/2026\/09\/02\/itau-prepara-novo-cartao-personnalite-the-essential-essa-semana-veja-o-que-ja-se-sabe-antes-do-anuncio\/","og_locale":"pt_BR","og_type":"article","og_title":"Ita\u00fa prepara novo cart\u00e3o Personnalit\u00e9 The Essential essa semana; veja o que j\u00e1 se sabe antes do an\u00fancio","og_description":"Novo cart\u00e3o deve ocupar espa\u00e7o entre o Personnalit\u00e9 Black e o The One, com benef\u00edcios que podem variar de acordo com o relacionamento do cliente com o banco O Ita\u00fa Personnalit\u00e9 est\u00e1 prestes a ganhar um novo integrante em sua linha de cart\u00f5es premium. O The Essential vem chamando aten\u00e7\u00e3o justamente por ocupar uma posi\u00e7\u00e3o &hellip;","og_url":"https:\/\/mrnews.com.br\/index.php\/2026\/09\/02\/itau-prepara-novo-cartao-personnalite-the-essential-essa-semana-veja-o-que-ja-se-sabe-antes-do-anuncio\/","og_site_name":"MRNews","article_publisher":"https:\/\/www.facebook.com\/eaipahpah\/?locale2=pt_BR","article_published_time":"2026-09-02T23:34:55+00:00","og_image":[{"width":1536,"height":1024,"url":"https:\/\/mrnews.com.br\/wp-content\/uploads\/2026\/08\/the-essentials.png","type":"image\/png"}],"author":"MR News","twitter_card":"summary_large_image","twitter_creator":"@conspirou","twitter_site":"@conspirou","twitter_misc":{"Escrito por":"MR News","Est. tempo de leitura":"8 minutos"},"schema":{"@context":"https:\/\/schema.org","@graph":[{"@type":"Article","@id":"https:\/\/mrnews.com.br\/index.php\/2026\/09\/02\/itau-prepara-novo-cartao-personnalite-the-essential-essa-semana-veja-o-que-ja-se-sabe-antes-do-anuncio\/#article","isPartOf":{"@id":"https:\/\/mrnews.com.br\/index.php\/2026\/09\/02\/itau-prepara-novo-cartao-personnalite-the-essential-essa-semana-veja-o-que-ja-se-sabe-antes-do-anuncio\/"},"author":{"name":"MR News","@id":"https:\/\/mrnews.com.br\/#\/schema\/person\/be3203154562a9f207407861cef7827b"},"headline":"Ita\u00fa prepara novo cart\u00e3o Personnalit\u00e9 The Essential essa semana; veja o que j\u00e1 se sabe antes do an\u00fancio","datePublished":"2026-09-02T23:34:55+00:00","mainEntityOfPage":{"@id":"https:\/\/mrnews.com.br\/index.php\/2026\/09\/02\/itau-prepara-novo-cartao-personnalite-the-essential-essa-semana-veja-o-que-ja-se-sabe-antes-do-anuncio\/"},"wordCount":1605,"commentCount":0,"publisher":{"@id":"https:\/\/mrnews.com.br\/#organization"},"image":{"@id":"https:\/\/mrnews.com.br\/index.php\/2026\/09\/02\/itau-prepara-novo-cartao-personnalite-the-essential-essa-semana-veja-o-que-ja-se-sabe-antes-do-anuncio\/#primaryimage"},"thumbnailUrl":"https:\/\/mrnews.com.br\/wp-content\/uploads\/2026\/08\/the-essentials.png","articleSection":["Bancos e Finan\u00e7as"],"inLanguage":"pt-BR","potentialAction":[{"@type":"CommentAction","name":"Comment","target":["https:\/\/mrnews.com.br\/index.php\/2026\/09\/02\/itau-prepara-novo-cartao-personnalite-the-essential-essa-semana-veja-o-que-ja-se-sabe-antes-do-anuncio\/#respond"]}]},{"@type":"WebPage","@id":"https:\/\/mrnews.com.br\/index.php\/2026\/09\/02\/itau-prepara-novo-cartao-personnalite-the-essential-essa-semana-veja-o-que-ja-se-sabe-antes-do-anuncio\/","url":"https:\/\/mrnews.com.br\/index.php\/2026\/09\/02\/itau-prepara-novo-cartao-personnalite-the-essential-essa-semana-veja-o-que-ja-se-sabe-antes-do-anuncio\/","name":"Ita\u00fa prepara novo cart\u00e3o Personnalit\u00e9 The Essential essa semana; veja o que j\u00e1 se sabe antes do an\u00fancio","isPartOf":{"@id":"https:\/\/mrnews.com.br\/#website"},"primaryImageOfPage":{"@id":"https:\/\/mrnews.com.br\/index.php\/2026\/09\/02\/itau-prepara-novo-cartao-personnalite-the-essential-essa-semana-veja-o-que-ja-se-sabe-antes-do-anuncio\/#primaryimage"},"image":{"@id":"https:\/\/mrnews.com.br\/index.php\/2026\/09\/02\/itau-prepara-novo-cartao-personnalite-the-essential-essa-semana-veja-o-que-ja-se-sabe-antes-do-anuncio\/#primaryimage"},"thumbnailUrl":"https:\/\/mrnews.com.br\/wp-content\/uploads\/2026\/08\/the-essentials.png","datePublished":"2026-09-02T23:34:55+00:00","breadcrumb":{"@id":"https:\/\/mrnews.com.br\/index.php\/2026\/09\/02\/itau-prepara-novo-cartao-personnalite-the-essential-essa-semana-veja-o-que-ja-se-sabe-antes-do-anuncio\/#breadcrumb"},"inLanguage":"pt-BR","potentialAction":[{"@type":"ReadAction","target":["https:\/\/mrnews.com.br\/index.php\/2026\/09\/02\/itau-prepara-novo-cartao-personnalite-the-essential-essa-semana-veja-o-que-ja-se-sabe-antes-do-anuncio\/"]}]},{"@type":"ImageObject","inLanguage":"pt-BR","@id":"https:\/\/mrnews.com.br\/index.php\/2026\/09\/02\/itau-prepara-novo-cartao-personnalite-the-essential-essa-semana-veja-o-que-ja-se-sabe-antes-do-anuncio\/#primaryimage","url":"https:\/\/mrnews.com.br\/wp-content\/uploads\/2026\/08\/the-essentials.png","contentUrl":"https:\/\/mrnews.com.br\/wp-content\/uploads\/2026\/08\/the-essentials.png","width":1536,"height":1024,"caption":"the essentials viagemblack"},{"@type":"BreadcrumbList","@id":"https:\/\/mrnews.com.br\/index.php\/2026\/09\/02\/itau-prepara-novo-cartao-personnalite-the-essential-essa-semana-veja-o-que-ja-se-sabe-antes-do-anuncio\/#breadcrumb","itemListElement":[{"@type":"ListItem","position":1,"name":"In\u00edcio","item":"https:\/\/mrnews.com.br\/"},{"@type":"ListItem","position":2,"name":"Ita\u00fa prepara novo cart\u00e3o Personnalit\u00e9 The Essential essa semana; veja o que j\u00e1 se sabe antes do an\u00fancio"}]},{"@type":"WebSite","@id":"https:\/\/mrnews.com.br\/#website","url":"https:\/\/mrnews.com.br\/","name":"MRNews","description":"MRNews Jogos de hoje da TV, transmiss\u00f5es ao vivo, Not\u00edcias de futebol, Jogos ao vivo, Lives, resumo de novelas, Programa\u00e7\u00e3o da Globo, A Fazenda e BBB","publisher":{"@id":"https:\/\/mrnews.com.br\/#organization"},"potentialAction":[{"@type":"SearchAction","target":{"@type":"EntryPoint","urlTemplate":"https:\/\/mrnews.com.br\/?s={search_term_string}"},"query-input":{"@type":"PropertyValueSpecification","valueRequired":true,"valueName":"search_term_string"}}],"inLanguage":"pt-BR"},{"@type":"Organization","@id":"https:\/\/mrnews.com.br\/#organization","name":"MRNews","url":"https:\/\/mrnews.com.br\/","logo":{"@type":"ImageObject","inLanguage":"pt-BR","@id":"https:\/\/mrnews.com.br\/#\/schema\/logo\/image\/","url":"https:\/\/mrnews.com.br\/wp-content\/uploads\/2026\/08\/MRNEws.png","contentUrl":"https:\/\/mrnews.com.br\/wp-content\/uploads\/2026\/08\/MRNEws.png","width":1254,"height":1254,"caption":"MRNews"},"image":{"@id":"https:\/\/mrnews.com.br\/#\/schema\/logo\/image\/"},"sameAs":["https:\/\/www.facebook.com\/eaipahpah\/?locale2=pt_BR","https:\/\/x.com\/conspirou","https:\/\/www.instagram.com\/eai_pahpah","https:\/\/br.pinterest.com\/mrnewsn\/boards\/","https:\/\/www.youtube.com\/channel\/UCacgnpznQ61fifLWr1tQ-vA?view_as=subscriber"]},{"@type":"Person","@id":"https:\/\/mrnews.com.br\/#\/schema\/person\/be3203154562a9f207407861cef7827b","name":"MR News","image":{"@type":"ImageObject","inLanguage":"pt-BR","@id":"https:\/\/secure.gravatar.com\/avatar\/04084e6d73c042b8646e7c17b494073bf0ede3ea13c7105cfc45cbbbc28385a4?s=96&d=monsterid&r=g","url":"https:\/\/secure.gravatar.com\/avatar\/04084e6d73c042b8646e7c17b494073bf0ede3ea13c7105cfc45cbbbc28385a4?s=96&d=monsterid&r=g","contentUrl":"https:\/\/secure.gravatar.com\/avatar\/04084e6d73c042b8646e7c17b494073bf0ede3ea13c7105cfc45cbbbc28385a4?s=96&d=monsterid&r=g","caption":"MR News"},"description":"Especializado em jornalismo colaborativo pela FTP em n\u00edvel de p\u00f3s-gradua\u00e7\u00e3o. suporte@oimeliga.combr","sameAs":["HUGO R.","Admin"],"url":"https:\/\/mrnews.com.br\/index.php\/author\/admin\/"}]}},"jetpack_sharing_enabled":true,"jetpack_shortlink":"https:\/\/wp.me\/pa2Qf7-1Xfw","amp_enabled":true,"jetpack_featured_media_url":"https:\/\/mrnews.com.br\/wp-content\/uploads\/2026\/08\/the-essentials.png","_links":{"self":[{"href":"https:\/\/mrnews.com.br\/index.php\/wp-json\/wp\/v2\/posts\/466086","targetHints":{"allow":["GET"]}}],"collection":[{"href":"https:\/\/mrnews.com.br\/index.php\/wp-json\/wp\/v2\/posts"}],"about":[{"href":"https:\/\/mrnews.com.br\/index.php\/wp-json\/wp\/v2\/types\/post"}],"author":[{"embeddable":true,"href":"https:\/\/mrnews.com.br\/index.php\/wp-json\/wp\/v2\/users\/1"}],"replies":[{"embeddable":true,"href":"https:\/\/mrnews.com.br\/index.php\/wp-json\/wp\/v2\/comments?post=466086"}],"version-history":[{"count":1,"href":"https:\/\/mrnews.com.br\/index.php\/wp-json\/wp\/v2\/posts\/466086\/revisions"}],"predecessor-version":[{"id":466087,"href":"https:\/\/mrnews.com.br\/index.php\/wp-json\/wp\/v2\/posts\/466086\/revisions\/466087"}],"wp:featuredmedia":[{"embeddable":true,"href":"https:\/\/mrnews.com.br\/index.php\/wp-json\/wp\/v2\/media\/465297"}],"wp:attachment":[{"href":"https:\/\/mrnews.com.br\/index.php\/wp-json\/wp\/v2\/media?parent=466086"}],"wp:term":[{"taxonomy":"category","embeddable":true,"href":"https:\/\/mrnews.com.br\/index.php\/wp-json\/wp\/v2\/categories?post=466086"},{"taxonomy":"post_tag","embeddable":true,"href":"https:\/\/mrnews.com.br\/index.php\/wp-json\/wp\/v2\/tags?post=466086"}],"curies":[{"name":"wp","href":"https:\/\/api.w.org\/{rel}","templated":true}]}}