{"id":466088,"date":"2026-09-02T21:01:27","date_gmt":"2026-09-03T00:01:27","guid":{"rendered":"https:\/\/mrnews.com.br\/index.php\/2026\/09\/02\/discord-tera-dez-dias-para-apresentar-proposta-de-protecao-a-usuarios\/"},"modified":"2026-09-02T21:01:27","modified_gmt":"2026-09-03T00:01:27","slug":"discord-tera-dez-dias-para-apresentar-proposta-de-protecao-a-usuarios","status":"publish","type":"post","link":"https:\/\/mrnews.com.br\/index.php\/2026\/09\/02\/discord-tera-dez-dias-para-apresentar-proposta-de-protecao-a-usuarios\/","title":{"rendered":"Discord ter\u00e1 dez dias para apresentar proposta de prote\u00e7\u00e3o a usu\u00e1rios"},"content":{"rendered":"<p>Por EBC, <\/p>\n<div>\n<p><strong>A Justi\u00e7a Federal no Distrito Federal concedeu nesta quarta-feira (2) prazo de dez dias para a plataforma Discord apresentar uma proposta de concilia\u00e7\u00e3o na a\u00e7\u00e3o na qual o governo federal pede que a empresa efetive medidas para proteger mulheres, crian\u00e7as e adolescentes na internet.<\/strong><\/p>\n<p>O prazo foi solicitado pela plataforma durante a primeira audi\u00eancia do caso, que tamb\u00e9m envolveu representantes da Advocacia-Geral da Uni\u00e3o (AGU) e do Minist\u00e9rio P\u00fablico Federal (MPF).<\/p>\n<p><strong>O Discord pretende apresentar um protocolo para receber notifica\u00e7\u00f5es sobre casos de sextors\u00e3o na plataforma, mecanismo de detec\u00e7\u00e3o e modera\u00e7\u00e3o de conte\u00fados sobre maus-tratos e crueldade contra animais, al\u00e9m de medidas para preservar dados de usu\u00e1rios para assegurar eventual requisi\u00e7\u00e3o por investiga\u00e7\u00f5es.<\/strong><\/p>\n<p>Antes de protocolar a a\u00e7\u00e3o na Justi\u00e7a, o governo federal tentou fechar acordo com a plataforma para que as falhas fossem corrigidas.<\/p>\n<p>Contudo, a AGU informou que as medidas apresentadas anteriormente pela empresa foram consideradas insuficientes para eliminar as falhas apresentadas e protocolou a a\u00e7\u00e3o na Justi\u00e7a.\u00a0<\/p>\n<p>O Discord passou a ser cobrado pelo governo ap\u00f3s repercuss\u00e3o do caso de uma adolescente que foi induzida a tirar a pr\u00f3pria vida durante uma live transmitida pela plataforma. O epis\u00f3dio ocorreu em julho.\u00a0<\/p>\n<p>      <!-- Relacionada --><\/p>\n<p>            <!-- Relacionada -->\n    <\/div>\n","protected":false},"excerpt":{"rendered":"<p>Por EBC, A Justi\u00e7a Federal no Distrito Federal concedeu nesta quarta-feira (2) prazo de dez dias para a plataforma Discord apresentar uma proposta de concilia\u00e7\u00e3o na a\u00e7\u00e3o na qual o governo federal pede que a empresa efetive medidas para proteger mulheres, crian\u00e7as e adolescentes na internet. O prazo foi solicitado pela plataforma durante a primeira &hellip;<\/p>\n","protected":false},"author":39,"featured_media":0,"comment_status":"open","ping_status":"open","sticky":false,"template":"","format":"standard","meta":{"_jetpack_newsletter_access":"","_jetpack_dont_email_post_to_subs":false,"_jetpack_newsletter_tier_id":0,"_jetpack_memberships_contains_paywalled_content":false,"_jetpack_feature_clip_id":0,"_jetpack_memberships_contains_paid_content":false,"footnotes":"","jetpack_post_was_ever_published":false},"categories":[4],"tags":[],"class_list":["post-466088","post","type-post","status-publish","format-standard","hentry","category-servicos"],"yoast_head":"<!-- This site is optimized with the Yoast SEO plugin v28.4 - https:\/\/yoast.com\/product\/yoast-seo-wordpress\/ -->\n<title>Discord ter\u00e1 dez dias para apresentar proposta de prote\u00e7\u00e3o a usu\u00e1rios<\/title>\n<meta name=\"robots\" content=\"index, follow, max-snippet:-1, max-image-preview:large, max-video-preview:-1\" \/>\n<link rel=\"canonical\" href=\"https:\/\/agenciabrasil.ebc.com.br\/justica\/noticia\/2026-09\/discord-tera-dez-dias-para-apresentar-proposta-de-protecao-usuarios\" \/>\n<meta property=\"og:locale\" content=\"pt_BR\" \/>\n<meta property=\"og:type\" content=\"article\" \/>\n<meta property=\"og:title\" content=\"Discord ter\u00e1 dez dias para apresentar proposta de prote\u00e7\u00e3o a usu\u00e1rios\" \/>\n<meta property=\"og:description\" content=\"Por EBC, A Justi\u00e7a Federal no Distrito Federal concedeu nesta quarta-feira (2) prazo de dez dias para a plataforma Discord apresentar uma proposta de concilia\u00e7\u00e3o na a\u00e7\u00e3o na qual o governo federal pede que a empresa efetive medidas para proteger mulheres, crian\u00e7as e adolescentes na internet. O prazo foi solicitado pela plataforma durante a primeira &hellip;\" \/>\n<meta property=\"og:url\" content=\"https:\/\/agenciabrasil.ebc.com.br\/justica\/noticia\/2026-09\/discord-tera-dez-dias-para-apresentar-proposta-de-protecao-usuarios\" \/>\n<meta property=\"og:site_name\" content=\"MRNews\" \/>\n<meta property=\"article:publisher\" content=\"https:\/\/www.facebook.com\/eaipahpah\/?locale2=pt_BR\" \/>\n<meta property=\"article:published_time\" content=\"2026-09-03T00:01:27+00:00\" \/>\n<meta name=\"author\" content=\"Fernando Corraa\" \/>\n<meta name=\"twitter:card\" content=\"summary_large_image\" \/>\n<meta name=\"twitter:creator\" content=\"@conspirou\" \/>\n<meta name=\"twitter:site\" content=\"@conspirou\" \/>\n<meta name=\"twitter:label1\" content=\"Escrito por\" \/>\n\t<meta name=\"twitter:data1\" content=\"Fernando Corraa\" \/>\n\t<meta name=\"twitter:label2\" content=\"Est. tempo de leitura\" \/>\n\t<meta name=\"twitter:data2\" content=\"1 minuto\" \/>\n<script type=\"application\/ld+json\" class=\"yoast-schema-graph\">{\"@context\":\"https:\\\/\\\/schema.org\",\"@graph\":[{\"@type\":\"Article\",\"@id\":\"https:\\\/\\\/agenciabrasil.ebc.com.br\\\/justica\\\/noticia\\\/2026-09\\\/discord-tera-dez-dias-para-apresentar-proposta-de-protecao-usuarios#article\",\"isPartOf\":{\"@id\":\"https:\\\/\\\/mrnews.com.br\\\/index.php\\\/2026\\\/09\\\/02\\\/discord-tera-dez-dias-para-apresentar-proposta-de-protecao-a-usuarios\\\/\"},\"author\":{\"name\":\"Fernando Corraa\",\"@id\":\"https:\\\/\\\/mrnews.com.br\\\/#\\\/schema\\\/person\\\/2f073f2d87903a2ff9a065e41bbf17d4\"},\"headline\":\"Discord ter\u00e1 dez dias para apresentar proposta de prote\u00e7\u00e3o a usu\u00e1rios\",\"datePublished\":\"2026-09-03T00:01:27+00:00\",\"mainEntityOfPage\":{\"@id\":\"https:\\\/\\\/mrnews.com.br\\\/index.php\\\/2026\\\/09\\\/02\\\/discord-tera-dez-dias-para-apresentar-proposta-de-protecao-a-usuarios\\\/\"},\"wordCount\":234,\"commentCount\":0,\"publisher\":{\"@id\":\"https:\\\/\\\/mrnews.com.br\\\/#organization\"},\"articleSection\":[\"SERVI\u00c7OS\"],\"inLanguage\":\"pt-BR\",\"potentialAction\":[{\"@type\":\"CommentAction\",\"name\":\"Comment\",\"target\":[\"https:\\\/\\\/agenciabrasil.ebc.com.br\\\/justica\\\/noticia\\\/2026-09\\\/discord-tera-dez-dias-para-apresentar-proposta-de-protecao-usuarios#respond\"]}]},{\"@type\":\"WebPage\",\"@id\":\"https:\\\/\\\/mrnews.com.br\\\/index.php\\\/2026\\\/09\\\/02\\\/discord-tera-dez-dias-para-apresentar-proposta-de-protecao-a-usuarios\\\/\",\"url\":\"https:\\\/\\\/agenciabrasil.ebc.com.br\\\/justica\\\/noticia\\\/2026-09\\\/discord-tera-dez-dias-para-apresentar-proposta-de-protecao-usuarios\",\"name\":\"Discord ter\u00e1 dez dias para apresentar proposta de prote\u00e7\u00e3o a usu\u00e1rios\",\"isPartOf\":{\"@id\":\"https:\\\/\\\/mrnews.com.br\\\/#website\"},\"datePublished\":\"2026-09-03T00:01:27+00:00\",\"breadcrumb\":{\"@id\":\"https:\\\/\\\/agenciabrasil.ebc.com.br\\\/justica\\\/noticia\\\/2026-09\\\/discord-tera-dez-dias-para-apresentar-proposta-de-protecao-usuarios#breadcrumb\"},\"inLanguage\":\"pt-BR\",\"potentialAction\":[{\"@type\":\"ReadAction\",\"target\":[\"https:\\\/\\\/agenciabrasil.ebc.com.br\\\/justica\\\/noticia\\\/2026-09\\\/discord-tera-dez-dias-para-apresentar-proposta-de-protecao-usuarios\"]}]},{\"@type\":\"BreadcrumbList\",\"@id\":\"https:\\\/\\\/agenciabrasil.ebc.com.br\\\/justica\\\/noticia\\\/2026-09\\\/discord-tera-dez-dias-para-apresentar-proposta-de-protecao-usuarios#breadcrumb\",\"itemListElement\":[{\"@type\":\"ListItem\",\"position\":1,\"name\":\"In\u00edcio\",\"item\":\"https:\\\/\\\/mrnews.com.br\\\/\"},{\"@type\":\"ListItem\",\"position\":2,\"name\":\"Discord ter\u00e1 dez dias para apresentar proposta de prote\u00e7\u00e3o a usu\u00e1rios\"}]},{\"@type\":\"WebSite\",\"@id\":\"https:\\\/\\\/mrnews.com.br\\\/#website\",\"url\":\"https:\\\/\\\/mrnews.com.br\\\/\",\"name\":\"MRNews\",\"description\":\"MRNews Jogos de hoje da TV, transmiss\u00f5es ao vivo, Not\u00edcias de futebol, Jogos ao vivo, Lives, resumo de novelas, Programa\u00e7\u00e3o da Globo, A Fazenda e BBB\",\"publisher\":{\"@id\":\"https:\\\/\\\/mrnews.com.br\\\/#organization\"},\"potentialAction\":[{\"@type\":\"SearchAction\",\"target\":{\"@type\":\"EntryPoint\",\"urlTemplate\":\"https:\\\/\\\/mrnews.com.br\\\/?s={search_term_string}\"},\"query-input\":{\"@type\":\"PropertyValueSpecification\",\"valueRequired\":true,\"valueName\":\"search_term_string\"}}],\"inLanguage\":\"pt-BR\"},{\"@type\":\"Organization\",\"@id\":\"https:\\\/\\\/mrnews.com.br\\\/#organization\",\"name\":\"MRNews\",\"url\":\"https:\\\/\\\/mrnews.com.br\\\/\",\"logo\":{\"@type\":\"ImageObject\",\"inLanguage\":\"pt-BR\",\"@id\":\"https:\\\/\\\/mrnews.com.br\\\/#\\\/schema\\\/logo\\\/image\\\/\",\"url\":\"https:\\\/\\\/mrnews.com.br\\\/wp-content\\\/uploads\\\/2026\\\/08\\\/MRNEws.png\",\"contentUrl\":\"https:\\\/\\\/mrnews.com.br\\\/wp-content\\\/uploads\\\/2026\\\/08\\\/MRNEws.png\",\"width\":1254,\"height\":1254,\"caption\":\"MRNews\"},\"image\":{\"@id\":\"https:\\\/\\\/mrnews.com.br\\\/#\\\/schema\\\/logo\\\/image\\\/\"},\"sameAs\":[\"https:\\\/\\\/www.facebook.com\\\/eaipahpah\\\/?locale2=pt_BR\",\"https:\\\/\\\/x.com\\\/conspirou\",\"https:\\\/\\\/www.instagram.com\\\/eai_pahpah\",\"https:\\\/\\\/br.pinterest.com\\\/mrnewsn\\\/boards\\\/\",\"https:\\\/\\\/www.youtube.com\\\/channel\\\/UCacgnpznQ61fifLWr1tQ-vA?view_as=subscriber\"]},{\"@type\":\"Person\",\"@id\":\"https:\\\/\\\/mrnews.com.br\\\/#\\\/schema\\\/person\\\/2f073f2d87903a2ff9a065e41bbf17d4\",\"name\":\"Fernando Corraa\",\"image\":{\"@type\":\"ImageObject\",\"inLanguage\":\"pt-BR\",\"@id\":\"https:\\\/\\\/secure.gravatar.com\\\/avatar\\\/9069acb0e588c9f4346ba747284aef18a5faaab575e89e9ccc64e315003f0b82?s=96&d=monsterid&r=g\",\"url\":\"https:\\\/\\\/secure.gravatar.com\\\/avatar\\\/9069acb0e588c9f4346ba747284aef18a5faaab575e89e9ccc64e315003f0b82?s=96&d=monsterid&r=g\",\"contentUrl\":\"https:\\\/\\\/secure.gravatar.com\\\/avatar\\\/9069acb0e588c9f4346ba747284aef18a5faaab575e89e9ccc64e315003f0b82?s=96&d=monsterid&r=g\",\"caption\":\"Fernando Corraa\"},\"url\":\"https:\\\/\\\/mrnews.com.br\\\/index.php\\\/author\\\/fernando-corraa\\\/\"}]}<\/script>\n<!-- \/ Yoast SEO plugin. -->","yoast_head_json":{"title":"Discord ter\u00e1 dez dias para apresentar proposta de prote\u00e7\u00e3o a usu\u00e1rios","robots":{"index":"index","follow":"follow","max-snippet":"max-snippet:-1","max-image-preview":"max-image-preview:large","max-video-preview":"max-video-preview:-1"},"canonical":"https:\/\/agenciabrasil.ebc.com.br\/justica\/noticia\/2026-09\/discord-tera-dez-dias-para-apresentar-proposta-de-protecao-usuarios","og_locale":"pt_BR","og_type":"article","og_title":"Discord ter\u00e1 dez dias para apresentar proposta de prote\u00e7\u00e3o a usu\u00e1rios","og_description":"Por EBC, A Justi\u00e7a Federal no Distrito Federal concedeu nesta quarta-feira (2) prazo de dez dias para a plataforma Discord apresentar uma proposta de concilia\u00e7\u00e3o na a\u00e7\u00e3o na qual o governo federal pede que a empresa efetive medidas para proteger mulheres, crian\u00e7as e adolescentes na internet. O prazo foi solicitado pela plataforma durante a primeira &hellip;","og_url":"https:\/\/agenciabrasil.ebc.com.br\/justica\/noticia\/2026-09\/discord-tera-dez-dias-para-apresentar-proposta-de-protecao-usuarios","og_site_name":"MRNews","article_publisher":"https:\/\/www.facebook.com\/eaipahpah\/?locale2=pt_BR","article_published_time":"2026-09-03T00:01:27+00:00","author":"Fernando Corraa","twitter_card":"summary_large_image","twitter_creator":"@conspirou","twitter_site":"@conspirou","twitter_misc":{"Escrito por":"Fernando Corraa","Est. tempo de leitura":"1 minuto"},"schema":{"@context":"https:\/\/schema.org","@graph":[{"@type":"Article","@id":"https:\/\/agenciabrasil.ebc.com.br\/justica\/noticia\/2026-09\/discord-tera-dez-dias-para-apresentar-proposta-de-protecao-usuarios#article","isPartOf":{"@id":"https:\/\/mrnews.com.br\/index.php\/2026\/09\/02\/discord-tera-dez-dias-para-apresentar-proposta-de-protecao-a-usuarios\/"},"author":{"name":"Fernando Corraa","@id":"https:\/\/mrnews.com.br\/#\/schema\/person\/2f073f2d87903a2ff9a065e41bbf17d4"},"headline":"Discord ter\u00e1 dez dias para apresentar proposta de prote\u00e7\u00e3o a usu\u00e1rios","datePublished":"2026-09-03T00:01:27+00:00","mainEntityOfPage":{"@id":"https:\/\/mrnews.com.br\/index.php\/2026\/09\/02\/discord-tera-dez-dias-para-apresentar-proposta-de-protecao-a-usuarios\/"},"wordCount":234,"commentCount":0,"publisher":{"@id":"https:\/\/mrnews.com.br\/#organization"},"articleSection":["SERVI\u00c7OS"],"inLanguage":"pt-BR","potentialAction":[{"@type":"CommentAction","name":"Comment","target":["https:\/\/agenciabrasil.ebc.com.br\/justica\/noticia\/2026-09\/discord-tera-dez-dias-para-apresentar-proposta-de-protecao-usuarios#respond"]}]},{"@type":"WebPage","@id":"https:\/\/mrnews.com.br\/index.php\/2026\/09\/02\/discord-tera-dez-dias-para-apresentar-proposta-de-protecao-a-usuarios\/","url":"https:\/\/agenciabrasil.ebc.com.br\/justica\/noticia\/2026-09\/discord-tera-dez-dias-para-apresentar-proposta-de-protecao-usuarios","name":"Discord ter\u00e1 dez dias para apresentar proposta de prote\u00e7\u00e3o a usu\u00e1rios","isPartOf":{"@id":"https:\/\/mrnews.com.br\/#website"},"datePublished":"2026-09-03T00:01:27+00:00","breadcrumb":{"@id":"https:\/\/agenciabrasil.ebc.com.br\/justica\/noticia\/2026-09\/discord-tera-dez-dias-para-apresentar-proposta-de-protecao-usuarios#breadcrumb"},"inLanguage":"pt-BR","potentialAction":[{"@type":"ReadAction","target":["https:\/\/agenciabrasil.ebc.com.br\/justica\/noticia\/2026-09\/discord-tera-dez-dias-para-apresentar-proposta-de-protecao-usuarios"]}]},{"@type":"BreadcrumbList","@id":"https:\/\/agenciabrasil.ebc.com.br\/justica\/noticia\/2026-09\/discord-tera-dez-dias-para-apresentar-proposta-de-protecao-usuarios#breadcrumb","itemListElement":[{"@type":"ListItem","position":1,"name":"In\u00edcio","item":"https:\/\/mrnews.com.br\/"},{"@type":"ListItem","position":2,"name":"Discord ter\u00e1 dez dias para apresentar proposta de prote\u00e7\u00e3o a usu\u00e1rios"}]},{"@type":"WebSite","@id":"https:\/\/mrnews.com.br\/#website","url":"https:\/\/mrnews.com.br\/","name":"MRNews","description":"MRNews Jogos de hoje da TV, transmiss\u00f5es ao vivo, Not\u00edcias de futebol, Jogos ao vivo, Lives, resumo de novelas, Programa\u00e7\u00e3o da Globo, A Fazenda e BBB","publisher":{"@id":"https:\/\/mrnews.com.br\/#organization"},"potentialAction":[{"@type":"SearchAction","target":{"@type":"EntryPoint","urlTemplate":"https:\/\/mrnews.com.br\/?s={search_term_string}"},"query-input":{"@type":"PropertyValueSpecification","valueRequired":true,"valueName":"search_term_string"}}],"inLanguage":"pt-BR"},{"@type":"Organization","@id":"https:\/\/mrnews.com.br\/#organization","name":"MRNews","url":"https:\/\/mrnews.com.br\/","logo":{"@type":"ImageObject","inLanguage":"pt-BR","@id":"https:\/\/mrnews.com.br\/#\/schema\/logo\/image\/","url":"https:\/\/mrnews.com.br\/wp-content\/uploads\/2026\/08\/MRNEws.png","contentUrl":"https:\/\/mrnews.com.br\/wp-content\/uploads\/2026\/08\/MRNEws.png","width":1254,"height":1254,"caption":"MRNews"},"image":{"@id":"https:\/\/mrnews.com.br\/#\/schema\/logo\/image\/"},"sameAs":["https:\/\/www.facebook.com\/eaipahpah\/?locale2=pt_BR","https:\/\/x.com\/conspirou","https:\/\/www.instagram.com\/eai_pahpah","https:\/\/br.pinterest.com\/mrnewsn\/boards\/","https:\/\/www.youtube.com\/channel\/UCacgnpznQ61fifLWr1tQ-vA?view_as=subscriber"]},{"@type":"Person","@id":"https:\/\/mrnews.com.br\/#\/schema\/person\/2f073f2d87903a2ff9a065e41bbf17d4","name":"Fernando Corraa","image":{"@type":"ImageObject","inLanguage":"pt-BR","@id":"https:\/\/secure.gravatar.com\/avatar\/9069acb0e588c9f4346ba747284aef18a5faaab575e89e9ccc64e315003f0b82?s=96&d=monsterid&r=g","url":"https:\/\/secure.gravatar.com\/avatar\/9069acb0e588c9f4346ba747284aef18a5faaab575e89e9ccc64e315003f0b82?s=96&d=monsterid&r=g","contentUrl":"https:\/\/secure.gravatar.com\/avatar\/9069acb0e588c9f4346ba747284aef18a5faaab575e89e9ccc64e315003f0b82?s=96&d=monsterid&r=g","caption":"Fernando Corraa"},"url":"https:\/\/mrnews.com.br\/index.php\/author\/fernando-corraa\/"}]}},"jetpack_sharing_enabled":true,"jetpack_shortlink":"https:\/\/wp.me\/pa2Qf7-1Xfy","amp_enabled":true,"jetpack_featured_media_url":"","_links":{"self":[{"href":"https:\/\/mrnews.com.br\/index.php\/wp-json\/wp\/v2\/posts\/466088","targetHints":{"allow":["GET"]}}],"collection":[{"href":"https:\/\/mrnews.com.br\/index.php\/wp-json\/wp\/v2\/posts"}],"about":[{"href":"https:\/\/mrnews.com.br\/index.php\/wp-json\/wp\/v2\/types\/post"}],"author":[{"embeddable":true,"href":"https:\/\/mrnews.com.br\/index.php\/wp-json\/wp\/v2\/users\/39"}],"replies":[{"embeddable":true,"href":"https:\/\/mrnews.com.br\/index.php\/wp-json\/wp\/v2\/comments?post=466088"}],"version-history":[{"count":0,"href":"https:\/\/mrnews.com.br\/index.php\/wp-json\/wp\/v2\/posts\/466088\/revisions"}],"wp:attachment":[{"href":"https:\/\/mrnews.com.br\/index.php\/wp-json\/wp\/v2\/media?parent=466088"}],"wp:term":[{"taxonomy":"category","embeddable":true,"href":"https:\/\/mrnews.com.br\/index.php\/wp-json\/wp\/v2\/categories?post=466088"},{"taxonomy":"post_tag","embeddable":true,"href":"https:\/\/mrnews.com.br\/index.php\/wp-json\/wp\/v2\/tags?post=466088"}],"curies":[{"name":"wp","href":"https:\/\/api.w.org\/{rel}","templated":true}]}}